{"id":14792,"date":"2019-09-05T11:37:58","date_gmt":"2019-09-05T11:37:58","guid":{"rendered":"http:\/\/localhost\/site\/228news\/?p=4620"},"modified":"2019-09-05T11:37:58","modified_gmt":"2019-09-05T11:37:58","slug":"les-organisateurs-du-salon-ferin-face-a-la-presse-ce-mercredi-2","status":"publish","type":"post","link":"https:\/\/228news.tg\/index.php\/2019\/09\/05\/les-organisateurs-du-salon-ferin-face-a-la-presse-ce-mercredi-2\/","title":{"rendered":"Les organisateurs du Salon FERIN face \u00e0 la presse ce mercredi"},"content":{"rendered":"\n<p><\/p>\n\n\n\n<p><em><strong>Les\npromoteurs du Salon FERIN ont tenu une conf\u00e9rence de presse ce\nmercredi 4 septembre 2019 \u00e0 Lom\u00e9. \u00c9taient pr\u00e9sents Germain M\u00e9ba,\nPr\u00e9sident de la CCIT et les premiers responsables de l&rsquo;initiative.\nP<\/strong><\/em><em><strong>lac\u00e9\nsous le th\u00e8me  : &lt;&lt;Promouvoir les investissements et faciliter\nles \u00e9changes par le levier de la technologie&gt;&gt;, le salon se\nveut une plateforme collaborative pour promouvoir la facilitation des\n\u00e9changes et encourager les investissements au Togo. Pour une\nmeilleure mobilisation et participation des op\u00e9rateurs \u00e9conomiques\net d&rsquo;autres acteurs, il est important de les informer et de les\nsensibiliser sur l&rsquo;importance des objectifs poursuivis par les\npromoteurs du salon FERIN.<\/strong><\/em><\/p>\n\n\n\n<p>&lt;&lt;L&rsquo;objectif\nau niveau de ce salon, c&rsquo;est de faire du Togo un hub\nd&rsquo;investissements, ce qui veut dire que \u00e7a r\u00e9pond parfaitement au\nPlan National de D\u00e9veloppement&gt;&gt;, a d\u00e9clar\u00e9 Germain M\u00e9ba,\nPr\u00e9sident de la CCIT.<\/p>\n\n\n\n<p>Les\n10 et 11 octobre prochain, se tiendra au Palais des Congr\u00e8s de Lom\u00e9\nle Salon FERIN, un  salon initi\u00e9 par l&rsquo;Association Terreau fertile\nen partenariat avec la Chambre de Commerce et d&rsquo;Industrie du Togo\n(CCIT).\n<\/p>\n\n\n\n<p> Le\nchoix de ce th\u00e8me cette ann\u00e9e, est motiv\u00e9 par la volont\u00e9 de faire\nla promotion des investissements et permettre  aux diff\u00e9rents\nacteurs de comprendre le r\u00f4le crucial que peut jouer la technologie\ncomme tremplin \u00e0 la facilitation des investissements.<\/p>\n\n\n\n<p>Ce\nsalon est ouvert \u00e0 tout le monde et sera l&rsquo;occasion d&rsquo;informer, de\ncommuniquer, de d\u00e9battre et d&rsquo;\u00e9changer des exp\u00e9riences innovantes\net bonnes pratiques pour la promotion des investissements et la\nfacilitation et plus particuli\u00e8rement sur la th\u00e9matique plac\u00e9e au\ncoeur de l&rsquo;\u00e9v\u00e9nement chaque ann\u00e9e. Il sera donc un rendez-vous\nannuel et regroupera les entreprises, investisseurs, repr\u00e9sentnts\nd&rsquo;administrations publiques, op\u00e9rateurs \u00e9conomiques, porteurs de\nprojets, jeunes dipl\u00f4m\u00e9s et divers acteurs cl\u00e9s du d\u00e9veloppement\ndu pays.<\/p>\n\n\n\n<p>Une\nvingtaine de conf\u00e9rences et d&rsquo;ateliers auront lieu au cours des deux\njours dudit salon,simultan\u00e9ment avec une foire des expositions qui\nverra la participation des op\u00e9ratrurs \u00e9conomiques, des startups, de\njeunes entrepreneurs et des partenaires \u00e0 l&rsquo;\u00e9v\u00e9nement.<\/p>\n\n\n\n<p><em><strong>Matthieu\nBIDA<\/strong><\/em><\/p>\n","protected":false},"excerpt":{"rendered":"<p>Les promoteurs du Salon FERIN ont tenu une conf\u00e9rence de presse ce mercredi 4 septembre 2019 \u00e0 Lom\u00e9. \u00c9taient pr\u00e9sents Germain M\u00e9ba, Pr\u00e9sident de la CCIT et les premiers responsables de l&rsquo;initiative. Plac\u00e9 sous le th\u00e8me : &lt;&lt;Promouvoir les investissements et faciliter les \u00e9changes par le levier de la technologie&gt;&gt;, le salon se veut une &#8230; <a title=\"Les organisateurs du Salon FERIN face \u00e0 la presse ce mercredi\" class=\"read-more\" href=\"https:\/\/228news.tg\/index.php\/2019\/09\/05\/les-organisateurs-du-salon-ferin-face-a-la-presse-ce-mercredi-2\/\" aria-label=\"En savoir plus sur Les organisateurs du Salon FERIN face \u00e0 la presse ce mercredi\">Lire la suite<\/a><\/p>\n","protected":false},"author":2,"featured_media":4621,"comment_status":"open","ping_status":"open","sticky":false,"template":"","format":"chat","meta":{"footnotes":""},"categories":[30],"tags":[],"class_list":["post-14792","post","type-post","status-publish","format-chat","has-post-thumbnail","hentry","category-economie","post_format-post-format-chat"],"yoast_head":"<!-- This site is optimized with the Yoast SEO plugin v26.4 - https:\/\/yoast.com\/wordpress\/plugins\/seo\/ -->\n<title>Les organisateurs du Salon FERIN face \u00e0 la presse ce mercredi - 228 News<\/title>\n<meta name=\"robots\" content=\"index, follow, max-snippet:-1, max-image-preview:large, max-video-preview:-1\" \/>\n<link rel=\"canonical\" href=\"https:\/\/228news.tg\/index.php\/2019\/09\/05\/les-organisateurs-du-salon-ferin-face-a-la-presse-ce-mercredi-2\/\" \/>\n<meta property=\"og:locale\" content=\"fr_FR\" \/>\n<meta property=\"og:type\" content=\"article\" \/>\n<meta property=\"og:title\" content=\"Les organisateurs du Salon FERIN face \u00e0 la presse ce mercredi - 228 News\" \/>\n<meta property=\"og:description\" content=\"Les promoteurs du Salon FERIN ont tenu une conf\u00e9rence de presse ce mercredi 4 septembre 2019 \u00e0 Lom\u00e9. \u00c9taient pr\u00e9sents Germain M\u00e9ba, Pr\u00e9sident de la CCIT et les premiers responsables de l&rsquo;initiative. Plac\u00e9 sous le th\u00e8me : &lt;&lt;Promouvoir les investissements et faciliter les \u00e9changes par le levier de la technologie&gt;&gt;, le salon se veut une ... Lire la suite\" \/>\n<meta property=\"og:url\" content=\"https:\/\/228news.tg\/index.php\/2019\/09\/05\/les-organisateurs-du-salon-ferin-face-a-la-presse-ce-mercredi-2\/\" \/>\n<meta property=\"og:site_name\" content=\"228 News\" \/>\n<meta property=\"article:published_time\" content=\"2019-09-05T11:37:58+00:00\" \/>\n<meta name=\"author\" content=\"Bienvenu SAVI\" \/>\n<meta name=\"twitter:card\" content=\"summary_large_image\" \/>\n<meta name=\"twitter:label1\" content=\"\u00c9crit par\" \/>\n\t<meta name=\"twitter:data1\" content=\"Bienvenu SAVI\" \/>\n\t<meta name=\"twitter:label2\" content=\"Dur\u00e9e de lecture estim\u00e9e\" \/>\n\t<meta name=\"twitter:data2\" content=\"2 minutes\" \/>\n<script type=\"application\/ld+json\" class=\"yoast-schema-graph\">{\"@context\":\"https:\/\/schema.org\",\"@graph\":[{\"@type\":\"Article\",\"@id\":\"https:\/\/228news.tg\/index.php\/2019\/09\/05\/les-organisateurs-du-salon-ferin-face-a-la-presse-ce-mercredi-2\/#article\",\"isPartOf\":{\"@id\":\"https:\/\/228news.tg\/index.php\/2019\/09\/05\/les-organisateurs-du-salon-ferin-face-a-la-presse-ce-mercredi-2\/\"},\"author\":{\"name\":\"Bienvenu SAVI\",\"@id\":\"https:\/\/228news.tg\/#\/schema\/person\/68d5a6cc0230290e61235c8379523f52\"},\"headline\":\"Les organisateurs du Salon FERIN face \u00e0 la presse ce mercredi\",\"datePublished\":\"2019-09-05T11:37:58+00:00\",\"mainEntityOfPage\":{\"@id\":\"https:\/\/228news.tg\/index.php\/2019\/09\/05\/les-organisateurs-du-salon-ferin-face-a-la-presse-ce-mercredi-2\/\"},\"wordCount\":385,\"commentCount\":0,\"publisher\":{\"@id\":\"https:\/\/228news.tg\/#organization\"},\"image\":{\"@id\":\"https:\/\/228news.tg\/index.php\/2019\/09\/05\/les-organisateurs-du-salon-ferin-face-a-la-presse-ce-mercredi-2\/#primaryimage\"},\"thumbnailUrl\":\"https:\/\/228news.tg\/wp-content\/uploads\/2024\/09\/IMG-20211007-WA0023.jpg\",\"articleSection\":[\"ECONOMIE\"],\"inLanguage\":\"fr-FR\",\"potentialAction\":[{\"@type\":\"CommentAction\",\"name\":\"Comment\",\"target\":[\"https:\/\/228news.tg\/index.php\/2019\/09\/05\/les-organisateurs-du-salon-ferin-face-a-la-presse-ce-mercredi-2\/#respond\"]}]},{\"@type\":\"WebPage\",\"@id\":\"https:\/\/228news.tg\/index.php\/2019\/09\/05\/les-organisateurs-du-salon-ferin-face-a-la-presse-ce-mercredi-2\/\",\"url\":\"https:\/\/228news.tg\/index.php\/2019\/09\/05\/les-organisateurs-du-salon-ferin-face-a-la-presse-ce-mercredi-2\/\",\"name\":\"Les organisateurs du Salon FERIN face \u00e0 la presse ce mercredi - 228 News\",\"isPartOf\":{\"@id\":\"https:\/\/228news.tg\/#website\"},\"primaryImageOfPage\":{\"@id\":\"https:\/\/228news.tg\/index.php\/2019\/09\/05\/les-organisateurs-du-salon-ferin-face-a-la-presse-ce-mercredi-2\/#primaryimage\"},\"image\":{\"@id\":\"https:\/\/228news.tg\/index.php\/2019\/09\/05\/les-organisateurs-du-salon-ferin-face-a-la-presse-ce-mercredi-2\/#primaryimage\"},\"thumbnailUrl\":\"https:\/\/228news.tg\/wp-content\/uploads\/2024\/09\/IMG-20211007-WA0023.jpg\",\"datePublished\":\"2019-09-05T11:37:58+00:00\",\"breadcrumb\":{\"@id\":\"https:\/\/228news.tg\/index.php\/2019\/09\/05\/les-organisateurs-du-salon-ferin-face-a-la-presse-ce-mercredi-2\/#breadcrumb\"},\"inLanguage\":\"fr-FR\",\"potentialAction\":[{\"@type\":\"ReadAction\",\"target\":[\"https:\/\/228news.tg\/index.php\/2019\/09\/05\/les-organisateurs-du-salon-ferin-face-a-la-presse-ce-mercredi-2\/\"]}]},{\"@type\":\"ImageObject\",\"inLanguage\":\"fr-FR\",\"@id\":\"https:\/\/228news.tg\/index.php\/2019\/09\/05\/les-organisateurs-du-salon-ferin-face-a-la-presse-ce-mercredi-2\/#primaryimage\",\"url\":\"https:\/\/228news.tg\/wp-content\/uploads\/2024\/09\/IMG-20211007-WA0023.jpg\",\"contentUrl\":\"https:\/\/228news.tg\/wp-content\/uploads\/2024\/09\/IMG-20211007-WA0023.jpg\",\"width\":1080,\"height\":1014},{\"@type\":\"BreadcrumbList\",\"@id\":\"https:\/\/228news.tg\/index.php\/2019\/09\/05\/les-organisateurs-du-salon-ferin-face-a-la-presse-ce-mercredi-2\/#breadcrumb\",\"itemListElement\":[{\"@type\":\"ListItem\",\"position\":1,\"name\":\"Home\",\"item\":\"https:\/\/228news.tg\/\"},{\"@type\":\"ListItem\",\"position\":2,\"name\":\"Les organisateurs du Salon FERIN face \u00e0 la presse ce mercredi\"}]},{\"@type\":\"WebSite\",\"@id\":\"https:\/\/228news.tg\/#website\",\"url\":\"https:\/\/228news.tg\/\",\"name\":\"228 News\",\"description\":\"Soci\u00e9t\u00e9 de m\u00e9dias et d\u2019actualit\u00e9s\",\"publisher\":{\"@id\":\"https:\/\/228news.tg\/#organization\"},\"potentialAction\":[{\"@type\":\"SearchAction\",\"target\":{\"@type\":\"EntryPoint\",\"urlTemplate\":\"https:\/\/228news.tg\/?s={search_term_string}\"},\"query-input\":{\"@type\":\"PropertyValueSpecification\",\"valueRequired\":true,\"valueName\":\"search_term_string\"}}],\"inLanguage\":\"fr-FR\"},{\"@type\":\"Organization\",\"@id\":\"https:\/\/228news.tg\/#organization\",\"name\":\"228 News\",\"url\":\"https:\/\/228news.tg\/\",\"logo\":{\"@type\":\"ImageObject\",\"inLanguage\":\"fr-FR\",\"@id\":\"https:\/\/228news.tg\/#\/schema\/logo\/image\/\",\"url\":\"https:\/\/228news.tg\/wp-content\/uploads\/2024\/09\/logonew.png\",\"contentUrl\":\"https:\/\/228news.tg\/wp-content\/uploads\/2024\/09\/logonew.png\",\"width\":1640,\"height\":364,\"caption\":\"228 News\"},\"image\":{\"@id\":\"https:\/\/228news.tg\/#\/schema\/logo\/image\/\"}},{\"@type\":\"Person\",\"@id\":\"https:\/\/228news.tg\/#\/schema\/person\/68d5a6cc0230290e61235c8379523f52\",\"name\":\"Bienvenu SAVI\",\"image\":{\"@type\":\"ImageObject\",\"inLanguage\":\"fr-FR\",\"@id\":\"https:\/\/228news.tg\/#\/schema\/person\/image\/\",\"url\":\"https:\/\/secure.gravatar.com\/avatar\/9db91895c559e510509c33a3e9683998458e9b828fac36d5d1aa23f0f2fd369b?s=96&d=mm&r=g\",\"contentUrl\":\"https:\/\/secure.gravatar.com\/avatar\/9db91895c559e510509c33a3e9683998458e9b828fac36d5d1aa23f0f2fd369b?s=96&d=mm&r=g\",\"caption\":\"Bienvenu SAVI\"},\"url\":\"https:\/\/228news.tg\/index.php\/author\/bienvenu\/\"}]}<\/script>\n<!-- \/ Yoast SEO plugin. -->","yoast_head_json":{"title":"Les organisateurs du Salon FERIN face \u00e0 la presse ce mercredi - 228 News","robots":{"index":"index","follow":"follow","max-snippet":"max-snippet:-1","max-image-preview":"max-image-preview:large","max-video-preview":"max-video-preview:-1"},"canonical":"https:\/\/228news.tg\/index.php\/2019\/09\/05\/les-organisateurs-du-salon-ferin-face-a-la-presse-ce-mercredi-2\/","og_locale":"fr_FR","og_type":"article","og_title":"Les organisateurs du Salon FERIN face \u00e0 la presse ce mercredi - 228 News","og_description":"Les promoteurs du Salon FERIN ont tenu une conf\u00e9rence de presse ce mercredi 4 septembre 2019 \u00e0 Lom\u00e9. \u00c9taient pr\u00e9sents Germain M\u00e9ba, Pr\u00e9sident de la CCIT et les premiers responsables de l&rsquo;initiative. Plac\u00e9 sous le th\u00e8me : &lt;&lt;Promouvoir les investissements et faciliter les \u00e9changes par le levier de la technologie&gt;&gt;, le salon se veut une ... Lire la suite","og_url":"https:\/\/228news.tg\/index.php\/2019\/09\/05\/les-organisateurs-du-salon-ferin-face-a-la-presse-ce-mercredi-2\/","og_site_name":"228 News","article_published_time":"2019-09-05T11:37:58+00:00","author":"Bienvenu SAVI","twitter_card":"summary_large_image","twitter_misc":{"\u00c9crit par":"Bienvenu SAVI","Dur\u00e9e de lecture estim\u00e9e":"2 minutes"},"schema":{"@context":"https:\/\/schema.org","@graph":[{"@type":"Article","@id":"https:\/\/228news.tg\/index.php\/2019\/09\/05\/les-organisateurs-du-salon-ferin-face-a-la-presse-ce-mercredi-2\/#article","isPartOf":{"@id":"https:\/\/228news.tg\/index.php\/2019\/09\/05\/les-organisateurs-du-salon-ferin-face-a-la-presse-ce-mercredi-2\/"},"author":{"name":"Bienvenu SAVI","@id":"https:\/\/228news.tg\/#\/schema\/person\/68d5a6cc0230290e61235c8379523f52"},"headline":"Les organisateurs du Salon FERIN face \u00e0 la presse ce mercredi","datePublished":"2019-09-05T11:37:58+00:00","mainEntityOfPage":{"@id":"https:\/\/228news.tg\/index.php\/2019\/09\/05\/les-organisateurs-du-salon-ferin-face-a-la-presse-ce-mercredi-2\/"},"wordCount":385,"commentCount":0,"publisher":{"@id":"https:\/\/228news.tg\/#organization"},"image":{"@id":"https:\/\/228news.tg\/index.php\/2019\/09\/05\/les-organisateurs-du-salon-ferin-face-a-la-presse-ce-mercredi-2\/#primaryimage"},"thumbnailUrl":"https:\/\/228news.tg\/wp-content\/uploads\/2024\/09\/IMG-20211007-WA0023.jpg","articleSection":["ECONOMIE"],"inLanguage":"fr-FR","potentialAction":[{"@type":"CommentAction","name":"Comment","target":["https:\/\/228news.tg\/index.php\/2019\/09\/05\/les-organisateurs-du-salon-ferin-face-a-la-presse-ce-mercredi-2\/#respond"]}]},{"@type":"WebPage","@id":"https:\/\/228news.tg\/index.php\/2019\/09\/05\/les-organisateurs-du-salon-ferin-face-a-la-presse-ce-mercredi-2\/","url":"https:\/\/228news.tg\/index.php\/2019\/09\/05\/les-organisateurs-du-salon-ferin-face-a-la-presse-ce-mercredi-2\/","name":"Les organisateurs du Salon FERIN face \u00e0 la presse ce mercredi - 228 News","isPartOf":{"@id":"https:\/\/228news.tg\/#website"},"primaryImageOfPage":{"@id":"https:\/\/228news.tg\/index.php\/2019\/09\/05\/les-organisateurs-du-salon-ferin-face-a-la-presse-ce-mercredi-2\/#primaryimage"},"image":{"@id":"https:\/\/228news.tg\/index.php\/2019\/09\/05\/les-organisateurs-du-salon-ferin-face-a-la-presse-ce-mercredi-2\/#primaryimage"},"thumbnailUrl":"https:\/\/228news.tg\/wp-content\/uploads\/2024\/09\/IMG-20211007-WA0023.jpg","datePublished":"2019-09-05T11:37:58+00:00","breadcrumb":{"@id":"https:\/\/228news.tg\/index.php\/2019\/09\/05\/les-organisateurs-du-salon-ferin-face-a-la-presse-ce-mercredi-2\/#breadcrumb"},"inLanguage":"fr-FR","potentialAction":[{"@type":"ReadAction","target":["https:\/\/228news.tg\/index.php\/2019\/09\/05\/les-organisateurs-du-salon-ferin-face-a-la-presse-ce-mercredi-2\/"]}]},{"@type":"ImageObject","inLanguage":"fr-FR","@id":"https:\/\/228news.tg\/index.php\/2019\/09\/05\/les-organisateurs-du-salon-ferin-face-a-la-presse-ce-mercredi-2\/#primaryimage","url":"https:\/\/228news.tg\/wp-content\/uploads\/2024\/09\/IMG-20211007-WA0023.jpg","contentUrl":"https:\/\/228news.tg\/wp-content\/uploads\/2024\/09\/IMG-20211007-WA0023.jpg","width":1080,"height":1014},{"@type":"BreadcrumbList","@id":"https:\/\/228news.tg\/index.php\/2019\/09\/05\/les-organisateurs-du-salon-ferin-face-a-la-presse-ce-mercredi-2\/#breadcrumb","itemListElement":[{"@type":"ListItem","position":1,"name":"Home","item":"https:\/\/228news.tg\/"},{"@type":"ListItem","position":2,"name":"Les organisateurs du Salon FERIN face \u00e0 la presse ce mercredi"}]},{"@type":"WebSite","@id":"https:\/\/228news.tg\/#website","url":"https:\/\/228news.tg\/","name":"228 News","description":"Soci\u00e9t\u00e9 de m\u00e9dias et d\u2019actualit\u00e9s","publisher":{"@id":"https:\/\/228news.tg\/#organization"},"potentialAction":[{"@type":"SearchAction","target":{"@type":"EntryPoint","urlTemplate":"https:\/\/228news.tg\/?s={search_term_string}"},"query-input":{"@type":"PropertyValueSpecification","valueRequired":true,"valueName":"search_term_string"}}],"inLanguage":"fr-FR"},{"@type":"Organization","@id":"https:\/\/228news.tg\/#organization","name":"228 News","url":"https:\/\/228news.tg\/","logo":{"@type":"ImageObject","inLanguage":"fr-FR","@id":"https:\/\/228news.tg\/#\/schema\/logo\/image\/","url":"https:\/\/228news.tg\/wp-content\/uploads\/2024\/09\/logonew.png","contentUrl":"https:\/\/228news.tg\/wp-content\/uploads\/2024\/09\/logonew.png","width":1640,"height":364,"caption":"228 News"},"image":{"@id":"https:\/\/228news.tg\/#\/schema\/logo\/image\/"}},{"@type":"Person","@id":"https:\/\/228news.tg\/#\/schema\/person\/68d5a6cc0230290e61235c8379523f52","name":"Bienvenu SAVI","image":{"@type":"ImageObject","inLanguage":"fr-FR","@id":"https:\/\/228news.tg\/#\/schema\/person\/image\/","url":"https:\/\/secure.gravatar.com\/avatar\/9db91895c559e510509c33a3e9683998458e9b828fac36d5d1aa23f0f2fd369b?s=96&d=mm&r=g","contentUrl":"https:\/\/secure.gravatar.com\/avatar\/9db91895c559e510509c33a3e9683998458e9b828fac36d5d1aa23f0f2fd369b?s=96&d=mm&r=g","caption":"Bienvenu SAVI"},"url":"https:\/\/228news.tg\/index.php\/author\/bienvenu\/"}]}},"jetpack_featured_media_url":"https:\/\/228news.tg\/wp-content\/uploads\/2024\/09\/IMG-20211007-WA0023.jpg","_links":{"self":[{"href":"https:\/\/228news.tg\/index.php\/wp-json\/wp\/v2\/posts\/14792","targetHints":{"allow":["GET"]}}],"collection":[{"href":"https:\/\/228news.tg\/index.php\/wp-json\/wp\/v2\/posts"}],"about":[{"href":"https:\/\/228news.tg\/index.php\/wp-json\/wp\/v2\/types\/post"}],"author":[{"embeddable":true,"href":"https:\/\/228news.tg\/index.php\/wp-json\/wp\/v2\/users\/2"}],"replies":[{"embeddable":true,"href":"https:\/\/228news.tg\/index.php\/wp-json\/wp\/v2\/comments?post=14792"}],"version-history":[{"count":0,"href":"https:\/\/228news.tg\/index.php\/wp-json\/wp\/v2\/posts\/14792\/revisions"}],"wp:featuredmedia":[{"embeddable":true,"href":"https:\/\/228news.tg\/index.php\/wp-json\/wp\/v2\/media\/4621"}],"wp:attachment":[{"href":"https:\/\/228news.tg\/index.php\/wp-json\/wp\/v2\/media?parent=14792"}],"wp:term":[{"taxonomy":"category","embeddable":true,"href":"https:\/\/228news.tg\/index.php\/wp-json\/wp\/v2\/categories?post=14792"},{"taxonomy":"post_tag","embeddable":true,"href":"https:\/\/228news.tg\/index.php\/wp-json\/wp\/v2\/tags?post=14792"}],"curies":[{"name":"wp","href":"https:\/\/api.w.org\/{rel}","templated":true}]}}