{"id":14791,"date":"2019-09-05T11:27:35","date_gmt":"2019-09-05T11:27:35","guid":{"rendered":"http:\/\/localhost\/site\/228news\/?p=4616"},"modified":"2019-09-05T11:27:35","modified_gmt":"2019-09-05T11:27:35","slug":"economie-evaluation-des-performances-des-reformes-dans-les-departements-ministeriels-et-institutions-etatiques-pour-une-bonne-cause-2","status":"publish","type":"post","link":"https:\/\/228news.tg\/index.php\/2019\/09\/05\/economie-evaluation-des-performances-des-reformes-dans-les-departements-ministeriels-et-institutions-etatiques-pour-une-bonne-cause-2\/","title":{"rendered":"Economie : \u00c9valuation des performances des r\u00e9formes dans les d\u00e9partements minist\u00e9riels et institutions \u00e9tatiques pour une bonne cause."},"content":{"rendered":"\n<p><\/p>\n\n\n\n<p><em><strong>Le\nMinist\u00e8re de l\u2019\u00c9conomie et des Finances avec l\u2019appui de la\nBanque Mondiale a tenu la 19e revue nationale de la performance des\nr\u00e9formes dans les d\u00e9partements minist\u00e9riels et institutions de\nl\u2019Etat \u00e0 la fin du mois de juin 2019 ce mardi \u00e0 Lom\u00e9. Le but<\/strong><\/em><em><strong>\nde cet atelier est d&rsquo;evaluer la performance dans la mise en \u0153uvre de\ndiff\u00e9rentes r\u00e9formes faites.<\/strong><\/em><\/p>\n\n\n\n<p>Il\ns\u2019agit donc d\u2019identifier les insuffisances et d\u2019impulser une\nnouvelle dynamique pour une action plus efficace. Cette d\u00e9marche est\nsoutenue par la Banque mondiale, le FMI, la Banque Africaine de\nD\u00e9veloppement et bien entendu l&rsquo;Union europ\u00e9enne.\n<\/p>\n\n\n\n<p>Selon\nMongo Aharh-Kpessou, Secr\u00e9taire permanent charg\u00e9 des r\u00e9formes au\nMinist\u00e8re de l\u2019Economie et des Finances, l\u2019objectif de la\nrencontre est d\u2019identifier les difficult\u00e9s et de prendre des\ndispositions pour acc\u00e9l\u00e9rer la mise en \u0153uvre de celles pr\u00e9vue\npour le deuxi\u00e8me semestre 2019.<\/p>\n\n\n\n<p>Le\nd\u00e9partement dirig\u00e9 par Sani Yaya a not\u00e9 des avanc\u00e9es avec 77% des\nr\u00e9formes r\u00e9alis\u00e9es. Toutefois, le secr\u00e9tariat permanent charg\u00e9\ndes r\u00e9formes audit minist\u00e8re d\u00e9plore un faible taux d\u2019ex\u00e9cution\ndes march\u00e9s publics dans le pays.<\/p>\n\n\n\n<p>Toutes\nces institutions pr\u00e9cit\u00e9es aident le Togo \u00e0 b\u00e2tir les fondements\nd\u2019un cadre macro-\u00e9conomique stable, \u00e0 renforcer la gouvernance\n\u00e9conomique et \u00e0 am\u00e9liorer l\u2019environnement des affaires.<\/p>\n\n\n\n<p>La\nfinalit\u00e9 est de parvenir \u00e0 une croissance forte et inclusive,\ng\u00e9n\u00e9ratrice de bien-\u00eatre. Une trajectoire fix\u00e9e par le plan\nnational de d\u00e9veloppement.<\/p>\n\n\n\n<p>&lt;&lt;Le\nsucc\u00e8s du PND est conditionn\u00e9 par la mise en \u0153uvre des r\u00e9formes\nen g\u00e9n\u00e9ral qui vont am\u00e9liorer le climat des affaires et celles\nrelatives \u00e0 la gestion des finances publiques en particulier qui\nvont dynamiser la mobilisation des recettes internes et les appuis\nbudg\u00e9taires&gt;&gt;, a soulign\u00e9 Kossi Tofio, le Directeur de\ncabinet du Ministre de l\u2019Economie et des Finances.<\/p>\n\n\n\n<p>Le\ngouvernement sur la p\u00e9riode analys\u00e9e par les experts a r\u00e9ussi \u00e0\nmaintenir un cadre macro\u00e9conomique stable gr\u00e2ce l\u2019assainissement\ndes finances publiques avec un taux de croissance moyen de 5,4%\nenregistr\u00e9 au cours des cinq derni\u00e8res ann\u00e9es et le taux de 7,6%\nest projet\u00e9 dans le cadre de la mise en \u0153uvre du PND \u00e0 l\u2019horizon\n2022.<\/p>\n\n\n\n<p>L\u2019inflation\nest estim\u00e9e \u00e0 0,9% en 2018 contre une norme communautaire de 3%.<\/p>\n\n\n\n<p>D&rsquo;apr\u00e8s\nmonsieur Tofio, la mise en \u0153uvre des r\u00e9formes a permis, entre\nautres, de rendre le pays plus attractif aux yeux des partenaires\ntechniques et financiers et plus g\u00e9n\u00e9ralement des bailleurs de\nfonds. Cela signifie des montants plus importants accord\u00e9s et des\nappuis budg\u00e9taires renforc\u00e9s.<\/p>\n\n\n\n<p><em><strong>Matthieu\nBIDA<\/strong><\/em><\/p>\n","protected":false},"excerpt":{"rendered":"<p>Le Minist\u00e8re de l\u2019\u00c9conomie et des Finances avec l\u2019appui de la Banque Mondiale a tenu la 19e revue nationale de la performance des r\u00e9formes dans les d\u00e9partements minist\u00e9riels et institutions de l\u2019Etat \u00e0 la fin du mois de juin 2019 ce mardi \u00e0 Lom\u00e9. Le but de cet atelier est d&rsquo;evaluer la performance dans la &#8230; <a title=\"Economie : \u00c9valuation des performances des r\u00e9formes dans les d\u00e9partements minist\u00e9riels et institutions \u00e9tatiques pour une bonne cause.\" class=\"read-more\" href=\"https:\/\/228news.tg\/index.php\/2019\/09\/05\/economie-evaluation-des-performances-des-reformes-dans-les-departements-ministeriels-et-institutions-etatiques-pour-une-bonne-cause-2\/\" aria-label=\"En savoir plus sur Economie : \u00c9valuation des performances des r\u00e9formes dans les d\u00e9partements minist\u00e9riels et institutions \u00e9tatiques pour une bonne cause.\">Lire la suite<\/a><\/p>\n","protected":false},"author":2,"featured_media":4617,"comment_status":"open","ping_status":"open","sticky":false,"template":"","format":"chat","meta":{"footnotes":""},"categories":[30,25],"tags":[],"class_list":["post-14791","post","type-post","status-publish","format-chat","has-post-thumbnail","hentry","category-economie","category-togo","post_format-post-format-chat"],"yoast_head":"<!-- This site is optimized with the Yoast SEO plugin v26.4 - https:\/\/yoast.com\/wordpress\/plugins\/seo\/ -->\n<title>Economie : \u00c9valuation des performances des r\u00e9formes dans les d\u00e9partements minist\u00e9riels et institutions \u00e9tatiques pour une bonne cause. - 228 News<\/title>\n<meta name=\"robots\" content=\"index, follow, max-snippet:-1, max-image-preview:large, max-video-preview:-1\" \/>\n<link rel=\"canonical\" href=\"https:\/\/228news.tg\/index.php\/2019\/09\/05\/economie-evaluation-des-performances-des-reformes-dans-les-departements-ministeriels-et-institutions-etatiques-pour-une-bonne-cause-2\/\" \/>\n<meta property=\"og:locale\" content=\"fr_FR\" \/>\n<meta property=\"og:type\" content=\"article\" \/>\n<meta property=\"og:title\" content=\"Economie : \u00c9valuation des performances des r\u00e9formes dans les d\u00e9partements minist\u00e9riels et institutions \u00e9tatiques pour une bonne cause. - 228 News\" \/>\n<meta property=\"og:description\" content=\"Le Minist\u00e8re de l\u2019\u00c9conomie et des Finances avec l\u2019appui de la Banque Mondiale a tenu la 19e revue nationale de la performance des r\u00e9formes dans les d\u00e9partements minist\u00e9riels et institutions de l\u2019Etat \u00e0 la fin du mois de juin 2019 ce mardi \u00e0 Lom\u00e9. Le but de cet atelier est d&rsquo;evaluer la performance dans la ... Lire la suite\" \/>\n<meta property=\"og:url\" content=\"https:\/\/228news.tg\/index.php\/2019\/09\/05\/economie-evaluation-des-performances-des-reformes-dans-les-departements-ministeriels-et-institutions-etatiques-pour-une-bonne-cause-2\/\" \/>\n<meta property=\"og:site_name\" content=\"228 News\" \/>\n<meta property=\"article:published_time\" content=\"2019-09-05T11:27:35+00:00\" \/>\n<meta name=\"author\" content=\"Bienvenu SAVI\" \/>\n<meta name=\"twitter:card\" content=\"summary_large_image\" \/>\n<meta name=\"twitter:label1\" content=\"\u00c9crit par\" \/>\n\t<meta name=\"twitter:data1\" content=\"Bienvenu SAVI\" \/>\n\t<meta name=\"twitter:label2\" content=\"Dur\u00e9e de lecture estim\u00e9e\" \/>\n\t<meta name=\"twitter:data2\" content=\"2 minutes\" \/>\n<script type=\"application\/ld+json\" class=\"yoast-schema-graph\">{\"@context\":\"https:\/\/schema.org\",\"@graph\":[{\"@type\":\"Article\",\"@id\":\"https:\/\/228news.tg\/index.php\/2019\/09\/05\/economie-evaluation-des-performances-des-reformes-dans-les-departements-ministeriels-et-institutions-etatiques-pour-une-bonne-cause-2\/#article\",\"isPartOf\":{\"@id\":\"https:\/\/228news.tg\/index.php\/2019\/09\/05\/economie-evaluation-des-performances-des-reformes-dans-les-departements-ministeriels-et-institutions-etatiques-pour-une-bonne-cause-2\/\"},\"author\":{\"name\":\"Bienvenu SAVI\",\"@id\":\"https:\/\/228news.tg\/#\/schema\/person\/68d5a6cc0230290e61235c8379523f52\"},\"headline\":\"Economie : \u00c9valuation des performances des r\u00e9formes dans les d\u00e9partements minist\u00e9riels et institutions \u00e9tatiques pour une bonne cause.\",\"datePublished\":\"2019-09-05T11:27:35+00:00\",\"mainEntityOfPage\":{\"@id\":\"https:\/\/228news.tg\/index.php\/2019\/09\/05\/economie-evaluation-des-performances-des-reformes-dans-les-departements-ministeriels-et-institutions-etatiques-pour-une-bonne-cause-2\/\"},\"wordCount\":484,\"commentCount\":0,\"publisher\":{\"@id\":\"https:\/\/228news.tg\/#organization\"},\"image\":{\"@id\":\"https:\/\/228news.tg\/index.php\/2019\/09\/05\/economie-evaluation-des-performances-des-reformes-dans-les-departements-ministeriels-et-institutions-etatiques-pour-une-bonne-cause-2\/#primaryimage\"},\"thumbnailUrl\":\"https:\/\/228news.tg\/wp-content\/uploads\/2024\/09\/IMG-20211002-WA0022.jpg\",\"articleSection\":[\"ECONOMIE\",\"TOGO\"],\"inLanguage\":\"fr-FR\",\"potentialAction\":[{\"@type\":\"CommentAction\",\"name\":\"Comment\",\"target\":[\"https:\/\/228news.tg\/index.php\/2019\/09\/05\/economie-evaluation-des-performances-des-reformes-dans-les-departements-ministeriels-et-institutions-etatiques-pour-une-bonne-cause-2\/#respond\"]}]},{\"@type\":\"WebPage\",\"@id\":\"https:\/\/228news.tg\/index.php\/2019\/09\/05\/economie-evaluation-des-performances-des-reformes-dans-les-departements-ministeriels-et-institutions-etatiques-pour-une-bonne-cause-2\/\",\"url\":\"https:\/\/228news.tg\/index.php\/2019\/09\/05\/economie-evaluation-des-performances-des-reformes-dans-les-departements-ministeriels-et-institutions-etatiques-pour-une-bonne-cause-2\/\",\"name\":\"Economie : \u00c9valuation des performances des r\u00e9formes dans les d\u00e9partements minist\u00e9riels et institutions \u00e9tatiques pour une bonne cause. - 228 News\",\"isPartOf\":{\"@id\":\"https:\/\/228news.tg\/#website\"},\"primaryImageOfPage\":{\"@id\":\"https:\/\/228news.tg\/index.php\/2019\/09\/05\/economie-evaluation-des-performances-des-reformes-dans-les-departements-ministeriels-et-institutions-etatiques-pour-une-bonne-cause-2\/#primaryimage\"},\"image\":{\"@id\":\"https:\/\/228news.tg\/index.php\/2019\/09\/05\/economie-evaluation-des-performances-des-reformes-dans-les-departements-ministeriels-et-institutions-etatiques-pour-une-bonne-cause-2\/#primaryimage\"},\"thumbnailUrl\":\"https:\/\/228news.tg\/wp-content\/uploads\/2024\/09\/IMG-20211002-WA0022.jpg\",\"datePublished\":\"2019-09-05T11:27:35+00:00\",\"breadcrumb\":{\"@id\":\"https:\/\/228news.tg\/index.php\/2019\/09\/05\/economie-evaluation-des-performances-des-reformes-dans-les-departements-ministeriels-et-institutions-etatiques-pour-une-bonne-cause-2\/#breadcrumb\"},\"inLanguage\":\"fr-FR\",\"potentialAction\":[{\"@type\":\"ReadAction\",\"target\":[\"https:\/\/228news.tg\/index.php\/2019\/09\/05\/economie-evaluation-des-performances-des-reformes-dans-les-departements-ministeriels-et-institutions-etatiques-pour-une-bonne-cause-2\/\"]}]},{\"@type\":\"ImageObject\",\"inLanguage\":\"fr-FR\",\"@id\":\"https:\/\/228news.tg\/index.php\/2019\/09\/05\/economie-evaluation-des-performances-des-reformes-dans-les-departements-ministeriels-et-institutions-etatiques-pour-une-bonne-cause-2\/#primaryimage\",\"url\":\"https:\/\/228news.tg\/wp-content\/uploads\/2024\/09\/IMG-20211002-WA0022.jpg\",\"contentUrl\":\"https:\/\/228news.tg\/wp-content\/uploads\/2024\/09\/IMG-20211002-WA0022.jpg\",\"width\":300,\"height\":201},{\"@type\":\"BreadcrumbList\",\"@id\":\"https:\/\/228news.tg\/index.php\/2019\/09\/05\/economie-evaluation-des-performances-des-reformes-dans-les-departements-ministeriels-et-institutions-etatiques-pour-une-bonne-cause-2\/#breadcrumb\",\"itemListElement\":[{\"@type\":\"ListItem\",\"position\":1,\"name\":\"Home\",\"item\":\"https:\/\/228news.tg\/\"},{\"@type\":\"ListItem\",\"position\":2,\"name\":\"Economie : \u00c9valuation des performances des r\u00e9formes dans les d\u00e9partements minist\u00e9riels et institutions \u00e9tatiques pour une bonne cause.\"}]},{\"@type\":\"WebSite\",\"@id\":\"https:\/\/228news.tg\/#website\",\"url\":\"https:\/\/228news.tg\/\",\"name\":\"228 News\",\"description\":\"Soci\u00e9t\u00e9 de m\u00e9dias et d\u2019actualit\u00e9s\",\"publisher\":{\"@id\":\"https:\/\/228news.tg\/#organization\"},\"potentialAction\":[{\"@type\":\"SearchAction\",\"target\":{\"@type\":\"EntryPoint\",\"urlTemplate\":\"https:\/\/228news.tg\/?s={search_term_string}\"},\"query-input\":{\"@type\":\"PropertyValueSpecification\",\"valueRequired\":true,\"valueName\":\"search_term_string\"}}],\"inLanguage\":\"fr-FR\"},{\"@type\":\"Organization\",\"@id\":\"https:\/\/228news.tg\/#organization\",\"name\":\"228 News\",\"url\":\"https:\/\/228news.tg\/\",\"logo\":{\"@type\":\"ImageObject\",\"inLanguage\":\"fr-FR\",\"@id\":\"https:\/\/228news.tg\/#\/schema\/logo\/image\/\",\"url\":\"https:\/\/228news.tg\/wp-content\/uploads\/2024\/09\/logonew.png\",\"contentUrl\":\"https:\/\/228news.tg\/wp-content\/uploads\/2024\/09\/logonew.png\",\"width\":1640,\"height\":364,\"caption\":\"228 News\"},\"image\":{\"@id\":\"https:\/\/228news.tg\/#\/schema\/logo\/image\/\"}},{\"@type\":\"Person\",\"@id\":\"https:\/\/228news.tg\/#\/schema\/person\/68d5a6cc0230290e61235c8379523f52\",\"name\":\"Bienvenu SAVI\",\"image\":{\"@type\":\"ImageObject\",\"inLanguage\":\"fr-FR\",\"@id\":\"https:\/\/228news.tg\/#\/schema\/person\/image\/\",\"url\":\"https:\/\/secure.gravatar.com\/avatar\/9db91895c559e510509c33a3e9683998458e9b828fac36d5d1aa23f0f2fd369b?s=96&d=mm&r=g\",\"contentUrl\":\"https:\/\/secure.gravatar.com\/avatar\/9db91895c559e510509c33a3e9683998458e9b828fac36d5d1aa23f0f2fd369b?s=96&d=mm&r=g\",\"caption\":\"Bienvenu SAVI\"},\"url\":\"https:\/\/228news.tg\/index.php\/author\/bienvenu\/\"}]}<\/script>\n<!-- \/ Yoast SEO plugin. -->","yoast_head_json":{"title":"Economie : \u00c9valuation des performances des r\u00e9formes dans les d\u00e9partements minist\u00e9riels et institutions \u00e9tatiques pour une bonne cause. - 228 News","robots":{"index":"index","follow":"follow","max-snippet":"max-snippet:-1","max-image-preview":"max-image-preview:large","max-video-preview":"max-video-preview:-1"},"canonical":"https:\/\/228news.tg\/index.php\/2019\/09\/05\/economie-evaluation-des-performances-des-reformes-dans-les-departements-ministeriels-et-institutions-etatiques-pour-une-bonne-cause-2\/","og_locale":"fr_FR","og_type":"article","og_title":"Economie : \u00c9valuation des performances des r\u00e9formes dans les d\u00e9partements minist\u00e9riels et institutions \u00e9tatiques pour une bonne cause. - 228 News","og_description":"Le Minist\u00e8re de l\u2019\u00c9conomie et des Finances avec l\u2019appui de la Banque Mondiale a tenu la 19e revue nationale de la performance des r\u00e9formes dans les d\u00e9partements minist\u00e9riels et institutions de l\u2019Etat \u00e0 la fin du mois de juin 2019 ce mardi \u00e0 Lom\u00e9. Le but de cet atelier est d&rsquo;evaluer la performance dans la ... Lire la suite","og_url":"https:\/\/228news.tg\/index.php\/2019\/09\/05\/economie-evaluation-des-performances-des-reformes-dans-les-departements-ministeriels-et-institutions-etatiques-pour-une-bonne-cause-2\/","og_site_name":"228 News","article_published_time":"2019-09-05T11:27:35+00:00","author":"Bienvenu SAVI","twitter_card":"summary_large_image","twitter_misc":{"\u00c9crit par":"Bienvenu SAVI","Dur\u00e9e de lecture estim\u00e9e":"2 minutes"},"schema":{"@context":"https:\/\/schema.org","@graph":[{"@type":"Article","@id":"https:\/\/228news.tg\/index.php\/2019\/09\/05\/economie-evaluation-des-performances-des-reformes-dans-les-departements-ministeriels-et-institutions-etatiques-pour-une-bonne-cause-2\/#article","isPartOf":{"@id":"https:\/\/228news.tg\/index.php\/2019\/09\/05\/economie-evaluation-des-performances-des-reformes-dans-les-departements-ministeriels-et-institutions-etatiques-pour-une-bonne-cause-2\/"},"author":{"name":"Bienvenu SAVI","@id":"https:\/\/228news.tg\/#\/schema\/person\/68d5a6cc0230290e61235c8379523f52"},"headline":"Economie : \u00c9valuation des performances des r\u00e9formes dans les d\u00e9partements minist\u00e9riels et institutions \u00e9tatiques pour une bonne cause.","datePublished":"2019-09-05T11:27:35+00:00","mainEntityOfPage":{"@id":"https:\/\/228news.tg\/index.php\/2019\/09\/05\/economie-evaluation-des-performances-des-reformes-dans-les-departements-ministeriels-et-institutions-etatiques-pour-une-bonne-cause-2\/"},"wordCount":484,"commentCount":0,"publisher":{"@id":"https:\/\/228news.tg\/#organization"},"image":{"@id":"https:\/\/228news.tg\/index.php\/2019\/09\/05\/economie-evaluation-des-performances-des-reformes-dans-les-departements-ministeriels-et-institutions-etatiques-pour-une-bonne-cause-2\/#primaryimage"},"thumbnailUrl":"https:\/\/228news.tg\/wp-content\/uploads\/2024\/09\/IMG-20211002-WA0022.jpg","articleSection":["ECONOMIE","TOGO"],"inLanguage":"fr-FR","potentialAction":[{"@type":"CommentAction","name":"Comment","target":["https:\/\/228news.tg\/index.php\/2019\/09\/05\/economie-evaluation-des-performances-des-reformes-dans-les-departements-ministeriels-et-institutions-etatiques-pour-une-bonne-cause-2\/#respond"]}]},{"@type":"WebPage","@id":"https:\/\/228news.tg\/index.php\/2019\/09\/05\/economie-evaluation-des-performances-des-reformes-dans-les-departements-ministeriels-et-institutions-etatiques-pour-une-bonne-cause-2\/","url":"https:\/\/228news.tg\/index.php\/2019\/09\/05\/economie-evaluation-des-performances-des-reformes-dans-les-departements-ministeriels-et-institutions-etatiques-pour-une-bonne-cause-2\/","name":"Economie : \u00c9valuation des performances des r\u00e9formes dans les d\u00e9partements minist\u00e9riels et institutions \u00e9tatiques pour une bonne cause. - 228 News","isPartOf":{"@id":"https:\/\/228news.tg\/#website"},"primaryImageOfPage":{"@id":"https:\/\/228news.tg\/index.php\/2019\/09\/05\/economie-evaluation-des-performances-des-reformes-dans-les-departements-ministeriels-et-institutions-etatiques-pour-une-bonne-cause-2\/#primaryimage"},"image":{"@id":"https:\/\/228news.tg\/index.php\/2019\/09\/05\/economie-evaluation-des-performances-des-reformes-dans-les-departements-ministeriels-et-institutions-etatiques-pour-une-bonne-cause-2\/#primaryimage"},"thumbnailUrl":"https:\/\/228news.tg\/wp-content\/uploads\/2024\/09\/IMG-20211002-WA0022.jpg","datePublished":"2019-09-05T11:27:35+00:00","breadcrumb":{"@id":"https:\/\/228news.tg\/index.php\/2019\/09\/05\/economie-evaluation-des-performances-des-reformes-dans-les-departements-ministeriels-et-institutions-etatiques-pour-une-bonne-cause-2\/#breadcrumb"},"inLanguage":"fr-FR","potentialAction":[{"@type":"ReadAction","target":["https:\/\/228news.tg\/index.php\/2019\/09\/05\/economie-evaluation-des-performances-des-reformes-dans-les-departements-ministeriels-et-institutions-etatiques-pour-une-bonne-cause-2\/"]}]},{"@type":"ImageObject","inLanguage":"fr-FR","@id":"https:\/\/228news.tg\/index.php\/2019\/09\/05\/economie-evaluation-des-performances-des-reformes-dans-les-departements-ministeriels-et-institutions-etatiques-pour-une-bonne-cause-2\/#primaryimage","url":"https:\/\/228news.tg\/wp-content\/uploads\/2024\/09\/IMG-20211002-WA0022.jpg","contentUrl":"https:\/\/228news.tg\/wp-content\/uploads\/2024\/09\/IMG-20211002-WA0022.jpg","width":300,"height":201},{"@type":"BreadcrumbList","@id":"https:\/\/228news.tg\/index.php\/2019\/09\/05\/economie-evaluation-des-performances-des-reformes-dans-les-departements-ministeriels-et-institutions-etatiques-pour-une-bonne-cause-2\/#breadcrumb","itemListElement":[{"@type":"ListItem","position":1,"name":"Home","item":"https:\/\/228news.tg\/"},{"@type":"ListItem","position":2,"name":"Economie : \u00c9valuation des performances des r\u00e9formes dans les d\u00e9partements minist\u00e9riels et institutions \u00e9tatiques pour une bonne cause."}]},{"@type":"WebSite","@id":"https:\/\/228news.tg\/#website","url":"https:\/\/228news.tg\/","name":"228 News","description":"Soci\u00e9t\u00e9 de m\u00e9dias et d\u2019actualit\u00e9s","publisher":{"@id":"https:\/\/228news.tg\/#organization"},"potentialAction":[{"@type":"SearchAction","target":{"@type":"EntryPoint","urlTemplate":"https:\/\/228news.tg\/?s={search_term_string}"},"query-input":{"@type":"PropertyValueSpecification","valueRequired":true,"valueName":"search_term_string"}}],"inLanguage":"fr-FR"},{"@type":"Organization","@id":"https:\/\/228news.tg\/#organization","name":"228 News","url":"https:\/\/228news.tg\/","logo":{"@type":"ImageObject","inLanguage":"fr-FR","@id":"https:\/\/228news.tg\/#\/schema\/logo\/image\/","url":"https:\/\/228news.tg\/wp-content\/uploads\/2024\/09\/logonew.png","contentUrl":"https:\/\/228news.tg\/wp-content\/uploads\/2024\/09\/logonew.png","width":1640,"height":364,"caption":"228 News"},"image":{"@id":"https:\/\/228news.tg\/#\/schema\/logo\/image\/"}},{"@type":"Person","@id":"https:\/\/228news.tg\/#\/schema\/person\/68d5a6cc0230290e61235c8379523f52","name":"Bienvenu SAVI","image":{"@type":"ImageObject","inLanguage":"fr-FR","@id":"https:\/\/228news.tg\/#\/schema\/person\/image\/","url":"https:\/\/secure.gravatar.com\/avatar\/9db91895c559e510509c33a3e9683998458e9b828fac36d5d1aa23f0f2fd369b?s=96&d=mm&r=g","contentUrl":"https:\/\/secure.gravatar.com\/avatar\/9db91895c559e510509c33a3e9683998458e9b828fac36d5d1aa23f0f2fd369b?s=96&d=mm&r=g","caption":"Bienvenu SAVI"},"url":"https:\/\/228news.tg\/index.php\/author\/bienvenu\/"}]}},"jetpack_featured_media_url":"https:\/\/228news.tg\/wp-content\/uploads\/2024\/09\/IMG-20211002-WA0022.jpg","_links":{"self":[{"href":"https:\/\/228news.tg\/index.php\/wp-json\/wp\/v2\/posts\/14791","targetHints":{"allow":["GET"]}}],"collection":[{"href":"https:\/\/228news.tg\/index.php\/wp-json\/wp\/v2\/posts"}],"about":[{"href":"https:\/\/228news.tg\/index.php\/wp-json\/wp\/v2\/types\/post"}],"author":[{"embeddable":true,"href":"https:\/\/228news.tg\/index.php\/wp-json\/wp\/v2\/users\/2"}],"replies":[{"embeddable":true,"href":"https:\/\/228news.tg\/index.php\/wp-json\/wp\/v2\/comments?post=14791"}],"version-history":[{"count":0,"href":"https:\/\/228news.tg\/index.php\/wp-json\/wp\/v2\/posts\/14791\/revisions"}],"wp:featuredmedia":[{"embeddable":true,"href":"https:\/\/228news.tg\/index.php\/wp-json\/wp\/v2\/media\/4617"}],"wp:attachment":[{"href":"https:\/\/228news.tg\/index.php\/wp-json\/wp\/v2\/media?parent=14791"}],"wp:term":[{"taxonomy":"category","embeddable":true,"href":"https:\/\/228news.tg\/index.php\/wp-json\/wp\/v2\/categories?post=14791"},{"taxonomy":"post_tag","embeddable":true,"href":"https:\/\/228news.tg\/index.php\/wp-json\/wp\/v2\/tags?post=14791"}],"curies":[{"name":"wp","href":"https:\/\/api.w.org\/{rel}","templated":true}]}}