{"id":14790,"date":"2019-09-05T11:10:40","date_gmt":"2019-09-05T11:10:40","guid":{"rendered":"http:\/\/localhost\/site\/228news\/?p=4612"},"modified":"2019-09-05T11:10:40","modified_gmt":"2019-09-05T11:10:40","slug":"mali-12-morts-dans-leffondrement-dun-immeuble-a-bamako-2","status":"publish","type":"post","link":"https:\/\/228news.tg\/index.php\/2019\/09\/05\/mali-12-morts-dans-leffondrement-dun-immeuble-a-bamako-2\/","title":{"rendered":"Mali : 12 morts dans l\u2019effondrement d\u2019un immeuble \u00e0 Bamako"},"content":{"rendered":"\n<p><\/p>\n\n\n\n<p><em><strong>Douze personnes ont \u00e9t\u00e9 tu\u00e9es\ndimanche \u00e0 Bamako dans l\u2019effondrement d\u2019un immeuble de trois\n\u00e9tages en construction partiellement occup\u00e9, duquel 26 survivants\nont \u00e9t\u00e9 extraits vivants, a annonc\u00e9 le minist\u00e8re malien de la\nS\u00e9curit\u00e9 et de la protection civile.<\/strong><\/em><\/p>\n\n\n\n<p>\u00ab Le bilan de l\u2019effondrement\nd\u2019immeuble \u00e0 Banconi Salembougou (Bamako) \u00e0 18H30 (GMT et\nlocales) est de 38 personnes secourues, sur lesquelles 12 sont\nd\u00e9c\u00e9d\u00e9es \u00bb, a indiqu\u00e9 sur Twitter le minist\u00e8re, sans pr\u00e9ciser\nles causes du sinistre.<\/p>\n\n\n\n<p>Celui-ci s\u2019est produit vers 04H00 du\nmatin et les op\u00e9rations de secours ont dur\u00e9 toute la journ\u00e9e.<\/p>\n\n\n\n<p>\u00ab Gr\u00e2ce \u00e0 la d\u00e9termination des\nservices de secours, une fillette d\u2019environ 4 ans vient d\u2019\u00eatre\nextraite des d\u00e9combres en vie. Une autre survivante (une dame),\nvient d\u2019\u00eatre, fort heureusement, extraite des d\u00e9combres par les\nsecouristes \u00bb, avait indiqu\u00e9 le minist\u00e8re dans le courant de\nl\u2019apr\u00e8s-midi.<\/p>\n\n\n\n<p>Selon les m\u00e9dias locaux, l\u2019\u00e9tage\nsup\u00e9rieur de cet immeuble, en construction, s\u2019est \u00e9croul\u00e9 sur le\nreste du b\u00e2timent, d\u00e9j\u00e0 habit\u00e9, et l\u2019ensemble s\u2019est alors \u00ab\neffondr\u00e9 comme un ch\u00e2teau de cartes \u00bb.<\/p>\n\n\n\n<p>Les ministres de la S\u00e9curit\u00e9 et de la\nProtection civile ainsi que celui de l\u2019Urbanisme, de la Solidarit\u00e9\net de la Lutte contre la pauvret\u00e9 se sont rendus sur les lieux pour\nsoutenir les familles \u00e9plor\u00e9es et encourager les secouristes.<\/p>\n\n\n\n<p>Les effondrements d\u2019immeubles sont\ncourants au Mali, o\u00f9 de nombreux b\u00e2timents sont construits sans\nautorisation.<\/p>\n\n\n\n<p><strong>SOURCE : AFP<\/strong><\/p>\n","protected":false},"excerpt":{"rendered":"<p>Douze personnes ont \u00e9t\u00e9 tu\u00e9es dimanche \u00e0 Bamako dans l\u2019effondrement d\u2019un immeuble de trois \u00e9tages en construction partiellement occup\u00e9, duquel 26 survivants ont \u00e9t\u00e9 extraits vivants, a annonc\u00e9 le minist\u00e8re malien de la S\u00e9curit\u00e9 et de la protection civile. \u00ab Le bilan de l\u2019effondrement d\u2019immeuble \u00e0 Banconi Salembougou (Bamako) \u00e0 18H30 (GMT et locales) est &#8230; <a title=\"Mali : 12 morts dans l\u2019effondrement d\u2019un immeuble \u00e0 Bamako\" class=\"read-more\" href=\"https:\/\/228news.tg\/index.php\/2019\/09\/05\/mali-12-morts-dans-leffondrement-dun-immeuble-a-bamako-2\/\" aria-label=\"En savoir plus sur Mali : 12 morts dans l\u2019effondrement d\u2019un immeuble \u00e0 Bamako\">Lire la suite<\/a><\/p>\n","protected":false},"author":2,"featured_media":4613,"comment_status":"open","ping_status":"open","sticky":false,"template":"","format":"chat","meta":{"footnotes":""},"categories":[34],"tags":[],"class_list":["post-14790","post","type-post","status-publish","format-chat","has-post-thumbnail","hentry","category-une","post_format-post-format-chat"],"yoast_head":"<!-- This site is optimized with the Yoast SEO plugin v26.4 - https:\/\/yoast.com\/wordpress\/plugins\/seo\/ -->\n<title>Mali : 12 morts dans l\u2019effondrement d\u2019un immeuble \u00e0 Bamako - 228 News<\/title>\n<meta name=\"robots\" content=\"index, follow, max-snippet:-1, max-image-preview:large, max-video-preview:-1\" \/>\n<link rel=\"canonical\" href=\"https:\/\/228news.tg\/index.php\/2019\/09\/05\/mali-12-morts-dans-leffondrement-dun-immeuble-a-bamako-2\/\" \/>\n<meta property=\"og:locale\" content=\"fr_FR\" \/>\n<meta property=\"og:type\" content=\"article\" \/>\n<meta property=\"og:title\" content=\"Mali : 12 morts dans l\u2019effondrement d\u2019un immeuble \u00e0 Bamako - 228 News\" \/>\n<meta property=\"og:description\" content=\"Douze personnes ont \u00e9t\u00e9 tu\u00e9es dimanche \u00e0 Bamako dans l\u2019effondrement d\u2019un immeuble de trois \u00e9tages en construction partiellement occup\u00e9, duquel 26 survivants ont \u00e9t\u00e9 extraits vivants, a annonc\u00e9 le minist\u00e8re malien de la S\u00e9curit\u00e9 et de la protection civile. \u00ab Le bilan de l\u2019effondrement d\u2019immeuble \u00e0 Banconi Salembougou (Bamako) \u00e0 18H30 (GMT et locales) est ... Lire la suite\" \/>\n<meta property=\"og:url\" content=\"https:\/\/228news.tg\/index.php\/2019\/09\/05\/mali-12-morts-dans-leffondrement-dun-immeuble-a-bamako-2\/\" \/>\n<meta property=\"og:site_name\" content=\"228 News\" \/>\n<meta property=\"article:published_time\" content=\"2019-09-05T11:10:40+00:00\" \/>\n<meta name=\"author\" content=\"Bienvenu SAVI\" \/>\n<meta name=\"twitter:card\" content=\"summary_large_image\" \/>\n<meta name=\"twitter:label1\" content=\"\u00c9crit par\" \/>\n\t<meta name=\"twitter:data1\" content=\"Bienvenu SAVI\" \/>\n\t<meta name=\"twitter:label2\" content=\"Dur\u00e9e de lecture estim\u00e9e\" \/>\n\t<meta name=\"twitter:data2\" content=\"1 minute\" \/>\n<script type=\"application\/ld+json\" class=\"yoast-schema-graph\">{\"@context\":\"https:\/\/schema.org\",\"@graph\":[{\"@type\":\"Article\",\"@id\":\"https:\/\/228news.tg\/index.php\/2019\/09\/05\/mali-12-morts-dans-leffondrement-dun-immeuble-a-bamako-2\/#article\",\"isPartOf\":{\"@id\":\"https:\/\/228news.tg\/index.php\/2019\/09\/05\/mali-12-morts-dans-leffondrement-dun-immeuble-a-bamako-2\/\"},\"author\":{\"name\":\"Bienvenu SAVI\",\"@id\":\"https:\/\/228news.tg\/#\/schema\/person\/68d5a6cc0230290e61235c8379523f52\"},\"headline\":\"Mali : 12 morts dans l\u2019effondrement d\u2019un immeuble \u00e0 Bamako\",\"datePublished\":\"2019-09-05T11:10:40+00:00\",\"mainEntityOfPage\":{\"@id\":\"https:\/\/228news.tg\/index.php\/2019\/09\/05\/mali-12-morts-dans-leffondrement-dun-immeuble-a-bamako-2\/\"},\"wordCount\":263,\"commentCount\":0,\"publisher\":{\"@id\":\"https:\/\/228news.tg\/#organization\"},\"image\":{\"@id\":\"https:\/\/228news.tg\/index.php\/2019\/09\/05\/mali-12-morts-dans-leffondrement-dun-immeuble-a-bamako-2\/#primaryimage\"},\"thumbnailUrl\":\"https:\/\/228news.tg\/wp-content\/uploads\/2024\/09\/IMG-20211004-WA0053.jpg\",\"articleSection\":[\"Une\"],\"inLanguage\":\"fr-FR\",\"potentialAction\":[{\"@type\":\"CommentAction\",\"name\":\"Comment\",\"target\":[\"https:\/\/228news.tg\/index.php\/2019\/09\/05\/mali-12-morts-dans-leffondrement-dun-immeuble-a-bamako-2\/#respond\"]}]},{\"@type\":\"WebPage\",\"@id\":\"https:\/\/228news.tg\/index.php\/2019\/09\/05\/mali-12-morts-dans-leffondrement-dun-immeuble-a-bamako-2\/\",\"url\":\"https:\/\/228news.tg\/index.php\/2019\/09\/05\/mali-12-morts-dans-leffondrement-dun-immeuble-a-bamako-2\/\",\"name\":\"Mali : 12 morts dans l\u2019effondrement d\u2019un immeuble \u00e0 Bamako - 228 News\",\"isPartOf\":{\"@id\":\"https:\/\/228news.tg\/#website\"},\"primaryImageOfPage\":{\"@id\":\"https:\/\/228news.tg\/index.php\/2019\/09\/05\/mali-12-morts-dans-leffondrement-dun-immeuble-a-bamako-2\/#primaryimage\"},\"image\":{\"@id\":\"https:\/\/228news.tg\/index.php\/2019\/09\/05\/mali-12-morts-dans-leffondrement-dun-immeuble-a-bamako-2\/#primaryimage\"},\"thumbnailUrl\":\"https:\/\/228news.tg\/wp-content\/uploads\/2024\/09\/IMG-20211004-WA0053.jpg\",\"datePublished\":\"2019-09-05T11:10:40+00:00\",\"breadcrumb\":{\"@id\":\"https:\/\/228news.tg\/index.php\/2019\/09\/05\/mali-12-morts-dans-leffondrement-dun-immeuble-a-bamako-2\/#breadcrumb\"},\"inLanguage\":\"fr-FR\",\"potentialAction\":[{\"@type\":\"ReadAction\",\"target\":[\"https:\/\/228news.tg\/index.php\/2019\/09\/05\/mali-12-morts-dans-leffondrement-dun-immeuble-a-bamako-2\/\"]}]},{\"@type\":\"ImageObject\",\"inLanguage\":\"fr-FR\",\"@id\":\"https:\/\/228news.tg\/index.php\/2019\/09\/05\/mali-12-morts-dans-leffondrement-dun-immeuble-a-bamako-2\/#primaryimage\",\"url\":\"https:\/\/228news.tg\/wp-content\/uploads\/2024\/09\/IMG-20211004-WA0053.jpg\",\"contentUrl\":\"https:\/\/228news.tg\/wp-content\/uploads\/2024\/09\/IMG-20211004-WA0053.jpg\",\"width\":300,\"height\":201},{\"@type\":\"BreadcrumbList\",\"@id\":\"https:\/\/228news.tg\/index.php\/2019\/09\/05\/mali-12-morts-dans-leffondrement-dun-immeuble-a-bamako-2\/#breadcrumb\",\"itemListElement\":[{\"@type\":\"ListItem\",\"position\":1,\"name\":\"Home\",\"item\":\"https:\/\/228news.tg\/\"},{\"@type\":\"ListItem\",\"position\":2,\"name\":\"Mali : 12 morts dans l\u2019effondrement d\u2019un immeuble \u00e0 Bamako\"}]},{\"@type\":\"WebSite\",\"@id\":\"https:\/\/228news.tg\/#website\",\"url\":\"https:\/\/228news.tg\/\",\"name\":\"228 News\",\"description\":\"Soci\u00e9t\u00e9 de m\u00e9dias et d\u2019actualit\u00e9s\",\"publisher\":{\"@id\":\"https:\/\/228news.tg\/#organization\"},\"potentialAction\":[{\"@type\":\"SearchAction\",\"target\":{\"@type\":\"EntryPoint\",\"urlTemplate\":\"https:\/\/228news.tg\/?s={search_term_string}\"},\"query-input\":{\"@type\":\"PropertyValueSpecification\",\"valueRequired\":true,\"valueName\":\"search_term_string\"}}],\"inLanguage\":\"fr-FR\"},{\"@type\":\"Organization\",\"@id\":\"https:\/\/228news.tg\/#organization\",\"name\":\"228 News\",\"url\":\"https:\/\/228news.tg\/\",\"logo\":{\"@type\":\"ImageObject\",\"inLanguage\":\"fr-FR\",\"@id\":\"https:\/\/228news.tg\/#\/schema\/logo\/image\/\",\"url\":\"https:\/\/228news.tg\/wp-content\/uploads\/2024\/09\/logonew.png\",\"contentUrl\":\"https:\/\/228news.tg\/wp-content\/uploads\/2024\/09\/logonew.png\",\"width\":1640,\"height\":364,\"caption\":\"228 News\"},\"image\":{\"@id\":\"https:\/\/228news.tg\/#\/schema\/logo\/image\/\"}},{\"@type\":\"Person\",\"@id\":\"https:\/\/228news.tg\/#\/schema\/person\/68d5a6cc0230290e61235c8379523f52\",\"name\":\"Bienvenu SAVI\",\"image\":{\"@type\":\"ImageObject\",\"inLanguage\":\"fr-FR\",\"@id\":\"https:\/\/228news.tg\/#\/schema\/person\/image\/\",\"url\":\"https:\/\/secure.gravatar.com\/avatar\/9db91895c559e510509c33a3e9683998458e9b828fac36d5d1aa23f0f2fd369b?s=96&d=mm&r=g\",\"contentUrl\":\"https:\/\/secure.gravatar.com\/avatar\/9db91895c559e510509c33a3e9683998458e9b828fac36d5d1aa23f0f2fd369b?s=96&d=mm&r=g\",\"caption\":\"Bienvenu SAVI\"},\"url\":\"https:\/\/228news.tg\/index.php\/author\/bienvenu\/\"}]}<\/script>\n<!-- \/ Yoast SEO plugin. -->","yoast_head_json":{"title":"Mali : 12 morts dans l\u2019effondrement d\u2019un immeuble \u00e0 Bamako - 228 News","robots":{"index":"index","follow":"follow","max-snippet":"max-snippet:-1","max-image-preview":"max-image-preview:large","max-video-preview":"max-video-preview:-1"},"canonical":"https:\/\/228news.tg\/index.php\/2019\/09\/05\/mali-12-morts-dans-leffondrement-dun-immeuble-a-bamako-2\/","og_locale":"fr_FR","og_type":"article","og_title":"Mali : 12 morts dans l\u2019effondrement d\u2019un immeuble \u00e0 Bamako - 228 News","og_description":"Douze personnes ont \u00e9t\u00e9 tu\u00e9es dimanche \u00e0 Bamako dans l\u2019effondrement d\u2019un immeuble de trois \u00e9tages en construction partiellement occup\u00e9, duquel 26 survivants ont \u00e9t\u00e9 extraits vivants, a annonc\u00e9 le minist\u00e8re malien de la S\u00e9curit\u00e9 et de la protection civile. \u00ab Le bilan de l\u2019effondrement d\u2019immeuble \u00e0 Banconi Salembougou (Bamako) \u00e0 18H30 (GMT et locales) est ... Lire la suite","og_url":"https:\/\/228news.tg\/index.php\/2019\/09\/05\/mali-12-morts-dans-leffondrement-dun-immeuble-a-bamako-2\/","og_site_name":"228 News","article_published_time":"2019-09-05T11:10:40+00:00","author":"Bienvenu SAVI","twitter_card":"summary_large_image","twitter_misc":{"\u00c9crit par":"Bienvenu SAVI","Dur\u00e9e de lecture estim\u00e9e":"1 minute"},"schema":{"@context":"https:\/\/schema.org","@graph":[{"@type":"Article","@id":"https:\/\/228news.tg\/index.php\/2019\/09\/05\/mali-12-morts-dans-leffondrement-dun-immeuble-a-bamako-2\/#article","isPartOf":{"@id":"https:\/\/228news.tg\/index.php\/2019\/09\/05\/mali-12-morts-dans-leffondrement-dun-immeuble-a-bamako-2\/"},"author":{"name":"Bienvenu SAVI","@id":"https:\/\/228news.tg\/#\/schema\/person\/68d5a6cc0230290e61235c8379523f52"},"headline":"Mali : 12 morts dans l\u2019effondrement d\u2019un immeuble \u00e0 Bamako","datePublished":"2019-09-05T11:10:40+00:00","mainEntityOfPage":{"@id":"https:\/\/228news.tg\/index.php\/2019\/09\/05\/mali-12-morts-dans-leffondrement-dun-immeuble-a-bamako-2\/"},"wordCount":263,"commentCount":0,"publisher":{"@id":"https:\/\/228news.tg\/#organization"},"image":{"@id":"https:\/\/228news.tg\/index.php\/2019\/09\/05\/mali-12-morts-dans-leffondrement-dun-immeuble-a-bamako-2\/#primaryimage"},"thumbnailUrl":"https:\/\/228news.tg\/wp-content\/uploads\/2024\/09\/IMG-20211004-WA0053.jpg","articleSection":["Une"],"inLanguage":"fr-FR","potentialAction":[{"@type":"CommentAction","name":"Comment","target":["https:\/\/228news.tg\/index.php\/2019\/09\/05\/mali-12-morts-dans-leffondrement-dun-immeuble-a-bamako-2\/#respond"]}]},{"@type":"WebPage","@id":"https:\/\/228news.tg\/index.php\/2019\/09\/05\/mali-12-morts-dans-leffondrement-dun-immeuble-a-bamako-2\/","url":"https:\/\/228news.tg\/index.php\/2019\/09\/05\/mali-12-morts-dans-leffondrement-dun-immeuble-a-bamako-2\/","name":"Mali : 12 morts dans l\u2019effondrement d\u2019un immeuble \u00e0 Bamako - 228 News","isPartOf":{"@id":"https:\/\/228news.tg\/#website"},"primaryImageOfPage":{"@id":"https:\/\/228news.tg\/index.php\/2019\/09\/05\/mali-12-morts-dans-leffondrement-dun-immeuble-a-bamako-2\/#primaryimage"},"image":{"@id":"https:\/\/228news.tg\/index.php\/2019\/09\/05\/mali-12-morts-dans-leffondrement-dun-immeuble-a-bamako-2\/#primaryimage"},"thumbnailUrl":"https:\/\/228news.tg\/wp-content\/uploads\/2024\/09\/IMG-20211004-WA0053.jpg","datePublished":"2019-09-05T11:10:40+00:00","breadcrumb":{"@id":"https:\/\/228news.tg\/index.php\/2019\/09\/05\/mali-12-morts-dans-leffondrement-dun-immeuble-a-bamako-2\/#breadcrumb"},"inLanguage":"fr-FR","potentialAction":[{"@type":"ReadAction","target":["https:\/\/228news.tg\/index.php\/2019\/09\/05\/mali-12-morts-dans-leffondrement-dun-immeuble-a-bamako-2\/"]}]},{"@type":"ImageObject","inLanguage":"fr-FR","@id":"https:\/\/228news.tg\/index.php\/2019\/09\/05\/mali-12-morts-dans-leffondrement-dun-immeuble-a-bamako-2\/#primaryimage","url":"https:\/\/228news.tg\/wp-content\/uploads\/2024\/09\/IMG-20211004-WA0053.jpg","contentUrl":"https:\/\/228news.tg\/wp-content\/uploads\/2024\/09\/IMG-20211004-WA0053.jpg","width":300,"height":201},{"@type":"BreadcrumbList","@id":"https:\/\/228news.tg\/index.php\/2019\/09\/05\/mali-12-morts-dans-leffondrement-dun-immeuble-a-bamako-2\/#breadcrumb","itemListElement":[{"@type":"ListItem","position":1,"name":"Home","item":"https:\/\/228news.tg\/"},{"@type":"ListItem","position":2,"name":"Mali : 12 morts dans l\u2019effondrement d\u2019un immeuble \u00e0 Bamako"}]},{"@type":"WebSite","@id":"https:\/\/228news.tg\/#website","url":"https:\/\/228news.tg\/","name":"228 News","description":"Soci\u00e9t\u00e9 de m\u00e9dias et d\u2019actualit\u00e9s","publisher":{"@id":"https:\/\/228news.tg\/#organization"},"potentialAction":[{"@type":"SearchAction","target":{"@type":"EntryPoint","urlTemplate":"https:\/\/228news.tg\/?s={search_term_string}"},"query-input":{"@type":"PropertyValueSpecification","valueRequired":true,"valueName":"search_term_string"}}],"inLanguage":"fr-FR"},{"@type":"Organization","@id":"https:\/\/228news.tg\/#organization","name":"228 News","url":"https:\/\/228news.tg\/","logo":{"@type":"ImageObject","inLanguage":"fr-FR","@id":"https:\/\/228news.tg\/#\/schema\/logo\/image\/","url":"https:\/\/228news.tg\/wp-content\/uploads\/2024\/09\/logonew.png","contentUrl":"https:\/\/228news.tg\/wp-content\/uploads\/2024\/09\/logonew.png","width":1640,"height":364,"caption":"228 News"},"image":{"@id":"https:\/\/228news.tg\/#\/schema\/logo\/image\/"}},{"@type":"Person","@id":"https:\/\/228news.tg\/#\/schema\/person\/68d5a6cc0230290e61235c8379523f52","name":"Bienvenu SAVI","image":{"@type":"ImageObject","inLanguage":"fr-FR","@id":"https:\/\/228news.tg\/#\/schema\/person\/image\/","url":"https:\/\/secure.gravatar.com\/avatar\/9db91895c559e510509c33a3e9683998458e9b828fac36d5d1aa23f0f2fd369b?s=96&d=mm&r=g","contentUrl":"https:\/\/secure.gravatar.com\/avatar\/9db91895c559e510509c33a3e9683998458e9b828fac36d5d1aa23f0f2fd369b?s=96&d=mm&r=g","caption":"Bienvenu SAVI"},"url":"https:\/\/228news.tg\/index.php\/author\/bienvenu\/"}]}},"jetpack_featured_media_url":"https:\/\/228news.tg\/wp-content\/uploads\/2024\/09\/IMG-20211004-WA0053.jpg","_links":{"self":[{"href":"https:\/\/228news.tg\/index.php\/wp-json\/wp\/v2\/posts\/14790","targetHints":{"allow":["GET"]}}],"collection":[{"href":"https:\/\/228news.tg\/index.php\/wp-json\/wp\/v2\/posts"}],"about":[{"href":"https:\/\/228news.tg\/index.php\/wp-json\/wp\/v2\/types\/post"}],"author":[{"embeddable":true,"href":"https:\/\/228news.tg\/index.php\/wp-json\/wp\/v2\/users\/2"}],"replies":[{"embeddable":true,"href":"https:\/\/228news.tg\/index.php\/wp-json\/wp\/v2\/comments?post=14790"}],"version-history":[{"count":0,"href":"https:\/\/228news.tg\/index.php\/wp-json\/wp\/v2\/posts\/14790\/revisions"}],"wp:featuredmedia":[{"embeddable":true,"href":"https:\/\/228news.tg\/index.php\/wp-json\/wp\/v2\/media\/4613"}],"wp:attachment":[{"href":"https:\/\/228news.tg\/index.php\/wp-json\/wp\/v2\/media?parent=14790"}],"wp:term":[{"taxonomy":"category","embeddable":true,"href":"https:\/\/228news.tg\/index.php\/wp-json\/wp\/v2\/categories?post=14790"},{"taxonomy":"post_tag","embeddable":true,"href":"https:\/\/228news.tg\/index.php\/wp-json\/wp\/v2\/tags?post=14790"}],"curies":[{"name":"wp","href":"https:\/\/api.w.org\/{rel}","templated":true}]}}