{"id":14789,"date":"2019-09-05T10:49:27","date_gmt":"2019-09-05T10:49:27","guid":{"rendered":"http:\/\/localhost\/site\/228news\/?p=4608"},"modified":"2019-09-05T10:49:27","modified_gmt":"2019-09-05T10:49:27","slug":"six-pays-dafrique-subsaharienne-sengagent-desormais-dans-les-investissements-de-lenergie-solaire-2","status":"publish","type":"post","link":"https:\/\/228news.tg\/index.php\/2019\/09\/05\/six-pays-dafrique-subsaharienne-sengagent-desormais-dans-les-investissements-de-lenergie-solaire-2\/","title":{"rendered":"Six pays d&rsquo;Afrique subsaharienne s&rsquo;engagent d\u00e9sormais dans les investissements de l&rsquo;\u00e9nergie solaire"},"content":{"rendered":"\n<p><\/p>\n\n\n\n<p><em><strong>Un\ns\u00e9minaire sur les projets solaires suivi des journ\u00e9es de rencontres\nbilat\u00e9rales a eu lieu ce mardi 3 septembre 2019 \u00e0 Lom\u00e9. <\/strong><\/em><em><strong>Six\npays d&rsquo;Afrique subsaharienne<\/strong><\/em><em><strong>\n\u00e0 savoir :<\/strong><\/em><em><strong> le B\u00e9nin, le\nBurkina Faso, le Gabon, le Mali, le Niger et le Togo veulent\n<\/strong><\/em><em><strong>d\u00e9sormais\n<\/strong><\/em><em><strong>mettre en place un cadre\njuridique supranational pour la soumission et le financement des\nprojets solaires.<\/strong><\/em><\/p>\n\n\n\n<p>L&rsquo;expansion\ndes energies renouvelables a \u00e9t\u00e9 pendant des d\u00e9cennies frein\u00e9e\npar le co\u00fbt \u00e9lev\u00e9 de la technologie. A la faveur de l&rsquo;aggravation\ndes ph\u00e9nomes li\u00e9s aux changements climatiques combin\u00e9es \u00e0 la\nmaturit\u00e9 de la technologie et au progr\u00e8s de la recherche et\nd\u00e9veloppement, les \u00e9nergies renouvelables, notamment le solaire\nsont devenues un moyen incontournable de lutte contre le\nr\u00e9chauffement climatique.<\/p>\n\n\n\n<p>  Aujourd&rsquo;hui,\nl&rsquo;Afrique subsaharienne vit dans la conjoncture o\u00f9 les \u00e9nergies\nrenouvelables, en particulier le solaire, ne sont plus seulement une\noption bas\u00e9e sur des subventions, mais sont comp\u00e9titives par\nrapport aux carburants classiques.<\/p>\n\n\n\n<p> En\nl\u2019absence de bases claires, les bailleurs de fonds h\u00e9sitent \u00e0\nfinancer le d\u00e9veloppement d\u2019infrastructures solaires dans leur\npays.<\/p>\n\n\n\n<p>&lt;&lt;Le\npotentiel solaire existe en Afrique subsaharienne, mais aujourd&rsquo;hui\nles points de blocage sont l&rsquo;absence d\u2019un cadre juridique harmonis\u00e9\nqui favorise des financements et des garanties adapt\u00e9s&gt;&gt;,\na expliqu\u00e9\nOusmane Diawara, Expert\ndans les \u00e9nergies renouvelables\net Conseiller financier de la soci\u00e9t\u00e9 Ernest &amp; Young (EY)<\/p>\n\n\n\n<p>Au Togo\ncomme ailleurs sur le contient, il y a un v\u00e9ritable int\u00e9r\u00eat\n\u00e9conomique et \u00e9cologique \u00e0 d\u00e9velopper les nouvelles \u00e9nergies,\nsoulignent les acteurs de ce\nsecteur.<\/p>\n\n\n\n<p>Le Togo\ns&rsquo;est engag\u00e9 vers la transition \u00e9nerg\u00e9tique avec une strat\u00e9gie\nd&rsquo;\u00e9lectrification fortement adoss\u00e9e au solaire. Selon les\npr\u00e9visions, 50% des m\u00e9nages auront acc\u00e8s \u00e0 l\u2019\u00e9lectricit\u00e9\nsolaire d\u2019ici 2023 via des solutions hors-r\u00e9seau.<\/p>\n\n\n\n<p>L&rsquo;initiative\nde Lom\u00e9 vise \u00e0 mettre en place un cadre commun de passation des\nmarch\u00e9s par l&rsquo;agr\u00e9gation de la demande et la mise en place de\nm\u00e9canisme de garantie commun pour les projets agr\u00e9g\u00e9s. Pour y\nparvenir, il faudra harmoniser les cadres l\u00e9gislatifs et\nr\u00e9glementaires des pays qui souscrivent \u00e0 cette initiative. Avec\nl&rsquo;appui de l&rsquo;AFD, le cabinet Ernest &amp; Young (EY) a \u00e9t\u00e9 recrut\u00e9\npour \u00e9tudier la faisabilit\u00e9.<\/p>\n\n\n\n<p>&lt;&lt;Pour\nnous pays situ\u00e9s sous le tropique, je dirai que le soleil est une\npanac\u00e9e pour l&rsquo;acc\u00e8s de l&rsquo;\u00e9lectricit\u00e9&gt;&gt;, a d\u00e9clar\u00e9\nBolidja Tiem, Directeur G\u00e9n\u00e9ral des \u00e9nergies renouvelables au\nTogo.<\/p>\n\n\n\n<p>Le\npr\u00e9sent s\u00e9minaire est donc le d\u00e9but d&rsquo;une s\u00e9rie d&rsquo;ateliers qui se\ntiendront dans les pays porteurs de l&rsquo;initiative. Il est \u00e9galement\nenvisag\u00e9 un atelier r\u00e9gional pour mettre tous les pays au m\u00eame\nniveau d&rsquo;information et d&rsquo;implication.<\/p>\n\n\n\n<p><em><strong>Matthieu\nBIDA<\/strong><\/em><\/p>\n","protected":false},"excerpt":{"rendered":"<p>Un s\u00e9minaire sur les projets solaires suivi des journ\u00e9es de rencontres bilat\u00e9rales a eu lieu ce mardi 3 septembre 2019 \u00e0 Lom\u00e9. Six pays d&rsquo;Afrique subsaharienne \u00e0 savoir : le B\u00e9nin, le Burkina Faso, le Gabon, le Mali, le Niger et le Togo veulent d\u00e9sormais mettre en place un cadre juridique supranational pour la soumission &#8230; <a title=\"Six pays d&rsquo;Afrique subsaharienne s&rsquo;engagent d\u00e9sormais dans les investissements de l&rsquo;\u00e9nergie solaire\" class=\"read-more\" href=\"https:\/\/228news.tg\/index.php\/2019\/09\/05\/six-pays-dafrique-subsaharienne-sengagent-desormais-dans-les-investissements-de-lenergie-solaire-2\/\" aria-label=\"En savoir plus sur Six pays d&rsquo;Afrique subsaharienne s&rsquo;engagent d\u00e9sormais dans les investissements de l&rsquo;\u00e9nergie solaire\">Lire la suite<\/a><\/p>\n","protected":false},"author":2,"featured_media":4609,"comment_status":"open","ping_status":"open","sticky":false,"template":"","format":"chat","meta":{"footnotes":""},"categories":[30],"tags":[],"class_list":["post-14789","post","type-post","status-publish","format-chat","has-post-thumbnail","hentry","category-economie","post_format-post-format-chat"],"yoast_head":"<!-- This site is optimized with the Yoast SEO plugin v26.4 - https:\/\/yoast.com\/wordpress\/plugins\/seo\/ -->\n<title>Six pays d&#039;Afrique subsaharienne s&#039;engagent d\u00e9sormais dans les investissements de l&#039;\u00e9nergie solaire - 228 News<\/title>\n<meta name=\"robots\" content=\"index, follow, max-snippet:-1, max-image-preview:large, max-video-preview:-1\" \/>\n<link rel=\"canonical\" href=\"https:\/\/228news.tg\/index.php\/2019\/09\/05\/six-pays-dafrique-subsaharienne-sengagent-desormais-dans-les-investissements-de-lenergie-solaire-2\/\" \/>\n<meta property=\"og:locale\" content=\"fr_FR\" \/>\n<meta property=\"og:type\" content=\"article\" \/>\n<meta property=\"og:title\" content=\"Six pays d&#039;Afrique subsaharienne s&#039;engagent d\u00e9sormais dans les investissements de l&#039;\u00e9nergie solaire - 228 News\" \/>\n<meta property=\"og:description\" content=\"Un s\u00e9minaire sur les projets solaires suivi des journ\u00e9es de rencontres bilat\u00e9rales a eu lieu ce mardi 3 septembre 2019 \u00e0 Lom\u00e9. Six pays d&rsquo;Afrique subsaharienne \u00e0 savoir : le B\u00e9nin, le Burkina Faso, le Gabon, le Mali, le Niger et le Togo veulent d\u00e9sormais mettre en place un cadre juridique supranational pour la soumission ... Lire la suite\" \/>\n<meta property=\"og:url\" content=\"https:\/\/228news.tg\/index.php\/2019\/09\/05\/six-pays-dafrique-subsaharienne-sengagent-desormais-dans-les-investissements-de-lenergie-solaire-2\/\" \/>\n<meta property=\"og:site_name\" content=\"228 News\" \/>\n<meta property=\"article:published_time\" content=\"2019-09-05T10:49:27+00:00\" \/>\n<meta name=\"author\" content=\"Bienvenu SAVI\" \/>\n<meta name=\"twitter:card\" content=\"summary_large_image\" \/>\n<meta name=\"twitter:label1\" content=\"\u00c9crit par\" \/>\n\t<meta name=\"twitter:data1\" content=\"Bienvenu SAVI\" \/>\n\t<meta name=\"twitter:label2\" content=\"Dur\u00e9e de lecture estim\u00e9e\" \/>\n\t<meta name=\"twitter:data2\" content=\"2 minutes\" \/>\n<script type=\"application\/ld+json\" class=\"yoast-schema-graph\">{\"@context\":\"https:\/\/schema.org\",\"@graph\":[{\"@type\":\"Article\",\"@id\":\"https:\/\/228news.tg\/index.php\/2019\/09\/05\/six-pays-dafrique-subsaharienne-sengagent-desormais-dans-les-investissements-de-lenergie-solaire-2\/#article\",\"isPartOf\":{\"@id\":\"https:\/\/228news.tg\/index.php\/2019\/09\/05\/six-pays-dafrique-subsaharienne-sengagent-desormais-dans-les-investissements-de-lenergie-solaire-2\/\"},\"author\":{\"name\":\"Bienvenu SAVI\",\"@id\":\"https:\/\/228news.tg\/#\/schema\/person\/68d5a6cc0230290e61235c8379523f52\"},\"headline\":\"Six pays d&rsquo;Afrique subsaharienne s&rsquo;engagent d\u00e9sormais dans les investissements de l&rsquo;\u00e9nergie solaire\",\"datePublished\":\"2019-09-05T10:49:27+00:00\",\"mainEntityOfPage\":{\"@id\":\"https:\/\/228news.tg\/index.php\/2019\/09\/05\/six-pays-dafrique-subsaharienne-sengagent-desormais-dans-les-investissements-de-lenergie-solaire-2\/\"},\"wordCount\":503,\"commentCount\":0,\"publisher\":{\"@id\":\"https:\/\/228news.tg\/#organization\"},\"image\":{\"@id\":\"https:\/\/228news.tg\/index.php\/2019\/09\/05\/six-pays-dafrique-subsaharienne-sengagent-desormais-dans-les-investissements-de-lenergie-solaire-2\/#primaryimage\"},\"thumbnailUrl\":\"https:\/\/228news.tg\/wp-content\/uploads\/2024\/09\/IMG-20211003-WA0045.jpg\",\"articleSection\":[\"ECONOMIE\"],\"inLanguage\":\"fr-FR\",\"potentialAction\":[{\"@type\":\"CommentAction\",\"name\":\"Comment\",\"target\":[\"https:\/\/228news.tg\/index.php\/2019\/09\/05\/six-pays-dafrique-subsaharienne-sengagent-desormais-dans-les-investissements-de-lenergie-solaire-2\/#respond\"]}]},{\"@type\":\"WebPage\",\"@id\":\"https:\/\/228news.tg\/index.php\/2019\/09\/05\/six-pays-dafrique-subsaharienne-sengagent-desormais-dans-les-investissements-de-lenergie-solaire-2\/\",\"url\":\"https:\/\/228news.tg\/index.php\/2019\/09\/05\/six-pays-dafrique-subsaharienne-sengagent-desormais-dans-les-investissements-de-lenergie-solaire-2\/\",\"name\":\"Six pays d'Afrique subsaharienne s'engagent d\u00e9sormais dans les investissements de l'\u00e9nergie solaire - 228 News\",\"isPartOf\":{\"@id\":\"https:\/\/228news.tg\/#website\"},\"primaryImageOfPage\":{\"@id\":\"https:\/\/228news.tg\/index.php\/2019\/09\/05\/six-pays-dafrique-subsaharienne-sengagent-desormais-dans-les-investissements-de-lenergie-solaire-2\/#primaryimage\"},\"image\":{\"@id\":\"https:\/\/228news.tg\/index.php\/2019\/09\/05\/six-pays-dafrique-subsaharienne-sengagent-desormais-dans-les-investissements-de-lenergie-solaire-2\/#primaryimage\"},\"thumbnailUrl\":\"https:\/\/228news.tg\/wp-content\/uploads\/2024\/09\/IMG-20211003-WA0045.jpg\",\"datePublished\":\"2019-09-05T10:49:27+00:00\",\"breadcrumb\":{\"@id\":\"https:\/\/228news.tg\/index.php\/2019\/09\/05\/six-pays-dafrique-subsaharienne-sengagent-desormais-dans-les-investissements-de-lenergie-solaire-2\/#breadcrumb\"},\"inLanguage\":\"fr-FR\",\"potentialAction\":[{\"@type\":\"ReadAction\",\"target\":[\"https:\/\/228news.tg\/index.php\/2019\/09\/05\/six-pays-dafrique-subsaharienne-sengagent-desormais-dans-les-investissements-de-lenergie-solaire-2\/\"]}]},{\"@type\":\"ImageObject\",\"inLanguage\":\"fr-FR\",\"@id\":\"https:\/\/228news.tg\/index.php\/2019\/09\/05\/six-pays-dafrique-subsaharienne-sengagent-desormais-dans-les-investissements-de-lenergie-solaire-2\/#primaryimage\",\"url\":\"https:\/\/228news.tg\/wp-content\/uploads\/2024\/09\/IMG-20211003-WA0045.jpg\",\"contentUrl\":\"https:\/\/228news.tg\/wp-content\/uploads\/2024\/09\/IMG-20211003-WA0045.jpg\",\"width\":744,\"height\":992},{\"@type\":\"BreadcrumbList\",\"@id\":\"https:\/\/228news.tg\/index.php\/2019\/09\/05\/six-pays-dafrique-subsaharienne-sengagent-desormais-dans-les-investissements-de-lenergie-solaire-2\/#breadcrumb\",\"itemListElement\":[{\"@type\":\"ListItem\",\"position\":1,\"name\":\"Home\",\"item\":\"https:\/\/228news.tg\/\"},{\"@type\":\"ListItem\",\"position\":2,\"name\":\"Six pays d&rsquo;Afrique subsaharienne s&rsquo;engagent d\u00e9sormais dans les investissements de l&rsquo;\u00e9nergie solaire\"}]},{\"@type\":\"WebSite\",\"@id\":\"https:\/\/228news.tg\/#website\",\"url\":\"https:\/\/228news.tg\/\",\"name\":\"228 News\",\"description\":\"Soci\u00e9t\u00e9 de m\u00e9dias et d\u2019actualit\u00e9s\",\"publisher\":{\"@id\":\"https:\/\/228news.tg\/#organization\"},\"potentialAction\":[{\"@type\":\"SearchAction\",\"target\":{\"@type\":\"EntryPoint\",\"urlTemplate\":\"https:\/\/228news.tg\/?s={search_term_string}\"},\"query-input\":{\"@type\":\"PropertyValueSpecification\",\"valueRequired\":true,\"valueName\":\"search_term_string\"}}],\"inLanguage\":\"fr-FR\"},{\"@type\":\"Organization\",\"@id\":\"https:\/\/228news.tg\/#organization\",\"name\":\"228 News\",\"url\":\"https:\/\/228news.tg\/\",\"logo\":{\"@type\":\"ImageObject\",\"inLanguage\":\"fr-FR\",\"@id\":\"https:\/\/228news.tg\/#\/schema\/logo\/image\/\",\"url\":\"https:\/\/228news.tg\/wp-content\/uploads\/2024\/09\/logonew.png\",\"contentUrl\":\"https:\/\/228news.tg\/wp-content\/uploads\/2024\/09\/logonew.png\",\"width\":1640,\"height\":364,\"caption\":\"228 News\"},\"image\":{\"@id\":\"https:\/\/228news.tg\/#\/schema\/logo\/image\/\"}},{\"@type\":\"Person\",\"@id\":\"https:\/\/228news.tg\/#\/schema\/person\/68d5a6cc0230290e61235c8379523f52\",\"name\":\"Bienvenu SAVI\",\"image\":{\"@type\":\"ImageObject\",\"inLanguage\":\"fr-FR\",\"@id\":\"https:\/\/228news.tg\/#\/schema\/person\/image\/\",\"url\":\"https:\/\/secure.gravatar.com\/avatar\/9db91895c559e510509c33a3e9683998458e9b828fac36d5d1aa23f0f2fd369b?s=96&d=mm&r=g\",\"contentUrl\":\"https:\/\/secure.gravatar.com\/avatar\/9db91895c559e510509c33a3e9683998458e9b828fac36d5d1aa23f0f2fd369b?s=96&d=mm&r=g\",\"caption\":\"Bienvenu SAVI\"},\"url\":\"https:\/\/228news.tg\/index.php\/author\/bienvenu\/\"}]}<\/script>\n<!-- \/ Yoast SEO plugin. -->","yoast_head_json":{"title":"Six pays d'Afrique subsaharienne s'engagent d\u00e9sormais dans les investissements de l'\u00e9nergie solaire - 228 News","robots":{"index":"index","follow":"follow","max-snippet":"max-snippet:-1","max-image-preview":"max-image-preview:large","max-video-preview":"max-video-preview:-1"},"canonical":"https:\/\/228news.tg\/index.php\/2019\/09\/05\/six-pays-dafrique-subsaharienne-sengagent-desormais-dans-les-investissements-de-lenergie-solaire-2\/","og_locale":"fr_FR","og_type":"article","og_title":"Six pays d'Afrique subsaharienne s'engagent d\u00e9sormais dans les investissements de l'\u00e9nergie solaire - 228 News","og_description":"Un s\u00e9minaire sur les projets solaires suivi des journ\u00e9es de rencontres bilat\u00e9rales a eu lieu ce mardi 3 septembre 2019 \u00e0 Lom\u00e9. Six pays d&rsquo;Afrique subsaharienne \u00e0 savoir : le B\u00e9nin, le Burkina Faso, le Gabon, le Mali, le Niger et le Togo veulent d\u00e9sormais mettre en place un cadre juridique supranational pour la soumission ... Lire la suite","og_url":"https:\/\/228news.tg\/index.php\/2019\/09\/05\/six-pays-dafrique-subsaharienne-sengagent-desormais-dans-les-investissements-de-lenergie-solaire-2\/","og_site_name":"228 News","article_published_time":"2019-09-05T10:49:27+00:00","author":"Bienvenu SAVI","twitter_card":"summary_large_image","twitter_misc":{"\u00c9crit par":"Bienvenu SAVI","Dur\u00e9e de lecture estim\u00e9e":"2 minutes"},"schema":{"@context":"https:\/\/schema.org","@graph":[{"@type":"Article","@id":"https:\/\/228news.tg\/index.php\/2019\/09\/05\/six-pays-dafrique-subsaharienne-sengagent-desormais-dans-les-investissements-de-lenergie-solaire-2\/#article","isPartOf":{"@id":"https:\/\/228news.tg\/index.php\/2019\/09\/05\/six-pays-dafrique-subsaharienne-sengagent-desormais-dans-les-investissements-de-lenergie-solaire-2\/"},"author":{"name":"Bienvenu SAVI","@id":"https:\/\/228news.tg\/#\/schema\/person\/68d5a6cc0230290e61235c8379523f52"},"headline":"Six pays d&rsquo;Afrique subsaharienne s&rsquo;engagent d\u00e9sormais dans les investissements de l&rsquo;\u00e9nergie solaire","datePublished":"2019-09-05T10:49:27+00:00","mainEntityOfPage":{"@id":"https:\/\/228news.tg\/index.php\/2019\/09\/05\/six-pays-dafrique-subsaharienne-sengagent-desormais-dans-les-investissements-de-lenergie-solaire-2\/"},"wordCount":503,"commentCount":0,"publisher":{"@id":"https:\/\/228news.tg\/#organization"},"image":{"@id":"https:\/\/228news.tg\/index.php\/2019\/09\/05\/six-pays-dafrique-subsaharienne-sengagent-desormais-dans-les-investissements-de-lenergie-solaire-2\/#primaryimage"},"thumbnailUrl":"https:\/\/228news.tg\/wp-content\/uploads\/2024\/09\/IMG-20211003-WA0045.jpg","articleSection":["ECONOMIE"],"inLanguage":"fr-FR","potentialAction":[{"@type":"CommentAction","name":"Comment","target":["https:\/\/228news.tg\/index.php\/2019\/09\/05\/six-pays-dafrique-subsaharienne-sengagent-desormais-dans-les-investissements-de-lenergie-solaire-2\/#respond"]}]},{"@type":"WebPage","@id":"https:\/\/228news.tg\/index.php\/2019\/09\/05\/six-pays-dafrique-subsaharienne-sengagent-desormais-dans-les-investissements-de-lenergie-solaire-2\/","url":"https:\/\/228news.tg\/index.php\/2019\/09\/05\/six-pays-dafrique-subsaharienne-sengagent-desormais-dans-les-investissements-de-lenergie-solaire-2\/","name":"Six pays d'Afrique subsaharienne s'engagent d\u00e9sormais dans les investissements de l'\u00e9nergie solaire - 228 News","isPartOf":{"@id":"https:\/\/228news.tg\/#website"},"primaryImageOfPage":{"@id":"https:\/\/228news.tg\/index.php\/2019\/09\/05\/six-pays-dafrique-subsaharienne-sengagent-desormais-dans-les-investissements-de-lenergie-solaire-2\/#primaryimage"},"image":{"@id":"https:\/\/228news.tg\/index.php\/2019\/09\/05\/six-pays-dafrique-subsaharienne-sengagent-desormais-dans-les-investissements-de-lenergie-solaire-2\/#primaryimage"},"thumbnailUrl":"https:\/\/228news.tg\/wp-content\/uploads\/2024\/09\/IMG-20211003-WA0045.jpg","datePublished":"2019-09-05T10:49:27+00:00","breadcrumb":{"@id":"https:\/\/228news.tg\/index.php\/2019\/09\/05\/six-pays-dafrique-subsaharienne-sengagent-desormais-dans-les-investissements-de-lenergie-solaire-2\/#breadcrumb"},"inLanguage":"fr-FR","potentialAction":[{"@type":"ReadAction","target":["https:\/\/228news.tg\/index.php\/2019\/09\/05\/six-pays-dafrique-subsaharienne-sengagent-desormais-dans-les-investissements-de-lenergie-solaire-2\/"]}]},{"@type":"ImageObject","inLanguage":"fr-FR","@id":"https:\/\/228news.tg\/index.php\/2019\/09\/05\/six-pays-dafrique-subsaharienne-sengagent-desormais-dans-les-investissements-de-lenergie-solaire-2\/#primaryimage","url":"https:\/\/228news.tg\/wp-content\/uploads\/2024\/09\/IMG-20211003-WA0045.jpg","contentUrl":"https:\/\/228news.tg\/wp-content\/uploads\/2024\/09\/IMG-20211003-WA0045.jpg","width":744,"height":992},{"@type":"BreadcrumbList","@id":"https:\/\/228news.tg\/index.php\/2019\/09\/05\/six-pays-dafrique-subsaharienne-sengagent-desormais-dans-les-investissements-de-lenergie-solaire-2\/#breadcrumb","itemListElement":[{"@type":"ListItem","position":1,"name":"Home","item":"https:\/\/228news.tg\/"},{"@type":"ListItem","position":2,"name":"Six pays d&rsquo;Afrique subsaharienne s&rsquo;engagent d\u00e9sormais dans les investissements de l&rsquo;\u00e9nergie solaire"}]},{"@type":"WebSite","@id":"https:\/\/228news.tg\/#website","url":"https:\/\/228news.tg\/","name":"228 News","description":"Soci\u00e9t\u00e9 de m\u00e9dias et d\u2019actualit\u00e9s","publisher":{"@id":"https:\/\/228news.tg\/#organization"},"potentialAction":[{"@type":"SearchAction","target":{"@type":"EntryPoint","urlTemplate":"https:\/\/228news.tg\/?s={search_term_string}"},"query-input":{"@type":"PropertyValueSpecification","valueRequired":true,"valueName":"search_term_string"}}],"inLanguage":"fr-FR"},{"@type":"Organization","@id":"https:\/\/228news.tg\/#organization","name":"228 News","url":"https:\/\/228news.tg\/","logo":{"@type":"ImageObject","inLanguage":"fr-FR","@id":"https:\/\/228news.tg\/#\/schema\/logo\/image\/","url":"https:\/\/228news.tg\/wp-content\/uploads\/2024\/09\/logonew.png","contentUrl":"https:\/\/228news.tg\/wp-content\/uploads\/2024\/09\/logonew.png","width":1640,"height":364,"caption":"228 News"},"image":{"@id":"https:\/\/228news.tg\/#\/schema\/logo\/image\/"}},{"@type":"Person","@id":"https:\/\/228news.tg\/#\/schema\/person\/68d5a6cc0230290e61235c8379523f52","name":"Bienvenu SAVI","image":{"@type":"ImageObject","inLanguage":"fr-FR","@id":"https:\/\/228news.tg\/#\/schema\/person\/image\/","url":"https:\/\/secure.gravatar.com\/avatar\/9db91895c559e510509c33a3e9683998458e9b828fac36d5d1aa23f0f2fd369b?s=96&d=mm&r=g","contentUrl":"https:\/\/secure.gravatar.com\/avatar\/9db91895c559e510509c33a3e9683998458e9b828fac36d5d1aa23f0f2fd369b?s=96&d=mm&r=g","caption":"Bienvenu SAVI"},"url":"https:\/\/228news.tg\/index.php\/author\/bienvenu\/"}]}},"jetpack_featured_media_url":"https:\/\/228news.tg\/wp-content\/uploads\/2024\/09\/IMG-20211003-WA0045.jpg","_links":{"self":[{"href":"https:\/\/228news.tg\/index.php\/wp-json\/wp\/v2\/posts\/14789","targetHints":{"allow":["GET"]}}],"collection":[{"href":"https:\/\/228news.tg\/index.php\/wp-json\/wp\/v2\/posts"}],"about":[{"href":"https:\/\/228news.tg\/index.php\/wp-json\/wp\/v2\/types\/post"}],"author":[{"embeddable":true,"href":"https:\/\/228news.tg\/index.php\/wp-json\/wp\/v2\/users\/2"}],"replies":[{"embeddable":true,"href":"https:\/\/228news.tg\/index.php\/wp-json\/wp\/v2\/comments?post=14789"}],"version-history":[{"count":0,"href":"https:\/\/228news.tg\/index.php\/wp-json\/wp\/v2\/posts\/14789\/revisions"}],"wp:featuredmedia":[{"embeddable":true,"href":"https:\/\/228news.tg\/index.php\/wp-json\/wp\/v2\/media\/4609"}],"wp:attachment":[{"href":"https:\/\/228news.tg\/index.php\/wp-json\/wp\/v2\/media?parent=14789"}],"wp:term":[{"taxonomy":"category","embeddable":true,"href":"https:\/\/228news.tg\/index.php\/wp-json\/wp\/v2\/categories?post=14789"},{"taxonomy":"post_tag","embeddable":true,"href":"https:\/\/228news.tg\/index.php\/wp-json\/wp\/v2\/tags?post=14789"}],"curies":[{"name":"wp","href":"https:\/\/api.w.org\/{rel}","templated":true}]}}