{"id":14787,"date":"2019-08-16T13:19:57","date_gmt":"2019-08-16T13:19:57","guid":{"rendered":"http:\/\/localhost\/site\/228news\/?p=4597"},"modified":"2019-08-16T13:19:57","modified_gmt":"2019-08-16T13:19:57","slug":"societe-reprise-des-activites-a-laeroport-de-hong-kong-2","status":"publish","type":"post","link":"https:\/\/228news.tg\/index.php\/2019\/08\/16\/societe-reprise-des-activites-a-laeroport-de-hong-kong-2\/","title":{"rendered":"Soci\u00e9t\u00e9 : Reprise des activit\u00e9s \u00e0 l&rsquo;a\u00e9roport de Hong Kong"},"content":{"rendered":"\n<p><\/p>\n\n\n\n<p><em><strong>Apr\u00e8s\n48 heures de la mont\u00e9e de tension entre les forces de l&rsquo;ordre et les\nmanifestants pro-d\u00e9mocratie, le calme est revenu \u00e0 l<\/strong><\/em><em><strong>&lsquo;a\u00e9roport\nde Hong Kong<\/strong><\/em><em><strong>.\nLes activit\u00e9s ont normlement repris <\/strong><\/em><em><strong>\nmercredi <\/strong><\/em><em><strong>14\nao\u00fbt<\/strong><\/em><em><strong>, alors que P\u00e9kin\naccentue ses menaces d&rsquo;intervention.<\/strong><\/em><\/p>\n\n\n\n<p>Les vols au\nd\u00e9part ont repris normalement mercredi matin et les guichets\nd&rsquo;enregistrement fonctionnaient alors que la grande majorit\u00e9 des\nprotestataires ont quitt\u00e9 l&rsquo;a\u00e9roport &#8211; une poign\u00e9e est rest\u00e9e sur\nplace, dormant sur les lieux. Il ne reste actuellement\nun petit groupe de manifestants, qui se\nsont r\u00e9unis dans un grand rectangle o\u00f9 sont placard\u00e9es leurs\nrevendications.<\/p>\n\n\n\n<p> La\njourn\u00e9e de mardi  a \u00e9t\u00e9 tellement\nmouvement\u00e9e . Des\nforces de l&rsquo;ordre ont fait usage de gaz\npoivre, alors qu&rsquo;ils escortaient un homme \u00e9vacu\u00e9 par ambulance de\nl&rsquo;a\u00e9roport, d\u00e9nonc\u00e9 par les manifestants comme \u00e9tant un policier\ninfiltr\u00e9. Leur v\u00e9hicule 4&#215;4\ns&rsquo;est retrouv\u00e9 bloqu\u00e9 par quelques\ncentaines de manifestants radicaux. Les policiers en sont alors\nsortis pour d\u00e9gager la voie, pulv\u00e9risant du gaz et arr\u00eatant au\nmoins deux personnes.<\/p>\n\n\n\n<p><strong>MB<\/strong><\/p>\n","protected":false},"excerpt":{"rendered":"<p>Apr\u00e8s 48 heures de la mont\u00e9e de tension entre les forces de l&rsquo;ordre et les manifestants pro-d\u00e9mocratie, le calme est revenu \u00e0 l&lsquo;a\u00e9roport de Hong Kong. Les activit\u00e9s ont normlement repris mercredi 14 ao\u00fbt, alors que P\u00e9kin accentue ses menaces d&rsquo;intervention. Les vols au d\u00e9part ont repris normalement mercredi matin et les guichets d&rsquo;enregistrement fonctionnaient &#8230; <a title=\"Soci\u00e9t\u00e9 : Reprise des activit\u00e9s \u00e0 l&rsquo;a\u00e9roport de Hong Kong\" class=\"read-more\" href=\"https:\/\/228news.tg\/index.php\/2019\/08\/16\/societe-reprise-des-activites-a-laeroport-de-hong-kong-2\/\" aria-label=\"En savoir plus sur Soci\u00e9t\u00e9 : Reprise des activit\u00e9s \u00e0 l&rsquo;a\u00e9roport de Hong Kong\">Lire la suite<\/a><\/p>\n","protected":false},"author":2,"featured_media":4598,"comment_status":"open","ping_status":"open","sticky":false,"template":"","format":"chat","meta":{"footnotes":""},"categories":[29,25],"tags":[],"class_list":["post-14787","post","type-post","status-publish","format-chat","has-post-thumbnail","hentry","category-societe","category-togo","post_format-post-format-chat"],"yoast_head":"<!-- This site is optimized with the Yoast SEO plugin v26.4 - https:\/\/yoast.com\/wordpress\/plugins\/seo\/ -->\n<title>Soci\u00e9t\u00e9 : Reprise des activit\u00e9s \u00e0 l&#039;a\u00e9roport de Hong Kong - 228 News<\/title>\n<meta name=\"robots\" content=\"index, follow, max-snippet:-1, max-image-preview:large, max-video-preview:-1\" \/>\n<link rel=\"canonical\" href=\"https:\/\/228news.tg\/index.php\/2019\/08\/16\/societe-reprise-des-activites-a-laeroport-de-hong-kong-2\/\" \/>\n<meta property=\"og:locale\" content=\"fr_FR\" \/>\n<meta property=\"og:type\" content=\"article\" \/>\n<meta property=\"og:title\" content=\"Soci\u00e9t\u00e9 : Reprise des activit\u00e9s \u00e0 l&#039;a\u00e9roport de Hong Kong - 228 News\" \/>\n<meta property=\"og:description\" content=\"Apr\u00e8s 48 heures de la mont\u00e9e de tension entre les forces de l&rsquo;ordre et les manifestants pro-d\u00e9mocratie, le calme est revenu \u00e0 l&lsquo;a\u00e9roport de Hong Kong. Les activit\u00e9s ont normlement repris mercredi 14 ao\u00fbt, alors que P\u00e9kin accentue ses menaces d&rsquo;intervention. Les vols au d\u00e9part ont repris normalement mercredi matin et les guichets d&rsquo;enregistrement fonctionnaient ... Lire la suite\" \/>\n<meta property=\"og:url\" content=\"https:\/\/228news.tg\/index.php\/2019\/08\/16\/societe-reprise-des-activites-a-laeroport-de-hong-kong-2\/\" \/>\n<meta property=\"og:site_name\" content=\"228 News\" \/>\n<meta property=\"article:published_time\" content=\"2019-08-16T13:19:57+00:00\" \/>\n<meta name=\"author\" content=\"Bienvenu SAVI\" \/>\n<meta name=\"twitter:card\" content=\"summary_large_image\" \/>\n<meta name=\"twitter:label1\" content=\"\u00c9crit par\" \/>\n\t<meta name=\"twitter:data1\" content=\"Bienvenu SAVI\" \/>\n\t<meta name=\"twitter:label2\" content=\"Dur\u00e9e de lecture estim\u00e9e\" \/>\n\t<meta name=\"twitter:data2\" content=\"1 minute\" \/>\n<script type=\"application\/ld+json\" class=\"yoast-schema-graph\">{\"@context\":\"https:\/\/schema.org\",\"@graph\":[{\"@type\":\"Article\",\"@id\":\"https:\/\/228news.tg\/index.php\/2019\/08\/16\/societe-reprise-des-activites-a-laeroport-de-hong-kong-2\/#article\",\"isPartOf\":{\"@id\":\"https:\/\/228news.tg\/index.php\/2019\/08\/16\/societe-reprise-des-activites-a-laeroport-de-hong-kong-2\/\"},\"author\":{\"name\":\"Bienvenu SAVI\",\"@id\":\"https:\/\/228news.tg\/#\/schema\/person\/68d5a6cc0230290e61235c8379523f52\"},\"headline\":\"Soci\u00e9t\u00e9 : Reprise des activit\u00e9s \u00e0 l&rsquo;a\u00e9roport de Hong Kong\",\"datePublished\":\"2019-08-16T13:19:57+00:00\",\"mainEntityOfPage\":{\"@id\":\"https:\/\/228news.tg\/index.php\/2019\/08\/16\/societe-reprise-des-activites-a-laeroport-de-hong-kong-2\/\"},\"wordCount\":206,\"commentCount\":0,\"publisher\":{\"@id\":\"https:\/\/228news.tg\/#organization\"},\"image\":{\"@id\":\"https:\/\/228news.tg\/index.php\/2019\/08\/16\/societe-reprise-des-activites-a-laeroport-de-hong-kong-2\/#primaryimage\"},\"thumbnailUrl\":\"\",\"articleSection\":[\"SOCIETE\",\"TOGO\"],\"inLanguage\":\"fr-FR\",\"potentialAction\":[{\"@type\":\"CommentAction\",\"name\":\"Comment\",\"target\":[\"https:\/\/228news.tg\/index.php\/2019\/08\/16\/societe-reprise-des-activites-a-laeroport-de-hong-kong-2\/#respond\"]}]},{\"@type\":\"WebPage\",\"@id\":\"https:\/\/228news.tg\/index.php\/2019\/08\/16\/societe-reprise-des-activites-a-laeroport-de-hong-kong-2\/\",\"url\":\"https:\/\/228news.tg\/index.php\/2019\/08\/16\/societe-reprise-des-activites-a-laeroport-de-hong-kong-2\/\",\"name\":\"Soci\u00e9t\u00e9 : Reprise des activit\u00e9s \u00e0 l'a\u00e9roport de Hong Kong - 228 News\",\"isPartOf\":{\"@id\":\"https:\/\/228news.tg\/#website\"},\"primaryImageOfPage\":{\"@id\":\"https:\/\/228news.tg\/index.php\/2019\/08\/16\/societe-reprise-des-activites-a-laeroport-de-hong-kong-2\/#primaryimage\"},\"image\":{\"@id\":\"https:\/\/228news.tg\/index.php\/2019\/08\/16\/societe-reprise-des-activites-a-laeroport-de-hong-kong-2\/#primaryimage\"},\"thumbnailUrl\":\"\",\"datePublished\":\"2019-08-16T13:19:57+00:00\",\"breadcrumb\":{\"@id\":\"https:\/\/228news.tg\/index.php\/2019\/08\/16\/societe-reprise-des-activites-a-laeroport-de-hong-kong-2\/#breadcrumb\"},\"inLanguage\":\"fr-FR\",\"potentialAction\":[{\"@type\":\"ReadAction\",\"target\":[\"https:\/\/228news.tg\/index.php\/2019\/08\/16\/societe-reprise-des-activites-a-laeroport-de-hong-kong-2\/\"]}]},{\"@type\":\"ImageObject\",\"inLanguage\":\"fr-FR\",\"@id\":\"https:\/\/228news.tg\/index.php\/2019\/08\/16\/societe-reprise-des-activites-a-laeroport-de-hong-kong-2\/#primaryimage\",\"url\":\"\",\"contentUrl\":\"\"},{\"@type\":\"BreadcrumbList\",\"@id\":\"https:\/\/228news.tg\/index.php\/2019\/08\/16\/societe-reprise-des-activites-a-laeroport-de-hong-kong-2\/#breadcrumb\",\"itemListElement\":[{\"@type\":\"ListItem\",\"position\":1,\"name\":\"Home\",\"item\":\"https:\/\/228news.tg\/\"},{\"@type\":\"ListItem\",\"position\":2,\"name\":\"Soci\u00e9t\u00e9 : Reprise des activit\u00e9s \u00e0 l&rsquo;a\u00e9roport de Hong Kong\"}]},{\"@type\":\"WebSite\",\"@id\":\"https:\/\/228news.tg\/#website\",\"url\":\"https:\/\/228news.tg\/\",\"name\":\"228 News\",\"description\":\"Soci\u00e9t\u00e9 de m\u00e9dias et d\u2019actualit\u00e9s\",\"publisher\":{\"@id\":\"https:\/\/228news.tg\/#organization\"},\"potentialAction\":[{\"@type\":\"SearchAction\",\"target\":{\"@type\":\"EntryPoint\",\"urlTemplate\":\"https:\/\/228news.tg\/?s={search_term_string}\"},\"query-input\":{\"@type\":\"PropertyValueSpecification\",\"valueRequired\":true,\"valueName\":\"search_term_string\"}}],\"inLanguage\":\"fr-FR\"},{\"@type\":\"Organization\",\"@id\":\"https:\/\/228news.tg\/#organization\",\"name\":\"228 News\",\"url\":\"https:\/\/228news.tg\/\",\"logo\":{\"@type\":\"ImageObject\",\"inLanguage\":\"fr-FR\",\"@id\":\"https:\/\/228news.tg\/#\/schema\/logo\/image\/\",\"url\":\"https:\/\/228news.tg\/wp-content\/uploads\/2024\/09\/logonew.png\",\"contentUrl\":\"https:\/\/228news.tg\/wp-content\/uploads\/2024\/09\/logonew.png\",\"width\":1640,\"height\":364,\"caption\":\"228 News\"},\"image\":{\"@id\":\"https:\/\/228news.tg\/#\/schema\/logo\/image\/\"}},{\"@type\":\"Person\",\"@id\":\"https:\/\/228news.tg\/#\/schema\/person\/68d5a6cc0230290e61235c8379523f52\",\"name\":\"Bienvenu SAVI\",\"image\":{\"@type\":\"ImageObject\",\"inLanguage\":\"fr-FR\",\"@id\":\"https:\/\/228news.tg\/#\/schema\/person\/image\/\",\"url\":\"https:\/\/secure.gravatar.com\/avatar\/9db91895c559e510509c33a3e9683998458e9b828fac36d5d1aa23f0f2fd369b?s=96&d=mm&r=g\",\"contentUrl\":\"https:\/\/secure.gravatar.com\/avatar\/9db91895c559e510509c33a3e9683998458e9b828fac36d5d1aa23f0f2fd369b?s=96&d=mm&r=g\",\"caption\":\"Bienvenu SAVI\"},\"url\":\"https:\/\/228news.tg\/index.php\/author\/bienvenu\/\"}]}<\/script>\n<!-- \/ Yoast SEO plugin. -->","yoast_head_json":{"title":"Soci\u00e9t\u00e9 : Reprise des activit\u00e9s \u00e0 l'a\u00e9roport de Hong Kong - 228 News","robots":{"index":"index","follow":"follow","max-snippet":"max-snippet:-1","max-image-preview":"max-image-preview:large","max-video-preview":"max-video-preview:-1"},"canonical":"https:\/\/228news.tg\/index.php\/2019\/08\/16\/societe-reprise-des-activites-a-laeroport-de-hong-kong-2\/","og_locale":"fr_FR","og_type":"article","og_title":"Soci\u00e9t\u00e9 : Reprise des activit\u00e9s \u00e0 l'a\u00e9roport de Hong Kong - 228 News","og_description":"Apr\u00e8s 48 heures de la mont\u00e9e de tension entre les forces de l&rsquo;ordre et les manifestants pro-d\u00e9mocratie, le calme est revenu \u00e0 l&lsquo;a\u00e9roport de Hong Kong. Les activit\u00e9s ont normlement repris mercredi 14 ao\u00fbt, alors que P\u00e9kin accentue ses menaces d&rsquo;intervention. Les vols au d\u00e9part ont repris normalement mercredi matin et les guichets d&rsquo;enregistrement fonctionnaient ... Lire la suite","og_url":"https:\/\/228news.tg\/index.php\/2019\/08\/16\/societe-reprise-des-activites-a-laeroport-de-hong-kong-2\/","og_site_name":"228 News","article_published_time":"2019-08-16T13:19:57+00:00","author":"Bienvenu SAVI","twitter_card":"summary_large_image","twitter_misc":{"\u00c9crit par":"Bienvenu SAVI","Dur\u00e9e de lecture estim\u00e9e":"1 minute"},"schema":{"@context":"https:\/\/schema.org","@graph":[{"@type":"Article","@id":"https:\/\/228news.tg\/index.php\/2019\/08\/16\/societe-reprise-des-activites-a-laeroport-de-hong-kong-2\/#article","isPartOf":{"@id":"https:\/\/228news.tg\/index.php\/2019\/08\/16\/societe-reprise-des-activites-a-laeroport-de-hong-kong-2\/"},"author":{"name":"Bienvenu SAVI","@id":"https:\/\/228news.tg\/#\/schema\/person\/68d5a6cc0230290e61235c8379523f52"},"headline":"Soci\u00e9t\u00e9 : Reprise des activit\u00e9s \u00e0 l&rsquo;a\u00e9roport de Hong Kong","datePublished":"2019-08-16T13:19:57+00:00","mainEntityOfPage":{"@id":"https:\/\/228news.tg\/index.php\/2019\/08\/16\/societe-reprise-des-activites-a-laeroport-de-hong-kong-2\/"},"wordCount":206,"commentCount":0,"publisher":{"@id":"https:\/\/228news.tg\/#organization"},"image":{"@id":"https:\/\/228news.tg\/index.php\/2019\/08\/16\/societe-reprise-des-activites-a-laeroport-de-hong-kong-2\/#primaryimage"},"thumbnailUrl":"","articleSection":["SOCIETE","TOGO"],"inLanguage":"fr-FR","potentialAction":[{"@type":"CommentAction","name":"Comment","target":["https:\/\/228news.tg\/index.php\/2019\/08\/16\/societe-reprise-des-activites-a-laeroport-de-hong-kong-2\/#respond"]}]},{"@type":"WebPage","@id":"https:\/\/228news.tg\/index.php\/2019\/08\/16\/societe-reprise-des-activites-a-laeroport-de-hong-kong-2\/","url":"https:\/\/228news.tg\/index.php\/2019\/08\/16\/societe-reprise-des-activites-a-laeroport-de-hong-kong-2\/","name":"Soci\u00e9t\u00e9 : Reprise des activit\u00e9s \u00e0 l'a\u00e9roport de Hong Kong - 228 News","isPartOf":{"@id":"https:\/\/228news.tg\/#website"},"primaryImageOfPage":{"@id":"https:\/\/228news.tg\/index.php\/2019\/08\/16\/societe-reprise-des-activites-a-laeroport-de-hong-kong-2\/#primaryimage"},"image":{"@id":"https:\/\/228news.tg\/index.php\/2019\/08\/16\/societe-reprise-des-activites-a-laeroport-de-hong-kong-2\/#primaryimage"},"thumbnailUrl":"","datePublished":"2019-08-16T13:19:57+00:00","breadcrumb":{"@id":"https:\/\/228news.tg\/index.php\/2019\/08\/16\/societe-reprise-des-activites-a-laeroport-de-hong-kong-2\/#breadcrumb"},"inLanguage":"fr-FR","potentialAction":[{"@type":"ReadAction","target":["https:\/\/228news.tg\/index.php\/2019\/08\/16\/societe-reprise-des-activites-a-laeroport-de-hong-kong-2\/"]}]},{"@type":"ImageObject","inLanguage":"fr-FR","@id":"https:\/\/228news.tg\/index.php\/2019\/08\/16\/societe-reprise-des-activites-a-laeroport-de-hong-kong-2\/#primaryimage","url":"","contentUrl":""},{"@type":"BreadcrumbList","@id":"https:\/\/228news.tg\/index.php\/2019\/08\/16\/societe-reprise-des-activites-a-laeroport-de-hong-kong-2\/#breadcrumb","itemListElement":[{"@type":"ListItem","position":1,"name":"Home","item":"https:\/\/228news.tg\/"},{"@type":"ListItem","position":2,"name":"Soci\u00e9t\u00e9 : Reprise des activit\u00e9s \u00e0 l&rsquo;a\u00e9roport de Hong Kong"}]},{"@type":"WebSite","@id":"https:\/\/228news.tg\/#website","url":"https:\/\/228news.tg\/","name":"228 News","description":"Soci\u00e9t\u00e9 de m\u00e9dias et d\u2019actualit\u00e9s","publisher":{"@id":"https:\/\/228news.tg\/#organization"},"potentialAction":[{"@type":"SearchAction","target":{"@type":"EntryPoint","urlTemplate":"https:\/\/228news.tg\/?s={search_term_string}"},"query-input":{"@type":"PropertyValueSpecification","valueRequired":true,"valueName":"search_term_string"}}],"inLanguage":"fr-FR"},{"@type":"Organization","@id":"https:\/\/228news.tg\/#organization","name":"228 News","url":"https:\/\/228news.tg\/","logo":{"@type":"ImageObject","inLanguage":"fr-FR","@id":"https:\/\/228news.tg\/#\/schema\/logo\/image\/","url":"https:\/\/228news.tg\/wp-content\/uploads\/2024\/09\/logonew.png","contentUrl":"https:\/\/228news.tg\/wp-content\/uploads\/2024\/09\/logonew.png","width":1640,"height":364,"caption":"228 News"},"image":{"@id":"https:\/\/228news.tg\/#\/schema\/logo\/image\/"}},{"@type":"Person","@id":"https:\/\/228news.tg\/#\/schema\/person\/68d5a6cc0230290e61235c8379523f52","name":"Bienvenu SAVI","image":{"@type":"ImageObject","inLanguage":"fr-FR","@id":"https:\/\/228news.tg\/#\/schema\/person\/image\/","url":"https:\/\/secure.gravatar.com\/avatar\/9db91895c559e510509c33a3e9683998458e9b828fac36d5d1aa23f0f2fd369b?s=96&d=mm&r=g","contentUrl":"https:\/\/secure.gravatar.com\/avatar\/9db91895c559e510509c33a3e9683998458e9b828fac36d5d1aa23f0f2fd369b?s=96&d=mm&r=g","caption":"Bienvenu SAVI"},"url":"https:\/\/228news.tg\/index.php\/author\/bienvenu\/"}]}},"jetpack_featured_media_url":"","_links":{"self":[{"href":"https:\/\/228news.tg\/index.php\/wp-json\/wp\/v2\/posts\/14787","targetHints":{"allow":["GET"]}}],"collection":[{"href":"https:\/\/228news.tg\/index.php\/wp-json\/wp\/v2\/posts"}],"about":[{"href":"https:\/\/228news.tg\/index.php\/wp-json\/wp\/v2\/types\/post"}],"author":[{"embeddable":true,"href":"https:\/\/228news.tg\/index.php\/wp-json\/wp\/v2\/users\/2"}],"replies":[{"embeddable":true,"href":"https:\/\/228news.tg\/index.php\/wp-json\/wp\/v2\/comments?post=14787"}],"version-history":[{"count":0,"href":"https:\/\/228news.tg\/index.php\/wp-json\/wp\/v2\/posts\/14787\/revisions"}],"wp:featuredmedia":[{"embeddable":true,"href":"https:\/\/228news.tg\/index.php\/wp-json\/wp\/v2\/posts\/4598"}],"wp:attachment":[{"href":"https:\/\/228news.tg\/index.php\/wp-json\/wp\/v2\/media?parent=14787"}],"wp:term":[{"taxonomy":"category","embeddable":true,"href":"https:\/\/228news.tg\/index.php\/wp-json\/wp\/v2\/categories?post=14787"},{"taxonomy":"post_tag","embeddable":true,"href":"https:\/\/228news.tg\/index.php\/wp-json\/wp\/v2\/tags?post=14787"}],"curies":[{"name":"wp","href":"https:\/\/api.w.org\/{rel}","templated":true}]}}