{"id":14776,"date":"2019-07-15T20:11:23","date_gmt":"2019-07-15T20:11:23","guid":{"rendered":"http:\/\/localhost\/site\/228news\/?p=4534"},"modified":"2019-07-15T20:11:23","modified_gmt":"2019-07-15T20:11:23","slug":"gala-de-la-boxe-des-evalas-la-troisieme-edition-au-palais-des-congres-de-kara-ce-jeudi-2","status":"publish","type":"post","link":"https:\/\/228news.tg\/index.php\/2019\/07\/15\/gala-de-la-boxe-des-evalas-la-troisieme-edition-au-palais-des-congres-de-kara-ce-jeudi-2\/","title":{"rendered":"Gala de la boxe des Evalas : La troisi\u00e8me \u00e9dition au palais des congr\u00e8s de Kara ce jeudi"},"content":{"rendered":"\n<p><strong>(228NEWS)- <\/strong>La pr\u00e9fecture de la Kozah toute enti\u00e8re vibre aux rythmes des luttes traditionnelles Evalas depuis le samedi 13 juillet dernier. Rite consacrant le passage de l\u2019enfance \u00e0 l\u2019\u00e2ge adulte chez les jeunes kaby\u00e8 Evalous, ces moments sont \u00e9galement et fortement marqu\u00e9s par d\u2019autres activit\u00e9s attractives, car attirant beaucoup de monde.<\/p>\n\n\n\n<p>Il en est ainsi du gala de la\nboxe des Evalas qui connaitra sa troisi\u00e8me \u00e9dition ce jeudi 18 juillet au\npalais des congr\u00e8s de Kara. <\/p>\n\n\n\n<p>A l\u2019initiative de Prinz Lorenzo\nBoxing Club, ce gala une fois encore \u0153uvrera \u00e0 la promotion du sport de boxe au\nsein de la jeunesse togolaise r\u00e9unie \u00e0 Kara durant cette p\u00e9riode.<\/p>\n\n\n\n<p>Il vise \u00e0 faire \u00e9clore les talents,\net susciter des vocations au sein de cette jeunesse togolaise, pleine de talents\net de surprises. <\/p>\n\n\n\n<p>Pour rappel, notons que Prinz\nLorenzo, le promoteur de ce gala est champion du monde de boxe et est consid\u00e9r\u00e9\ncomme une grande r\u00e9f\u00e9rence dans le monde de la boxe sur le plan mondial.<\/p>\n\n\n\n<p>Nous&nbsp; reviendrons. <\/p>\n\n\n\n<p><strong>Yves Lesaint<\/strong><\/p>\n","protected":false},"excerpt":{"rendered":"<p>(228NEWS)- La pr\u00e9fecture de la Kozah toute enti\u00e8re vibre aux rythmes des luttes traditionnelles Evalas depuis le samedi 13 juillet dernier. Rite consacrant le passage de l\u2019enfance \u00e0 l\u2019\u00e2ge adulte chez les jeunes kaby\u00e8 Evalous, ces moments sont \u00e9galement et fortement marqu\u00e9s par d\u2019autres activit\u00e9s attractives, car attirant beaucoup de monde. Il en est ainsi &#8230; <a title=\"Gala de la boxe des Evalas : La troisi\u00e8me \u00e9dition au palais des congr\u00e8s de Kara ce jeudi\" class=\"read-more\" href=\"https:\/\/228news.tg\/index.php\/2019\/07\/15\/gala-de-la-boxe-des-evalas-la-troisieme-edition-au-palais-des-congres-de-kara-ce-jeudi-2\/\" aria-label=\"En savoir plus sur Gala de la boxe des Evalas : La troisi\u00e8me \u00e9dition au palais des congr\u00e8s de Kara ce jeudi\">Lire la suite<\/a><\/p>\n","protected":false},"author":2,"featured_media":4535,"comment_status":"open","ping_status":"open","sticky":false,"template":"","format":"chat","meta":{"footnotes":""},"categories":[35,24,25,34],"tags":[],"class_list":["post-14776","post","type-post","status-publish","format-chat","has-post-thumbnail","hentry","category-flash","category-sports","category-togo","category-une","post_format-post-format-chat"],"yoast_head":"<!-- This site is optimized with the Yoast SEO plugin v26.4 - https:\/\/yoast.com\/wordpress\/plugins\/seo\/ -->\n<title>Gala de la boxe des Evalas : La troisi\u00e8me \u00e9dition au palais des congr\u00e8s de Kara ce jeudi - 228 News<\/title>\n<meta name=\"robots\" content=\"index, follow, max-snippet:-1, max-image-preview:large, max-video-preview:-1\" \/>\n<link rel=\"canonical\" href=\"https:\/\/228news.tg\/index.php\/2019\/07\/15\/gala-de-la-boxe-des-evalas-la-troisieme-edition-au-palais-des-congres-de-kara-ce-jeudi-2\/\" \/>\n<meta property=\"og:locale\" content=\"fr_FR\" \/>\n<meta property=\"og:type\" content=\"article\" \/>\n<meta property=\"og:title\" content=\"Gala de la boxe des Evalas : La troisi\u00e8me \u00e9dition au palais des congr\u00e8s de Kara ce jeudi - 228 News\" \/>\n<meta property=\"og:description\" content=\"(228NEWS)- La pr\u00e9fecture de la Kozah toute enti\u00e8re vibre aux rythmes des luttes traditionnelles Evalas depuis le samedi 13 juillet dernier. Rite consacrant le passage de l\u2019enfance \u00e0 l\u2019\u00e2ge adulte chez les jeunes kaby\u00e8 Evalous, ces moments sont \u00e9galement et fortement marqu\u00e9s par d\u2019autres activit\u00e9s attractives, car attirant beaucoup de monde. Il en est ainsi ... Lire la suite\" \/>\n<meta property=\"og:url\" content=\"https:\/\/228news.tg\/index.php\/2019\/07\/15\/gala-de-la-boxe-des-evalas-la-troisieme-edition-au-palais-des-congres-de-kara-ce-jeudi-2\/\" \/>\n<meta property=\"og:site_name\" content=\"228 News\" \/>\n<meta property=\"article:published_time\" content=\"2019-07-15T20:11:23+00:00\" \/>\n<meta name=\"author\" content=\"Bienvenu SAVI\" \/>\n<meta name=\"twitter:card\" content=\"summary_large_image\" \/>\n<meta name=\"twitter:label1\" content=\"\u00c9crit par\" \/>\n\t<meta name=\"twitter:data1\" content=\"Bienvenu SAVI\" \/>\n\t<meta name=\"twitter:label2\" content=\"Dur\u00e9e de lecture estim\u00e9e\" \/>\n\t<meta name=\"twitter:data2\" content=\"1 minute\" \/>\n<script type=\"application\/ld+json\" class=\"yoast-schema-graph\">{\"@context\":\"https:\/\/schema.org\",\"@graph\":[{\"@type\":\"Article\",\"@id\":\"https:\/\/228news.tg\/index.php\/2019\/07\/15\/gala-de-la-boxe-des-evalas-la-troisieme-edition-au-palais-des-congres-de-kara-ce-jeudi-2\/#article\",\"isPartOf\":{\"@id\":\"https:\/\/228news.tg\/index.php\/2019\/07\/15\/gala-de-la-boxe-des-evalas-la-troisieme-edition-au-palais-des-congres-de-kara-ce-jeudi-2\/\"},\"author\":{\"name\":\"Bienvenu SAVI\",\"@id\":\"https:\/\/228news.tg\/#\/schema\/person\/68d5a6cc0230290e61235c8379523f52\"},\"headline\":\"Gala de la boxe des Evalas : La troisi\u00e8me \u00e9dition au palais des congr\u00e8s de Kara ce jeudi\",\"datePublished\":\"2019-07-15T20:11:23+00:00\",\"mainEntityOfPage\":{\"@id\":\"https:\/\/228news.tg\/index.php\/2019\/07\/15\/gala-de-la-boxe-des-evalas-la-troisieme-edition-au-palais-des-congres-de-kara-ce-jeudi-2\/\"},\"wordCount\":200,\"commentCount\":0,\"publisher\":{\"@id\":\"https:\/\/228news.tg\/#organization\"},\"image\":{\"@id\":\"https:\/\/228news.tg\/index.php\/2019\/07\/15\/gala-de-la-boxe-des-evalas-la-troisieme-edition-au-palais-des-congres-de-kara-ce-jeudi-2\/#primaryimage\"},\"thumbnailUrl\":\"https:\/\/228news.tg\/wp-content\/uploads\/2024\/09\/IMG-20210914-WA0034.jpg\",\"articleSection\":[\"Flash\",\"SPORTS\",\"TOGO\",\"Une\"],\"inLanguage\":\"fr-FR\",\"potentialAction\":[{\"@type\":\"CommentAction\",\"name\":\"Comment\",\"target\":[\"https:\/\/228news.tg\/index.php\/2019\/07\/15\/gala-de-la-boxe-des-evalas-la-troisieme-edition-au-palais-des-congres-de-kara-ce-jeudi-2\/#respond\"]}]},{\"@type\":\"WebPage\",\"@id\":\"https:\/\/228news.tg\/index.php\/2019\/07\/15\/gala-de-la-boxe-des-evalas-la-troisieme-edition-au-palais-des-congres-de-kara-ce-jeudi-2\/\",\"url\":\"https:\/\/228news.tg\/index.php\/2019\/07\/15\/gala-de-la-boxe-des-evalas-la-troisieme-edition-au-palais-des-congres-de-kara-ce-jeudi-2\/\",\"name\":\"Gala de la boxe des Evalas : La troisi\u00e8me \u00e9dition au palais des congr\u00e8s de Kara ce jeudi - 228 News\",\"isPartOf\":{\"@id\":\"https:\/\/228news.tg\/#website\"},\"primaryImageOfPage\":{\"@id\":\"https:\/\/228news.tg\/index.php\/2019\/07\/15\/gala-de-la-boxe-des-evalas-la-troisieme-edition-au-palais-des-congres-de-kara-ce-jeudi-2\/#primaryimage\"},\"image\":{\"@id\":\"https:\/\/228news.tg\/index.php\/2019\/07\/15\/gala-de-la-boxe-des-evalas-la-troisieme-edition-au-palais-des-congres-de-kara-ce-jeudi-2\/#primaryimage\"},\"thumbnailUrl\":\"https:\/\/228news.tg\/wp-content\/uploads\/2024\/09\/IMG-20210914-WA0034.jpg\",\"datePublished\":\"2019-07-15T20:11:23+00:00\",\"breadcrumb\":{\"@id\":\"https:\/\/228news.tg\/index.php\/2019\/07\/15\/gala-de-la-boxe-des-evalas-la-troisieme-edition-au-palais-des-congres-de-kara-ce-jeudi-2\/#breadcrumb\"},\"inLanguage\":\"fr-FR\",\"potentialAction\":[{\"@type\":\"ReadAction\",\"target\":[\"https:\/\/228news.tg\/index.php\/2019\/07\/15\/gala-de-la-boxe-des-evalas-la-troisieme-edition-au-palais-des-congres-de-kara-ce-jeudi-2\/\"]}]},{\"@type\":\"ImageObject\",\"inLanguage\":\"fr-FR\",\"@id\":\"https:\/\/228news.tg\/index.php\/2019\/07\/15\/gala-de-la-boxe-des-evalas-la-troisieme-edition-au-palais-des-congres-de-kara-ce-jeudi-2\/#primaryimage\",\"url\":\"https:\/\/228news.tg\/wp-content\/uploads\/2024\/09\/IMG-20210914-WA0034.jpg\",\"contentUrl\":\"https:\/\/228news.tg\/wp-content\/uploads\/2024\/09\/IMG-20210914-WA0034.jpg\",\"width\":300,\"height\":196},{\"@type\":\"BreadcrumbList\",\"@id\":\"https:\/\/228news.tg\/index.php\/2019\/07\/15\/gala-de-la-boxe-des-evalas-la-troisieme-edition-au-palais-des-congres-de-kara-ce-jeudi-2\/#breadcrumb\",\"itemListElement\":[{\"@type\":\"ListItem\",\"position\":1,\"name\":\"Home\",\"item\":\"https:\/\/228news.tg\/\"},{\"@type\":\"ListItem\",\"position\":2,\"name\":\"Gala de la boxe des Evalas : La troisi\u00e8me \u00e9dition au palais des congr\u00e8s de Kara ce jeudi\"}]},{\"@type\":\"WebSite\",\"@id\":\"https:\/\/228news.tg\/#website\",\"url\":\"https:\/\/228news.tg\/\",\"name\":\"228 News\",\"description\":\"Soci\u00e9t\u00e9 de m\u00e9dias et d\u2019actualit\u00e9s\",\"publisher\":{\"@id\":\"https:\/\/228news.tg\/#organization\"},\"potentialAction\":[{\"@type\":\"SearchAction\",\"target\":{\"@type\":\"EntryPoint\",\"urlTemplate\":\"https:\/\/228news.tg\/?s={search_term_string}\"},\"query-input\":{\"@type\":\"PropertyValueSpecification\",\"valueRequired\":true,\"valueName\":\"search_term_string\"}}],\"inLanguage\":\"fr-FR\"},{\"@type\":\"Organization\",\"@id\":\"https:\/\/228news.tg\/#organization\",\"name\":\"228 News\",\"url\":\"https:\/\/228news.tg\/\",\"logo\":{\"@type\":\"ImageObject\",\"inLanguage\":\"fr-FR\",\"@id\":\"https:\/\/228news.tg\/#\/schema\/logo\/image\/\",\"url\":\"https:\/\/228news.tg\/wp-content\/uploads\/2024\/09\/logonew.png\",\"contentUrl\":\"https:\/\/228news.tg\/wp-content\/uploads\/2024\/09\/logonew.png\",\"width\":1640,\"height\":364,\"caption\":\"228 News\"},\"image\":{\"@id\":\"https:\/\/228news.tg\/#\/schema\/logo\/image\/\"}},{\"@type\":\"Person\",\"@id\":\"https:\/\/228news.tg\/#\/schema\/person\/68d5a6cc0230290e61235c8379523f52\",\"name\":\"Bienvenu SAVI\",\"image\":{\"@type\":\"ImageObject\",\"inLanguage\":\"fr-FR\",\"@id\":\"https:\/\/228news.tg\/#\/schema\/person\/image\/\",\"url\":\"https:\/\/secure.gravatar.com\/avatar\/9db91895c559e510509c33a3e9683998458e9b828fac36d5d1aa23f0f2fd369b?s=96&d=mm&r=g\",\"contentUrl\":\"https:\/\/secure.gravatar.com\/avatar\/9db91895c559e510509c33a3e9683998458e9b828fac36d5d1aa23f0f2fd369b?s=96&d=mm&r=g\",\"caption\":\"Bienvenu SAVI\"},\"url\":\"https:\/\/228news.tg\/index.php\/author\/bienvenu\/\"}]}<\/script>\n<!-- \/ Yoast SEO plugin. -->","yoast_head_json":{"title":"Gala de la boxe des Evalas : La troisi\u00e8me \u00e9dition au palais des congr\u00e8s de Kara ce jeudi - 228 News","robots":{"index":"index","follow":"follow","max-snippet":"max-snippet:-1","max-image-preview":"max-image-preview:large","max-video-preview":"max-video-preview:-1"},"canonical":"https:\/\/228news.tg\/index.php\/2019\/07\/15\/gala-de-la-boxe-des-evalas-la-troisieme-edition-au-palais-des-congres-de-kara-ce-jeudi-2\/","og_locale":"fr_FR","og_type":"article","og_title":"Gala de la boxe des Evalas : La troisi\u00e8me \u00e9dition au palais des congr\u00e8s de Kara ce jeudi - 228 News","og_description":"(228NEWS)- La pr\u00e9fecture de la Kozah toute enti\u00e8re vibre aux rythmes des luttes traditionnelles Evalas depuis le samedi 13 juillet dernier. Rite consacrant le passage de l\u2019enfance \u00e0 l\u2019\u00e2ge adulte chez les jeunes kaby\u00e8 Evalous, ces moments sont \u00e9galement et fortement marqu\u00e9s par d\u2019autres activit\u00e9s attractives, car attirant beaucoup de monde. Il en est ainsi ... Lire la suite","og_url":"https:\/\/228news.tg\/index.php\/2019\/07\/15\/gala-de-la-boxe-des-evalas-la-troisieme-edition-au-palais-des-congres-de-kara-ce-jeudi-2\/","og_site_name":"228 News","article_published_time":"2019-07-15T20:11:23+00:00","author":"Bienvenu SAVI","twitter_card":"summary_large_image","twitter_misc":{"\u00c9crit par":"Bienvenu SAVI","Dur\u00e9e de lecture estim\u00e9e":"1 minute"},"schema":{"@context":"https:\/\/schema.org","@graph":[{"@type":"Article","@id":"https:\/\/228news.tg\/index.php\/2019\/07\/15\/gala-de-la-boxe-des-evalas-la-troisieme-edition-au-palais-des-congres-de-kara-ce-jeudi-2\/#article","isPartOf":{"@id":"https:\/\/228news.tg\/index.php\/2019\/07\/15\/gala-de-la-boxe-des-evalas-la-troisieme-edition-au-palais-des-congres-de-kara-ce-jeudi-2\/"},"author":{"name":"Bienvenu SAVI","@id":"https:\/\/228news.tg\/#\/schema\/person\/68d5a6cc0230290e61235c8379523f52"},"headline":"Gala de la boxe des Evalas : La troisi\u00e8me \u00e9dition au palais des congr\u00e8s de Kara ce jeudi","datePublished":"2019-07-15T20:11:23+00:00","mainEntityOfPage":{"@id":"https:\/\/228news.tg\/index.php\/2019\/07\/15\/gala-de-la-boxe-des-evalas-la-troisieme-edition-au-palais-des-congres-de-kara-ce-jeudi-2\/"},"wordCount":200,"commentCount":0,"publisher":{"@id":"https:\/\/228news.tg\/#organization"},"image":{"@id":"https:\/\/228news.tg\/index.php\/2019\/07\/15\/gala-de-la-boxe-des-evalas-la-troisieme-edition-au-palais-des-congres-de-kara-ce-jeudi-2\/#primaryimage"},"thumbnailUrl":"https:\/\/228news.tg\/wp-content\/uploads\/2024\/09\/IMG-20210914-WA0034.jpg","articleSection":["Flash","SPORTS","TOGO","Une"],"inLanguage":"fr-FR","potentialAction":[{"@type":"CommentAction","name":"Comment","target":["https:\/\/228news.tg\/index.php\/2019\/07\/15\/gala-de-la-boxe-des-evalas-la-troisieme-edition-au-palais-des-congres-de-kara-ce-jeudi-2\/#respond"]}]},{"@type":"WebPage","@id":"https:\/\/228news.tg\/index.php\/2019\/07\/15\/gala-de-la-boxe-des-evalas-la-troisieme-edition-au-palais-des-congres-de-kara-ce-jeudi-2\/","url":"https:\/\/228news.tg\/index.php\/2019\/07\/15\/gala-de-la-boxe-des-evalas-la-troisieme-edition-au-palais-des-congres-de-kara-ce-jeudi-2\/","name":"Gala de la boxe des Evalas : La troisi\u00e8me \u00e9dition au palais des congr\u00e8s de Kara ce jeudi - 228 News","isPartOf":{"@id":"https:\/\/228news.tg\/#website"},"primaryImageOfPage":{"@id":"https:\/\/228news.tg\/index.php\/2019\/07\/15\/gala-de-la-boxe-des-evalas-la-troisieme-edition-au-palais-des-congres-de-kara-ce-jeudi-2\/#primaryimage"},"image":{"@id":"https:\/\/228news.tg\/index.php\/2019\/07\/15\/gala-de-la-boxe-des-evalas-la-troisieme-edition-au-palais-des-congres-de-kara-ce-jeudi-2\/#primaryimage"},"thumbnailUrl":"https:\/\/228news.tg\/wp-content\/uploads\/2024\/09\/IMG-20210914-WA0034.jpg","datePublished":"2019-07-15T20:11:23+00:00","breadcrumb":{"@id":"https:\/\/228news.tg\/index.php\/2019\/07\/15\/gala-de-la-boxe-des-evalas-la-troisieme-edition-au-palais-des-congres-de-kara-ce-jeudi-2\/#breadcrumb"},"inLanguage":"fr-FR","potentialAction":[{"@type":"ReadAction","target":["https:\/\/228news.tg\/index.php\/2019\/07\/15\/gala-de-la-boxe-des-evalas-la-troisieme-edition-au-palais-des-congres-de-kara-ce-jeudi-2\/"]}]},{"@type":"ImageObject","inLanguage":"fr-FR","@id":"https:\/\/228news.tg\/index.php\/2019\/07\/15\/gala-de-la-boxe-des-evalas-la-troisieme-edition-au-palais-des-congres-de-kara-ce-jeudi-2\/#primaryimage","url":"https:\/\/228news.tg\/wp-content\/uploads\/2024\/09\/IMG-20210914-WA0034.jpg","contentUrl":"https:\/\/228news.tg\/wp-content\/uploads\/2024\/09\/IMG-20210914-WA0034.jpg","width":300,"height":196},{"@type":"BreadcrumbList","@id":"https:\/\/228news.tg\/index.php\/2019\/07\/15\/gala-de-la-boxe-des-evalas-la-troisieme-edition-au-palais-des-congres-de-kara-ce-jeudi-2\/#breadcrumb","itemListElement":[{"@type":"ListItem","position":1,"name":"Home","item":"https:\/\/228news.tg\/"},{"@type":"ListItem","position":2,"name":"Gala de la boxe des Evalas : La troisi\u00e8me \u00e9dition au palais des congr\u00e8s de Kara ce jeudi"}]},{"@type":"WebSite","@id":"https:\/\/228news.tg\/#website","url":"https:\/\/228news.tg\/","name":"228 News","description":"Soci\u00e9t\u00e9 de m\u00e9dias et d\u2019actualit\u00e9s","publisher":{"@id":"https:\/\/228news.tg\/#organization"},"potentialAction":[{"@type":"SearchAction","target":{"@type":"EntryPoint","urlTemplate":"https:\/\/228news.tg\/?s={search_term_string}"},"query-input":{"@type":"PropertyValueSpecification","valueRequired":true,"valueName":"search_term_string"}}],"inLanguage":"fr-FR"},{"@type":"Organization","@id":"https:\/\/228news.tg\/#organization","name":"228 News","url":"https:\/\/228news.tg\/","logo":{"@type":"ImageObject","inLanguage":"fr-FR","@id":"https:\/\/228news.tg\/#\/schema\/logo\/image\/","url":"https:\/\/228news.tg\/wp-content\/uploads\/2024\/09\/logonew.png","contentUrl":"https:\/\/228news.tg\/wp-content\/uploads\/2024\/09\/logonew.png","width":1640,"height":364,"caption":"228 News"},"image":{"@id":"https:\/\/228news.tg\/#\/schema\/logo\/image\/"}},{"@type":"Person","@id":"https:\/\/228news.tg\/#\/schema\/person\/68d5a6cc0230290e61235c8379523f52","name":"Bienvenu SAVI","image":{"@type":"ImageObject","inLanguage":"fr-FR","@id":"https:\/\/228news.tg\/#\/schema\/person\/image\/","url":"https:\/\/secure.gravatar.com\/avatar\/9db91895c559e510509c33a3e9683998458e9b828fac36d5d1aa23f0f2fd369b?s=96&d=mm&r=g","contentUrl":"https:\/\/secure.gravatar.com\/avatar\/9db91895c559e510509c33a3e9683998458e9b828fac36d5d1aa23f0f2fd369b?s=96&d=mm&r=g","caption":"Bienvenu SAVI"},"url":"https:\/\/228news.tg\/index.php\/author\/bienvenu\/"}]}},"jetpack_featured_media_url":"https:\/\/228news.tg\/wp-content\/uploads\/2024\/09\/IMG-20210914-WA0034.jpg","_links":{"self":[{"href":"https:\/\/228news.tg\/index.php\/wp-json\/wp\/v2\/posts\/14776","targetHints":{"allow":["GET"]}}],"collection":[{"href":"https:\/\/228news.tg\/index.php\/wp-json\/wp\/v2\/posts"}],"about":[{"href":"https:\/\/228news.tg\/index.php\/wp-json\/wp\/v2\/types\/post"}],"author":[{"embeddable":true,"href":"https:\/\/228news.tg\/index.php\/wp-json\/wp\/v2\/users\/2"}],"replies":[{"embeddable":true,"href":"https:\/\/228news.tg\/index.php\/wp-json\/wp\/v2\/comments?post=14776"}],"version-history":[{"count":0,"href":"https:\/\/228news.tg\/index.php\/wp-json\/wp\/v2\/posts\/14776\/revisions"}],"wp:featuredmedia":[{"embeddable":true,"href":"https:\/\/228news.tg\/index.php\/wp-json\/wp\/v2\/media\/4535"}],"wp:attachment":[{"href":"https:\/\/228news.tg\/index.php\/wp-json\/wp\/v2\/media?parent=14776"}],"wp:term":[{"taxonomy":"category","embeddable":true,"href":"https:\/\/228news.tg\/index.php\/wp-json\/wp\/v2\/categories?post=14776"},{"taxonomy":"post_tag","embeddable":true,"href":"https:\/\/228news.tg\/index.php\/wp-json\/wp\/v2\/tags?post=14776"}],"curies":[{"name":"wp","href":"https:\/\/api.w.org\/{rel}","templated":true}]}}