{"id":14746,"date":"2019-06-13T19:14:14","date_gmt":"2019-06-13T19:14:14","guid":{"rendered":"http:\/\/localhost\/site\/228news\/?p=4351"},"modified":"2019-06-13T19:14:14","modified_gmt":"2019-06-13T19:14:14","slug":"fnfi-des-resultats-des-six-premiers-mois-de-lannee-positifs-2","status":"publish","type":"post","link":"https:\/\/228news.tg\/index.php\/2019\/06\/13\/fnfi-des-resultats-des-six-premiers-mois-de-lannee-positifs-2\/","title":{"rendered":"FNFI : Des r\u00e9sultats des six premiers mois de l&rsquo;ann\u00e9e positifs"},"content":{"rendered":"\n<p>(228NEWS)- L&rsquo;inclusion financi\u00e8re se porte bien et affiche des perspectives de croissance. <em>Et cette bonne tenue s&rsquo;explique par un accroissement du nombre de b\u00e9n\u00e9ficiaires, le professionnalisme des Prestataires de Services Financiers mais aussi le suivi rigoureux des services du Secr\u00e9tariat d&rsquo;\u00c9tat charg\u00e9 de l&rsquo;Inclusion Financi\u00e8re et du Secteur Informel<\/em> . Il faut dire que les premi\u00e8res donn\u00e9es communiqu\u00e9es sur les six premiers mois de l&rsquo;ann\u00e9e en cours ont relev\u00e9 des indicateurs positifs. <\/p>\n\n\n\n<p>Les efforts ont permis de constater que du 1er janvier au 07 juin 2019, <em>le montant total de cr\u00e9dits mis \u00e0 disposition des Prestataires de Services Financiers pour les b\u00e9n\u00e9ficiaires des produits du Fonds Nationale de la Finance Inclusive (FNFI) et du Programme National de Promotion de l&rsquo;Emploi Rural (PNPER) s&rsquo;\u00e9l\u00e8ve \u00e0 1. 271. 080. 084 Francs CFA<\/em> . Cet indicateur qui mesure l\u2019effort budg\u00e9taire du Fonds pendant ces six premiers mois instruit aussi son impact : 11. 194 nouveaux b\u00e9n\u00e9ficiaires, 8. 921 renouvellements de cr\u00e9dits. <em>En somme, 20.115 cr\u00e9dits au total sont octroy\u00e9s sur la p\u00e9riode.<\/em> <\/p>\n\n\n\n<p>Au-del\u00e0, la bonne gestion, le suivi rigoureux et l&rsquo;obligation de compte rendu \u00e9rig\u00e9 en norme par le Secr\u00e9tariat d&rsquo;\u00c9tat charg\u00e9 de l&rsquo;Inclusion Financi\u00e8re et du Secteur Informel <em>ont permis la stabilit\u00e9 du taux de remboursement. Il s&rsquo;est \u00e9tabli \u00e0 92,31%.<\/em> Et toujours pour consolider les trajectoires et assurer la c\u00e9l\u00e9rit\u00e9 dans les performances, les donn\u00e9es d\u00e9montrent que 16 dossiers sont d\u00e9caiss\u00e9s vers les IMF qui \u00e0 leur tour ont financ\u00e9 6 promoteurs dans le cadre du Programme National de Promotion de l&rsquo;Entrepreneuriat Rural (PNPER). Des constats \u00e9tablissant que l&rsquo;inclusion financi\u00e8re est en marche au Togo tel que d\u00e9fini par le Plan National de D\u00e9veloppement (PND 2018-2022).<\/p>\n\n\n\n<p><strong><em>La R\u00e9daction<\/em><\/strong><\/p>\n","protected":false},"excerpt":{"rendered":"<p>(228NEWS)- L&rsquo;inclusion financi\u00e8re se porte bien et affiche des perspectives de croissance. Et cette bonne tenue s&rsquo;explique par un accroissement du nombre de b\u00e9n\u00e9ficiaires, le professionnalisme des Prestataires de Services Financiers mais aussi le suivi rigoureux des services du Secr\u00e9tariat d&rsquo;\u00c9tat charg\u00e9 de l&rsquo;Inclusion Financi\u00e8re et du Secteur Informel . Il faut dire que les &#8230; <a title=\"FNFI : Des r\u00e9sultats des six premiers mois de l&rsquo;ann\u00e9e positifs\" class=\"read-more\" href=\"https:\/\/228news.tg\/index.php\/2019\/06\/13\/fnfi-des-resultats-des-six-premiers-mois-de-lannee-positifs-2\/\" aria-label=\"En savoir plus sur FNFI : Des r\u00e9sultats des six premiers mois de l&rsquo;ann\u00e9e positifs\">Lire la suite<\/a><\/p>\n","protected":false},"author":2,"featured_media":4352,"comment_status":"open","ping_status":"open","sticky":false,"template":"","format":"chat","meta":{"footnotes":""},"categories":[31,30,35,25,34],"tags":[],"class_list":["post-14746","post","type-post","status-publish","format-chat","has-post-thumbnail","hentry","category-developpement","category-economie","category-flash","category-togo","category-une","post_format-post-format-chat"],"yoast_head":"<!-- This site is optimized with the Yoast SEO plugin v26.4 - https:\/\/yoast.com\/wordpress\/plugins\/seo\/ -->\n<title>FNFI : Des r\u00e9sultats des six premiers mois de l&#039;ann\u00e9e positifs - 228 News<\/title>\n<meta name=\"robots\" content=\"index, follow, max-snippet:-1, max-image-preview:large, max-video-preview:-1\" \/>\n<link rel=\"canonical\" href=\"https:\/\/228news.tg\/index.php\/2019\/06\/13\/fnfi-des-resultats-des-six-premiers-mois-de-lannee-positifs-2\/\" \/>\n<meta property=\"og:locale\" content=\"fr_FR\" \/>\n<meta property=\"og:type\" content=\"article\" \/>\n<meta property=\"og:title\" content=\"FNFI : Des r\u00e9sultats des six premiers mois de l&#039;ann\u00e9e positifs - 228 News\" \/>\n<meta property=\"og:description\" content=\"(228NEWS)- L&rsquo;inclusion financi\u00e8re se porte bien et affiche des perspectives de croissance. Et cette bonne tenue s&rsquo;explique par un accroissement du nombre de b\u00e9n\u00e9ficiaires, le professionnalisme des Prestataires de Services Financiers mais aussi le suivi rigoureux des services du Secr\u00e9tariat d&rsquo;\u00c9tat charg\u00e9 de l&rsquo;Inclusion Financi\u00e8re et du Secteur Informel . Il faut dire que les ... Lire la suite\" \/>\n<meta property=\"og:url\" content=\"https:\/\/228news.tg\/index.php\/2019\/06\/13\/fnfi-des-resultats-des-six-premiers-mois-de-lannee-positifs-2\/\" \/>\n<meta property=\"og:site_name\" content=\"228 News\" \/>\n<meta property=\"article:published_time\" content=\"2019-06-13T19:14:14+00:00\" \/>\n<meta name=\"author\" content=\"Bienvenu SAVI\" \/>\n<meta name=\"twitter:card\" content=\"summary_large_image\" \/>\n<meta name=\"twitter:label1\" content=\"\u00c9crit par\" \/>\n\t<meta name=\"twitter:data1\" content=\"Bienvenu SAVI\" \/>\n\t<meta name=\"twitter:label2\" content=\"Dur\u00e9e de lecture estim\u00e9e\" \/>\n\t<meta name=\"twitter:data2\" content=\"1 minute\" \/>\n<script type=\"application\/ld+json\" class=\"yoast-schema-graph\">{\"@context\":\"https:\/\/schema.org\",\"@graph\":[{\"@type\":\"Article\",\"@id\":\"https:\/\/228news.tg\/index.php\/2019\/06\/13\/fnfi-des-resultats-des-six-premiers-mois-de-lannee-positifs-2\/#article\",\"isPartOf\":{\"@id\":\"https:\/\/228news.tg\/index.php\/2019\/06\/13\/fnfi-des-resultats-des-six-premiers-mois-de-lannee-positifs-2\/\"},\"author\":{\"name\":\"Bienvenu SAVI\",\"@id\":\"https:\/\/228news.tg\/#\/schema\/person\/68d5a6cc0230290e61235c8379523f52\"},\"headline\":\"FNFI : Des r\u00e9sultats des six premiers mois de l&rsquo;ann\u00e9e positifs\",\"datePublished\":\"2019-06-13T19:14:14+00:00\",\"mainEntityOfPage\":{\"@id\":\"https:\/\/228news.tg\/index.php\/2019\/06\/13\/fnfi-des-resultats-des-six-premiers-mois-de-lannee-positifs-2\/\"},\"wordCount\":316,\"commentCount\":0,\"publisher\":{\"@id\":\"https:\/\/228news.tg\/#organization\"},\"image\":{\"@id\":\"https:\/\/228news.tg\/index.php\/2019\/06\/13\/fnfi-des-resultats-des-six-premiers-mois-de-lannee-positifs-2\/#primaryimage\"},\"thumbnailUrl\":\"\",\"articleSection\":[\"DEVELOPPEMENT\",\"ECONOMIE\",\"Flash\",\"TOGO\",\"Une\"],\"inLanguage\":\"fr-FR\",\"potentialAction\":[{\"@type\":\"CommentAction\",\"name\":\"Comment\",\"target\":[\"https:\/\/228news.tg\/index.php\/2019\/06\/13\/fnfi-des-resultats-des-six-premiers-mois-de-lannee-positifs-2\/#respond\"]}]},{\"@type\":\"WebPage\",\"@id\":\"https:\/\/228news.tg\/index.php\/2019\/06\/13\/fnfi-des-resultats-des-six-premiers-mois-de-lannee-positifs-2\/\",\"url\":\"https:\/\/228news.tg\/index.php\/2019\/06\/13\/fnfi-des-resultats-des-six-premiers-mois-de-lannee-positifs-2\/\",\"name\":\"FNFI : Des r\u00e9sultats des six premiers mois de l'ann\u00e9e positifs - 228 News\",\"isPartOf\":{\"@id\":\"https:\/\/228news.tg\/#website\"},\"primaryImageOfPage\":{\"@id\":\"https:\/\/228news.tg\/index.php\/2019\/06\/13\/fnfi-des-resultats-des-six-premiers-mois-de-lannee-positifs-2\/#primaryimage\"},\"image\":{\"@id\":\"https:\/\/228news.tg\/index.php\/2019\/06\/13\/fnfi-des-resultats-des-six-premiers-mois-de-lannee-positifs-2\/#primaryimage\"},\"thumbnailUrl\":\"\",\"datePublished\":\"2019-06-13T19:14:14+00:00\",\"breadcrumb\":{\"@id\":\"https:\/\/228news.tg\/index.php\/2019\/06\/13\/fnfi-des-resultats-des-six-premiers-mois-de-lannee-positifs-2\/#breadcrumb\"},\"inLanguage\":\"fr-FR\",\"potentialAction\":[{\"@type\":\"ReadAction\",\"target\":[\"https:\/\/228news.tg\/index.php\/2019\/06\/13\/fnfi-des-resultats-des-six-premiers-mois-de-lannee-positifs-2\/\"]}]},{\"@type\":\"ImageObject\",\"inLanguage\":\"fr-FR\",\"@id\":\"https:\/\/228news.tg\/index.php\/2019\/06\/13\/fnfi-des-resultats-des-six-premiers-mois-de-lannee-positifs-2\/#primaryimage\",\"url\":\"\",\"contentUrl\":\"\"},{\"@type\":\"BreadcrumbList\",\"@id\":\"https:\/\/228news.tg\/index.php\/2019\/06\/13\/fnfi-des-resultats-des-six-premiers-mois-de-lannee-positifs-2\/#breadcrumb\",\"itemListElement\":[{\"@type\":\"ListItem\",\"position\":1,\"name\":\"Home\",\"item\":\"https:\/\/228news.tg\/\"},{\"@type\":\"ListItem\",\"position\":2,\"name\":\"FNFI : Des r\u00e9sultats des six premiers mois de l&rsquo;ann\u00e9e positifs\"}]},{\"@type\":\"WebSite\",\"@id\":\"https:\/\/228news.tg\/#website\",\"url\":\"https:\/\/228news.tg\/\",\"name\":\"228 News\",\"description\":\"Soci\u00e9t\u00e9 de m\u00e9dias et d\u2019actualit\u00e9s\",\"publisher\":{\"@id\":\"https:\/\/228news.tg\/#organization\"},\"potentialAction\":[{\"@type\":\"SearchAction\",\"target\":{\"@type\":\"EntryPoint\",\"urlTemplate\":\"https:\/\/228news.tg\/?s={search_term_string}\"},\"query-input\":{\"@type\":\"PropertyValueSpecification\",\"valueRequired\":true,\"valueName\":\"search_term_string\"}}],\"inLanguage\":\"fr-FR\"},{\"@type\":\"Organization\",\"@id\":\"https:\/\/228news.tg\/#organization\",\"name\":\"228 News\",\"url\":\"https:\/\/228news.tg\/\",\"logo\":{\"@type\":\"ImageObject\",\"inLanguage\":\"fr-FR\",\"@id\":\"https:\/\/228news.tg\/#\/schema\/logo\/image\/\",\"url\":\"https:\/\/228news.tg\/wp-content\/uploads\/2024\/09\/logonew.png\",\"contentUrl\":\"https:\/\/228news.tg\/wp-content\/uploads\/2024\/09\/logonew.png\",\"width\":1640,\"height\":364,\"caption\":\"228 News\"},\"image\":{\"@id\":\"https:\/\/228news.tg\/#\/schema\/logo\/image\/\"}},{\"@type\":\"Person\",\"@id\":\"https:\/\/228news.tg\/#\/schema\/person\/68d5a6cc0230290e61235c8379523f52\",\"name\":\"Bienvenu SAVI\",\"image\":{\"@type\":\"ImageObject\",\"inLanguage\":\"fr-FR\",\"@id\":\"https:\/\/228news.tg\/#\/schema\/person\/image\/\",\"url\":\"https:\/\/secure.gravatar.com\/avatar\/9db91895c559e510509c33a3e9683998458e9b828fac36d5d1aa23f0f2fd369b?s=96&d=mm&r=g\",\"contentUrl\":\"https:\/\/secure.gravatar.com\/avatar\/9db91895c559e510509c33a3e9683998458e9b828fac36d5d1aa23f0f2fd369b?s=96&d=mm&r=g\",\"caption\":\"Bienvenu SAVI\"},\"url\":\"https:\/\/228news.tg\/index.php\/author\/bienvenu\/\"}]}<\/script>\n<!-- \/ Yoast SEO plugin. -->","yoast_head_json":{"title":"FNFI : Des r\u00e9sultats des six premiers mois de l'ann\u00e9e positifs - 228 News","robots":{"index":"index","follow":"follow","max-snippet":"max-snippet:-1","max-image-preview":"max-image-preview:large","max-video-preview":"max-video-preview:-1"},"canonical":"https:\/\/228news.tg\/index.php\/2019\/06\/13\/fnfi-des-resultats-des-six-premiers-mois-de-lannee-positifs-2\/","og_locale":"fr_FR","og_type":"article","og_title":"FNFI : Des r\u00e9sultats des six premiers mois de l'ann\u00e9e positifs - 228 News","og_description":"(228NEWS)- L&rsquo;inclusion financi\u00e8re se porte bien et affiche des perspectives de croissance. Et cette bonne tenue s&rsquo;explique par un accroissement du nombre de b\u00e9n\u00e9ficiaires, le professionnalisme des Prestataires de Services Financiers mais aussi le suivi rigoureux des services du Secr\u00e9tariat d&rsquo;\u00c9tat charg\u00e9 de l&rsquo;Inclusion Financi\u00e8re et du Secteur Informel . Il faut dire que les ... Lire la suite","og_url":"https:\/\/228news.tg\/index.php\/2019\/06\/13\/fnfi-des-resultats-des-six-premiers-mois-de-lannee-positifs-2\/","og_site_name":"228 News","article_published_time":"2019-06-13T19:14:14+00:00","author":"Bienvenu SAVI","twitter_card":"summary_large_image","twitter_misc":{"\u00c9crit par":"Bienvenu SAVI","Dur\u00e9e de lecture estim\u00e9e":"1 minute"},"schema":{"@context":"https:\/\/schema.org","@graph":[{"@type":"Article","@id":"https:\/\/228news.tg\/index.php\/2019\/06\/13\/fnfi-des-resultats-des-six-premiers-mois-de-lannee-positifs-2\/#article","isPartOf":{"@id":"https:\/\/228news.tg\/index.php\/2019\/06\/13\/fnfi-des-resultats-des-six-premiers-mois-de-lannee-positifs-2\/"},"author":{"name":"Bienvenu SAVI","@id":"https:\/\/228news.tg\/#\/schema\/person\/68d5a6cc0230290e61235c8379523f52"},"headline":"FNFI : Des r\u00e9sultats des six premiers mois de l&rsquo;ann\u00e9e positifs","datePublished":"2019-06-13T19:14:14+00:00","mainEntityOfPage":{"@id":"https:\/\/228news.tg\/index.php\/2019\/06\/13\/fnfi-des-resultats-des-six-premiers-mois-de-lannee-positifs-2\/"},"wordCount":316,"commentCount":0,"publisher":{"@id":"https:\/\/228news.tg\/#organization"},"image":{"@id":"https:\/\/228news.tg\/index.php\/2019\/06\/13\/fnfi-des-resultats-des-six-premiers-mois-de-lannee-positifs-2\/#primaryimage"},"thumbnailUrl":"","articleSection":["DEVELOPPEMENT","ECONOMIE","Flash","TOGO","Une"],"inLanguage":"fr-FR","potentialAction":[{"@type":"CommentAction","name":"Comment","target":["https:\/\/228news.tg\/index.php\/2019\/06\/13\/fnfi-des-resultats-des-six-premiers-mois-de-lannee-positifs-2\/#respond"]}]},{"@type":"WebPage","@id":"https:\/\/228news.tg\/index.php\/2019\/06\/13\/fnfi-des-resultats-des-six-premiers-mois-de-lannee-positifs-2\/","url":"https:\/\/228news.tg\/index.php\/2019\/06\/13\/fnfi-des-resultats-des-six-premiers-mois-de-lannee-positifs-2\/","name":"FNFI : Des r\u00e9sultats des six premiers mois de l'ann\u00e9e positifs - 228 News","isPartOf":{"@id":"https:\/\/228news.tg\/#website"},"primaryImageOfPage":{"@id":"https:\/\/228news.tg\/index.php\/2019\/06\/13\/fnfi-des-resultats-des-six-premiers-mois-de-lannee-positifs-2\/#primaryimage"},"image":{"@id":"https:\/\/228news.tg\/index.php\/2019\/06\/13\/fnfi-des-resultats-des-six-premiers-mois-de-lannee-positifs-2\/#primaryimage"},"thumbnailUrl":"","datePublished":"2019-06-13T19:14:14+00:00","breadcrumb":{"@id":"https:\/\/228news.tg\/index.php\/2019\/06\/13\/fnfi-des-resultats-des-six-premiers-mois-de-lannee-positifs-2\/#breadcrumb"},"inLanguage":"fr-FR","potentialAction":[{"@type":"ReadAction","target":["https:\/\/228news.tg\/index.php\/2019\/06\/13\/fnfi-des-resultats-des-six-premiers-mois-de-lannee-positifs-2\/"]}]},{"@type":"ImageObject","inLanguage":"fr-FR","@id":"https:\/\/228news.tg\/index.php\/2019\/06\/13\/fnfi-des-resultats-des-six-premiers-mois-de-lannee-positifs-2\/#primaryimage","url":"","contentUrl":""},{"@type":"BreadcrumbList","@id":"https:\/\/228news.tg\/index.php\/2019\/06\/13\/fnfi-des-resultats-des-six-premiers-mois-de-lannee-positifs-2\/#breadcrumb","itemListElement":[{"@type":"ListItem","position":1,"name":"Home","item":"https:\/\/228news.tg\/"},{"@type":"ListItem","position":2,"name":"FNFI : Des r\u00e9sultats des six premiers mois de l&rsquo;ann\u00e9e positifs"}]},{"@type":"WebSite","@id":"https:\/\/228news.tg\/#website","url":"https:\/\/228news.tg\/","name":"228 News","description":"Soci\u00e9t\u00e9 de m\u00e9dias et d\u2019actualit\u00e9s","publisher":{"@id":"https:\/\/228news.tg\/#organization"},"potentialAction":[{"@type":"SearchAction","target":{"@type":"EntryPoint","urlTemplate":"https:\/\/228news.tg\/?s={search_term_string}"},"query-input":{"@type":"PropertyValueSpecification","valueRequired":true,"valueName":"search_term_string"}}],"inLanguage":"fr-FR"},{"@type":"Organization","@id":"https:\/\/228news.tg\/#organization","name":"228 News","url":"https:\/\/228news.tg\/","logo":{"@type":"ImageObject","inLanguage":"fr-FR","@id":"https:\/\/228news.tg\/#\/schema\/logo\/image\/","url":"https:\/\/228news.tg\/wp-content\/uploads\/2024\/09\/logonew.png","contentUrl":"https:\/\/228news.tg\/wp-content\/uploads\/2024\/09\/logonew.png","width":1640,"height":364,"caption":"228 News"},"image":{"@id":"https:\/\/228news.tg\/#\/schema\/logo\/image\/"}},{"@type":"Person","@id":"https:\/\/228news.tg\/#\/schema\/person\/68d5a6cc0230290e61235c8379523f52","name":"Bienvenu SAVI","image":{"@type":"ImageObject","inLanguage":"fr-FR","@id":"https:\/\/228news.tg\/#\/schema\/person\/image\/","url":"https:\/\/secure.gravatar.com\/avatar\/9db91895c559e510509c33a3e9683998458e9b828fac36d5d1aa23f0f2fd369b?s=96&d=mm&r=g","contentUrl":"https:\/\/secure.gravatar.com\/avatar\/9db91895c559e510509c33a3e9683998458e9b828fac36d5d1aa23f0f2fd369b?s=96&d=mm&r=g","caption":"Bienvenu SAVI"},"url":"https:\/\/228news.tg\/index.php\/author\/bienvenu\/"}]}},"jetpack_featured_media_url":"","_links":{"self":[{"href":"https:\/\/228news.tg\/index.php\/wp-json\/wp\/v2\/posts\/14746","targetHints":{"allow":["GET"]}}],"collection":[{"href":"https:\/\/228news.tg\/index.php\/wp-json\/wp\/v2\/posts"}],"about":[{"href":"https:\/\/228news.tg\/index.php\/wp-json\/wp\/v2\/types\/post"}],"author":[{"embeddable":true,"href":"https:\/\/228news.tg\/index.php\/wp-json\/wp\/v2\/users\/2"}],"replies":[{"embeddable":true,"href":"https:\/\/228news.tg\/index.php\/wp-json\/wp\/v2\/comments?post=14746"}],"version-history":[{"count":0,"href":"https:\/\/228news.tg\/index.php\/wp-json\/wp\/v2\/posts\/14746\/revisions"}],"wp:featuredmedia":[{"embeddable":true,"href":"https:\/\/228news.tg\/index.php\/wp-json\/wp\/v2\/posts\/4352"}],"wp:attachment":[{"href":"https:\/\/228news.tg\/index.php\/wp-json\/wp\/v2\/media?parent=14746"}],"wp:term":[{"taxonomy":"category","embeddable":true,"href":"https:\/\/228news.tg\/index.php\/wp-json\/wp\/v2\/categories?post=14746"},{"taxonomy":"post_tag","embeddable":true,"href":"https:\/\/228news.tg\/index.php\/wp-json\/wp\/v2\/tags?post=14746"}],"curies":[{"name":"wp","href":"https:\/\/api.w.org\/{rel}","templated":true}]}}