{"id":14742,"date":"2019-06-02T23:11:40","date_gmt":"2019-06-02T23:11:40","guid":{"rendered":"http:\/\/localhost\/site\/228news\/?p=4337"},"modified":"2019-06-02T23:11:40","modified_gmt":"2019-06-02T23:11:40","slug":"traite-sexuelle-des-enfants-928-des-victimes-aux-togo-sont-des-filles-2","status":"publish","type":"post","link":"https:\/\/228news.tg\/index.php\/2019\/06\/02\/traite-sexuelle-des-enfants-928-des-victimes-aux-togo-sont-des-filles-2\/","title":{"rendered":"Traite sexuelle des enfants  92,8% des victimes aux Togo sont des filles"},"content":{"rendered":"\n<p><br \/> (228NEWS)- Le cadre national de concertation des acteurs de protection de l\u2019enfant s\u2019est r\u00e9uni  ce vendredi 31 mai 2019 \u00e0 Lom\u00e9, \u00e0 l\u2019occasion d\u2019une journ\u00e9e d\u2019\u00e9changes et de renforcement de capacit\u00e9s de ces acteurs sur la protection de l\u2019enfance contre la traite des enfants, en particulier celle sexuelle.<\/p>\n\n\n\n<p><br \/> Initiative du minist\u00e8re en charge de l\u2019action sociale, de concert avec le R\u00e9seau de Lutte contre la Traite des Enfants au Togo (RELUTET) et Plan International, cette rencontre ouverte par le Directeur de cabinet du minist\u00e8re vise \u00e0 mettre au parfum de la lutte ces acteurs, les diverses avanc\u00e9es, difficult\u00e9s, afin de d\u00e9finir de nouvelles orientations, car malgr\u00e9 les efforts d\u00e9ploy\u00e9s par les divers acteurs impliqu\u00e9s dans la chaine de valeurs, en l\u2019occurrence le gouvernement, les organisations internationales et non gouvernementales, \u00e0 l\u2019instar du RELUTET, vaste est le chantier \u00e0 encore abattre.<br \/> Elle s\u2019inscrit dans le cadre de la journ\u00e9e mondiale de lutte contre la traite des enfants c\u00e9l\u00e9br\u00e9e chaque 31 mai.<\/p>\n\n\n\n<p><br \/> Pour le Directeur de cabinet de la ministre en charge de ce secteur, M. , l\u2019une des pires formes d\u2019esclavage de l\u2019enfant est celle sexuelle et nul n\u2019ignore aujourd\u2019hui que cette pratique d\u00e9shonorante et honteuse continue de prendre de l\u2019ampleur au Togo, affectant dangereusement la vie et le d\u00e9veloppement de nombreux enfants et jeunes.<\/p>\n\n\n\n<ul class=\"wp-block-gallery columns-0 is-cropped wp-block-gallery-1 is-layout-flex wp-block-gallery-is-layout-flex\"><\/ul>\n\n\n\n<p><br \/> Ceci, nonobstant le grand arsenal juridique international domestiqu\u00e9 par notre pays, ajout\u00e9 \u00e0 celui national. Il ressort donc qu\u2019une prise de conscience des diff\u00e9rents acteurs impliqu\u00e9s dans la lutte doive s\u2019imposer. Cela doit passer par la d\u00e9finition de strat\u00e9gies de lutte additionnelles, plus de rigueur dans la riposte et dans la protection de l\u2019enfance.<\/p>\n\n\n\n<p><br \/> Le Directeur g\u00e9n\u00e9ral de la protection de l\u2019enfance, le Dr Kondoh Kandar\u00e9 a pour sa part lou\u00e9 les efforts du gouvernement, qui dans sa politique sociale accorde une place de choix \u00e0 la protection de l\u2019enfance contre ces fl\u00e9aux. Il a par ailleurs, encourag\u00e9 tous les acteurs et populations \u00e0 respecter les diff\u00e9rentes dispositions normatives et l\u00e9gales existantes au Togo, afin d\u2019endiguer le ph\u00e9nom\u00e8ne.<\/p>\n\n\n\n<p><br \/> \u00ab\u00a0La question de protection de l\u2019enfance tient \u00e0 c\u0153ur aux tous premiers responsables de ce pays qui m\u00e8nent des actions en vue de cr\u00e9er un environnement propice \u00e0 l\u2019\u00e9volution de tous les enfants \u00e0 travers le minist\u00e8re le minist\u00e8re en charge du secteur. Un certain nombre de textes ont \u00e9t\u00e9 notamment ratifi\u00e9s, des mesures l\u00e9gislatives, institutionnelles et programmatiques ont \u00e9t\u00e9 prises dans ce sens.\u00a0\u00bb, a-t-il d\u00e9clar\u00e9 aux micros du 228NEWS. <\/p>\n\n\n\n<p><br \/> Mme Kougbl\u00e9anou F\u00e9licit\u00e9, Coordonnatrice du RELUTET et chef du projet dresse un bilan succinct des diverses activit\u00e9s men\u00e9es \u00e0 ce jour.<\/p>\n\n\n\n<p><br \/>  \u00ab\u00a0Nous nous sommes inscrits dans des activit\u00e9s de plaidoyers du le plan national dans le cadre de ce projet qui a trait \u00e0 la th\u00e9matique de la traite sexuelle des enfants. Nous avons \u00e9galement eu \u00e0 renforcer les capacit\u00e9s des acteurs de protection de l\u2019enfance \u00e0 travers des ateliers, \u00e0 travailler avec les jeunes sur une campagne digitale sur le ph\u00e9nom\u00e8ne de la traite sexuelle des enfants. Des \u00e9missions radiophoniques et t\u00e9l\u00e9vis\u00e9es qui passent en boucle dans nos m\u00e9dias \u00e0 note initiative, ne sont pas en reste.\u00a0\u00bb, a-t-elle confi\u00e9.<\/p>\n\n\n\n<p><br \/> Le ph\u00e9nom\u00e8ne faut-il, le souligner, n\u2019impacte pas seulement que l\u2019enfant victime, mais aussi ses proches, sa famille, sa communaut\u00e9 et le pays tout entier qui s\u2019en ressent.<\/p>\n\n\n\n<p><br \/> Au Togo, le tableau de bord 2015 sur la protection de l\u2019enfant a enregistr\u00e9 146 enfants victimes de l\u2019exploitation sexuelles dont 82 en milieu urbain, soit 56,2% contre 64 en milieu  rural, soit 43,8%. Sur 10 victimes de ce fl\u00e9au, 9 sont filles, soit 92,8%. Cet \u00e9tat, notons-le pour finir que s\u2019est d\u2019ailleurs aggrav\u00e9 en 2016.<\/p>\n\n\n\n<p>D\u00e9mocrate<br \/> (00228) 91 85 40 14 <br \/> 98 60 67 68<br \/> democrate2010@gmail.com<\/p>\n","protected":false},"excerpt":{"rendered":"<p>(228NEWS)- Le cadre national de concertation des acteurs de protection de l\u2019enfant s\u2019est r\u00e9uni ce vendredi 31 mai 2019 \u00e0 Lom\u00e9, \u00e0 l\u2019occasion d\u2019une journ\u00e9e d\u2019\u00e9changes et de renforcement de capacit\u00e9s de ces acteurs sur la protection de l\u2019enfance contre la traite des enfants, en particulier celle sexuelle. Initiative du minist\u00e8re en charge de l\u2019action &#8230; <a title=\"Traite sexuelle des enfants  92,8% des victimes aux Togo sont des filles\" class=\"read-more\" href=\"https:\/\/228news.tg\/index.php\/2019\/06\/02\/traite-sexuelle-des-enfants-928-des-victimes-aux-togo-sont-des-filles-2\/\" aria-label=\"En savoir plus sur Traite sexuelle des enfants  92,8% des victimes aux Togo sont des filles\">Lire la suite<\/a><\/p>\n","protected":false},"author":2,"featured_media":4330,"comment_status":"open","ping_status":"open","sticky":false,"template":"","format":"chat","meta":{"footnotes":""},"categories":[35,29,25,34],"tags":[],"class_list":["post-14742","post","type-post","status-publish","format-chat","has-post-thumbnail","hentry","category-flash","category-societe","category-togo","category-une","post_format-post-format-chat"],"yoast_head":"<!-- This site is optimized with the Yoast SEO plugin v26.4 - https:\/\/yoast.com\/wordpress\/plugins\/seo\/ -->\n<title>Traite sexuelle des enfants 92,8% des victimes aux Togo sont des filles - 228 News<\/title>\n<meta name=\"robots\" content=\"index, follow, max-snippet:-1, max-image-preview:large, max-video-preview:-1\" \/>\n<link rel=\"canonical\" href=\"https:\/\/228news.tg\/index.php\/2019\/06\/02\/traite-sexuelle-des-enfants-928-des-victimes-aux-togo-sont-des-filles-2\/\" \/>\n<meta property=\"og:locale\" content=\"fr_FR\" \/>\n<meta property=\"og:type\" content=\"article\" \/>\n<meta property=\"og:title\" content=\"Traite sexuelle des enfants 92,8% des victimes aux Togo sont des filles - 228 News\" \/>\n<meta property=\"og:description\" content=\"(228NEWS)- Le cadre national de concertation des acteurs de protection de l\u2019enfant s\u2019est r\u00e9uni ce vendredi 31 mai 2019 \u00e0 Lom\u00e9, \u00e0 l\u2019occasion d\u2019une journ\u00e9e d\u2019\u00e9changes et de renforcement de capacit\u00e9s de ces acteurs sur la protection de l\u2019enfance contre la traite des enfants, en particulier celle sexuelle. Initiative du minist\u00e8re en charge de l\u2019action ... Lire la suite\" \/>\n<meta property=\"og:url\" content=\"https:\/\/228news.tg\/index.php\/2019\/06\/02\/traite-sexuelle-des-enfants-928-des-victimes-aux-togo-sont-des-filles-2\/\" \/>\n<meta property=\"og:site_name\" content=\"228 News\" \/>\n<meta property=\"article:published_time\" content=\"2019-06-02T23:11:40+00:00\" \/>\n<meta name=\"author\" content=\"Bienvenu SAVI\" \/>\n<meta name=\"twitter:card\" content=\"summary_large_image\" \/>\n<meta name=\"twitter:label1\" content=\"\u00c9crit par\" \/>\n\t<meta name=\"twitter:data1\" content=\"Bienvenu SAVI\" \/>\n\t<meta name=\"twitter:label2\" content=\"Dur\u00e9e de lecture estim\u00e9e\" \/>\n\t<meta name=\"twitter:data2\" content=\"3 minutes\" \/>\n<script type=\"application\/ld+json\" class=\"yoast-schema-graph\">{\"@context\":\"https:\/\/schema.org\",\"@graph\":[{\"@type\":\"Article\",\"@id\":\"https:\/\/228news.tg\/index.php\/2019\/06\/02\/traite-sexuelle-des-enfants-928-des-victimes-aux-togo-sont-des-filles-2\/#article\",\"isPartOf\":{\"@id\":\"https:\/\/228news.tg\/index.php\/2019\/06\/02\/traite-sexuelle-des-enfants-928-des-victimes-aux-togo-sont-des-filles-2\/\"},\"author\":{\"name\":\"Bienvenu SAVI\",\"@id\":\"https:\/\/228news.tg\/#\/schema\/person\/68d5a6cc0230290e61235c8379523f52\"},\"headline\":\"Traite sexuelle des enfants 92,8% des victimes aux Togo sont des filles\",\"datePublished\":\"2019-06-02T23:11:40+00:00\",\"mainEntityOfPage\":{\"@id\":\"https:\/\/228news.tg\/index.php\/2019\/06\/02\/traite-sexuelle-des-enfants-928-des-victimes-aux-togo-sont-des-filles-2\/\"},\"wordCount\":666,\"commentCount\":0,\"publisher\":{\"@id\":\"https:\/\/228news.tg\/#organization\"},\"image\":{\"@id\":\"https:\/\/228news.tg\/index.php\/2019\/06\/02\/traite-sexuelle-des-enfants-928-des-victimes-aux-togo-sont-des-filles-2\/#primaryimage\"},\"thumbnailUrl\":\"https:\/\/228news.tg\/wp-content\/uploads\/2024\/09\/IMG-20210730-WA0022.jpg\",\"articleSection\":[\"Flash\",\"SOCIETE\",\"TOGO\",\"Une\"],\"inLanguage\":\"fr-FR\",\"potentialAction\":[{\"@type\":\"CommentAction\",\"name\":\"Comment\",\"target\":[\"https:\/\/228news.tg\/index.php\/2019\/06\/02\/traite-sexuelle-des-enfants-928-des-victimes-aux-togo-sont-des-filles-2\/#respond\"]}]},{\"@type\":\"WebPage\",\"@id\":\"https:\/\/228news.tg\/index.php\/2019\/06\/02\/traite-sexuelle-des-enfants-928-des-victimes-aux-togo-sont-des-filles-2\/\",\"url\":\"https:\/\/228news.tg\/index.php\/2019\/06\/02\/traite-sexuelle-des-enfants-928-des-victimes-aux-togo-sont-des-filles-2\/\",\"name\":\"Traite sexuelle des enfants 92,8% des victimes aux Togo sont des filles - 228 News\",\"isPartOf\":{\"@id\":\"https:\/\/228news.tg\/#website\"},\"primaryImageOfPage\":{\"@id\":\"https:\/\/228news.tg\/index.php\/2019\/06\/02\/traite-sexuelle-des-enfants-928-des-victimes-aux-togo-sont-des-filles-2\/#primaryimage\"},\"image\":{\"@id\":\"https:\/\/228news.tg\/index.php\/2019\/06\/02\/traite-sexuelle-des-enfants-928-des-victimes-aux-togo-sont-des-filles-2\/#primaryimage\"},\"thumbnailUrl\":\"https:\/\/228news.tg\/wp-content\/uploads\/2024\/09\/IMG-20210730-WA0022.jpg\",\"datePublished\":\"2019-06-02T23:11:40+00:00\",\"breadcrumb\":{\"@id\":\"https:\/\/228news.tg\/index.php\/2019\/06\/02\/traite-sexuelle-des-enfants-928-des-victimes-aux-togo-sont-des-filles-2\/#breadcrumb\"},\"inLanguage\":\"fr-FR\",\"potentialAction\":[{\"@type\":\"ReadAction\",\"target\":[\"https:\/\/228news.tg\/index.php\/2019\/06\/02\/traite-sexuelle-des-enfants-928-des-victimes-aux-togo-sont-des-filles-2\/\"]}]},{\"@type\":\"ImageObject\",\"inLanguage\":\"fr-FR\",\"@id\":\"https:\/\/228news.tg\/index.php\/2019\/06\/02\/traite-sexuelle-des-enfants-928-des-victimes-aux-togo-sont-des-filles-2\/#primaryimage\",\"url\":\"https:\/\/228news.tg\/wp-content\/uploads\/2024\/09\/IMG-20210730-WA0022.jpg\",\"contentUrl\":\"https:\/\/228news.tg\/wp-content\/uploads\/2024\/09\/IMG-20210730-WA0022.jpg\",\"width\":1080,\"height\":719},{\"@type\":\"BreadcrumbList\",\"@id\":\"https:\/\/228news.tg\/index.php\/2019\/06\/02\/traite-sexuelle-des-enfants-928-des-victimes-aux-togo-sont-des-filles-2\/#breadcrumb\",\"itemListElement\":[{\"@type\":\"ListItem\",\"position\":1,\"name\":\"Home\",\"item\":\"https:\/\/228news.tg\/\"},{\"@type\":\"ListItem\",\"position\":2,\"name\":\"Traite sexuelle des enfants 92,8% des victimes aux Togo sont des filles\"}]},{\"@type\":\"WebSite\",\"@id\":\"https:\/\/228news.tg\/#website\",\"url\":\"https:\/\/228news.tg\/\",\"name\":\"228 News\",\"description\":\"Soci\u00e9t\u00e9 de m\u00e9dias et d\u2019actualit\u00e9s\",\"publisher\":{\"@id\":\"https:\/\/228news.tg\/#organization\"},\"potentialAction\":[{\"@type\":\"SearchAction\",\"target\":{\"@type\":\"EntryPoint\",\"urlTemplate\":\"https:\/\/228news.tg\/?s={search_term_string}\"},\"query-input\":{\"@type\":\"PropertyValueSpecification\",\"valueRequired\":true,\"valueName\":\"search_term_string\"}}],\"inLanguage\":\"fr-FR\"},{\"@type\":\"Organization\",\"@id\":\"https:\/\/228news.tg\/#organization\",\"name\":\"228 News\",\"url\":\"https:\/\/228news.tg\/\",\"logo\":{\"@type\":\"ImageObject\",\"inLanguage\":\"fr-FR\",\"@id\":\"https:\/\/228news.tg\/#\/schema\/logo\/image\/\",\"url\":\"https:\/\/228news.tg\/wp-content\/uploads\/2024\/09\/logonew.png\",\"contentUrl\":\"https:\/\/228news.tg\/wp-content\/uploads\/2024\/09\/logonew.png\",\"width\":1640,\"height\":364,\"caption\":\"228 News\"},\"image\":{\"@id\":\"https:\/\/228news.tg\/#\/schema\/logo\/image\/\"}},{\"@type\":\"Person\",\"@id\":\"https:\/\/228news.tg\/#\/schema\/person\/68d5a6cc0230290e61235c8379523f52\",\"name\":\"Bienvenu SAVI\",\"image\":{\"@type\":\"ImageObject\",\"inLanguage\":\"fr-FR\",\"@id\":\"https:\/\/228news.tg\/#\/schema\/person\/image\/\",\"url\":\"https:\/\/secure.gravatar.com\/avatar\/9db91895c559e510509c33a3e9683998458e9b828fac36d5d1aa23f0f2fd369b?s=96&d=mm&r=g\",\"contentUrl\":\"https:\/\/secure.gravatar.com\/avatar\/9db91895c559e510509c33a3e9683998458e9b828fac36d5d1aa23f0f2fd369b?s=96&d=mm&r=g\",\"caption\":\"Bienvenu SAVI\"},\"url\":\"https:\/\/228news.tg\/index.php\/author\/bienvenu\/\"}]}<\/script>\n<!-- \/ Yoast SEO plugin. -->","yoast_head_json":{"title":"Traite sexuelle des enfants 92,8% des victimes aux Togo sont des filles - 228 News","robots":{"index":"index","follow":"follow","max-snippet":"max-snippet:-1","max-image-preview":"max-image-preview:large","max-video-preview":"max-video-preview:-1"},"canonical":"https:\/\/228news.tg\/index.php\/2019\/06\/02\/traite-sexuelle-des-enfants-928-des-victimes-aux-togo-sont-des-filles-2\/","og_locale":"fr_FR","og_type":"article","og_title":"Traite sexuelle des enfants 92,8% des victimes aux Togo sont des filles - 228 News","og_description":"(228NEWS)- Le cadre national de concertation des acteurs de protection de l\u2019enfant s\u2019est r\u00e9uni ce vendredi 31 mai 2019 \u00e0 Lom\u00e9, \u00e0 l\u2019occasion d\u2019une journ\u00e9e d\u2019\u00e9changes et de renforcement de capacit\u00e9s de ces acteurs sur la protection de l\u2019enfance contre la traite des enfants, en particulier celle sexuelle. Initiative du minist\u00e8re en charge de l\u2019action ... Lire la suite","og_url":"https:\/\/228news.tg\/index.php\/2019\/06\/02\/traite-sexuelle-des-enfants-928-des-victimes-aux-togo-sont-des-filles-2\/","og_site_name":"228 News","article_published_time":"2019-06-02T23:11:40+00:00","author":"Bienvenu SAVI","twitter_card":"summary_large_image","twitter_misc":{"\u00c9crit par":"Bienvenu SAVI","Dur\u00e9e de lecture estim\u00e9e":"3 minutes"},"schema":{"@context":"https:\/\/schema.org","@graph":[{"@type":"Article","@id":"https:\/\/228news.tg\/index.php\/2019\/06\/02\/traite-sexuelle-des-enfants-928-des-victimes-aux-togo-sont-des-filles-2\/#article","isPartOf":{"@id":"https:\/\/228news.tg\/index.php\/2019\/06\/02\/traite-sexuelle-des-enfants-928-des-victimes-aux-togo-sont-des-filles-2\/"},"author":{"name":"Bienvenu SAVI","@id":"https:\/\/228news.tg\/#\/schema\/person\/68d5a6cc0230290e61235c8379523f52"},"headline":"Traite sexuelle des enfants 92,8% des victimes aux Togo sont des filles","datePublished":"2019-06-02T23:11:40+00:00","mainEntityOfPage":{"@id":"https:\/\/228news.tg\/index.php\/2019\/06\/02\/traite-sexuelle-des-enfants-928-des-victimes-aux-togo-sont-des-filles-2\/"},"wordCount":666,"commentCount":0,"publisher":{"@id":"https:\/\/228news.tg\/#organization"},"image":{"@id":"https:\/\/228news.tg\/index.php\/2019\/06\/02\/traite-sexuelle-des-enfants-928-des-victimes-aux-togo-sont-des-filles-2\/#primaryimage"},"thumbnailUrl":"https:\/\/228news.tg\/wp-content\/uploads\/2024\/09\/IMG-20210730-WA0022.jpg","articleSection":["Flash","SOCIETE","TOGO","Une"],"inLanguage":"fr-FR","potentialAction":[{"@type":"CommentAction","name":"Comment","target":["https:\/\/228news.tg\/index.php\/2019\/06\/02\/traite-sexuelle-des-enfants-928-des-victimes-aux-togo-sont-des-filles-2\/#respond"]}]},{"@type":"WebPage","@id":"https:\/\/228news.tg\/index.php\/2019\/06\/02\/traite-sexuelle-des-enfants-928-des-victimes-aux-togo-sont-des-filles-2\/","url":"https:\/\/228news.tg\/index.php\/2019\/06\/02\/traite-sexuelle-des-enfants-928-des-victimes-aux-togo-sont-des-filles-2\/","name":"Traite sexuelle des enfants 92,8% des victimes aux Togo sont des filles - 228 News","isPartOf":{"@id":"https:\/\/228news.tg\/#website"},"primaryImageOfPage":{"@id":"https:\/\/228news.tg\/index.php\/2019\/06\/02\/traite-sexuelle-des-enfants-928-des-victimes-aux-togo-sont-des-filles-2\/#primaryimage"},"image":{"@id":"https:\/\/228news.tg\/index.php\/2019\/06\/02\/traite-sexuelle-des-enfants-928-des-victimes-aux-togo-sont-des-filles-2\/#primaryimage"},"thumbnailUrl":"https:\/\/228news.tg\/wp-content\/uploads\/2024\/09\/IMG-20210730-WA0022.jpg","datePublished":"2019-06-02T23:11:40+00:00","breadcrumb":{"@id":"https:\/\/228news.tg\/index.php\/2019\/06\/02\/traite-sexuelle-des-enfants-928-des-victimes-aux-togo-sont-des-filles-2\/#breadcrumb"},"inLanguage":"fr-FR","potentialAction":[{"@type":"ReadAction","target":["https:\/\/228news.tg\/index.php\/2019\/06\/02\/traite-sexuelle-des-enfants-928-des-victimes-aux-togo-sont-des-filles-2\/"]}]},{"@type":"ImageObject","inLanguage":"fr-FR","@id":"https:\/\/228news.tg\/index.php\/2019\/06\/02\/traite-sexuelle-des-enfants-928-des-victimes-aux-togo-sont-des-filles-2\/#primaryimage","url":"https:\/\/228news.tg\/wp-content\/uploads\/2024\/09\/IMG-20210730-WA0022.jpg","contentUrl":"https:\/\/228news.tg\/wp-content\/uploads\/2024\/09\/IMG-20210730-WA0022.jpg","width":1080,"height":719},{"@type":"BreadcrumbList","@id":"https:\/\/228news.tg\/index.php\/2019\/06\/02\/traite-sexuelle-des-enfants-928-des-victimes-aux-togo-sont-des-filles-2\/#breadcrumb","itemListElement":[{"@type":"ListItem","position":1,"name":"Home","item":"https:\/\/228news.tg\/"},{"@type":"ListItem","position":2,"name":"Traite sexuelle des enfants 92,8% des victimes aux Togo sont des filles"}]},{"@type":"WebSite","@id":"https:\/\/228news.tg\/#website","url":"https:\/\/228news.tg\/","name":"228 News","description":"Soci\u00e9t\u00e9 de m\u00e9dias et d\u2019actualit\u00e9s","publisher":{"@id":"https:\/\/228news.tg\/#organization"},"potentialAction":[{"@type":"SearchAction","target":{"@type":"EntryPoint","urlTemplate":"https:\/\/228news.tg\/?s={search_term_string}"},"query-input":{"@type":"PropertyValueSpecification","valueRequired":true,"valueName":"search_term_string"}}],"inLanguage":"fr-FR"},{"@type":"Organization","@id":"https:\/\/228news.tg\/#organization","name":"228 News","url":"https:\/\/228news.tg\/","logo":{"@type":"ImageObject","inLanguage":"fr-FR","@id":"https:\/\/228news.tg\/#\/schema\/logo\/image\/","url":"https:\/\/228news.tg\/wp-content\/uploads\/2024\/09\/logonew.png","contentUrl":"https:\/\/228news.tg\/wp-content\/uploads\/2024\/09\/logonew.png","width":1640,"height":364,"caption":"228 News"},"image":{"@id":"https:\/\/228news.tg\/#\/schema\/logo\/image\/"}},{"@type":"Person","@id":"https:\/\/228news.tg\/#\/schema\/person\/68d5a6cc0230290e61235c8379523f52","name":"Bienvenu SAVI","image":{"@type":"ImageObject","inLanguage":"fr-FR","@id":"https:\/\/228news.tg\/#\/schema\/person\/image\/","url":"https:\/\/secure.gravatar.com\/avatar\/9db91895c559e510509c33a3e9683998458e9b828fac36d5d1aa23f0f2fd369b?s=96&d=mm&r=g","contentUrl":"https:\/\/secure.gravatar.com\/avatar\/9db91895c559e510509c33a3e9683998458e9b828fac36d5d1aa23f0f2fd369b?s=96&d=mm&r=g","caption":"Bienvenu SAVI"},"url":"https:\/\/228news.tg\/index.php\/author\/bienvenu\/"}]}},"jetpack_featured_media_url":"https:\/\/228news.tg\/wp-content\/uploads\/2024\/09\/IMG-20210730-WA0022.jpg","_links":{"self":[{"href":"https:\/\/228news.tg\/index.php\/wp-json\/wp\/v2\/posts\/14742","targetHints":{"allow":["GET"]}}],"collection":[{"href":"https:\/\/228news.tg\/index.php\/wp-json\/wp\/v2\/posts"}],"about":[{"href":"https:\/\/228news.tg\/index.php\/wp-json\/wp\/v2\/types\/post"}],"author":[{"embeddable":true,"href":"https:\/\/228news.tg\/index.php\/wp-json\/wp\/v2\/users\/2"}],"replies":[{"embeddable":true,"href":"https:\/\/228news.tg\/index.php\/wp-json\/wp\/v2\/comments?post=14742"}],"version-history":[{"count":0,"href":"https:\/\/228news.tg\/index.php\/wp-json\/wp\/v2\/posts\/14742\/revisions"}],"wp:featuredmedia":[{"embeddable":true,"href":"https:\/\/228news.tg\/index.php\/wp-json\/wp\/v2\/media\/4330"}],"wp:attachment":[{"href":"https:\/\/228news.tg\/index.php\/wp-json\/wp\/v2\/media?parent=14742"}],"wp:term":[{"taxonomy":"category","embeddable":true,"href":"https:\/\/228news.tg\/index.php\/wp-json\/wp\/v2\/categories?post=14742"},{"taxonomy":"post_tag","embeddable":true,"href":"https:\/\/228news.tg\/index.php\/wp-json\/wp\/v2\/tags?post=14742"}],"curies":[{"name":"wp","href":"https:\/\/api.w.org\/{rel}","templated":true}]}}