{"id":14740,"date":"2019-05-27T12:12:14","date_gmt":"2019-05-27T12:12:14","guid":{"rendered":"http:\/\/localhost\/site\/228news\/?p=4313"},"modified":"2019-05-27T12:12:14","modified_gmt":"2019-05-27T12:12:14","slug":"disparition-acceleree-des-especes-de-limportance-de-restaurer-la-biodiversite-2","status":"publish","type":"post","link":"https:\/\/228news.tg\/index.php\/2019\/05\/27\/disparition-acceleree-des-especes-de-limportance-de-restaurer-la-biodiversite-2\/","title":{"rendered":"Disparition acc\u00e9l\u00e9r\u00e9e des esp\u00e8ces, de l\u2019importance de restaurer la biodiversit\u00e9"},"content":{"rendered":"\n<p>(228NEWS)- Le rapport de la Plateforme Intergouvernementale sur la Biodiversit\u00e9 et les Services Ecosyst\u00e9miques (IPBES), estime qu\u2019environ 1 million d\u2019esp\u00e8ces animales et v\u00e9g\u00e9tales sont aujourd\u2019hui menac\u00e9es d\u2019extinction, notamment au cours des prochaines d\u00e9cennies. <\/p>\n\n\n\n<p>Plus de 40 % des esp\u00e8ces d\u2019amphibiens, pr\u00e8s de 33 % des r\u00e9cifs coralliens et plus d\u2019un tiers de tous les mammif\u00e8res marins sont menac\u00e9s. La situation est moins claire pour les esp\u00e8ces d\u2019insectes, mais les donn\u00e9es disponibles conduisent \u00e0 une estimation provisoire de 10 % d\u2019esp\u00e8ces menac\u00e9es. <br \/> Un million d\u2019esp\u00e8ces animales et v\u00e9g\u00e9tales risquent de dispara\u00eetre dans les prochaines ann\u00e9es de la surface de la Terre et du fond des oc\u00e9ans.<\/p>\n\n\n\n<p> Ce constat alarmant s\u2019appuyant sur un rapport fruit de trois ans de recensement et d\u2019analyse de donn\u00e9es par plusieurs centaines d\u2019experts, sur l\u2019\u00e9tat de la biodiversit\u00e9 mondiale, r\u00e9v\u00e8le que 75 % de l\u2019environnement terrestre est \u00ab gravement alt\u00e9r\u00e9 \u00bb. Et 66 % de l\u2019environnement marin est touch\u00e9. Dans ce d\u00e9sastre, la part de responsabilit\u00e9 des humains est immense. <\/p>\n\n\n\n<div class=\"wp-block-image\"><figure class=\"alignleft is-resized\"><img fetchpriority=\"high\" decoding=\"async\" src=\"https:\/\/i0.wp.com\/www.228news.com\/wp-content\/uploads\/2019\/05\/photo_2019-05-27_14-30-47.jpg?fit=525%2C328\" alt=\"\" class=\"wp-image-4315\" width=\"338\" height=\"212\"\/><\/figure><\/div>\n\n\n\n<p><br \/> Au total, plus de 40 % des esp\u00e8ces d\u2019amphibiens et environ 10% des insectes sont menac\u00e9es d\u2019extinction. C\u2019est aussi le cas de pr\u00e8s de 33 % des r\u00e9cifs coralliens, des requins, et plus de 33 % des mammif\u00e8res marins. Environ 10% des esp\u00e8ces d\u2019insectes sont menac\u00e9es d\u2019extinction. Le nombre d\u2019esp\u00e8ces exotiques envahissantes a augment\u00e9 de 70% depuis 1970 dans les 21 pays ayant des dossiers d\u00e9taill\u00e9s. 55 % : zone oc\u00e9anique exploit\u00e9e par la p\u00eache industrielle.<\/p>\n\n\n\n<p> \u00ab Cette perte est la cons\u00e9quence directe de l\u2019activit\u00e9 humaine et constitue une menace directe pour le bien-\u00eatre de l\u2019humanit\u00e9 dans toutes les r\u00e9gions du monde \u00bb, explique le professeur Josef Settele, co-pr\u00e9sidant de l\u2019\u00e9valuation.<\/p>\n\n\n\n<p><br \/> En effet, la d\u00e9forestation, l&rsquo;usage de pesticides, la p\u00eache et la chasse ou les activit\u00e9s humaines dans son ensemble sont \u00e0 l&rsquo;origine d&rsquo;une baisse de 60 % de la faune mondiale. Le d\u00e9clin de la biodiversit\u00e9 est aussi caus\u00e9 par les industries extractives, la destruction des habitats, l\u2019industrialisation de l&rsquo;agriculture, l\u2019utilisation massive de pesticides, la d\u00e9gradation des sols, la surp\u00eache, la surpopulation humaine, le changement climatique, les d\u00e9chets plastiques, l\u2019\u00e9talement urbain, la surconsommation et le soutien \u00e0 tout prix de la croissance \u00e9conomique.  Les principaux facteurs indirects comprennent l\u2019augmentation de la population et de la consommation par habitant. <\/p>\n\n\n\n<div class=\"wp-block-image\"><figure class=\"alignright is-resized\"><img decoding=\"async\" src=\"http:\/\/localhost\/site\/228news\/wp-content\/uploads\/2019\/05\/photo_2019-05-27_14-31-01.jpg\" alt=\"\" class=\"wp-image-4316\" width=\"313\" height=\"155\"\/><\/figure><\/div>\n\n\n\n<p>Depuis 1970, la population mondiale est pass\u00e9e de 3,7 \u00e0 7,6 milliards, une augmentation de mani\u00e8re in\u00e9gale selon les pays et les r\u00e9gions. La pollution par les plastiques a \u00e9t\u00e9 multipli\u00e9e par dix depuis 1980, cr\u00e9ant un dommage \u00e0 la nature, environ 300-400 millions de tonnes de m\u00e9taux lourds, solvants, boues toxiques et autres d\u00e9chets issus des sites industriels sont d\u00e9vers\u00e9s chaque ann\u00e9e dans les eaux du monde, et les engrais qui arrivent dans les \u00e9cosyst\u00e8mes c\u00f4tiers causent de graves d\u00e9sagr\u00e9ments \u00e0 la biodiversit\u00e9.<\/p>\n\n\n\n<p><br \/>  A cela s\u2019ajoute les \u00e9missions de gaz \u00e0 effet de serre qui ont \u00e9t\u00e9 multipli\u00e9es par deux, provoquant une augmentation des temp\u00e9ratures moyennes mondiales d&rsquo;au moins 0,7 degr\u00e9 Celsius. <\/p>\n\n\n\n<p>\u00ab Les activit\u00e9s humaines menacent d\u2019extinction davantage d\u2019esp\u00e8ces au niveau mondial que jamais auparavant \u00bb, avertit solennellement l\u2019IPBES, qui fait \u00e9tat d\u2019un taux actuel d\u2019extinction \u00ab au moins des dizaines ou des centaines de fois sup\u00e9rieur \u00e0 ce qu\u2019il a \u00e9t\u00e9 en moyenne durant les derni\u00e8res 10 millions d\u2019ann\u00e9es \u00bb. <br \/> La sant\u00e9 des \u00e9cosyst\u00e8mes dont nous d\u00e9pendons, comme toutes les autres esp\u00e8ces, se d\u00e9grade plus vite que jamais, r\u00e9sume le pr\u00e9sident de l\u2019IPBES, le Britannique Robert Watson.<\/p>\n\n\n\n<p> \u00abNous sommes en train d\u2019\u00e9roder les fondements m\u00eames de nos \u00e9conomies, nos moyens de subsistance, la s\u00e9curit\u00e9 alimentaire, la sant\u00e9 et la qualit\u00e9 de vie dans le monde entier. \u00bb Mais, ajoute-t-il, \u00ab il n\u2019est pas trop tard pour agir, mais seulement si nous commen\u00e7ons \u00e0 le faire maintenant \u00e0 tous les niveaux, du local au mondial \u00bb.<\/p>\n\n\n\n<p><br \/> Pour ce, il faut un changement fondamental a\u0300 l&rsquo;\u00e9chelle d&rsquo;un syst\u00e8me, qui prend en consid\u00e9ration les facteurs technologiques, \u00e9conomiques et sociaux, y compris en termes de paradigmes, objectifs et valeurs. La tr\u00e8s grande majorit\u00e9 des d\u00e9cisions politiques reste profond\u00e9ment entrav\u00e9e par le souci de faire de l&rsquo;argent, d&rsquo;augmenter la croissance et le d\u00e9veloppement \u00e9conomique, peu importe les cons\u00e9quences (\u00e9cologiques, mais aussi sociales ou g\u00e9opolitiques). <\/p>\n\n\n\n<p><br \/> Il est aussi important d&rsquo;inclure diff\u00e9rents syst\u00e8mes de valeurs, int\u00e9r\u00eats et visions du monde dans la formulation des politiques et des actions. Cela inclut de veiller \u00e0 ce que la participation des peuples autochtones et des communaut\u00e9s locales soit pleine et effective dans la gouvernance, la r\u00e9forme et le d\u00e9veloppement des structures d&rsquo;incitation et \u00e0 ce que la prise en consid\u00e9ration de la biodiversit\u00e9 soit prioritaire dans la planification de tous les secteurs cl\u00e9s.<\/p>\n\n\n\n<p><br \/>  \u00ab Dans toutes les cultures, les humains appr\u00e9cient intrins\u00e8quement la nature. La magie de voir des lucioles clignoter longtemps dans la nuit est prodigieuse. Nous puisons notre \u00e9nergie et nos nutriments dans la nature. Nous trouvons dans la nature des sources de nourriture, de m\u00e9dicaments, de moyens de subsistance et d&rsquo;innovation. Notre bien-\u00eatre d\u00e9pend fondamentalement de la nature. Nos efforts de conservation de la biodiversit\u00e9 et des \u00e9cosyst\u00e8mes doivent s&rsquo;appuyer sur les meilleures connaissances scientifiques que l&rsquo;humanit\u00e9 puisse produire \u00bb, indique Achim Steiner, Administrateur du Programme des Nations Unies pour le d\u00e9veloppement.<\/p>\n\n\n\n<p><br \/>  Le rapport souligne l\u2019importance, entre autres, d\u2019adopter une gestion int\u00e9gr\u00e9e et des approches intersectorielles. Elles doivent prendre en compte les compromis entre la production alimentaire et celle de l\u2019\u00e9nergie, les infrastructures, la gestion de l\u2019eau douce et des zones c\u00f4ti\u00e8res, ainsi que la conservation de la biodiversit\u00e9. Le rapport identifie l\u2019\u00e9volution des syst\u00e8mes financiers et \u00e9conomiques mondiaux comme un \u00e9l\u00e9ment cl\u00e9 des politiques futures plus durables.<\/p>\n\n\n\n<p><br \/> Dans tous les exemples, le rapport reconna\u00eet l&rsquo;importance d&rsquo;inclure diff\u00e9rents syst\u00e8mes de valeurs, int\u00e9r\u00eats et visions du monde dans la formulation des politiques et des actions. Cela inclut de veiller \u00e0 ce que la participation des peuples autochtones et des communaut\u00e9s locales soit pleine et effective dans la gouvernance, la r\u00e9forme et le d\u00e9veloppement des structures d&rsquo;incitation et \u00e0 ce que la prise en consid\u00e9ration de la biodiversit\u00e9 soit prioritaire dans la planification de tous les secteurs cl\u00e9s.<\/p>\n\n\n\n<p><br \/> La biodiversit\u00e9 est le tissu vivant de notre plan\u00e8te. Sa disparition compromet les contributions vitales qu\u2019apporte la nature \u00e0 l\u2019humanit\u00e9, mettant en p\u00e9ril l\u2019\u00e9conomie, les moyens de subsistance, le patrimoine culturel mat\u00e9riel et immat\u00e9riel de l\u2019humanit\u00e9 dans sa diversit\u00e9, la s\u00e9curit\u00e9 alimentaire et la qualit\u00e9 de vie, et constitue une menace majeure pour la paix et la s\u00e9curit\u00e9 mondiales. <\/p>\n\n\n\n<p>En outre, la perte de biodiversit\u00e9 touche de mani\u00e8re disproportionn\u00e9e les populations les plus vuln\u00e9rables, aggravant ainsi les in\u00e9galit\u00e9s. Nous d\u00e9pendons fondamentalement de cette diversit\u00e9 du vivant dans ce qui nous constitue en tant que soci\u00e9t\u00e9s.<\/p>\n\n\n\n<p> <strong><em>(EAGLE-Togo)<\/em><\/strong><\/p>\n","protected":false},"excerpt":{"rendered":"<p>(228NEWS)- Le rapport de la Plateforme Intergouvernementale sur la Biodiversit\u00e9 et les Services Ecosyst\u00e9miques (IPBES), estime qu\u2019environ 1 million d\u2019esp\u00e8ces animales et v\u00e9g\u00e9tales sont aujourd\u2019hui menac\u00e9es d\u2019extinction, notamment au cours des prochaines d\u00e9cennies. Plus de 40 % des esp\u00e8ces d\u2019amphibiens, pr\u00e8s de 33 % des r\u00e9cifs coralliens et plus d\u2019un tiers de tous les mammif\u00e8res &#8230; <a title=\"Disparition acc\u00e9l\u00e9r\u00e9e des esp\u00e8ces, de l\u2019importance de restaurer la biodiversit\u00e9\" class=\"read-more\" href=\"https:\/\/228news.tg\/index.php\/2019\/05\/27\/disparition-acceleree-des-especes-de-limportance-de-restaurer-la-biodiversite-2\/\" aria-label=\"En savoir plus sur Disparition acc\u00e9l\u00e9r\u00e9e des esp\u00e8ces, de l\u2019importance de restaurer la biodiversit\u00e9\">Lire la suite<\/a><\/p>\n","protected":false},"author":2,"featured_media":4317,"comment_status":"open","ping_status":"open","sticky":false,"template":"","format":"chat","meta":{"footnotes":""},"categories":[35,2,29,25,34],"tags":[],"class_list":["post-14740","post","type-post","status-publish","format-chat","has-post-thumbnail","hentry","category-flash","category-nature","category-societe","category-togo","category-une","post_format-post-format-chat"],"yoast_head":"<!-- This site is optimized with the Yoast SEO plugin v26.4 - https:\/\/yoast.com\/wordpress\/plugins\/seo\/ -->\n<title>Disparition acc\u00e9l\u00e9r\u00e9e des esp\u00e8ces, de l\u2019importance de restaurer la biodiversit\u00e9 - 228 News<\/title>\n<meta name=\"robots\" content=\"index, follow, max-snippet:-1, max-image-preview:large, max-video-preview:-1\" \/>\n<link rel=\"canonical\" href=\"https:\/\/228news.tg\/index.php\/2019\/05\/27\/disparition-acceleree-des-especes-de-limportance-de-restaurer-la-biodiversite-2\/\" \/>\n<meta property=\"og:locale\" content=\"fr_FR\" \/>\n<meta property=\"og:type\" content=\"article\" \/>\n<meta property=\"og:title\" content=\"Disparition acc\u00e9l\u00e9r\u00e9e des esp\u00e8ces, de l\u2019importance de restaurer la biodiversit\u00e9 - 228 News\" \/>\n<meta property=\"og:description\" content=\"(228NEWS)- Le rapport de la Plateforme Intergouvernementale sur la Biodiversit\u00e9 et les Services Ecosyst\u00e9miques (IPBES), estime qu\u2019environ 1 million d\u2019esp\u00e8ces animales et v\u00e9g\u00e9tales sont aujourd\u2019hui menac\u00e9es d\u2019extinction, notamment au cours des prochaines d\u00e9cennies. Plus de 40 % des esp\u00e8ces d\u2019amphibiens, pr\u00e8s de 33 % des r\u00e9cifs coralliens et plus d\u2019un tiers de tous les mammif\u00e8res ... Lire la suite\" \/>\n<meta property=\"og:url\" content=\"https:\/\/228news.tg\/index.php\/2019\/05\/27\/disparition-acceleree-des-especes-de-limportance-de-restaurer-la-biodiversite-2\/\" \/>\n<meta property=\"og:site_name\" content=\"228 News\" \/>\n<meta property=\"article:published_time\" content=\"2019-05-27T12:12:14+00:00\" \/>\n<meta property=\"og:image\" content=\"https:\/\/i0.wp.com\/www.228news.com\/wp-content\/uploads\/2019\/05\/photo_2019-05-27_14-30-47.jpg?fit=525%2C328\" \/>\n<meta name=\"author\" content=\"Bienvenu SAVI\" \/>\n<meta name=\"twitter:card\" content=\"summary_large_image\" \/>\n<meta name=\"twitter:label1\" content=\"\u00c9crit par\" \/>\n\t<meta name=\"twitter:data1\" content=\"Bienvenu SAVI\" \/>\n\t<meta name=\"twitter:label2\" content=\"Dur\u00e9e de lecture estim\u00e9e\" \/>\n\t<meta name=\"twitter:data2\" content=\"6 minutes\" \/>\n<script type=\"application\/ld+json\" class=\"yoast-schema-graph\">{\"@context\":\"https:\/\/schema.org\",\"@graph\":[{\"@type\":\"Article\",\"@id\":\"https:\/\/228news.tg\/index.php\/2019\/05\/27\/disparition-acceleree-des-especes-de-limportance-de-restaurer-la-biodiversite-2\/#article\",\"isPartOf\":{\"@id\":\"https:\/\/228news.tg\/index.php\/2019\/05\/27\/disparition-acceleree-des-especes-de-limportance-de-restaurer-la-biodiversite-2\/\"},\"author\":{\"name\":\"Bienvenu SAVI\",\"@id\":\"https:\/\/228news.tg\/#\/schema\/person\/68d5a6cc0230290e61235c8379523f52\"},\"headline\":\"Disparition acc\u00e9l\u00e9r\u00e9e des esp\u00e8ces, de l\u2019importance de restaurer la biodiversit\u00e9\",\"datePublished\":\"2019-05-27T12:12:14+00:00\",\"mainEntityOfPage\":{\"@id\":\"https:\/\/228news.tg\/index.php\/2019\/05\/27\/disparition-acceleree-des-especes-de-limportance-de-restaurer-la-biodiversite-2\/\"},\"wordCount\":1246,\"commentCount\":0,\"publisher\":{\"@id\":\"https:\/\/228news.tg\/#organization\"},\"image\":{\"@id\":\"https:\/\/228news.tg\/index.php\/2019\/05\/27\/disparition-acceleree-des-especes-de-limportance-de-restaurer-la-biodiversite-2\/#primaryimage\"},\"thumbnailUrl\":\"\",\"articleSection\":[\"Flash\",\"Nature\",\"SOCIETE\",\"TOGO\",\"Une\"],\"inLanguage\":\"fr-FR\",\"potentialAction\":[{\"@type\":\"CommentAction\",\"name\":\"Comment\",\"target\":[\"https:\/\/228news.tg\/index.php\/2019\/05\/27\/disparition-acceleree-des-especes-de-limportance-de-restaurer-la-biodiversite-2\/#respond\"]}]},{\"@type\":\"WebPage\",\"@id\":\"https:\/\/228news.tg\/index.php\/2019\/05\/27\/disparition-acceleree-des-especes-de-limportance-de-restaurer-la-biodiversite-2\/\",\"url\":\"https:\/\/228news.tg\/index.php\/2019\/05\/27\/disparition-acceleree-des-especes-de-limportance-de-restaurer-la-biodiversite-2\/\",\"name\":\"Disparition acc\u00e9l\u00e9r\u00e9e des esp\u00e8ces, de l\u2019importance de restaurer la biodiversit\u00e9 - 228 News\",\"isPartOf\":{\"@id\":\"https:\/\/228news.tg\/#website\"},\"primaryImageOfPage\":{\"@id\":\"https:\/\/228news.tg\/index.php\/2019\/05\/27\/disparition-acceleree-des-especes-de-limportance-de-restaurer-la-biodiversite-2\/#primaryimage\"},\"image\":{\"@id\":\"https:\/\/228news.tg\/index.php\/2019\/05\/27\/disparition-acceleree-des-especes-de-limportance-de-restaurer-la-biodiversite-2\/#primaryimage\"},\"thumbnailUrl\":\"\",\"datePublished\":\"2019-05-27T12:12:14+00:00\",\"breadcrumb\":{\"@id\":\"https:\/\/228news.tg\/index.php\/2019\/05\/27\/disparition-acceleree-des-especes-de-limportance-de-restaurer-la-biodiversite-2\/#breadcrumb\"},\"inLanguage\":\"fr-FR\",\"potentialAction\":[{\"@type\":\"ReadAction\",\"target\":[\"https:\/\/228news.tg\/index.php\/2019\/05\/27\/disparition-acceleree-des-especes-de-limportance-de-restaurer-la-biodiversite-2\/\"]}]},{\"@type\":\"ImageObject\",\"inLanguage\":\"fr-FR\",\"@id\":\"https:\/\/228news.tg\/index.php\/2019\/05\/27\/disparition-acceleree-des-especes-de-limportance-de-restaurer-la-biodiversite-2\/#primaryimage\",\"url\":\"\",\"contentUrl\":\"\"},{\"@type\":\"BreadcrumbList\",\"@id\":\"https:\/\/228news.tg\/index.php\/2019\/05\/27\/disparition-acceleree-des-especes-de-limportance-de-restaurer-la-biodiversite-2\/#breadcrumb\",\"itemListElement\":[{\"@type\":\"ListItem\",\"position\":1,\"name\":\"Home\",\"item\":\"https:\/\/228news.tg\/\"},{\"@type\":\"ListItem\",\"position\":2,\"name\":\"Disparition acc\u00e9l\u00e9r\u00e9e des esp\u00e8ces, de l\u2019importance de restaurer la biodiversit\u00e9\"}]},{\"@type\":\"WebSite\",\"@id\":\"https:\/\/228news.tg\/#website\",\"url\":\"https:\/\/228news.tg\/\",\"name\":\"228 News\",\"description\":\"Soci\u00e9t\u00e9 de m\u00e9dias et d\u2019actualit\u00e9s\",\"publisher\":{\"@id\":\"https:\/\/228news.tg\/#organization\"},\"potentialAction\":[{\"@type\":\"SearchAction\",\"target\":{\"@type\":\"EntryPoint\",\"urlTemplate\":\"https:\/\/228news.tg\/?s={search_term_string}\"},\"query-input\":{\"@type\":\"PropertyValueSpecification\",\"valueRequired\":true,\"valueName\":\"search_term_string\"}}],\"inLanguage\":\"fr-FR\"},{\"@type\":\"Organization\",\"@id\":\"https:\/\/228news.tg\/#organization\",\"name\":\"228 News\",\"url\":\"https:\/\/228news.tg\/\",\"logo\":{\"@type\":\"ImageObject\",\"inLanguage\":\"fr-FR\",\"@id\":\"https:\/\/228news.tg\/#\/schema\/logo\/image\/\",\"url\":\"https:\/\/228news.tg\/wp-content\/uploads\/2024\/09\/logonew.png\",\"contentUrl\":\"https:\/\/228news.tg\/wp-content\/uploads\/2024\/09\/logonew.png\",\"width\":1640,\"height\":364,\"caption\":\"228 News\"},\"image\":{\"@id\":\"https:\/\/228news.tg\/#\/schema\/logo\/image\/\"}},{\"@type\":\"Person\",\"@id\":\"https:\/\/228news.tg\/#\/schema\/person\/68d5a6cc0230290e61235c8379523f52\",\"name\":\"Bienvenu SAVI\",\"image\":{\"@type\":\"ImageObject\",\"inLanguage\":\"fr-FR\",\"@id\":\"https:\/\/228news.tg\/#\/schema\/person\/image\/\",\"url\":\"https:\/\/secure.gravatar.com\/avatar\/9db91895c559e510509c33a3e9683998458e9b828fac36d5d1aa23f0f2fd369b?s=96&d=mm&r=g\",\"contentUrl\":\"https:\/\/secure.gravatar.com\/avatar\/9db91895c559e510509c33a3e9683998458e9b828fac36d5d1aa23f0f2fd369b?s=96&d=mm&r=g\",\"caption\":\"Bienvenu SAVI\"},\"url\":\"https:\/\/228news.tg\/index.php\/author\/bienvenu\/\"}]}<\/script>\n<!-- \/ Yoast SEO plugin. -->","yoast_head_json":{"title":"Disparition acc\u00e9l\u00e9r\u00e9e des esp\u00e8ces, de l\u2019importance de restaurer la biodiversit\u00e9 - 228 News","robots":{"index":"index","follow":"follow","max-snippet":"max-snippet:-1","max-image-preview":"max-image-preview:large","max-video-preview":"max-video-preview:-1"},"canonical":"https:\/\/228news.tg\/index.php\/2019\/05\/27\/disparition-acceleree-des-especes-de-limportance-de-restaurer-la-biodiversite-2\/","og_locale":"fr_FR","og_type":"article","og_title":"Disparition acc\u00e9l\u00e9r\u00e9e des esp\u00e8ces, de l\u2019importance de restaurer la biodiversit\u00e9 - 228 News","og_description":"(228NEWS)- Le rapport de la Plateforme Intergouvernementale sur la Biodiversit\u00e9 et les Services Ecosyst\u00e9miques (IPBES), estime qu\u2019environ 1 million d\u2019esp\u00e8ces animales et v\u00e9g\u00e9tales sont aujourd\u2019hui menac\u00e9es d\u2019extinction, notamment au cours des prochaines d\u00e9cennies. Plus de 40 % des esp\u00e8ces d\u2019amphibiens, pr\u00e8s de 33 % des r\u00e9cifs coralliens et plus d\u2019un tiers de tous les mammif\u00e8res ... Lire la suite","og_url":"https:\/\/228news.tg\/index.php\/2019\/05\/27\/disparition-acceleree-des-especes-de-limportance-de-restaurer-la-biodiversite-2\/","og_site_name":"228 News","article_published_time":"2019-05-27T12:12:14+00:00","og_image":[{"url":"https:\/\/i0.wp.com\/www.228news.com\/wp-content\/uploads\/2019\/05\/photo_2019-05-27_14-30-47.jpg?fit=525%2C328","type":"","width":"","height":""}],"author":"Bienvenu SAVI","twitter_card":"summary_large_image","twitter_misc":{"\u00c9crit par":"Bienvenu SAVI","Dur\u00e9e de lecture estim\u00e9e":"6 minutes"},"schema":{"@context":"https:\/\/schema.org","@graph":[{"@type":"Article","@id":"https:\/\/228news.tg\/index.php\/2019\/05\/27\/disparition-acceleree-des-especes-de-limportance-de-restaurer-la-biodiversite-2\/#article","isPartOf":{"@id":"https:\/\/228news.tg\/index.php\/2019\/05\/27\/disparition-acceleree-des-especes-de-limportance-de-restaurer-la-biodiversite-2\/"},"author":{"name":"Bienvenu SAVI","@id":"https:\/\/228news.tg\/#\/schema\/person\/68d5a6cc0230290e61235c8379523f52"},"headline":"Disparition acc\u00e9l\u00e9r\u00e9e des esp\u00e8ces, de l\u2019importance de restaurer la biodiversit\u00e9","datePublished":"2019-05-27T12:12:14+00:00","mainEntityOfPage":{"@id":"https:\/\/228news.tg\/index.php\/2019\/05\/27\/disparition-acceleree-des-especes-de-limportance-de-restaurer-la-biodiversite-2\/"},"wordCount":1246,"commentCount":0,"publisher":{"@id":"https:\/\/228news.tg\/#organization"},"image":{"@id":"https:\/\/228news.tg\/index.php\/2019\/05\/27\/disparition-acceleree-des-especes-de-limportance-de-restaurer-la-biodiversite-2\/#primaryimage"},"thumbnailUrl":"","articleSection":["Flash","Nature","SOCIETE","TOGO","Une"],"inLanguage":"fr-FR","potentialAction":[{"@type":"CommentAction","name":"Comment","target":["https:\/\/228news.tg\/index.php\/2019\/05\/27\/disparition-acceleree-des-especes-de-limportance-de-restaurer-la-biodiversite-2\/#respond"]}]},{"@type":"WebPage","@id":"https:\/\/228news.tg\/index.php\/2019\/05\/27\/disparition-acceleree-des-especes-de-limportance-de-restaurer-la-biodiversite-2\/","url":"https:\/\/228news.tg\/index.php\/2019\/05\/27\/disparition-acceleree-des-especes-de-limportance-de-restaurer-la-biodiversite-2\/","name":"Disparition acc\u00e9l\u00e9r\u00e9e des esp\u00e8ces, de l\u2019importance de restaurer la biodiversit\u00e9 - 228 News","isPartOf":{"@id":"https:\/\/228news.tg\/#website"},"primaryImageOfPage":{"@id":"https:\/\/228news.tg\/index.php\/2019\/05\/27\/disparition-acceleree-des-especes-de-limportance-de-restaurer-la-biodiversite-2\/#primaryimage"},"image":{"@id":"https:\/\/228news.tg\/index.php\/2019\/05\/27\/disparition-acceleree-des-especes-de-limportance-de-restaurer-la-biodiversite-2\/#primaryimage"},"thumbnailUrl":"","datePublished":"2019-05-27T12:12:14+00:00","breadcrumb":{"@id":"https:\/\/228news.tg\/index.php\/2019\/05\/27\/disparition-acceleree-des-especes-de-limportance-de-restaurer-la-biodiversite-2\/#breadcrumb"},"inLanguage":"fr-FR","potentialAction":[{"@type":"ReadAction","target":["https:\/\/228news.tg\/index.php\/2019\/05\/27\/disparition-acceleree-des-especes-de-limportance-de-restaurer-la-biodiversite-2\/"]}]},{"@type":"ImageObject","inLanguage":"fr-FR","@id":"https:\/\/228news.tg\/index.php\/2019\/05\/27\/disparition-acceleree-des-especes-de-limportance-de-restaurer-la-biodiversite-2\/#primaryimage","url":"","contentUrl":""},{"@type":"BreadcrumbList","@id":"https:\/\/228news.tg\/index.php\/2019\/05\/27\/disparition-acceleree-des-especes-de-limportance-de-restaurer-la-biodiversite-2\/#breadcrumb","itemListElement":[{"@type":"ListItem","position":1,"name":"Home","item":"https:\/\/228news.tg\/"},{"@type":"ListItem","position":2,"name":"Disparition acc\u00e9l\u00e9r\u00e9e des esp\u00e8ces, de l\u2019importance de restaurer la biodiversit\u00e9"}]},{"@type":"WebSite","@id":"https:\/\/228news.tg\/#website","url":"https:\/\/228news.tg\/","name":"228 News","description":"Soci\u00e9t\u00e9 de m\u00e9dias et d\u2019actualit\u00e9s","publisher":{"@id":"https:\/\/228news.tg\/#organization"},"potentialAction":[{"@type":"SearchAction","target":{"@type":"EntryPoint","urlTemplate":"https:\/\/228news.tg\/?s={search_term_string}"},"query-input":{"@type":"PropertyValueSpecification","valueRequired":true,"valueName":"search_term_string"}}],"inLanguage":"fr-FR"},{"@type":"Organization","@id":"https:\/\/228news.tg\/#organization","name":"228 News","url":"https:\/\/228news.tg\/","logo":{"@type":"ImageObject","inLanguage":"fr-FR","@id":"https:\/\/228news.tg\/#\/schema\/logo\/image\/","url":"https:\/\/228news.tg\/wp-content\/uploads\/2024\/09\/logonew.png","contentUrl":"https:\/\/228news.tg\/wp-content\/uploads\/2024\/09\/logonew.png","width":1640,"height":364,"caption":"228 News"},"image":{"@id":"https:\/\/228news.tg\/#\/schema\/logo\/image\/"}},{"@type":"Person","@id":"https:\/\/228news.tg\/#\/schema\/person\/68d5a6cc0230290e61235c8379523f52","name":"Bienvenu SAVI","image":{"@type":"ImageObject","inLanguage":"fr-FR","@id":"https:\/\/228news.tg\/#\/schema\/person\/image\/","url":"https:\/\/secure.gravatar.com\/avatar\/9db91895c559e510509c33a3e9683998458e9b828fac36d5d1aa23f0f2fd369b?s=96&d=mm&r=g","contentUrl":"https:\/\/secure.gravatar.com\/avatar\/9db91895c559e510509c33a3e9683998458e9b828fac36d5d1aa23f0f2fd369b?s=96&d=mm&r=g","caption":"Bienvenu SAVI"},"url":"https:\/\/228news.tg\/index.php\/author\/bienvenu\/"}]}},"jetpack_featured_media_url":"","_links":{"self":[{"href":"https:\/\/228news.tg\/index.php\/wp-json\/wp\/v2\/posts\/14740","targetHints":{"allow":["GET"]}}],"collection":[{"href":"https:\/\/228news.tg\/index.php\/wp-json\/wp\/v2\/posts"}],"about":[{"href":"https:\/\/228news.tg\/index.php\/wp-json\/wp\/v2\/types\/post"}],"author":[{"embeddable":true,"href":"https:\/\/228news.tg\/index.php\/wp-json\/wp\/v2\/users\/2"}],"replies":[{"embeddable":true,"href":"https:\/\/228news.tg\/index.php\/wp-json\/wp\/v2\/comments?post=14740"}],"version-history":[{"count":0,"href":"https:\/\/228news.tg\/index.php\/wp-json\/wp\/v2\/posts\/14740\/revisions"}],"wp:featuredmedia":[{"embeddable":true,"href":"https:\/\/228news.tg\/index.php\/wp-json\/wp\/v2\/posts\/4317"}],"wp:attachment":[{"href":"https:\/\/228news.tg\/index.php\/wp-json\/wp\/v2\/media?parent=14740"}],"wp:term":[{"taxonomy":"category","embeddable":true,"href":"https:\/\/228news.tg\/index.php\/wp-json\/wp\/v2\/categories?post=14740"},{"taxonomy":"post_tag","embeddable":true,"href":"https:\/\/228news.tg\/index.php\/wp-json\/wp\/v2\/tags?post=14740"}],"curies":[{"name":"wp","href":"https:\/\/api.w.org\/{rel}","templated":true}]}}