{"id":14739,"date":"2019-05-25T12:17:40","date_gmt":"2019-05-25T12:17:40","guid":{"rendered":"http:\/\/localhost\/site\/228news\/?p=4305"},"modified":"2019-05-25T12:17:40","modified_gmt":"2019-05-25T12:17:40","slug":"projet-ama-le-coach-joseph-mawuena-montre-les-cles-du-succes-aux-jeunes-leaders-togolais-2","status":"publish","type":"post","link":"https:\/\/228news.tg\/index.php\/2019\/05\/25\/projet-ama-le-coach-joseph-mawuena-montre-les-cles-du-succes-aux-jeunes-leaders-togolais-2\/","title":{"rendered":"Projet AMA: Le coach Joseph Mawuena montre les cl\u00e9s du succ\u00e8s aux jeunes leaders togolais"},"content":{"rendered":"\n<p>(228NEWS)- L&rsquo;Association Communaut\u00e9\u00a0 Unie Africaine sous le BAobab (ACUABA) tient ce samedi 25 mai 2019, \u00e0 Av\u00e9pozo (sortie Est de la ville de Lom\u00e9) une journ\u00e9e de leadership et d\u2019entrepreneuriat.<\/p>\n\n\n\n<p>Cette formation qui vient consacrer le projet Action-Mentalit\u00e9-Action (AMA) pour votre succ\u00e8s, un des projets fars de l\u2019association, entend aguerrir et accroire les capacit\u00e9s des jeunes leaders, responsables de soci\u00e9t\u00e9s, entrepreneurs r\u00e9unis, afin de les porter haut dans les diverses activit\u00e9s, e de trouver le bonheur.<\/p>\n\n\n\n<div class=\"wp-block-image\"><figure class=\"alignleft is-resized\"><img fetchpriority=\"high\" decoding=\"async\" src=\"http:\/\/localhost\/site\/228news\/wp-content\/uploads\/2019\/05\/photo_2019-05-25_13-23-42-1024x768.jpg\" alt=\"\" class=\"wp-image-4306\" width=\"310\" height=\"233\"\/><figcaption> <strong><em>Joseph Mawuena<\/em><\/strong> <\/figcaption><\/figure><\/div>\n\n\n\n<p>Pour G\u00e9rald\nAd\u00e9bayor Dosres, Pr\u00e9sident national pays de l\u2019association, cette conf\u00e9rence s\u2019inscrit\ndans le volet p\u00e9dagogique des actions prioritaires d\u2019ACUABA. Il vise \u00e0 changer\ndes mentalit\u00e9s et insuffler chez au sein de la jeunesse une nouvelle classe de gagnants\nqui s\u2019auto-lib\u00e8rent d\u2019une ancienne mentalit\u00e9 qui consiste \u00e0 toujours &nbsp;attendre de l\u2019autre. Cela passe par la sensibilisation\ndans certains \u00e9tablissements scolaires qu\u2019ACUABA a entam\u00e9s en d\u00e9but de semaine.<\/p>\n\n\n\n<p>Joseph Mawuena, coach et expert en marketing et communication interculturelle, \u00e9galement Pr\u00e9sident international de l\u2019association, il s\u2019agit de \u00a0faire comprendre les mentalit\u00e9s et actions \u00e0 mener pour arriver au succ\u00e8s, qui ne rime pas forc\u00e9ment avec bonheur.<\/p>\n\n\n\n<p><br \/> \u00ab\u00a0Des fois certaines actions qui sur le coup ne semblent pas les bonnes sont souvent les plus payantes. La base du succ\u00e8s de l&rsquo;homme, c&rsquo;est l&rsquo;amour qui dirige tout autour de nous. Celui qui a d\u00e9cid\u00e9 d&rsquo;avoir du succ\u00e8s doit \u00eatre pr\u00eat \u00e0 faire le bien \u00e0 son prochain, au risque d&rsquo;\u00e9chouer lamentablement. La loi de l&rsquo;attraction, son fonctionnement,\u2026 sont des facteurs d\u00e9terminants que nous prendrons en compte ou au long de cette journ\u00e9e.\u00a0\u00bb, a confi\u00e9 le coach.<\/p>\n\n\n\n<p>Plusieurs activit\u00e9s sont inscrites \u00e0 l\u2019ordre du jour de cette journ\u00e9e. Il s\u2019agit outre la formation, d\u2019une s\u00e9ance de m\u00e9diation, de t\u00e9moignage, de musique, de connaissance de soi et de r\u00e9jouissance.<\/p>\n\n\n\n<div class=\"wp-block-image\"><figure class=\"alignright is-resized\"><img decoding=\"async\" src=\"http:\/\/localhost\/site\/228news\/wp-content\/uploads\/2019\/05\/photo_2019-05-25_14-13-43-1024x768.jpg\" alt=\"\" class=\"wp-image-4308\" width=\"350\" height=\"263\"\/><figcaption>Vue partielle des participants <\/figcaption><\/figure><\/div>\n\n\n\n<p>&nbsp;Ces\ndiverses formations de coaching sont l\u00e9gions de nos jours dans les communaut\u00e9s.\nElles aident d\u2019une mani\u00e8re ou d\u2019une autre la jeunesse \u00e0 trouver des rep\u00e8res e\ndonner un sens aux priorit\u00e9s de l\u2019heure. Un participant se confie.<\/p>\n\n\n\n<p>\u00ab&nbsp;En faisant le choix de prendre part \u00e0\nces formations, je vise l\u2019excellence dans ou ce que j\u2019entreprends. Je veux me d\u00e9partir\nde mon ancienne mentalit\u00e9 de d\u00e9faitiste e avoir un c\u0153ur de gagnant. Ce qui m\u2019a\nen outre marqu\u00e9 dans les activit\u00e9s de ce jour, es le caract\u00e8re pratique des enseignements\ndu coach, par rapport \u00e0 plusieurs autres que j\u2019ai d\u00e9j\u00e0 suivi.&nbsp;\u00bb.<\/p>\n\n\n\n<p>Association panafricaine, ACUABA s\u2019est donn\u00e9e\npour mission depuis sa cr\u00e9ation en f\u00e9vrier 2019 par dix (10) pas africains, de\nsoutenir les projets de la jeunesse, de faire ce travail de veille et d\u2019\u00e9veil\nde consciences au sein de cette cat\u00e9gorie, afin de ne pas tomber dans les m\u00eames\nerreurs que nos pr\u00e9d\u00e9cesseurs, qui n\u2019ont de cesse tendu la main \u00e0 l\u2019occident\npour tout. <\/p>\n\n\n\n<p>Ceci passera par un financement des projets porteurs, leur management et monitoring. <\/p>\n\n\n\n<p>Un autre volet social des actions de l\u2019association consiste en le recensement des \u00e9l\u00e8ves en situation de pr\u00e9carit\u00e9 que l\u2019association compte aider.<\/p>\n\n\n\n<p>Egalement, ACUABA a en projet de construire un centre\np\u00e9dagogique pour accueillir ses activit\u00e9s, de m\u00eame qu\u2019une \u00e9cole.<\/p>\n\n\n\n<p><strong><em>D\u00e9mocrate<\/em><\/strong><\/p>\n\n\n\n<p><strong><em>(00228) 91 85 40 14<\/em><\/strong><\/p>\n\n\n\n<p><strong><em>98 60 67 68<\/em><\/strong><\/p>\n\n\n\n<p><strong><em>democrate2010@gmail.com<\/em><\/strong><\/p>\n","protected":false},"excerpt":{"rendered":"<p>(228NEWS)- L&rsquo;Association Communaut\u00e9\u00a0 Unie Africaine sous le BAobab (ACUABA) tient ce samedi 25 mai 2019, \u00e0 Av\u00e9pozo (sortie Est de la ville de Lom\u00e9) une journ\u00e9e de leadership et d\u2019entrepreneuriat. Cette formation qui vient consacrer le projet Action-Mentalit\u00e9-Action (AMA) pour votre succ\u00e8s, un des projets fars de l\u2019association, entend aguerrir et accroire les capacit\u00e9s des &#8230; <a title=\"Projet AMA: Le coach Joseph Mawuena montre les cl\u00e9s du succ\u00e8s aux jeunes leaders togolais\" class=\"read-more\" href=\"https:\/\/228news.tg\/index.php\/2019\/05\/25\/projet-ama-le-coach-joseph-mawuena-montre-les-cles-du-succes-aux-jeunes-leaders-togolais-2\/\" aria-label=\"En savoir plus sur Projet AMA: Le coach Joseph Mawuena montre les cl\u00e9s du succ\u00e8s aux jeunes leaders togolais\">Lire la suite<\/a><\/p>\n","protected":false},"author":2,"featured_media":4307,"comment_status":"open","ping_status":"open","sticky":false,"template":"","format":"chat","meta":{"footnotes":""},"categories":[31,28,35,25,34],"tags":[],"class_list":["post-14739","post","type-post","status-publish","format-chat","has-post-thumbnail","hentry","category-developpement","category-education","category-flash","category-togo","category-une","post_format-post-format-chat"],"yoast_head":"<!-- This site is optimized with the Yoast SEO plugin v26.4 - https:\/\/yoast.com\/wordpress\/plugins\/seo\/ -->\n<title>Projet AMA: Le coach Joseph Mawuena montre les cl\u00e9s du succ\u00e8s aux jeunes leaders togolais - 228 News<\/title>\n<meta name=\"robots\" content=\"index, follow, max-snippet:-1, max-image-preview:large, max-video-preview:-1\" \/>\n<link rel=\"canonical\" href=\"https:\/\/228news.tg\/index.php\/2019\/05\/25\/projet-ama-le-coach-joseph-mawuena-montre-les-cles-du-succes-aux-jeunes-leaders-togolais-2\/\" \/>\n<meta property=\"og:locale\" content=\"fr_FR\" \/>\n<meta property=\"og:type\" content=\"article\" \/>\n<meta property=\"og:title\" content=\"Projet AMA: Le coach Joseph Mawuena montre les cl\u00e9s du succ\u00e8s aux jeunes leaders togolais - 228 News\" \/>\n<meta property=\"og:description\" content=\"(228NEWS)- L&rsquo;Association Communaut\u00e9\u00a0 Unie Africaine sous le BAobab (ACUABA) tient ce samedi 25 mai 2019, \u00e0 Av\u00e9pozo (sortie Est de la ville de Lom\u00e9) une journ\u00e9e de leadership et d\u2019entrepreneuriat. Cette formation qui vient consacrer le projet Action-Mentalit\u00e9-Action (AMA) pour votre succ\u00e8s, un des projets fars de l\u2019association, entend aguerrir et accroire les capacit\u00e9s des ... Lire la suite\" \/>\n<meta property=\"og:url\" content=\"https:\/\/228news.tg\/index.php\/2019\/05\/25\/projet-ama-le-coach-joseph-mawuena-montre-les-cles-du-succes-aux-jeunes-leaders-togolais-2\/\" \/>\n<meta property=\"og:site_name\" content=\"228 News\" \/>\n<meta property=\"article:published_time\" content=\"2019-05-25T12:17:40+00:00\" \/>\n<meta property=\"og:image\" content=\"http:\/\/localhost\/site\/228news\/wp-content\/uploads\/2019\/05\/photo_2019-05-25_13-23-42-1024x768.jpg\" \/>\n<meta name=\"author\" content=\"Bienvenu SAVI\" \/>\n<meta name=\"twitter:card\" content=\"summary_large_image\" \/>\n<meta name=\"twitter:label1\" content=\"\u00c9crit par\" \/>\n\t<meta name=\"twitter:data1\" content=\"Bienvenu SAVI\" \/>\n\t<meta name=\"twitter:label2\" content=\"Dur\u00e9e de lecture estim\u00e9e\" \/>\n\t<meta name=\"twitter:data2\" content=\"3 minutes\" \/>\n<script type=\"application\/ld+json\" class=\"yoast-schema-graph\">{\"@context\":\"https:\/\/schema.org\",\"@graph\":[{\"@type\":\"Article\",\"@id\":\"https:\/\/228news.tg\/index.php\/2019\/05\/25\/projet-ama-le-coach-joseph-mawuena-montre-les-cles-du-succes-aux-jeunes-leaders-togolais-2\/#article\",\"isPartOf\":{\"@id\":\"https:\/\/228news.tg\/index.php\/2019\/05\/25\/projet-ama-le-coach-joseph-mawuena-montre-les-cles-du-succes-aux-jeunes-leaders-togolais-2\/\"},\"author\":{\"name\":\"Bienvenu SAVI\",\"@id\":\"https:\/\/228news.tg\/#\/schema\/person\/68d5a6cc0230290e61235c8379523f52\"},\"headline\":\"Projet AMA: Le coach Joseph Mawuena montre les cl\u00e9s du succ\u00e8s aux jeunes leaders togolais\",\"datePublished\":\"2019-05-25T12:17:40+00:00\",\"mainEntityOfPage\":{\"@id\":\"https:\/\/228news.tg\/index.php\/2019\/05\/25\/projet-ama-le-coach-joseph-mawuena-montre-les-cles-du-succes-aux-jeunes-leaders-togolais-2\/\"},\"wordCount\":615,\"commentCount\":0,\"publisher\":{\"@id\":\"https:\/\/228news.tg\/#organization\"},\"image\":{\"@id\":\"https:\/\/228news.tg\/index.php\/2019\/05\/25\/projet-ama-le-coach-joseph-mawuena-montre-les-cles-du-succes-aux-jeunes-leaders-togolais-2\/#primaryimage\"},\"thumbnailUrl\":\"https:\/\/228news.tg\/wp-content\/uploads\/2024\/09\/IMG-20210728-WA0004.jpg\",\"articleSection\":[\"DEVELOPPEMENT\",\"EDUCATION\",\"Flash\",\"TOGO\",\"Une\"],\"inLanguage\":\"fr-FR\",\"potentialAction\":[{\"@type\":\"CommentAction\",\"name\":\"Comment\",\"target\":[\"https:\/\/228news.tg\/index.php\/2019\/05\/25\/projet-ama-le-coach-joseph-mawuena-montre-les-cles-du-succes-aux-jeunes-leaders-togolais-2\/#respond\"]}]},{\"@type\":\"WebPage\",\"@id\":\"https:\/\/228news.tg\/index.php\/2019\/05\/25\/projet-ama-le-coach-joseph-mawuena-montre-les-cles-du-succes-aux-jeunes-leaders-togolais-2\/\",\"url\":\"https:\/\/228news.tg\/index.php\/2019\/05\/25\/projet-ama-le-coach-joseph-mawuena-montre-les-cles-du-succes-aux-jeunes-leaders-togolais-2\/\",\"name\":\"Projet AMA: Le coach Joseph Mawuena montre les cl\u00e9s du succ\u00e8s aux jeunes leaders togolais - 228 News\",\"isPartOf\":{\"@id\":\"https:\/\/228news.tg\/#website\"},\"primaryImageOfPage\":{\"@id\":\"https:\/\/228news.tg\/index.php\/2019\/05\/25\/projet-ama-le-coach-joseph-mawuena-montre-les-cles-du-succes-aux-jeunes-leaders-togolais-2\/#primaryimage\"},\"image\":{\"@id\":\"https:\/\/228news.tg\/index.php\/2019\/05\/25\/projet-ama-le-coach-joseph-mawuena-montre-les-cles-du-succes-aux-jeunes-leaders-togolais-2\/#primaryimage\"},\"thumbnailUrl\":\"https:\/\/228news.tg\/wp-content\/uploads\/2024\/09\/IMG-20210728-WA0004.jpg\",\"datePublished\":\"2019-05-25T12:17:40+00:00\",\"breadcrumb\":{\"@id\":\"https:\/\/228news.tg\/index.php\/2019\/05\/25\/projet-ama-le-coach-joseph-mawuena-montre-les-cles-du-succes-aux-jeunes-leaders-togolais-2\/#breadcrumb\"},\"inLanguage\":\"fr-FR\",\"potentialAction\":[{\"@type\":\"ReadAction\",\"target\":[\"https:\/\/228news.tg\/index.php\/2019\/05\/25\/projet-ama-le-coach-joseph-mawuena-montre-les-cles-du-succes-aux-jeunes-leaders-togolais-2\/\"]}]},{\"@type\":\"ImageObject\",\"inLanguage\":\"fr-FR\",\"@id\":\"https:\/\/228news.tg\/index.php\/2019\/05\/25\/projet-ama-le-coach-joseph-mawuena-montre-les-cles-du-succes-aux-jeunes-leaders-togolais-2\/#primaryimage\",\"url\":\"https:\/\/228news.tg\/wp-content\/uploads\/2024\/09\/IMG-20210728-WA0004.jpg\",\"contentUrl\":\"https:\/\/228news.tg\/wp-content\/uploads\/2024\/09\/IMG-20210728-WA0004.jpg\",\"width\":1080,\"height\":709},{\"@type\":\"BreadcrumbList\",\"@id\":\"https:\/\/228news.tg\/index.php\/2019\/05\/25\/projet-ama-le-coach-joseph-mawuena-montre-les-cles-du-succes-aux-jeunes-leaders-togolais-2\/#breadcrumb\",\"itemListElement\":[{\"@type\":\"ListItem\",\"position\":1,\"name\":\"Home\",\"item\":\"https:\/\/228news.tg\/\"},{\"@type\":\"ListItem\",\"position\":2,\"name\":\"Projet AMA: Le coach Joseph Mawuena montre les cl\u00e9s du succ\u00e8s aux jeunes leaders togolais\"}]},{\"@type\":\"WebSite\",\"@id\":\"https:\/\/228news.tg\/#website\",\"url\":\"https:\/\/228news.tg\/\",\"name\":\"228 News\",\"description\":\"Soci\u00e9t\u00e9 de m\u00e9dias et d\u2019actualit\u00e9s\",\"publisher\":{\"@id\":\"https:\/\/228news.tg\/#organization\"},\"potentialAction\":[{\"@type\":\"SearchAction\",\"target\":{\"@type\":\"EntryPoint\",\"urlTemplate\":\"https:\/\/228news.tg\/?s={search_term_string}\"},\"query-input\":{\"@type\":\"PropertyValueSpecification\",\"valueRequired\":true,\"valueName\":\"search_term_string\"}}],\"inLanguage\":\"fr-FR\"},{\"@type\":\"Organization\",\"@id\":\"https:\/\/228news.tg\/#organization\",\"name\":\"228 News\",\"url\":\"https:\/\/228news.tg\/\",\"logo\":{\"@type\":\"ImageObject\",\"inLanguage\":\"fr-FR\",\"@id\":\"https:\/\/228news.tg\/#\/schema\/logo\/image\/\",\"url\":\"https:\/\/228news.tg\/wp-content\/uploads\/2024\/09\/logonew.png\",\"contentUrl\":\"https:\/\/228news.tg\/wp-content\/uploads\/2024\/09\/logonew.png\",\"width\":1640,\"height\":364,\"caption\":\"228 News\"},\"image\":{\"@id\":\"https:\/\/228news.tg\/#\/schema\/logo\/image\/\"}},{\"@type\":\"Person\",\"@id\":\"https:\/\/228news.tg\/#\/schema\/person\/68d5a6cc0230290e61235c8379523f52\",\"name\":\"Bienvenu SAVI\",\"image\":{\"@type\":\"ImageObject\",\"inLanguage\":\"fr-FR\",\"@id\":\"https:\/\/228news.tg\/#\/schema\/person\/image\/\",\"url\":\"https:\/\/secure.gravatar.com\/avatar\/9db91895c559e510509c33a3e9683998458e9b828fac36d5d1aa23f0f2fd369b?s=96&d=mm&r=g\",\"contentUrl\":\"https:\/\/secure.gravatar.com\/avatar\/9db91895c559e510509c33a3e9683998458e9b828fac36d5d1aa23f0f2fd369b?s=96&d=mm&r=g\",\"caption\":\"Bienvenu SAVI\"},\"url\":\"https:\/\/228news.tg\/index.php\/author\/bienvenu\/\"}]}<\/script>\n<!-- \/ Yoast SEO plugin. -->","yoast_head_json":{"title":"Projet AMA: Le coach Joseph Mawuena montre les cl\u00e9s du succ\u00e8s aux jeunes leaders togolais - 228 News","robots":{"index":"index","follow":"follow","max-snippet":"max-snippet:-1","max-image-preview":"max-image-preview:large","max-video-preview":"max-video-preview:-1"},"canonical":"https:\/\/228news.tg\/index.php\/2019\/05\/25\/projet-ama-le-coach-joseph-mawuena-montre-les-cles-du-succes-aux-jeunes-leaders-togolais-2\/","og_locale":"fr_FR","og_type":"article","og_title":"Projet AMA: Le coach Joseph Mawuena montre les cl\u00e9s du succ\u00e8s aux jeunes leaders togolais - 228 News","og_description":"(228NEWS)- L&rsquo;Association Communaut\u00e9\u00a0 Unie Africaine sous le BAobab (ACUABA) tient ce samedi 25 mai 2019, \u00e0 Av\u00e9pozo (sortie Est de la ville de Lom\u00e9) une journ\u00e9e de leadership et d\u2019entrepreneuriat. Cette formation qui vient consacrer le projet Action-Mentalit\u00e9-Action (AMA) pour votre succ\u00e8s, un des projets fars de l\u2019association, entend aguerrir et accroire les capacit\u00e9s des ... Lire la suite","og_url":"https:\/\/228news.tg\/index.php\/2019\/05\/25\/projet-ama-le-coach-joseph-mawuena-montre-les-cles-du-succes-aux-jeunes-leaders-togolais-2\/","og_site_name":"228 News","article_published_time":"2019-05-25T12:17:40+00:00","og_image":[{"url":"http:\/\/localhost\/site\/228news\/wp-content\/uploads\/2019\/05\/photo_2019-05-25_13-23-42-1024x768.jpg","type":"","width":"","height":""}],"author":"Bienvenu SAVI","twitter_card":"summary_large_image","twitter_misc":{"\u00c9crit par":"Bienvenu SAVI","Dur\u00e9e de lecture estim\u00e9e":"3 minutes"},"schema":{"@context":"https:\/\/schema.org","@graph":[{"@type":"Article","@id":"https:\/\/228news.tg\/index.php\/2019\/05\/25\/projet-ama-le-coach-joseph-mawuena-montre-les-cles-du-succes-aux-jeunes-leaders-togolais-2\/#article","isPartOf":{"@id":"https:\/\/228news.tg\/index.php\/2019\/05\/25\/projet-ama-le-coach-joseph-mawuena-montre-les-cles-du-succes-aux-jeunes-leaders-togolais-2\/"},"author":{"name":"Bienvenu SAVI","@id":"https:\/\/228news.tg\/#\/schema\/person\/68d5a6cc0230290e61235c8379523f52"},"headline":"Projet AMA: Le coach Joseph Mawuena montre les cl\u00e9s du succ\u00e8s aux jeunes leaders togolais","datePublished":"2019-05-25T12:17:40+00:00","mainEntityOfPage":{"@id":"https:\/\/228news.tg\/index.php\/2019\/05\/25\/projet-ama-le-coach-joseph-mawuena-montre-les-cles-du-succes-aux-jeunes-leaders-togolais-2\/"},"wordCount":615,"commentCount":0,"publisher":{"@id":"https:\/\/228news.tg\/#organization"},"image":{"@id":"https:\/\/228news.tg\/index.php\/2019\/05\/25\/projet-ama-le-coach-joseph-mawuena-montre-les-cles-du-succes-aux-jeunes-leaders-togolais-2\/#primaryimage"},"thumbnailUrl":"https:\/\/228news.tg\/wp-content\/uploads\/2024\/09\/IMG-20210728-WA0004.jpg","articleSection":["DEVELOPPEMENT","EDUCATION","Flash","TOGO","Une"],"inLanguage":"fr-FR","potentialAction":[{"@type":"CommentAction","name":"Comment","target":["https:\/\/228news.tg\/index.php\/2019\/05\/25\/projet-ama-le-coach-joseph-mawuena-montre-les-cles-du-succes-aux-jeunes-leaders-togolais-2\/#respond"]}]},{"@type":"WebPage","@id":"https:\/\/228news.tg\/index.php\/2019\/05\/25\/projet-ama-le-coach-joseph-mawuena-montre-les-cles-du-succes-aux-jeunes-leaders-togolais-2\/","url":"https:\/\/228news.tg\/index.php\/2019\/05\/25\/projet-ama-le-coach-joseph-mawuena-montre-les-cles-du-succes-aux-jeunes-leaders-togolais-2\/","name":"Projet AMA: Le coach Joseph Mawuena montre les cl\u00e9s du succ\u00e8s aux jeunes leaders togolais - 228 News","isPartOf":{"@id":"https:\/\/228news.tg\/#website"},"primaryImageOfPage":{"@id":"https:\/\/228news.tg\/index.php\/2019\/05\/25\/projet-ama-le-coach-joseph-mawuena-montre-les-cles-du-succes-aux-jeunes-leaders-togolais-2\/#primaryimage"},"image":{"@id":"https:\/\/228news.tg\/index.php\/2019\/05\/25\/projet-ama-le-coach-joseph-mawuena-montre-les-cles-du-succes-aux-jeunes-leaders-togolais-2\/#primaryimage"},"thumbnailUrl":"https:\/\/228news.tg\/wp-content\/uploads\/2024\/09\/IMG-20210728-WA0004.jpg","datePublished":"2019-05-25T12:17:40+00:00","breadcrumb":{"@id":"https:\/\/228news.tg\/index.php\/2019\/05\/25\/projet-ama-le-coach-joseph-mawuena-montre-les-cles-du-succes-aux-jeunes-leaders-togolais-2\/#breadcrumb"},"inLanguage":"fr-FR","potentialAction":[{"@type":"ReadAction","target":["https:\/\/228news.tg\/index.php\/2019\/05\/25\/projet-ama-le-coach-joseph-mawuena-montre-les-cles-du-succes-aux-jeunes-leaders-togolais-2\/"]}]},{"@type":"ImageObject","inLanguage":"fr-FR","@id":"https:\/\/228news.tg\/index.php\/2019\/05\/25\/projet-ama-le-coach-joseph-mawuena-montre-les-cles-du-succes-aux-jeunes-leaders-togolais-2\/#primaryimage","url":"https:\/\/228news.tg\/wp-content\/uploads\/2024\/09\/IMG-20210728-WA0004.jpg","contentUrl":"https:\/\/228news.tg\/wp-content\/uploads\/2024\/09\/IMG-20210728-WA0004.jpg","width":1080,"height":709},{"@type":"BreadcrumbList","@id":"https:\/\/228news.tg\/index.php\/2019\/05\/25\/projet-ama-le-coach-joseph-mawuena-montre-les-cles-du-succes-aux-jeunes-leaders-togolais-2\/#breadcrumb","itemListElement":[{"@type":"ListItem","position":1,"name":"Home","item":"https:\/\/228news.tg\/"},{"@type":"ListItem","position":2,"name":"Projet AMA: Le coach Joseph Mawuena montre les cl\u00e9s du succ\u00e8s aux jeunes leaders togolais"}]},{"@type":"WebSite","@id":"https:\/\/228news.tg\/#website","url":"https:\/\/228news.tg\/","name":"228 News","description":"Soci\u00e9t\u00e9 de m\u00e9dias et d\u2019actualit\u00e9s","publisher":{"@id":"https:\/\/228news.tg\/#organization"},"potentialAction":[{"@type":"SearchAction","target":{"@type":"EntryPoint","urlTemplate":"https:\/\/228news.tg\/?s={search_term_string}"},"query-input":{"@type":"PropertyValueSpecification","valueRequired":true,"valueName":"search_term_string"}}],"inLanguage":"fr-FR"},{"@type":"Organization","@id":"https:\/\/228news.tg\/#organization","name":"228 News","url":"https:\/\/228news.tg\/","logo":{"@type":"ImageObject","inLanguage":"fr-FR","@id":"https:\/\/228news.tg\/#\/schema\/logo\/image\/","url":"https:\/\/228news.tg\/wp-content\/uploads\/2024\/09\/logonew.png","contentUrl":"https:\/\/228news.tg\/wp-content\/uploads\/2024\/09\/logonew.png","width":1640,"height":364,"caption":"228 News"},"image":{"@id":"https:\/\/228news.tg\/#\/schema\/logo\/image\/"}},{"@type":"Person","@id":"https:\/\/228news.tg\/#\/schema\/person\/68d5a6cc0230290e61235c8379523f52","name":"Bienvenu SAVI","image":{"@type":"ImageObject","inLanguage":"fr-FR","@id":"https:\/\/228news.tg\/#\/schema\/person\/image\/","url":"https:\/\/secure.gravatar.com\/avatar\/9db91895c559e510509c33a3e9683998458e9b828fac36d5d1aa23f0f2fd369b?s=96&d=mm&r=g","contentUrl":"https:\/\/secure.gravatar.com\/avatar\/9db91895c559e510509c33a3e9683998458e9b828fac36d5d1aa23f0f2fd369b?s=96&d=mm&r=g","caption":"Bienvenu SAVI"},"url":"https:\/\/228news.tg\/index.php\/author\/bienvenu\/"}]}},"jetpack_featured_media_url":"https:\/\/228news.tg\/wp-content\/uploads\/2024\/09\/IMG-20210728-WA0004.jpg","_links":{"self":[{"href":"https:\/\/228news.tg\/index.php\/wp-json\/wp\/v2\/posts\/14739","targetHints":{"allow":["GET"]}}],"collection":[{"href":"https:\/\/228news.tg\/index.php\/wp-json\/wp\/v2\/posts"}],"about":[{"href":"https:\/\/228news.tg\/index.php\/wp-json\/wp\/v2\/types\/post"}],"author":[{"embeddable":true,"href":"https:\/\/228news.tg\/index.php\/wp-json\/wp\/v2\/users\/2"}],"replies":[{"embeddable":true,"href":"https:\/\/228news.tg\/index.php\/wp-json\/wp\/v2\/comments?post=14739"}],"version-history":[{"count":0,"href":"https:\/\/228news.tg\/index.php\/wp-json\/wp\/v2\/posts\/14739\/revisions"}],"wp:featuredmedia":[{"embeddable":true,"href":"https:\/\/228news.tg\/index.php\/wp-json\/wp\/v2\/media\/4307"}],"wp:attachment":[{"href":"https:\/\/228news.tg\/index.php\/wp-json\/wp\/v2\/media?parent=14739"}],"wp:term":[{"taxonomy":"category","embeddable":true,"href":"https:\/\/228news.tg\/index.php\/wp-json\/wp\/v2\/categories?post=14739"},{"taxonomy":"post_tag","embeddable":true,"href":"https:\/\/228news.tg\/index.php\/wp-json\/wp\/v2\/tags?post=14739"}],"curies":[{"name":"wp","href":"https:\/\/api.w.org\/{rel}","templated":true}]}}