{"id":14732,"date":"2019-05-07T13:21:26","date_gmt":"2019-05-07T13:21:26","guid":{"rendered":"http:\/\/localhost\/site\/228news\/?p=4229"},"modified":"2019-05-07T13:21:26","modified_gmt":"2019-05-07T13:21:26","slug":"frontieres-maritimes-entre-le-togo-et-le-ghana-les-discussions-se-poursuivent-2","status":"publish","type":"post","link":"https:\/\/228news.tg\/index.php\/2019\/05\/07\/frontieres-maritimes-entre-le-togo-et-le-ghana-les-discussions-se-poursuivent-2\/","title":{"rendered":"Fronti\u00e8res maritimes entre le Togo et le Ghana: Les discussions se poursuivent"},"content":{"rendered":"\n<p>Un \u00e9ni\u00e8me round des n\u00e9gociations sur la d\u00e9limitations des fronti\u00e8res maritimes entre le Togo et le Ghana s&rsquo;est tenu les 29 et 30 avril derniers \u00e0 Lom\u00e9 sous l&rsquo;\u00e9gide du Haut Conseil pour la Mer (HCM). <\/p>\n\n\n\n<p>Il a \u00e9t\u00e9 question durant ces deux jours entre la d\u00e9l\u00e9gation togolaise et celle du Ghana voisin de faire \u00e9tat du relev\u00e9 contradictoire des coordonn\u00e9es g\u00e9ographiques de la borne fronti\u00e8re terminale terrestre entre les deux pays, borne qui sert de point de d\u00e9part pour le trac\u00e9 de la fronti\u00e8re maritime.<\/p>\n\n\n\n<p>La borne disparu, les deux parties ont convenu de confier aux services techniques en la mati\u00e8re, la mission de rechercher et de collecter des informations n\u00e9cessaires afin d&rsquo;\u00e9tablir des relev\u00e9s contradictoires de cette borne, avant la tenue de la prochaine r\u00e9union, dans les prochaines deux (2) semaines donc.<\/p>\n\n\n\n<p>Un agenda a \u00e9t\u00e9 \u00e9galement convenu entre les deux d\u00e9l\u00e9gations pour la suites des discussions. Conform\u00e9ment \u00e0 cet agenda, les prochaines \u00e9tapes consisteront en l&rsquo;identification de la borne fronti\u00e8re terminale, le trac\u00e9 de la ligne de base, la mise en commun des cartes marines et logiciels de traitement, et enfin de l\u2019identification de la partie contentieuse de la fronti\u00e8re commune.<\/p>\n\n\n\n<p>Stanilas Baba, ministre conseiller du Chef de l&rsquo;Etat, conduisant la d\u00e9l\u00e9gation togolaise, ainsi que le chef de la d\u00e9l\u00e9gation ghan\u00e9enne ont convenu de tout faire afin d&rsquo;acc\u00e9l\u00e9rer les discussions et d&rsquo;aboutir \u00e0 des solutions consensuelles qui satisfassent les int\u00e9r\u00eats des deux nations voisines.<\/p>\n\n\n\n<p>Nous y reviendrons<\/p>\n\n\n\n<p><strong><em>D\u00e9mocrate<\/em><\/strong><\/p>\n\n\n\n<p><strong><em>(00228) 91 85 40 14<\/em><\/strong><\/p>\n\n\n\n<p><strong><em>98 60 67 68<\/em><\/strong><\/p>\n\n\n\n<p><strong><em>democrate2010@gmail.com<\/em><\/strong><\/p>\n","protected":false},"excerpt":{"rendered":"<p>Un \u00e9ni\u00e8me round des n\u00e9gociations sur la d\u00e9limitations des fronti\u00e8res maritimes entre le Togo et le Ghana s&rsquo;est tenu les 29 et 30 avril derniers \u00e0 Lom\u00e9 sous l&rsquo;\u00e9gide du Haut Conseil pour la Mer (HCM). Il a \u00e9t\u00e9 question durant ces deux jours entre la d\u00e9l\u00e9gation togolaise et celle du Ghana voisin de faire &#8230; <a title=\"Fronti\u00e8res maritimes entre le Togo et le Ghana: Les discussions se poursuivent\" class=\"read-more\" href=\"https:\/\/228news.tg\/index.php\/2019\/05\/07\/frontieres-maritimes-entre-le-togo-et-le-ghana-les-discussions-se-poursuivent-2\/\" aria-label=\"En savoir plus sur Fronti\u00e8res maritimes entre le Togo et le Ghana: Les discussions se poursuivent\">Lire la suite<\/a><\/p>\n","protected":false},"author":2,"featured_media":4230,"comment_status":"open","ping_status":"open","sticky":false,"template":"","format":"chat","meta":{"footnotes":""},"categories":[35,25,34],"tags":[],"class_list":["post-14732","post","type-post","status-publish","format-chat","has-post-thumbnail","hentry","category-flash","category-togo","category-une","post_format-post-format-chat"],"yoast_head":"<!-- This site is optimized with the Yoast SEO plugin v26.4 - https:\/\/yoast.com\/wordpress\/plugins\/seo\/ -->\n<title>Fronti\u00e8res maritimes entre le Togo et le Ghana: Les discussions se poursuivent - 228 News<\/title>\n<meta name=\"robots\" content=\"index, follow, max-snippet:-1, max-image-preview:large, max-video-preview:-1\" \/>\n<link rel=\"canonical\" href=\"https:\/\/228news.tg\/index.php\/2019\/05\/07\/frontieres-maritimes-entre-le-togo-et-le-ghana-les-discussions-se-poursuivent-2\/\" \/>\n<meta property=\"og:locale\" content=\"fr_FR\" \/>\n<meta property=\"og:type\" content=\"article\" \/>\n<meta property=\"og:title\" content=\"Fronti\u00e8res maritimes entre le Togo et le Ghana: Les discussions se poursuivent - 228 News\" \/>\n<meta property=\"og:description\" content=\"Un \u00e9ni\u00e8me round des n\u00e9gociations sur la d\u00e9limitations des fronti\u00e8res maritimes entre le Togo et le Ghana s&rsquo;est tenu les 29 et 30 avril derniers \u00e0 Lom\u00e9 sous l&rsquo;\u00e9gide du Haut Conseil pour la Mer (HCM). Il a \u00e9t\u00e9 question durant ces deux jours entre la d\u00e9l\u00e9gation togolaise et celle du Ghana voisin de faire ... Lire la suite\" \/>\n<meta property=\"og:url\" content=\"https:\/\/228news.tg\/index.php\/2019\/05\/07\/frontieres-maritimes-entre-le-togo-et-le-ghana-les-discussions-se-poursuivent-2\/\" \/>\n<meta property=\"og:site_name\" content=\"228 News\" \/>\n<meta property=\"article:published_time\" content=\"2019-05-07T13:21:26+00:00\" \/>\n<meta name=\"author\" content=\"Bienvenu SAVI\" \/>\n<meta name=\"twitter:card\" content=\"summary_large_image\" \/>\n<meta name=\"twitter:label1\" content=\"\u00c9crit par\" \/>\n\t<meta name=\"twitter:data1\" content=\"Bienvenu SAVI\" \/>\n\t<meta name=\"twitter:label2\" content=\"Dur\u00e9e de lecture estim\u00e9e\" \/>\n\t<meta name=\"twitter:data2\" content=\"1 minute\" \/>\n<script type=\"application\/ld+json\" class=\"yoast-schema-graph\">{\"@context\":\"https:\/\/schema.org\",\"@graph\":[{\"@type\":\"Article\",\"@id\":\"https:\/\/228news.tg\/index.php\/2019\/05\/07\/frontieres-maritimes-entre-le-togo-et-le-ghana-les-discussions-se-poursuivent-2\/#article\",\"isPartOf\":{\"@id\":\"https:\/\/228news.tg\/index.php\/2019\/05\/07\/frontieres-maritimes-entre-le-togo-et-le-ghana-les-discussions-se-poursuivent-2\/\"},\"author\":{\"name\":\"Bienvenu SAVI\",\"@id\":\"https:\/\/228news.tg\/#\/schema\/person\/68d5a6cc0230290e61235c8379523f52\"},\"headline\":\"Fronti\u00e8res maritimes entre le Togo et le Ghana: Les discussions se poursuivent\",\"datePublished\":\"2019-05-07T13:21:26+00:00\",\"mainEntityOfPage\":{\"@id\":\"https:\/\/228news.tg\/index.php\/2019\/05\/07\/frontieres-maritimes-entre-le-togo-et-le-ghana-les-discussions-se-poursuivent-2\/\"},\"wordCount\":289,\"commentCount\":0,\"publisher\":{\"@id\":\"https:\/\/228news.tg\/#organization\"},\"image\":{\"@id\":\"https:\/\/228news.tg\/index.php\/2019\/05\/07\/frontieres-maritimes-entre-le-togo-et-le-ghana-les-discussions-se-poursuivent-2\/#primaryimage\"},\"thumbnailUrl\":\"\",\"articleSection\":[\"Flash\",\"TOGO\",\"Une\"],\"inLanguage\":\"fr-FR\",\"potentialAction\":[{\"@type\":\"CommentAction\",\"name\":\"Comment\",\"target\":[\"https:\/\/228news.tg\/index.php\/2019\/05\/07\/frontieres-maritimes-entre-le-togo-et-le-ghana-les-discussions-se-poursuivent-2\/#respond\"]}]},{\"@type\":\"WebPage\",\"@id\":\"https:\/\/228news.tg\/index.php\/2019\/05\/07\/frontieres-maritimes-entre-le-togo-et-le-ghana-les-discussions-se-poursuivent-2\/\",\"url\":\"https:\/\/228news.tg\/index.php\/2019\/05\/07\/frontieres-maritimes-entre-le-togo-et-le-ghana-les-discussions-se-poursuivent-2\/\",\"name\":\"Fronti\u00e8res maritimes entre le Togo et le Ghana: Les discussions se poursuivent - 228 News\",\"isPartOf\":{\"@id\":\"https:\/\/228news.tg\/#website\"},\"primaryImageOfPage\":{\"@id\":\"https:\/\/228news.tg\/index.php\/2019\/05\/07\/frontieres-maritimes-entre-le-togo-et-le-ghana-les-discussions-se-poursuivent-2\/#primaryimage\"},\"image\":{\"@id\":\"https:\/\/228news.tg\/index.php\/2019\/05\/07\/frontieres-maritimes-entre-le-togo-et-le-ghana-les-discussions-se-poursuivent-2\/#primaryimage\"},\"thumbnailUrl\":\"\",\"datePublished\":\"2019-05-07T13:21:26+00:00\",\"breadcrumb\":{\"@id\":\"https:\/\/228news.tg\/index.php\/2019\/05\/07\/frontieres-maritimes-entre-le-togo-et-le-ghana-les-discussions-se-poursuivent-2\/#breadcrumb\"},\"inLanguage\":\"fr-FR\",\"potentialAction\":[{\"@type\":\"ReadAction\",\"target\":[\"https:\/\/228news.tg\/index.php\/2019\/05\/07\/frontieres-maritimes-entre-le-togo-et-le-ghana-les-discussions-se-poursuivent-2\/\"]}]},{\"@type\":\"ImageObject\",\"inLanguage\":\"fr-FR\",\"@id\":\"https:\/\/228news.tg\/index.php\/2019\/05\/07\/frontieres-maritimes-entre-le-togo-et-le-ghana-les-discussions-se-poursuivent-2\/#primaryimage\",\"url\":\"\",\"contentUrl\":\"\"},{\"@type\":\"BreadcrumbList\",\"@id\":\"https:\/\/228news.tg\/index.php\/2019\/05\/07\/frontieres-maritimes-entre-le-togo-et-le-ghana-les-discussions-se-poursuivent-2\/#breadcrumb\",\"itemListElement\":[{\"@type\":\"ListItem\",\"position\":1,\"name\":\"Home\",\"item\":\"https:\/\/228news.tg\/\"},{\"@type\":\"ListItem\",\"position\":2,\"name\":\"Fronti\u00e8res maritimes entre le Togo et le Ghana: Les discussions se poursuivent\"}]},{\"@type\":\"WebSite\",\"@id\":\"https:\/\/228news.tg\/#website\",\"url\":\"https:\/\/228news.tg\/\",\"name\":\"228 News\",\"description\":\"Soci\u00e9t\u00e9 de m\u00e9dias et d\u2019actualit\u00e9s\",\"publisher\":{\"@id\":\"https:\/\/228news.tg\/#organization\"},\"potentialAction\":[{\"@type\":\"SearchAction\",\"target\":{\"@type\":\"EntryPoint\",\"urlTemplate\":\"https:\/\/228news.tg\/?s={search_term_string}\"},\"query-input\":{\"@type\":\"PropertyValueSpecification\",\"valueRequired\":true,\"valueName\":\"search_term_string\"}}],\"inLanguage\":\"fr-FR\"},{\"@type\":\"Organization\",\"@id\":\"https:\/\/228news.tg\/#organization\",\"name\":\"228 News\",\"url\":\"https:\/\/228news.tg\/\",\"logo\":{\"@type\":\"ImageObject\",\"inLanguage\":\"fr-FR\",\"@id\":\"https:\/\/228news.tg\/#\/schema\/logo\/image\/\",\"url\":\"https:\/\/228news.tg\/wp-content\/uploads\/2024\/09\/logonew.png\",\"contentUrl\":\"https:\/\/228news.tg\/wp-content\/uploads\/2024\/09\/logonew.png\",\"width\":1640,\"height\":364,\"caption\":\"228 News\"},\"image\":{\"@id\":\"https:\/\/228news.tg\/#\/schema\/logo\/image\/\"}},{\"@type\":\"Person\",\"@id\":\"https:\/\/228news.tg\/#\/schema\/person\/68d5a6cc0230290e61235c8379523f52\",\"name\":\"Bienvenu SAVI\",\"image\":{\"@type\":\"ImageObject\",\"inLanguage\":\"fr-FR\",\"@id\":\"https:\/\/228news.tg\/#\/schema\/person\/image\/\",\"url\":\"https:\/\/secure.gravatar.com\/avatar\/9db91895c559e510509c33a3e9683998458e9b828fac36d5d1aa23f0f2fd369b?s=96&d=mm&r=g\",\"contentUrl\":\"https:\/\/secure.gravatar.com\/avatar\/9db91895c559e510509c33a3e9683998458e9b828fac36d5d1aa23f0f2fd369b?s=96&d=mm&r=g\",\"caption\":\"Bienvenu SAVI\"},\"url\":\"https:\/\/228news.tg\/index.php\/author\/bienvenu\/\"}]}<\/script>\n<!-- \/ Yoast SEO plugin. -->","yoast_head_json":{"title":"Fronti\u00e8res maritimes entre le Togo et le Ghana: Les discussions se poursuivent - 228 News","robots":{"index":"index","follow":"follow","max-snippet":"max-snippet:-1","max-image-preview":"max-image-preview:large","max-video-preview":"max-video-preview:-1"},"canonical":"https:\/\/228news.tg\/index.php\/2019\/05\/07\/frontieres-maritimes-entre-le-togo-et-le-ghana-les-discussions-se-poursuivent-2\/","og_locale":"fr_FR","og_type":"article","og_title":"Fronti\u00e8res maritimes entre le Togo et le Ghana: Les discussions se poursuivent - 228 News","og_description":"Un \u00e9ni\u00e8me round des n\u00e9gociations sur la d\u00e9limitations des fronti\u00e8res maritimes entre le Togo et le Ghana s&rsquo;est tenu les 29 et 30 avril derniers \u00e0 Lom\u00e9 sous l&rsquo;\u00e9gide du Haut Conseil pour la Mer (HCM). Il a \u00e9t\u00e9 question durant ces deux jours entre la d\u00e9l\u00e9gation togolaise et celle du Ghana voisin de faire ... Lire la suite","og_url":"https:\/\/228news.tg\/index.php\/2019\/05\/07\/frontieres-maritimes-entre-le-togo-et-le-ghana-les-discussions-se-poursuivent-2\/","og_site_name":"228 News","article_published_time":"2019-05-07T13:21:26+00:00","author":"Bienvenu SAVI","twitter_card":"summary_large_image","twitter_misc":{"\u00c9crit par":"Bienvenu SAVI","Dur\u00e9e de lecture estim\u00e9e":"1 minute"},"schema":{"@context":"https:\/\/schema.org","@graph":[{"@type":"Article","@id":"https:\/\/228news.tg\/index.php\/2019\/05\/07\/frontieres-maritimes-entre-le-togo-et-le-ghana-les-discussions-se-poursuivent-2\/#article","isPartOf":{"@id":"https:\/\/228news.tg\/index.php\/2019\/05\/07\/frontieres-maritimes-entre-le-togo-et-le-ghana-les-discussions-se-poursuivent-2\/"},"author":{"name":"Bienvenu SAVI","@id":"https:\/\/228news.tg\/#\/schema\/person\/68d5a6cc0230290e61235c8379523f52"},"headline":"Fronti\u00e8res maritimes entre le Togo et le Ghana: Les discussions se poursuivent","datePublished":"2019-05-07T13:21:26+00:00","mainEntityOfPage":{"@id":"https:\/\/228news.tg\/index.php\/2019\/05\/07\/frontieres-maritimes-entre-le-togo-et-le-ghana-les-discussions-se-poursuivent-2\/"},"wordCount":289,"commentCount":0,"publisher":{"@id":"https:\/\/228news.tg\/#organization"},"image":{"@id":"https:\/\/228news.tg\/index.php\/2019\/05\/07\/frontieres-maritimes-entre-le-togo-et-le-ghana-les-discussions-se-poursuivent-2\/#primaryimage"},"thumbnailUrl":"","articleSection":["Flash","TOGO","Une"],"inLanguage":"fr-FR","potentialAction":[{"@type":"CommentAction","name":"Comment","target":["https:\/\/228news.tg\/index.php\/2019\/05\/07\/frontieres-maritimes-entre-le-togo-et-le-ghana-les-discussions-se-poursuivent-2\/#respond"]}]},{"@type":"WebPage","@id":"https:\/\/228news.tg\/index.php\/2019\/05\/07\/frontieres-maritimes-entre-le-togo-et-le-ghana-les-discussions-se-poursuivent-2\/","url":"https:\/\/228news.tg\/index.php\/2019\/05\/07\/frontieres-maritimes-entre-le-togo-et-le-ghana-les-discussions-se-poursuivent-2\/","name":"Fronti\u00e8res maritimes entre le Togo et le Ghana: Les discussions se poursuivent - 228 News","isPartOf":{"@id":"https:\/\/228news.tg\/#website"},"primaryImageOfPage":{"@id":"https:\/\/228news.tg\/index.php\/2019\/05\/07\/frontieres-maritimes-entre-le-togo-et-le-ghana-les-discussions-se-poursuivent-2\/#primaryimage"},"image":{"@id":"https:\/\/228news.tg\/index.php\/2019\/05\/07\/frontieres-maritimes-entre-le-togo-et-le-ghana-les-discussions-se-poursuivent-2\/#primaryimage"},"thumbnailUrl":"","datePublished":"2019-05-07T13:21:26+00:00","breadcrumb":{"@id":"https:\/\/228news.tg\/index.php\/2019\/05\/07\/frontieres-maritimes-entre-le-togo-et-le-ghana-les-discussions-se-poursuivent-2\/#breadcrumb"},"inLanguage":"fr-FR","potentialAction":[{"@type":"ReadAction","target":["https:\/\/228news.tg\/index.php\/2019\/05\/07\/frontieres-maritimes-entre-le-togo-et-le-ghana-les-discussions-se-poursuivent-2\/"]}]},{"@type":"ImageObject","inLanguage":"fr-FR","@id":"https:\/\/228news.tg\/index.php\/2019\/05\/07\/frontieres-maritimes-entre-le-togo-et-le-ghana-les-discussions-se-poursuivent-2\/#primaryimage","url":"","contentUrl":""},{"@type":"BreadcrumbList","@id":"https:\/\/228news.tg\/index.php\/2019\/05\/07\/frontieres-maritimes-entre-le-togo-et-le-ghana-les-discussions-se-poursuivent-2\/#breadcrumb","itemListElement":[{"@type":"ListItem","position":1,"name":"Home","item":"https:\/\/228news.tg\/"},{"@type":"ListItem","position":2,"name":"Fronti\u00e8res maritimes entre le Togo et le Ghana: Les discussions se poursuivent"}]},{"@type":"WebSite","@id":"https:\/\/228news.tg\/#website","url":"https:\/\/228news.tg\/","name":"228 News","description":"Soci\u00e9t\u00e9 de m\u00e9dias et d\u2019actualit\u00e9s","publisher":{"@id":"https:\/\/228news.tg\/#organization"},"potentialAction":[{"@type":"SearchAction","target":{"@type":"EntryPoint","urlTemplate":"https:\/\/228news.tg\/?s={search_term_string}"},"query-input":{"@type":"PropertyValueSpecification","valueRequired":true,"valueName":"search_term_string"}}],"inLanguage":"fr-FR"},{"@type":"Organization","@id":"https:\/\/228news.tg\/#organization","name":"228 News","url":"https:\/\/228news.tg\/","logo":{"@type":"ImageObject","inLanguage":"fr-FR","@id":"https:\/\/228news.tg\/#\/schema\/logo\/image\/","url":"https:\/\/228news.tg\/wp-content\/uploads\/2024\/09\/logonew.png","contentUrl":"https:\/\/228news.tg\/wp-content\/uploads\/2024\/09\/logonew.png","width":1640,"height":364,"caption":"228 News"},"image":{"@id":"https:\/\/228news.tg\/#\/schema\/logo\/image\/"}},{"@type":"Person","@id":"https:\/\/228news.tg\/#\/schema\/person\/68d5a6cc0230290e61235c8379523f52","name":"Bienvenu SAVI","image":{"@type":"ImageObject","inLanguage":"fr-FR","@id":"https:\/\/228news.tg\/#\/schema\/person\/image\/","url":"https:\/\/secure.gravatar.com\/avatar\/9db91895c559e510509c33a3e9683998458e9b828fac36d5d1aa23f0f2fd369b?s=96&d=mm&r=g","contentUrl":"https:\/\/secure.gravatar.com\/avatar\/9db91895c559e510509c33a3e9683998458e9b828fac36d5d1aa23f0f2fd369b?s=96&d=mm&r=g","caption":"Bienvenu SAVI"},"url":"https:\/\/228news.tg\/index.php\/author\/bienvenu\/"}]}},"jetpack_featured_media_url":"","_links":{"self":[{"href":"https:\/\/228news.tg\/index.php\/wp-json\/wp\/v2\/posts\/14732","targetHints":{"allow":["GET"]}}],"collection":[{"href":"https:\/\/228news.tg\/index.php\/wp-json\/wp\/v2\/posts"}],"about":[{"href":"https:\/\/228news.tg\/index.php\/wp-json\/wp\/v2\/types\/post"}],"author":[{"embeddable":true,"href":"https:\/\/228news.tg\/index.php\/wp-json\/wp\/v2\/users\/2"}],"replies":[{"embeddable":true,"href":"https:\/\/228news.tg\/index.php\/wp-json\/wp\/v2\/comments?post=14732"}],"version-history":[{"count":0,"href":"https:\/\/228news.tg\/index.php\/wp-json\/wp\/v2\/posts\/14732\/revisions"}],"wp:featuredmedia":[{"embeddable":true,"href":"https:\/\/228news.tg\/index.php\/wp-json\/wp\/v2\/posts\/4230"}],"wp:attachment":[{"href":"https:\/\/228news.tg\/index.php\/wp-json\/wp\/v2\/media?parent=14732"}],"wp:term":[{"taxonomy":"category","embeddable":true,"href":"https:\/\/228news.tg\/index.php\/wp-json\/wp\/v2\/categories?post=14732"},{"taxonomy":"post_tag","embeddable":true,"href":"https:\/\/228news.tg\/index.php\/wp-json\/wp\/v2\/tags?post=14732"}],"curies":[{"name":"wp","href":"https:\/\/api.w.org\/{rel}","templated":true}]}}