{"id":14730,"date":"2019-05-07T12:31:16","date_gmt":"2019-05-07T12:31:16","guid":{"rendered":"http:\/\/localhost\/site\/228news\/?p=4223"},"modified":"2019-05-07T12:31:16","modified_gmt":"2019-05-07T12:31:16","slug":"employabilite-des-jeunes-le-caderdt-preoccupe-par-la-question-2","status":"publish","type":"post","link":"https:\/\/228news.tg\/index.php\/2019\/05\/07\/employabilite-des-jeunes-le-caderdt-preoccupe-par-la-question-2\/","title":{"rendered":"Employabilit\u00e9 des jeunes: Le CADERDT pr\u00e9occup\u00e9 par la question"},"content":{"rendered":"\n<p>(228NEWS)- Le Centre autonome d&rsquo;\u00e9tudes et de renforcement des capacit\u00e9s pour le d\u00e9veloppement au Togo (CADERDT) a planch\u00e9 sur la question de l&#8217;employabilit\u00e9 des jeunes au Togo.<\/p>\n\n\n\n<p>C&rsquo;\u00e9tait au cours d&rsquo;un atelier que l&rsquo;institution autonome a organis\u00e9 le 24 avril dernier \u00e0 Lom\u00e9.<\/p>\n\n\n\n<p>Visant \u00e0 former les acteurs nationaux sur la d\u00e9finition des indicateurs d&#8217;emploi jeunes, \u00e0 renforcer les capacit\u00e9s des cadres des institutions impliqu\u00e9es dans les questions d&#8217;emploi des jeunes au Togo, en mati\u00e8re de d\u00e9finition des indicateurs \u00e0 prendre en compte, cette rencontre \u00e0 terme veut am\u00e9liorer la qualit\u00e9 des politiques publiques mises en \u0153uvre en faveur de la jeunesse.<\/p>\n\n\n\n<p>A l\u2019issue de ces assises, ces divers acteurs ont eu \u00e0 d\u00e9finir les indicateurs d&#8217;emploi jeunes, ma\u00eetriser les sources, le processus de collecte et l\u2019interpr\u00e9tation des donn\u00e9es en mati\u00e8re d&#8217;emploi des jeunes, notamment dans les rapports de suivi \u00e9valuation, et autres outils intervenant dans la mise en \u0153uvre de leurs actions. <\/p>\n\n\n\n<p><strong><em>D\u00e9mocrate<\/em><\/strong><\/p>\n\n\n\n<p><strong><em>(00228) 91 85 40 14<\/em><\/strong><\/p>\n\n\n\n<p><strong><em>98 60 67 68<\/em><\/strong><\/p>\n\n\n\n<p><strong><em>democrate2010@gmail.com<\/em><\/strong><\/p>\n","protected":false},"excerpt":{"rendered":"<p>(228NEWS)- Le Centre autonome d&rsquo;\u00e9tudes et de renforcement des capacit\u00e9s pour le d\u00e9veloppement au Togo (CADERDT) a planch\u00e9 sur la question de l&#8217;employabilit\u00e9 des jeunes au Togo. C&rsquo;\u00e9tait au cours d&rsquo;un atelier que l&rsquo;institution autonome a organis\u00e9 le 24 avril dernier \u00e0 Lom\u00e9. Visant \u00e0 former les acteurs nationaux sur la d\u00e9finition des indicateurs d&#8217;emploi &#8230; <a title=\"Employabilit\u00e9 des jeunes: Le CADERDT pr\u00e9occup\u00e9 par la question\" class=\"read-more\" href=\"https:\/\/228news.tg\/index.php\/2019\/05\/07\/employabilite-des-jeunes-le-caderdt-preoccupe-par-la-question-2\/\" aria-label=\"En savoir plus sur Employabilit\u00e9 des jeunes: Le CADERDT pr\u00e9occup\u00e9 par la question\">Lire la suite<\/a><\/p>\n","protected":false},"author":2,"featured_media":4224,"comment_status":"open","ping_status":"open","sticky":false,"template":"","format":"chat","meta":{"footnotes":""},"categories":[35,29,25,34],"tags":[],"class_list":["post-14730","post","type-post","status-publish","format-chat","has-post-thumbnail","hentry","category-flash","category-societe","category-togo","category-une","post_format-post-format-chat"],"yoast_head":"<!-- This site is optimized with the Yoast SEO plugin v26.4 - https:\/\/yoast.com\/wordpress\/plugins\/seo\/ -->\n<title>Employabilit\u00e9 des jeunes: Le CADERDT pr\u00e9occup\u00e9 par la question - 228 News<\/title>\n<meta name=\"robots\" content=\"index, follow, max-snippet:-1, max-image-preview:large, max-video-preview:-1\" \/>\n<link rel=\"canonical\" href=\"https:\/\/228news.tg\/index.php\/2019\/05\/07\/employabilite-des-jeunes-le-caderdt-preoccupe-par-la-question-2\/\" \/>\n<meta property=\"og:locale\" content=\"fr_FR\" \/>\n<meta property=\"og:type\" content=\"article\" \/>\n<meta property=\"og:title\" content=\"Employabilit\u00e9 des jeunes: Le CADERDT pr\u00e9occup\u00e9 par la question - 228 News\" \/>\n<meta property=\"og:description\" content=\"(228NEWS)- Le Centre autonome d&rsquo;\u00e9tudes et de renforcement des capacit\u00e9s pour le d\u00e9veloppement au Togo (CADERDT) a planch\u00e9 sur la question de l&#8217;employabilit\u00e9 des jeunes au Togo. C&rsquo;\u00e9tait au cours d&rsquo;un atelier que l&rsquo;institution autonome a organis\u00e9 le 24 avril dernier \u00e0 Lom\u00e9. Visant \u00e0 former les acteurs nationaux sur la d\u00e9finition des indicateurs d&#8217;emploi ... Lire la suite\" \/>\n<meta property=\"og:url\" content=\"https:\/\/228news.tg\/index.php\/2019\/05\/07\/employabilite-des-jeunes-le-caderdt-preoccupe-par-la-question-2\/\" \/>\n<meta property=\"og:site_name\" content=\"228 News\" \/>\n<meta property=\"article:published_time\" content=\"2019-05-07T12:31:16+00:00\" \/>\n<meta name=\"author\" content=\"Bienvenu SAVI\" \/>\n<meta name=\"twitter:card\" content=\"summary_large_image\" \/>\n<meta name=\"twitter:label1\" content=\"\u00c9crit par\" \/>\n\t<meta name=\"twitter:data1\" content=\"Bienvenu SAVI\" \/>\n\t<meta name=\"twitter:label2\" content=\"Dur\u00e9e de lecture estim\u00e9e\" \/>\n\t<meta name=\"twitter:data2\" content=\"1 minute\" \/>\n<script type=\"application\/ld+json\" class=\"yoast-schema-graph\">{\"@context\":\"https:\/\/schema.org\",\"@graph\":[{\"@type\":\"Article\",\"@id\":\"https:\/\/228news.tg\/index.php\/2019\/05\/07\/employabilite-des-jeunes-le-caderdt-preoccupe-par-la-question-2\/#article\",\"isPartOf\":{\"@id\":\"https:\/\/228news.tg\/index.php\/2019\/05\/07\/employabilite-des-jeunes-le-caderdt-preoccupe-par-la-question-2\/\"},\"author\":{\"name\":\"Bienvenu SAVI\",\"@id\":\"https:\/\/228news.tg\/#\/schema\/person\/68d5a6cc0230290e61235c8379523f52\"},\"headline\":\"Employabilit\u00e9 des jeunes: Le CADERDT pr\u00e9occup\u00e9 par la question\",\"datePublished\":\"2019-05-07T12:31:16+00:00\",\"mainEntityOfPage\":{\"@id\":\"https:\/\/228news.tg\/index.php\/2019\/05\/07\/employabilite-des-jeunes-le-caderdt-preoccupe-par-la-question-2\/\"},\"wordCount\":186,\"commentCount\":0,\"publisher\":{\"@id\":\"https:\/\/228news.tg\/#organization\"},\"image\":{\"@id\":\"https:\/\/228news.tg\/index.php\/2019\/05\/07\/employabilite-des-jeunes-le-caderdt-preoccupe-par-la-question-2\/#primaryimage\"},\"thumbnailUrl\":\"\",\"articleSection\":[\"Flash\",\"SOCIETE\",\"TOGO\",\"Une\"],\"inLanguage\":\"fr-FR\",\"potentialAction\":[{\"@type\":\"CommentAction\",\"name\":\"Comment\",\"target\":[\"https:\/\/228news.tg\/index.php\/2019\/05\/07\/employabilite-des-jeunes-le-caderdt-preoccupe-par-la-question-2\/#respond\"]}]},{\"@type\":\"WebPage\",\"@id\":\"https:\/\/228news.tg\/index.php\/2019\/05\/07\/employabilite-des-jeunes-le-caderdt-preoccupe-par-la-question-2\/\",\"url\":\"https:\/\/228news.tg\/index.php\/2019\/05\/07\/employabilite-des-jeunes-le-caderdt-preoccupe-par-la-question-2\/\",\"name\":\"Employabilit\u00e9 des jeunes: Le CADERDT pr\u00e9occup\u00e9 par la question - 228 News\",\"isPartOf\":{\"@id\":\"https:\/\/228news.tg\/#website\"},\"primaryImageOfPage\":{\"@id\":\"https:\/\/228news.tg\/index.php\/2019\/05\/07\/employabilite-des-jeunes-le-caderdt-preoccupe-par-la-question-2\/#primaryimage\"},\"image\":{\"@id\":\"https:\/\/228news.tg\/index.php\/2019\/05\/07\/employabilite-des-jeunes-le-caderdt-preoccupe-par-la-question-2\/#primaryimage\"},\"thumbnailUrl\":\"\",\"datePublished\":\"2019-05-07T12:31:16+00:00\",\"breadcrumb\":{\"@id\":\"https:\/\/228news.tg\/index.php\/2019\/05\/07\/employabilite-des-jeunes-le-caderdt-preoccupe-par-la-question-2\/#breadcrumb\"},\"inLanguage\":\"fr-FR\",\"potentialAction\":[{\"@type\":\"ReadAction\",\"target\":[\"https:\/\/228news.tg\/index.php\/2019\/05\/07\/employabilite-des-jeunes-le-caderdt-preoccupe-par-la-question-2\/\"]}]},{\"@type\":\"ImageObject\",\"inLanguage\":\"fr-FR\",\"@id\":\"https:\/\/228news.tg\/index.php\/2019\/05\/07\/employabilite-des-jeunes-le-caderdt-preoccupe-par-la-question-2\/#primaryimage\",\"url\":\"\",\"contentUrl\":\"\"},{\"@type\":\"BreadcrumbList\",\"@id\":\"https:\/\/228news.tg\/index.php\/2019\/05\/07\/employabilite-des-jeunes-le-caderdt-preoccupe-par-la-question-2\/#breadcrumb\",\"itemListElement\":[{\"@type\":\"ListItem\",\"position\":1,\"name\":\"Home\",\"item\":\"https:\/\/228news.tg\/\"},{\"@type\":\"ListItem\",\"position\":2,\"name\":\"Employabilit\u00e9 des jeunes: Le CADERDT pr\u00e9occup\u00e9 par la question\"}]},{\"@type\":\"WebSite\",\"@id\":\"https:\/\/228news.tg\/#website\",\"url\":\"https:\/\/228news.tg\/\",\"name\":\"228 News\",\"description\":\"Soci\u00e9t\u00e9 de m\u00e9dias et d\u2019actualit\u00e9s\",\"publisher\":{\"@id\":\"https:\/\/228news.tg\/#organization\"},\"potentialAction\":[{\"@type\":\"SearchAction\",\"target\":{\"@type\":\"EntryPoint\",\"urlTemplate\":\"https:\/\/228news.tg\/?s={search_term_string}\"},\"query-input\":{\"@type\":\"PropertyValueSpecification\",\"valueRequired\":true,\"valueName\":\"search_term_string\"}}],\"inLanguage\":\"fr-FR\"},{\"@type\":\"Organization\",\"@id\":\"https:\/\/228news.tg\/#organization\",\"name\":\"228 News\",\"url\":\"https:\/\/228news.tg\/\",\"logo\":{\"@type\":\"ImageObject\",\"inLanguage\":\"fr-FR\",\"@id\":\"https:\/\/228news.tg\/#\/schema\/logo\/image\/\",\"url\":\"https:\/\/228news.tg\/wp-content\/uploads\/2024\/09\/logonew.png\",\"contentUrl\":\"https:\/\/228news.tg\/wp-content\/uploads\/2024\/09\/logonew.png\",\"width\":1640,\"height\":364,\"caption\":\"228 News\"},\"image\":{\"@id\":\"https:\/\/228news.tg\/#\/schema\/logo\/image\/\"}},{\"@type\":\"Person\",\"@id\":\"https:\/\/228news.tg\/#\/schema\/person\/68d5a6cc0230290e61235c8379523f52\",\"name\":\"Bienvenu SAVI\",\"image\":{\"@type\":\"ImageObject\",\"inLanguage\":\"fr-FR\",\"@id\":\"https:\/\/228news.tg\/#\/schema\/person\/image\/\",\"url\":\"https:\/\/secure.gravatar.com\/avatar\/9db91895c559e510509c33a3e9683998458e9b828fac36d5d1aa23f0f2fd369b?s=96&d=mm&r=g\",\"contentUrl\":\"https:\/\/secure.gravatar.com\/avatar\/9db91895c559e510509c33a3e9683998458e9b828fac36d5d1aa23f0f2fd369b?s=96&d=mm&r=g\",\"caption\":\"Bienvenu SAVI\"},\"url\":\"https:\/\/228news.tg\/index.php\/author\/bienvenu\/\"}]}<\/script>\n<!-- \/ Yoast SEO plugin. -->","yoast_head_json":{"title":"Employabilit\u00e9 des jeunes: Le CADERDT pr\u00e9occup\u00e9 par la question - 228 News","robots":{"index":"index","follow":"follow","max-snippet":"max-snippet:-1","max-image-preview":"max-image-preview:large","max-video-preview":"max-video-preview:-1"},"canonical":"https:\/\/228news.tg\/index.php\/2019\/05\/07\/employabilite-des-jeunes-le-caderdt-preoccupe-par-la-question-2\/","og_locale":"fr_FR","og_type":"article","og_title":"Employabilit\u00e9 des jeunes: Le CADERDT pr\u00e9occup\u00e9 par la question - 228 News","og_description":"(228NEWS)- Le Centre autonome d&rsquo;\u00e9tudes et de renforcement des capacit\u00e9s pour le d\u00e9veloppement au Togo (CADERDT) a planch\u00e9 sur la question de l&#8217;employabilit\u00e9 des jeunes au Togo. C&rsquo;\u00e9tait au cours d&rsquo;un atelier que l&rsquo;institution autonome a organis\u00e9 le 24 avril dernier \u00e0 Lom\u00e9. Visant \u00e0 former les acteurs nationaux sur la d\u00e9finition des indicateurs d&#8217;emploi ... Lire la suite","og_url":"https:\/\/228news.tg\/index.php\/2019\/05\/07\/employabilite-des-jeunes-le-caderdt-preoccupe-par-la-question-2\/","og_site_name":"228 News","article_published_time":"2019-05-07T12:31:16+00:00","author":"Bienvenu SAVI","twitter_card":"summary_large_image","twitter_misc":{"\u00c9crit par":"Bienvenu SAVI","Dur\u00e9e de lecture estim\u00e9e":"1 minute"},"schema":{"@context":"https:\/\/schema.org","@graph":[{"@type":"Article","@id":"https:\/\/228news.tg\/index.php\/2019\/05\/07\/employabilite-des-jeunes-le-caderdt-preoccupe-par-la-question-2\/#article","isPartOf":{"@id":"https:\/\/228news.tg\/index.php\/2019\/05\/07\/employabilite-des-jeunes-le-caderdt-preoccupe-par-la-question-2\/"},"author":{"name":"Bienvenu SAVI","@id":"https:\/\/228news.tg\/#\/schema\/person\/68d5a6cc0230290e61235c8379523f52"},"headline":"Employabilit\u00e9 des jeunes: Le CADERDT pr\u00e9occup\u00e9 par la question","datePublished":"2019-05-07T12:31:16+00:00","mainEntityOfPage":{"@id":"https:\/\/228news.tg\/index.php\/2019\/05\/07\/employabilite-des-jeunes-le-caderdt-preoccupe-par-la-question-2\/"},"wordCount":186,"commentCount":0,"publisher":{"@id":"https:\/\/228news.tg\/#organization"},"image":{"@id":"https:\/\/228news.tg\/index.php\/2019\/05\/07\/employabilite-des-jeunes-le-caderdt-preoccupe-par-la-question-2\/#primaryimage"},"thumbnailUrl":"","articleSection":["Flash","SOCIETE","TOGO","Une"],"inLanguage":"fr-FR","potentialAction":[{"@type":"CommentAction","name":"Comment","target":["https:\/\/228news.tg\/index.php\/2019\/05\/07\/employabilite-des-jeunes-le-caderdt-preoccupe-par-la-question-2\/#respond"]}]},{"@type":"WebPage","@id":"https:\/\/228news.tg\/index.php\/2019\/05\/07\/employabilite-des-jeunes-le-caderdt-preoccupe-par-la-question-2\/","url":"https:\/\/228news.tg\/index.php\/2019\/05\/07\/employabilite-des-jeunes-le-caderdt-preoccupe-par-la-question-2\/","name":"Employabilit\u00e9 des jeunes: Le CADERDT pr\u00e9occup\u00e9 par la question - 228 News","isPartOf":{"@id":"https:\/\/228news.tg\/#website"},"primaryImageOfPage":{"@id":"https:\/\/228news.tg\/index.php\/2019\/05\/07\/employabilite-des-jeunes-le-caderdt-preoccupe-par-la-question-2\/#primaryimage"},"image":{"@id":"https:\/\/228news.tg\/index.php\/2019\/05\/07\/employabilite-des-jeunes-le-caderdt-preoccupe-par-la-question-2\/#primaryimage"},"thumbnailUrl":"","datePublished":"2019-05-07T12:31:16+00:00","breadcrumb":{"@id":"https:\/\/228news.tg\/index.php\/2019\/05\/07\/employabilite-des-jeunes-le-caderdt-preoccupe-par-la-question-2\/#breadcrumb"},"inLanguage":"fr-FR","potentialAction":[{"@type":"ReadAction","target":["https:\/\/228news.tg\/index.php\/2019\/05\/07\/employabilite-des-jeunes-le-caderdt-preoccupe-par-la-question-2\/"]}]},{"@type":"ImageObject","inLanguage":"fr-FR","@id":"https:\/\/228news.tg\/index.php\/2019\/05\/07\/employabilite-des-jeunes-le-caderdt-preoccupe-par-la-question-2\/#primaryimage","url":"","contentUrl":""},{"@type":"BreadcrumbList","@id":"https:\/\/228news.tg\/index.php\/2019\/05\/07\/employabilite-des-jeunes-le-caderdt-preoccupe-par-la-question-2\/#breadcrumb","itemListElement":[{"@type":"ListItem","position":1,"name":"Home","item":"https:\/\/228news.tg\/"},{"@type":"ListItem","position":2,"name":"Employabilit\u00e9 des jeunes: Le CADERDT pr\u00e9occup\u00e9 par la question"}]},{"@type":"WebSite","@id":"https:\/\/228news.tg\/#website","url":"https:\/\/228news.tg\/","name":"228 News","description":"Soci\u00e9t\u00e9 de m\u00e9dias et d\u2019actualit\u00e9s","publisher":{"@id":"https:\/\/228news.tg\/#organization"},"potentialAction":[{"@type":"SearchAction","target":{"@type":"EntryPoint","urlTemplate":"https:\/\/228news.tg\/?s={search_term_string}"},"query-input":{"@type":"PropertyValueSpecification","valueRequired":true,"valueName":"search_term_string"}}],"inLanguage":"fr-FR"},{"@type":"Organization","@id":"https:\/\/228news.tg\/#organization","name":"228 News","url":"https:\/\/228news.tg\/","logo":{"@type":"ImageObject","inLanguage":"fr-FR","@id":"https:\/\/228news.tg\/#\/schema\/logo\/image\/","url":"https:\/\/228news.tg\/wp-content\/uploads\/2024\/09\/logonew.png","contentUrl":"https:\/\/228news.tg\/wp-content\/uploads\/2024\/09\/logonew.png","width":1640,"height":364,"caption":"228 News"},"image":{"@id":"https:\/\/228news.tg\/#\/schema\/logo\/image\/"}},{"@type":"Person","@id":"https:\/\/228news.tg\/#\/schema\/person\/68d5a6cc0230290e61235c8379523f52","name":"Bienvenu SAVI","image":{"@type":"ImageObject","inLanguage":"fr-FR","@id":"https:\/\/228news.tg\/#\/schema\/person\/image\/","url":"https:\/\/secure.gravatar.com\/avatar\/9db91895c559e510509c33a3e9683998458e9b828fac36d5d1aa23f0f2fd369b?s=96&d=mm&r=g","contentUrl":"https:\/\/secure.gravatar.com\/avatar\/9db91895c559e510509c33a3e9683998458e9b828fac36d5d1aa23f0f2fd369b?s=96&d=mm&r=g","caption":"Bienvenu SAVI"},"url":"https:\/\/228news.tg\/index.php\/author\/bienvenu\/"}]}},"jetpack_featured_media_url":"","_links":{"self":[{"href":"https:\/\/228news.tg\/index.php\/wp-json\/wp\/v2\/posts\/14730","targetHints":{"allow":["GET"]}}],"collection":[{"href":"https:\/\/228news.tg\/index.php\/wp-json\/wp\/v2\/posts"}],"about":[{"href":"https:\/\/228news.tg\/index.php\/wp-json\/wp\/v2\/types\/post"}],"author":[{"embeddable":true,"href":"https:\/\/228news.tg\/index.php\/wp-json\/wp\/v2\/users\/2"}],"replies":[{"embeddable":true,"href":"https:\/\/228news.tg\/index.php\/wp-json\/wp\/v2\/comments?post=14730"}],"version-history":[{"count":0,"href":"https:\/\/228news.tg\/index.php\/wp-json\/wp\/v2\/posts\/14730\/revisions"}],"wp:featuredmedia":[{"embeddable":true,"href":"https:\/\/228news.tg\/index.php\/wp-json\/wp\/v2\/posts\/4224"}],"wp:attachment":[{"href":"https:\/\/228news.tg\/index.php\/wp-json\/wp\/v2\/media?parent=14730"}],"wp:term":[{"taxonomy":"category","embeddable":true,"href":"https:\/\/228news.tg\/index.php\/wp-json\/wp\/v2\/categories?post=14730"},{"taxonomy":"post_tag","embeddable":true,"href":"https:\/\/228news.tg\/index.php\/wp-json\/wp\/v2\/tags?post=14730"}],"curies":[{"name":"wp","href":"https:\/\/api.w.org\/{rel}","templated":true}]}}