{"id":14728,"date":"2019-05-07T12:11:53","date_gmt":"2019-05-07T12:11:53","guid":{"rendered":"http:\/\/localhost\/site\/228news\/?p=4211"},"modified":"2019-05-07T12:11:53","modified_gmt":"2019-05-07T12:11:53","slug":"gestion-des-informations-geographiques-de-sante-publique-loms-forme-les-acteurs-de-lafrique-de-louest-a-lome-2","status":"publish","type":"post","link":"https:\/\/228news.tg\/index.php\/2019\/05\/07\/gestion-des-informations-geographiques-de-sante-publique-loms-forme-les-acteurs-de-lafrique-de-louest-a-lome-2\/","title":{"rendered":"Gestion des informations g\u00e9ographiques de sant\u00e9 publique: L&rsquo;OMS forme les acteurs de l&rsquo;Afrique de l&rsquo;Ouest \u00e0 Lom\u00e9"},"content":{"rendered":"\n<p>(228NEWS)- Lom\u00e9 abrite depuis ce lundi 06 mai 2019 un atelier r\u00e9gional de formation de l&rsquo;organisation Mondiale pour la Sant\u00e9 (OMS) sur les syst\u00e8mes d&rsquo;informations g\u00e9ographiques pour les pays francophones de la r\u00e9gion Afrique. <\/p>\n\n\n\n<p>Visant le renforcement des capacit\u00e9s des acteurs de plusieurs pays r\u00e9unis de la sous r\u00e9gion ouest africaine afin de mieux g\u00e9rer la collecte et la diffusion des informations de sant\u00e9 publique en termes \u00a0d\u2019urgences et d\u2019\u00e9pid\u00e9mies que ce soit les maladies infectieuses ou les\u00a0 menaces sur\u00a0 la s\u00e9curit\u00e9 de la sant\u00e9 publique, cette rencontre ouverte par le M\u00e9decin-Colonel Awoussi Sossinou, Secr\u00e9taire G\u00e9n\u00e9ral du minist\u00e8re de la sant\u00e9 et de l&rsquo;hygi\u00e8ne publique concr\u00e9tise une fois de plus les divers efforts entrepris par le bureau r\u00e9gional de l&rsquo;OMS.<\/p>\n\n\n\n<figure class=\"wp-block-image\"><img decoding=\"async\" src=\"http:\/\/localhost\/site\/228news\/wp-content\/uploads\/2019\/05\/omys-750x430.jpg\" alt=\"\" class=\"wp-image-4212\"\/><\/figure>\n\n\n\n<p>Pour la  Dr Fatoumatou Binta Tidiane Diallo, Repr\u00e9sentante r\u00e9sidente de l\u2019OMS, les pays de la r\u00e9gion Africaine \u00a0ont connu plus de \u00a08 00 \u00e9v\u00e9nements de sant\u00e9 publique en 2018. Des chiffres qui doivent interpeller  sur la n\u00e9cessit\u00e9 de mieux se \u00a0pr\u00e9parer \u00e0 r\u00e9pondre aux urgences \u00a0et aux risques.<\/p>\n\n\n\n<p style=\"text-align:left\">\u00a0\u00bb Malgr\u00e9 la persistance des urgences, beaucoup de\u00a0 progr\u00e8s\u00a0 ont \u00a0\u00e9t\u00e9 r\u00e9alis\u00e9s dans les pays \u00a0de la r\u00e9gion Africaine ces derni\u00e8res ann\u00e9es. C&rsquo;est le cas du Togo, premier pays \u00a0de la r\u00e9gion africaine \u00a0\u00e0 avoir \u00e9limin\u00e9 la filariose. L&rsquo;OMS va\u00a0 apporter aux\u00a0 pays un appui en mati\u00e8re de \u00a0renforcement \u00a0de la surveillance, de gestion des informations,\u00a0 de\u00a0 collecte rapide des donn\u00e9es et le\u00a0 traitement puis\u00a0 la diffusion.\u00a0\u00bb a-t-elle d\u00e9clar\u00e9.<\/p>\n\n\n\n<p style=\"text-align:left\">Pour sa part, le repr\u00e9sentant du ministre en charge de la sant\u00e9 a invit\u00e9 les divers acteurs r\u00e9unis \u00e0 mieux capitaliser sur cette formation afin de mieux servir les populations durant les situations d&rsquo;urgence.<\/p>\n\n\n\n<p><strong><em>D\u00e9mocrate<\/em><\/strong><\/p>\n\n\n\n<p><strong><em>(00228) 91 85 40 14<\/em><\/strong><\/p>\n\n\n\n<p><strong><em>98 60 67 68<\/em><\/strong><\/p>\n\n\n\n<p><strong><em>democrate2010@gmail.com<\/em><\/strong><\/p>\n","protected":false},"excerpt":{"rendered":"<p>(228NEWS)- Lom\u00e9 abrite depuis ce lundi 06 mai 2019 un atelier r\u00e9gional de formation de l&rsquo;organisation Mondiale pour la Sant\u00e9 (OMS) sur les syst\u00e8mes d&rsquo;informations g\u00e9ographiques pour les pays francophones de la r\u00e9gion Afrique. Visant le renforcement des capacit\u00e9s des acteurs de plusieurs pays r\u00e9unis de la sous r\u00e9gion ouest africaine afin de mieux g\u00e9rer &#8230; <a title=\"Gestion des informations g\u00e9ographiques de sant\u00e9 publique: L&rsquo;OMS forme les acteurs de l&rsquo;Afrique de l&rsquo;Ouest \u00e0 Lom\u00e9\" class=\"read-more\" href=\"https:\/\/228news.tg\/index.php\/2019\/05\/07\/gestion-des-informations-geographiques-de-sante-publique-loms-forme-les-acteurs-de-lafrique-de-louest-a-lome-2\/\" aria-label=\"En savoir plus sur Gestion des informations g\u00e9ographiques de sant\u00e9 publique: L&rsquo;OMS forme les acteurs de l&rsquo;Afrique de l&rsquo;Ouest \u00e0 Lom\u00e9\">Lire la suite<\/a><\/p>\n","protected":false},"author":2,"featured_media":4213,"comment_status":"open","ping_status":"open","sticky":false,"template":"","format":"chat","meta":{"footnotes":""},"categories":[26,35,27,25],"tags":[],"class_list":["post-14728","post","type-post","status-publish","format-chat","has-post-thumbnail","hentry","category-afrique","category-flash","category-sante","category-togo","post_format-post-format-chat"],"yoast_head":"<!-- This site is optimized with the Yoast SEO plugin v26.4 - https:\/\/yoast.com\/wordpress\/plugins\/seo\/ -->\n<title>Gestion des informations g\u00e9ographiques de sant\u00e9 publique: L&#039;OMS forme les acteurs de l&#039;Afrique de l&#039;Ouest \u00e0 Lom\u00e9 - 228 News<\/title>\n<meta name=\"robots\" content=\"index, follow, max-snippet:-1, max-image-preview:large, max-video-preview:-1\" \/>\n<link rel=\"canonical\" href=\"https:\/\/228news.tg\/index.php\/2019\/05\/07\/gestion-des-informations-geographiques-de-sante-publique-loms-forme-les-acteurs-de-lafrique-de-louest-a-lome-2\/\" \/>\n<meta property=\"og:locale\" content=\"fr_FR\" \/>\n<meta property=\"og:type\" content=\"article\" \/>\n<meta property=\"og:title\" content=\"Gestion des informations g\u00e9ographiques de sant\u00e9 publique: L&#039;OMS forme les acteurs de l&#039;Afrique de l&#039;Ouest \u00e0 Lom\u00e9 - 228 News\" \/>\n<meta property=\"og:description\" content=\"(228NEWS)- Lom\u00e9 abrite depuis ce lundi 06 mai 2019 un atelier r\u00e9gional de formation de l&rsquo;organisation Mondiale pour la Sant\u00e9 (OMS) sur les syst\u00e8mes d&rsquo;informations g\u00e9ographiques pour les pays francophones de la r\u00e9gion Afrique. Visant le renforcement des capacit\u00e9s des acteurs de plusieurs pays r\u00e9unis de la sous r\u00e9gion ouest africaine afin de mieux g\u00e9rer ... Lire la suite\" \/>\n<meta property=\"og:url\" content=\"https:\/\/228news.tg\/index.php\/2019\/05\/07\/gestion-des-informations-geographiques-de-sante-publique-loms-forme-les-acteurs-de-lafrique-de-louest-a-lome-2\/\" \/>\n<meta property=\"og:site_name\" content=\"228 News\" \/>\n<meta property=\"article:published_time\" content=\"2019-05-07T12:11:53+00:00\" \/>\n<meta property=\"og:image\" content=\"http:\/\/localhost\/site\/228news\/wp-content\/uploads\/2019\/05\/omys-750x430.jpg\" \/>\n<meta name=\"author\" content=\"Bienvenu SAVI\" \/>\n<meta name=\"twitter:card\" content=\"summary_large_image\" \/>\n<meta name=\"twitter:label1\" content=\"\u00c9crit par\" \/>\n\t<meta name=\"twitter:data1\" content=\"Bienvenu SAVI\" \/>\n\t<meta name=\"twitter:label2\" content=\"Dur\u00e9e de lecture estim\u00e9e\" \/>\n\t<meta name=\"twitter:data2\" content=\"2 minutes\" \/>\n<script type=\"application\/ld+json\" class=\"yoast-schema-graph\">{\"@context\":\"https:\/\/schema.org\",\"@graph\":[{\"@type\":\"Article\",\"@id\":\"https:\/\/228news.tg\/index.php\/2019\/05\/07\/gestion-des-informations-geographiques-de-sante-publique-loms-forme-les-acteurs-de-lafrique-de-louest-a-lome-2\/#article\",\"isPartOf\":{\"@id\":\"https:\/\/228news.tg\/index.php\/2019\/05\/07\/gestion-des-informations-geographiques-de-sante-publique-loms-forme-les-acteurs-de-lafrique-de-louest-a-lome-2\/\"},\"author\":{\"name\":\"Bienvenu SAVI\",\"@id\":\"https:\/\/228news.tg\/#\/schema\/person\/68d5a6cc0230290e61235c8379523f52\"},\"headline\":\"Gestion des informations g\u00e9ographiques de sant\u00e9 publique: L&rsquo;OMS forme les acteurs de l&rsquo;Afrique de l&rsquo;Ouest \u00e0 Lom\u00e9\",\"datePublished\":\"2019-05-07T12:11:53+00:00\",\"mainEntityOfPage\":{\"@id\":\"https:\/\/228news.tg\/index.php\/2019\/05\/07\/gestion-des-informations-geographiques-de-sante-publique-loms-forme-les-acteurs-de-lafrique-de-louest-a-lome-2\/\"},\"wordCount\":335,\"commentCount\":0,\"publisher\":{\"@id\":\"https:\/\/228news.tg\/#organization\"},\"image\":{\"@id\":\"https:\/\/228news.tg\/index.php\/2019\/05\/07\/gestion-des-informations-geographiques-de-sante-publique-loms-forme-les-acteurs-de-lafrique-de-louest-a-lome-2\/#primaryimage\"},\"thumbnailUrl\":\"\",\"articleSection\":[\"AFRIQUE\",\"Flash\",\"Sant\u00e9\",\"TOGO\"],\"inLanguage\":\"fr-FR\",\"potentialAction\":[{\"@type\":\"CommentAction\",\"name\":\"Comment\",\"target\":[\"https:\/\/228news.tg\/index.php\/2019\/05\/07\/gestion-des-informations-geographiques-de-sante-publique-loms-forme-les-acteurs-de-lafrique-de-louest-a-lome-2\/#respond\"]}]},{\"@type\":\"WebPage\",\"@id\":\"https:\/\/228news.tg\/index.php\/2019\/05\/07\/gestion-des-informations-geographiques-de-sante-publique-loms-forme-les-acteurs-de-lafrique-de-louest-a-lome-2\/\",\"url\":\"https:\/\/228news.tg\/index.php\/2019\/05\/07\/gestion-des-informations-geographiques-de-sante-publique-loms-forme-les-acteurs-de-lafrique-de-louest-a-lome-2\/\",\"name\":\"Gestion des informations g\u00e9ographiques de sant\u00e9 publique: L'OMS forme les acteurs de l'Afrique de l'Ouest \u00e0 Lom\u00e9 - 228 News\",\"isPartOf\":{\"@id\":\"https:\/\/228news.tg\/#website\"},\"primaryImageOfPage\":{\"@id\":\"https:\/\/228news.tg\/index.php\/2019\/05\/07\/gestion-des-informations-geographiques-de-sante-publique-loms-forme-les-acteurs-de-lafrique-de-louest-a-lome-2\/#primaryimage\"},\"image\":{\"@id\":\"https:\/\/228news.tg\/index.php\/2019\/05\/07\/gestion-des-informations-geographiques-de-sante-publique-loms-forme-les-acteurs-de-lafrique-de-louest-a-lome-2\/#primaryimage\"},\"thumbnailUrl\":\"\",\"datePublished\":\"2019-05-07T12:11:53+00:00\",\"breadcrumb\":{\"@id\":\"https:\/\/228news.tg\/index.php\/2019\/05\/07\/gestion-des-informations-geographiques-de-sante-publique-loms-forme-les-acteurs-de-lafrique-de-louest-a-lome-2\/#breadcrumb\"},\"inLanguage\":\"fr-FR\",\"potentialAction\":[{\"@type\":\"ReadAction\",\"target\":[\"https:\/\/228news.tg\/index.php\/2019\/05\/07\/gestion-des-informations-geographiques-de-sante-publique-loms-forme-les-acteurs-de-lafrique-de-louest-a-lome-2\/\"]}]},{\"@type\":\"ImageObject\",\"inLanguage\":\"fr-FR\",\"@id\":\"https:\/\/228news.tg\/index.php\/2019\/05\/07\/gestion-des-informations-geographiques-de-sante-publique-loms-forme-les-acteurs-de-lafrique-de-louest-a-lome-2\/#primaryimage\",\"url\":\"\",\"contentUrl\":\"\"},{\"@type\":\"BreadcrumbList\",\"@id\":\"https:\/\/228news.tg\/index.php\/2019\/05\/07\/gestion-des-informations-geographiques-de-sante-publique-loms-forme-les-acteurs-de-lafrique-de-louest-a-lome-2\/#breadcrumb\",\"itemListElement\":[{\"@type\":\"ListItem\",\"position\":1,\"name\":\"Home\",\"item\":\"https:\/\/228news.tg\/\"},{\"@type\":\"ListItem\",\"position\":2,\"name\":\"Gestion des informations g\u00e9ographiques de sant\u00e9 publique: L&rsquo;OMS forme les acteurs de l&rsquo;Afrique de l&rsquo;Ouest \u00e0 Lom\u00e9\"}]},{\"@type\":\"WebSite\",\"@id\":\"https:\/\/228news.tg\/#website\",\"url\":\"https:\/\/228news.tg\/\",\"name\":\"228 News\",\"description\":\"Soci\u00e9t\u00e9 de m\u00e9dias et d\u2019actualit\u00e9s\",\"publisher\":{\"@id\":\"https:\/\/228news.tg\/#organization\"},\"potentialAction\":[{\"@type\":\"SearchAction\",\"target\":{\"@type\":\"EntryPoint\",\"urlTemplate\":\"https:\/\/228news.tg\/?s={search_term_string}\"},\"query-input\":{\"@type\":\"PropertyValueSpecification\",\"valueRequired\":true,\"valueName\":\"search_term_string\"}}],\"inLanguage\":\"fr-FR\"},{\"@type\":\"Organization\",\"@id\":\"https:\/\/228news.tg\/#organization\",\"name\":\"228 News\",\"url\":\"https:\/\/228news.tg\/\",\"logo\":{\"@type\":\"ImageObject\",\"inLanguage\":\"fr-FR\",\"@id\":\"https:\/\/228news.tg\/#\/schema\/logo\/image\/\",\"url\":\"https:\/\/228news.tg\/wp-content\/uploads\/2024\/09\/logonew.png\",\"contentUrl\":\"https:\/\/228news.tg\/wp-content\/uploads\/2024\/09\/logonew.png\",\"width\":1640,\"height\":364,\"caption\":\"228 News\"},\"image\":{\"@id\":\"https:\/\/228news.tg\/#\/schema\/logo\/image\/\"}},{\"@type\":\"Person\",\"@id\":\"https:\/\/228news.tg\/#\/schema\/person\/68d5a6cc0230290e61235c8379523f52\",\"name\":\"Bienvenu SAVI\",\"image\":{\"@type\":\"ImageObject\",\"inLanguage\":\"fr-FR\",\"@id\":\"https:\/\/228news.tg\/#\/schema\/person\/image\/\",\"url\":\"https:\/\/secure.gravatar.com\/avatar\/9db91895c559e510509c33a3e9683998458e9b828fac36d5d1aa23f0f2fd369b?s=96&d=mm&r=g\",\"contentUrl\":\"https:\/\/secure.gravatar.com\/avatar\/9db91895c559e510509c33a3e9683998458e9b828fac36d5d1aa23f0f2fd369b?s=96&d=mm&r=g\",\"caption\":\"Bienvenu SAVI\"},\"url\":\"https:\/\/228news.tg\/index.php\/author\/bienvenu\/\"}]}<\/script>\n<!-- \/ Yoast SEO plugin. -->","yoast_head_json":{"title":"Gestion des informations g\u00e9ographiques de sant\u00e9 publique: L'OMS forme les acteurs de l'Afrique de l'Ouest \u00e0 Lom\u00e9 - 228 News","robots":{"index":"index","follow":"follow","max-snippet":"max-snippet:-1","max-image-preview":"max-image-preview:large","max-video-preview":"max-video-preview:-1"},"canonical":"https:\/\/228news.tg\/index.php\/2019\/05\/07\/gestion-des-informations-geographiques-de-sante-publique-loms-forme-les-acteurs-de-lafrique-de-louest-a-lome-2\/","og_locale":"fr_FR","og_type":"article","og_title":"Gestion des informations g\u00e9ographiques de sant\u00e9 publique: L'OMS forme les acteurs de l'Afrique de l'Ouest \u00e0 Lom\u00e9 - 228 News","og_description":"(228NEWS)- Lom\u00e9 abrite depuis ce lundi 06 mai 2019 un atelier r\u00e9gional de formation de l&rsquo;organisation Mondiale pour la Sant\u00e9 (OMS) sur les syst\u00e8mes d&rsquo;informations g\u00e9ographiques pour les pays francophones de la r\u00e9gion Afrique. Visant le renforcement des capacit\u00e9s des acteurs de plusieurs pays r\u00e9unis de la sous r\u00e9gion ouest africaine afin de mieux g\u00e9rer ... Lire la suite","og_url":"https:\/\/228news.tg\/index.php\/2019\/05\/07\/gestion-des-informations-geographiques-de-sante-publique-loms-forme-les-acteurs-de-lafrique-de-louest-a-lome-2\/","og_site_name":"228 News","article_published_time":"2019-05-07T12:11:53+00:00","og_image":[{"url":"http:\/\/localhost\/site\/228news\/wp-content\/uploads\/2019\/05\/omys-750x430.jpg","type":"","width":"","height":""}],"author":"Bienvenu SAVI","twitter_card":"summary_large_image","twitter_misc":{"\u00c9crit par":"Bienvenu SAVI","Dur\u00e9e de lecture estim\u00e9e":"2 minutes"},"schema":{"@context":"https:\/\/schema.org","@graph":[{"@type":"Article","@id":"https:\/\/228news.tg\/index.php\/2019\/05\/07\/gestion-des-informations-geographiques-de-sante-publique-loms-forme-les-acteurs-de-lafrique-de-louest-a-lome-2\/#article","isPartOf":{"@id":"https:\/\/228news.tg\/index.php\/2019\/05\/07\/gestion-des-informations-geographiques-de-sante-publique-loms-forme-les-acteurs-de-lafrique-de-louest-a-lome-2\/"},"author":{"name":"Bienvenu SAVI","@id":"https:\/\/228news.tg\/#\/schema\/person\/68d5a6cc0230290e61235c8379523f52"},"headline":"Gestion des informations g\u00e9ographiques de sant\u00e9 publique: L&rsquo;OMS forme les acteurs de l&rsquo;Afrique de l&rsquo;Ouest \u00e0 Lom\u00e9","datePublished":"2019-05-07T12:11:53+00:00","mainEntityOfPage":{"@id":"https:\/\/228news.tg\/index.php\/2019\/05\/07\/gestion-des-informations-geographiques-de-sante-publique-loms-forme-les-acteurs-de-lafrique-de-louest-a-lome-2\/"},"wordCount":335,"commentCount":0,"publisher":{"@id":"https:\/\/228news.tg\/#organization"},"image":{"@id":"https:\/\/228news.tg\/index.php\/2019\/05\/07\/gestion-des-informations-geographiques-de-sante-publique-loms-forme-les-acteurs-de-lafrique-de-louest-a-lome-2\/#primaryimage"},"thumbnailUrl":"","articleSection":["AFRIQUE","Flash","Sant\u00e9","TOGO"],"inLanguage":"fr-FR","potentialAction":[{"@type":"CommentAction","name":"Comment","target":["https:\/\/228news.tg\/index.php\/2019\/05\/07\/gestion-des-informations-geographiques-de-sante-publique-loms-forme-les-acteurs-de-lafrique-de-louest-a-lome-2\/#respond"]}]},{"@type":"WebPage","@id":"https:\/\/228news.tg\/index.php\/2019\/05\/07\/gestion-des-informations-geographiques-de-sante-publique-loms-forme-les-acteurs-de-lafrique-de-louest-a-lome-2\/","url":"https:\/\/228news.tg\/index.php\/2019\/05\/07\/gestion-des-informations-geographiques-de-sante-publique-loms-forme-les-acteurs-de-lafrique-de-louest-a-lome-2\/","name":"Gestion des informations g\u00e9ographiques de sant\u00e9 publique: L'OMS forme les acteurs de l'Afrique de l'Ouest \u00e0 Lom\u00e9 - 228 News","isPartOf":{"@id":"https:\/\/228news.tg\/#website"},"primaryImageOfPage":{"@id":"https:\/\/228news.tg\/index.php\/2019\/05\/07\/gestion-des-informations-geographiques-de-sante-publique-loms-forme-les-acteurs-de-lafrique-de-louest-a-lome-2\/#primaryimage"},"image":{"@id":"https:\/\/228news.tg\/index.php\/2019\/05\/07\/gestion-des-informations-geographiques-de-sante-publique-loms-forme-les-acteurs-de-lafrique-de-louest-a-lome-2\/#primaryimage"},"thumbnailUrl":"","datePublished":"2019-05-07T12:11:53+00:00","breadcrumb":{"@id":"https:\/\/228news.tg\/index.php\/2019\/05\/07\/gestion-des-informations-geographiques-de-sante-publique-loms-forme-les-acteurs-de-lafrique-de-louest-a-lome-2\/#breadcrumb"},"inLanguage":"fr-FR","potentialAction":[{"@type":"ReadAction","target":["https:\/\/228news.tg\/index.php\/2019\/05\/07\/gestion-des-informations-geographiques-de-sante-publique-loms-forme-les-acteurs-de-lafrique-de-louest-a-lome-2\/"]}]},{"@type":"ImageObject","inLanguage":"fr-FR","@id":"https:\/\/228news.tg\/index.php\/2019\/05\/07\/gestion-des-informations-geographiques-de-sante-publique-loms-forme-les-acteurs-de-lafrique-de-louest-a-lome-2\/#primaryimage","url":"","contentUrl":""},{"@type":"BreadcrumbList","@id":"https:\/\/228news.tg\/index.php\/2019\/05\/07\/gestion-des-informations-geographiques-de-sante-publique-loms-forme-les-acteurs-de-lafrique-de-louest-a-lome-2\/#breadcrumb","itemListElement":[{"@type":"ListItem","position":1,"name":"Home","item":"https:\/\/228news.tg\/"},{"@type":"ListItem","position":2,"name":"Gestion des informations g\u00e9ographiques de sant\u00e9 publique: L&rsquo;OMS forme les acteurs de l&rsquo;Afrique de l&rsquo;Ouest \u00e0 Lom\u00e9"}]},{"@type":"WebSite","@id":"https:\/\/228news.tg\/#website","url":"https:\/\/228news.tg\/","name":"228 News","description":"Soci\u00e9t\u00e9 de m\u00e9dias et d\u2019actualit\u00e9s","publisher":{"@id":"https:\/\/228news.tg\/#organization"},"potentialAction":[{"@type":"SearchAction","target":{"@type":"EntryPoint","urlTemplate":"https:\/\/228news.tg\/?s={search_term_string}"},"query-input":{"@type":"PropertyValueSpecification","valueRequired":true,"valueName":"search_term_string"}}],"inLanguage":"fr-FR"},{"@type":"Organization","@id":"https:\/\/228news.tg\/#organization","name":"228 News","url":"https:\/\/228news.tg\/","logo":{"@type":"ImageObject","inLanguage":"fr-FR","@id":"https:\/\/228news.tg\/#\/schema\/logo\/image\/","url":"https:\/\/228news.tg\/wp-content\/uploads\/2024\/09\/logonew.png","contentUrl":"https:\/\/228news.tg\/wp-content\/uploads\/2024\/09\/logonew.png","width":1640,"height":364,"caption":"228 News"},"image":{"@id":"https:\/\/228news.tg\/#\/schema\/logo\/image\/"}},{"@type":"Person","@id":"https:\/\/228news.tg\/#\/schema\/person\/68d5a6cc0230290e61235c8379523f52","name":"Bienvenu SAVI","image":{"@type":"ImageObject","inLanguage":"fr-FR","@id":"https:\/\/228news.tg\/#\/schema\/person\/image\/","url":"https:\/\/secure.gravatar.com\/avatar\/9db91895c559e510509c33a3e9683998458e9b828fac36d5d1aa23f0f2fd369b?s=96&d=mm&r=g","contentUrl":"https:\/\/secure.gravatar.com\/avatar\/9db91895c559e510509c33a3e9683998458e9b828fac36d5d1aa23f0f2fd369b?s=96&d=mm&r=g","caption":"Bienvenu SAVI"},"url":"https:\/\/228news.tg\/index.php\/author\/bienvenu\/"}]}},"jetpack_featured_media_url":"","_links":{"self":[{"href":"https:\/\/228news.tg\/index.php\/wp-json\/wp\/v2\/posts\/14728","targetHints":{"allow":["GET"]}}],"collection":[{"href":"https:\/\/228news.tg\/index.php\/wp-json\/wp\/v2\/posts"}],"about":[{"href":"https:\/\/228news.tg\/index.php\/wp-json\/wp\/v2\/types\/post"}],"author":[{"embeddable":true,"href":"https:\/\/228news.tg\/index.php\/wp-json\/wp\/v2\/users\/2"}],"replies":[{"embeddable":true,"href":"https:\/\/228news.tg\/index.php\/wp-json\/wp\/v2\/comments?post=14728"}],"version-history":[{"count":0,"href":"https:\/\/228news.tg\/index.php\/wp-json\/wp\/v2\/posts\/14728\/revisions"}],"wp:featuredmedia":[{"embeddable":true,"href":"https:\/\/228news.tg\/index.php\/wp-json\/wp\/v2\/posts\/4213"}],"wp:attachment":[{"href":"https:\/\/228news.tg\/index.php\/wp-json\/wp\/v2\/media?parent=14728"}],"wp:term":[{"taxonomy":"category","embeddable":true,"href":"https:\/\/228news.tg\/index.php\/wp-json\/wp\/v2\/categories?post=14728"},{"taxonomy":"post_tag","embeddable":true,"href":"https:\/\/228news.tg\/index.php\/wp-json\/wp\/v2\/tags?post=14728"}],"curies":[{"name":"wp","href":"https:\/\/api.w.org\/{rel}","templated":true}]}}