{"id":14726,"date":"2019-05-02T16:18:09","date_gmt":"2019-05-02T16:18:09","guid":{"rendered":"http:\/\/localhost\/site\/228news\/?p=4202"},"modified":"2019-05-02T16:18:09","modified_gmt":"2019-05-02T16:18:09","slug":"football-gala-des-professionnels-de-la-microfinance-millenium-microfinance-rate-de-peu-le-trophee-face-a-la-ceca-2","status":"publish","type":"post","link":"https:\/\/228news.tg\/index.php\/2019\/05\/02\/football-gala-des-professionnels-de-la-microfinance-millenium-microfinance-rate-de-peu-le-trophee-face-a-la-ceca-2\/","title":{"rendered":"Football\/Gala des professionnels de la microfinance: Mill\u00e9nium Microfinance rate de peu le troph\u00e9e face \u00e0 la CECA"},"content":{"rendered":"\n<p><strong> <\/strong>(228NEWS)- Mill\u00e9nium Microfinance qui f\u00eate ses dix (10) ans cette ann\u00e9e, a rat\u00e9 d cee peu le troph\u00e9e de la huiti\u00e8me \u00e9dition du gala des professionnels de la microfinance. <\/p>\n\n\n\n<p>Initiative coiff\u00e9e par l&rsquo;Association Professionnelle des Services Financiers D\u00e9centralis\u00e9s, cette comp\u00e9tition rassemble depuis huit (8) ans les services financiers d\u00e9centralis\u00e9s autour du ballon rond, sport roi.<\/p>\n\n\n\n<figure class=\"wp-block-image\"><img decoding=\"async\" src=\"http:\/\/localhost\/site\/228news\/wp-content\/uploads\/2019\/05\/IMG_20190501_101506-1305x979-696x522.jpg\" alt=\"\" class=\"wp-image-4204\"\/><figcaption><em><strong>Le capitaine de la CECA soulevantt le troph\u00e9e mis en jeu<\/strong><\/em><\/figcaption><\/figure>\n\n\n\n<p>Cette \u00e9dition, c&rsquo;est la CECA qui est reparti avec le troph\u00e9e mis en jeu par le comit\u00e9 d&rsquo;organisation, apr\u00e8s une rencontre \u00e2prement disput\u00e9e face aux vaillants guerriers de la La CECA a remport\u00e9 qui ont du s&rsquo;incliner sur le score de z\u00e9ro but contre deux ( 0-2) sur le terrain de la Jeunesse Club d&rsquo;Agoenyiv\u00e9 (JCA).<\/p>\n\n\n\n<p>Loin de d\u00e9sarmer, les premiers responsables de la 2A ont promis tout mettre en oeuvre en vue de provoquer l&rsquo;alternance autour de ce troph\u00e9e, ravi depuis sept (7) \u00e9ditions par la CECA.<\/p>\n\n\n\n<p>\u00ab La CECA, s\u2019est entra\u00een\u00e9e toute l\u2019ann\u00e9e. C\u2019est ce qui explique selon moi cet \u00e9ni\u00e8me sacre. En football, c\u2019est le meilleur qui gagne. Nous invitons toutes les autres \u00e9quipes \u00e0 embo\u00eeter les pas de la CECA, afin que les prochaines \u00e9ditions soient d\u2019un niveau exceptionnel \u00bb, a confi\u00e9  <br \/>AKU\u00c9T\u00c9 Sowada Sory, Pr\u00e9sident du Comit\u00e9 d&rsquo;organisation.<\/p>\n\n\n\n<p>Cinq (5) microfinances ont pris part \u00e0 cette huiti\u00e8me \u00e9dition du gala de la microfinance, aussi le comit\u00e9 d&rsquo;organisation a exhort\u00e9 la cinquantaine de SFD membre de l&rsquo;APSFD, \u00e0 embrasser la prochaine \u00e9dition de ce gala qui cr\u00e9e l&rsquo;\u00e9mulation, le partage et la d\u00e9tente autour du cuir rond, ainsi qu&rsquo;aux sponsors et partenaires afin de mieux rehausser l&rsquo;\u00e9clat de l&rsquo;\u00e9v\u00e9nement.<\/p>\n\n\n\n<p><strong><em>D\u00e9mocrate <\/em><\/strong><\/p>\n\n\n\n<p><strong><em>(00228) 91 85 40 14<\/em><\/strong><\/p>\n\n\n\n<p><strong><em>98 60 67 68<\/em><\/strong><\/p>\n\n\n\n<p><strong><em>democrate2010@gmail.com<\/em><\/strong><\/p>\n","protected":false},"excerpt":{"rendered":"<p>(228NEWS)- Mill\u00e9nium Microfinance qui f\u00eate ses dix (10) ans cette ann\u00e9e, a rat\u00e9 d cee peu le troph\u00e9e de la huiti\u00e8me \u00e9dition du gala des professionnels de la microfinance. Initiative coiff\u00e9e par l&rsquo;Association Professionnelle des Services Financiers D\u00e9centralis\u00e9s, cette comp\u00e9tition rassemble depuis huit (8) ans les services financiers d\u00e9centralis\u00e9s autour du ballon rond, sport roi. &#8230; <a title=\"Football\/Gala des professionnels de la microfinance: Mill\u00e9nium Microfinance rate de peu le troph\u00e9e face \u00e0 la CECA\" class=\"read-more\" href=\"https:\/\/228news.tg\/index.php\/2019\/05\/02\/football-gala-des-professionnels-de-la-microfinance-millenium-microfinance-rate-de-peu-le-trophee-face-a-la-ceca-2\/\" aria-label=\"En savoir plus sur Football\/Gala des professionnels de la microfinance: Mill\u00e9nium Microfinance rate de peu le troph\u00e9e face \u00e0 la CECA\">Lire la suite<\/a><\/p>\n","protected":false},"author":2,"featured_media":4203,"comment_status":"open","ping_status":"open","sticky":false,"template":"","format":"chat","meta":{"footnotes":""},"categories":[35,24,25,34],"tags":[],"class_list":["post-14726","post","type-post","status-publish","format-chat","has-post-thumbnail","hentry","category-flash","category-sports","category-togo","category-une","post_format-post-format-chat"],"yoast_head":"<!-- This site is optimized with the Yoast SEO plugin v26.4 - https:\/\/yoast.com\/wordpress\/plugins\/seo\/ -->\n<title>Football\/Gala des professionnels de la microfinance: Mill\u00e9nium Microfinance rate de peu le troph\u00e9e face \u00e0 la CECA - 228 News<\/title>\n<meta name=\"robots\" content=\"index, follow, max-snippet:-1, max-image-preview:large, max-video-preview:-1\" \/>\n<link rel=\"canonical\" href=\"https:\/\/228news.tg\/index.php\/2019\/05\/02\/football-gala-des-professionnels-de-la-microfinance-millenium-microfinance-rate-de-peu-le-trophee-face-a-la-ceca-2\/\" \/>\n<meta property=\"og:locale\" content=\"fr_FR\" \/>\n<meta property=\"og:type\" content=\"article\" \/>\n<meta property=\"og:title\" content=\"Football\/Gala des professionnels de la microfinance: Mill\u00e9nium Microfinance rate de peu le troph\u00e9e face \u00e0 la CECA - 228 News\" \/>\n<meta property=\"og:description\" content=\"(228NEWS)- Mill\u00e9nium Microfinance qui f\u00eate ses dix (10) ans cette ann\u00e9e, a rat\u00e9 d cee peu le troph\u00e9e de la huiti\u00e8me \u00e9dition du gala des professionnels de la microfinance. Initiative coiff\u00e9e par l&rsquo;Association Professionnelle des Services Financiers D\u00e9centralis\u00e9s, cette comp\u00e9tition rassemble depuis huit (8) ans les services financiers d\u00e9centralis\u00e9s autour du ballon rond, sport roi. ... Lire la suite\" \/>\n<meta property=\"og:url\" content=\"https:\/\/228news.tg\/index.php\/2019\/05\/02\/football-gala-des-professionnels-de-la-microfinance-millenium-microfinance-rate-de-peu-le-trophee-face-a-la-ceca-2\/\" \/>\n<meta property=\"og:site_name\" content=\"228 News\" \/>\n<meta property=\"article:published_time\" content=\"2019-05-02T16:18:09+00:00\" \/>\n<meta property=\"og:image\" content=\"http:\/\/localhost\/site\/228news\/wp-content\/uploads\/2019\/05\/IMG_20190501_101506-1305x979-696x522.jpg\" \/>\n<meta name=\"author\" content=\"Bienvenu SAVI\" \/>\n<meta name=\"twitter:card\" content=\"summary_large_image\" \/>\n<meta name=\"twitter:label1\" content=\"\u00c9crit par\" \/>\n\t<meta name=\"twitter:data1\" content=\"Bienvenu SAVI\" \/>\n\t<meta name=\"twitter:label2\" content=\"Dur\u00e9e de lecture estim\u00e9e\" \/>\n\t<meta name=\"twitter:data2\" content=\"2 minutes\" \/>\n<script type=\"application\/ld+json\" class=\"yoast-schema-graph\">{\"@context\":\"https:\/\/schema.org\",\"@graph\":[{\"@type\":\"Article\",\"@id\":\"https:\/\/228news.tg\/index.php\/2019\/05\/02\/football-gala-des-professionnels-de-la-microfinance-millenium-microfinance-rate-de-peu-le-trophee-face-a-la-ceca-2\/#article\",\"isPartOf\":{\"@id\":\"https:\/\/228news.tg\/index.php\/2019\/05\/02\/football-gala-des-professionnels-de-la-microfinance-millenium-microfinance-rate-de-peu-le-trophee-face-a-la-ceca-2\/\"},\"author\":{\"name\":\"Bienvenu SAVI\",\"@id\":\"https:\/\/228news.tg\/#\/schema\/person\/68d5a6cc0230290e61235c8379523f52\"},\"headline\":\"Football\/Gala des professionnels de la microfinance: Mill\u00e9nium Microfinance rate de peu le troph\u00e9e face \u00e0 la CECA\",\"datePublished\":\"2019-05-02T16:18:09+00:00\",\"mainEntityOfPage\":{\"@id\":\"https:\/\/228news.tg\/index.php\/2019\/05\/02\/football-gala-des-professionnels-de-la-microfinance-millenium-microfinance-rate-de-peu-le-trophee-face-a-la-ceca-2\/\"},\"wordCount\":331,\"commentCount\":0,\"publisher\":{\"@id\":\"https:\/\/228news.tg\/#organization\"},\"image\":{\"@id\":\"https:\/\/228news.tg\/index.php\/2019\/05\/02\/football-gala-des-professionnels-de-la-microfinance-millenium-microfinance-rate-de-peu-le-trophee-face-a-la-ceca-2\/#primaryimage\"},\"thumbnailUrl\":\"https:\/\/228news.tg\/wp-content\/uploads\/2024\/09\/IMG-20210709-WA0007.jpg\",\"articleSection\":[\"Flash\",\"SPORTS\",\"TOGO\",\"Une\"],\"inLanguage\":\"fr-FR\",\"potentialAction\":[{\"@type\":\"CommentAction\",\"name\":\"Comment\",\"target\":[\"https:\/\/228news.tg\/index.php\/2019\/05\/02\/football-gala-des-professionnels-de-la-microfinance-millenium-microfinance-rate-de-peu-le-trophee-face-a-la-ceca-2\/#respond\"]}]},{\"@type\":\"WebPage\",\"@id\":\"https:\/\/228news.tg\/index.php\/2019\/05\/02\/football-gala-des-professionnels-de-la-microfinance-millenium-microfinance-rate-de-peu-le-trophee-face-a-la-ceca-2\/\",\"url\":\"https:\/\/228news.tg\/index.php\/2019\/05\/02\/football-gala-des-professionnels-de-la-microfinance-millenium-microfinance-rate-de-peu-le-trophee-face-a-la-ceca-2\/\",\"name\":\"Football\/Gala des professionnels de la microfinance: Mill\u00e9nium Microfinance rate de peu le troph\u00e9e face \u00e0 la CECA - 228 News\",\"isPartOf\":{\"@id\":\"https:\/\/228news.tg\/#website\"},\"primaryImageOfPage\":{\"@id\":\"https:\/\/228news.tg\/index.php\/2019\/05\/02\/football-gala-des-professionnels-de-la-microfinance-millenium-microfinance-rate-de-peu-le-trophee-face-a-la-ceca-2\/#primaryimage\"},\"image\":{\"@id\":\"https:\/\/228news.tg\/index.php\/2019\/05\/02\/football-gala-des-professionnels-de-la-microfinance-millenium-microfinance-rate-de-peu-le-trophee-face-a-la-ceca-2\/#primaryimage\"},\"thumbnailUrl\":\"https:\/\/228news.tg\/wp-content\/uploads\/2024\/09\/IMG-20210709-WA0007.jpg\",\"datePublished\":\"2019-05-02T16:18:09+00:00\",\"breadcrumb\":{\"@id\":\"https:\/\/228news.tg\/index.php\/2019\/05\/02\/football-gala-des-professionnels-de-la-microfinance-millenium-microfinance-rate-de-peu-le-trophee-face-a-la-ceca-2\/#breadcrumb\"},\"inLanguage\":\"fr-FR\",\"potentialAction\":[{\"@type\":\"ReadAction\",\"target\":[\"https:\/\/228news.tg\/index.php\/2019\/05\/02\/football-gala-des-professionnels-de-la-microfinance-millenium-microfinance-rate-de-peu-le-trophee-face-a-la-ceca-2\/\"]}]},{\"@type\":\"ImageObject\",\"inLanguage\":\"fr-FR\",\"@id\":\"https:\/\/228news.tg\/index.php\/2019\/05\/02\/football-gala-des-professionnels-de-la-microfinance-millenium-microfinance-rate-de-peu-le-trophee-face-a-la-ceca-2\/#primaryimage\",\"url\":\"https:\/\/228news.tg\/wp-content\/uploads\/2024\/09\/IMG-20210709-WA0007.jpg\",\"contentUrl\":\"https:\/\/228news.tg\/wp-content\/uploads\/2024\/09\/IMG-20210709-WA0007.jpg\",\"width\":1560,\"height\":1040},{\"@type\":\"BreadcrumbList\",\"@id\":\"https:\/\/228news.tg\/index.php\/2019\/05\/02\/football-gala-des-professionnels-de-la-microfinance-millenium-microfinance-rate-de-peu-le-trophee-face-a-la-ceca-2\/#breadcrumb\",\"itemListElement\":[{\"@type\":\"ListItem\",\"position\":1,\"name\":\"Home\",\"item\":\"https:\/\/228news.tg\/\"},{\"@type\":\"ListItem\",\"position\":2,\"name\":\"Football\/Gala des professionnels de la microfinance: Mill\u00e9nium Microfinance rate de peu le troph\u00e9e face \u00e0 la CECA\"}]},{\"@type\":\"WebSite\",\"@id\":\"https:\/\/228news.tg\/#website\",\"url\":\"https:\/\/228news.tg\/\",\"name\":\"228 News\",\"description\":\"Soci\u00e9t\u00e9 de m\u00e9dias et d\u2019actualit\u00e9s\",\"publisher\":{\"@id\":\"https:\/\/228news.tg\/#organization\"},\"potentialAction\":[{\"@type\":\"SearchAction\",\"target\":{\"@type\":\"EntryPoint\",\"urlTemplate\":\"https:\/\/228news.tg\/?s={search_term_string}\"},\"query-input\":{\"@type\":\"PropertyValueSpecification\",\"valueRequired\":true,\"valueName\":\"search_term_string\"}}],\"inLanguage\":\"fr-FR\"},{\"@type\":\"Organization\",\"@id\":\"https:\/\/228news.tg\/#organization\",\"name\":\"228 News\",\"url\":\"https:\/\/228news.tg\/\",\"logo\":{\"@type\":\"ImageObject\",\"inLanguage\":\"fr-FR\",\"@id\":\"https:\/\/228news.tg\/#\/schema\/logo\/image\/\",\"url\":\"https:\/\/228news.tg\/wp-content\/uploads\/2024\/09\/logonew.png\",\"contentUrl\":\"https:\/\/228news.tg\/wp-content\/uploads\/2024\/09\/logonew.png\",\"width\":1640,\"height\":364,\"caption\":\"228 News\"},\"image\":{\"@id\":\"https:\/\/228news.tg\/#\/schema\/logo\/image\/\"}},{\"@type\":\"Person\",\"@id\":\"https:\/\/228news.tg\/#\/schema\/person\/68d5a6cc0230290e61235c8379523f52\",\"name\":\"Bienvenu SAVI\",\"image\":{\"@type\":\"ImageObject\",\"inLanguage\":\"fr-FR\",\"@id\":\"https:\/\/228news.tg\/#\/schema\/person\/image\/\",\"url\":\"https:\/\/secure.gravatar.com\/avatar\/9db91895c559e510509c33a3e9683998458e9b828fac36d5d1aa23f0f2fd369b?s=96&d=mm&r=g\",\"contentUrl\":\"https:\/\/secure.gravatar.com\/avatar\/9db91895c559e510509c33a3e9683998458e9b828fac36d5d1aa23f0f2fd369b?s=96&d=mm&r=g\",\"caption\":\"Bienvenu SAVI\"},\"url\":\"https:\/\/228news.tg\/index.php\/author\/bienvenu\/\"}]}<\/script>\n<!-- \/ Yoast SEO plugin. -->","yoast_head_json":{"title":"Football\/Gala des professionnels de la microfinance: Mill\u00e9nium Microfinance rate de peu le troph\u00e9e face \u00e0 la CECA - 228 News","robots":{"index":"index","follow":"follow","max-snippet":"max-snippet:-1","max-image-preview":"max-image-preview:large","max-video-preview":"max-video-preview:-1"},"canonical":"https:\/\/228news.tg\/index.php\/2019\/05\/02\/football-gala-des-professionnels-de-la-microfinance-millenium-microfinance-rate-de-peu-le-trophee-face-a-la-ceca-2\/","og_locale":"fr_FR","og_type":"article","og_title":"Football\/Gala des professionnels de la microfinance: Mill\u00e9nium Microfinance rate de peu le troph\u00e9e face \u00e0 la CECA - 228 News","og_description":"(228NEWS)- Mill\u00e9nium Microfinance qui f\u00eate ses dix (10) ans cette ann\u00e9e, a rat\u00e9 d cee peu le troph\u00e9e de la huiti\u00e8me \u00e9dition du gala des professionnels de la microfinance. Initiative coiff\u00e9e par l&rsquo;Association Professionnelle des Services Financiers D\u00e9centralis\u00e9s, cette comp\u00e9tition rassemble depuis huit (8) ans les services financiers d\u00e9centralis\u00e9s autour du ballon rond, sport roi. ... Lire la suite","og_url":"https:\/\/228news.tg\/index.php\/2019\/05\/02\/football-gala-des-professionnels-de-la-microfinance-millenium-microfinance-rate-de-peu-le-trophee-face-a-la-ceca-2\/","og_site_name":"228 News","article_published_time":"2019-05-02T16:18:09+00:00","og_image":[{"url":"http:\/\/localhost\/site\/228news\/wp-content\/uploads\/2019\/05\/IMG_20190501_101506-1305x979-696x522.jpg","type":"","width":"","height":""}],"author":"Bienvenu SAVI","twitter_card":"summary_large_image","twitter_misc":{"\u00c9crit par":"Bienvenu SAVI","Dur\u00e9e de lecture estim\u00e9e":"2 minutes"},"schema":{"@context":"https:\/\/schema.org","@graph":[{"@type":"Article","@id":"https:\/\/228news.tg\/index.php\/2019\/05\/02\/football-gala-des-professionnels-de-la-microfinance-millenium-microfinance-rate-de-peu-le-trophee-face-a-la-ceca-2\/#article","isPartOf":{"@id":"https:\/\/228news.tg\/index.php\/2019\/05\/02\/football-gala-des-professionnels-de-la-microfinance-millenium-microfinance-rate-de-peu-le-trophee-face-a-la-ceca-2\/"},"author":{"name":"Bienvenu SAVI","@id":"https:\/\/228news.tg\/#\/schema\/person\/68d5a6cc0230290e61235c8379523f52"},"headline":"Football\/Gala des professionnels de la microfinance: Mill\u00e9nium Microfinance rate de peu le troph\u00e9e face \u00e0 la CECA","datePublished":"2019-05-02T16:18:09+00:00","mainEntityOfPage":{"@id":"https:\/\/228news.tg\/index.php\/2019\/05\/02\/football-gala-des-professionnels-de-la-microfinance-millenium-microfinance-rate-de-peu-le-trophee-face-a-la-ceca-2\/"},"wordCount":331,"commentCount":0,"publisher":{"@id":"https:\/\/228news.tg\/#organization"},"image":{"@id":"https:\/\/228news.tg\/index.php\/2019\/05\/02\/football-gala-des-professionnels-de-la-microfinance-millenium-microfinance-rate-de-peu-le-trophee-face-a-la-ceca-2\/#primaryimage"},"thumbnailUrl":"https:\/\/228news.tg\/wp-content\/uploads\/2024\/09\/IMG-20210709-WA0007.jpg","articleSection":["Flash","SPORTS","TOGO","Une"],"inLanguage":"fr-FR","potentialAction":[{"@type":"CommentAction","name":"Comment","target":["https:\/\/228news.tg\/index.php\/2019\/05\/02\/football-gala-des-professionnels-de-la-microfinance-millenium-microfinance-rate-de-peu-le-trophee-face-a-la-ceca-2\/#respond"]}]},{"@type":"WebPage","@id":"https:\/\/228news.tg\/index.php\/2019\/05\/02\/football-gala-des-professionnels-de-la-microfinance-millenium-microfinance-rate-de-peu-le-trophee-face-a-la-ceca-2\/","url":"https:\/\/228news.tg\/index.php\/2019\/05\/02\/football-gala-des-professionnels-de-la-microfinance-millenium-microfinance-rate-de-peu-le-trophee-face-a-la-ceca-2\/","name":"Football\/Gala des professionnels de la microfinance: Mill\u00e9nium Microfinance rate de peu le troph\u00e9e face \u00e0 la CECA - 228 News","isPartOf":{"@id":"https:\/\/228news.tg\/#website"},"primaryImageOfPage":{"@id":"https:\/\/228news.tg\/index.php\/2019\/05\/02\/football-gala-des-professionnels-de-la-microfinance-millenium-microfinance-rate-de-peu-le-trophee-face-a-la-ceca-2\/#primaryimage"},"image":{"@id":"https:\/\/228news.tg\/index.php\/2019\/05\/02\/football-gala-des-professionnels-de-la-microfinance-millenium-microfinance-rate-de-peu-le-trophee-face-a-la-ceca-2\/#primaryimage"},"thumbnailUrl":"https:\/\/228news.tg\/wp-content\/uploads\/2024\/09\/IMG-20210709-WA0007.jpg","datePublished":"2019-05-02T16:18:09+00:00","breadcrumb":{"@id":"https:\/\/228news.tg\/index.php\/2019\/05\/02\/football-gala-des-professionnels-de-la-microfinance-millenium-microfinance-rate-de-peu-le-trophee-face-a-la-ceca-2\/#breadcrumb"},"inLanguage":"fr-FR","potentialAction":[{"@type":"ReadAction","target":["https:\/\/228news.tg\/index.php\/2019\/05\/02\/football-gala-des-professionnels-de-la-microfinance-millenium-microfinance-rate-de-peu-le-trophee-face-a-la-ceca-2\/"]}]},{"@type":"ImageObject","inLanguage":"fr-FR","@id":"https:\/\/228news.tg\/index.php\/2019\/05\/02\/football-gala-des-professionnels-de-la-microfinance-millenium-microfinance-rate-de-peu-le-trophee-face-a-la-ceca-2\/#primaryimage","url":"https:\/\/228news.tg\/wp-content\/uploads\/2024\/09\/IMG-20210709-WA0007.jpg","contentUrl":"https:\/\/228news.tg\/wp-content\/uploads\/2024\/09\/IMG-20210709-WA0007.jpg","width":1560,"height":1040},{"@type":"BreadcrumbList","@id":"https:\/\/228news.tg\/index.php\/2019\/05\/02\/football-gala-des-professionnels-de-la-microfinance-millenium-microfinance-rate-de-peu-le-trophee-face-a-la-ceca-2\/#breadcrumb","itemListElement":[{"@type":"ListItem","position":1,"name":"Home","item":"https:\/\/228news.tg\/"},{"@type":"ListItem","position":2,"name":"Football\/Gala des professionnels de la microfinance: Mill\u00e9nium Microfinance rate de peu le troph\u00e9e face \u00e0 la CECA"}]},{"@type":"WebSite","@id":"https:\/\/228news.tg\/#website","url":"https:\/\/228news.tg\/","name":"228 News","description":"Soci\u00e9t\u00e9 de m\u00e9dias et d\u2019actualit\u00e9s","publisher":{"@id":"https:\/\/228news.tg\/#organization"},"potentialAction":[{"@type":"SearchAction","target":{"@type":"EntryPoint","urlTemplate":"https:\/\/228news.tg\/?s={search_term_string}"},"query-input":{"@type":"PropertyValueSpecification","valueRequired":true,"valueName":"search_term_string"}}],"inLanguage":"fr-FR"},{"@type":"Organization","@id":"https:\/\/228news.tg\/#organization","name":"228 News","url":"https:\/\/228news.tg\/","logo":{"@type":"ImageObject","inLanguage":"fr-FR","@id":"https:\/\/228news.tg\/#\/schema\/logo\/image\/","url":"https:\/\/228news.tg\/wp-content\/uploads\/2024\/09\/logonew.png","contentUrl":"https:\/\/228news.tg\/wp-content\/uploads\/2024\/09\/logonew.png","width":1640,"height":364,"caption":"228 News"},"image":{"@id":"https:\/\/228news.tg\/#\/schema\/logo\/image\/"}},{"@type":"Person","@id":"https:\/\/228news.tg\/#\/schema\/person\/68d5a6cc0230290e61235c8379523f52","name":"Bienvenu SAVI","image":{"@type":"ImageObject","inLanguage":"fr-FR","@id":"https:\/\/228news.tg\/#\/schema\/person\/image\/","url":"https:\/\/secure.gravatar.com\/avatar\/9db91895c559e510509c33a3e9683998458e9b828fac36d5d1aa23f0f2fd369b?s=96&d=mm&r=g","contentUrl":"https:\/\/secure.gravatar.com\/avatar\/9db91895c559e510509c33a3e9683998458e9b828fac36d5d1aa23f0f2fd369b?s=96&d=mm&r=g","caption":"Bienvenu SAVI"},"url":"https:\/\/228news.tg\/index.php\/author\/bienvenu\/"}]}},"jetpack_featured_media_url":"https:\/\/228news.tg\/wp-content\/uploads\/2024\/09\/IMG-20210709-WA0007.jpg","_links":{"self":[{"href":"https:\/\/228news.tg\/index.php\/wp-json\/wp\/v2\/posts\/14726","targetHints":{"allow":["GET"]}}],"collection":[{"href":"https:\/\/228news.tg\/index.php\/wp-json\/wp\/v2\/posts"}],"about":[{"href":"https:\/\/228news.tg\/index.php\/wp-json\/wp\/v2\/types\/post"}],"author":[{"embeddable":true,"href":"https:\/\/228news.tg\/index.php\/wp-json\/wp\/v2\/users\/2"}],"replies":[{"embeddable":true,"href":"https:\/\/228news.tg\/index.php\/wp-json\/wp\/v2\/comments?post=14726"}],"version-history":[{"count":0,"href":"https:\/\/228news.tg\/index.php\/wp-json\/wp\/v2\/posts\/14726\/revisions"}],"wp:featuredmedia":[{"embeddable":true,"href":"https:\/\/228news.tg\/index.php\/wp-json\/wp\/v2\/media\/4203"}],"wp:attachment":[{"href":"https:\/\/228news.tg\/index.php\/wp-json\/wp\/v2\/media?parent=14726"}],"wp:term":[{"taxonomy":"category","embeddable":true,"href":"https:\/\/228news.tg\/index.php\/wp-json\/wp\/v2\/categories?post=14726"},{"taxonomy":"post_tag","embeddable":true,"href":"https:\/\/228news.tg\/index.php\/wp-json\/wp\/v2\/tags?post=14726"}],"curies":[{"name":"wp","href":"https:\/\/api.w.org\/{rel}","templated":true}]}}