{"id":14717,"date":"2019-04-12T16:18:35","date_gmt":"2019-04-12T16:18:35","guid":{"rendered":"http:\/\/localhost\/site\/228news\/?p=4084"},"modified":"2019-04-12T16:18:35","modified_gmt":"2019-04-12T16:18:35","slug":"19eme-ag-ordinaire-de-linades-formation-une-nouvelle-approche-de-travail-pour-mieux-servir-la-cause-2","status":"publish","type":"post","link":"https:\/\/228news.tg\/index.php\/2019\/04\/12\/19eme-ag-ordinaire-de-linades-formation-une-nouvelle-approche-de-travail-pour-mieux-servir-la-cause-2\/","title":{"rendered":"19\u00e8me AG ordinaire de l&rsquo;INADES-FORMATION: Une nouvelle approche de travail pour mieux servir la cause"},"content":{"rendered":"<p><span id=\"p3\"><span id=\"58\">(228NEWS\/ Lom\u00e9, le 12 avril 2019)- Les travaux pr\u00e9paratoires de la <\/span>19\u00e8me assembl\u00e9e g\u00e9n\u00e9rale ordinaire de l&rsquo;INADES-FORMATION ont \u00e9t\u00e9 ouverts ce jeudi 12 avril 2019, au si\u00e8ge de l&rsquo;ONG \u00e0 Lom\u00e9.<\/span><\/p>\n<p><span id=\"p3\">Bas\u00e9e sur le th\u00e8me <\/span><span id=\"p4\">\u00ab Une nouvelle approche strat\u00e9gique de travail\u00a0<span id=\"p2\">(<span id=\"47\" class=\"s-rg-t\">SAADEV<\/span>)<\/span>\u00a0dans la perspective de servir le bien commun \u00bb, cette rencontre a rassembl\u00e9 les divers membres de l&rsquo;association, le personnel et les partenaires, venus s&rsquo;approprier de cette nouvelle approche dans le fonctionnement et dans les actions de l&rsquo;INADES, entr\u00e9e en vigueur en 2016.\u00a0<\/span><\/p>\n<p>Pour le Pr\u00e9sident du Conseil d&rsquo;Administration de l&rsquo;INADES-FORMATION, <span id=\"p17\">\u00a0<span id=\"40\">Boukari\u00a0<\/span><span id=\"41\">Ayessaki,\u00a0<\/span><\/span>il s&rsquo;agit essentiellement au cours de cette assembl\u00e9e g\u00e9n\u00e9rale, de se mettre au m\u00eame niveau d&rsquo;information par rapport \u00e0 cette nouvelle approche afin que les actions \u00e0 mener sur le terrain soient efficientes.<\/p>\n<p><span id=\"p5\">D\u00e9finie comme Stimulation et Accompagnement des Alternatives de D\u00e9veloppement, cette nouvelle approche d\u2019intervention <\/span><span id=\"p7\">repositionne l\u2019objectif du r\u00e9seau INADES-FORMATION et le transforme en un courant de pens\u00e9e et un mouvement\u00a0<span id=\"66\" class=\"s-bl-t\">social.<img fetchpriority=\"high\" decoding=\"async\" class=\"alignnone size-medium wp-image-4086 alignleft\" src=\"http:\/\/localhost\/site\/228news\/wp-content\/uploads\/2019\/04\/photo_2019-04-12_18-17-25-300x225.jpg\" alt=\"\" width=\"300\" height=\"225\" \/><\/span><\/span><\/p>\n<p><span id=\"p14\">\u00ab\u00a0<span id=\"37\">Ce\u00a0 sont<\/span>\u00a0des r\u00e9flexions communes qui aboutissent \u00e0 des solutions alternatives.<\/span><span id=\"p15\">\u00a0Des solutions ad\u00e9quates qui vont permettre le d\u00e9veloppement solidaire.<\/span><span id=\"p76\">\u00a0Nous avons trouv\u00e9 la n\u00e9cessit\u00e9 de r\u00e9fl\u00e9chir avec la population \u00e0 la base qui est au niveau agricole et rurale, mais dont leur existence est li\u00e9e avec les autres communaut\u00e9s.<\/span><span id=\"p17\">\u00a0\u00bb\u00a0<span id=\"39\">a-t-il confi\u00e9 \u00e0 nos micros.\u00a0<\/span><\/span><\/p>\n<p><span id=\"p17\"><\/span><span id=\"p18\">S\u00e9na\u00a0<span id=\"43\">Ad\u00e9ssou<\/span>, Directeur national de l&rsquo;INADES-FORMATION, a pour sa part relev\u00e9 la n\u00e9cessit\u00e9 de r\u00e9adapter la m\u00e9thodologie de travail afin d&rsquo;impliquer tous les acteurs de la soci\u00e9t\u00e9 pour une meilleure proposition de solutions idoines face aux nombreux probl\u00e8mes qui sont engendr\u00e9s.<\/span><\/p>\n<p>La\u00a0<span id=\"50\">SAADEV<\/span>\u00a0et ses principes et fondamentaux, puis les grandes conclusions de l\u2019\u00e9valuation du programme\u00a0<span id=\"51\">Misereor<\/span>\u00a0 en lien direct avec la\u00a0<span id=\"52\">SAADEV ont \u00e9t\u00e9 les principales communications qui ont meubl\u00e9 cette A G.\u00a0<\/span><\/p>\n<p>&nbsp;<\/p>\n<p><span id=\"p27\">\u00a0ONG d\u2019appui et d&rsquo;accompagnement pr\u00e9sent dans 10 pays, INADES- FORMATION pilote\u00a0<\/span><span id=\"p28\">\u00a0trois programmes majeurs \u00e0 savoir, le Programme d\u2019Appui au D\u00e9veloppement de l\u2019Agriculture Familiale, le programme d\u2019Appui \u00e0 la Gestion durable des Ressources Naturelles et le programme d\u2019Appui \u00e0 la Gouvernance locale et \u00e0 la Valorisation des Initiatives Endog\u00e8nes, \u00e0 ce jour.<\/span><\/p>\n<p>L&rsquo;apoth\u00e9ose des ces activit\u00e9s est pr\u00e9vue pour ce samedi 13 avril, jour de la 19\u00e8me assembl\u00e9e g\u00e9n\u00e9rale ordinaire de l&rsquo;ONG.<\/p>\n<p><em><strong>D\u00e9mocrate<\/strong><\/em><\/p>\n<p><em><strong>(00228) 91 85 40 14<\/strong><\/em><\/p>\n<p><em><strong>democrate2010@gmail.com<\/strong><\/em><\/p>\n","protected":false},"excerpt":{"rendered":"<p>(228NEWS\/ Lom\u00e9, le 12 avril 2019)- Les travaux pr\u00e9paratoires de la 19\u00e8me assembl\u00e9e g\u00e9n\u00e9rale ordinaire de l&rsquo;INADES-FORMATION ont \u00e9t\u00e9 ouverts ce jeudi 12 avril 2019, au si\u00e8ge de l&rsquo;ONG \u00e0 Lom\u00e9. Bas\u00e9e sur le th\u00e8me \u00ab Une nouvelle approche strat\u00e9gique de travail\u00a0(SAADEV)\u00a0dans la perspective de servir le bien commun \u00bb, cette rencontre a rassembl\u00e9 les &#8230; <a title=\"19\u00e8me AG ordinaire de l&rsquo;INADES-FORMATION: Une nouvelle approche de travail pour mieux servir la cause\" class=\"read-more\" href=\"https:\/\/228news.tg\/index.php\/2019\/04\/12\/19eme-ag-ordinaire-de-linades-formation-une-nouvelle-approche-de-travail-pour-mieux-servir-la-cause-2\/\" aria-label=\"En savoir plus sur 19\u00e8me AG ordinaire de l&rsquo;INADES-FORMATION: Une nouvelle approche de travail pour mieux servir la cause\">Lire la suite<\/a><\/p>\n","protected":false},"author":2,"featured_media":4085,"comment_status":"open","ping_status":"open","sticky":false,"template":"","format":"chat","meta":{"footnotes":""},"categories":[35,29,25,34],"tags":[],"class_list":["post-14717","post","type-post","status-publish","format-chat","has-post-thumbnail","hentry","category-flash","category-societe","category-togo","category-une","post_format-post-format-chat"],"yoast_head":"<!-- This site is optimized with the Yoast SEO plugin v26.4 - https:\/\/yoast.com\/wordpress\/plugins\/seo\/ -->\n<title>19\u00e8me AG ordinaire de l&#039;INADES-FORMATION: Une nouvelle approche de travail pour mieux servir la cause - 228 News<\/title>\n<meta name=\"robots\" content=\"index, follow, max-snippet:-1, max-image-preview:large, max-video-preview:-1\" \/>\n<link rel=\"canonical\" href=\"https:\/\/228news.tg\/index.php\/2019\/04\/12\/19eme-ag-ordinaire-de-linades-formation-une-nouvelle-approche-de-travail-pour-mieux-servir-la-cause-2\/\" \/>\n<meta property=\"og:locale\" content=\"fr_FR\" \/>\n<meta property=\"og:type\" content=\"article\" \/>\n<meta property=\"og:title\" content=\"19\u00e8me AG ordinaire de l&#039;INADES-FORMATION: Une nouvelle approche de travail pour mieux servir la cause - 228 News\" \/>\n<meta property=\"og:description\" content=\"(228NEWS\/ Lom\u00e9, le 12 avril 2019)- Les travaux pr\u00e9paratoires de la 19\u00e8me assembl\u00e9e g\u00e9n\u00e9rale ordinaire de l&rsquo;INADES-FORMATION ont \u00e9t\u00e9 ouverts ce jeudi 12 avril 2019, au si\u00e8ge de l&rsquo;ONG \u00e0 Lom\u00e9. Bas\u00e9e sur le th\u00e8me \u00ab Une nouvelle approche strat\u00e9gique de travail\u00a0(SAADEV)\u00a0dans la perspective de servir le bien commun \u00bb, cette rencontre a rassembl\u00e9 les ... Lire la suite\" \/>\n<meta property=\"og:url\" content=\"https:\/\/228news.tg\/index.php\/2019\/04\/12\/19eme-ag-ordinaire-de-linades-formation-une-nouvelle-approche-de-travail-pour-mieux-servir-la-cause-2\/\" \/>\n<meta property=\"og:site_name\" content=\"228 News\" \/>\n<meta property=\"article:published_time\" content=\"2019-04-12T16:18:35+00:00\" \/>\n<meta property=\"og:image\" content=\"http:\/\/localhost\/site\/228news\/wp-content\/uploads\/2019\/04\/photo_2019-04-12_18-17-25-300x225.jpg\" \/>\n<meta name=\"author\" content=\"Bienvenu SAVI\" \/>\n<meta name=\"twitter:card\" content=\"summary_large_image\" \/>\n<meta name=\"twitter:label1\" content=\"\u00c9crit par\" \/>\n\t<meta name=\"twitter:data1\" content=\"Bienvenu SAVI\" \/>\n\t<meta name=\"twitter:label2\" content=\"Dur\u00e9e de lecture estim\u00e9e\" \/>\n\t<meta name=\"twitter:data2\" content=\"2 minutes\" \/>\n<script type=\"application\/ld+json\" class=\"yoast-schema-graph\">{\"@context\":\"https:\/\/schema.org\",\"@graph\":[{\"@type\":\"Article\",\"@id\":\"https:\/\/228news.tg\/index.php\/2019\/04\/12\/19eme-ag-ordinaire-de-linades-formation-une-nouvelle-approche-de-travail-pour-mieux-servir-la-cause-2\/#article\",\"isPartOf\":{\"@id\":\"https:\/\/228news.tg\/index.php\/2019\/04\/12\/19eme-ag-ordinaire-de-linades-formation-une-nouvelle-approche-de-travail-pour-mieux-servir-la-cause-2\/\"},\"author\":{\"name\":\"Bienvenu SAVI\",\"@id\":\"https:\/\/228news.tg\/#\/schema\/person\/68d5a6cc0230290e61235c8379523f52\"},\"headline\":\"19\u00e8me AG ordinaire de l&rsquo;INADES-FORMATION: Une nouvelle approche de travail pour mieux servir la cause\",\"datePublished\":\"2019-04-12T16:18:35+00:00\",\"mainEntityOfPage\":{\"@id\":\"https:\/\/228news.tg\/index.php\/2019\/04\/12\/19eme-ag-ordinaire-de-linades-formation-une-nouvelle-approche-de-travail-pour-mieux-servir-la-cause-2\/\"},\"wordCount\":428,\"commentCount\":0,\"publisher\":{\"@id\":\"https:\/\/228news.tg\/#organization\"},\"image\":{\"@id\":\"https:\/\/228news.tg\/index.php\/2019\/04\/12\/19eme-ag-ordinaire-de-linades-formation-une-nouvelle-approche-de-travail-pour-mieux-servir-la-cause-2\/#primaryimage\"},\"thumbnailUrl\":\"\",\"articleSection\":[\"Flash\",\"SOCIETE\",\"TOGO\",\"Une\"],\"inLanguage\":\"fr-FR\",\"potentialAction\":[{\"@type\":\"CommentAction\",\"name\":\"Comment\",\"target\":[\"https:\/\/228news.tg\/index.php\/2019\/04\/12\/19eme-ag-ordinaire-de-linades-formation-une-nouvelle-approche-de-travail-pour-mieux-servir-la-cause-2\/#respond\"]}]},{\"@type\":\"WebPage\",\"@id\":\"https:\/\/228news.tg\/index.php\/2019\/04\/12\/19eme-ag-ordinaire-de-linades-formation-une-nouvelle-approche-de-travail-pour-mieux-servir-la-cause-2\/\",\"url\":\"https:\/\/228news.tg\/index.php\/2019\/04\/12\/19eme-ag-ordinaire-de-linades-formation-une-nouvelle-approche-de-travail-pour-mieux-servir-la-cause-2\/\",\"name\":\"19\u00e8me AG ordinaire de l'INADES-FORMATION: Une nouvelle approche de travail pour mieux servir la cause - 228 News\",\"isPartOf\":{\"@id\":\"https:\/\/228news.tg\/#website\"},\"primaryImageOfPage\":{\"@id\":\"https:\/\/228news.tg\/index.php\/2019\/04\/12\/19eme-ag-ordinaire-de-linades-formation-une-nouvelle-approche-de-travail-pour-mieux-servir-la-cause-2\/#primaryimage\"},\"image\":{\"@id\":\"https:\/\/228news.tg\/index.php\/2019\/04\/12\/19eme-ag-ordinaire-de-linades-formation-une-nouvelle-approche-de-travail-pour-mieux-servir-la-cause-2\/#primaryimage\"},\"thumbnailUrl\":\"\",\"datePublished\":\"2019-04-12T16:18:35+00:00\",\"breadcrumb\":{\"@id\":\"https:\/\/228news.tg\/index.php\/2019\/04\/12\/19eme-ag-ordinaire-de-linades-formation-une-nouvelle-approche-de-travail-pour-mieux-servir-la-cause-2\/#breadcrumb\"},\"inLanguage\":\"fr-FR\",\"potentialAction\":[{\"@type\":\"ReadAction\",\"target\":[\"https:\/\/228news.tg\/index.php\/2019\/04\/12\/19eme-ag-ordinaire-de-linades-formation-une-nouvelle-approche-de-travail-pour-mieux-servir-la-cause-2\/\"]}]},{\"@type\":\"ImageObject\",\"inLanguage\":\"fr-FR\",\"@id\":\"https:\/\/228news.tg\/index.php\/2019\/04\/12\/19eme-ag-ordinaire-de-linades-formation-une-nouvelle-approche-de-travail-pour-mieux-servir-la-cause-2\/#primaryimage\",\"url\":\"\",\"contentUrl\":\"\"},{\"@type\":\"BreadcrumbList\",\"@id\":\"https:\/\/228news.tg\/index.php\/2019\/04\/12\/19eme-ag-ordinaire-de-linades-formation-une-nouvelle-approche-de-travail-pour-mieux-servir-la-cause-2\/#breadcrumb\",\"itemListElement\":[{\"@type\":\"ListItem\",\"position\":1,\"name\":\"Home\",\"item\":\"https:\/\/228news.tg\/\"},{\"@type\":\"ListItem\",\"position\":2,\"name\":\"19\u00e8me AG ordinaire de l&rsquo;INADES-FORMATION: Une nouvelle approche de travail pour mieux servir la cause\"}]},{\"@type\":\"WebSite\",\"@id\":\"https:\/\/228news.tg\/#website\",\"url\":\"https:\/\/228news.tg\/\",\"name\":\"228 News\",\"description\":\"Soci\u00e9t\u00e9 de m\u00e9dias et d\u2019actualit\u00e9s\",\"publisher\":{\"@id\":\"https:\/\/228news.tg\/#organization\"},\"potentialAction\":[{\"@type\":\"SearchAction\",\"target\":{\"@type\":\"EntryPoint\",\"urlTemplate\":\"https:\/\/228news.tg\/?s={search_term_string}\"},\"query-input\":{\"@type\":\"PropertyValueSpecification\",\"valueRequired\":true,\"valueName\":\"search_term_string\"}}],\"inLanguage\":\"fr-FR\"},{\"@type\":\"Organization\",\"@id\":\"https:\/\/228news.tg\/#organization\",\"name\":\"228 News\",\"url\":\"https:\/\/228news.tg\/\",\"logo\":{\"@type\":\"ImageObject\",\"inLanguage\":\"fr-FR\",\"@id\":\"https:\/\/228news.tg\/#\/schema\/logo\/image\/\",\"url\":\"https:\/\/228news.tg\/wp-content\/uploads\/2024\/09\/logonew.png\",\"contentUrl\":\"https:\/\/228news.tg\/wp-content\/uploads\/2024\/09\/logonew.png\",\"width\":1640,\"height\":364,\"caption\":\"228 News\"},\"image\":{\"@id\":\"https:\/\/228news.tg\/#\/schema\/logo\/image\/\"}},{\"@type\":\"Person\",\"@id\":\"https:\/\/228news.tg\/#\/schema\/person\/68d5a6cc0230290e61235c8379523f52\",\"name\":\"Bienvenu SAVI\",\"image\":{\"@type\":\"ImageObject\",\"inLanguage\":\"fr-FR\",\"@id\":\"https:\/\/228news.tg\/#\/schema\/person\/image\/\",\"url\":\"https:\/\/secure.gravatar.com\/avatar\/9db91895c559e510509c33a3e9683998458e9b828fac36d5d1aa23f0f2fd369b?s=96&d=mm&r=g\",\"contentUrl\":\"https:\/\/secure.gravatar.com\/avatar\/9db91895c559e510509c33a3e9683998458e9b828fac36d5d1aa23f0f2fd369b?s=96&d=mm&r=g\",\"caption\":\"Bienvenu SAVI\"},\"url\":\"https:\/\/228news.tg\/index.php\/author\/bienvenu\/\"}]}<\/script>\n<!-- \/ Yoast SEO plugin. -->","yoast_head_json":{"title":"19\u00e8me AG ordinaire de l'INADES-FORMATION: Une nouvelle approche de travail pour mieux servir la cause - 228 News","robots":{"index":"index","follow":"follow","max-snippet":"max-snippet:-1","max-image-preview":"max-image-preview:large","max-video-preview":"max-video-preview:-1"},"canonical":"https:\/\/228news.tg\/index.php\/2019\/04\/12\/19eme-ag-ordinaire-de-linades-formation-une-nouvelle-approche-de-travail-pour-mieux-servir-la-cause-2\/","og_locale":"fr_FR","og_type":"article","og_title":"19\u00e8me AG ordinaire de l'INADES-FORMATION: Une nouvelle approche de travail pour mieux servir la cause - 228 News","og_description":"(228NEWS\/ Lom\u00e9, le 12 avril 2019)- Les travaux pr\u00e9paratoires de la 19\u00e8me assembl\u00e9e g\u00e9n\u00e9rale ordinaire de l&rsquo;INADES-FORMATION ont \u00e9t\u00e9 ouverts ce jeudi 12 avril 2019, au si\u00e8ge de l&rsquo;ONG \u00e0 Lom\u00e9. Bas\u00e9e sur le th\u00e8me \u00ab Une nouvelle approche strat\u00e9gique de travail\u00a0(SAADEV)\u00a0dans la perspective de servir le bien commun \u00bb, cette rencontre a rassembl\u00e9 les ... Lire la suite","og_url":"https:\/\/228news.tg\/index.php\/2019\/04\/12\/19eme-ag-ordinaire-de-linades-formation-une-nouvelle-approche-de-travail-pour-mieux-servir-la-cause-2\/","og_site_name":"228 News","article_published_time":"2019-04-12T16:18:35+00:00","og_image":[{"url":"http:\/\/localhost\/site\/228news\/wp-content\/uploads\/2019\/04\/photo_2019-04-12_18-17-25-300x225.jpg","type":"","width":"","height":""}],"author":"Bienvenu SAVI","twitter_card":"summary_large_image","twitter_misc":{"\u00c9crit par":"Bienvenu SAVI","Dur\u00e9e de lecture estim\u00e9e":"2 minutes"},"schema":{"@context":"https:\/\/schema.org","@graph":[{"@type":"Article","@id":"https:\/\/228news.tg\/index.php\/2019\/04\/12\/19eme-ag-ordinaire-de-linades-formation-une-nouvelle-approche-de-travail-pour-mieux-servir-la-cause-2\/#article","isPartOf":{"@id":"https:\/\/228news.tg\/index.php\/2019\/04\/12\/19eme-ag-ordinaire-de-linades-formation-une-nouvelle-approche-de-travail-pour-mieux-servir-la-cause-2\/"},"author":{"name":"Bienvenu SAVI","@id":"https:\/\/228news.tg\/#\/schema\/person\/68d5a6cc0230290e61235c8379523f52"},"headline":"19\u00e8me AG ordinaire de l&rsquo;INADES-FORMATION: Une nouvelle approche de travail pour mieux servir la cause","datePublished":"2019-04-12T16:18:35+00:00","mainEntityOfPage":{"@id":"https:\/\/228news.tg\/index.php\/2019\/04\/12\/19eme-ag-ordinaire-de-linades-formation-une-nouvelle-approche-de-travail-pour-mieux-servir-la-cause-2\/"},"wordCount":428,"commentCount":0,"publisher":{"@id":"https:\/\/228news.tg\/#organization"},"image":{"@id":"https:\/\/228news.tg\/index.php\/2019\/04\/12\/19eme-ag-ordinaire-de-linades-formation-une-nouvelle-approche-de-travail-pour-mieux-servir-la-cause-2\/#primaryimage"},"thumbnailUrl":"","articleSection":["Flash","SOCIETE","TOGO","Une"],"inLanguage":"fr-FR","potentialAction":[{"@type":"CommentAction","name":"Comment","target":["https:\/\/228news.tg\/index.php\/2019\/04\/12\/19eme-ag-ordinaire-de-linades-formation-une-nouvelle-approche-de-travail-pour-mieux-servir-la-cause-2\/#respond"]}]},{"@type":"WebPage","@id":"https:\/\/228news.tg\/index.php\/2019\/04\/12\/19eme-ag-ordinaire-de-linades-formation-une-nouvelle-approche-de-travail-pour-mieux-servir-la-cause-2\/","url":"https:\/\/228news.tg\/index.php\/2019\/04\/12\/19eme-ag-ordinaire-de-linades-formation-une-nouvelle-approche-de-travail-pour-mieux-servir-la-cause-2\/","name":"19\u00e8me AG ordinaire de l'INADES-FORMATION: Une nouvelle approche de travail pour mieux servir la cause - 228 News","isPartOf":{"@id":"https:\/\/228news.tg\/#website"},"primaryImageOfPage":{"@id":"https:\/\/228news.tg\/index.php\/2019\/04\/12\/19eme-ag-ordinaire-de-linades-formation-une-nouvelle-approche-de-travail-pour-mieux-servir-la-cause-2\/#primaryimage"},"image":{"@id":"https:\/\/228news.tg\/index.php\/2019\/04\/12\/19eme-ag-ordinaire-de-linades-formation-une-nouvelle-approche-de-travail-pour-mieux-servir-la-cause-2\/#primaryimage"},"thumbnailUrl":"","datePublished":"2019-04-12T16:18:35+00:00","breadcrumb":{"@id":"https:\/\/228news.tg\/index.php\/2019\/04\/12\/19eme-ag-ordinaire-de-linades-formation-une-nouvelle-approche-de-travail-pour-mieux-servir-la-cause-2\/#breadcrumb"},"inLanguage":"fr-FR","potentialAction":[{"@type":"ReadAction","target":["https:\/\/228news.tg\/index.php\/2019\/04\/12\/19eme-ag-ordinaire-de-linades-formation-une-nouvelle-approche-de-travail-pour-mieux-servir-la-cause-2\/"]}]},{"@type":"ImageObject","inLanguage":"fr-FR","@id":"https:\/\/228news.tg\/index.php\/2019\/04\/12\/19eme-ag-ordinaire-de-linades-formation-une-nouvelle-approche-de-travail-pour-mieux-servir-la-cause-2\/#primaryimage","url":"","contentUrl":""},{"@type":"BreadcrumbList","@id":"https:\/\/228news.tg\/index.php\/2019\/04\/12\/19eme-ag-ordinaire-de-linades-formation-une-nouvelle-approche-de-travail-pour-mieux-servir-la-cause-2\/#breadcrumb","itemListElement":[{"@type":"ListItem","position":1,"name":"Home","item":"https:\/\/228news.tg\/"},{"@type":"ListItem","position":2,"name":"19\u00e8me AG ordinaire de l&rsquo;INADES-FORMATION: Une nouvelle approche de travail pour mieux servir la cause"}]},{"@type":"WebSite","@id":"https:\/\/228news.tg\/#website","url":"https:\/\/228news.tg\/","name":"228 News","description":"Soci\u00e9t\u00e9 de m\u00e9dias et d\u2019actualit\u00e9s","publisher":{"@id":"https:\/\/228news.tg\/#organization"},"potentialAction":[{"@type":"SearchAction","target":{"@type":"EntryPoint","urlTemplate":"https:\/\/228news.tg\/?s={search_term_string}"},"query-input":{"@type":"PropertyValueSpecification","valueRequired":true,"valueName":"search_term_string"}}],"inLanguage":"fr-FR"},{"@type":"Organization","@id":"https:\/\/228news.tg\/#organization","name":"228 News","url":"https:\/\/228news.tg\/","logo":{"@type":"ImageObject","inLanguage":"fr-FR","@id":"https:\/\/228news.tg\/#\/schema\/logo\/image\/","url":"https:\/\/228news.tg\/wp-content\/uploads\/2024\/09\/logonew.png","contentUrl":"https:\/\/228news.tg\/wp-content\/uploads\/2024\/09\/logonew.png","width":1640,"height":364,"caption":"228 News"},"image":{"@id":"https:\/\/228news.tg\/#\/schema\/logo\/image\/"}},{"@type":"Person","@id":"https:\/\/228news.tg\/#\/schema\/person\/68d5a6cc0230290e61235c8379523f52","name":"Bienvenu SAVI","image":{"@type":"ImageObject","inLanguage":"fr-FR","@id":"https:\/\/228news.tg\/#\/schema\/person\/image\/","url":"https:\/\/secure.gravatar.com\/avatar\/9db91895c559e510509c33a3e9683998458e9b828fac36d5d1aa23f0f2fd369b?s=96&d=mm&r=g","contentUrl":"https:\/\/secure.gravatar.com\/avatar\/9db91895c559e510509c33a3e9683998458e9b828fac36d5d1aa23f0f2fd369b?s=96&d=mm&r=g","caption":"Bienvenu SAVI"},"url":"https:\/\/228news.tg\/index.php\/author\/bienvenu\/"}]}},"jetpack_featured_media_url":"","_links":{"self":[{"href":"https:\/\/228news.tg\/index.php\/wp-json\/wp\/v2\/posts\/14717","targetHints":{"allow":["GET"]}}],"collection":[{"href":"https:\/\/228news.tg\/index.php\/wp-json\/wp\/v2\/posts"}],"about":[{"href":"https:\/\/228news.tg\/index.php\/wp-json\/wp\/v2\/types\/post"}],"author":[{"embeddable":true,"href":"https:\/\/228news.tg\/index.php\/wp-json\/wp\/v2\/users\/2"}],"replies":[{"embeddable":true,"href":"https:\/\/228news.tg\/index.php\/wp-json\/wp\/v2\/comments?post=14717"}],"version-history":[{"count":0,"href":"https:\/\/228news.tg\/index.php\/wp-json\/wp\/v2\/posts\/14717\/revisions"}],"wp:featuredmedia":[{"embeddable":true,"href":"https:\/\/228news.tg\/index.php\/wp-json\/wp\/v2\/posts\/4085"}],"wp:attachment":[{"href":"https:\/\/228news.tg\/index.php\/wp-json\/wp\/v2\/media?parent=14717"}],"wp:term":[{"taxonomy":"category","embeddable":true,"href":"https:\/\/228news.tg\/index.php\/wp-json\/wp\/v2\/categories?post=14717"},{"taxonomy":"post_tag","embeddable":true,"href":"https:\/\/228news.tg\/index.php\/wp-json\/wp\/v2\/tags?post=14717"}],"curies":[{"name":"wp","href":"https:\/\/api.w.org\/{rel}","templated":true}]}}