{"id":14707,"date":"2019-03-26T08:51:47","date_gmt":"2019-03-26T08:51:47","guid":{"rendered":"http:\/\/localhost\/site\/228news\/?p=4011"},"modified":"2019-03-26T08:51:47","modified_gmt":"2019-03-26T08:51:47","slug":"occupation-anarchique-du-domaine-public-avedji-face-a-la-force-de-la-loi-2","status":"publish","type":"post","link":"https:\/\/228news.tg\/index.php\/2019\/03\/26\/occupation-anarchique-du-domaine-public-avedji-face-a-la-force-de-la-loi-2\/","title":{"rendered":"Occupation anarchique du domaine public: Av\u00e9dji face \u00e0 la force de la loi!"},"content":{"rendered":"<div class=\"clearfix\">\n<p class=\"detail-post-title pull-left\">(228NEWS\/ Lom\u00e9, le 26 mars 2019)- L&rsquo;op\u00e9ration d&rsquo;assainissement du Grand Lom\u00e9 se poursuit par la d\u00e9l\u00e9gation sp\u00e9ciale de la pr\u00e9fecture du Golfe qui a pris d&rsquo;assaut le quartier d&rsquo;Av\u00e9dji (nord-ouest de Lom\u00e9), ce vendredi 22 mars 2019.<\/p>\n<\/div>\n<div>D\u00e9molitions de maisons et installations construites en pleine rue et sur les domaines publics dans les environs Avedji-Am\u00e9tossim\u00e9 jusqu&rsquo;au centre artisanal ont caract\u00e9ris\u00e9 cette \u00e9ni\u00e8me journ\u00e9e.<\/div>\n<div><\/div>\n<div>\u00ab\u00a0Depuis 2017, nous avons invit\u00e9 les occupants \u00e0 lib\u00e9rer les lieux en leur accordant un d\u00e9lai de trois mois apr\u00e8s des s\u00e9ances de sensibilisation \u00e0 leur \u00e9gard. L&rsquo;op\u00e9ration n&rsquo;est qu&rsquo;au d\u00e9but et se poursuivra jusqu&rsquo;\u00e0 satisfaction. Cette op\u00e9ration n&rsquo;est que l&rsquo;application de la loi en vigueur en la mati\u00e8re.\u00a0\u00bb, a d\u00e9clar\u00e9 \u00a0M. Djagni Yaovi Edina, chef division cellule technique de la d\u00e9l\u00e9gation sp\u00e9ciale.<\/div>\n<div><\/div>\n<div>L&#8217;emprise du domaine public, l&rsquo;occupation ill\u00e9gale et la construction anarchique des immeubles, faut-il le noter constituent des actes inciviques auxquels l&rsquo;honorable Aboka Kossi, Pr\u00e9sident de la d\u00e9l\u00e9gation sp\u00e9ciale de la pr\u00e9fecture du Golfe et d&rsquo;Ago\u00e8-Nyiv\u00e9 convie depuis plusieurs ann\u00e9es d\u00e9j\u00e0 les populations \u00e0 proscrire.<\/div>\n<div><\/div>\n<div><em><strong>D\u00e9mocrate<\/strong><\/em><\/div>\n<div><em><strong>(00228) 91 85 40 14<\/strong><\/em><\/div>\n<div><em><strong>democrate2010@gmail.com<\/strong><\/em><\/div>\n","protected":false},"excerpt":{"rendered":"<p>(228NEWS\/ Lom\u00e9, le 26 mars 2019)- L&rsquo;op\u00e9ration d&rsquo;assainissement du Grand Lom\u00e9 se poursuit par la d\u00e9l\u00e9gation sp\u00e9ciale de la pr\u00e9fecture du Golfe qui a pris d&rsquo;assaut le quartier d&rsquo;Av\u00e9dji (nord-ouest de Lom\u00e9), ce vendredi 22 mars 2019. D\u00e9molitions de maisons et installations construites en pleine rue et sur les domaines publics dans les environs Avedji-Am\u00e9tossim\u00e9 &#8230; <a title=\"Occupation anarchique du domaine public: Av\u00e9dji face \u00e0 la force de la loi!\" class=\"read-more\" href=\"https:\/\/228news.tg\/index.php\/2019\/03\/26\/occupation-anarchique-du-domaine-public-avedji-face-a-la-force-de-la-loi-2\/\" aria-label=\"En savoir plus sur Occupation anarchique du domaine public: Av\u00e9dji face \u00e0 la force de la loi!\">Lire la suite<\/a><\/p>\n","protected":false},"author":2,"featured_media":4012,"comment_status":"open","ping_status":"open","sticky":false,"template":"","format":"chat","meta":{"footnotes":""},"categories":[35,29,25,34],"tags":[],"class_list":["post-14707","post","type-post","status-publish","format-chat","has-post-thumbnail","hentry","category-flash","category-societe","category-togo","category-une","post_format-post-format-chat"],"yoast_head":"<!-- This site is optimized with the Yoast SEO plugin v26.4 - https:\/\/yoast.com\/wordpress\/plugins\/seo\/ -->\n<title>Occupation anarchique du domaine public: Av\u00e9dji face \u00e0 la force de la loi! - 228 News<\/title>\n<meta name=\"robots\" content=\"index, follow, max-snippet:-1, max-image-preview:large, max-video-preview:-1\" \/>\n<link rel=\"canonical\" href=\"https:\/\/228news.tg\/index.php\/2019\/03\/26\/occupation-anarchique-du-domaine-public-avedji-face-a-la-force-de-la-loi-2\/\" \/>\n<meta property=\"og:locale\" content=\"fr_FR\" \/>\n<meta property=\"og:type\" content=\"article\" \/>\n<meta property=\"og:title\" content=\"Occupation anarchique du domaine public: Av\u00e9dji face \u00e0 la force de la loi! - 228 News\" \/>\n<meta property=\"og:description\" content=\"(228NEWS\/ Lom\u00e9, le 26 mars 2019)- L&rsquo;op\u00e9ration d&rsquo;assainissement du Grand Lom\u00e9 se poursuit par la d\u00e9l\u00e9gation sp\u00e9ciale de la pr\u00e9fecture du Golfe qui a pris d&rsquo;assaut le quartier d&rsquo;Av\u00e9dji (nord-ouest de Lom\u00e9), ce vendredi 22 mars 2019. D\u00e9molitions de maisons et installations construites en pleine rue et sur les domaines publics dans les environs Avedji-Am\u00e9tossim\u00e9 ... Lire la suite\" \/>\n<meta property=\"og:url\" content=\"https:\/\/228news.tg\/index.php\/2019\/03\/26\/occupation-anarchique-du-domaine-public-avedji-face-a-la-force-de-la-loi-2\/\" \/>\n<meta property=\"og:site_name\" content=\"228 News\" \/>\n<meta property=\"article:published_time\" content=\"2019-03-26T08:51:47+00:00\" \/>\n<meta name=\"author\" content=\"Bienvenu SAVI\" \/>\n<meta name=\"twitter:card\" content=\"summary_large_image\" \/>\n<meta name=\"twitter:label1\" content=\"\u00c9crit par\" \/>\n\t<meta name=\"twitter:data1\" content=\"Bienvenu SAVI\" \/>\n\t<meta name=\"twitter:label2\" content=\"Dur\u00e9e de lecture estim\u00e9e\" \/>\n\t<meta name=\"twitter:data2\" content=\"1 minute\" \/>\n<script type=\"application\/ld+json\" class=\"yoast-schema-graph\">{\"@context\":\"https:\/\/schema.org\",\"@graph\":[{\"@type\":\"Article\",\"@id\":\"https:\/\/228news.tg\/index.php\/2019\/03\/26\/occupation-anarchique-du-domaine-public-avedji-face-a-la-force-de-la-loi-2\/#article\",\"isPartOf\":{\"@id\":\"https:\/\/228news.tg\/index.php\/2019\/03\/26\/occupation-anarchique-du-domaine-public-avedji-face-a-la-force-de-la-loi-2\/\"},\"author\":{\"name\":\"Bienvenu SAVI\",\"@id\":\"https:\/\/228news.tg\/#\/schema\/person\/68d5a6cc0230290e61235c8379523f52\"},\"headline\":\"Occupation anarchique du domaine public: Av\u00e9dji face \u00e0 la force de la loi!\",\"datePublished\":\"2019-03-26T08:51:47+00:00\",\"mainEntityOfPage\":{\"@id\":\"https:\/\/228news.tg\/index.php\/2019\/03\/26\/occupation-anarchique-du-domaine-public-avedji-face-a-la-force-de-la-loi-2\/\"},\"wordCount\":227,\"commentCount\":0,\"publisher\":{\"@id\":\"https:\/\/228news.tg\/#organization\"},\"image\":{\"@id\":\"https:\/\/228news.tg\/index.php\/2019\/03\/26\/occupation-anarchique-du-domaine-public-avedji-face-a-la-force-de-la-loi-2\/#primaryimage\"},\"thumbnailUrl\":\"https:\/\/228news.tg\/wp-content\/uploads\/2024\/09\/IMG-20210625-WA0002.jpg\",\"articleSection\":[\"Flash\",\"SOCIETE\",\"TOGO\",\"Une\"],\"inLanguage\":\"fr-FR\",\"potentialAction\":[{\"@type\":\"CommentAction\",\"name\":\"Comment\",\"target\":[\"https:\/\/228news.tg\/index.php\/2019\/03\/26\/occupation-anarchique-du-domaine-public-avedji-face-a-la-force-de-la-loi-2\/#respond\"]}]},{\"@type\":\"WebPage\",\"@id\":\"https:\/\/228news.tg\/index.php\/2019\/03\/26\/occupation-anarchique-du-domaine-public-avedji-face-a-la-force-de-la-loi-2\/\",\"url\":\"https:\/\/228news.tg\/index.php\/2019\/03\/26\/occupation-anarchique-du-domaine-public-avedji-face-a-la-force-de-la-loi-2\/\",\"name\":\"Occupation anarchique du domaine public: Av\u00e9dji face \u00e0 la force de la loi! - 228 News\",\"isPartOf\":{\"@id\":\"https:\/\/228news.tg\/#website\"},\"primaryImageOfPage\":{\"@id\":\"https:\/\/228news.tg\/index.php\/2019\/03\/26\/occupation-anarchique-du-domaine-public-avedji-face-a-la-force-de-la-loi-2\/#primaryimage\"},\"image\":{\"@id\":\"https:\/\/228news.tg\/index.php\/2019\/03\/26\/occupation-anarchique-du-domaine-public-avedji-face-a-la-force-de-la-loi-2\/#primaryimage\"},\"thumbnailUrl\":\"https:\/\/228news.tg\/wp-content\/uploads\/2024\/09\/IMG-20210625-WA0002.jpg\",\"datePublished\":\"2019-03-26T08:51:47+00:00\",\"breadcrumb\":{\"@id\":\"https:\/\/228news.tg\/index.php\/2019\/03\/26\/occupation-anarchique-du-domaine-public-avedji-face-a-la-force-de-la-loi-2\/#breadcrumb\"},\"inLanguage\":\"fr-FR\",\"potentialAction\":[{\"@type\":\"ReadAction\",\"target\":[\"https:\/\/228news.tg\/index.php\/2019\/03\/26\/occupation-anarchique-du-domaine-public-avedji-face-a-la-force-de-la-loi-2\/\"]}]},{\"@type\":\"ImageObject\",\"inLanguage\":\"fr-FR\",\"@id\":\"https:\/\/228news.tg\/index.php\/2019\/03\/26\/occupation-anarchique-du-domaine-public-avedji-face-a-la-force-de-la-loi-2\/#primaryimage\",\"url\":\"https:\/\/228news.tg\/wp-content\/uploads\/2024\/09\/IMG-20210625-WA0002.jpg\",\"contentUrl\":\"https:\/\/228news.tg\/wp-content\/uploads\/2024\/09\/IMG-20210625-WA0002.jpg\",\"width\":720,\"height\":720},{\"@type\":\"BreadcrumbList\",\"@id\":\"https:\/\/228news.tg\/index.php\/2019\/03\/26\/occupation-anarchique-du-domaine-public-avedji-face-a-la-force-de-la-loi-2\/#breadcrumb\",\"itemListElement\":[{\"@type\":\"ListItem\",\"position\":1,\"name\":\"Home\",\"item\":\"https:\/\/228news.tg\/\"},{\"@type\":\"ListItem\",\"position\":2,\"name\":\"Occupation anarchique du domaine public: Av\u00e9dji face \u00e0 la force de la loi!\"}]},{\"@type\":\"WebSite\",\"@id\":\"https:\/\/228news.tg\/#website\",\"url\":\"https:\/\/228news.tg\/\",\"name\":\"228 News\",\"description\":\"Soci\u00e9t\u00e9 de m\u00e9dias et d\u2019actualit\u00e9s\",\"publisher\":{\"@id\":\"https:\/\/228news.tg\/#organization\"},\"potentialAction\":[{\"@type\":\"SearchAction\",\"target\":{\"@type\":\"EntryPoint\",\"urlTemplate\":\"https:\/\/228news.tg\/?s={search_term_string}\"},\"query-input\":{\"@type\":\"PropertyValueSpecification\",\"valueRequired\":true,\"valueName\":\"search_term_string\"}}],\"inLanguage\":\"fr-FR\"},{\"@type\":\"Organization\",\"@id\":\"https:\/\/228news.tg\/#organization\",\"name\":\"228 News\",\"url\":\"https:\/\/228news.tg\/\",\"logo\":{\"@type\":\"ImageObject\",\"inLanguage\":\"fr-FR\",\"@id\":\"https:\/\/228news.tg\/#\/schema\/logo\/image\/\",\"url\":\"https:\/\/228news.tg\/wp-content\/uploads\/2024\/09\/logonew.png\",\"contentUrl\":\"https:\/\/228news.tg\/wp-content\/uploads\/2024\/09\/logonew.png\",\"width\":1640,\"height\":364,\"caption\":\"228 News\"},\"image\":{\"@id\":\"https:\/\/228news.tg\/#\/schema\/logo\/image\/\"}},{\"@type\":\"Person\",\"@id\":\"https:\/\/228news.tg\/#\/schema\/person\/68d5a6cc0230290e61235c8379523f52\",\"name\":\"Bienvenu SAVI\",\"image\":{\"@type\":\"ImageObject\",\"inLanguage\":\"fr-FR\",\"@id\":\"https:\/\/228news.tg\/#\/schema\/person\/image\/\",\"url\":\"https:\/\/secure.gravatar.com\/avatar\/9db91895c559e510509c33a3e9683998458e9b828fac36d5d1aa23f0f2fd369b?s=96&d=mm&r=g\",\"contentUrl\":\"https:\/\/secure.gravatar.com\/avatar\/9db91895c559e510509c33a3e9683998458e9b828fac36d5d1aa23f0f2fd369b?s=96&d=mm&r=g\",\"caption\":\"Bienvenu SAVI\"},\"url\":\"https:\/\/228news.tg\/index.php\/author\/bienvenu\/\"}]}<\/script>\n<!-- \/ Yoast SEO plugin. -->","yoast_head_json":{"title":"Occupation anarchique du domaine public: Av\u00e9dji face \u00e0 la force de la loi! - 228 News","robots":{"index":"index","follow":"follow","max-snippet":"max-snippet:-1","max-image-preview":"max-image-preview:large","max-video-preview":"max-video-preview:-1"},"canonical":"https:\/\/228news.tg\/index.php\/2019\/03\/26\/occupation-anarchique-du-domaine-public-avedji-face-a-la-force-de-la-loi-2\/","og_locale":"fr_FR","og_type":"article","og_title":"Occupation anarchique du domaine public: Av\u00e9dji face \u00e0 la force de la loi! - 228 News","og_description":"(228NEWS\/ Lom\u00e9, le 26 mars 2019)- L&rsquo;op\u00e9ration d&rsquo;assainissement du Grand Lom\u00e9 se poursuit par la d\u00e9l\u00e9gation sp\u00e9ciale de la pr\u00e9fecture du Golfe qui a pris d&rsquo;assaut le quartier d&rsquo;Av\u00e9dji (nord-ouest de Lom\u00e9), ce vendredi 22 mars 2019. D\u00e9molitions de maisons et installations construites en pleine rue et sur les domaines publics dans les environs Avedji-Am\u00e9tossim\u00e9 ... Lire la suite","og_url":"https:\/\/228news.tg\/index.php\/2019\/03\/26\/occupation-anarchique-du-domaine-public-avedji-face-a-la-force-de-la-loi-2\/","og_site_name":"228 News","article_published_time":"2019-03-26T08:51:47+00:00","author":"Bienvenu SAVI","twitter_card":"summary_large_image","twitter_misc":{"\u00c9crit par":"Bienvenu SAVI","Dur\u00e9e de lecture estim\u00e9e":"1 minute"},"schema":{"@context":"https:\/\/schema.org","@graph":[{"@type":"Article","@id":"https:\/\/228news.tg\/index.php\/2019\/03\/26\/occupation-anarchique-du-domaine-public-avedji-face-a-la-force-de-la-loi-2\/#article","isPartOf":{"@id":"https:\/\/228news.tg\/index.php\/2019\/03\/26\/occupation-anarchique-du-domaine-public-avedji-face-a-la-force-de-la-loi-2\/"},"author":{"name":"Bienvenu SAVI","@id":"https:\/\/228news.tg\/#\/schema\/person\/68d5a6cc0230290e61235c8379523f52"},"headline":"Occupation anarchique du domaine public: Av\u00e9dji face \u00e0 la force de la loi!","datePublished":"2019-03-26T08:51:47+00:00","mainEntityOfPage":{"@id":"https:\/\/228news.tg\/index.php\/2019\/03\/26\/occupation-anarchique-du-domaine-public-avedji-face-a-la-force-de-la-loi-2\/"},"wordCount":227,"commentCount":0,"publisher":{"@id":"https:\/\/228news.tg\/#organization"},"image":{"@id":"https:\/\/228news.tg\/index.php\/2019\/03\/26\/occupation-anarchique-du-domaine-public-avedji-face-a-la-force-de-la-loi-2\/#primaryimage"},"thumbnailUrl":"https:\/\/228news.tg\/wp-content\/uploads\/2024\/09\/IMG-20210625-WA0002.jpg","articleSection":["Flash","SOCIETE","TOGO","Une"],"inLanguage":"fr-FR","potentialAction":[{"@type":"CommentAction","name":"Comment","target":["https:\/\/228news.tg\/index.php\/2019\/03\/26\/occupation-anarchique-du-domaine-public-avedji-face-a-la-force-de-la-loi-2\/#respond"]}]},{"@type":"WebPage","@id":"https:\/\/228news.tg\/index.php\/2019\/03\/26\/occupation-anarchique-du-domaine-public-avedji-face-a-la-force-de-la-loi-2\/","url":"https:\/\/228news.tg\/index.php\/2019\/03\/26\/occupation-anarchique-du-domaine-public-avedji-face-a-la-force-de-la-loi-2\/","name":"Occupation anarchique du domaine public: Av\u00e9dji face \u00e0 la force de la loi! - 228 News","isPartOf":{"@id":"https:\/\/228news.tg\/#website"},"primaryImageOfPage":{"@id":"https:\/\/228news.tg\/index.php\/2019\/03\/26\/occupation-anarchique-du-domaine-public-avedji-face-a-la-force-de-la-loi-2\/#primaryimage"},"image":{"@id":"https:\/\/228news.tg\/index.php\/2019\/03\/26\/occupation-anarchique-du-domaine-public-avedji-face-a-la-force-de-la-loi-2\/#primaryimage"},"thumbnailUrl":"https:\/\/228news.tg\/wp-content\/uploads\/2024\/09\/IMG-20210625-WA0002.jpg","datePublished":"2019-03-26T08:51:47+00:00","breadcrumb":{"@id":"https:\/\/228news.tg\/index.php\/2019\/03\/26\/occupation-anarchique-du-domaine-public-avedji-face-a-la-force-de-la-loi-2\/#breadcrumb"},"inLanguage":"fr-FR","potentialAction":[{"@type":"ReadAction","target":["https:\/\/228news.tg\/index.php\/2019\/03\/26\/occupation-anarchique-du-domaine-public-avedji-face-a-la-force-de-la-loi-2\/"]}]},{"@type":"ImageObject","inLanguage":"fr-FR","@id":"https:\/\/228news.tg\/index.php\/2019\/03\/26\/occupation-anarchique-du-domaine-public-avedji-face-a-la-force-de-la-loi-2\/#primaryimage","url":"https:\/\/228news.tg\/wp-content\/uploads\/2024\/09\/IMG-20210625-WA0002.jpg","contentUrl":"https:\/\/228news.tg\/wp-content\/uploads\/2024\/09\/IMG-20210625-WA0002.jpg","width":720,"height":720},{"@type":"BreadcrumbList","@id":"https:\/\/228news.tg\/index.php\/2019\/03\/26\/occupation-anarchique-du-domaine-public-avedji-face-a-la-force-de-la-loi-2\/#breadcrumb","itemListElement":[{"@type":"ListItem","position":1,"name":"Home","item":"https:\/\/228news.tg\/"},{"@type":"ListItem","position":2,"name":"Occupation anarchique du domaine public: Av\u00e9dji face \u00e0 la force de la loi!"}]},{"@type":"WebSite","@id":"https:\/\/228news.tg\/#website","url":"https:\/\/228news.tg\/","name":"228 News","description":"Soci\u00e9t\u00e9 de m\u00e9dias et d\u2019actualit\u00e9s","publisher":{"@id":"https:\/\/228news.tg\/#organization"},"potentialAction":[{"@type":"SearchAction","target":{"@type":"EntryPoint","urlTemplate":"https:\/\/228news.tg\/?s={search_term_string}"},"query-input":{"@type":"PropertyValueSpecification","valueRequired":true,"valueName":"search_term_string"}}],"inLanguage":"fr-FR"},{"@type":"Organization","@id":"https:\/\/228news.tg\/#organization","name":"228 News","url":"https:\/\/228news.tg\/","logo":{"@type":"ImageObject","inLanguage":"fr-FR","@id":"https:\/\/228news.tg\/#\/schema\/logo\/image\/","url":"https:\/\/228news.tg\/wp-content\/uploads\/2024\/09\/logonew.png","contentUrl":"https:\/\/228news.tg\/wp-content\/uploads\/2024\/09\/logonew.png","width":1640,"height":364,"caption":"228 News"},"image":{"@id":"https:\/\/228news.tg\/#\/schema\/logo\/image\/"}},{"@type":"Person","@id":"https:\/\/228news.tg\/#\/schema\/person\/68d5a6cc0230290e61235c8379523f52","name":"Bienvenu SAVI","image":{"@type":"ImageObject","inLanguage":"fr-FR","@id":"https:\/\/228news.tg\/#\/schema\/person\/image\/","url":"https:\/\/secure.gravatar.com\/avatar\/9db91895c559e510509c33a3e9683998458e9b828fac36d5d1aa23f0f2fd369b?s=96&d=mm&r=g","contentUrl":"https:\/\/secure.gravatar.com\/avatar\/9db91895c559e510509c33a3e9683998458e9b828fac36d5d1aa23f0f2fd369b?s=96&d=mm&r=g","caption":"Bienvenu SAVI"},"url":"https:\/\/228news.tg\/index.php\/author\/bienvenu\/"}]}},"jetpack_featured_media_url":"https:\/\/228news.tg\/wp-content\/uploads\/2024\/09\/IMG-20210625-WA0002.jpg","_links":{"self":[{"href":"https:\/\/228news.tg\/index.php\/wp-json\/wp\/v2\/posts\/14707","targetHints":{"allow":["GET"]}}],"collection":[{"href":"https:\/\/228news.tg\/index.php\/wp-json\/wp\/v2\/posts"}],"about":[{"href":"https:\/\/228news.tg\/index.php\/wp-json\/wp\/v2\/types\/post"}],"author":[{"embeddable":true,"href":"https:\/\/228news.tg\/index.php\/wp-json\/wp\/v2\/users\/2"}],"replies":[{"embeddable":true,"href":"https:\/\/228news.tg\/index.php\/wp-json\/wp\/v2\/comments?post=14707"}],"version-history":[{"count":0,"href":"https:\/\/228news.tg\/index.php\/wp-json\/wp\/v2\/posts\/14707\/revisions"}],"wp:featuredmedia":[{"embeddable":true,"href":"https:\/\/228news.tg\/index.php\/wp-json\/wp\/v2\/media\/4012"}],"wp:attachment":[{"href":"https:\/\/228news.tg\/index.php\/wp-json\/wp\/v2\/media?parent=14707"}],"wp:term":[{"taxonomy":"category","embeddable":true,"href":"https:\/\/228news.tg\/index.php\/wp-json\/wp\/v2\/categories?post=14707"},{"taxonomy":"post_tag","embeddable":true,"href":"https:\/\/228news.tg\/index.php\/wp-json\/wp\/v2\/tags?post=14707"}],"curies":[{"name":"wp","href":"https:\/\/api.w.org\/{rel}","templated":true}]}}