{"id":14697,"date":"2019-03-15T11:31:43","date_gmt":"2019-03-15T11:31:43","guid":{"rendered":"http:\/\/localhost\/site\/228news\/?p=3958"},"modified":"2019-03-15T11:31:43","modified_gmt":"2019-03-15T11:31:43","slug":"commerce-illegal-divoire-deux-trafiquants-interpelle-a-lome-2","status":"publish","type":"post","link":"https:\/\/228news.tg\/index.php\/2019\/03\/15\/commerce-illegal-divoire-deux-trafiquants-interpelle-a-lome-2\/","title":{"rendered":"Commerce ill\u00e9gal d\u2019ivoire : deux trafiquants interpell\u00e9 \u00e0 Lom\u00e9"},"content":{"rendered":"<p>(228NEWS\/ Lom\u00e9, le 15 mars 2019)-\u00a0Les agents d\u2019Interpol et du Minist\u00e8re de l\u2019Environnement, du D\u00e9veloppement Durable et la Protection de la Nature (MEDDPN) en collaboration avec EAGLE-Togo, ont interpell\u00e9 jeudi, 07 mars 2019 \u00e0 Lom\u00e9, le nomm\u00e9 ALASSANI Razak, conducteur de v\u00e9hicule long, en possession d\u2019une pointe d\u2019ivoire brute de 9 kilogrammes.<\/p>\n<p>Une suite d\u2019enqu\u00eate pr\u00e9liminaire men\u00e9e conjointement par les trois structures structure susvis\u00e9es, a permis d\u2019interpeller le vendredi 08 mars \u00e0 Lom\u00e9 L\u00e9o 2000, un deuxi\u00e8me nomm\u00e9 OURO-BOUTCHOU Idrissou, comme \u00e9tant complice fournisseur de ladite pointe d\u2019ivoire ; tous deux de nationalit\u00e9 togolaise.<\/p>\n<p>En effet le pr\u00e9sum\u00e9 trafiquant, ALASSANI Razak, a \u00e9t\u00e9 pris par les \u00e9l\u00e9ments de l\u2019Interpol- DCPJ en pleine n\u00e9gociation de vente d\u2019une pointe d\u2019ivoire qu\u2019il tentait de dissimuler.<\/p>\n<p>Une perquisition \u00e0 son domicile sis \u00e0 Ago\u00e8 Zongo, un quartier p\u00e9riph\u00e9rique de Lom\u00e9 a permis de saisir dans sa chambre, une pointe d\u2019ivoire d\u2019un poids de 9kg.<\/p>\n<p>Dans ses d\u00e9clarations pr\u00e9liminaires, le pr\u00e9sum\u00e9 trafiquant ALASSANI Razak a reconnu \u00eatre en d\u00e9tention de cette pointe d\u2019ivoire et qu\u2019il s\u2019appr\u00eatait \u00e0 vendre. Cependant, c\u2019est \u00e0 travers un travail d&rsquo;enqu\u00eate bien mont\u00e9 que l\u2019Interpol en collaboration avec EGALE-Togo est parvenu \u00e0 interpeller le pr\u00e9sum\u00e9 complice Idrissou qui serait le fournisseur de Razak.<\/p>\n<p>Malheureusement des d\u00e9fenses d\u2019ivoire d\u2019\u00e9l\u00e9phant transitent par le Togo o\u00f9 ils sont transform\u00e9s rapidement en bijoux, et \u00eatre export\u00e9s rapidement et en grande quantit\u00e9 vers l\u2019Asie. Ainsi, les sieurs ALASSANI Razack et OURO-BOUTCHOU Idrissou ont \u00e9t\u00e9 d\u00e9f\u00e9r\u00e9 le 13 mars 2019, \u00e0 la prison civile de Lom\u00e9.<\/p>\n<p>L\u2019article 796 du code p\u00e9nal du Togo stipule : \u00ab Quiconque fait circuler, vend, importe, exporte ou fait transiter le animaux sauvages, vivants, des troph\u00e9es sans autorisation est puni d\u2019une peine d\u2019emprisonnement d\u2019un \u00e0 six mois et d\u2019une amende de cent mille \u00e0 cinq cent mille francs CFA ou de l\u2019une de ces deux peines \u00bb<\/p>\n<p>Le commerce ill\u00e9gal des esp\u00e8ces sauvages menace la survie de nombreuses esp\u00e8ces dans la nature. Au cours des trois derni\u00e8res ann\u00e9es, environ un cinqui\u00e8me de la population totale d\u2019\u00e9l\u00e9phants d\u2019Afrique a \u00e9t\u00e9 tu\u00e9e pour l\u2019ivoire, selon l\u2019UICN. L\u2019escalade du trafic d\u2019esp\u00e8ces sauvages au cours des derni\u00e8res ann\u00e9es constitue une menace pressante pour la conservation et la s\u00e9curit\u00e9 dans le monde.<\/p>\n<p>Le trafic d\u2019esp\u00e8ces sauvages g\u00e9n\u00e8re d\u2019\u00e9normes profits ill\u00e9gaux pour des organisations criminelles complexes qui sont souvent responsables de l\u2019abattage, du transport et de la commercialisation de produits ill\u00e9gaux issus des esp\u00e8ces sauvages. Le trafic d\u2019esp\u00e8ces sauvages corrompt les gouvernements, porte atteinte \u00e0 l\u2019\u00c9tat de droit, et contribue au financement du crime organis\u00e9 et des groupes d\u2019insurg\u00e9s.<\/p>\n<p><em><strong>(EAGLE-Togo)<\/strong><\/em><br \/>\n<em><strong>www.eagle-togo.org<\/strong><\/em><\/p>\n","protected":false},"excerpt":{"rendered":"<p>(228NEWS\/ Lom\u00e9, le 15 mars 2019)-\u00a0Les agents d\u2019Interpol et du Minist\u00e8re de l\u2019Environnement, du D\u00e9veloppement Durable et la Protection de la Nature (MEDDPN) en collaboration avec EAGLE-Togo, ont interpell\u00e9 jeudi, 07 mars 2019 \u00e0 Lom\u00e9, le nomm\u00e9 ALASSANI Razak, conducteur de v\u00e9hicule long, en possession d\u2019une pointe d\u2019ivoire brute de 9 kilogrammes. Une suite d\u2019enqu\u00eate &#8230; <a title=\"Commerce ill\u00e9gal d\u2019ivoire : deux trafiquants interpell\u00e9 \u00e0 Lom\u00e9\" class=\"read-more\" href=\"https:\/\/228news.tg\/index.php\/2019\/03\/15\/commerce-illegal-divoire-deux-trafiquants-interpelle-a-lome-2\/\" aria-label=\"En savoir plus sur Commerce ill\u00e9gal d\u2019ivoire : deux trafiquants interpell\u00e9 \u00e0 Lom\u00e9\">Lire la suite<\/a><\/p>\n","protected":false},"author":2,"featured_media":3984,"comment_status":"open","ping_status":"open","sticky":false,"template":"","format":"chat","meta":{"footnotes":""},"categories":[35,29,25,34],"tags":[],"class_list":["post-14697","post","type-post","status-publish","format-chat","has-post-thumbnail","hentry","category-flash","category-societe","category-togo","category-une","post_format-post-format-chat"],"yoast_head":"<!-- This site is optimized with the Yoast SEO plugin v26.4 - https:\/\/yoast.com\/wordpress\/plugins\/seo\/ -->\n<title>Commerce ill\u00e9gal d\u2019ivoire : deux trafiquants interpell\u00e9 \u00e0 Lom\u00e9 - 228 News<\/title>\n<meta name=\"robots\" content=\"index, follow, max-snippet:-1, max-image-preview:large, max-video-preview:-1\" \/>\n<link rel=\"canonical\" href=\"https:\/\/228news.tg\/index.php\/2019\/03\/15\/commerce-illegal-divoire-deux-trafiquants-interpelle-a-lome-2\/\" \/>\n<meta property=\"og:locale\" content=\"fr_FR\" \/>\n<meta property=\"og:type\" content=\"article\" \/>\n<meta property=\"og:title\" content=\"Commerce ill\u00e9gal d\u2019ivoire : deux trafiquants interpell\u00e9 \u00e0 Lom\u00e9 - 228 News\" \/>\n<meta property=\"og:description\" content=\"(228NEWS\/ Lom\u00e9, le 15 mars 2019)-\u00a0Les agents d\u2019Interpol et du Minist\u00e8re de l\u2019Environnement, du D\u00e9veloppement Durable et la Protection de la Nature (MEDDPN) en collaboration avec EAGLE-Togo, ont interpell\u00e9 jeudi, 07 mars 2019 \u00e0 Lom\u00e9, le nomm\u00e9 ALASSANI Razak, conducteur de v\u00e9hicule long, en possession d\u2019une pointe d\u2019ivoire brute de 9 kilogrammes. Une suite d\u2019enqu\u00eate ... Lire la suite\" \/>\n<meta property=\"og:url\" content=\"https:\/\/228news.tg\/index.php\/2019\/03\/15\/commerce-illegal-divoire-deux-trafiquants-interpelle-a-lome-2\/\" \/>\n<meta property=\"og:site_name\" content=\"228 News\" \/>\n<meta property=\"article:published_time\" content=\"2019-03-15T11:31:43+00:00\" \/>\n<meta name=\"author\" content=\"Bienvenu SAVI\" \/>\n<meta name=\"twitter:card\" content=\"summary_large_image\" \/>\n<meta name=\"twitter:label1\" content=\"\u00c9crit par\" \/>\n\t<meta name=\"twitter:data1\" content=\"Bienvenu SAVI\" \/>\n\t<meta name=\"twitter:label2\" content=\"Dur\u00e9e de lecture estim\u00e9e\" \/>\n\t<meta name=\"twitter:data2\" content=\"2 minutes\" \/>\n<script type=\"application\/ld+json\" class=\"yoast-schema-graph\">{\"@context\":\"https:\/\/schema.org\",\"@graph\":[{\"@type\":\"Article\",\"@id\":\"https:\/\/228news.tg\/index.php\/2019\/03\/15\/commerce-illegal-divoire-deux-trafiquants-interpelle-a-lome-2\/#article\",\"isPartOf\":{\"@id\":\"https:\/\/228news.tg\/index.php\/2019\/03\/15\/commerce-illegal-divoire-deux-trafiquants-interpelle-a-lome-2\/\"},\"author\":{\"name\":\"Bienvenu SAVI\",\"@id\":\"https:\/\/228news.tg\/#\/schema\/person\/68d5a6cc0230290e61235c8379523f52\"},\"headline\":\"Commerce ill\u00e9gal d\u2019ivoire : deux trafiquants interpell\u00e9 \u00e0 Lom\u00e9\",\"datePublished\":\"2019-03-15T11:31:43+00:00\",\"mainEntityOfPage\":{\"@id\":\"https:\/\/228news.tg\/index.php\/2019\/03\/15\/commerce-illegal-divoire-deux-trafiquants-interpelle-a-lome-2\/\"},\"wordCount\":500,\"commentCount\":0,\"publisher\":{\"@id\":\"https:\/\/228news.tg\/#organization\"},\"image\":{\"@id\":\"https:\/\/228news.tg\/index.php\/2019\/03\/15\/commerce-illegal-divoire-deux-trafiquants-interpelle-a-lome-2\/#primaryimage\"},\"thumbnailUrl\":\"https:\/\/228news.tg\/wp-content\/uploads\/2024\/09\/IMG-20210623-WA0096.jpg\",\"articleSection\":[\"Flash\",\"SOCIETE\",\"TOGO\",\"Une\"],\"inLanguage\":\"fr-FR\",\"potentialAction\":[{\"@type\":\"CommentAction\",\"name\":\"Comment\",\"target\":[\"https:\/\/228news.tg\/index.php\/2019\/03\/15\/commerce-illegal-divoire-deux-trafiquants-interpelle-a-lome-2\/#respond\"]}]},{\"@type\":\"WebPage\",\"@id\":\"https:\/\/228news.tg\/index.php\/2019\/03\/15\/commerce-illegal-divoire-deux-trafiquants-interpelle-a-lome-2\/\",\"url\":\"https:\/\/228news.tg\/index.php\/2019\/03\/15\/commerce-illegal-divoire-deux-trafiquants-interpelle-a-lome-2\/\",\"name\":\"Commerce ill\u00e9gal d\u2019ivoire : deux trafiquants interpell\u00e9 \u00e0 Lom\u00e9 - 228 News\",\"isPartOf\":{\"@id\":\"https:\/\/228news.tg\/#website\"},\"primaryImageOfPage\":{\"@id\":\"https:\/\/228news.tg\/index.php\/2019\/03\/15\/commerce-illegal-divoire-deux-trafiquants-interpelle-a-lome-2\/#primaryimage\"},\"image\":{\"@id\":\"https:\/\/228news.tg\/index.php\/2019\/03\/15\/commerce-illegal-divoire-deux-trafiquants-interpelle-a-lome-2\/#primaryimage\"},\"thumbnailUrl\":\"https:\/\/228news.tg\/wp-content\/uploads\/2024\/09\/IMG-20210623-WA0096.jpg\",\"datePublished\":\"2019-03-15T11:31:43+00:00\",\"breadcrumb\":{\"@id\":\"https:\/\/228news.tg\/index.php\/2019\/03\/15\/commerce-illegal-divoire-deux-trafiquants-interpelle-a-lome-2\/#breadcrumb\"},\"inLanguage\":\"fr-FR\",\"potentialAction\":[{\"@type\":\"ReadAction\",\"target\":[\"https:\/\/228news.tg\/index.php\/2019\/03\/15\/commerce-illegal-divoire-deux-trafiquants-interpelle-a-lome-2\/\"]}]},{\"@type\":\"ImageObject\",\"inLanguage\":\"fr-FR\",\"@id\":\"https:\/\/228news.tg\/index.php\/2019\/03\/15\/commerce-illegal-divoire-deux-trafiquants-interpelle-a-lome-2\/#primaryimage\",\"url\":\"https:\/\/228news.tg\/wp-content\/uploads\/2024\/09\/IMG-20210623-WA0096.jpg\",\"contentUrl\":\"https:\/\/228news.tg\/wp-content\/uploads\/2024\/09\/IMG-20210623-WA0096.jpg\",\"width\":421,\"height\":258},{\"@type\":\"BreadcrumbList\",\"@id\":\"https:\/\/228news.tg\/index.php\/2019\/03\/15\/commerce-illegal-divoire-deux-trafiquants-interpelle-a-lome-2\/#breadcrumb\",\"itemListElement\":[{\"@type\":\"ListItem\",\"position\":1,\"name\":\"Home\",\"item\":\"https:\/\/228news.tg\/\"},{\"@type\":\"ListItem\",\"position\":2,\"name\":\"Commerce ill\u00e9gal d\u2019ivoire : deux trafiquants interpell\u00e9 \u00e0 Lom\u00e9\"}]},{\"@type\":\"WebSite\",\"@id\":\"https:\/\/228news.tg\/#website\",\"url\":\"https:\/\/228news.tg\/\",\"name\":\"228 News\",\"description\":\"Soci\u00e9t\u00e9 de m\u00e9dias et d\u2019actualit\u00e9s\",\"publisher\":{\"@id\":\"https:\/\/228news.tg\/#organization\"},\"potentialAction\":[{\"@type\":\"SearchAction\",\"target\":{\"@type\":\"EntryPoint\",\"urlTemplate\":\"https:\/\/228news.tg\/?s={search_term_string}\"},\"query-input\":{\"@type\":\"PropertyValueSpecification\",\"valueRequired\":true,\"valueName\":\"search_term_string\"}}],\"inLanguage\":\"fr-FR\"},{\"@type\":\"Organization\",\"@id\":\"https:\/\/228news.tg\/#organization\",\"name\":\"228 News\",\"url\":\"https:\/\/228news.tg\/\",\"logo\":{\"@type\":\"ImageObject\",\"inLanguage\":\"fr-FR\",\"@id\":\"https:\/\/228news.tg\/#\/schema\/logo\/image\/\",\"url\":\"https:\/\/228news.tg\/wp-content\/uploads\/2024\/09\/logonew.png\",\"contentUrl\":\"https:\/\/228news.tg\/wp-content\/uploads\/2024\/09\/logonew.png\",\"width\":1640,\"height\":364,\"caption\":\"228 News\"},\"image\":{\"@id\":\"https:\/\/228news.tg\/#\/schema\/logo\/image\/\"}},{\"@type\":\"Person\",\"@id\":\"https:\/\/228news.tg\/#\/schema\/person\/68d5a6cc0230290e61235c8379523f52\",\"name\":\"Bienvenu SAVI\",\"image\":{\"@type\":\"ImageObject\",\"inLanguage\":\"fr-FR\",\"@id\":\"https:\/\/228news.tg\/#\/schema\/person\/image\/\",\"url\":\"https:\/\/secure.gravatar.com\/avatar\/9db91895c559e510509c33a3e9683998458e9b828fac36d5d1aa23f0f2fd369b?s=96&d=mm&r=g\",\"contentUrl\":\"https:\/\/secure.gravatar.com\/avatar\/9db91895c559e510509c33a3e9683998458e9b828fac36d5d1aa23f0f2fd369b?s=96&d=mm&r=g\",\"caption\":\"Bienvenu SAVI\"},\"url\":\"https:\/\/228news.tg\/index.php\/author\/bienvenu\/\"}]}<\/script>\n<!-- \/ Yoast SEO plugin. -->","yoast_head_json":{"title":"Commerce ill\u00e9gal d\u2019ivoire : deux trafiquants interpell\u00e9 \u00e0 Lom\u00e9 - 228 News","robots":{"index":"index","follow":"follow","max-snippet":"max-snippet:-1","max-image-preview":"max-image-preview:large","max-video-preview":"max-video-preview:-1"},"canonical":"https:\/\/228news.tg\/index.php\/2019\/03\/15\/commerce-illegal-divoire-deux-trafiquants-interpelle-a-lome-2\/","og_locale":"fr_FR","og_type":"article","og_title":"Commerce ill\u00e9gal d\u2019ivoire : deux trafiquants interpell\u00e9 \u00e0 Lom\u00e9 - 228 News","og_description":"(228NEWS\/ Lom\u00e9, le 15 mars 2019)-\u00a0Les agents d\u2019Interpol et du Minist\u00e8re de l\u2019Environnement, du D\u00e9veloppement Durable et la Protection de la Nature (MEDDPN) en collaboration avec EAGLE-Togo, ont interpell\u00e9 jeudi, 07 mars 2019 \u00e0 Lom\u00e9, le nomm\u00e9 ALASSANI Razak, conducteur de v\u00e9hicule long, en possession d\u2019une pointe d\u2019ivoire brute de 9 kilogrammes. Une suite d\u2019enqu\u00eate ... Lire la suite","og_url":"https:\/\/228news.tg\/index.php\/2019\/03\/15\/commerce-illegal-divoire-deux-trafiquants-interpelle-a-lome-2\/","og_site_name":"228 News","article_published_time":"2019-03-15T11:31:43+00:00","author":"Bienvenu SAVI","twitter_card":"summary_large_image","twitter_misc":{"\u00c9crit par":"Bienvenu SAVI","Dur\u00e9e de lecture estim\u00e9e":"2 minutes"},"schema":{"@context":"https:\/\/schema.org","@graph":[{"@type":"Article","@id":"https:\/\/228news.tg\/index.php\/2019\/03\/15\/commerce-illegal-divoire-deux-trafiquants-interpelle-a-lome-2\/#article","isPartOf":{"@id":"https:\/\/228news.tg\/index.php\/2019\/03\/15\/commerce-illegal-divoire-deux-trafiquants-interpelle-a-lome-2\/"},"author":{"name":"Bienvenu SAVI","@id":"https:\/\/228news.tg\/#\/schema\/person\/68d5a6cc0230290e61235c8379523f52"},"headline":"Commerce ill\u00e9gal d\u2019ivoire : deux trafiquants interpell\u00e9 \u00e0 Lom\u00e9","datePublished":"2019-03-15T11:31:43+00:00","mainEntityOfPage":{"@id":"https:\/\/228news.tg\/index.php\/2019\/03\/15\/commerce-illegal-divoire-deux-trafiquants-interpelle-a-lome-2\/"},"wordCount":500,"commentCount":0,"publisher":{"@id":"https:\/\/228news.tg\/#organization"},"image":{"@id":"https:\/\/228news.tg\/index.php\/2019\/03\/15\/commerce-illegal-divoire-deux-trafiquants-interpelle-a-lome-2\/#primaryimage"},"thumbnailUrl":"https:\/\/228news.tg\/wp-content\/uploads\/2024\/09\/IMG-20210623-WA0096.jpg","articleSection":["Flash","SOCIETE","TOGO","Une"],"inLanguage":"fr-FR","potentialAction":[{"@type":"CommentAction","name":"Comment","target":["https:\/\/228news.tg\/index.php\/2019\/03\/15\/commerce-illegal-divoire-deux-trafiquants-interpelle-a-lome-2\/#respond"]}]},{"@type":"WebPage","@id":"https:\/\/228news.tg\/index.php\/2019\/03\/15\/commerce-illegal-divoire-deux-trafiquants-interpelle-a-lome-2\/","url":"https:\/\/228news.tg\/index.php\/2019\/03\/15\/commerce-illegal-divoire-deux-trafiquants-interpelle-a-lome-2\/","name":"Commerce ill\u00e9gal d\u2019ivoire : deux trafiquants interpell\u00e9 \u00e0 Lom\u00e9 - 228 News","isPartOf":{"@id":"https:\/\/228news.tg\/#website"},"primaryImageOfPage":{"@id":"https:\/\/228news.tg\/index.php\/2019\/03\/15\/commerce-illegal-divoire-deux-trafiquants-interpelle-a-lome-2\/#primaryimage"},"image":{"@id":"https:\/\/228news.tg\/index.php\/2019\/03\/15\/commerce-illegal-divoire-deux-trafiquants-interpelle-a-lome-2\/#primaryimage"},"thumbnailUrl":"https:\/\/228news.tg\/wp-content\/uploads\/2024\/09\/IMG-20210623-WA0096.jpg","datePublished":"2019-03-15T11:31:43+00:00","breadcrumb":{"@id":"https:\/\/228news.tg\/index.php\/2019\/03\/15\/commerce-illegal-divoire-deux-trafiquants-interpelle-a-lome-2\/#breadcrumb"},"inLanguage":"fr-FR","potentialAction":[{"@type":"ReadAction","target":["https:\/\/228news.tg\/index.php\/2019\/03\/15\/commerce-illegal-divoire-deux-trafiquants-interpelle-a-lome-2\/"]}]},{"@type":"ImageObject","inLanguage":"fr-FR","@id":"https:\/\/228news.tg\/index.php\/2019\/03\/15\/commerce-illegal-divoire-deux-trafiquants-interpelle-a-lome-2\/#primaryimage","url":"https:\/\/228news.tg\/wp-content\/uploads\/2024\/09\/IMG-20210623-WA0096.jpg","contentUrl":"https:\/\/228news.tg\/wp-content\/uploads\/2024\/09\/IMG-20210623-WA0096.jpg","width":421,"height":258},{"@type":"BreadcrumbList","@id":"https:\/\/228news.tg\/index.php\/2019\/03\/15\/commerce-illegal-divoire-deux-trafiquants-interpelle-a-lome-2\/#breadcrumb","itemListElement":[{"@type":"ListItem","position":1,"name":"Home","item":"https:\/\/228news.tg\/"},{"@type":"ListItem","position":2,"name":"Commerce ill\u00e9gal d\u2019ivoire : deux trafiquants interpell\u00e9 \u00e0 Lom\u00e9"}]},{"@type":"WebSite","@id":"https:\/\/228news.tg\/#website","url":"https:\/\/228news.tg\/","name":"228 News","description":"Soci\u00e9t\u00e9 de m\u00e9dias et d\u2019actualit\u00e9s","publisher":{"@id":"https:\/\/228news.tg\/#organization"},"potentialAction":[{"@type":"SearchAction","target":{"@type":"EntryPoint","urlTemplate":"https:\/\/228news.tg\/?s={search_term_string}"},"query-input":{"@type":"PropertyValueSpecification","valueRequired":true,"valueName":"search_term_string"}}],"inLanguage":"fr-FR"},{"@type":"Organization","@id":"https:\/\/228news.tg\/#organization","name":"228 News","url":"https:\/\/228news.tg\/","logo":{"@type":"ImageObject","inLanguage":"fr-FR","@id":"https:\/\/228news.tg\/#\/schema\/logo\/image\/","url":"https:\/\/228news.tg\/wp-content\/uploads\/2024\/09\/logonew.png","contentUrl":"https:\/\/228news.tg\/wp-content\/uploads\/2024\/09\/logonew.png","width":1640,"height":364,"caption":"228 News"},"image":{"@id":"https:\/\/228news.tg\/#\/schema\/logo\/image\/"}},{"@type":"Person","@id":"https:\/\/228news.tg\/#\/schema\/person\/68d5a6cc0230290e61235c8379523f52","name":"Bienvenu SAVI","image":{"@type":"ImageObject","inLanguage":"fr-FR","@id":"https:\/\/228news.tg\/#\/schema\/person\/image\/","url":"https:\/\/secure.gravatar.com\/avatar\/9db91895c559e510509c33a3e9683998458e9b828fac36d5d1aa23f0f2fd369b?s=96&d=mm&r=g","contentUrl":"https:\/\/secure.gravatar.com\/avatar\/9db91895c559e510509c33a3e9683998458e9b828fac36d5d1aa23f0f2fd369b?s=96&d=mm&r=g","caption":"Bienvenu SAVI"},"url":"https:\/\/228news.tg\/index.php\/author\/bienvenu\/"}]}},"jetpack_featured_media_url":"https:\/\/228news.tg\/wp-content\/uploads\/2024\/09\/IMG-20210623-WA0096.jpg","_links":{"self":[{"href":"https:\/\/228news.tg\/index.php\/wp-json\/wp\/v2\/posts\/14697","targetHints":{"allow":["GET"]}}],"collection":[{"href":"https:\/\/228news.tg\/index.php\/wp-json\/wp\/v2\/posts"}],"about":[{"href":"https:\/\/228news.tg\/index.php\/wp-json\/wp\/v2\/types\/post"}],"author":[{"embeddable":true,"href":"https:\/\/228news.tg\/index.php\/wp-json\/wp\/v2\/users\/2"}],"replies":[{"embeddable":true,"href":"https:\/\/228news.tg\/index.php\/wp-json\/wp\/v2\/comments?post=14697"}],"version-history":[{"count":0,"href":"https:\/\/228news.tg\/index.php\/wp-json\/wp\/v2\/posts\/14697\/revisions"}],"wp:featuredmedia":[{"embeddable":true,"href":"https:\/\/228news.tg\/index.php\/wp-json\/wp\/v2\/media\/3984"}],"wp:attachment":[{"href":"https:\/\/228news.tg\/index.php\/wp-json\/wp\/v2\/media?parent=14697"}],"wp:term":[{"taxonomy":"category","embeddable":true,"href":"https:\/\/228news.tg\/index.php\/wp-json\/wp\/v2\/categories?post=14697"},{"taxonomy":"post_tag","embeddable":true,"href":"https:\/\/228news.tg\/index.php\/wp-json\/wp\/v2\/tags?post=14697"}],"curies":[{"name":"wp","href":"https:\/\/api.w.org\/{rel}","templated":true}]}}