{"id":14696,"date":"2019-03-13T17:13:38","date_gmt":"2019-03-13T17:13:38","guid":{"rendered":"http:\/\/localhost\/site\/228news\/?p=3955"},"modified":"2019-03-13T17:13:38","modified_gmt":"2019-03-13T17:13:38","slug":"le-stade-municipal-de-lome-est-de-nouveau-utilisable-2","status":"publish","type":"post","link":"https:\/\/228news.tg\/index.php\/2019\/03\/13\/le-stade-municipal-de-lome-est-de-nouveau-utilisable-2\/","title":{"rendered":"Le stade municipal de Lom\u00e9 est de nouveau utilisable"},"content":{"rendered":"<p>(228NEWS\/ Lom\u00e9, le 13 mars 2019)- Le stade municipal de Lom\u00e9 est de nouveau utilisable. L\u2019ancienne pelouse synth\u00e9tique a \u00e9t\u00e9 remplac\u00e9e par une nouvelle plus commode, plus pratique surtout pour les internationaux.<\/p>\n<p>La c\u00e9r\u00e9monie de r\u00e9ception de la nouvelle pelouse s\u2019est d\u00e9roul\u00e9e ce mardi 12 mars apr\u00e8s plus d\u2019un mois de travaux r\u00e9alis\u00e9s (enl\u00e8vement de l\u2019ancienne pelouse, le curage des caniveaux et la pose de la nouvelle) par une entreprise portugaise du nom de Tarket Desso Sports. Leur co\u00fbt total enti\u00e8rement financ\u00e9 par l&rsquo;\u00c9tat togolais est de 198 millions de FCFA.<\/p>\n<p>Le \u00ab nouvelle pelouse comporte les caract\u00e9ristiques plus adapt\u00e9es \u00bb, assure Louis Barborsa, un technicien de Tarket Desso Sports. \u00ab Nous avons d\u00e9velopp\u00e9 un syst\u00e8me qui assure que les fibres qui arrivent en Afrique sont bien prot\u00e9g\u00e9es contre l\u2019agression des rayons ultra-violets. L\u2019autre avantage est le profil de la fibre en X. Les gouttes d\u2019eau sont retenues dans la fibre, ce qui offre une surface mouill\u00e9e, tr\u00e8s fra\u00eeche qui favorise une bonne circulation de la balle \u00bb, d\u00e9taille-t-il.<\/p>\n<p>Le ministre en charge des Sports, Foli Bazi-Katari, lui, souligne le fait que l\u2019entreprise ait respect\u00e9 le d\u00e9lai fix\u00e9 au d\u00e9part tout en indiquant que \u00ab le gouvernement a tenu \u00e0 ce que le travail soit assorti d\u2019une garantie de 8 bonnes ann\u00e9es \u00bb.<\/p>\n<p>Reste maintenant l\u2019entretien de la pelouse afin qu\u2019elle r\u00e9siste jusqu\u2019en 2027 comme annonc\u00e9.<\/p>\n<p>Le dimanche prochain, les \u00c9perviers U23 vont y jouer un match international amical contre leurs camarades gabonais, une occasion pour eux de tester la qualit\u00e9 du nouveau synth\u00e9tique.<\/p>\n<p><strong><em>Source Lomechrono<\/em><\/strong><\/p>\n","protected":false},"excerpt":{"rendered":"<p>(228NEWS\/ Lom\u00e9, le 13 mars 2019)- Le stade municipal de Lom\u00e9 est de nouveau utilisable. L\u2019ancienne pelouse synth\u00e9tique a \u00e9t\u00e9 remplac\u00e9e par une nouvelle plus commode, plus pratique surtout pour les internationaux. La c\u00e9r\u00e9monie de r\u00e9ception de la nouvelle pelouse s\u2019est d\u00e9roul\u00e9e ce mardi 12 mars apr\u00e8s plus d\u2019un mois de travaux r\u00e9alis\u00e9s (enl\u00e8vement de &#8230; <a title=\"Le stade municipal de Lom\u00e9 est de nouveau utilisable\" class=\"read-more\" href=\"https:\/\/228news.tg\/index.php\/2019\/03\/13\/le-stade-municipal-de-lome-est-de-nouveau-utilisable-2\/\" aria-label=\"En savoir plus sur Le stade municipal de Lom\u00e9 est de nouveau utilisable\">Lire la suite<\/a><\/p>\n","protected":false},"author":2,"featured_media":3956,"comment_status":"open","ping_status":"open","sticky":false,"template":"","format":"chat","meta":{"footnotes":""},"categories":[35,24,25,34],"tags":[],"class_list":["post-14696","post","type-post","status-publish","format-chat","has-post-thumbnail","hentry","category-flash","category-sports","category-togo","category-une","post_format-post-format-chat"],"yoast_head":"<!-- This site is optimized with the Yoast SEO plugin v26.4 - https:\/\/yoast.com\/wordpress\/plugins\/seo\/ -->\n<title>Le stade municipal de Lom\u00e9 est de nouveau utilisable - 228 News<\/title>\n<meta name=\"robots\" content=\"index, follow, max-snippet:-1, max-image-preview:large, max-video-preview:-1\" \/>\n<link rel=\"canonical\" href=\"https:\/\/228news.tg\/index.php\/2019\/03\/13\/le-stade-municipal-de-lome-est-de-nouveau-utilisable-2\/\" \/>\n<meta property=\"og:locale\" content=\"fr_FR\" \/>\n<meta property=\"og:type\" content=\"article\" \/>\n<meta property=\"og:title\" content=\"Le stade municipal de Lom\u00e9 est de nouveau utilisable - 228 News\" \/>\n<meta property=\"og:description\" content=\"(228NEWS\/ Lom\u00e9, le 13 mars 2019)- Le stade municipal de Lom\u00e9 est de nouveau utilisable. L\u2019ancienne pelouse synth\u00e9tique a \u00e9t\u00e9 remplac\u00e9e par une nouvelle plus commode, plus pratique surtout pour les internationaux. La c\u00e9r\u00e9monie de r\u00e9ception de la nouvelle pelouse s\u2019est d\u00e9roul\u00e9e ce mardi 12 mars apr\u00e8s plus d\u2019un mois de travaux r\u00e9alis\u00e9s (enl\u00e8vement de ... Lire la suite\" \/>\n<meta property=\"og:url\" content=\"https:\/\/228news.tg\/index.php\/2019\/03\/13\/le-stade-municipal-de-lome-est-de-nouveau-utilisable-2\/\" \/>\n<meta property=\"og:site_name\" content=\"228 News\" \/>\n<meta property=\"article:published_time\" content=\"2019-03-13T17:13:38+00:00\" \/>\n<meta name=\"author\" content=\"Bienvenu SAVI\" \/>\n<meta name=\"twitter:card\" content=\"summary_large_image\" \/>\n<meta name=\"twitter:label1\" content=\"\u00c9crit par\" \/>\n\t<meta name=\"twitter:data1\" content=\"Bienvenu SAVI\" \/>\n\t<meta name=\"twitter:label2\" content=\"Dur\u00e9e de lecture estim\u00e9e\" \/>\n\t<meta name=\"twitter:data2\" content=\"1 minute\" \/>\n<script type=\"application\/ld+json\" class=\"yoast-schema-graph\">{\"@context\":\"https:\/\/schema.org\",\"@graph\":[{\"@type\":\"Article\",\"@id\":\"https:\/\/228news.tg\/index.php\/2019\/03\/13\/le-stade-municipal-de-lome-est-de-nouveau-utilisable-2\/#article\",\"isPartOf\":{\"@id\":\"https:\/\/228news.tg\/index.php\/2019\/03\/13\/le-stade-municipal-de-lome-est-de-nouveau-utilisable-2\/\"},\"author\":{\"name\":\"Bienvenu SAVI\",\"@id\":\"https:\/\/228news.tg\/#\/schema\/person\/68d5a6cc0230290e61235c8379523f52\"},\"headline\":\"Le stade municipal de Lom\u00e9 est de nouveau utilisable\",\"datePublished\":\"2019-03-13T17:13:38+00:00\",\"mainEntityOfPage\":{\"@id\":\"https:\/\/228news.tg\/index.php\/2019\/03\/13\/le-stade-municipal-de-lome-est-de-nouveau-utilisable-2\/\"},\"wordCount\":294,\"commentCount\":0,\"publisher\":{\"@id\":\"https:\/\/228news.tg\/#organization\"},\"image\":{\"@id\":\"https:\/\/228news.tg\/index.php\/2019\/03\/13\/le-stade-municipal-de-lome-est-de-nouveau-utilisable-2\/#primaryimage\"},\"thumbnailUrl\":\"\",\"articleSection\":[\"Flash\",\"SPORTS\",\"TOGO\",\"Une\"],\"inLanguage\":\"fr-FR\",\"potentialAction\":[{\"@type\":\"CommentAction\",\"name\":\"Comment\",\"target\":[\"https:\/\/228news.tg\/index.php\/2019\/03\/13\/le-stade-municipal-de-lome-est-de-nouveau-utilisable-2\/#respond\"]}]},{\"@type\":\"WebPage\",\"@id\":\"https:\/\/228news.tg\/index.php\/2019\/03\/13\/le-stade-municipal-de-lome-est-de-nouveau-utilisable-2\/\",\"url\":\"https:\/\/228news.tg\/index.php\/2019\/03\/13\/le-stade-municipal-de-lome-est-de-nouveau-utilisable-2\/\",\"name\":\"Le stade municipal de Lom\u00e9 est de nouveau utilisable - 228 News\",\"isPartOf\":{\"@id\":\"https:\/\/228news.tg\/#website\"},\"primaryImageOfPage\":{\"@id\":\"https:\/\/228news.tg\/index.php\/2019\/03\/13\/le-stade-municipal-de-lome-est-de-nouveau-utilisable-2\/#primaryimage\"},\"image\":{\"@id\":\"https:\/\/228news.tg\/index.php\/2019\/03\/13\/le-stade-municipal-de-lome-est-de-nouveau-utilisable-2\/#primaryimage\"},\"thumbnailUrl\":\"\",\"datePublished\":\"2019-03-13T17:13:38+00:00\",\"breadcrumb\":{\"@id\":\"https:\/\/228news.tg\/index.php\/2019\/03\/13\/le-stade-municipal-de-lome-est-de-nouveau-utilisable-2\/#breadcrumb\"},\"inLanguage\":\"fr-FR\",\"potentialAction\":[{\"@type\":\"ReadAction\",\"target\":[\"https:\/\/228news.tg\/index.php\/2019\/03\/13\/le-stade-municipal-de-lome-est-de-nouveau-utilisable-2\/\"]}]},{\"@type\":\"ImageObject\",\"inLanguage\":\"fr-FR\",\"@id\":\"https:\/\/228news.tg\/index.php\/2019\/03\/13\/le-stade-municipal-de-lome-est-de-nouveau-utilisable-2\/#primaryimage\",\"url\":\"\",\"contentUrl\":\"\"},{\"@type\":\"BreadcrumbList\",\"@id\":\"https:\/\/228news.tg\/index.php\/2019\/03\/13\/le-stade-municipal-de-lome-est-de-nouveau-utilisable-2\/#breadcrumb\",\"itemListElement\":[{\"@type\":\"ListItem\",\"position\":1,\"name\":\"Home\",\"item\":\"https:\/\/228news.tg\/\"},{\"@type\":\"ListItem\",\"position\":2,\"name\":\"Le stade municipal de Lom\u00e9 est de nouveau utilisable\"}]},{\"@type\":\"WebSite\",\"@id\":\"https:\/\/228news.tg\/#website\",\"url\":\"https:\/\/228news.tg\/\",\"name\":\"228 News\",\"description\":\"Soci\u00e9t\u00e9 de m\u00e9dias et d\u2019actualit\u00e9s\",\"publisher\":{\"@id\":\"https:\/\/228news.tg\/#organization\"},\"potentialAction\":[{\"@type\":\"SearchAction\",\"target\":{\"@type\":\"EntryPoint\",\"urlTemplate\":\"https:\/\/228news.tg\/?s={search_term_string}\"},\"query-input\":{\"@type\":\"PropertyValueSpecification\",\"valueRequired\":true,\"valueName\":\"search_term_string\"}}],\"inLanguage\":\"fr-FR\"},{\"@type\":\"Organization\",\"@id\":\"https:\/\/228news.tg\/#organization\",\"name\":\"228 News\",\"url\":\"https:\/\/228news.tg\/\",\"logo\":{\"@type\":\"ImageObject\",\"inLanguage\":\"fr-FR\",\"@id\":\"https:\/\/228news.tg\/#\/schema\/logo\/image\/\",\"url\":\"https:\/\/228news.tg\/wp-content\/uploads\/2024\/09\/logonew.png\",\"contentUrl\":\"https:\/\/228news.tg\/wp-content\/uploads\/2024\/09\/logonew.png\",\"width\":1640,\"height\":364,\"caption\":\"228 News\"},\"image\":{\"@id\":\"https:\/\/228news.tg\/#\/schema\/logo\/image\/\"}},{\"@type\":\"Person\",\"@id\":\"https:\/\/228news.tg\/#\/schema\/person\/68d5a6cc0230290e61235c8379523f52\",\"name\":\"Bienvenu SAVI\",\"image\":{\"@type\":\"ImageObject\",\"inLanguage\":\"fr-FR\",\"@id\":\"https:\/\/228news.tg\/#\/schema\/person\/image\/\",\"url\":\"https:\/\/secure.gravatar.com\/avatar\/9db91895c559e510509c33a3e9683998458e9b828fac36d5d1aa23f0f2fd369b?s=96&d=mm&r=g\",\"contentUrl\":\"https:\/\/secure.gravatar.com\/avatar\/9db91895c559e510509c33a3e9683998458e9b828fac36d5d1aa23f0f2fd369b?s=96&d=mm&r=g\",\"caption\":\"Bienvenu SAVI\"},\"url\":\"https:\/\/228news.tg\/index.php\/author\/bienvenu\/\"}]}<\/script>\n<!-- \/ Yoast SEO plugin. -->","yoast_head_json":{"title":"Le stade municipal de Lom\u00e9 est de nouveau utilisable - 228 News","robots":{"index":"index","follow":"follow","max-snippet":"max-snippet:-1","max-image-preview":"max-image-preview:large","max-video-preview":"max-video-preview:-1"},"canonical":"https:\/\/228news.tg\/index.php\/2019\/03\/13\/le-stade-municipal-de-lome-est-de-nouveau-utilisable-2\/","og_locale":"fr_FR","og_type":"article","og_title":"Le stade municipal de Lom\u00e9 est de nouveau utilisable - 228 News","og_description":"(228NEWS\/ Lom\u00e9, le 13 mars 2019)- Le stade municipal de Lom\u00e9 est de nouveau utilisable. L\u2019ancienne pelouse synth\u00e9tique a \u00e9t\u00e9 remplac\u00e9e par une nouvelle plus commode, plus pratique surtout pour les internationaux. La c\u00e9r\u00e9monie de r\u00e9ception de la nouvelle pelouse s\u2019est d\u00e9roul\u00e9e ce mardi 12 mars apr\u00e8s plus d\u2019un mois de travaux r\u00e9alis\u00e9s (enl\u00e8vement de ... Lire la suite","og_url":"https:\/\/228news.tg\/index.php\/2019\/03\/13\/le-stade-municipal-de-lome-est-de-nouveau-utilisable-2\/","og_site_name":"228 News","article_published_time":"2019-03-13T17:13:38+00:00","author":"Bienvenu SAVI","twitter_card":"summary_large_image","twitter_misc":{"\u00c9crit par":"Bienvenu SAVI","Dur\u00e9e de lecture estim\u00e9e":"1 minute"},"schema":{"@context":"https:\/\/schema.org","@graph":[{"@type":"Article","@id":"https:\/\/228news.tg\/index.php\/2019\/03\/13\/le-stade-municipal-de-lome-est-de-nouveau-utilisable-2\/#article","isPartOf":{"@id":"https:\/\/228news.tg\/index.php\/2019\/03\/13\/le-stade-municipal-de-lome-est-de-nouveau-utilisable-2\/"},"author":{"name":"Bienvenu SAVI","@id":"https:\/\/228news.tg\/#\/schema\/person\/68d5a6cc0230290e61235c8379523f52"},"headline":"Le stade municipal de Lom\u00e9 est de nouveau utilisable","datePublished":"2019-03-13T17:13:38+00:00","mainEntityOfPage":{"@id":"https:\/\/228news.tg\/index.php\/2019\/03\/13\/le-stade-municipal-de-lome-est-de-nouveau-utilisable-2\/"},"wordCount":294,"commentCount":0,"publisher":{"@id":"https:\/\/228news.tg\/#organization"},"image":{"@id":"https:\/\/228news.tg\/index.php\/2019\/03\/13\/le-stade-municipal-de-lome-est-de-nouveau-utilisable-2\/#primaryimage"},"thumbnailUrl":"","articleSection":["Flash","SPORTS","TOGO","Une"],"inLanguage":"fr-FR","potentialAction":[{"@type":"CommentAction","name":"Comment","target":["https:\/\/228news.tg\/index.php\/2019\/03\/13\/le-stade-municipal-de-lome-est-de-nouveau-utilisable-2\/#respond"]}]},{"@type":"WebPage","@id":"https:\/\/228news.tg\/index.php\/2019\/03\/13\/le-stade-municipal-de-lome-est-de-nouveau-utilisable-2\/","url":"https:\/\/228news.tg\/index.php\/2019\/03\/13\/le-stade-municipal-de-lome-est-de-nouveau-utilisable-2\/","name":"Le stade municipal de Lom\u00e9 est de nouveau utilisable - 228 News","isPartOf":{"@id":"https:\/\/228news.tg\/#website"},"primaryImageOfPage":{"@id":"https:\/\/228news.tg\/index.php\/2019\/03\/13\/le-stade-municipal-de-lome-est-de-nouveau-utilisable-2\/#primaryimage"},"image":{"@id":"https:\/\/228news.tg\/index.php\/2019\/03\/13\/le-stade-municipal-de-lome-est-de-nouveau-utilisable-2\/#primaryimage"},"thumbnailUrl":"","datePublished":"2019-03-13T17:13:38+00:00","breadcrumb":{"@id":"https:\/\/228news.tg\/index.php\/2019\/03\/13\/le-stade-municipal-de-lome-est-de-nouveau-utilisable-2\/#breadcrumb"},"inLanguage":"fr-FR","potentialAction":[{"@type":"ReadAction","target":["https:\/\/228news.tg\/index.php\/2019\/03\/13\/le-stade-municipal-de-lome-est-de-nouveau-utilisable-2\/"]}]},{"@type":"ImageObject","inLanguage":"fr-FR","@id":"https:\/\/228news.tg\/index.php\/2019\/03\/13\/le-stade-municipal-de-lome-est-de-nouveau-utilisable-2\/#primaryimage","url":"","contentUrl":""},{"@type":"BreadcrumbList","@id":"https:\/\/228news.tg\/index.php\/2019\/03\/13\/le-stade-municipal-de-lome-est-de-nouveau-utilisable-2\/#breadcrumb","itemListElement":[{"@type":"ListItem","position":1,"name":"Home","item":"https:\/\/228news.tg\/"},{"@type":"ListItem","position":2,"name":"Le stade municipal de Lom\u00e9 est de nouveau utilisable"}]},{"@type":"WebSite","@id":"https:\/\/228news.tg\/#website","url":"https:\/\/228news.tg\/","name":"228 News","description":"Soci\u00e9t\u00e9 de m\u00e9dias et d\u2019actualit\u00e9s","publisher":{"@id":"https:\/\/228news.tg\/#organization"},"potentialAction":[{"@type":"SearchAction","target":{"@type":"EntryPoint","urlTemplate":"https:\/\/228news.tg\/?s={search_term_string}"},"query-input":{"@type":"PropertyValueSpecification","valueRequired":true,"valueName":"search_term_string"}}],"inLanguage":"fr-FR"},{"@type":"Organization","@id":"https:\/\/228news.tg\/#organization","name":"228 News","url":"https:\/\/228news.tg\/","logo":{"@type":"ImageObject","inLanguage":"fr-FR","@id":"https:\/\/228news.tg\/#\/schema\/logo\/image\/","url":"https:\/\/228news.tg\/wp-content\/uploads\/2024\/09\/logonew.png","contentUrl":"https:\/\/228news.tg\/wp-content\/uploads\/2024\/09\/logonew.png","width":1640,"height":364,"caption":"228 News"},"image":{"@id":"https:\/\/228news.tg\/#\/schema\/logo\/image\/"}},{"@type":"Person","@id":"https:\/\/228news.tg\/#\/schema\/person\/68d5a6cc0230290e61235c8379523f52","name":"Bienvenu SAVI","image":{"@type":"ImageObject","inLanguage":"fr-FR","@id":"https:\/\/228news.tg\/#\/schema\/person\/image\/","url":"https:\/\/secure.gravatar.com\/avatar\/9db91895c559e510509c33a3e9683998458e9b828fac36d5d1aa23f0f2fd369b?s=96&d=mm&r=g","contentUrl":"https:\/\/secure.gravatar.com\/avatar\/9db91895c559e510509c33a3e9683998458e9b828fac36d5d1aa23f0f2fd369b?s=96&d=mm&r=g","caption":"Bienvenu SAVI"},"url":"https:\/\/228news.tg\/index.php\/author\/bienvenu\/"}]}},"jetpack_featured_media_url":"","_links":{"self":[{"href":"https:\/\/228news.tg\/index.php\/wp-json\/wp\/v2\/posts\/14696","targetHints":{"allow":["GET"]}}],"collection":[{"href":"https:\/\/228news.tg\/index.php\/wp-json\/wp\/v2\/posts"}],"about":[{"href":"https:\/\/228news.tg\/index.php\/wp-json\/wp\/v2\/types\/post"}],"author":[{"embeddable":true,"href":"https:\/\/228news.tg\/index.php\/wp-json\/wp\/v2\/users\/2"}],"replies":[{"embeddable":true,"href":"https:\/\/228news.tg\/index.php\/wp-json\/wp\/v2\/comments?post=14696"}],"version-history":[{"count":0,"href":"https:\/\/228news.tg\/index.php\/wp-json\/wp\/v2\/posts\/14696\/revisions"}],"wp:featuredmedia":[{"embeddable":true,"href":"https:\/\/228news.tg\/index.php\/wp-json\/wp\/v2\/posts\/3956"}],"wp:attachment":[{"href":"https:\/\/228news.tg\/index.php\/wp-json\/wp\/v2\/media?parent=14696"}],"wp:term":[{"taxonomy":"category","embeddable":true,"href":"https:\/\/228news.tg\/index.php\/wp-json\/wp\/v2\/categories?post=14696"},{"taxonomy":"post_tag","embeddable":true,"href":"https:\/\/228news.tg\/index.php\/wp-json\/wp\/v2\/tags?post=14696"}],"curies":[{"name":"wp","href":"https:\/\/api.w.org\/{rel}","templated":true}]}}