{"id":14691,"date":"2019-03-13T16:19:44","date_gmt":"2019-03-13T16:19:44","guid":{"rendered":"http:\/\/localhost\/site\/228news\/?p=3931"},"modified":"2019-03-13T16:19:44","modified_gmt":"2019-03-13T16:19:44","slug":"jif-2019-les-defis-et-perspectives-lies-a-lequite-genre-et-la-gouvernance-publique-au-menu-dune-conference-de-la-cejus-2","status":"publish","type":"post","link":"https:\/\/228news.tg\/index.php\/2019\/03\/13\/jif-2019-les-defis-et-perspectives-lies-a-lequite-genre-et-la-gouvernance-publique-au-menu-dune-conference-de-la-cejus-2\/","title":{"rendered":"JIF 2019\u00a0: Les d\u00e9fis et perspectives li\u00e9s \u00e0 l\u2019\u00e9quit\u00e9 genre et la gouvernance publique au menu d\u2019une conf\u00e9rence de la CEJUS"},"content":{"rendered":"<p>(228NEWS\/ Lom\u00e9, le 13 mars 2019)-\u00a0Les d\u00e9fis et perspectives li\u00e9s \u00e0 l&rsquo;\u00e9quit\u00e9 genre et la gouvernance publique au Togo ont \u00e9t\u00e9 au c\u0153ur d&rsquo;une conf\u00e9rence organis\u00e9e ce mercredi 13 mars \u00e0 Lom\u00e9 par la Clinique d&rsquo;Expertise Juridique et Sociale.<\/p>\n<p>Ouverte par Mme Claudine Kossiwa Otimi , repr\u00e9sentante du ministre de l&rsquo;action sociale, de la promotion de la femme et de l&rsquo;alphab\u00e9tisation, cette rencontre \u00a0qui a r\u00e9uni une centaine d\u2019\u00e9tudiants et experts ainsi que diverses personnalit\u00e9s du monde universitaire, s\u2019inscrit dans la droite ligne des manifestations marquant la c\u00e9l\u00e9bration de la journ\u00e9e internationale des droits de la femme 2019.<\/p>\n<p>Elle faire l&rsquo;\u00e9tat des lieux de la situation de la femme au Togo, partager les exp\u00e9riences en mati\u00e8re de promotion de \u00e9quit\u00e9 genre dans notre soci\u00e9t\u00e9 afin d\u2019\u00e9changer sur les d\u00e9fis \u00e0 relever en mati\u00e8re d&rsquo;\u00e9quit\u00e9 genre au Togo.<img fetchpriority=\"high\" decoding=\"async\" class=\"alignnone size-medium wp-image-3927 alignright\" src=\"http:\/\/localhost\/site\/228news\/wp-content\/uploads\/2019\/03\/photo_2019-03-13_15-58-55-300x225.jpg\" alt=\"\" width=\"300\" height=\"225\" \/><\/p>\n<p>Pour la repr\u00e9sentante de la ministre de l\u2019action sociale, malgr\u00e9 les grandes actions en faveur de la promotion de la femme entreprises par le gouvernement togolais, il est \u00e0 regretter une faible participation de la femme a la gestion des affaires publiques. Ainsi, a-t-on \u00e0 ce jour 6 femmes sur les 26 ministres que compte le gouvernement, 26\/94 d\u00e9put\u00e9s, 2\/36 pr\u00e9fets, 2 femmes directrices de cabinet pour ne citer que ces exemples de haut vol.<\/p>\n<p>Elle a expliqu\u00e9 cela par les pesanteurs socio culturelles, la difficult\u00e9 qui r\u00e9side dans la conciliation vie familiale et vie publique, le patriarcat, l&rsquo;\u00e9ducation qui fait passer la femme pour le sexe faible d\u00e8s le bas \u00e2ge, ainsi que le mauvais positionnement des femmes dans l&rsquo;ar\u00e8ne politique.<\/p>\n<p>\u00ab\u00a0Le chemin pour atteindre la parit\u00e9 homme- femme dans les instances de d\u00e9cisions est encore long. Cette conf\u00e9rence est une occasion de cr\u00e9er un cadre de dialogue sur les d\u00e9fis et perspectives sur les questions relatives \u00e0 l\u2019\u00e9quit\u00e9 genre et \u00e0 la place de la femme togolaise dans la soci\u00e9t\u00e9.\u00a0\u00bb, a-t-elle confi\u00e9.<\/p>\n<p>Le Directeur Ex\u00e9cutif de la CEJUS, Dieudonn\u00e9 Kossi a salu\u00e9 un cadre juridique s\u00e9curisant avec de bons textes en faveur des femmes avant \u00e9galement de se questionner sur les actions \u00e0 mettre en \u0153uvre pour une mise en application de ces textes.<\/p>\n<p>Pour lui, la \u00ab\u00a0conf\u00e9rence de ce matin est un questionnement autour de la th\u00e9matique de l&rsquo;\u00e9quit\u00e9 et la gouvernance. Le v\u00e9ritable challenge reste la meilleure participation des femmes \u00e0 la gestion des affaires publique, ce qui n&rsquo;est pas le cas actuellement. Les chiffres avanc\u00e9s sont assez saisissants, les femmes sont sous repr\u00e9sent\u00e9es dans les instances de d\u00e9cisions et il faut que \u00e7a change dans un avenir proche. Les femmes doivent \u00eatre titulaires des postes de contr\u00f4le et de d\u00e9cision dans notre pays et cela doit d\u2019abord passer par leurs propres efforts et aptitudes.\u00a0\u00bb<\/p>\n<p><img decoding=\"async\" class=\"alignnone size-medium wp-image-3928 alignleft\" src=\"http:\/\/localhost\/site\/228news\/wp-content\/uploads\/2019\/03\/photo_2019-03-13_15-58-59-300x225.jpg\" alt=\"\" width=\"300\" height=\"225\" \/>La repr\u00e9sentante du minist\u00e8re en charge des droits de l&rsquo;homme, pour sa part trouve que la question du statut et de la femme dans la soci\u00e9t\u00e9 est importante et a de nouveau proclam\u00e9 l\u2019\u00e9galit\u00e9 homme-femme comme fondation du droit international.<\/p>\n<p>\u00ab\u00a0Il faut poursuivre les r\u00e9flexions dans une perspective qualitative afin de mettre en \u0153uvre des principes favorisant l\u2019acc\u00e8s des femmes \u00e0 des postes de d\u00e9cisions. 51% de femmes constituent la population togolaise et cela veut dire 51% d\u2019expertise. A ce titre, la gouvernance locale est une grande opportunit\u00e9 pour les femmes\u00a0\u00bb, a-t-elle l\u00e2ch\u00e9.<\/p>\n<p>Deux (2) panels de sept (7) communications ont meubl\u00e9 les travaux de la conf\u00e9rence. Ces communications ont essentiellement tourn\u00e9 autour de la contribution des textes l\u00e9gislatifs au renforcement de l\u2019\u00e9quit\u00e9 genre au Togo, l\u2019administration publique togolaise \u00e0 l\u2019\u00e9preuve de l\u2019\u00e9quit\u00e9 genre de m\u00eame que les partis politiques, l\u2019apport de l\u2019\u00e9quit\u00e9 genre \u00e0 la bonne gouvernance publique, le syst\u00e8me des quotas, \u00a0le leadership transformationnel, l\u2019apport des OSC, \u2026, et ont permis \u00e0 d\u2019\u00e9minents experts d\u2019apporter de leurs exp\u00e9riences au moulin de la th\u00e9matique.<\/p>\n<p>En pr\u00e9lude \u00e0 cette conf\u00e9rence, la CEJUS a organis\u00e9 le 08 mars dernier un concours de g\u00e9nie en herbe dont les axes essentielles ont permis aux jeunes filles de d\u00e9fendre leurs droits, et dont les laur\u00e9ates ont \u00e9t\u00e9 prim\u00e9es \u00e0 l\u2019ouverture de la conf\u00e9rence.<\/p>\n<p>Cette conf\u00e9rence, faut-il le rappeler b\u00e9n\u00e9ficie de l\u2019appui financier du (Projet de Consolidation de l&rsquo;Etat et du Monde Associatif (PRO-CEMA), dont le Chef, Henry Valot n\u2019a pas cach\u00e9 l\u2019int\u00e9r\u00eat port\u00e9 sur les questions du genre.<\/p>\n<p><strong><em>D\u00e9mocrate<\/em><\/strong><\/p>\n<p><strong><em>(00228) 91 85 40 14<\/em><\/strong><\/p>\n<p><a href=\"mailto:democrate2010@gmail.com\"><strong><em>democrate2010@gmail.com<\/em><\/strong><\/a><\/p>\n","protected":false},"excerpt":{"rendered":"<p>(228NEWS\/ Lom\u00e9, le 13 mars 2019)-\u00a0Les d\u00e9fis et perspectives li\u00e9s \u00e0 l&rsquo;\u00e9quit\u00e9 genre et la gouvernance publique au Togo ont \u00e9t\u00e9 au c\u0153ur d&rsquo;une conf\u00e9rence organis\u00e9e ce mercredi 13 mars \u00e0 Lom\u00e9 par la Clinique d&rsquo;Expertise Juridique et Sociale. Ouverte par Mme Claudine Kossiwa Otimi , repr\u00e9sentante du ministre de l&rsquo;action sociale, de la promotion &#8230; <a title=\"JIF 2019\u00a0: Les d\u00e9fis et perspectives li\u00e9s \u00e0 l\u2019\u00e9quit\u00e9 genre et la gouvernance publique au menu d\u2019une conf\u00e9rence de la CEJUS\" class=\"read-more\" href=\"https:\/\/228news.tg\/index.php\/2019\/03\/13\/jif-2019-les-defis-et-perspectives-lies-a-lequite-genre-et-la-gouvernance-publique-au-menu-dune-conference-de-la-cejus-2\/\" aria-label=\"En savoir plus sur JIF 2019\u00a0: Les d\u00e9fis et perspectives li\u00e9s \u00e0 l\u2019\u00e9quit\u00e9 genre et la gouvernance publique au menu d\u2019une conf\u00e9rence de la CEJUS\">Lire la suite<\/a><\/p>\n","protected":false},"author":2,"featured_media":3930,"comment_status":"open","ping_status":"open","sticky":false,"template":"","format":"chat","meta":{"footnotes":""},"categories":[28,35,25,34],"tags":[],"class_list":["post-14691","post","type-post","status-publish","format-chat","has-post-thumbnail","hentry","category-education","category-flash","category-togo","category-une","post_format-post-format-chat"],"yoast_head":"<!-- This site is optimized with the Yoast SEO plugin v26.4 - https:\/\/yoast.com\/wordpress\/plugins\/seo\/ -->\n<title>JIF 2019\u00a0: Les d\u00e9fis et perspectives li\u00e9s \u00e0 l\u2019\u00e9quit\u00e9 genre et la gouvernance publique au menu d\u2019une conf\u00e9rence de la CEJUS - 228 News<\/title>\n<meta name=\"robots\" content=\"index, follow, max-snippet:-1, max-image-preview:large, max-video-preview:-1\" \/>\n<link rel=\"canonical\" href=\"https:\/\/228news.tg\/index.php\/2019\/03\/13\/jif-2019-les-defis-et-perspectives-lies-a-lequite-genre-et-la-gouvernance-publique-au-menu-dune-conference-de-la-cejus-2\/\" \/>\n<meta property=\"og:locale\" content=\"fr_FR\" \/>\n<meta property=\"og:type\" content=\"article\" \/>\n<meta property=\"og:title\" content=\"JIF 2019\u00a0: Les d\u00e9fis et perspectives li\u00e9s \u00e0 l\u2019\u00e9quit\u00e9 genre et la gouvernance publique au menu d\u2019une conf\u00e9rence de la CEJUS - 228 News\" \/>\n<meta property=\"og:description\" content=\"(228NEWS\/ Lom\u00e9, le 13 mars 2019)-\u00a0Les d\u00e9fis et perspectives li\u00e9s \u00e0 l&rsquo;\u00e9quit\u00e9 genre et la gouvernance publique au Togo ont \u00e9t\u00e9 au c\u0153ur d&rsquo;une conf\u00e9rence organis\u00e9e ce mercredi 13 mars \u00e0 Lom\u00e9 par la Clinique d&rsquo;Expertise Juridique et Sociale. Ouverte par Mme Claudine Kossiwa Otimi , repr\u00e9sentante du ministre de l&rsquo;action sociale, de la promotion ... Lire la suite\" \/>\n<meta property=\"og:url\" content=\"https:\/\/228news.tg\/index.php\/2019\/03\/13\/jif-2019-les-defis-et-perspectives-lies-a-lequite-genre-et-la-gouvernance-publique-au-menu-dune-conference-de-la-cejus-2\/\" \/>\n<meta property=\"og:site_name\" content=\"228 News\" \/>\n<meta property=\"article:published_time\" content=\"2019-03-13T16:19:44+00:00\" \/>\n<meta property=\"og:image\" content=\"http:\/\/localhost\/site\/228news\/wp-content\/uploads\/2019\/03\/photo_2019-03-13_15-58-55-300x225.jpg\" \/>\n<meta name=\"author\" content=\"Bienvenu SAVI\" \/>\n<meta name=\"twitter:card\" content=\"summary_large_image\" \/>\n<meta name=\"twitter:label1\" content=\"\u00c9crit par\" \/>\n\t<meta name=\"twitter:data1\" content=\"Bienvenu SAVI\" \/>\n\t<meta name=\"twitter:label2\" content=\"Dur\u00e9e de lecture estim\u00e9e\" \/>\n\t<meta name=\"twitter:data2\" content=\"4 minutes\" \/>\n<script type=\"application\/ld+json\" class=\"yoast-schema-graph\">{\"@context\":\"https:\/\/schema.org\",\"@graph\":[{\"@type\":\"Article\",\"@id\":\"https:\/\/228news.tg\/index.php\/2019\/03\/13\/jif-2019-les-defis-et-perspectives-lies-a-lequite-genre-et-la-gouvernance-publique-au-menu-dune-conference-de-la-cejus-2\/#article\",\"isPartOf\":{\"@id\":\"https:\/\/228news.tg\/index.php\/2019\/03\/13\/jif-2019-les-defis-et-perspectives-lies-a-lequite-genre-et-la-gouvernance-publique-au-menu-dune-conference-de-la-cejus-2\/\"},\"author\":{\"name\":\"Bienvenu SAVI\",\"@id\":\"https:\/\/228news.tg\/#\/schema\/person\/68d5a6cc0230290e61235c8379523f52\"},\"headline\":\"JIF 2019\u00a0: Les d\u00e9fis et perspectives li\u00e9s \u00e0 l\u2019\u00e9quit\u00e9 genre et la gouvernance publique au menu d\u2019une conf\u00e9rence de la CEJUS\",\"datePublished\":\"2019-03-13T16:19:44+00:00\",\"mainEntityOfPage\":{\"@id\":\"https:\/\/228news.tg\/index.php\/2019\/03\/13\/jif-2019-les-defis-et-perspectives-lies-a-lequite-genre-et-la-gouvernance-publique-au-menu-dune-conference-de-la-cejus-2\/\"},\"wordCount\":800,\"commentCount\":0,\"publisher\":{\"@id\":\"https:\/\/228news.tg\/#organization\"},\"image\":{\"@id\":\"https:\/\/228news.tg\/index.php\/2019\/03\/13\/jif-2019-les-defis-et-perspectives-lies-a-lequite-genre-et-la-gouvernance-publique-au-menu-dune-conference-de-la-cejus-2\/#primaryimage\"},\"thumbnailUrl\":\"https:\/\/228news.tg\/wp-content\/uploads\/2024\/09\/IMG-20210621-WA0003.jpg\",\"articleSection\":[\"EDUCATION\",\"Flash\",\"TOGO\",\"Une\"],\"inLanguage\":\"fr-FR\",\"potentialAction\":[{\"@type\":\"CommentAction\",\"name\":\"Comment\",\"target\":[\"https:\/\/228news.tg\/index.php\/2019\/03\/13\/jif-2019-les-defis-et-perspectives-lies-a-lequite-genre-et-la-gouvernance-publique-au-menu-dune-conference-de-la-cejus-2\/#respond\"]}]},{\"@type\":\"WebPage\",\"@id\":\"https:\/\/228news.tg\/index.php\/2019\/03\/13\/jif-2019-les-defis-et-perspectives-lies-a-lequite-genre-et-la-gouvernance-publique-au-menu-dune-conference-de-la-cejus-2\/\",\"url\":\"https:\/\/228news.tg\/index.php\/2019\/03\/13\/jif-2019-les-defis-et-perspectives-lies-a-lequite-genre-et-la-gouvernance-publique-au-menu-dune-conference-de-la-cejus-2\/\",\"name\":\"JIF 2019\u00a0: Les d\u00e9fis et perspectives li\u00e9s \u00e0 l\u2019\u00e9quit\u00e9 genre et la gouvernance publique au menu d\u2019une conf\u00e9rence de la CEJUS - 228 News\",\"isPartOf\":{\"@id\":\"https:\/\/228news.tg\/#website\"},\"primaryImageOfPage\":{\"@id\":\"https:\/\/228news.tg\/index.php\/2019\/03\/13\/jif-2019-les-defis-et-perspectives-lies-a-lequite-genre-et-la-gouvernance-publique-au-menu-dune-conference-de-la-cejus-2\/#primaryimage\"},\"image\":{\"@id\":\"https:\/\/228news.tg\/index.php\/2019\/03\/13\/jif-2019-les-defis-et-perspectives-lies-a-lequite-genre-et-la-gouvernance-publique-au-menu-dune-conference-de-la-cejus-2\/#primaryimage\"},\"thumbnailUrl\":\"https:\/\/228news.tg\/wp-content\/uploads\/2024\/09\/IMG-20210621-WA0003.jpg\",\"datePublished\":\"2019-03-13T16:19:44+00:00\",\"breadcrumb\":{\"@id\":\"https:\/\/228news.tg\/index.php\/2019\/03\/13\/jif-2019-les-defis-et-perspectives-lies-a-lequite-genre-et-la-gouvernance-publique-au-menu-dune-conference-de-la-cejus-2\/#breadcrumb\"},\"inLanguage\":\"fr-FR\",\"potentialAction\":[{\"@type\":\"ReadAction\",\"target\":[\"https:\/\/228news.tg\/index.php\/2019\/03\/13\/jif-2019-les-defis-et-perspectives-lies-a-lequite-genre-et-la-gouvernance-publique-au-menu-dune-conference-de-la-cejus-2\/\"]}]},{\"@type\":\"ImageObject\",\"inLanguage\":\"fr-FR\",\"@id\":\"https:\/\/228news.tg\/index.php\/2019\/03\/13\/jif-2019-les-defis-et-perspectives-lies-a-lequite-genre-et-la-gouvernance-publique-au-menu-dune-conference-de-la-cejus-2\/#primaryimage\",\"url\":\"https:\/\/228news.tg\/wp-content\/uploads\/2024\/09\/IMG-20210621-WA0003.jpg\",\"contentUrl\":\"https:\/\/228news.tg\/wp-content\/uploads\/2024\/09\/IMG-20210621-WA0003.jpg\",\"width\":678,\"height\":381},{\"@type\":\"BreadcrumbList\",\"@id\":\"https:\/\/228news.tg\/index.php\/2019\/03\/13\/jif-2019-les-defis-et-perspectives-lies-a-lequite-genre-et-la-gouvernance-publique-au-menu-dune-conference-de-la-cejus-2\/#breadcrumb\",\"itemListElement\":[{\"@type\":\"ListItem\",\"position\":1,\"name\":\"Home\",\"item\":\"https:\/\/228news.tg\/\"},{\"@type\":\"ListItem\",\"position\":2,\"name\":\"JIF 2019\u00a0: Les d\u00e9fis et perspectives li\u00e9s \u00e0 l\u2019\u00e9quit\u00e9 genre et la gouvernance publique au menu d\u2019une conf\u00e9rence de la CEJUS\"}]},{\"@type\":\"WebSite\",\"@id\":\"https:\/\/228news.tg\/#website\",\"url\":\"https:\/\/228news.tg\/\",\"name\":\"228 News\",\"description\":\"Soci\u00e9t\u00e9 de m\u00e9dias et d\u2019actualit\u00e9s\",\"publisher\":{\"@id\":\"https:\/\/228news.tg\/#organization\"},\"potentialAction\":[{\"@type\":\"SearchAction\",\"target\":{\"@type\":\"EntryPoint\",\"urlTemplate\":\"https:\/\/228news.tg\/?s={search_term_string}\"},\"query-input\":{\"@type\":\"PropertyValueSpecification\",\"valueRequired\":true,\"valueName\":\"search_term_string\"}}],\"inLanguage\":\"fr-FR\"},{\"@type\":\"Organization\",\"@id\":\"https:\/\/228news.tg\/#organization\",\"name\":\"228 News\",\"url\":\"https:\/\/228news.tg\/\",\"logo\":{\"@type\":\"ImageObject\",\"inLanguage\":\"fr-FR\",\"@id\":\"https:\/\/228news.tg\/#\/schema\/logo\/image\/\",\"url\":\"https:\/\/228news.tg\/wp-content\/uploads\/2024\/09\/logonew.png\",\"contentUrl\":\"https:\/\/228news.tg\/wp-content\/uploads\/2024\/09\/logonew.png\",\"width\":1640,\"height\":364,\"caption\":\"228 News\"},\"image\":{\"@id\":\"https:\/\/228news.tg\/#\/schema\/logo\/image\/\"}},{\"@type\":\"Person\",\"@id\":\"https:\/\/228news.tg\/#\/schema\/person\/68d5a6cc0230290e61235c8379523f52\",\"name\":\"Bienvenu SAVI\",\"image\":{\"@type\":\"ImageObject\",\"inLanguage\":\"fr-FR\",\"@id\":\"https:\/\/228news.tg\/#\/schema\/person\/image\/\",\"url\":\"https:\/\/secure.gravatar.com\/avatar\/9db91895c559e510509c33a3e9683998458e9b828fac36d5d1aa23f0f2fd369b?s=96&d=mm&r=g\",\"contentUrl\":\"https:\/\/secure.gravatar.com\/avatar\/9db91895c559e510509c33a3e9683998458e9b828fac36d5d1aa23f0f2fd369b?s=96&d=mm&r=g\",\"caption\":\"Bienvenu SAVI\"},\"url\":\"https:\/\/228news.tg\/index.php\/author\/bienvenu\/\"}]}<\/script>\n<!-- \/ Yoast SEO plugin. -->","yoast_head_json":{"title":"JIF 2019\u00a0: Les d\u00e9fis et perspectives li\u00e9s \u00e0 l\u2019\u00e9quit\u00e9 genre et la gouvernance publique au menu d\u2019une conf\u00e9rence de la CEJUS - 228 News","robots":{"index":"index","follow":"follow","max-snippet":"max-snippet:-1","max-image-preview":"max-image-preview:large","max-video-preview":"max-video-preview:-1"},"canonical":"https:\/\/228news.tg\/index.php\/2019\/03\/13\/jif-2019-les-defis-et-perspectives-lies-a-lequite-genre-et-la-gouvernance-publique-au-menu-dune-conference-de-la-cejus-2\/","og_locale":"fr_FR","og_type":"article","og_title":"JIF 2019\u00a0: Les d\u00e9fis et perspectives li\u00e9s \u00e0 l\u2019\u00e9quit\u00e9 genre et la gouvernance publique au menu d\u2019une conf\u00e9rence de la CEJUS - 228 News","og_description":"(228NEWS\/ Lom\u00e9, le 13 mars 2019)-\u00a0Les d\u00e9fis et perspectives li\u00e9s \u00e0 l&rsquo;\u00e9quit\u00e9 genre et la gouvernance publique au Togo ont \u00e9t\u00e9 au c\u0153ur d&rsquo;une conf\u00e9rence organis\u00e9e ce mercredi 13 mars \u00e0 Lom\u00e9 par la Clinique d&rsquo;Expertise Juridique et Sociale. Ouverte par Mme Claudine Kossiwa Otimi , repr\u00e9sentante du ministre de l&rsquo;action sociale, de la promotion ... Lire la suite","og_url":"https:\/\/228news.tg\/index.php\/2019\/03\/13\/jif-2019-les-defis-et-perspectives-lies-a-lequite-genre-et-la-gouvernance-publique-au-menu-dune-conference-de-la-cejus-2\/","og_site_name":"228 News","article_published_time":"2019-03-13T16:19:44+00:00","og_image":[{"url":"http:\/\/localhost\/site\/228news\/wp-content\/uploads\/2019\/03\/photo_2019-03-13_15-58-55-300x225.jpg","type":"","width":"","height":""}],"author":"Bienvenu SAVI","twitter_card":"summary_large_image","twitter_misc":{"\u00c9crit par":"Bienvenu SAVI","Dur\u00e9e de lecture estim\u00e9e":"4 minutes"},"schema":{"@context":"https:\/\/schema.org","@graph":[{"@type":"Article","@id":"https:\/\/228news.tg\/index.php\/2019\/03\/13\/jif-2019-les-defis-et-perspectives-lies-a-lequite-genre-et-la-gouvernance-publique-au-menu-dune-conference-de-la-cejus-2\/#article","isPartOf":{"@id":"https:\/\/228news.tg\/index.php\/2019\/03\/13\/jif-2019-les-defis-et-perspectives-lies-a-lequite-genre-et-la-gouvernance-publique-au-menu-dune-conference-de-la-cejus-2\/"},"author":{"name":"Bienvenu SAVI","@id":"https:\/\/228news.tg\/#\/schema\/person\/68d5a6cc0230290e61235c8379523f52"},"headline":"JIF 2019\u00a0: Les d\u00e9fis et perspectives li\u00e9s \u00e0 l\u2019\u00e9quit\u00e9 genre et la gouvernance publique au menu d\u2019une conf\u00e9rence de la CEJUS","datePublished":"2019-03-13T16:19:44+00:00","mainEntityOfPage":{"@id":"https:\/\/228news.tg\/index.php\/2019\/03\/13\/jif-2019-les-defis-et-perspectives-lies-a-lequite-genre-et-la-gouvernance-publique-au-menu-dune-conference-de-la-cejus-2\/"},"wordCount":800,"commentCount":0,"publisher":{"@id":"https:\/\/228news.tg\/#organization"},"image":{"@id":"https:\/\/228news.tg\/index.php\/2019\/03\/13\/jif-2019-les-defis-et-perspectives-lies-a-lequite-genre-et-la-gouvernance-publique-au-menu-dune-conference-de-la-cejus-2\/#primaryimage"},"thumbnailUrl":"https:\/\/228news.tg\/wp-content\/uploads\/2024\/09\/IMG-20210621-WA0003.jpg","articleSection":["EDUCATION","Flash","TOGO","Une"],"inLanguage":"fr-FR","potentialAction":[{"@type":"CommentAction","name":"Comment","target":["https:\/\/228news.tg\/index.php\/2019\/03\/13\/jif-2019-les-defis-et-perspectives-lies-a-lequite-genre-et-la-gouvernance-publique-au-menu-dune-conference-de-la-cejus-2\/#respond"]}]},{"@type":"WebPage","@id":"https:\/\/228news.tg\/index.php\/2019\/03\/13\/jif-2019-les-defis-et-perspectives-lies-a-lequite-genre-et-la-gouvernance-publique-au-menu-dune-conference-de-la-cejus-2\/","url":"https:\/\/228news.tg\/index.php\/2019\/03\/13\/jif-2019-les-defis-et-perspectives-lies-a-lequite-genre-et-la-gouvernance-publique-au-menu-dune-conference-de-la-cejus-2\/","name":"JIF 2019\u00a0: Les d\u00e9fis et perspectives li\u00e9s \u00e0 l\u2019\u00e9quit\u00e9 genre et la gouvernance publique au menu d\u2019une conf\u00e9rence de la CEJUS - 228 News","isPartOf":{"@id":"https:\/\/228news.tg\/#website"},"primaryImageOfPage":{"@id":"https:\/\/228news.tg\/index.php\/2019\/03\/13\/jif-2019-les-defis-et-perspectives-lies-a-lequite-genre-et-la-gouvernance-publique-au-menu-dune-conference-de-la-cejus-2\/#primaryimage"},"image":{"@id":"https:\/\/228news.tg\/index.php\/2019\/03\/13\/jif-2019-les-defis-et-perspectives-lies-a-lequite-genre-et-la-gouvernance-publique-au-menu-dune-conference-de-la-cejus-2\/#primaryimage"},"thumbnailUrl":"https:\/\/228news.tg\/wp-content\/uploads\/2024\/09\/IMG-20210621-WA0003.jpg","datePublished":"2019-03-13T16:19:44+00:00","breadcrumb":{"@id":"https:\/\/228news.tg\/index.php\/2019\/03\/13\/jif-2019-les-defis-et-perspectives-lies-a-lequite-genre-et-la-gouvernance-publique-au-menu-dune-conference-de-la-cejus-2\/#breadcrumb"},"inLanguage":"fr-FR","potentialAction":[{"@type":"ReadAction","target":["https:\/\/228news.tg\/index.php\/2019\/03\/13\/jif-2019-les-defis-et-perspectives-lies-a-lequite-genre-et-la-gouvernance-publique-au-menu-dune-conference-de-la-cejus-2\/"]}]},{"@type":"ImageObject","inLanguage":"fr-FR","@id":"https:\/\/228news.tg\/index.php\/2019\/03\/13\/jif-2019-les-defis-et-perspectives-lies-a-lequite-genre-et-la-gouvernance-publique-au-menu-dune-conference-de-la-cejus-2\/#primaryimage","url":"https:\/\/228news.tg\/wp-content\/uploads\/2024\/09\/IMG-20210621-WA0003.jpg","contentUrl":"https:\/\/228news.tg\/wp-content\/uploads\/2024\/09\/IMG-20210621-WA0003.jpg","width":678,"height":381},{"@type":"BreadcrumbList","@id":"https:\/\/228news.tg\/index.php\/2019\/03\/13\/jif-2019-les-defis-et-perspectives-lies-a-lequite-genre-et-la-gouvernance-publique-au-menu-dune-conference-de-la-cejus-2\/#breadcrumb","itemListElement":[{"@type":"ListItem","position":1,"name":"Home","item":"https:\/\/228news.tg\/"},{"@type":"ListItem","position":2,"name":"JIF 2019\u00a0: Les d\u00e9fis et perspectives li\u00e9s \u00e0 l\u2019\u00e9quit\u00e9 genre et la gouvernance publique au menu d\u2019une conf\u00e9rence de la CEJUS"}]},{"@type":"WebSite","@id":"https:\/\/228news.tg\/#website","url":"https:\/\/228news.tg\/","name":"228 News","description":"Soci\u00e9t\u00e9 de m\u00e9dias et d\u2019actualit\u00e9s","publisher":{"@id":"https:\/\/228news.tg\/#organization"},"potentialAction":[{"@type":"SearchAction","target":{"@type":"EntryPoint","urlTemplate":"https:\/\/228news.tg\/?s={search_term_string}"},"query-input":{"@type":"PropertyValueSpecification","valueRequired":true,"valueName":"search_term_string"}}],"inLanguage":"fr-FR"},{"@type":"Organization","@id":"https:\/\/228news.tg\/#organization","name":"228 News","url":"https:\/\/228news.tg\/","logo":{"@type":"ImageObject","inLanguage":"fr-FR","@id":"https:\/\/228news.tg\/#\/schema\/logo\/image\/","url":"https:\/\/228news.tg\/wp-content\/uploads\/2024\/09\/logonew.png","contentUrl":"https:\/\/228news.tg\/wp-content\/uploads\/2024\/09\/logonew.png","width":1640,"height":364,"caption":"228 News"},"image":{"@id":"https:\/\/228news.tg\/#\/schema\/logo\/image\/"}},{"@type":"Person","@id":"https:\/\/228news.tg\/#\/schema\/person\/68d5a6cc0230290e61235c8379523f52","name":"Bienvenu SAVI","image":{"@type":"ImageObject","inLanguage":"fr-FR","@id":"https:\/\/228news.tg\/#\/schema\/person\/image\/","url":"https:\/\/secure.gravatar.com\/avatar\/9db91895c559e510509c33a3e9683998458e9b828fac36d5d1aa23f0f2fd369b?s=96&d=mm&r=g","contentUrl":"https:\/\/secure.gravatar.com\/avatar\/9db91895c559e510509c33a3e9683998458e9b828fac36d5d1aa23f0f2fd369b?s=96&d=mm&r=g","caption":"Bienvenu SAVI"},"url":"https:\/\/228news.tg\/index.php\/author\/bienvenu\/"}]}},"jetpack_featured_media_url":"https:\/\/228news.tg\/wp-content\/uploads\/2024\/09\/IMG-20210621-WA0003.jpg","_links":{"self":[{"href":"https:\/\/228news.tg\/index.php\/wp-json\/wp\/v2\/posts\/14691","targetHints":{"allow":["GET"]}}],"collection":[{"href":"https:\/\/228news.tg\/index.php\/wp-json\/wp\/v2\/posts"}],"about":[{"href":"https:\/\/228news.tg\/index.php\/wp-json\/wp\/v2\/types\/post"}],"author":[{"embeddable":true,"href":"https:\/\/228news.tg\/index.php\/wp-json\/wp\/v2\/users\/2"}],"replies":[{"embeddable":true,"href":"https:\/\/228news.tg\/index.php\/wp-json\/wp\/v2\/comments?post=14691"}],"version-history":[{"count":0,"href":"https:\/\/228news.tg\/index.php\/wp-json\/wp\/v2\/posts\/14691\/revisions"}],"wp:featuredmedia":[{"embeddable":true,"href":"https:\/\/228news.tg\/index.php\/wp-json\/wp\/v2\/media\/3930"}],"wp:attachment":[{"href":"https:\/\/228news.tg\/index.php\/wp-json\/wp\/v2\/media?parent=14691"}],"wp:term":[{"taxonomy":"category","embeddable":true,"href":"https:\/\/228news.tg\/index.php\/wp-json\/wp\/v2\/categories?post=14691"},{"taxonomy":"post_tag","embeddable":true,"href":"https:\/\/228news.tg\/index.php\/wp-json\/wp\/v2\/tags?post=14691"}],"curies":[{"name":"wp","href":"https:\/\/api.w.org\/{rel}","templated":true}]}}