{"id":14682,"date":"2019-03-02T15:20:58","date_gmt":"2019-03-02T15:20:58","guid":{"rendered":"http:\/\/localhost\/site\/228news\/?p=3869"},"modified":"2019-03-02T15:20:58","modified_gmt":"2019-03-02T15:20:58","slug":"ecole-internationale-du-christ-30-pasteurs-de-la-26eme-vague-envoyes-en-mission-2","status":"publish","type":"post","link":"https:\/\/228news.tg\/index.php\/2019\/03\/02\/ecole-internationale-du-christ-30-pasteurs-de-la-26eme-vague-envoyes-en-mission-2\/","title":{"rendered":"Ecole Internationale du Christ: 30 pasteurs de la 26\u00e8me vague envoy\u00e9s en mission"},"content":{"rendered":"<p>(228NEWS\/ Lom\u00e9, le 02 mars 2019)- Trente (30) n\u00e9ophytes, comptant pour la 26\u00e8me vague, ont fait leur entr\u00e9e ce samedi 02 mars 2019 dans la famille des pasteurs de l&rsquo;Ecole Internationale du Christ.<\/p>\n<p>La c\u00e9r\u00e9monie de remise de dipl\u00f4me et de couronnement s&rsquo;est tenue \u00e0 l&rsquo;Ecole nationale des Sages Femmes de Lom\u00e9 durant un culte solennel d&rsquo;action de gr\u00e2ce et de pri\u00e8res.<\/p>\n<p><img fetchpriority=\"high\" decoding=\"async\" class=\"alignnone size-medium wp-image-3871 alignleft\" src=\"http:\/\/localhost\/site\/228news\/wp-content\/uploads\/2019\/03\/photo_2019-03-02_16-17-06-300x225.jpg\" alt=\"\" width=\"300\" height=\"225\" \/>Pour le Pasteur Ali Kouassi Constant, Superviseur de l&rsquo;Ecole du Christ, cette c\u00e9r\u00e9monie consacre un grand jour, le jour de l&rsquo;envoi en mission de ces jeunes pasteurs qui viennent de boucler une formation pastorale missionnaire.<\/p>\n<p>\u00ab\u00a0je rend gr\u00e2ce \u00e0 Dieu en ce jour pour ces n\u00e9ophytes qui ont su r\u00e9pondre \u00e0 l&rsquo;appel de Dieu. Apr\u00e8s leur envoi en mission, je suis s\u00fbr qu&rsquo;ils m\u00e8neront \u00e0 bien leur mission dans la crainte de Dieu\u00a0\u00bb, a confi\u00e9 l&rsquo;homme de Dieu qui a assur\u00e9 qu&rsquo;un suivi constant et rigoureux est fait sur les diff\u00e9rentes activit\u00e9s des pasteurs issus de cette \u00e9cole.<\/p>\n<p>Ad\u00e9tch\u00e9ssi Salomon, major de la promotion a remerci\u00e9 les diff\u00e9rents formateurs pour les pr\u00e9cieux enseignements re\u00e7us durant la formation et pris l&rsquo;engagement au nom de ses pairs de tout faire afin de n&rsquo;honorer que Dieu. Pour lui, cette formation les a chang\u00e9 et suscit\u00e9 en eux une autre vision de la vie que doit mener un chr\u00e9tien. Aussi a-t-il lanc\u00e9 un appel \u00e0 tous les chr\u00e9tiens de ne pas h\u00e9siter \u00e0 r\u00e9pondre \u00e0 l&rsquo;appel de Dieu.<img decoding=\"async\" class=\"alignnone size-medium wp-image-3872 alignright\" src=\"http:\/\/localhost\/site\/228news\/wp-content\/uploads\/2019\/03\/photo_2019-03-02_16-16-59-300x225.jpg\" alt=\"\" width=\"300\" height=\"225\" \/><\/p>\n<p>Initialement d&rsquo;une dur\u00e9e de quatre (4) ans, cette formation de 156 modules \u00e0 \u00e9t\u00e9 compress\u00e9e pour ces nouveaux pasteurs de la 26\u00e8me vague sur une dur\u00e9e d&rsquo;un mois.<\/p>\n<p>Pour se faire, l&rsquo;Ecole Internationale du Christ a du les interner et forger \u00e0 la mani\u00e8re des \u00ab\u00a0militaires.<\/p>\n<p>La 27\u00e8me vague est attendue pour le mois d&rsquo;octobre prochain.<\/p>\n<p><strong><em>D\u00e9morate<\/em><\/strong><\/p>\n","protected":false},"excerpt":{"rendered":"<p>(228NEWS\/ Lom\u00e9, le 02 mars 2019)- Trente (30) n\u00e9ophytes, comptant pour la 26\u00e8me vague, ont fait leur entr\u00e9e ce samedi 02 mars 2019 dans la famille des pasteurs de l&rsquo;Ecole Internationale du Christ. La c\u00e9r\u00e9monie de remise de dipl\u00f4me et de couronnement s&rsquo;est tenue \u00e0 l&rsquo;Ecole nationale des Sages Femmes de Lom\u00e9 durant un culte &#8230; <a title=\"Ecole Internationale du Christ: 30 pasteurs de la 26\u00e8me vague envoy\u00e9s en mission\" class=\"read-more\" href=\"https:\/\/228news.tg\/index.php\/2019\/03\/02\/ecole-internationale-du-christ-30-pasteurs-de-la-26eme-vague-envoyes-en-mission-2\/\" aria-label=\"En savoir plus sur Ecole Internationale du Christ: 30 pasteurs de la 26\u00e8me vague envoy\u00e9s en mission\">Lire la suite<\/a><\/p>\n","protected":false},"author":2,"featured_media":3870,"comment_status":"open","ping_status":"open","sticky":false,"template":"","format":"chat","meta":{"footnotes":""},"categories":[35,29,25,34],"tags":[],"class_list":["post-14682","post","type-post","status-publish","format-chat","has-post-thumbnail","hentry","category-flash","category-societe","category-togo","category-une","post_format-post-format-chat"],"yoast_head":"<!-- This site is optimized with the Yoast SEO plugin v26.4 - https:\/\/yoast.com\/wordpress\/plugins\/seo\/ -->\n<title>Ecole Internationale du Christ: 30 pasteurs de la 26\u00e8me vague envoy\u00e9s en mission - 228 News<\/title>\n<meta name=\"robots\" content=\"index, follow, max-snippet:-1, max-image-preview:large, max-video-preview:-1\" \/>\n<link rel=\"canonical\" href=\"https:\/\/228news.tg\/index.php\/2019\/03\/02\/ecole-internationale-du-christ-30-pasteurs-de-la-26eme-vague-envoyes-en-mission-2\/\" \/>\n<meta property=\"og:locale\" content=\"fr_FR\" \/>\n<meta property=\"og:type\" content=\"article\" \/>\n<meta property=\"og:title\" content=\"Ecole Internationale du Christ: 30 pasteurs de la 26\u00e8me vague envoy\u00e9s en mission - 228 News\" \/>\n<meta property=\"og:description\" content=\"(228NEWS\/ Lom\u00e9, le 02 mars 2019)- Trente (30) n\u00e9ophytes, comptant pour la 26\u00e8me vague, ont fait leur entr\u00e9e ce samedi 02 mars 2019 dans la famille des pasteurs de l&rsquo;Ecole Internationale du Christ. La c\u00e9r\u00e9monie de remise de dipl\u00f4me et de couronnement s&rsquo;est tenue \u00e0 l&rsquo;Ecole nationale des Sages Femmes de Lom\u00e9 durant un culte ... Lire la suite\" \/>\n<meta property=\"og:url\" content=\"https:\/\/228news.tg\/index.php\/2019\/03\/02\/ecole-internationale-du-christ-30-pasteurs-de-la-26eme-vague-envoyes-en-mission-2\/\" \/>\n<meta property=\"og:site_name\" content=\"228 News\" \/>\n<meta property=\"article:published_time\" content=\"2019-03-02T15:20:58+00:00\" \/>\n<meta property=\"og:image\" content=\"http:\/\/localhost\/site\/228news\/wp-content\/uploads\/2019\/03\/photo_2019-03-02_16-17-06-300x225.jpg\" \/>\n<meta name=\"author\" content=\"Bienvenu SAVI\" \/>\n<meta name=\"twitter:card\" content=\"summary_large_image\" \/>\n<meta name=\"twitter:label1\" content=\"\u00c9crit par\" \/>\n\t<meta name=\"twitter:data1\" content=\"Bienvenu SAVI\" \/>\n\t<meta name=\"twitter:label2\" content=\"Dur\u00e9e de lecture estim\u00e9e\" \/>\n\t<meta name=\"twitter:data2\" content=\"2 minutes\" \/>\n<script type=\"application\/ld+json\" class=\"yoast-schema-graph\">{\"@context\":\"https:\/\/schema.org\",\"@graph\":[{\"@type\":\"Article\",\"@id\":\"https:\/\/228news.tg\/index.php\/2019\/03\/02\/ecole-internationale-du-christ-30-pasteurs-de-la-26eme-vague-envoyes-en-mission-2\/#article\",\"isPartOf\":{\"@id\":\"https:\/\/228news.tg\/index.php\/2019\/03\/02\/ecole-internationale-du-christ-30-pasteurs-de-la-26eme-vague-envoyes-en-mission-2\/\"},\"author\":{\"name\":\"Bienvenu SAVI\",\"@id\":\"https:\/\/228news.tg\/#\/schema\/person\/68d5a6cc0230290e61235c8379523f52\"},\"headline\":\"Ecole Internationale du Christ: 30 pasteurs de la 26\u00e8me vague envoy\u00e9s en mission\",\"datePublished\":\"2019-03-02T15:20:58+00:00\",\"mainEntityOfPage\":{\"@id\":\"https:\/\/228news.tg\/index.php\/2019\/03\/02\/ecole-internationale-du-christ-30-pasteurs-de-la-26eme-vague-envoyes-en-mission-2\/\"},\"wordCount\":339,\"commentCount\":0,\"publisher\":{\"@id\":\"https:\/\/228news.tg\/#organization\"},\"image\":{\"@id\":\"https:\/\/228news.tg\/index.php\/2019\/03\/02\/ecole-internationale-du-christ-30-pasteurs-de-la-26eme-vague-envoyes-en-mission-2\/#primaryimage\"},\"thumbnailUrl\":\"https:\/\/228news.tg\/wp-content\/uploads\/2024\/09\/IMG-20210615-WA0019.jpg\",\"articleSection\":[\"Flash\",\"SOCIETE\",\"TOGO\",\"Une\"],\"inLanguage\":\"fr-FR\",\"potentialAction\":[{\"@type\":\"CommentAction\",\"name\":\"Comment\",\"target\":[\"https:\/\/228news.tg\/index.php\/2019\/03\/02\/ecole-internationale-du-christ-30-pasteurs-de-la-26eme-vague-envoyes-en-mission-2\/#respond\"]}]},{\"@type\":\"WebPage\",\"@id\":\"https:\/\/228news.tg\/index.php\/2019\/03\/02\/ecole-internationale-du-christ-30-pasteurs-de-la-26eme-vague-envoyes-en-mission-2\/\",\"url\":\"https:\/\/228news.tg\/index.php\/2019\/03\/02\/ecole-internationale-du-christ-30-pasteurs-de-la-26eme-vague-envoyes-en-mission-2\/\",\"name\":\"Ecole Internationale du Christ: 30 pasteurs de la 26\u00e8me vague envoy\u00e9s en mission - 228 News\",\"isPartOf\":{\"@id\":\"https:\/\/228news.tg\/#website\"},\"primaryImageOfPage\":{\"@id\":\"https:\/\/228news.tg\/index.php\/2019\/03\/02\/ecole-internationale-du-christ-30-pasteurs-de-la-26eme-vague-envoyes-en-mission-2\/#primaryimage\"},\"image\":{\"@id\":\"https:\/\/228news.tg\/index.php\/2019\/03\/02\/ecole-internationale-du-christ-30-pasteurs-de-la-26eme-vague-envoyes-en-mission-2\/#primaryimage\"},\"thumbnailUrl\":\"https:\/\/228news.tg\/wp-content\/uploads\/2024\/09\/IMG-20210615-WA0019.jpg\",\"datePublished\":\"2019-03-02T15:20:58+00:00\",\"breadcrumb\":{\"@id\":\"https:\/\/228news.tg\/index.php\/2019\/03\/02\/ecole-internationale-du-christ-30-pasteurs-de-la-26eme-vague-envoyes-en-mission-2\/#breadcrumb\"},\"inLanguage\":\"fr-FR\",\"potentialAction\":[{\"@type\":\"ReadAction\",\"target\":[\"https:\/\/228news.tg\/index.php\/2019\/03\/02\/ecole-internationale-du-christ-30-pasteurs-de-la-26eme-vague-envoyes-en-mission-2\/\"]}]},{\"@type\":\"ImageObject\",\"inLanguage\":\"fr-FR\",\"@id\":\"https:\/\/228news.tg\/index.php\/2019\/03\/02\/ecole-internationale-du-christ-30-pasteurs-de-la-26eme-vague-envoyes-en-mission-2\/#primaryimage\",\"url\":\"https:\/\/228news.tg\/wp-content\/uploads\/2024\/09\/IMG-20210615-WA0019.jpg\",\"contentUrl\":\"https:\/\/228news.tg\/wp-content\/uploads\/2024\/09\/IMG-20210615-WA0019.jpg\",\"width\":600,\"height\":450},{\"@type\":\"BreadcrumbList\",\"@id\":\"https:\/\/228news.tg\/index.php\/2019\/03\/02\/ecole-internationale-du-christ-30-pasteurs-de-la-26eme-vague-envoyes-en-mission-2\/#breadcrumb\",\"itemListElement\":[{\"@type\":\"ListItem\",\"position\":1,\"name\":\"Home\",\"item\":\"https:\/\/228news.tg\/\"},{\"@type\":\"ListItem\",\"position\":2,\"name\":\"Ecole Internationale du Christ: 30 pasteurs de la 26\u00e8me vague envoy\u00e9s en mission\"}]},{\"@type\":\"WebSite\",\"@id\":\"https:\/\/228news.tg\/#website\",\"url\":\"https:\/\/228news.tg\/\",\"name\":\"228 News\",\"description\":\"Soci\u00e9t\u00e9 de m\u00e9dias et d\u2019actualit\u00e9s\",\"publisher\":{\"@id\":\"https:\/\/228news.tg\/#organization\"},\"potentialAction\":[{\"@type\":\"SearchAction\",\"target\":{\"@type\":\"EntryPoint\",\"urlTemplate\":\"https:\/\/228news.tg\/?s={search_term_string}\"},\"query-input\":{\"@type\":\"PropertyValueSpecification\",\"valueRequired\":true,\"valueName\":\"search_term_string\"}}],\"inLanguage\":\"fr-FR\"},{\"@type\":\"Organization\",\"@id\":\"https:\/\/228news.tg\/#organization\",\"name\":\"228 News\",\"url\":\"https:\/\/228news.tg\/\",\"logo\":{\"@type\":\"ImageObject\",\"inLanguage\":\"fr-FR\",\"@id\":\"https:\/\/228news.tg\/#\/schema\/logo\/image\/\",\"url\":\"https:\/\/228news.tg\/wp-content\/uploads\/2024\/09\/logonew.png\",\"contentUrl\":\"https:\/\/228news.tg\/wp-content\/uploads\/2024\/09\/logonew.png\",\"width\":1640,\"height\":364,\"caption\":\"228 News\"},\"image\":{\"@id\":\"https:\/\/228news.tg\/#\/schema\/logo\/image\/\"}},{\"@type\":\"Person\",\"@id\":\"https:\/\/228news.tg\/#\/schema\/person\/68d5a6cc0230290e61235c8379523f52\",\"name\":\"Bienvenu SAVI\",\"image\":{\"@type\":\"ImageObject\",\"inLanguage\":\"fr-FR\",\"@id\":\"https:\/\/228news.tg\/#\/schema\/person\/image\/\",\"url\":\"https:\/\/secure.gravatar.com\/avatar\/9db91895c559e510509c33a3e9683998458e9b828fac36d5d1aa23f0f2fd369b?s=96&d=mm&r=g\",\"contentUrl\":\"https:\/\/secure.gravatar.com\/avatar\/9db91895c559e510509c33a3e9683998458e9b828fac36d5d1aa23f0f2fd369b?s=96&d=mm&r=g\",\"caption\":\"Bienvenu SAVI\"},\"url\":\"https:\/\/228news.tg\/index.php\/author\/bienvenu\/\"}]}<\/script>\n<!-- \/ Yoast SEO plugin. -->","yoast_head_json":{"title":"Ecole Internationale du Christ: 30 pasteurs de la 26\u00e8me vague envoy\u00e9s en mission - 228 News","robots":{"index":"index","follow":"follow","max-snippet":"max-snippet:-1","max-image-preview":"max-image-preview:large","max-video-preview":"max-video-preview:-1"},"canonical":"https:\/\/228news.tg\/index.php\/2019\/03\/02\/ecole-internationale-du-christ-30-pasteurs-de-la-26eme-vague-envoyes-en-mission-2\/","og_locale":"fr_FR","og_type":"article","og_title":"Ecole Internationale du Christ: 30 pasteurs de la 26\u00e8me vague envoy\u00e9s en mission - 228 News","og_description":"(228NEWS\/ Lom\u00e9, le 02 mars 2019)- Trente (30) n\u00e9ophytes, comptant pour la 26\u00e8me vague, ont fait leur entr\u00e9e ce samedi 02 mars 2019 dans la famille des pasteurs de l&rsquo;Ecole Internationale du Christ. La c\u00e9r\u00e9monie de remise de dipl\u00f4me et de couronnement s&rsquo;est tenue \u00e0 l&rsquo;Ecole nationale des Sages Femmes de Lom\u00e9 durant un culte ... Lire la suite","og_url":"https:\/\/228news.tg\/index.php\/2019\/03\/02\/ecole-internationale-du-christ-30-pasteurs-de-la-26eme-vague-envoyes-en-mission-2\/","og_site_name":"228 News","article_published_time":"2019-03-02T15:20:58+00:00","og_image":[{"url":"http:\/\/localhost\/site\/228news\/wp-content\/uploads\/2019\/03\/photo_2019-03-02_16-17-06-300x225.jpg","type":"","width":"","height":""}],"author":"Bienvenu SAVI","twitter_card":"summary_large_image","twitter_misc":{"\u00c9crit par":"Bienvenu SAVI","Dur\u00e9e de lecture estim\u00e9e":"2 minutes"},"schema":{"@context":"https:\/\/schema.org","@graph":[{"@type":"Article","@id":"https:\/\/228news.tg\/index.php\/2019\/03\/02\/ecole-internationale-du-christ-30-pasteurs-de-la-26eme-vague-envoyes-en-mission-2\/#article","isPartOf":{"@id":"https:\/\/228news.tg\/index.php\/2019\/03\/02\/ecole-internationale-du-christ-30-pasteurs-de-la-26eme-vague-envoyes-en-mission-2\/"},"author":{"name":"Bienvenu SAVI","@id":"https:\/\/228news.tg\/#\/schema\/person\/68d5a6cc0230290e61235c8379523f52"},"headline":"Ecole Internationale du Christ: 30 pasteurs de la 26\u00e8me vague envoy\u00e9s en mission","datePublished":"2019-03-02T15:20:58+00:00","mainEntityOfPage":{"@id":"https:\/\/228news.tg\/index.php\/2019\/03\/02\/ecole-internationale-du-christ-30-pasteurs-de-la-26eme-vague-envoyes-en-mission-2\/"},"wordCount":339,"commentCount":0,"publisher":{"@id":"https:\/\/228news.tg\/#organization"},"image":{"@id":"https:\/\/228news.tg\/index.php\/2019\/03\/02\/ecole-internationale-du-christ-30-pasteurs-de-la-26eme-vague-envoyes-en-mission-2\/#primaryimage"},"thumbnailUrl":"https:\/\/228news.tg\/wp-content\/uploads\/2024\/09\/IMG-20210615-WA0019.jpg","articleSection":["Flash","SOCIETE","TOGO","Une"],"inLanguage":"fr-FR","potentialAction":[{"@type":"CommentAction","name":"Comment","target":["https:\/\/228news.tg\/index.php\/2019\/03\/02\/ecole-internationale-du-christ-30-pasteurs-de-la-26eme-vague-envoyes-en-mission-2\/#respond"]}]},{"@type":"WebPage","@id":"https:\/\/228news.tg\/index.php\/2019\/03\/02\/ecole-internationale-du-christ-30-pasteurs-de-la-26eme-vague-envoyes-en-mission-2\/","url":"https:\/\/228news.tg\/index.php\/2019\/03\/02\/ecole-internationale-du-christ-30-pasteurs-de-la-26eme-vague-envoyes-en-mission-2\/","name":"Ecole Internationale du Christ: 30 pasteurs de la 26\u00e8me vague envoy\u00e9s en mission - 228 News","isPartOf":{"@id":"https:\/\/228news.tg\/#website"},"primaryImageOfPage":{"@id":"https:\/\/228news.tg\/index.php\/2019\/03\/02\/ecole-internationale-du-christ-30-pasteurs-de-la-26eme-vague-envoyes-en-mission-2\/#primaryimage"},"image":{"@id":"https:\/\/228news.tg\/index.php\/2019\/03\/02\/ecole-internationale-du-christ-30-pasteurs-de-la-26eme-vague-envoyes-en-mission-2\/#primaryimage"},"thumbnailUrl":"https:\/\/228news.tg\/wp-content\/uploads\/2024\/09\/IMG-20210615-WA0019.jpg","datePublished":"2019-03-02T15:20:58+00:00","breadcrumb":{"@id":"https:\/\/228news.tg\/index.php\/2019\/03\/02\/ecole-internationale-du-christ-30-pasteurs-de-la-26eme-vague-envoyes-en-mission-2\/#breadcrumb"},"inLanguage":"fr-FR","potentialAction":[{"@type":"ReadAction","target":["https:\/\/228news.tg\/index.php\/2019\/03\/02\/ecole-internationale-du-christ-30-pasteurs-de-la-26eme-vague-envoyes-en-mission-2\/"]}]},{"@type":"ImageObject","inLanguage":"fr-FR","@id":"https:\/\/228news.tg\/index.php\/2019\/03\/02\/ecole-internationale-du-christ-30-pasteurs-de-la-26eme-vague-envoyes-en-mission-2\/#primaryimage","url":"https:\/\/228news.tg\/wp-content\/uploads\/2024\/09\/IMG-20210615-WA0019.jpg","contentUrl":"https:\/\/228news.tg\/wp-content\/uploads\/2024\/09\/IMG-20210615-WA0019.jpg","width":600,"height":450},{"@type":"BreadcrumbList","@id":"https:\/\/228news.tg\/index.php\/2019\/03\/02\/ecole-internationale-du-christ-30-pasteurs-de-la-26eme-vague-envoyes-en-mission-2\/#breadcrumb","itemListElement":[{"@type":"ListItem","position":1,"name":"Home","item":"https:\/\/228news.tg\/"},{"@type":"ListItem","position":2,"name":"Ecole Internationale du Christ: 30 pasteurs de la 26\u00e8me vague envoy\u00e9s en mission"}]},{"@type":"WebSite","@id":"https:\/\/228news.tg\/#website","url":"https:\/\/228news.tg\/","name":"228 News","description":"Soci\u00e9t\u00e9 de m\u00e9dias et d\u2019actualit\u00e9s","publisher":{"@id":"https:\/\/228news.tg\/#organization"},"potentialAction":[{"@type":"SearchAction","target":{"@type":"EntryPoint","urlTemplate":"https:\/\/228news.tg\/?s={search_term_string}"},"query-input":{"@type":"PropertyValueSpecification","valueRequired":true,"valueName":"search_term_string"}}],"inLanguage":"fr-FR"},{"@type":"Organization","@id":"https:\/\/228news.tg\/#organization","name":"228 News","url":"https:\/\/228news.tg\/","logo":{"@type":"ImageObject","inLanguage":"fr-FR","@id":"https:\/\/228news.tg\/#\/schema\/logo\/image\/","url":"https:\/\/228news.tg\/wp-content\/uploads\/2024\/09\/logonew.png","contentUrl":"https:\/\/228news.tg\/wp-content\/uploads\/2024\/09\/logonew.png","width":1640,"height":364,"caption":"228 News"},"image":{"@id":"https:\/\/228news.tg\/#\/schema\/logo\/image\/"}},{"@type":"Person","@id":"https:\/\/228news.tg\/#\/schema\/person\/68d5a6cc0230290e61235c8379523f52","name":"Bienvenu SAVI","image":{"@type":"ImageObject","inLanguage":"fr-FR","@id":"https:\/\/228news.tg\/#\/schema\/person\/image\/","url":"https:\/\/secure.gravatar.com\/avatar\/9db91895c559e510509c33a3e9683998458e9b828fac36d5d1aa23f0f2fd369b?s=96&d=mm&r=g","contentUrl":"https:\/\/secure.gravatar.com\/avatar\/9db91895c559e510509c33a3e9683998458e9b828fac36d5d1aa23f0f2fd369b?s=96&d=mm&r=g","caption":"Bienvenu SAVI"},"url":"https:\/\/228news.tg\/index.php\/author\/bienvenu\/"}]}},"jetpack_featured_media_url":"https:\/\/228news.tg\/wp-content\/uploads\/2024\/09\/IMG-20210615-WA0019.jpg","_links":{"self":[{"href":"https:\/\/228news.tg\/index.php\/wp-json\/wp\/v2\/posts\/14682","targetHints":{"allow":["GET"]}}],"collection":[{"href":"https:\/\/228news.tg\/index.php\/wp-json\/wp\/v2\/posts"}],"about":[{"href":"https:\/\/228news.tg\/index.php\/wp-json\/wp\/v2\/types\/post"}],"author":[{"embeddable":true,"href":"https:\/\/228news.tg\/index.php\/wp-json\/wp\/v2\/users\/2"}],"replies":[{"embeddable":true,"href":"https:\/\/228news.tg\/index.php\/wp-json\/wp\/v2\/comments?post=14682"}],"version-history":[{"count":0,"href":"https:\/\/228news.tg\/index.php\/wp-json\/wp\/v2\/posts\/14682\/revisions"}],"wp:featuredmedia":[{"embeddable":true,"href":"https:\/\/228news.tg\/index.php\/wp-json\/wp\/v2\/media\/3870"}],"wp:attachment":[{"href":"https:\/\/228news.tg\/index.php\/wp-json\/wp\/v2\/media?parent=14682"}],"wp:term":[{"taxonomy":"category","embeddable":true,"href":"https:\/\/228news.tg\/index.php\/wp-json\/wp\/v2\/categories?post=14682"},{"taxonomy":"post_tag","embeddable":true,"href":"https:\/\/228news.tg\/index.php\/wp-json\/wp\/v2\/tags?post=14682"}],"curies":[{"name":"wp","href":"https:\/\/api.w.org\/{rel}","templated":true}]}}