{"id":14676,"date":"2019-02-26T16:18:22","date_gmt":"2019-02-26T16:18:22","guid":{"rendered":"http:\/\/localhost\/site\/228news\/?p=3849"},"modified":"2019-02-26T16:18:22","modified_gmt":"2019-02-26T16:18:22","slug":"plan-dactions-biennal-cadre-statutaire-et-de-fonctionnement-les-mediateurs-de-lamp-uemoa-sont-en-assemblee-generale-extraordinaire-a-lome-2","status":"publish","type":"post","link":"https:\/\/228news.tg\/index.php\/2019\/02\/26\/plan-dactions-biennal-cadre-statutaire-et-de-fonctionnement-les-mediateurs-de-lamp-uemoa-sont-en-assemblee-generale-extraordinaire-a-lome-2\/","title":{"rendered":"Plan d&rsquo;actions biennal, cadre statutaire et de fonctionnement, les M\u00e9diateurs de l&rsquo;AMP-UEMOA sont en assembl\u00e9e g\u00e9n\u00e9rale extraordinaire \u00e0 Lom\u00e9"},"content":{"rendered":"<p>(228NEWS\/ Lom\u00e9, le 26 f\u00e9vrier 2019)- L&rsquo;assembl\u00e9e g\u00e9n\u00e9rale extraordinaire de l&rsquo;Association des M\u00e9diateurs de la R\u00e9publique de l&rsquo;Union Economique et Mon\u00e9taire Ouest Africaine (AMP-UEMOA) se tient \u00e0 Lom\u00e9 depuis ce mardi 26 f\u00e9vrier 2019.<\/p>\n<p>Cette assembl\u00e9e g\u00e9n\u00e9rale extraordinaire intervient dans un contexte o\u00f9 l&rsquo;association doit combler un vide juridique. En effet, lors la 5<sup>\u00e8me<\/sup> Assembl\u00e9e G\u00e9n\u00e9rale de l\u2019Association des M\u00e9diateurs des Pays membres de l\u2019UEMOA le 1<sup>er<\/sup> octobre 2018\u00e0 Ouagadougou (Burkina Faso), les M\u00e9diateurs de l\u2019UEMOA ont proc\u00e9d\u00e9 au renouvellement du Bureau portant \u00e0 la pr\u00e9sidence de l\u2019AMP-UEMOA Me Ali SIRFI, M\u00e9diateur de la R\u00e9publique du Niger.<\/p>\n<p>L\u2019article 8-2-1 alin\u00e9a 3 des Statuts de l\u2019AMP-UEMOA dispose que \u00ab\u00a0le Pr\u00e9sident pr\u00e9sente \u00e0 l\u2019Assembl\u00e9e G\u00e9n\u00e9rale le projet du plan d\u2019action biennal\u00a0\u00bb.<\/p>\n<p>Le temps n\u2019ayant pas permis au nouveau Pr\u00e9sident de pr\u00e9senter son plan d\u2019action conform\u00e9ment au texte suscit\u00e9 et pour rem\u00e9dier \u00e0 ce manquement, le Pr\u00e9sident\u00a0 de l\u2019AMP-UEMOA a, dans une correspondance en date du 28 octobre 2018\u00a0 adress\u00e9e aux membres de l\u2019Association, soumis son\u00a0 projet biennal en vue de recueillir leurs observations et amendements.<\/p>\n<p>Au cours des travaux, il sera essentiellement question\u00a0de valider, d\u2019une part,\u00a0 le plan d\u2019action biennal des activit\u00e9s, d\u2019autre part, les travaux du Comit\u00e9 des experts \u00a0r\u00e9uni \u00e0 Niamey du 15 au 19 d\u00e9cembre 2018 sur les documents d&rsquo;harmonisation du cadre statutaire, sur l\u2019organisation et le fonctionnement de l\u2019institution du M\u00e9diateur de la R\u00e9publique dans l\u2019espace UEMOA.<\/p>\n<p>Le projet de charte de l\u2019institution du M\u00e9diateur de la R\u00e9publique dans l\u2019espace UEMOA, des\u00a0observations et amendements propos\u00e9es suite \u00e0 la relecture des statuts et r\u00e8glement int\u00e9rieur sont \u00e9tudi\u00e9s et valid\u00e9s, ainsi que la clarification du Statut de l\u2019Association des M\u00e9diateurs membres de l\u2019UEMOA seront au coeur de cette rencontre qui prend fin demain.<\/p>\n<p>Dans son intervention, Awa Nana Daboya a mis un accent sur le partage d&rsquo;exp\u00e9riences et du chemin parcouru depuis l\u2019institution de cet organe majeur d&rsquo;encrage de la d\u00e9mocratie dans nos Etats et de r\u00e9gulateurs et protecteurs des droits des citoyens face \u00e0 la machine administrative.<\/p>\n<p>Elle a \u00e9galement exhort\u00e9 ses pairs \u00e0 de fructueux \u00e9changes pouvant les conduire \u00e0 se doter d&rsquo;un bon cadre de travail et d&rsquo;un plan d&rsquo;actions efficace dans l&rsquo;accomplissement de leurs missions.<\/p>\n<p>pour rappel, Mme Awa Nana Daboya est \u00e9galement pr\u00e9sidente du Haut Commissariat \u00e0 la R\u00e9conciliation et au Renforcement de l&rsquo;Unit\u00e9 Nationale (HCRRUN).<\/p>\n<p><em><strong>D\u00e9mocrate<\/strong><\/em><\/p>\n<p><em><strong>(00228) 91 85 40 14<\/strong><\/em><\/p>\n<p><em><strong>democrat2010@gmail.com<\/strong><\/em><\/p>\n<p>&nbsp;<\/p>\n","protected":false},"excerpt":{"rendered":"<p>(228NEWS\/ Lom\u00e9, le 26 f\u00e9vrier 2019)- L&rsquo;assembl\u00e9e g\u00e9n\u00e9rale extraordinaire de l&rsquo;Association des M\u00e9diateurs de la R\u00e9publique de l&rsquo;Union Economique et Mon\u00e9taire Ouest Africaine (AMP-UEMOA) se tient \u00e0 Lom\u00e9 depuis ce mardi 26 f\u00e9vrier 2019. Cette assembl\u00e9e g\u00e9n\u00e9rale extraordinaire intervient dans un contexte o\u00f9 l&rsquo;association doit combler un vide juridique. En effet, lors la 5\u00e8me Assembl\u00e9e &#8230; <a title=\"Plan d&rsquo;actions biennal, cadre statutaire et de fonctionnement, les M\u00e9diateurs de l&rsquo;AMP-UEMOA sont en assembl\u00e9e g\u00e9n\u00e9rale extraordinaire \u00e0 Lom\u00e9\" class=\"read-more\" href=\"https:\/\/228news.tg\/index.php\/2019\/02\/26\/plan-dactions-biennal-cadre-statutaire-et-de-fonctionnement-les-mediateurs-de-lamp-uemoa-sont-en-assemblee-generale-extraordinaire-a-lome-2\/\" aria-label=\"En savoir plus sur Plan d&rsquo;actions biennal, cadre statutaire et de fonctionnement, les M\u00e9diateurs de l&rsquo;AMP-UEMOA sont en assembl\u00e9e g\u00e9n\u00e9rale extraordinaire \u00e0 Lom\u00e9\">Lire la suite<\/a><\/p>\n","protected":false},"author":2,"featured_media":3850,"comment_status":"open","ping_status":"open","sticky":false,"template":"","format":"chat","meta":{"footnotes":""},"categories":[35,29,25,34],"tags":[],"class_list":["post-14676","post","type-post","status-publish","format-chat","has-post-thumbnail","hentry","category-flash","category-societe","category-togo","category-une","post_format-post-format-chat"],"yoast_head":"<!-- This site is optimized with the Yoast SEO plugin v26.4 - https:\/\/yoast.com\/wordpress\/plugins\/seo\/ -->\n<title>Plan d&#039;actions biennal, cadre statutaire et de fonctionnement, les M\u00e9diateurs de l&#039;AMP-UEMOA sont en assembl\u00e9e g\u00e9n\u00e9rale extraordinaire \u00e0 Lom\u00e9 - 228 News<\/title>\n<meta name=\"robots\" content=\"index, follow, max-snippet:-1, max-image-preview:large, max-video-preview:-1\" \/>\n<link rel=\"canonical\" href=\"https:\/\/228news.tg\/index.php\/2019\/02\/26\/plan-dactions-biennal-cadre-statutaire-et-de-fonctionnement-les-mediateurs-de-lamp-uemoa-sont-en-assemblee-generale-extraordinaire-a-lome-2\/\" \/>\n<meta property=\"og:locale\" content=\"fr_FR\" \/>\n<meta property=\"og:type\" content=\"article\" \/>\n<meta property=\"og:title\" content=\"Plan d&#039;actions biennal, cadre statutaire et de fonctionnement, les M\u00e9diateurs de l&#039;AMP-UEMOA sont en assembl\u00e9e g\u00e9n\u00e9rale extraordinaire \u00e0 Lom\u00e9 - 228 News\" \/>\n<meta property=\"og:description\" content=\"(228NEWS\/ Lom\u00e9, le 26 f\u00e9vrier 2019)- L&rsquo;assembl\u00e9e g\u00e9n\u00e9rale extraordinaire de l&rsquo;Association des M\u00e9diateurs de la R\u00e9publique de l&rsquo;Union Economique et Mon\u00e9taire Ouest Africaine (AMP-UEMOA) se tient \u00e0 Lom\u00e9 depuis ce mardi 26 f\u00e9vrier 2019. Cette assembl\u00e9e g\u00e9n\u00e9rale extraordinaire intervient dans un contexte o\u00f9 l&rsquo;association doit combler un vide juridique. En effet, lors la 5\u00e8me Assembl\u00e9e ... Lire la suite\" \/>\n<meta property=\"og:url\" content=\"https:\/\/228news.tg\/index.php\/2019\/02\/26\/plan-dactions-biennal-cadre-statutaire-et-de-fonctionnement-les-mediateurs-de-lamp-uemoa-sont-en-assemblee-generale-extraordinaire-a-lome-2\/\" \/>\n<meta property=\"og:site_name\" content=\"228 News\" \/>\n<meta property=\"article:published_time\" content=\"2019-02-26T16:18:22+00:00\" \/>\n<meta name=\"author\" content=\"Bienvenu SAVI\" \/>\n<meta name=\"twitter:card\" content=\"summary_large_image\" \/>\n<meta name=\"twitter:label1\" content=\"\u00c9crit par\" \/>\n\t<meta name=\"twitter:data1\" content=\"Bienvenu SAVI\" \/>\n\t<meta name=\"twitter:label2\" content=\"Dur\u00e9e de lecture estim\u00e9e\" \/>\n\t<meta name=\"twitter:data2\" content=\"2 minutes\" \/>\n<script type=\"application\/ld+json\" class=\"yoast-schema-graph\">{\"@context\":\"https:\/\/schema.org\",\"@graph\":[{\"@type\":\"Article\",\"@id\":\"https:\/\/228news.tg\/index.php\/2019\/02\/26\/plan-dactions-biennal-cadre-statutaire-et-de-fonctionnement-les-mediateurs-de-lamp-uemoa-sont-en-assemblee-generale-extraordinaire-a-lome-2\/#article\",\"isPartOf\":{\"@id\":\"https:\/\/228news.tg\/index.php\/2019\/02\/26\/plan-dactions-biennal-cadre-statutaire-et-de-fonctionnement-les-mediateurs-de-lamp-uemoa-sont-en-assemblee-generale-extraordinaire-a-lome-2\/\"},\"author\":{\"name\":\"Bienvenu SAVI\",\"@id\":\"https:\/\/228news.tg\/#\/schema\/person\/68d5a6cc0230290e61235c8379523f52\"},\"headline\":\"Plan d&rsquo;actions biennal, cadre statutaire et de fonctionnement, les M\u00e9diateurs de l&rsquo;AMP-UEMOA sont en assembl\u00e9e g\u00e9n\u00e9rale extraordinaire \u00e0 Lom\u00e9\",\"datePublished\":\"2019-02-26T16:18:22+00:00\",\"mainEntityOfPage\":{\"@id\":\"https:\/\/228news.tg\/index.php\/2019\/02\/26\/plan-dactions-biennal-cadre-statutaire-et-de-fonctionnement-les-mediateurs-de-lamp-uemoa-sont-en-assemblee-generale-extraordinaire-a-lome-2\/\"},\"wordCount\":479,\"commentCount\":0,\"publisher\":{\"@id\":\"https:\/\/228news.tg\/#organization\"},\"image\":{\"@id\":\"https:\/\/228news.tg\/index.php\/2019\/02\/26\/plan-dactions-biennal-cadre-statutaire-et-de-fonctionnement-les-mediateurs-de-lamp-uemoa-sont-en-assemblee-generale-extraordinaire-a-lome-2\/#primaryimage\"},\"thumbnailUrl\":\"\",\"articleSection\":[\"Flash\",\"SOCIETE\",\"TOGO\",\"Une\"],\"inLanguage\":\"fr-FR\",\"potentialAction\":[{\"@type\":\"CommentAction\",\"name\":\"Comment\",\"target\":[\"https:\/\/228news.tg\/index.php\/2019\/02\/26\/plan-dactions-biennal-cadre-statutaire-et-de-fonctionnement-les-mediateurs-de-lamp-uemoa-sont-en-assemblee-generale-extraordinaire-a-lome-2\/#respond\"]}]},{\"@type\":\"WebPage\",\"@id\":\"https:\/\/228news.tg\/index.php\/2019\/02\/26\/plan-dactions-biennal-cadre-statutaire-et-de-fonctionnement-les-mediateurs-de-lamp-uemoa-sont-en-assemblee-generale-extraordinaire-a-lome-2\/\",\"url\":\"https:\/\/228news.tg\/index.php\/2019\/02\/26\/plan-dactions-biennal-cadre-statutaire-et-de-fonctionnement-les-mediateurs-de-lamp-uemoa-sont-en-assemblee-generale-extraordinaire-a-lome-2\/\",\"name\":\"Plan d'actions biennal, cadre statutaire et de fonctionnement, les M\u00e9diateurs de l'AMP-UEMOA sont en assembl\u00e9e g\u00e9n\u00e9rale extraordinaire \u00e0 Lom\u00e9 - 228 News\",\"isPartOf\":{\"@id\":\"https:\/\/228news.tg\/#website\"},\"primaryImageOfPage\":{\"@id\":\"https:\/\/228news.tg\/index.php\/2019\/02\/26\/plan-dactions-biennal-cadre-statutaire-et-de-fonctionnement-les-mediateurs-de-lamp-uemoa-sont-en-assemblee-generale-extraordinaire-a-lome-2\/#primaryimage\"},\"image\":{\"@id\":\"https:\/\/228news.tg\/index.php\/2019\/02\/26\/plan-dactions-biennal-cadre-statutaire-et-de-fonctionnement-les-mediateurs-de-lamp-uemoa-sont-en-assemblee-generale-extraordinaire-a-lome-2\/#primaryimage\"},\"thumbnailUrl\":\"\",\"datePublished\":\"2019-02-26T16:18:22+00:00\",\"breadcrumb\":{\"@id\":\"https:\/\/228news.tg\/index.php\/2019\/02\/26\/plan-dactions-biennal-cadre-statutaire-et-de-fonctionnement-les-mediateurs-de-lamp-uemoa-sont-en-assemblee-generale-extraordinaire-a-lome-2\/#breadcrumb\"},\"inLanguage\":\"fr-FR\",\"potentialAction\":[{\"@type\":\"ReadAction\",\"target\":[\"https:\/\/228news.tg\/index.php\/2019\/02\/26\/plan-dactions-biennal-cadre-statutaire-et-de-fonctionnement-les-mediateurs-de-lamp-uemoa-sont-en-assemblee-generale-extraordinaire-a-lome-2\/\"]}]},{\"@type\":\"ImageObject\",\"inLanguage\":\"fr-FR\",\"@id\":\"https:\/\/228news.tg\/index.php\/2019\/02\/26\/plan-dactions-biennal-cadre-statutaire-et-de-fonctionnement-les-mediateurs-de-lamp-uemoa-sont-en-assemblee-generale-extraordinaire-a-lome-2\/#primaryimage\",\"url\":\"\",\"contentUrl\":\"\"},{\"@type\":\"BreadcrumbList\",\"@id\":\"https:\/\/228news.tg\/index.php\/2019\/02\/26\/plan-dactions-biennal-cadre-statutaire-et-de-fonctionnement-les-mediateurs-de-lamp-uemoa-sont-en-assemblee-generale-extraordinaire-a-lome-2\/#breadcrumb\",\"itemListElement\":[{\"@type\":\"ListItem\",\"position\":1,\"name\":\"Home\",\"item\":\"https:\/\/228news.tg\/\"},{\"@type\":\"ListItem\",\"position\":2,\"name\":\"Plan d&rsquo;actions biennal, cadre statutaire et de fonctionnement, les M\u00e9diateurs de l&rsquo;AMP-UEMOA sont en assembl\u00e9e g\u00e9n\u00e9rale extraordinaire \u00e0 Lom\u00e9\"}]},{\"@type\":\"WebSite\",\"@id\":\"https:\/\/228news.tg\/#website\",\"url\":\"https:\/\/228news.tg\/\",\"name\":\"228 News\",\"description\":\"Soci\u00e9t\u00e9 de m\u00e9dias et d\u2019actualit\u00e9s\",\"publisher\":{\"@id\":\"https:\/\/228news.tg\/#organization\"},\"potentialAction\":[{\"@type\":\"SearchAction\",\"target\":{\"@type\":\"EntryPoint\",\"urlTemplate\":\"https:\/\/228news.tg\/?s={search_term_string}\"},\"query-input\":{\"@type\":\"PropertyValueSpecification\",\"valueRequired\":true,\"valueName\":\"search_term_string\"}}],\"inLanguage\":\"fr-FR\"},{\"@type\":\"Organization\",\"@id\":\"https:\/\/228news.tg\/#organization\",\"name\":\"228 News\",\"url\":\"https:\/\/228news.tg\/\",\"logo\":{\"@type\":\"ImageObject\",\"inLanguage\":\"fr-FR\",\"@id\":\"https:\/\/228news.tg\/#\/schema\/logo\/image\/\",\"url\":\"https:\/\/228news.tg\/wp-content\/uploads\/2024\/09\/logonew.png\",\"contentUrl\":\"https:\/\/228news.tg\/wp-content\/uploads\/2024\/09\/logonew.png\",\"width\":1640,\"height\":364,\"caption\":\"228 News\"},\"image\":{\"@id\":\"https:\/\/228news.tg\/#\/schema\/logo\/image\/\"}},{\"@type\":\"Person\",\"@id\":\"https:\/\/228news.tg\/#\/schema\/person\/68d5a6cc0230290e61235c8379523f52\",\"name\":\"Bienvenu SAVI\",\"image\":{\"@type\":\"ImageObject\",\"inLanguage\":\"fr-FR\",\"@id\":\"https:\/\/228news.tg\/#\/schema\/person\/image\/\",\"url\":\"https:\/\/secure.gravatar.com\/avatar\/9db91895c559e510509c33a3e9683998458e9b828fac36d5d1aa23f0f2fd369b?s=96&d=mm&r=g\",\"contentUrl\":\"https:\/\/secure.gravatar.com\/avatar\/9db91895c559e510509c33a3e9683998458e9b828fac36d5d1aa23f0f2fd369b?s=96&d=mm&r=g\",\"caption\":\"Bienvenu SAVI\"},\"url\":\"https:\/\/228news.tg\/index.php\/author\/bienvenu\/\"}]}<\/script>\n<!-- \/ Yoast SEO plugin. -->","yoast_head_json":{"title":"Plan d'actions biennal, cadre statutaire et de fonctionnement, les M\u00e9diateurs de l'AMP-UEMOA sont en assembl\u00e9e g\u00e9n\u00e9rale extraordinaire \u00e0 Lom\u00e9 - 228 News","robots":{"index":"index","follow":"follow","max-snippet":"max-snippet:-1","max-image-preview":"max-image-preview:large","max-video-preview":"max-video-preview:-1"},"canonical":"https:\/\/228news.tg\/index.php\/2019\/02\/26\/plan-dactions-biennal-cadre-statutaire-et-de-fonctionnement-les-mediateurs-de-lamp-uemoa-sont-en-assemblee-generale-extraordinaire-a-lome-2\/","og_locale":"fr_FR","og_type":"article","og_title":"Plan d'actions biennal, cadre statutaire et de fonctionnement, les M\u00e9diateurs de l'AMP-UEMOA sont en assembl\u00e9e g\u00e9n\u00e9rale extraordinaire \u00e0 Lom\u00e9 - 228 News","og_description":"(228NEWS\/ Lom\u00e9, le 26 f\u00e9vrier 2019)- L&rsquo;assembl\u00e9e g\u00e9n\u00e9rale extraordinaire de l&rsquo;Association des M\u00e9diateurs de la R\u00e9publique de l&rsquo;Union Economique et Mon\u00e9taire Ouest Africaine (AMP-UEMOA) se tient \u00e0 Lom\u00e9 depuis ce mardi 26 f\u00e9vrier 2019. Cette assembl\u00e9e g\u00e9n\u00e9rale extraordinaire intervient dans un contexte o\u00f9 l&rsquo;association doit combler un vide juridique. En effet, lors la 5\u00e8me Assembl\u00e9e ... Lire la suite","og_url":"https:\/\/228news.tg\/index.php\/2019\/02\/26\/plan-dactions-biennal-cadre-statutaire-et-de-fonctionnement-les-mediateurs-de-lamp-uemoa-sont-en-assemblee-generale-extraordinaire-a-lome-2\/","og_site_name":"228 News","article_published_time":"2019-02-26T16:18:22+00:00","author":"Bienvenu SAVI","twitter_card":"summary_large_image","twitter_misc":{"\u00c9crit par":"Bienvenu SAVI","Dur\u00e9e de lecture estim\u00e9e":"2 minutes"},"schema":{"@context":"https:\/\/schema.org","@graph":[{"@type":"Article","@id":"https:\/\/228news.tg\/index.php\/2019\/02\/26\/plan-dactions-biennal-cadre-statutaire-et-de-fonctionnement-les-mediateurs-de-lamp-uemoa-sont-en-assemblee-generale-extraordinaire-a-lome-2\/#article","isPartOf":{"@id":"https:\/\/228news.tg\/index.php\/2019\/02\/26\/plan-dactions-biennal-cadre-statutaire-et-de-fonctionnement-les-mediateurs-de-lamp-uemoa-sont-en-assemblee-generale-extraordinaire-a-lome-2\/"},"author":{"name":"Bienvenu SAVI","@id":"https:\/\/228news.tg\/#\/schema\/person\/68d5a6cc0230290e61235c8379523f52"},"headline":"Plan d&rsquo;actions biennal, cadre statutaire et de fonctionnement, les M\u00e9diateurs de l&rsquo;AMP-UEMOA sont en assembl\u00e9e g\u00e9n\u00e9rale extraordinaire \u00e0 Lom\u00e9","datePublished":"2019-02-26T16:18:22+00:00","mainEntityOfPage":{"@id":"https:\/\/228news.tg\/index.php\/2019\/02\/26\/plan-dactions-biennal-cadre-statutaire-et-de-fonctionnement-les-mediateurs-de-lamp-uemoa-sont-en-assemblee-generale-extraordinaire-a-lome-2\/"},"wordCount":479,"commentCount":0,"publisher":{"@id":"https:\/\/228news.tg\/#organization"},"image":{"@id":"https:\/\/228news.tg\/index.php\/2019\/02\/26\/plan-dactions-biennal-cadre-statutaire-et-de-fonctionnement-les-mediateurs-de-lamp-uemoa-sont-en-assemblee-generale-extraordinaire-a-lome-2\/#primaryimage"},"thumbnailUrl":"","articleSection":["Flash","SOCIETE","TOGO","Une"],"inLanguage":"fr-FR","potentialAction":[{"@type":"CommentAction","name":"Comment","target":["https:\/\/228news.tg\/index.php\/2019\/02\/26\/plan-dactions-biennal-cadre-statutaire-et-de-fonctionnement-les-mediateurs-de-lamp-uemoa-sont-en-assemblee-generale-extraordinaire-a-lome-2\/#respond"]}]},{"@type":"WebPage","@id":"https:\/\/228news.tg\/index.php\/2019\/02\/26\/plan-dactions-biennal-cadre-statutaire-et-de-fonctionnement-les-mediateurs-de-lamp-uemoa-sont-en-assemblee-generale-extraordinaire-a-lome-2\/","url":"https:\/\/228news.tg\/index.php\/2019\/02\/26\/plan-dactions-biennal-cadre-statutaire-et-de-fonctionnement-les-mediateurs-de-lamp-uemoa-sont-en-assemblee-generale-extraordinaire-a-lome-2\/","name":"Plan d'actions biennal, cadre statutaire et de fonctionnement, les M\u00e9diateurs de l'AMP-UEMOA sont en assembl\u00e9e g\u00e9n\u00e9rale extraordinaire \u00e0 Lom\u00e9 - 228 News","isPartOf":{"@id":"https:\/\/228news.tg\/#website"},"primaryImageOfPage":{"@id":"https:\/\/228news.tg\/index.php\/2019\/02\/26\/plan-dactions-biennal-cadre-statutaire-et-de-fonctionnement-les-mediateurs-de-lamp-uemoa-sont-en-assemblee-generale-extraordinaire-a-lome-2\/#primaryimage"},"image":{"@id":"https:\/\/228news.tg\/index.php\/2019\/02\/26\/plan-dactions-biennal-cadre-statutaire-et-de-fonctionnement-les-mediateurs-de-lamp-uemoa-sont-en-assemblee-generale-extraordinaire-a-lome-2\/#primaryimage"},"thumbnailUrl":"","datePublished":"2019-02-26T16:18:22+00:00","breadcrumb":{"@id":"https:\/\/228news.tg\/index.php\/2019\/02\/26\/plan-dactions-biennal-cadre-statutaire-et-de-fonctionnement-les-mediateurs-de-lamp-uemoa-sont-en-assemblee-generale-extraordinaire-a-lome-2\/#breadcrumb"},"inLanguage":"fr-FR","potentialAction":[{"@type":"ReadAction","target":["https:\/\/228news.tg\/index.php\/2019\/02\/26\/plan-dactions-biennal-cadre-statutaire-et-de-fonctionnement-les-mediateurs-de-lamp-uemoa-sont-en-assemblee-generale-extraordinaire-a-lome-2\/"]}]},{"@type":"ImageObject","inLanguage":"fr-FR","@id":"https:\/\/228news.tg\/index.php\/2019\/02\/26\/plan-dactions-biennal-cadre-statutaire-et-de-fonctionnement-les-mediateurs-de-lamp-uemoa-sont-en-assemblee-generale-extraordinaire-a-lome-2\/#primaryimage","url":"","contentUrl":""},{"@type":"BreadcrumbList","@id":"https:\/\/228news.tg\/index.php\/2019\/02\/26\/plan-dactions-biennal-cadre-statutaire-et-de-fonctionnement-les-mediateurs-de-lamp-uemoa-sont-en-assemblee-generale-extraordinaire-a-lome-2\/#breadcrumb","itemListElement":[{"@type":"ListItem","position":1,"name":"Home","item":"https:\/\/228news.tg\/"},{"@type":"ListItem","position":2,"name":"Plan d&rsquo;actions biennal, cadre statutaire et de fonctionnement, les M\u00e9diateurs de l&rsquo;AMP-UEMOA sont en assembl\u00e9e g\u00e9n\u00e9rale extraordinaire \u00e0 Lom\u00e9"}]},{"@type":"WebSite","@id":"https:\/\/228news.tg\/#website","url":"https:\/\/228news.tg\/","name":"228 News","description":"Soci\u00e9t\u00e9 de m\u00e9dias et d\u2019actualit\u00e9s","publisher":{"@id":"https:\/\/228news.tg\/#organization"},"potentialAction":[{"@type":"SearchAction","target":{"@type":"EntryPoint","urlTemplate":"https:\/\/228news.tg\/?s={search_term_string}"},"query-input":{"@type":"PropertyValueSpecification","valueRequired":true,"valueName":"search_term_string"}}],"inLanguage":"fr-FR"},{"@type":"Organization","@id":"https:\/\/228news.tg\/#organization","name":"228 News","url":"https:\/\/228news.tg\/","logo":{"@type":"ImageObject","inLanguage":"fr-FR","@id":"https:\/\/228news.tg\/#\/schema\/logo\/image\/","url":"https:\/\/228news.tg\/wp-content\/uploads\/2024\/09\/logonew.png","contentUrl":"https:\/\/228news.tg\/wp-content\/uploads\/2024\/09\/logonew.png","width":1640,"height":364,"caption":"228 News"},"image":{"@id":"https:\/\/228news.tg\/#\/schema\/logo\/image\/"}},{"@type":"Person","@id":"https:\/\/228news.tg\/#\/schema\/person\/68d5a6cc0230290e61235c8379523f52","name":"Bienvenu SAVI","image":{"@type":"ImageObject","inLanguage":"fr-FR","@id":"https:\/\/228news.tg\/#\/schema\/person\/image\/","url":"https:\/\/secure.gravatar.com\/avatar\/9db91895c559e510509c33a3e9683998458e9b828fac36d5d1aa23f0f2fd369b?s=96&d=mm&r=g","contentUrl":"https:\/\/secure.gravatar.com\/avatar\/9db91895c559e510509c33a3e9683998458e9b828fac36d5d1aa23f0f2fd369b?s=96&d=mm&r=g","caption":"Bienvenu SAVI"},"url":"https:\/\/228news.tg\/index.php\/author\/bienvenu\/"}]}},"jetpack_featured_media_url":"","_links":{"self":[{"href":"https:\/\/228news.tg\/index.php\/wp-json\/wp\/v2\/posts\/14676","targetHints":{"allow":["GET"]}}],"collection":[{"href":"https:\/\/228news.tg\/index.php\/wp-json\/wp\/v2\/posts"}],"about":[{"href":"https:\/\/228news.tg\/index.php\/wp-json\/wp\/v2\/types\/post"}],"author":[{"embeddable":true,"href":"https:\/\/228news.tg\/index.php\/wp-json\/wp\/v2\/users\/2"}],"replies":[{"embeddable":true,"href":"https:\/\/228news.tg\/index.php\/wp-json\/wp\/v2\/comments?post=14676"}],"version-history":[{"count":0,"href":"https:\/\/228news.tg\/index.php\/wp-json\/wp\/v2\/posts\/14676\/revisions"}],"wp:featuredmedia":[{"embeddable":true,"href":"https:\/\/228news.tg\/index.php\/wp-json\/wp\/v2\/posts\/3850"}],"wp:attachment":[{"href":"https:\/\/228news.tg\/index.php\/wp-json\/wp\/v2\/media?parent=14676"}],"wp:term":[{"taxonomy":"category","embeddable":true,"href":"https:\/\/228news.tg\/index.php\/wp-json\/wp\/v2\/categories?post=14676"},{"taxonomy":"post_tag","embeddable":true,"href":"https:\/\/228news.tg\/index.php\/wp-json\/wp\/v2\/tags?post=14676"}],"curies":[{"name":"wp","href":"https:\/\/api.w.org\/{rel}","templated":true}]}}