{"id":14675,"date":"2019-02-26T15:40:13","date_gmt":"2019-02-26T15:40:13","guid":{"rendered":"http:\/\/localhost\/site\/228news\/?p=3846"},"modified":"2019-02-26T15:40:13","modified_gmt":"2019-02-26T15:40:13","slug":"une-nouvelle-taxe-pour-financer-lentretien-routier-2","status":"publish","type":"post","link":"https:\/\/228news.tg\/index.php\/2019\/02\/26\/une-nouvelle-taxe-pour-financer-lentretien-routier-2\/","title":{"rendered":"Une nouvelle taxe pour financer l\u2019entretien routier"},"content":{"rendered":"<p>(228NEWS\/ Lom\u00e9, le 26 f\u00e9vrier 2019)- Le Commissaire des imp\u00f4ts de l\u2019Office Togolais des Recettes, Adoyi Ahmed Esso-Wavana a pr\u00e9sid\u00e9 une conf\u00e9rence de lancement de la Taxe sur les V\u00e9hicules \u00e0 Moteur (TVM) hier au si\u00e8ge de l\u2019institution.<\/p>\n<p>Objectif, attirer l\u2019attention de tous les contribuables sur les diff\u00e9rents m\u00e9canismes, modalit\u00e9s et la recevabilit\u00e9 de la TVM par tout possesseur de v\u00e9hicule car cette taxe est exigible depuis le d\u00e9but de l&rsquo;ann\u00e9e 2019.<\/p>\n<p>Vignette automobile institu\u00e9e au Togo pour la premi\u00e8re fois dont la finalit\u00e9 est de donner des moyens\u00a0 et les ressources financi\u00e8res \u00e0 la Soci\u00e9t\u00e9 Autonome de Financement et d\u2019Entretien Routier (SAFER) charg\u00e9e de l\u2019entretien des routes, de bien pouvoir mener \u00e0 bien son programme d\u2019entretien, la TVM constitue une nouvelle source de financement de l\u2019entretien routier.<\/p>\n<p>Les recettes produites par les p\u00e9ages au Togo d\u2019apr\u00e8s une \u00e9tude statistique ne couvrent que 40% du budget du programme de l\u2019entretien routier.<\/p>\n<p>La qu\u00eate des 60% restants de ce budget devient une n\u00e9cessit\u00e9 quand l\u2019on connait le r\u00f4le important que jouent la route dans le d\u00e9veloppement d\u2019une nation.Le l\u00e9gislateur togolais dans la loi de finances du 20 novembre 2018 et dans le nouveau code des imp\u00f4ts, afin de faire face \u00e0 ce d\u00e9ficit budg\u00e9taire au niveau de l\u2019entretien routier, a institu\u00e9 une nouvelle taxe.<\/p>\n<p>Il s\u2019agit de la Taxe sur les V\u00e9hicules \u00e0 Moteur (TVM). Bien qu\u2019exigible depuis le 1<sup>er<\/sup> janvier 2019, bon nombre de contribuables, d\u2019usagers et d\u2019op\u00e9rateurs \u00e9conomiques demeurent persuad\u00e9s que c\u2019est une taxe uniquement payable par les soci\u00e9t\u00e9s.<\/p>\n<p>\u00ab\u00a0Les op\u00e9rateurs \u00e9conomiques, les citoyens et possesseurs de v\u00e9hicules pensent que ladite taxe est seulement due par les soci\u00e9t\u00e9s. Elle est due par tout possesseur de v\u00e9hicule immatricul\u00e9 dans r\u00e9publique togolaise. Cette taxe est d\u00e9j\u00e0 exigible pour les nouvelles acquisitions \u00e0 la premi\u00e8re immatriculation, et pour les v\u00e9hicules d\u00e9j\u00e0 immatricul\u00e9s, elle est payable chaque ann\u00e9e lors de la visite technique.\u00bb, a d\u00e9clar\u00e9 le Commissaire des imp\u00f4ts \u00e0 nos micros \u00e0 l\u2019issue de la c\u00e9r\u00e9monie.<\/p>\n<p>Elle est exigible pour les v\u00e9hicules dont la puissance fiscale est sup\u00e9rieure \u00e0 125 centim\u00e8tre-cube. Les v\u00e9hicules en dessous sont exon\u00e9r\u00e9s de cette taxe.<\/p>\n<p>A l\u2019Union des Professionnels Agr\u00e9es en Douanes (UPRAD), on salue l\u2019institution de cette nouvelle taxe qui va contribuer \u00e0 embellir nos routes et rassurer les op\u00e9rateurs de l\u2019hinterland, le Togo \u00e9tant un hub desservant le sahel dans bien des domaines.<\/p>\n<p>C\u2019est en tout cas ce qui ressort des propos du Secr\u00e9taire G\u00e9n\u00e9ral Adjoint de ce syndicat des transitaires, Abdoulaye Daouda qui a n\u00e9anmoins appel\u00e9 \u00e0 une saine gestion et affectation des recettes de cette taxe pour des r\u00e9sultats optimaux et pour la satisfaction de l\u2019int\u00e9r\u00eat g\u00e9n\u00e9ral.<\/p>\n<p>La vignette automobile ou la taxe sur les v\u00e9hicules \u00e0 moteur n\u2019est pas une nouveaut\u00e9 dans la sous-r\u00e9gion, faut-il le rappeler. Elle existe dans tous les autres pays de la sous-r\u00e9gion.<\/p>\n<p>Elle a \u00e9t\u00e9 institutionnalis\u00e9e par la loi de finances de novembre dernier et consacr\u00e9e par le code des imp\u00f4ts vot\u00e9 le 20 novembre 2018.<\/p>\n<p><strong>D\u00e9mocrate<\/strong><\/p>\n<p><strong><em>(00228) 91 85 40 14<\/em><\/strong><\/p>\n<p><strong><em>democrate2010@gmail.com<\/em><\/strong><\/p>\n","protected":false},"excerpt":{"rendered":"<p>(228NEWS\/ Lom\u00e9, le 26 f\u00e9vrier 2019)- Le Commissaire des imp\u00f4ts de l\u2019Office Togolais des Recettes, Adoyi Ahmed Esso-Wavana a pr\u00e9sid\u00e9 une conf\u00e9rence de lancement de la Taxe sur les V\u00e9hicules \u00e0 Moteur (TVM) hier au si\u00e8ge de l\u2019institution. Objectif, attirer l\u2019attention de tous les contribuables sur les diff\u00e9rents m\u00e9canismes, modalit\u00e9s et la recevabilit\u00e9 de la &#8230; <a title=\"Une nouvelle taxe pour financer l\u2019entretien routier\" class=\"read-more\" href=\"https:\/\/228news.tg\/index.php\/2019\/02\/26\/une-nouvelle-taxe-pour-financer-lentretien-routier-2\/\" aria-label=\"En savoir plus sur Une nouvelle taxe pour financer l\u2019entretien routier\">Lire la suite<\/a><\/p>\n","protected":false},"author":2,"featured_media":3847,"comment_status":"open","ping_status":"open","sticky":false,"template":"","format":"chat","meta":{"footnotes":""},"categories":[30,35,25,34],"tags":[],"class_list":["post-14675","post","type-post","status-publish","format-chat","has-post-thumbnail","hentry","category-economie","category-flash","category-togo","category-une","post_format-post-format-chat"],"yoast_head":"<!-- This site is optimized with the Yoast SEO plugin v26.4 - https:\/\/yoast.com\/wordpress\/plugins\/seo\/ -->\n<title>Une nouvelle taxe pour financer l\u2019entretien routier - 228 News<\/title>\n<meta name=\"robots\" content=\"index, follow, max-snippet:-1, max-image-preview:large, max-video-preview:-1\" \/>\n<link rel=\"canonical\" href=\"https:\/\/228news.tg\/index.php\/2019\/02\/26\/une-nouvelle-taxe-pour-financer-lentretien-routier-2\/\" \/>\n<meta property=\"og:locale\" content=\"fr_FR\" \/>\n<meta property=\"og:type\" content=\"article\" \/>\n<meta property=\"og:title\" content=\"Une nouvelle taxe pour financer l\u2019entretien routier - 228 News\" \/>\n<meta property=\"og:description\" content=\"(228NEWS\/ Lom\u00e9, le 26 f\u00e9vrier 2019)- Le Commissaire des imp\u00f4ts de l\u2019Office Togolais des Recettes, Adoyi Ahmed Esso-Wavana a pr\u00e9sid\u00e9 une conf\u00e9rence de lancement de la Taxe sur les V\u00e9hicules \u00e0 Moteur (TVM) hier au si\u00e8ge de l\u2019institution. Objectif, attirer l\u2019attention de tous les contribuables sur les diff\u00e9rents m\u00e9canismes, modalit\u00e9s et la recevabilit\u00e9 de la ... Lire la suite\" \/>\n<meta property=\"og:url\" content=\"https:\/\/228news.tg\/index.php\/2019\/02\/26\/une-nouvelle-taxe-pour-financer-lentretien-routier-2\/\" \/>\n<meta property=\"og:site_name\" content=\"228 News\" \/>\n<meta property=\"article:published_time\" content=\"2019-02-26T15:40:13+00:00\" \/>\n<meta name=\"author\" content=\"Bienvenu SAVI\" \/>\n<meta name=\"twitter:card\" content=\"summary_large_image\" \/>\n<meta name=\"twitter:label1\" content=\"\u00c9crit par\" \/>\n\t<meta name=\"twitter:data1\" content=\"Bienvenu SAVI\" \/>\n\t<meta name=\"twitter:label2\" content=\"Dur\u00e9e de lecture estim\u00e9e\" \/>\n\t<meta name=\"twitter:data2\" content=\"3 minutes\" \/>\n<script type=\"application\/ld+json\" class=\"yoast-schema-graph\">{\"@context\":\"https:\/\/schema.org\",\"@graph\":[{\"@type\":\"Article\",\"@id\":\"https:\/\/228news.tg\/index.php\/2019\/02\/26\/une-nouvelle-taxe-pour-financer-lentretien-routier-2\/#article\",\"isPartOf\":{\"@id\":\"https:\/\/228news.tg\/index.php\/2019\/02\/26\/une-nouvelle-taxe-pour-financer-lentretien-routier-2\/\"},\"author\":{\"name\":\"Bienvenu SAVI\",\"@id\":\"https:\/\/228news.tg\/#\/schema\/person\/68d5a6cc0230290e61235c8379523f52\"},\"headline\":\"Une nouvelle taxe pour financer l\u2019entretien routier\",\"datePublished\":\"2019-02-26T15:40:13+00:00\",\"mainEntityOfPage\":{\"@id\":\"https:\/\/228news.tg\/index.php\/2019\/02\/26\/une-nouvelle-taxe-pour-financer-lentretien-routier-2\/\"},\"wordCount\":577,\"commentCount\":0,\"publisher\":{\"@id\":\"https:\/\/228news.tg\/#organization\"},\"image\":{\"@id\":\"https:\/\/228news.tg\/index.php\/2019\/02\/26\/une-nouvelle-taxe-pour-financer-lentretien-routier-2\/#primaryimage\"},\"thumbnailUrl\":\"https:\/\/228news.tg\/wp-content\/uploads\/2024\/09\/IMG-20210611-WA0035.jpg\",\"articleSection\":[\"ECONOMIE\",\"Flash\",\"TOGO\",\"Une\"],\"inLanguage\":\"fr-FR\",\"potentialAction\":[{\"@type\":\"CommentAction\",\"name\":\"Comment\",\"target\":[\"https:\/\/228news.tg\/index.php\/2019\/02\/26\/une-nouvelle-taxe-pour-financer-lentretien-routier-2\/#respond\"]}]},{\"@type\":\"WebPage\",\"@id\":\"https:\/\/228news.tg\/index.php\/2019\/02\/26\/une-nouvelle-taxe-pour-financer-lentretien-routier-2\/\",\"url\":\"https:\/\/228news.tg\/index.php\/2019\/02\/26\/une-nouvelle-taxe-pour-financer-lentretien-routier-2\/\",\"name\":\"Une nouvelle taxe pour financer l\u2019entretien routier - 228 News\",\"isPartOf\":{\"@id\":\"https:\/\/228news.tg\/#website\"},\"primaryImageOfPage\":{\"@id\":\"https:\/\/228news.tg\/index.php\/2019\/02\/26\/une-nouvelle-taxe-pour-financer-lentretien-routier-2\/#primaryimage\"},\"image\":{\"@id\":\"https:\/\/228news.tg\/index.php\/2019\/02\/26\/une-nouvelle-taxe-pour-financer-lentretien-routier-2\/#primaryimage\"},\"thumbnailUrl\":\"https:\/\/228news.tg\/wp-content\/uploads\/2024\/09\/IMG-20210611-WA0035.jpg\",\"datePublished\":\"2019-02-26T15:40:13+00:00\",\"breadcrumb\":{\"@id\":\"https:\/\/228news.tg\/index.php\/2019\/02\/26\/une-nouvelle-taxe-pour-financer-lentretien-routier-2\/#breadcrumb\"},\"inLanguage\":\"fr-FR\",\"potentialAction\":[{\"@type\":\"ReadAction\",\"target\":[\"https:\/\/228news.tg\/index.php\/2019\/02\/26\/une-nouvelle-taxe-pour-financer-lentretien-routier-2\/\"]}]},{\"@type\":\"ImageObject\",\"inLanguage\":\"fr-FR\",\"@id\":\"https:\/\/228news.tg\/index.php\/2019\/02\/26\/une-nouvelle-taxe-pour-financer-lentretien-routier-2\/#primaryimage\",\"url\":\"https:\/\/228news.tg\/wp-content\/uploads\/2024\/09\/IMG-20210611-WA0035.jpg\",\"contentUrl\":\"https:\/\/228news.tg\/wp-content\/uploads\/2024\/09\/IMG-20210611-WA0035.jpg\",\"width\":800,\"height\":445},{\"@type\":\"BreadcrumbList\",\"@id\":\"https:\/\/228news.tg\/index.php\/2019\/02\/26\/une-nouvelle-taxe-pour-financer-lentretien-routier-2\/#breadcrumb\",\"itemListElement\":[{\"@type\":\"ListItem\",\"position\":1,\"name\":\"Home\",\"item\":\"https:\/\/228news.tg\/\"},{\"@type\":\"ListItem\",\"position\":2,\"name\":\"Une nouvelle taxe pour financer l\u2019entretien routier\"}]},{\"@type\":\"WebSite\",\"@id\":\"https:\/\/228news.tg\/#website\",\"url\":\"https:\/\/228news.tg\/\",\"name\":\"228 News\",\"description\":\"Soci\u00e9t\u00e9 de m\u00e9dias et d\u2019actualit\u00e9s\",\"publisher\":{\"@id\":\"https:\/\/228news.tg\/#organization\"},\"potentialAction\":[{\"@type\":\"SearchAction\",\"target\":{\"@type\":\"EntryPoint\",\"urlTemplate\":\"https:\/\/228news.tg\/?s={search_term_string}\"},\"query-input\":{\"@type\":\"PropertyValueSpecification\",\"valueRequired\":true,\"valueName\":\"search_term_string\"}}],\"inLanguage\":\"fr-FR\"},{\"@type\":\"Organization\",\"@id\":\"https:\/\/228news.tg\/#organization\",\"name\":\"228 News\",\"url\":\"https:\/\/228news.tg\/\",\"logo\":{\"@type\":\"ImageObject\",\"inLanguage\":\"fr-FR\",\"@id\":\"https:\/\/228news.tg\/#\/schema\/logo\/image\/\",\"url\":\"https:\/\/228news.tg\/wp-content\/uploads\/2024\/09\/logonew.png\",\"contentUrl\":\"https:\/\/228news.tg\/wp-content\/uploads\/2024\/09\/logonew.png\",\"width\":1640,\"height\":364,\"caption\":\"228 News\"},\"image\":{\"@id\":\"https:\/\/228news.tg\/#\/schema\/logo\/image\/\"}},{\"@type\":\"Person\",\"@id\":\"https:\/\/228news.tg\/#\/schema\/person\/68d5a6cc0230290e61235c8379523f52\",\"name\":\"Bienvenu SAVI\",\"image\":{\"@type\":\"ImageObject\",\"inLanguage\":\"fr-FR\",\"@id\":\"https:\/\/228news.tg\/#\/schema\/person\/image\/\",\"url\":\"https:\/\/secure.gravatar.com\/avatar\/9db91895c559e510509c33a3e9683998458e9b828fac36d5d1aa23f0f2fd369b?s=96&d=mm&r=g\",\"contentUrl\":\"https:\/\/secure.gravatar.com\/avatar\/9db91895c559e510509c33a3e9683998458e9b828fac36d5d1aa23f0f2fd369b?s=96&d=mm&r=g\",\"caption\":\"Bienvenu SAVI\"},\"url\":\"https:\/\/228news.tg\/index.php\/author\/bienvenu\/\"}]}<\/script>\n<!-- \/ Yoast SEO plugin. -->","yoast_head_json":{"title":"Une nouvelle taxe pour financer l\u2019entretien routier - 228 News","robots":{"index":"index","follow":"follow","max-snippet":"max-snippet:-1","max-image-preview":"max-image-preview:large","max-video-preview":"max-video-preview:-1"},"canonical":"https:\/\/228news.tg\/index.php\/2019\/02\/26\/une-nouvelle-taxe-pour-financer-lentretien-routier-2\/","og_locale":"fr_FR","og_type":"article","og_title":"Une nouvelle taxe pour financer l\u2019entretien routier - 228 News","og_description":"(228NEWS\/ Lom\u00e9, le 26 f\u00e9vrier 2019)- Le Commissaire des imp\u00f4ts de l\u2019Office Togolais des Recettes, Adoyi Ahmed Esso-Wavana a pr\u00e9sid\u00e9 une conf\u00e9rence de lancement de la Taxe sur les V\u00e9hicules \u00e0 Moteur (TVM) hier au si\u00e8ge de l\u2019institution. Objectif, attirer l\u2019attention de tous les contribuables sur les diff\u00e9rents m\u00e9canismes, modalit\u00e9s et la recevabilit\u00e9 de la ... Lire la suite","og_url":"https:\/\/228news.tg\/index.php\/2019\/02\/26\/une-nouvelle-taxe-pour-financer-lentretien-routier-2\/","og_site_name":"228 News","article_published_time":"2019-02-26T15:40:13+00:00","author":"Bienvenu SAVI","twitter_card":"summary_large_image","twitter_misc":{"\u00c9crit par":"Bienvenu SAVI","Dur\u00e9e de lecture estim\u00e9e":"3 minutes"},"schema":{"@context":"https:\/\/schema.org","@graph":[{"@type":"Article","@id":"https:\/\/228news.tg\/index.php\/2019\/02\/26\/une-nouvelle-taxe-pour-financer-lentretien-routier-2\/#article","isPartOf":{"@id":"https:\/\/228news.tg\/index.php\/2019\/02\/26\/une-nouvelle-taxe-pour-financer-lentretien-routier-2\/"},"author":{"name":"Bienvenu SAVI","@id":"https:\/\/228news.tg\/#\/schema\/person\/68d5a6cc0230290e61235c8379523f52"},"headline":"Une nouvelle taxe pour financer l\u2019entretien routier","datePublished":"2019-02-26T15:40:13+00:00","mainEntityOfPage":{"@id":"https:\/\/228news.tg\/index.php\/2019\/02\/26\/une-nouvelle-taxe-pour-financer-lentretien-routier-2\/"},"wordCount":577,"commentCount":0,"publisher":{"@id":"https:\/\/228news.tg\/#organization"},"image":{"@id":"https:\/\/228news.tg\/index.php\/2019\/02\/26\/une-nouvelle-taxe-pour-financer-lentretien-routier-2\/#primaryimage"},"thumbnailUrl":"https:\/\/228news.tg\/wp-content\/uploads\/2024\/09\/IMG-20210611-WA0035.jpg","articleSection":["ECONOMIE","Flash","TOGO","Une"],"inLanguage":"fr-FR","potentialAction":[{"@type":"CommentAction","name":"Comment","target":["https:\/\/228news.tg\/index.php\/2019\/02\/26\/une-nouvelle-taxe-pour-financer-lentretien-routier-2\/#respond"]}]},{"@type":"WebPage","@id":"https:\/\/228news.tg\/index.php\/2019\/02\/26\/une-nouvelle-taxe-pour-financer-lentretien-routier-2\/","url":"https:\/\/228news.tg\/index.php\/2019\/02\/26\/une-nouvelle-taxe-pour-financer-lentretien-routier-2\/","name":"Une nouvelle taxe pour financer l\u2019entretien routier - 228 News","isPartOf":{"@id":"https:\/\/228news.tg\/#website"},"primaryImageOfPage":{"@id":"https:\/\/228news.tg\/index.php\/2019\/02\/26\/une-nouvelle-taxe-pour-financer-lentretien-routier-2\/#primaryimage"},"image":{"@id":"https:\/\/228news.tg\/index.php\/2019\/02\/26\/une-nouvelle-taxe-pour-financer-lentretien-routier-2\/#primaryimage"},"thumbnailUrl":"https:\/\/228news.tg\/wp-content\/uploads\/2024\/09\/IMG-20210611-WA0035.jpg","datePublished":"2019-02-26T15:40:13+00:00","breadcrumb":{"@id":"https:\/\/228news.tg\/index.php\/2019\/02\/26\/une-nouvelle-taxe-pour-financer-lentretien-routier-2\/#breadcrumb"},"inLanguage":"fr-FR","potentialAction":[{"@type":"ReadAction","target":["https:\/\/228news.tg\/index.php\/2019\/02\/26\/une-nouvelle-taxe-pour-financer-lentretien-routier-2\/"]}]},{"@type":"ImageObject","inLanguage":"fr-FR","@id":"https:\/\/228news.tg\/index.php\/2019\/02\/26\/une-nouvelle-taxe-pour-financer-lentretien-routier-2\/#primaryimage","url":"https:\/\/228news.tg\/wp-content\/uploads\/2024\/09\/IMG-20210611-WA0035.jpg","contentUrl":"https:\/\/228news.tg\/wp-content\/uploads\/2024\/09\/IMG-20210611-WA0035.jpg","width":800,"height":445},{"@type":"BreadcrumbList","@id":"https:\/\/228news.tg\/index.php\/2019\/02\/26\/une-nouvelle-taxe-pour-financer-lentretien-routier-2\/#breadcrumb","itemListElement":[{"@type":"ListItem","position":1,"name":"Home","item":"https:\/\/228news.tg\/"},{"@type":"ListItem","position":2,"name":"Une nouvelle taxe pour financer l\u2019entretien routier"}]},{"@type":"WebSite","@id":"https:\/\/228news.tg\/#website","url":"https:\/\/228news.tg\/","name":"228 News","description":"Soci\u00e9t\u00e9 de m\u00e9dias et d\u2019actualit\u00e9s","publisher":{"@id":"https:\/\/228news.tg\/#organization"},"potentialAction":[{"@type":"SearchAction","target":{"@type":"EntryPoint","urlTemplate":"https:\/\/228news.tg\/?s={search_term_string}"},"query-input":{"@type":"PropertyValueSpecification","valueRequired":true,"valueName":"search_term_string"}}],"inLanguage":"fr-FR"},{"@type":"Organization","@id":"https:\/\/228news.tg\/#organization","name":"228 News","url":"https:\/\/228news.tg\/","logo":{"@type":"ImageObject","inLanguage":"fr-FR","@id":"https:\/\/228news.tg\/#\/schema\/logo\/image\/","url":"https:\/\/228news.tg\/wp-content\/uploads\/2024\/09\/logonew.png","contentUrl":"https:\/\/228news.tg\/wp-content\/uploads\/2024\/09\/logonew.png","width":1640,"height":364,"caption":"228 News"},"image":{"@id":"https:\/\/228news.tg\/#\/schema\/logo\/image\/"}},{"@type":"Person","@id":"https:\/\/228news.tg\/#\/schema\/person\/68d5a6cc0230290e61235c8379523f52","name":"Bienvenu SAVI","image":{"@type":"ImageObject","inLanguage":"fr-FR","@id":"https:\/\/228news.tg\/#\/schema\/person\/image\/","url":"https:\/\/secure.gravatar.com\/avatar\/9db91895c559e510509c33a3e9683998458e9b828fac36d5d1aa23f0f2fd369b?s=96&d=mm&r=g","contentUrl":"https:\/\/secure.gravatar.com\/avatar\/9db91895c559e510509c33a3e9683998458e9b828fac36d5d1aa23f0f2fd369b?s=96&d=mm&r=g","caption":"Bienvenu SAVI"},"url":"https:\/\/228news.tg\/index.php\/author\/bienvenu\/"}]}},"jetpack_featured_media_url":"https:\/\/228news.tg\/wp-content\/uploads\/2024\/09\/IMG-20210611-WA0035.jpg","_links":{"self":[{"href":"https:\/\/228news.tg\/index.php\/wp-json\/wp\/v2\/posts\/14675","targetHints":{"allow":["GET"]}}],"collection":[{"href":"https:\/\/228news.tg\/index.php\/wp-json\/wp\/v2\/posts"}],"about":[{"href":"https:\/\/228news.tg\/index.php\/wp-json\/wp\/v2\/types\/post"}],"author":[{"embeddable":true,"href":"https:\/\/228news.tg\/index.php\/wp-json\/wp\/v2\/users\/2"}],"replies":[{"embeddable":true,"href":"https:\/\/228news.tg\/index.php\/wp-json\/wp\/v2\/comments?post=14675"}],"version-history":[{"count":0,"href":"https:\/\/228news.tg\/index.php\/wp-json\/wp\/v2\/posts\/14675\/revisions"}],"wp:featuredmedia":[{"embeddable":true,"href":"https:\/\/228news.tg\/index.php\/wp-json\/wp\/v2\/media\/3847"}],"wp:attachment":[{"href":"https:\/\/228news.tg\/index.php\/wp-json\/wp\/v2\/media?parent=14675"}],"wp:term":[{"taxonomy":"category","embeddable":true,"href":"https:\/\/228news.tg\/index.php\/wp-json\/wp\/v2\/categories?post=14675"},{"taxonomy":"post_tag","embeddable":true,"href":"https:\/\/228news.tg\/index.php\/wp-json\/wp\/v2\/tags?post=14675"}],"curies":[{"name":"wp","href":"https:\/\/api.w.org\/{rel}","templated":true}]}}