{"id":14674,"date":"2019-02-26T15:29:54","date_gmt":"2019-02-26T15:29:54","guid":{"rendered":"http:\/\/localhost\/site\/228news\/?p=3842"},"modified":"2019-02-26T15:29:54","modified_gmt":"2019-02-26T15:29:54","slug":"lome-vert-le-degagement-des-espaces-pour-abriter-le-projet-se-poursuit-2","status":"publish","type":"post","link":"https:\/\/228news.tg\/index.php\/2019\/02\/26\/lome-vert-le-degagement-des-espaces-pour-abriter-le-projet-se-poursuit-2\/","title":{"rendered":"Lom\u00e9-Vert: Le d\u00e9gagement des espaces pour abriter le projet se poursuit"},"content":{"rendered":"<p>(228NEWS\/ Lom\u00e9, le 26 f\u00e9vrier 2019)- L&rsquo;Honorabe Kossi Agb\u00e9ny\u00e9gan Aboka, Pr\u00e9sident de la de la d\u00e9l\u00e9gation sp\u00e9ciale de la pr\u00e9fecture du Golfe a supervis\u00e9 ce mardi 26 f\u00e9vrier 2019 sur le grand boulevard GTA-Ago\u00e8, les travaux de d\u00e9gagement et d&rsquo;am\u00e9nagement des espaces devant abrit\u00e9 le futur projet Lom\u00e9 vert.<\/p>\n<p><img fetchpriority=\"high\" decoding=\"async\" class=\"alignnone size-medium wp-image-3844 alignleft\" src=\"http:\/\/localhost\/site\/228news\/wp-content\/uploads\/2019\/02\/photo_2019-02-26_16-27-28-300x225.jpg\" alt=\"\" width=\"300\" height=\"225\" \/>Ces travaux ont permis de lib\u00e9rer les espaces occup\u00e9s de mani\u00e8re anarchiques par les vendeurs de v\u00e9hicules d&rsquo;occasion, certaines population qui y ont construit des maisons ainsi que des petites exploitations commerciales.<\/p>\n<p>Pour le pr\u00e9sident de la d\u00e9l\u00e9gation sp\u00e9ciale de la pr\u00e9fecture du Golfe, cette occupation anarchique ne doit plus avoir cours. Il a pr\u00e9cis\u00e9 que l&rsquo;Etat dans une logique de justice et d&rsquo;\u00e9quit\u00e9 a proc\u00e9d\u00e9 au d\u00e9dommagement de ces populations depuis 2015 et a proc\u00e9d\u00e9 \u00e0 des actions de sensibilisations afin que ces derni\u00e8res lib\u00e8rent les lieux.<\/p>\n<p>Malgr\u00e9 quelques sc\u00e8nes de frustrations, incompr\u00e9hensions et de col\u00e8re de la part des personnes qui ont vu leurs activit\u00e9s ou maison d\u00e9truites par la force publique, tout s&rsquo;est globalement d\u00e9roul\u00e9 dans la tranquillit\u00e9 et le calme, a constat\u00e9 notre reporter.<\/p>\n<p>Cette action a \u00e9t\u00e9 fait \u00e0 Baguida, puis sur le grand contournement de Lom\u00e9, il y a de cela quelques jours.<\/p>\n<p>Le projet Lom\u00e9 Vert, faut-il le rappeler vise \u00e0 doter la capitale togolaise d&rsquo;espaces verts am\u00e9nag\u00e9s le long des grandes voies afin d&rsquo;a\u00e9rer et de mieux oxyg\u00e9ner la ville. Ces espaces serviront au confort, \u00e0 la beaut\u00e9, au bien \u00eatre et au d\u00e9veloppement de certaines activit\u00e9s lucratives des populations.<\/p>\n<p><em><strong>D\u00e9mocrate\u00a0<\/strong><\/em><\/p>\n<p><em><strong>(00228) 91 85 40 14<\/strong><\/em><\/p>\n<p><em><strong>democrate2010@gmail.com<\/strong><\/em><\/p>\n","protected":false},"excerpt":{"rendered":"<p>(228NEWS\/ Lom\u00e9, le 26 f\u00e9vrier 2019)- L&rsquo;Honorabe Kossi Agb\u00e9ny\u00e9gan Aboka, Pr\u00e9sident de la de la d\u00e9l\u00e9gation sp\u00e9ciale de la pr\u00e9fecture du Golfe a supervis\u00e9 ce mardi 26 f\u00e9vrier 2019 sur le grand boulevard GTA-Ago\u00e8, les travaux de d\u00e9gagement et d&rsquo;am\u00e9nagement des espaces devant abrit\u00e9 le futur projet Lom\u00e9 vert. Ces travaux ont permis de lib\u00e9rer &#8230; <a title=\"Lom\u00e9-Vert: Le d\u00e9gagement des espaces pour abriter le projet se poursuit\" class=\"read-more\" href=\"https:\/\/228news.tg\/index.php\/2019\/02\/26\/lome-vert-le-degagement-des-espaces-pour-abriter-le-projet-se-poursuit-2\/\" aria-label=\"En savoir plus sur Lom\u00e9-Vert: Le d\u00e9gagement des espaces pour abriter le projet se poursuit\">Lire la suite<\/a><\/p>\n","protected":false},"author":2,"featured_media":3843,"comment_status":"open","ping_status":"open","sticky":false,"template":"","format":"chat","meta":{"footnotes":""},"categories":[31,35,25,34],"tags":[],"class_list":["post-14674","post","type-post","status-publish","format-chat","has-post-thumbnail","hentry","category-developpement","category-flash","category-togo","category-une","post_format-post-format-chat"],"yoast_head":"<!-- This site is optimized with the Yoast SEO plugin v26.4 - https:\/\/yoast.com\/wordpress\/plugins\/seo\/ -->\n<title>Lom\u00e9-Vert: Le d\u00e9gagement des espaces pour abriter le projet se poursuit - 228 News<\/title>\n<meta name=\"robots\" content=\"index, follow, max-snippet:-1, max-image-preview:large, max-video-preview:-1\" \/>\n<link rel=\"canonical\" href=\"https:\/\/228news.tg\/index.php\/2019\/02\/26\/lome-vert-le-degagement-des-espaces-pour-abriter-le-projet-se-poursuit-2\/\" \/>\n<meta property=\"og:locale\" content=\"fr_FR\" \/>\n<meta property=\"og:type\" content=\"article\" \/>\n<meta property=\"og:title\" content=\"Lom\u00e9-Vert: Le d\u00e9gagement des espaces pour abriter le projet se poursuit - 228 News\" \/>\n<meta property=\"og:description\" content=\"(228NEWS\/ Lom\u00e9, le 26 f\u00e9vrier 2019)- L&rsquo;Honorabe Kossi Agb\u00e9ny\u00e9gan Aboka, Pr\u00e9sident de la de la d\u00e9l\u00e9gation sp\u00e9ciale de la pr\u00e9fecture du Golfe a supervis\u00e9 ce mardi 26 f\u00e9vrier 2019 sur le grand boulevard GTA-Ago\u00e8, les travaux de d\u00e9gagement et d&rsquo;am\u00e9nagement des espaces devant abrit\u00e9 le futur projet Lom\u00e9 vert. Ces travaux ont permis de lib\u00e9rer ... Lire la suite\" \/>\n<meta property=\"og:url\" content=\"https:\/\/228news.tg\/index.php\/2019\/02\/26\/lome-vert-le-degagement-des-espaces-pour-abriter-le-projet-se-poursuit-2\/\" \/>\n<meta property=\"og:site_name\" content=\"228 News\" \/>\n<meta property=\"article:published_time\" content=\"2019-02-26T15:29:54+00:00\" \/>\n<meta property=\"og:image\" content=\"http:\/\/localhost\/site\/228news\/wp-content\/uploads\/2019\/02\/photo_2019-02-26_16-27-28-300x225.jpg\" \/>\n<meta name=\"author\" content=\"Bienvenu SAVI\" \/>\n<meta name=\"twitter:card\" content=\"summary_large_image\" \/>\n<meta name=\"twitter:label1\" content=\"\u00c9crit par\" \/>\n\t<meta name=\"twitter:data1\" content=\"Bienvenu SAVI\" \/>\n\t<meta name=\"twitter:label2\" content=\"Dur\u00e9e de lecture estim\u00e9e\" \/>\n\t<meta name=\"twitter:data2\" content=\"1 minute\" \/>\n<script type=\"application\/ld+json\" class=\"yoast-schema-graph\">{\"@context\":\"https:\/\/schema.org\",\"@graph\":[{\"@type\":\"Article\",\"@id\":\"https:\/\/228news.tg\/index.php\/2019\/02\/26\/lome-vert-le-degagement-des-espaces-pour-abriter-le-projet-se-poursuit-2\/#article\",\"isPartOf\":{\"@id\":\"https:\/\/228news.tg\/index.php\/2019\/02\/26\/lome-vert-le-degagement-des-espaces-pour-abriter-le-projet-se-poursuit-2\/\"},\"author\":{\"name\":\"Bienvenu SAVI\",\"@id\":\"https:\/\/228news.tg\/#\/schema\/person\/68d5a6cc0230290e61235c8379523f52\"},\"headline\":\"Lom\u00e9-Vert: Le d\u00e9gagement des espaces pour abriter le projet se poursuit\",\"datePublished\":\"2019-02-26T15:29:54+00:00\",\"mainEntityOfPage\":{\"@id\":\"https:\/\/228news.tg\/index.php\/2019\/02\/26\/lome-vert-le-degagement-des-espaces-pour-abriter-le-projet-se-poursuit-2\/\"},\"wordCount\":303,\"commentCount\":0,\"publisher\":{\"@id\":\"https:\/\/228news.tg\/#organization\"},\"image\":{\"@id\":\"https:\/\/228news.tg\/index.php\/2019\/02\/26\/lome-vert-le-degagement-des-espaces-pour-abriter-le-projet-se-poursuit-2\/#primaryimage\"},\"thumbnailUrl\":\"\",\"articleSection\":[\"DEVELOPPEMENT\",\"Flash\",\"TOGO\",\"Une\"],\"inLanguage\":\"fr-FR\",\"potentialAction\":[{\"@type\":\"CommentAction\",\"name\":\"Comment\",\"target\":[\"https:\/\/228news.tg\/index.php\/2019\/02\/26\/lome-vert-le-degagement-des-espaces-pour-abriter-le-projet-se-poursuit-2\/#respond\"]}]},{\"@type\":\"WebPage\",\"@id\":\"https:\/\/228news.tg\/index.php\/2019\/02\/26\/lome-vert-le-degagement-des-espaces-pour-abriter-le-projet-se-poursuit-2\/\",\"url\":\"https:\/\/228news.tg\/index.php\/2019\/02\/26\/lome-vert-le-degagement-des-espaces-pour-abriter-le-projet-se-poursuit-2\/\",\"name\":\"Lom\u00e9-Vert: Le d\u00e9gagement des espaces pour abriter le projet se poursuit - 228 News\",\"isPartOf\":{\"@id\":\"https:\/\/228news.tg\/#website\"},\"primaryImageOfPage\":{\"@id\":\"https:\/\/228news.tg\/index.php\/2019\/02\/26\/lome-vert-le-degagement-des-espaces-pour-abriter-le-projet-se-poursuit-2\/#primaryimage\"},\"image\":{\"@id\":\"https:\/\/228news.tg\/index.php\/2019\/02\/26\/lome-vert-le-degagement-des-espaces-pour-abriter-le-projet-se-poursuit-2\/#primaryimage\"},\"thumbnailUrl\":\"\",\"datePublished\":\"2019-02-26T15:29:54+00:00\",\"breadcrumb\":{\"@id\":\"https:\/\/228news.tg\/index.php\/2019\/02\/26\/lome-vert-le-degagement-des-espaces-pour-abriter-le-projet-se-poursuit-2\/#breadcrumb\"},\"inLanguage\":\"fr-FR\",\"potentialAction\":[{\"@type\":\"ReadAction\",\"target\":[\"https:\/\/228news.tg\/index.php\/2019\/02\/26\/lome-vert-le-degagement-des-espaces-pour-abriter-le-projet-se-poursuit-2\/\"]}]},{\"@type\":\"ImageObject\",\"inLanguage\":\"fr-FR\",\"@id\":\"https:\/\/228news.tg\/index.php\/2019\/02\/26\/lome-vert-le-degagement-des-espaces-pour-abriter-le-projet-se-poursuit-2\/#primaryimage\",\"url\":\"\",\"contentUrl\":\"\"},{\"@type\":\"BreadcrumbList\",\"@id\":\"https:\/\/228news.tg\/index.php\/2019\/02\/26\/lome-vert-le-degagement-des-espaces-pour-abriter-le-projet-se-poursuit-2\/#breadcrumb\",\"itemListElement\":[{\"@type\":\"ListItem\",\"position\":1,\"name\":\"Home\",\"item\":\"https:\/\/228news.tg\/\"},{\"@type\":\"ListItem\",\"position\":2,\"name\":\"Lom\u00e9-Vert: Le d\u00e9gagement des espaces pour abriter le projet se poursuit\"}]},{\"@type\":\"WebSite\",\"@id\":\"https:\/\/228news.tg\/#website\",\"url\":\"https:\/\/228news.tg\/\",\"name\":\"228 News\",\"description\":\"Soci\u00e9t\u00e9 de m\u00e9dias et d\u2019actualit\u00e9s\",\"publisher\":{\"@id\":\"https:\/\/228news.tg\/#organization\"},\"potentialAction\":[{\"@type\":\"SearchAction\",\"target\":{\"@type\":\"EntryPoint\",\"urlTemplate\":\"https:\/\/228news.tg\/?s={search_term_string}\"},\"query-input\":{\"@type\":\"PropertyValueSpecification\",\"valueRequired\":true,\"valueName\":\"search_term_string\"}}],\"inLanguage\":\"fr-FR\"},{\"@type\":\"Organization\",\"@id\":\"https:\/\/228news.tg\/#organization\",\"name\":\"228 News\",\"url\":\"https:\/\/228news.tg\/\",\"logo\":{\"@type\":\"ImageObject\",\"inLanguage\":\"fr-FR\",\"@id\":\"https:\/\/228news.tg\/#\/schema\/logo\/image\/\",\"url\":\"https:\/\/228news.tg\/wp-content\/uploads\/2024\/09\/logonew.png\",\"contentUrl\":\"https:\/\/228news.tg\/wp-content\/uploads\/2024\/09\/logonew.png\",\"width\":1640,\"height\":364,\"caption\":\"228 News\"},\"image\":{\"@id\":\"https:\/\/228news.tg\/#\/schema\/logo\/image\/\"}},{\"@type\":\"Person\",\"@id\":\"https:\/\/228news.tg\/#\/schema\/person\/68d5a6cc0230290e61235c8379523f52\",\"name\":\"Bienvenu SAVI\",\"image\":{\"@type\":\"ImageObject\",\"inLanguage\":\"fr-FR\",\"@id\":\"https:\/\/228news.tg\/#\/schema\/person\/image\/\",\"url\":\"https:\/\/secure.gravatar.com\/avatar\/9db91895c559e510509c33a3e9683998458e9b828fac36d5d1aa23f0f2fd369b?s=96&d=mm&r=g\",\"contentUrl\":\"https:\/\/secure.gravatar.com\/avatar\/9db91895c559e510509c33a3e9683998458e9b828fac36d5d1aa23f0f2fd369b?s=96&d=mm&r=g\",\"caption\":\"Bienvenu SAVI\"},\"url\":\"https:\/\/228news.tg\/index.php\/author\/bienvenu\/\"}]}<\/script>\n<!-- \/ Yoast SEO plugin. -->","yoast_head_json":{"title":"Lom\u00e9-Vert: Le d\u00e9gagement des espaces pour abriter le projet se poursuit - 228 News","robots":{"index":"index","follow":"follow","max-snippet":"max-snippet:-1","max-image-preview":"max-image-preview:large","max-video-preview":"max-video-preview:-1"},"canonical":"https:\/\/228news.tg\/index.php\/2019\/02\/26\/lome-vert-le-degagement-des-espaces-pour-abriter-le-projet-se-poursuit-2\/","og_locale":"fr_FR","og_type":"article","og_title":"Lom\u00e9-Vert: Le d\u00e9gagement des espaces pour abriter le projet se poursuit - 228 News","og_description":"(228NEWS\/ Lom\u00e9, le 26 f\u00e9vrier 2019)- L&rsquo;Honorabe Kossi Agb\u00e9ny\u00e9gan Aboka, Pr\u00e9sident de la de la d\u00e9l\u00e9gation sp\u00e9ciale de la pr\u00e9fecture du Golfe a supervis\u00e9 ce mardi 26 f\u00e9vrier 2019 sur le grand boulevard GTA-Ago\u00e8, les travaux de d\u00e9gagement et d&rsquo;am\u00e9nagement des espaces devant abrit\u00e9 le futur projet Lom\u00e9 vert. Ces travaux ont permis de lib\u00e9rer ... Lire la suite","og_url":"https:\/\/228news.tg\/index.php\/2019\/02\/26\/lome-vert-le-degagement-des-espaces-pour-abriter-le-projet-se-poursuit-2\/","og_site_name":"228 News","article_published_time":"2019-02-26T15:29:54+00:00","og_image":[{"url":"http:\/\/localhost\/site\/228news\/wp-content\/uploads\/2019\/02\/photo_2019-02-26_16-27-28-300x225.jpg","type":"","width":"","height":""}],"author":"Bienvenu SAVI","twitter_card":"summary_large_image","twitter_misc":{"\u00c9crit par":"Bienvenu SAVI","Dur\u00e9e de lecture estim\u00e9e":"1 minute"},"schema":{"@context":"https:\/\/schema.org","@graph":[{"@type":"Article","@id":"https:\/\/228news.tg\/index.php\/2019\/02\/26\/lome-vert-le-degagement-des-espaces-pour-abriter-le-projet-se-poursuit-2\/#article","isPartOf":{"@id":"https:\/\/228news.tg\/index.php\/2019\/02\/26\/lome-vert-le-degagement-des-espaces-pour-abriter-le-projet-se-poursuit-2\/"},"author":{"name":"Bienvenu SAVI","@id":"https:\/\/228news.tg\/#\/schema\/person\/68d5a6cc0230290e61235c8379523f52"},"headline":"Lom\u00e9-Vert: Le d\u00e9gagement des espaces pour abriter le projet se poursuit","datePublished":"2019-02-26T15:29:54+00:00","mainEntityOfPage":{"@id":"https:\/\/228news.tg\/index.php\/2019\/02\/26\/lome-vert-le-degagement-des-espaces-pour-abriter-le-projet-se-poursuit-2\/"},"wordCount":303,"commentCount":0,"publisher":{"@id":"https:\/\/228news.tg\/#organization"},"image":{"@id":"https:\/\/228news.tg\/index.php\/2019\/02\/26\/lome-vert-le-degagement-des-espaces-pour-abriter-le-projet-se-poursuit-2\/#primaryimage"},"thumbnailUrl":"","articleSection":["DEVELOPPEMENT","Flash","TOGO","Une"],"inLanguage":"fr-FR","potentialAction":[{"@type":"CommentAction","name":"Comment","target":["https:\/\/228news.tg\/index.php\/2019\/02\/26\/lome-vert-le-degagement-des-espaces-pour-abriter-le-projet-se-poursuit-2\/#respond"]}]},{"@type":"WebPage","@id":"https:\/\/228news.tg\/index.php\/2019\/02\/26\/lome-vert-le-degagement-des-espaces-pour-abriter-le-projet-se-poursuit-2\/","url":"https:\/\/228news.tg\/index.php\/2019\/02\/26\/lome-vert-le-degagement-des-espaces-pour-abriter-le-projet-se-poursuit-2\/","name":"Lom\u00e9-Vert: Le d\u00e9gagement des espaces pour abriter le projet se poursuit - 228 News","isPartOf":{"@id":"https:\/\/228news.tg\/#website"},"primaryImageOfPage":{"@id":"https:\/\/228news.tg\/index.php\/2019\/02\/26\/lome-vert-le-degagement-des-espaces-pour-abriter-le-projet-se-poursuit-2\/#primaryimage"},"image":{"@id":"https:\/\/228news.tg\/index.php\/2019\/02\/26\/lome-vert-le-degagement-des-espaces-pour-abriter-le-projet-se-poursuit-2\/#primaryimage"},"thumbnailUrl":"","datePublished":"2019-02-26T15:29:54+00:00","breadcrumb":{"@id":"https:\/\/228news.tg\/index.php\/2019\/02\/26\/lome-vert-le-degagement-des-espaces-pour-abriter-le-projet-se-poursuit-2\/#breadcrumb"},"inLanguage":"fr-FR","potentialAction":[{"@type":"ReadAction","target":["https:\/\/228news.tg\/index.php\/2019\/02\/26\/lome-vert-le-degagement-des-espaces-pour-abriter-le-projet-se-poursuit-2\/"]}]},{"@type":"ImageObject","inLanguage":"fr-FR","@id":"https:\/\/228news.tg\/index.php\/2019\/02\/26\/lome-vert-le-degagement-des-espaces-pour-abriter-le-projet-se-poursuit-2\/#primaryimage","url":"","contentUrl":""},{"@type":"BreadcrumbList","@id":"https:\/\/228news.tg\/index.php\/2019\/02\/26\/lome-vert-le-degagement-des-espaces-pour-abriter-le-projet-se-poursuit-2\/#breadcrumb","itemListElement":[{"@type":"ListItem","position":1,"name":"Home","item":"https:\/\/228news.tg\/"},{"@type":"ListItem","position":2,"name":"Lom\u00e9-Vert: Le d\u00e9gagement des espaces pour abriter le projet se poursuit"}]},{"@type":"WebSite","@id":"https:\/\/228news.tg\/#website","url":"https:\/\/228news.tg\/","name":"228 News","description":"Soci\u00e9t\u00e9 de m\u00e9dias et d\u2019actualit\u00e9s","publisher":{"@id":"https:\/\/228news.tg\/#organization"},"potentialAction":[{"@type":"SearchAction","target":{"@type":"EntryPoint","urlTemplate":"https:\/\/228news.tg\/?s={search_term_string}"},"query-input":{"@type":"PropertyValueSpecification","valueRequired":true,"valueName":"search_term_string"}}],"inLanguage":"fr-FR"},{"@type":"Organization","@id":"https:\/\/228news.tg\/#organization","name":"228 News","url":"https:\/\/228news.tg\/","logo":{"@type":"ImageObject","inLanguage":"fr-FR","@id":"https:\/\/228news.tg\/#\/schema\/logo\/image\/","url":"https:\/\/228news.tg\/wp-content\/uploads\/2024\/09\/logonew.png","contentUrl":"https:\/\/228news.tg\/wp-content\/uploads\/2024\/09\/logonew.png","width":1640,"height":364,"caption":"228 News"},"image":{"@id":"https:\/\/228news.tg\/#\/schema\/logo\/image\/"}},{"@type":"Person","@id":"https:\/\/228news.tg\/#\/schema\/person\/68d5a6cc0230290e61235c8379523f52","name":"Bienvenu SAVI","image":{"@type":"ImageObject","inLanguage":"fr-FR","@id":"https:\/\/228news.tg\/#\/schema\/person\/image\/","url":"https:\/\/secure.gravatar.com\/avatar\/9db91895c559e510509c33a3e9683998458e9b828fac36d5d1aa23f0f2fd369b?s=96&d=mm&r=g","contentUrl":"https:\/\/secure.gravatar.com\/avatar\/9db91895c559e510509c33a3e9683998458e9b828fac36d5d1aa23f0f2fd369b?s=96&d=mm&r=g","caption":"Bienvenu SAVI"},"url":"https:\/\/228news.tg\/index.php\/author\/bienvenu\/"}]}},"jetpack_featured_media_url":"","_links":{"self":[{"href":"https:\/\/228news.tg\/index.php\/wp-json\/wp\/v2\/posts\/14674","targetHints":{"allow":["GET"]}}],"collection":[{"href":"https:\/\/228news.tg\/index.php\/wp-json\/wp\/v2\/posts"}],"about":[{"href":"https:\/\/228news.tg\/index.php\/wp-json\/wp\/v2\/types\/post"}],"author":[{"embeddable":true,"href":"https:\/\/228news.tg\/index.php\/wp-json\/wp\/v2\/users\/2"}],"replies":[{"embeddable":true,"href":"https:\/\/228news.tg\/index.php\/wp-json\/wp\/v2\/comments?post=14674"}],"version-history":[{"count":0,"href":"https:\/\/228news.tg\/index.php\/wp-json\/wp\/v2\/posts\/14674\/revisions"}],"wp:featuredmedia":[{"embeddable":true,"href":"https:\/\/228news.tg\/index.php\/wp-json\/wp\/v2\/posts\/3843"}],"wp:attachment":[{"href":"https:\/\/228news.tg\/index.php\/wp-json\/wp\/v2\/media?parent=14674"}],"wp:term":[{"taxonomy":"category","embeddable":true,"href":"https:\/\/228news.tg\/index.php\/wp-json\/wp\/v2\/categories?post=14674"},{"taxonomy":"post_tag","embeddable":true,"href":"https:\/\/228news.tg\/index.php\/wp-json\/wp\/v2\/tags?post=14674"}],"curies":[{"name":"wp","href":"https:\/\/api.w.org\/{rel}","templated":true}]}}