{"id":14670,"date":"2019-02-22T20:27:22","date_gmt":"2019-02-22T20:27:22","guid":{"rendered":"http:\/\/localhost\/site\/228news\/?p=3821"},"modified":"2019-02-22T20:27:22","modified_gmt":"2019-02-22T20:27:22","slug":"vendredi-de-la-fiscalite-209-acte-iii-le-calendrier-fiscal-en-vigueur-cette-annee-au-coeur-des-debats-2","status":"publish","type":"post","link":"https:\/\/228news.tg\/index.php\/2019\/02\/22\/vendredi-de-la-fiscalite-209-acte-iii-le-calendrier-fiscal-en-vigueur-cette-annee-au-coeur-des-debats-2\/","title":{"rendered":"Vendredi de la fiscalit\u00e9, 2019-acte III: Le calendrier fiscal en vigueur cette ann\u00e9e au c\u0153ur des d\u00e9bats"},"content":{"rendered":"<p>(228NEWS\/ Lom\u00e9, le 22 f\u00e9vrier 2019)- Autour des diverses modifications intervenues dans le calendrier fiscal en vigueur au Togo depuis le d\u00e9but de cette ann\u00e9e 2019, hommes de m\u00e9dias, \u00e9tudiants et op\u00e9rateurs \u00e9conomiques, et experts du Cabinet d&rsquo;Expertise Comptable et Fiscale (CAECO-FISC) s&rsquo;\u00e9taient retrouv\u00e9s ce vendredi 22 f\u00e9vrier 2019 \u00e0 Lom\u00e9, \u00e0 l&rsquo;occasion du vendredi de la fiscalit\u00e9 au titre de cette ann\u00e9e.<\/p>\n<p>La s\u00e9ance \u00e0 \u00e9t\u00e9 pr\u00e9sid\u00e9e par le Directeur G\u00e9n\u00e9ral du Cabinet, Adanlap\u00e9 et la principale communication pr\u00e9sent\u00e9e par l&rsquo;expert fiscaliste J\u00e9r\u00f4me Yakandji.<\/p>\n<p>Ce dernier s&rsquo;estappesanti sur les obligations de d\u00e9claration et de paiement avec les p\u00e9riodicit\u00e9s y aff\u00e9rents. D\u2019apr\u00e8s lui, ces obligations de d\u00e9clarations sont soient annuelles ou mensuelles et celles de paiement varient selon les p\u00e9riodes.<\/p>\n<p>\u00ab\u00a0Ces deux obligations sont au titre d\u2019 l\u2019activit\u00e9 de l\u2019entreprise. Il en existe d\u2019autres en mati\u00e8re de cr\u00e9ation et de fermeture d\u2019entreprise\u00a0\u00bb, a donc pr\u00e9cis\u00e9 M. Yakandji.<\/p>\n<p>La nouvelle d\u00e9nomination de certains imp\u00f4ts comme la patente qui est per\u00e7ue en fonction du chiffre d\u2019affaires, lui-m\u00eame li\u00e9 \u00e0 la localit\u00e9, ont donc fait leur apparition dans la nouvelle disposition l\u00e9gislative fiscale.\u00a0<img fetchpriority=\"high\" decoding=\"async\" class=\"alignnone size-medium wp-image-3823 alignright\" src=\"http:\/\/localhost\/site\/228news\/wp-content\/uploads\/2019\/02\/photo_2019-02-22_17-53-05-300x225.jpg\" alt=\"\" width=\"300\" height=\"225\" \/><\/p>\n<p>Les d\u00e9bats ont ensuite tourn\u00e9 au cours des diverses pr\u00e9occupations des particuliers, agriculteurs et jeunes qui veulent en savoir plus sur la fiscalit\u00e9, les diff\u00e9rents r\u00e9gimes qui les encadrent dans le cadre de leurs diverses activit\u00e9s.<\/p>\n<p>Pour Adalanp\u00e9 Love, la loi de finances 2019 est une loi int\u00e9ressante par rapport \u00e0 l\u2019entrepreneuriat au Togo. Il a donc lou\u00e9 les exon\u00e9rations de deux ann\u00e9es \u00e0 la Taxe unique et \u00e0 la patente, \u00e0 la cr\u00e9ation d\u2019entreprise, institu\u00e9es par cette loi qui favorise la cr\u00e9ation d\u2019emploi et l\u2019esprit d\u2019initiative surtout aupr\u00e8s de la classe jeune.<\/p>\n<p>La question de l\u2019appropriation des nouvelles dispositions du code g\u00e9n\u00e9ral des imp\u00f4ts par les agents de l\u2019Office Togolais des Recettes (OTR) pour un meilleur traitement des contribuables a fait d\u00e9bat.<\/p>\n<p>Projet novateur port\u00e9 par les Journalistes en Mission pour le D\u00e9veloppement (JMD) et le CAECO-FISC, le vendredi de la fiscalit\u00e9 constitue aujourd&rsquo;hui un canal grandement ouvert et efficace \u00e0 travers lequel les populations s&rsquo;impr\u00e8gnent de bon nombre de r\u00e9alit\u00e9s en mati\u00e8re de fiscalit\u00e9.<\/p>\n<p><strong><em>D\u00e9mocrate<\/em><\/strong><\/p>\n<p><strong><em>(00228) 91 85 40 14<\/em><\/strong><\/p>\n<p><strong><em>democrate2010@gmail.com<\/em><\/strong><\/p>\n","protected":false},"excerpt":{"rendered":"<p>(228NEWS\/ Lom\u00e9, le 22 f\u00e9vrier 2019)- Autour des diverses modifications intervenues dans le calendrier fiscal en vigueur au Togo depuis le d\u00e9but de cette ann\u00e9e 2019, hommes de m\u00e9dias, \u00e9tudiants et op\u00e9rateurs \u00e9conomiques, et experts du Cabinet d&rsquo;Expertise Comptable et Fiscale (CAECO-FISC) s&rsquo;\u00e9taient retrouv\u00e9s ce vendredi 22 f\u00e9vrier 2019 \u00e0 Lom\u00e9, \u00e0 l&rsquo;occasion du vendredi &#8230; <a title=\"Vendredi de la fiscalit\u00e9, 2019-acte III: Le calendrier fiscal en vigueur cette ann\u00e9e au c\u0153ur des d\u00e9bats\" class=\"read-more\" href=\"https:\/\/228news.tg\/index.php\/2019\/02\/22\/vendredi-de-la-fiscalite-209-acte-iii-le-calendrier-fiscal-en-vigueur-cette-annee-au-coeur-des-debats-2\/\" aria-label=\"En savoir plus sur Vendredi de la fiscalit\u00e9, 2019-acte III: Le calendrier fiscal en vigueur cette ann\u00e9e au c\u0153ur des d\u00e9bats\">Lire la suite<\/a><\/p>\n","protected":false},"author":2,"featured_media":3822,"comment_status":"open","ping_status":"open","sticky":false,"template":"","format":"chat","meta":{"footnotes":""},"categories":[28,35,25,34],"tags":[],"class_list":["post-14670","post","type-post","status-publish","format-chat","has-post-thumbnail","hentry","category-education","category-flash","category-togo","category-une","post_format-post-format-chat"],"yoast_head":"<!-- This site is optimized with the Yoast SEO plugin v26.4 - https:\/\/yoast.com\/wordpress\/plugins\/seo\/ -->\n<title>Vendredi de la fiscalit\u00e9, 2019-acte III: Le calendrier fiscal en vigueur cette ann\u00e9e au c\u0153ur des d\u00e9bats - 228 News<\/title>\n<meta name=\"robots\" content=\"index, follow, max-snippet:-1, max-image-preview:large, max-video-preview:-1\" \/>\n<link rel=\"canonical\" href=\"https:\/\/228news.tg\/index.php\/2019\/02\/22\/vendredi-de-la-fiscalite-209-acte-iii-le-calendrier-fiscal-en-vigueur-cette-annee-au-coeur-des-debats-2\/\" \/>\n<meta property=\"og:locale\" content=\"fr_FR\" \/>\n<meta property=\"og:type\" content=\"article\" \/>\n<meta property=\"og:title\" content=\"Vendredi de la fiscalit\u00e9, 2019-acte III: Le calendrier fiscal en vigueur cette ann\u00e9e au c\u0153ur des d\u00e9bats - 228 News\" \/>\n<meta property=\"og:description\" content=\"(228NEWS\/ Lom\u00e9, le 22 f\u00e9vrier 2019)- Autour des diverses modifications intervenues dans le calendrier fiscal en vigueur au Togo depuis le d\u00e9but de cette ann\u00e9e 2019, hommes de m\u00e9dias, \u00e9tudiants et op\u00e9rateurs \u00e9conomiques, et experts du Cabinet d&rsquo;Expertise Comptable et Fiscale (CAECO-FISC) s&rsquo;\u00e9taient retrouv\u00e9s ce vendredi 22 f\u00e9vrier 2019 \u00e0 Lom\u00e9, \u00e0 l&rsquo;occasion du vendredi ... Lire la suite\" \/>\n<meta property=\"og:url\" content=\"https:\/\/228news.tg\/index.php\/2019\/02\/22\/vendredi-de-la-fiscalite-209-acte-iii-le-calendrier-fiscal-en-vigueur-cette-annee-au-coeur-des-debats-2\/\" \/>\n<meta property=\"og:site_name\" content=\"228 News\" \/>\n<meta property=\"article:published_time\" content=\"2019-02-22T20:27:22+00:00\" \/>\n<meta property=\"og:image\" content=\"http:\/\/localhost\/site\/228news\/wp-content\/uploads\/2019\/02\/photo_2019-02-22_17-53-05-300x225.jpg\" \/>\n<meta name=\"author\" content=\"Bienvenu SAVI\" \/>\n<meta name=\"twitter:card\" content=\"summary_large_image\" \/>\n<meta name=\"twitter:label1\" content=\"\u00c9crit par\" \/>\n\t<meta name=\"twitter:data1\" content=\"Bienvenu SAVI\" \/>\n\t<meta name=\"twitter:label2\" content=\"Dur\u00e9e de lecture estim\u00e9e\" \/>\n\t<meta name=\"twitter:data2\" content=\"2 minutes\" \/>\n<script type=\"application\/ld+json\" class=\"yoast-schema-graph\">{\"@context\":\"https:\/\/schema.org\",\"@graph\":[{\"@type\":\"Article\",\"@id\":\"https:\/\/228news.tg\/index.php\/2019\/02\/22\/vendredi-de-la-fiscalite-209-acte-iii-le-calendrier-fiscal-en-vigueur-cette-annee-au-coeur-des-debats-2\/#article\",\"isPartOf\":{\"@id\":\"https:\/\/228news.tg\/index.php\/2019\/02\/22\/vendredi-de-la-fiscalite-209-acte-iii-le-calendrier-fiscal-en-vigueur-cette-annee-au-coeur-des-debats-2\/\"},\"author\":{\"name\":\"Bienvenu SAVI\",\"@id\":\"https:\/\/228news.tg\/#\/schema\/person\/68d5a6cc0230290e61235c8379523f52\"},\"headline\":\"Vendredi de la fiscalit\u00e9, 2019-acte III: Le calendrier fiscal en vigueur cette ann\u00e9e au c\u0153ur des d\u00e9bats\",\"datePublished\":\"2019-02-22T20:27:22+00:00\",\"mainEntityOfPage\":{\"@id\":\"https:\/\/228news.tg\/index.php\/2019\/02\/22\/vendredi-de-la-fiscalite-209-acte-iii-le-calendrier-fiscal-en-vigueur-cette-annee-au-coeur-des-debats-2\/\"},\"wordCount\":430,\"commentCount\":0,\"publisher\":{\"@id\":\"https:\/\/228news.tg\/#organization\"},\"image\":{\"@id\":\"https:\/\/228news.tg\/index.php\/2019\/02\/22\/vendredi-de-la-fiscalite-209-acte-iii-le-calendrier-fiscal-en-vigueur-cette-annee-au-coeur-des-debats-2\/#primaryimage\"},\"thumbnailUrl\":\"\",\"articleSection\":[\"EDUCATION\",\"Flash\",\"TOGO\",\"Une\"],\"inLanguage\":\"fr-FR\",\"potentialAction\":[{\"@type\":\"CommentAction\",\"name\":\"Comment\",\"target\":[\"https:\/\/228news.tg\/index.php\/2019\/02\/22\/vendredi-de-la-fiscalite-209-acte-iii-le-calendrier-fiscal-en-vigueur-cette-annee-au-coeur-des-debats-2\/#respond\"]}]},{\"@type\":\"WebPage\",\"@id\":\"https:\/\/228news.tg\/index.php\/2019\/02\/22\/vendredi-de-la-fiscalite-209-acte-iii-le-calendrier-fiscal-en-vigueur-cette-annee-au-coeur-des-debats-2\/\",\"url\":\"https:\/\/228news.tg\/index.php\/2019\/02\/22\/vendredi-de-la-fiscalite-209-acte-iii-le-calendrier-fiscal-en-vigueur-cette-annee-au-coeur-des-debats-2\/\",\"name\":\"Vendredi de la fiscalit\u00e9, 2019-acte III: Le calendrier fiscal en vigueur cette ann\u00e9e au c\u0153ur des d\u00e9bats - 228 News\",\"isPartOf\":{\"@id\":\"https:\/\/228news.tg\/#website\"},\"primaryImageOfPage\":{\"@id\":\"https:\/\/228news.tg\/index.php\/2019\/02\/22\/vendredi-de-la-fiscalite-209-acte-iii-le-calendrier-fiscal-en-vigueur-cette-annee-au-coeur-des-debats-2\/#primaryimage\"},\"image\":{\"@id\":\"https:\/\/228news.tg\/index.php\/2019\/02\/22\/vendredi-de-la-fiscalite-209-acte-iii-le-calendrier-fiscal-en-vigueur-cette-annee-au-coeur-des-debats-2\/#primaryimage\"},\"thumbnailUrl\":\"\",\"datePublished\":\"2019-02-22T20:27:22+00:00\",\"breadcrumb\":{\"@id\":\"https:\/\/228news.tg\/index.php\/2019\/02\/22\/vendredi-de-la-fiscalite-209-acte-iii-le-calendrier-fiscal-en-vigueur-cette-annee-au-coeur-des-debats-2\/#breadcrumb\"},\"inLanguage\":\"fr-FR\",\"potentialAction\":[{\"@type\":\"ReadAction\",\"target\":[\"https:\/\/228news.tg\/index.php\/2019\/02\/22\/vendredi-de-la-fiscalite-209-acte-iii-le-calendrier-fiscal-en-vigueur-cette-annee-au-coeur-des-debats-2\/\"]}]},{\"@type\":\"ImageObject\",\"inLanguage\":\"fr-FR\",\"@id\":\"https:\/\/228news.tg\/index.php\/2019\/02\/22\/vendredi-de-la-fiscalite-209-acte-iii-le-calendrier-fiscal-en-vigueur-cette-annee-au-coeur-des-debats-2\/#primaryimage\",\"url\":\"\",\"contentUrl\":\"\"},{\"@type\":\"BreadcrumbList\",\"@id\":\"https:\/\/228news.tg\/index.php\/2019\/02\/22\/vendredi-de-la-fiscalite-209-acte-iii-le-calendrier-fiscal-en-vigueur-cette-annee-au-coeur-des-debats-2\/#breadcrumb\",\"itemListElement\":[{\"@type\":\"ListItem\",\"position\":1,\"name\":\"Home\",\"item\":\"https:\/\/228news.tg\/\"},{\"@type\":\"ListItem\",\"position\":2,\"name\":\"Vendredi de la fiscalit\u00e9, 2019-acte III: Le calendrier fiscal en vigueur cette ann\u00e9e au c\u0153ur des d\u00e9bats\"}]},{\"@type\":\"WebSite\",\"@id\":\"https:\/\/228news.tg\/#website\",\"url\":\"https:\/\/228news.tg\/\",\"name\":\"228 News\",\"description\":\"Soci\u00e9t\u00e9 de m\u00e9dias et d\u2019actualit\u00e9s\",\"publisher\":{\"@id\":\"https:\/\/228news.tg\/#organization\"},\"potentialAction\":[{\"@type\":\"SearchAction\",\"target\":{\"@type\":\"EntryPoint\",\"urlTemplate\":\"https:\/\/228news.tg\/?s={search_term_string}\"},\"query-input\":{\"@type\":\"PropertyValueSpecification\",\"valueRequired\":true,\"valueName\":\"search_term_string\"}}],\"inLanguage\":\"fr-FR\"},{\"@type\":\"Organization\",\"@id\":\"https:\/\/228news.tg\/#organization\",\"name\":\"228 News\",\"url\":\"https:\/\/228news.tg\/\",\"logo\":{\"@type\":\"ImageObject\",\"inLanguage\":\"fr-FR\",\"@id\":\"https:\/\/228news.tg\/#\/schema\/logo\/image\/\",\"url\":\"https:\/\/228news.tg\/wp-content\/uploads\/2024\/09\/logonew.png\",\"contentUrl\":\"https:\/\/228news.tg\/wp-content\/uploads\/2024\/09\/logonew.png\",\"width\":1640,\"height\":364,\"caption\":\"228 News\"},\"image\":{\"@id\":\"https:\/\/228news.tg\/#\/schema\/logo\/image\/\"}},{\"@type\":\"Person\",\"@id\":\"https:\/\/228news.tg\/#\/schema\/person\/68d5a6cc0230290e61235c8379523f52\",\"name\":\"Bienvenu SAVI\",\"image\":{\"@type\":\"ImageObject\",\"inLanguage\":\"fr-FR\",\"@id\":\"https:\/\/228news.tg\/#\/schema\/person\/image\/\",\"url\":\"https:\/\/secure.gravatar.com\/avatar\/9db91895c559e510509c33a3e9683998458e9b828fac36d5d1aa23f0f2fd369b?s=96&d=mm&r=g\",\"contentUrl\":\"https:\/\/secure.gravatar.com\/avatar\/9db91895c559e510509c33a3e9683998458e9b828fac36d5d1aa23f0f2fd369b?s=96&d=mm&r=g\",\"caption\":\"Bienvenu SAVI\"},\"url\":\"https:\/\/228news.tg\/index.php\/author\/bienvenu\/\"}]}<\/script>\n<!-- \/ Yoast SEO plugin. -->","yoast_head_json":{"title":"Vendredi de la fiscalit\u00e9, 2019-acte III: Le calendrier fiscal en vigueur cette ann\u00e9e au c\u0153ur des d\u00e9bats - 228 News","robots":{"index":"index","follow":"follow","max-snippet":"max-snippet:-1","max-image-preview":"max-image-preview:large","max-video-preview":"max-video-preview:-1"},"canonical":"https:\/\/228news.tg\/index.php\/2019\/02\/22\/vendredi-de-la-fiscalite-209-acte-iii-le-calendrier-fiscal-en-vigueur-cette-annee-au-coeur-des-debats-2\/","og_locale":"fr_FR","og_type":"article","og_title":"Vendredi de la fiscalit\u00e9, 2019-acte III: Le calendrier fiscal en vigueur cette ann\u00e9e au c\u0153ur des d\u00e9bats - 228 News","og_description":"(228NEWS\/ Lom\u00e9, le 22 f\u00e9vrier 2019)- Autour des diverses modifications intervenues dans le calendrier fiscal en vigueur au Togo depuis le d\u00e9but de cette ann\u00e9e 2019, hommes de m\u00e9dias, \u00e9tudiants et op\u00e9rateurs \u00e9conomiques, et experts du Cabinet d&rsquo;Expertise Comptable et Fiscale (CAECO-FISC) s&rsquo;\u00e9taient retrouv\u00e9s ce vendredi 22 f\u00e9vrier 2019 \u00e0 Lom\u00e9, \u00e0 l&rsquo;occasion du vendredi ... Lire la suite","og_url":"https:\/\/228news.tg\/index.php\/2019\/02\/22\/vendredi-de-la-fiscalite-209-acte-iii-le-calendrier-fiscal-en-vigueur-cette-annee-au-coeur-des-debats-2\/","og_site_name":"228 News","article_published_time":"2019-02-22T20:27:22+00:00","og_image":[{"url":"http:\/\/localhost\/site\/228news\/wp-content\/uploads\/2019\/02\/photo_2019-02-22_17-53-05-300x225.jpg","type":"","width":"","height":""}],"author":"Bienvenu SAVI","twitter_card":"summary_large_image","twitter_misc":{"\u00c9crit par":"Bienvenu SAVI","Dur\u00e9e de lecture estim\u00e9e":"2 minutes"},"schema":{"@context":"https:\/\/schema.org","@graph":[{"@type":"Article","@id":"https:\/\/228news.tg\/index.php\/2019\/02\/22\/vendredi-de-la-fiscalite-209-acte-iii-le-calendrier-fiscal-en-vigueur-cette-annee-au-coeur-des-debats-2\/#article","isPartOf":{"@id":"https:\/\/228news.tg\/index.php\/2019\/02\/22\/vendredi-de-la-fiscalite-209-acte-iii-le-calendrier-fiscal-en-vigueur-cette-annee-au-coeur-des-debats-2\/"},"author":{"name":"Bienvenu SAVI","@id":"https:\/\/228news.tg\/#\/schema\/person\/68d5a6cc0230290e61235c8379523f52"},"headline":"Vendredi de la fiscalit\u00e9, 2019-acte III: Le calendrier fiscal en vigueur cette ann\u00e9e au c\u0153ur des d\u00e9bats","datePublished":"2019-02-22T20:27:22+00:00","mainEntityOfPage":{"@id":"https:\/\/228news.tg\/index.php\/2019\/02\/22\/vendredi-de-la-fiscalite-209-acte-iii-le-calendrier-fiscal-en-vigueur-cette-annee-au-coeur-des-debats-2\/"},"wordCount":430,"commentCount":0,"publisher":{"@id":"https:\/\/228news.tg\/#organization"},"image":{"@id":"https:\/\/228news.tg\/index.php\/2019\/02\/22\/vendredi-de-la-fiscalite-209-acte-iii-le-calendrier-fiscal-en-vigueur-cette-annee-au-coeur-des-debats-2\/#primaryimage"},"thumbnailUrl":"","articleSection":["EDUCATION","Flash","TOGO","Une"],"inLanguage":"fr-FR","potentialAction":[{"@type":"CommentAction","name":"Comment","target":["https:\/\/228news.tg\/index.php\/2019\/02\/22\/vendredi-de-la-fiscalite-209-acte-iii-le-calendrier-fiscal-en-vigueur-cette-annee-au-coeur-des-debats-2\/#respond"]}]},{"@type":"WebPage","@id":"https:\/\/228news.tg\/index.php\/2019\/02\/22\/vendredi-de-la-fiscalite-209-acte-iii-le-calendrier-fiscal-en-vigueur-cette-annee-au-coeur-des-debats-2\/","url":"https:\/\/228news.tg\/index.php\/2019\/02\/22\/vendredi-de-la-fiscalite-209-acte-iii-le-calendrier-fiscal-en-vigueur-cette-annee-au-coeur-des-debats-2\/","name":"Vendredi de la fiscalit\u00e9, 2019-acte III: Le calendrier fiscal en vigueur cette ann\u00e9e au c\u0153ur des d\u00e9bats - 228 News","isPartOf":{"@id":"https:\/\/228news.tg\/#website"},"primaryImageOfPage":{"@id":"https:\/\/228news.tg\/index.php\/2019\/02\/22\/vendredi-de-la-fiscalite-209-acte-iii-le-calendrier-fiscal-en-vigueur-cette-annee-au-coeur-des-debats-2\/#primaryimage"},"image":{"@id":"https:\/\/228news.tg\/index.php\/2019\/02\/22\/vendredi-de-la-fiscalite-209-acte-iii-le-calendrier-fiscal-en-vigueur-cette-annee-au-coeur-des-debats-2\/#primaryimage"},"thumbnailUrl":"","datePublished":"2019-02-22T20:27:22+00:00","breadcrumb":{"@id":"https:\/\/228news.tg\/index.php\/2019\/02\/22\/vendredi-de-la-fiscalite-209-acte-iii-le-calendrier-fiscal-en-vigueur-cette-annee-au-coeur-des-debats-2\/#breadcrumb"},"inLanguage":"fr-FR","potentialAction":[{"@type":"ReadAction","target":["https:\/\/228news.tg\/index.php\/2019\/02\/22\/vendredi-de-la-fiscalite-209-acte-iii-le-calendrier-fiscal-en-vigueur-cette-annee-au-coeur-des-debats-2\/"]}]},{"@type":"ImageObject","inLanguage":"fr-FR","@id":"https:\/\/228news.tg\/index.php\/2019\/02\/22\/vendredi-de-la-fiscalite-209-acte-iii-le-calendrier-fiscal-en-vigueur-cette-annee-au-coeur-des-debats-2\/#primaryimage","url":"","contentUrl":""},{"@type":"BreadcrumbList","@id":"https:\/\/228news.tg\/index.php\/2019\/02\/22\/vendredi-de-la-fiscalite-209-acte-iii-le-calendrier-fiscal-en-vigueur-cette-annee-au-coeur-des-debats-2\/#breadcrumb","itemListElement":[{"@type":"ListItem","position":1,"name":"Home","item":"https:\/\/228news.tg\/"},{"@type":"ListItem","position":2,"name":"Vendredi de la fiscalit\u00e9, 2019-acte III: Le calendrier fiscal en vigueur cette ann\u00e9e au c\u0153ur des d\u00e9bats"}]},{"@type":"WebSite","@id":"https:\/\/228news.tg\/#website","url":"https:\/\/228news.tg\/","name":"228 News","description":"Soci\u00e9t\u00e9 de m\u00e9dias et d\u2019actualit\u00e9s","publisher":{"@id":"https:\/\/228news.tg\/#organization"},"potentialAction":[{"@type":"SearchAction","target":{"@type":"EntryPoint","urlTemplate":"https:\/\/228news.tg\/?s={search_term_string}"},"query-input":{"@type":"PropertyValueSpecification","valueRequired":true,"valueName":"search_term_string"}}],"inLanguage":"fr-FR"},{"@type":"Organization","@id":"https:\/\/228news.tg\/#organization","name":"228 News","url":"https:\/\/228news.tg\/","logo":{"@type":"ImageObject","inLanguage":"fr-FR","@id":"https:\/\/228news.tg\/#\/schema\/logo\/image\/","url":"https:\/\/228news.tg\/wp-content\/uploads\/2024\/09\/logonew.png","contentUrl":"https:\/\/228news.tg\/wp-content\/uploads\/2024\/09\/logonew.png","width":1640,"height":364,"caption":"228 News"},"image":{"@id":"https:\/\/228news.tg\/#\/schema\/logo\/image\/"}},{"@type":"Person","@id":"https:\/\/228news.tg\/#\/schema\/person\/68d5a6cc0230290e61235c8379523f52","name":"Bienvenu SAVI","image":{"@type":"ImageObject","inLanguage":"fr-FR","@id":"https:\/\/228news.tg\/#\/schema\/person\/image\/","url":"https:\/\/secure.gravatar.com\/avatar\/9db91895c559e510509c33a3e9683998458e9b828fac36d5d1aa23f0f2fd369b?s=96&d=mm&r=g","contentUrl":"https:\/\/secure.gravatar.com\/avatar\/9db91895c559e510509c33a3e9683998458e9b828fac36d5d1aa23f0f2fd369b?s=96&d=mm&r=g","caption":"Bienvenu SAVI"},"url":"https:\/\/228news.tg\/index.php\/author\/bienvenu\/"}]}},"jetpack_featured_media_url":"","_links":{"self":[{"href":"https:\/\/228news.tg\/index.php\/wp-json\/wp\/v2\/posts\/14670","targetHints":{"allow":["GET"]}}],"collection":[{"href":"https:\/\/228news.tg\/index.php\/wp-json\/wp\/v2\/posts"}],"about":[{"href":"https:\/\/228news.tg\/index.php\/wp-json\/wp\/v2\/types\/post"}],"author":[{"embeddable":true,"href":"https:\/\/228news.tg\/index.php\/wp-json\/wp\/v2\/users\/2"}],"replies":[{"embeddable":true,"href":"https:\/\/228news.tg\/index.php\/wp-json\/wp\/v2\/comments?post=14670"}],"version-history":[{"count":0,"href":"https:\/\/228news.tg\/index.php\/wp-json\/wp\/v2\/posts\/14670\/revisions"}],"wp:featuredmedia":[{"embeddable":true,"href":"https:\/\/228news.tg\/index.php\/wp-json\/wp\/v2\/posts\/3822"}],"wp:attachment":[{"href":"https:\/\/228news.tg\/index.php\/wp-json\/wp\/v2\/media?parent=14670"}],"wp:term":[{"taxonomy":"category","embeddable":true,"href":"https:\/\/228news.tg\/index.php\/wp-json\/wp\/v2\/categories?post=14670"},{"taxonomy":"post_tag","embeddable":true,"href":"https:\/\/228news.tg\/index.php\/wp-json\/wp\/v2\/tags?post=14670"}],"curies":[{"name":"wp","href":"https:\/\/api.w.org\/{rel}","templated":true}]}}