{"id":14663,"date":"2019-02-01T15:56:06","date_gmt":"2019-02-01T15:56:06","guid":{"rendered":"http:\/\/localhost\/site\/228news\/?p=3782"},"modified":"2019-02-01T15:56:06","modified_gmt":"2019-02-01T15:56:06","slug":"secteur-informel-et-inclusion-financiere-alleluia-tout-baigne-2","status":"publish","type":"post","link":"https:\/\/228news.tg\/index.php\/2019\/02\/01\/secteur-informel-et-inclusion-financiere-alleluia-tout-baigne-2\/","title":{"rendered":"Secteur informel et inclusion financi\u00e8re: All\u00e9luia tout baigne!"},"content":{"rendered":"<p>(228NEWS Lom\u00e9, le 1er f\u00e9vrier 2019)- La Secr\u00e9taire d&rsquo;\u00c9tat aupr\u00e8s de la Pr\u00e9sidence de la R\u00e9publique charg\u00e9e du Secteur Informel et de l&rsquo;Inclusion Financi\u00e8re, Assih Mazamaesso a dress\u00e9 ce jeudi 31 janvier 2019 \u00e0 la presse nationale, le bilan des activit\u00e9s des diff\u00e9rents d\u00e9partements et programmes \u00e0 sa charge.<\/p>\n<p>Pour l&rsquo;essentiel, l&rsquo;on retient que tout baigne dans la bo\u00eete pr\u00e9sid\u00e9e par Assih Mazamaesso, qui a sous sa coupe le programme \u00ab SCHOOL Assur \u00bb, la Direction de la Promotion de la Finance Inclusive (DPFI), le Fonds National de la Finance Inclusive (FNFI), la D\u00e9l\u00e9gation \u00e0 l\u2019Organisation du Secteur Informel (DOSI) et le Projet National de Promotion de l\u2019Entrepreneuriat Rural (PNPER).<\/p>\n<p>\u00ab\u00a01.587.000 b\u00e9n\u00e9ficiaires sur l&rsquo;ensemble du territoire national. 635.754 d\u2019entre eux ont b\u00e9n\u00e9fici\u00e9 de prises en charge sanitaires dans le cadre du programme School Assur.\u00a0Pour le FNFI, 1.553.201 cr\u00e9dits ont \u00e9t\u00e9 octroy\u00e9s pour une valeur totale de 80,847 milliards F CFA au cours des cinq (5) ann\u00e9es de sa mise en \u0153uvre (2014-2018).\u00a0S\u2019agissant de la DOSI, 182 acteurs ont b\u00e9n\u00e9fici\u00e9 d\u2019un accompagnement au cours de l&rsquo;ann\u00e9e 2018 \u00e0 travers le projet \u00ab ZOKEKE \u00bb. 168 autres ont \u00e9t\u00e9 form\u00e9s et 1712 pi\u00e8ces d\u2019identit\u00e9 ont \u00e9t\u00e9 \u00e9tablies.\u00a0\u00bb, a dress\u00e9 la Secr\u00e9taire d&rsquo;Etat comme bilan\u00a0 de\u00a0 la mise en \u0153uvre de ces diff\u00e9rentes activit\u00e9s.<\/p>\n<p>Pour elle, le Secr\u00e9tariat d\u2019\u00c9tat a pour leitmotiv la qualit\u00e9 dans ses interventions sur les questions d\u2019inclusion financi\u00e8re.<\/p>\n<p>Cet exercice a \u00e9galement permis de renforcer les capacit\u00e9s financi\u00e8res et de gestion des partenaires au niveau de la DPFI.<\/p>\n<p>Pour sa part, le PNPER qui a rejoint le Secr\u00e9tariat d\u2019\u00c9tat en juillet 2018, sous fonds de menaces de coupure de financement a mis en \u0153uvre toutes les recommandations\u00a0 du bailleur qu&rsquo;est le Fonds International du D\u00e9veloppement Agricole (FIDA) lors de la derni\u00e8re revue \u00e0 mi-parcours.<\/p>\n<p>Cela s&rsquo;est traduit par l\u2019accroissement du taux de d\u00e9caissement qui est pass\u00e9 de 9% \u00e0 16% de juillet \u00e0 d\u00e9cembre 2018 et 77 plans d\u2019affaires sont en cours de financement.<\/p>\n<p>Le d\u00e9fi de l&rsquo;autonomisation du FNFI, plus que jamais concret en ce d\u00e9but d&rsquo;ann\u00e9e 2019 n&rsquo;a pas \u00e9t\u00e9 en marge des succ\u00e8s rencontr\u00e9s par l&rsquo;institution.<\/p>\n<p>A l&rsquo;issue des \u00e9changes, Assih a dress\u00e9 les perspectives d&rsquo;avenir pour l\u2019atteinte des objectifs assign\u00e9s \u00e0 son d\u00e9partement. Le Secr\u00e9tariat d\u2019\u00c9tat compte entre autres introduire dans les mois prochains, cinq (5) nouveaux produits pour le FNFI, de m\u00eame que la digitalisation de ce secteur.<\/p>\n<p>A la DOSI, le Secr\u00e9tariat veut renforcer la strat\u00e9gie nationale de formalisation et effectuer une r\u00e9forme organisationnelle profonde.<\/p>\n<p><strong><em>Lesaint<\/em><\/strong><\/p>\n<p><strong><em>(00228) 98 60 67 68\u00a0<\/em><\/strong><\/p>\n<p><strong><em>democrate2010@yahoo.fr<\/em><\/strong><\/p>\n","protected":false},"excerpt":{"rendered":"<p>(228NEWS Lom\u00e9, le 1er f\u00e9vrier 2019)- La Secr\u00e9taire d&rsquo;\u00c9tat aupr\u00e8s de la Pr\u00e9sidence de la R\u00e9publique charg\u00e9e du Secteur Informel et de l&rsquo;Inclusion Financi\u00e8re, Assih Mazamaesso a dress\u00e9 ce jeudi 31 janvier 2019 \u00e0 la presse nationale, le bilan des activit\u00e9s des diff\u00e9rents d\u00e9partements et programmes \u00e0 sa charge. Pour l&rsquo;essentiel, l&rsquo;on retient que tout &#8230; <a title=\"Secteur informel et inclusion financi\u00e8re: All\u00e9luia tout baigne!\" class=\"read-more\" href=\"https:\/\/228news.tg\/index.php\/2019\/02\/01\/secteur-informel-et-inclusion-financiere-alleluia-tout-baigne-2\/\" aria-label=\"En savoir plus sur Secteur informel et inclusion financi\u00e8re: All\u00e9luia tout baigne!\">Lire la suite<\/a><\/p>\n","protected":false},"author":2,"featured_media":3784,"comment_status":"open","ping_status":"open","sticky":false,"template":"","format":"chat","meta":{"footnotes":""},"categories":[30,35,25,34],"tags":[],"class_list":["post-14663","post","type-post","status-publish","format-chat","has-post-thumbnail","hentry","category-economie","category-flash","category-togo","category-une","post_format-post-format-chat"],"yoast_head":"<!-- This site is optimized with the Yoast SEO plugin v26.4 - https:\/\/yoast.com\/wordpress\/plugins\/seo\/ -->\n<title>Secteur informel et inclusion financi\u00e8re: All\u00e9luia tout baigne! - 228 News<\/title>\n<meta name=\"robots\" content=\"index, follow, max-snippet:-1, max-image-preview:large, max-video-preview:-1\" \/>\n<link rel=\"canonical\" href=\"https:\/\/228news.tg\/index.php\/2019\/02\/01\/secteur-informel-et-inclusion-financiere-alleluia-tout-baigne-2\/\" \/>\n<meta property=\"og:locale\" content=\"fr_FR\" \/>\n<meta property=\"og:type\" content=\"article\" \/>\n<meta property=\"og:title\" content=\"Secteur informel et inclusion financi\u00e8re: All\u00e9luia tout baigne! - 228 News\" \/>\n<meta property=\"og:description\" content=\"(228NEWS Lom\u00e9, le 1er f\u00e9vrier 2019)- La Secr\u00e9taire d&rsquo;\u00c9tat aupr\u00e8s de la Pr\u00e9sidence de la R\u00e9publique charg\u00e9e du Secteur Informel et de l&rsquo;Inclusion Financi\u00e8re, Assih Mazamaesso a dress\u00e9 ce jeudi 31 janvier 2019 \u00e0 la presse nationale, le bilan des activit\u00e9s des diff\u00e9rents d\u00e9partements et programmes \u00e0 sa charge. Pour l&rsquo;essentiel, l&rsquo;on retient que tout ... Lire la suite\" \/>\n<meta property=\"og:url\" content=\"https:\/\/228news.tg\/index.php\/2019\/02\/01\/secteur-informel-et-inclusion-financiere-alleluia-tout-baigne-2\/\" \/>\n<meta property=\"og:site_name\" content=\"228 News\" \/>\n<meta property=\"article:published_time\" content=\"2019-02-01T15:56:06+00:00\" \/>\n<meta name=\"author\" content=\"Bienvenu SAVI\" \/>\n<meta name=\"twitter:card\" content=\"summary_large_image\" \/>\n<meta name=\"twitter:label1\" content=\"\u00c9crit par\" \/>\n\t<meta name=\"twitter:data1\" content=\"Bienvenu SAVI\" \/>\n\t<meta name=\"twitter:label2\" content=\"Dur\u00e9e de lecture estim\u00e9e\" \/>\n\t<meta name=\"twitter:data2\" content=\"2 minutes\" \/>\n<script type=\"application\/ld+json\" class=\"yoast-schema-graph\">{\"@context\":\"https:\/\/schema.org\",\"@graph\":[{\"@type\":\"Article\",\"@id\":\"https:\/\/228news.tg\/index.php\/2019\/02\/01\/secteur-informel-et-inclusion-financiere-alleluia-tout-baigne-2\/#article\",\"isPartOf\":{\"@id\":\"https:\/\/228news.tg\/index.php\/2019\/02\/01\/secteur-informel-et-inclusion-financiere-alleluia-tout-baigne-2\/\"},\"author\":{\"name\":\"Bienvenu SAVI\",\"@id\":\"https:\/\/228news.tg\/#\/schema\/person\/68d5a6cc0230290e61235c8379523f52\"},\"headline\":\"Secteur informel et inclusion financi\u00e8re: All\u00e9luia tout baigne!\",\"datePublished\":\"2019-02-01T15:56:06+00:00\",\"mainEntityOfPage\":{\"@id\":\"https:\/\/228news.tg\/index.php\/2019\/02\/01\/secteur-informel-et-inclusion-financiere-alleluia-tout-baigne-2\/\"},\"wordCount\":477,\"commentCount\":0,\"publisher\":{\"@id\":\"https:\/\/228news.tg\/#organization\"},\"image\":{\"@id\":\"https:\/\/228news.tg\/index.php\/2019\/02\/01\/secteur-informel-et-inclusion-financiere-alleluia-tout-baigne-2\/#primaryimage\"},\"thumbnailUrl\":\"\",\"articleSection\":[\"ECONOMIE\",\"Flash\",\"TOGO\",\"Une\"],\"inLanguage\":\"fr-FR\",\"potentialAction\":[{\"@type\":\"CommentAction\",\"name\":\"Comment\",\"target\":[\"https:\/\/228news.tg\/index.php\/2019\/02\/01\/secteur-informel-et-inclusion-financiere-alleluia-tout-baigne-2\/#respond\"]}]},{\"@type\":\"WebPage\",\"@id\":\"https:\/\/228news.tg\/index.php\/2019\/02\/01\/secteur-informel-et-inclusion-financiere-alleluia-tout-baigne-2\/\",\"url\":\"https:\/\/228news.tg\/index.php\/2019\/02\/01\/secteur-informel-et-inclusion-financiere-alleluia-tout-baigne-2\/\",\"name\":\"Secteur informel et inclusion financi\u00e8re: All\u00e9luia tout baigne! - 228 News\",\"isPartOf\":{\"@id\":\"https:\/\/228news.tg\/#website\"},\"primaryImageOfPage\":{\"@id\":\"https:\/\/228news.tg\/index.php\/2019\/02\/01\/secteur-informel-et-inclusion-financiere-alleluia-tout-baigne-2\/#primaryimage\"},\"image\":{\"@id\":\"https:\/\/228news.tg\/index.php\/2019\/02\/01\/secteur-informel-et-inclusion-financiere-alleluia-tout-baigne-2\/#primaryimage\"},\"thumbnailUrl\":\"\",\"datePublished\":\"2019-02-01T15:56:06+00:00\",\"breadcrumb\":{\"@id\":\"https:\/\/228news.tg\/index.php\/2019\/02\/01\/secteur-informel-et-inclusion-financiere-alleluia-tout-baigne-2\/#breadcrumb\"},\"inLanguage\":\"fr-FR\",\"potentialAction\":[{\"@type\":\"ReadAction\",\"target\":[\"https:\/\/228news.tg\/index.php\/2019\/02\/01\/secteur-informel-et-inclusion-financiere-alleluia-tout-baigne-2\/\"]}]},{\"@type\":\"ImageObject\",\"inLanguage\":\"fr-FR\",\"@id\":\"https:\/\/228news.tg\/index.php\/2019\/02\/01\/secteur-informel-et-inclusion-financiere-alleluia-tout-baigne-2\/#primaryimage\",\"url\":\"\",\"contentUrl\":\"\"},{\"@type\":\"BreadcrumbList\",\"@id\":\"https:\/\/228news.tg\/index.php\/2019\/02\/01\/secteur-informel-et-inclusion-financiere-alleluia-tout-baigne-2\/#breadcrumb\",\"itemListElement\":[{\"@type\":\"ListItem\",\"position\":1,\"name\":\"Home\",\"item\":\"https:\/\/228news.tg\/\"},{\"@type\":\"ListItem\",\"position\":2,\"name\":\"Secteur informel et inclusion financi\u00e8re: All\u00e9luia tout baigne!\"}]},{\"@type\":\"WebSite\",\"@id\":\"https:\/\/228news.tg\/#website\",\"url\":\"https:\/\/228news.tg\/\",\"name\":\"228 News\",\"description\":\"Soci\u00e9t\u00e9 de m\u00e9dias et d\u2019actualit\u00e9s\",\"publisher\":{\"@id\":\"https:\/\/228news.tg\/#organization\"},\"potentialAction\":[{\"@type\":\"SearchAction\",\"target\":{\"@type\":\"EntryPoint\",\"urlTemplate\":\"https:\/\/228news.tg\/?s={search_term_string}\"},\"query-input\":{\"@type\":\"PropertyValueSpecification\",\"valueRequired\":true,\"valueName\":\"search_term_string\"}}],\"inLanguage\":\"fr-FR\"},{\"@type\":\"Organization\",\"@id\":\"https:\/\/228news.tg\/#organization\",\"name\":\"228 News\",\"url\":\"https:\/\/228news.tg\/\",\"logo\":{\"@type\":\"ImageObject\",\"inLanguage\":\"fr-FR\",\"@id\":\"https:\/\/228news.tg\/#\/schema\/logo\/image\/\",\"url\":\"https:\/\/228news.tg\/wp-content\/uploads\/2024\/09\/logonew.png\",\"contentUrl\":\"https:\/\/228news.tg\/wp-content\/uploads\/2024\/09\/logonew.png\",\"width\":1640,\"height\":364,\"caption\":\"228 News\"},\"image\":{\"@id\":\"https:\/\/228news.tg\/#\/schema\/logo\/image\/\"}},{\"@type\":\"Person\",\"@id\":\"https:\/\/228news.tg\/#\/schema\/person\/68d5a6cc0230290e61235c8379523f52\",\"name\":\"Bienvenu SAVI\",\"image\":{\"@type\":\"ImageObject\",\"inLanguage\":\"fr-FR\",\"@id\":\"https:\/\/228news.tg\/#\/schema\/person\/image\/\",\"url\":\"https:\/\/secure.gravatar.com\/avatar\/9db91895c559e510509c33a3e9683998458e9b828fac36d5d1aa23f0f2fd369b?s=96&d=mm&r=g\",\"contentUrl\":\"https:\/\/secure.gravatar.com\/avatar\/9db91895c559e510509c33a3e9683998458e9b828fac36d5d1aa23f0f2fd369b?s=96&d=mm&r=g\",\"caption\":\"Bienvenu SAVI\"},\"url\":\"https:\/\/228news.tg\/index.php\/author\/bienvenu\/\"}]}<\/script>\n<!-- \/ Yoast SEO plugin. -->","yoast_head_json":{"title":"Secteur informel et inclusion financi\u00e8re: All\u00e9luia tout baigne! - 228 News","robots":{"index":"index","follow":"follow","max-snippet":"max-snippet:-1","max-image-preview":"max-image-preview:large","max-video-preview":"max-video-preview:-1"},"canonical":"https:\/\/228news.tg\/index.php\/2019\/02\/01\/secteur-informel-et-inclusion-financiere-alleluia-tout-baigne-2\/","og_locale":"fr_FR","og_type":"article","og_title":"Secteur informel et inclusion financi\u00e8re: All\u00e9luia tout baigne! - 228 News","og_description":"(228NEWS Lom\u00e9, le 1er f\u00e9vrier 2019)- La Secr\u00e9taire d&rsquo;\u00c9tat aupr\u00e8s de la Pr\u00e9sidence de la R\u00e9publique charg\u00e9e du Secteur Informel et de l&rsquo;Inclusion Financi\u00e8re, Assih Mazamaesso a dress\u00e9 ce jeudi 31 janvier 2019 \u00e0 la presse nationale, le bilan des activit\u00e9s des diff\u00e9rents d\u00e9partements et programmes \u00e0 sa charge. Pour l&rsquo;essentiel, l&rsquo;on retient que tout ... Lire la suite","og_url":"https:\/\/228news.tg\/index.php\/2019\/02\/01\/secteur-informel-et-inclusion-financiere-alleluia-tout-baigne-2\/","og_site_name":"228 News","article_published_time":"2019-02-01T15:56:06+00:00","author":"Bienvenu SAVI","twitter_card":"summary_large_image","twitter_misc":{"\u00c9crit par":"Bienvenu SAVI","Dur\u00e9e de lecture estim\u00e9e":"2 minutes"},"schema":{"@context":"https:\/\/schema.org","@graph":[{"@type":"Article","@id":"https:\/\/228news.tg\/index.php\/2019\/02\/01\/secteur-informel-et-inclusion-financiere-alleluia-tout-baigne-2\/#article","isPartOf":{"@id":"https:\/\/228news.tg\/index.php\/2019\/02\/01\/secteur-informel-et-inclusion-financiere-alleluia-tout-baigne-2\/"},"author":{"name":"Bienvenu SAVI","@id":"https:\/\/228news.tg\/#\/schema\/person\/68d5a6cc0230290e61235c8379523f52"},"headline":"Secteur informel et inclusion financi\u00e8re: All\u00e9luia tout baigne!","datePublished":"2019-02-01T15:56:06+00:00","mainEntityOfPage":{"@id":"https:\/\/228news.tg\/index.php\/2019\/02\/01\/secteur-informel-et-inclusion-financiere-alleluia-tout-baigne-2\/"},"wordCount":477,"commentCount":0,"publisher":{"@id":"https:\/\/228news.tg\/#organization"},"image":{"@id":"https:\/\/228news.tg\/index.php\/2019\/02\/01\/secteur-informel-et-inclusion-financiere-alleluia-tout-baigne-2\/#primaryimage"},"thumbnailUrl":"","articleSection":["ECONOMIE","Flash","TOGO","Une"],"inLanguage":"fr-FR","potentialAction":[{"@type":"CommentAction","name":"Comment","target":["https:\/\/228news.tg\/index.php\/2019\/02\/01\/secteur-informel-et-inclusion-financiere-alleluia-tout-baigne-2\/#respond"]}]},{"@type":"WebPage","@id":"https:\/\/228news.tg\/index.php\/2019\/02\/01\/secteur-informel-et-inclusion-financiere-alleluia-tout-baigne-2\/","url":"https:\/\/228news.tg\/index.php\/2019\/02\/01\/secteur-informel-et-inclusion-financiere-alleluia-tout-baigne-2\/","name":"Secteur informel et inclusion financi\u00e8re: All\u00e9luia tout baigne! - 228 News","isPartOf":{"@id":"https:\/\/228news.tg\/#website"},"primaryImageOfPage":{"@id":"https:\/\/228news.tg\/index.php\/2019\/02\/01\/secteur-informel-et-inclusion-financiere-alleluia-tout-baigne-2\/#primaryimage"},"image":{"@id":"https:\/\/228news.tg\/index.php\/2019\/02\/01\/secteur-informel-et-inclusion-financiere-alleluia-tout-baigne-2\/#primaryimage"},"thumbnailUrl":"","datePublished":"2019-02-01T15:56:06+00:00","breadcrumb":{"@id":"https:\/\/228news.tg\/index.php\/2019\/02\/01\/secteur-informel-et-inclusion-financiere-alleluia-tout-baigne-2\/#breadcrumb"},"inLanguage":"fr-FR","potentialAction":[{"@type":"ReadAction","target":["https:\/\/228news.tg\/index.php\/2019\/02\/01\/secteur-informel-et-inclusion-financiere-alleluia-tout-baigne-2\/"]}]},{"@type":"ImageObject","inLanguage":"fr-FR","@id":"https:\/\/228news.tg\/index.php\/2019\/02\/01\/secteur-informel-et-inclusion-financiere-alleluia-tout-baigne-2\/#primaryimage","url":"","contentUrl":""},{"@type":"BreadcrumbList","@id":"https:\/\/228news.tg\/index.php\/2019\/02\/01\/secteur-informel-et-inclusion-financiere-alleluia-tout-baigne-2\/#breadcrumb","itemListElement":[{"@type":"ListItem","position":1,"name":"Home","item":"https:\/\/228news.tg\/"},{"@type":"ListItem","position":2,"name":"Secteur informel et inclusion financi\u00e8re: All\u00e9luia tout baigne!"}]},{"@type":"WebSite","@id":"https:\/\/228news.tg\/#website","url":"https:\/\/228news.tg\/","name":"228 News","description":"Soci\u00e9t\u00e9 de m\u00e9dias et d\u2019actualit\u00e9s","publisher":{"@id":"https:\/\/228news.tg\/#organization"},"potentialAction":[{"@type":"SearchAction","target":{"@type":"EntryPoint","urlTemplate":"https:\/\/228news.tg\/?s={search_term_string}"},"query-input":{"@type":"PropertyValueSpecification","valueRequired":true,"valueName":"search_term_string"}}],"inLanguage":"fr-FR"},{"@type":"Organization","@id":"https:\/\/228news.tg\/#organization","name":"228 News","url":"https:\/\/228news.tg\/","logo":{"@type":"ImageObject","inLanguage":"fr-FR","@id":"https:\/\/228news.tg\/#\/schema\/logo\/image\/","url":"https:\/\/228news.tg\/wp-content\/uploads\/2024\/09\/logonew.png","contentUrl":"https:\/\/228news.tg\/wp-content\/uploads\/2024\/09\/logonew.png","width":1640,"height":364,"caption":"228 News"},"image":{"@id":"https:\/\/228news.tg\/#\/schema\/logo\/image\/"}},{"@type":"Person","@id":"https:\/\/228news.tg\/#\/schema\/person\/68d5a6cc0230290e61235c8379523f52","name":"Bienvenu SAVI","image":{"@type":"ImageObject","inLanguage":"fr-FR","@id":"https:\/\/228news.tg\/#\/schema\/person\/image\/","url":"https:\/\/secure.gravatar.com\/avatar\/9db91895c559e510509c33a3e9683998458e9b828fac36d5d1aa23f0f2fd369b?s=96&d=mm&r=g","contentUrl":"https:\/\/secure.gravatar.com\/avatar\/9db91895c559e510509c33a3e9683998458e9b828fac36d5d1aa23f0f2fd369b?s=96&d=mm&r=g","caption":"Bienvenu SAVI"},"url":"https:\/\/228news.tg\/index.php\/author\/bienvenu\/"}]}},"jetpack_featured_media_url":"","_links":{"self":[{"href":"https:\/\/228news.tg\/index.php\/wp-json\/wp\/v2\/posts\/14663","targetHints":{"allow":["GET"]}}],"collection":[{"href":"https:\/\/228news.tg\/index.php\/wp-json\/wp\/v2\/posts"}],"about":[{"href":"https:\/\/228news.tg\/index.php\/wp-json\/wp\/v2\/types\/post"}],"author":[{"embeddable":true,"href":"https:\/\/228news.tg\/index.php\/wp-json\/wp\/v2\/users\/2"}],"replies":[{"embeddable":true,"href":"https:\/\/228news.tg\/index.php\/wp-json\/wp\/v2\/comments?post=14663"}],"version-history":[{"count":0,"href":"https:\/\/228news.tg\/index.php\/wp-json\/wp\/v2\/posts\/14663\/revisions"}],"wp:featuredmedia":[{"embeddable":true,"href":"https:\/\/228news.tg\/index.php\/wp-json\/wp\/v2\/posts\/3784"}],"wp:attachment":[{"href":"https:\/\/228news.tg\/index.php\/wp-json\/wp\/v2\/media?parent=14663"}],"wp:term":[{"taxonomy":"category","embeddable":true,"href":"https:\/\/228news.tg\/index.php\/wp-json\/wp\/v2\/categories?post=14663"},{"taxonomy":"post_tag","embeddable":true,"href":"https:\/\/228news.tg\/index.php\/wp-json\/wp\/v2\/tags?post=14663"}],"curies":[{"name":"wp","href":"https:\/\/api.w.org\/{rel}","templated":true}]}}