{"id":14662,"date":"2019-02-01T11:52:21","date_gmt":"2019-02-01T11:52:21","guid":{"rendered":"http:\/\/localhost\/site\/228news\/?p=3777"},"modified":"2019-02-01T11:52:21","modified_gmt":"2019-02-01T11:52:21","slug":"cop24-de-katowice-place-a-lappropriation-des-conclusions-des-travaux-2","status":"publish","type":"post","link":"https:\/\/228news.tg\/index.php\/2019\/02\/01\/cop24-de-katowice-place-a-lappropriation-des-conclusions-des-travaux-2\/","title":{"rendered":"COP24 de Katowice: Place \u00e0 l&rsquo;appropriation des conclusions des travaux"},"content":{"rendered":"<p>(228NEWS\/ Lom\u00e9, le 1er f\u00e9vrier 2019)-\u00a0<span id=\"p1\">Le Minist\u00e8re de l\u2019Environnement du D\u00e9veloppement Durable et de la Protection de la Nature a tenu ce jeudi 31 janvier 2019, un atelier d&rsquo;\u00e9changes et de partages sur les conclusions et r\u00e9sultats des travaux de la 24\u00e8me Conf\u00e9rence des Parties (COP24) tenue du 02 au 15 d\u00e9cembre derniers \u00e0 Katowice en terre polonaise.<\/span><\/p>\n<p>Ouvert par le ministre en charge de ce d\u00e9partement, Wonou Oladokoun, cette rencontre a permis aux diff\u00e9rents acteurs r\u00e9unis d\u2019\u00e9changer des informations sur les opportunit\u00e9s de financement dans le cadre de la mise en \u0153uvre de l\u2019accord de Paris, ainsi que sur les nouvelles perspectives pour la mise en \u0153uvre des contributions d\u00e9termin\u00e9s au niveau\u00a0<span id=\"31\" class=\"s-bl-t\">national<\/span>\u00a0<span id=\"p4\">(<span id=\"30\" class=\"s-rg-t\">CDN<\/span>).\u00a0<img fetchpriority=\"high\" decoding=\"async\" class=\"alignnone size-medium wp-image-3779 alignright\" src=\"http:\/\/localhost\/site\/228news\/wp-content\/uploads\/2019\/02\/IMG_20190131_101126_9-BBB-Copie-640x480-300x225.jpg\" alt=\"\" width=\"300\" height=\"225\" \/><\/span><\/p>\n<p>Pour Wonou Oladokoun,\u00a0<span id=\"p44\"> la communaut\u00e9 internationale est \u00e0 la recherche de solutions appropri\u00e9es au r\u00e9chauffement climatique et ses effets \u00e0 l&rsquo;\u00e9chelle de toute la plan\u00e8te terre.<\/span><span id=\"p47\">\u00a0Ce la doit passer par une int\u00e9gration de\u00a0<span id=\"p7\">la question des changements climatiques dans les politiques, strat\u00e9gies, programmes et projets dans tous les secteurs d\u2019activit\u00e9.<\/span><\/span><\/p>\n<p><span id=\"p40\"><span id=\"42\" class=\"s-bl-t\">\u00ab Le<\/span>\u00a0ph\u00e9nom\u00e8ne du r\u00e9chauffement climatique continuera d\u2019entraver notre marche vers le d\u00e9veloppement si nous ne changeons pas de paradigme pour nous orienter vers un nouveau mod\u00e8le de d\u00e9veloppement sobre en carbone et plus r\u00e9silient aux changements climatiques.<\/span><span id=\"p8\">\u00bb, a-t-il confi\u00e9.<\/span><\/p>\n<p><span id=\"p13\">Les \u00e9changes ont tourn\u00e9 autour des cinq (05) questions phares qui ont \u00e9t\u00e9 abord\u00e9es au cours de la COP24 en l&rsquo;occurrence l\u2019att\u00e9nuation, l\u2019adaptation, le financement, les transferts technologiques et pertes et pr\u00e9judices.<\/span><\/p>\n<p><span id=\"p43\">La COP24 de Katowice faut-il le rappeler, a permis l&rsquo;adoption d<\/span><span id=\"p12\">es r\u00e8gles sur les modalit\u00e9s, proc\u00e9dures et lignes directrices pour l\u2019application de l\u2019Accord de Paris d\u2019une\u00a0<span id=\"23\" class=\"s-bl-t\">part\u00a0<\/span>, et les proc\u00e9dures de dialogue de facilitation au plus haut niveau en vue d\u2019accro\u00eetre le niveau d\u2019ambition sur les actions climatiques d\u2019autre part.<\/span><\/p>\n<p><em><strong>Lesaint<\/strong><\/em><\/p>\n<p><em><strong>(00228) 98 60 67 68<\/strong><\/em><\/p>\n<p><em><strong>democrate2010@gmail.com<\/strong><\/em><\/p>\n<p>&nbsp;<\/p>\n","protected":false},"excerpt":{"rendered":"<p>(228NEWS\/ Lom\u00e9, le 1er f\u00e9vrier 2019)-\u00a0Le Minist\u00e8re de l\u2019Environnement du D\u00e9veloppement Durable et de la Protection de la Nature a tenu ce jeudi 31 janvier 2019, un atelier d&rsquo;\u00e9changes et de partages sur les conclusions et r\u00e9sultats des travaux de la 24\u00e8me Conf\u00e9rence des Parties (COP24) tenue du 02 au 15 d\u00e9cembre derniers \u00e0 Katowice &#8230; <a title=\"COP24 de Katowice: Place \u00e0 l&rsquo;appropriation des conclusions des travaux\" class=\"read-more\" href=\"https:\/\/228news.tg\/index.php\/2019\/02\/01\/cop24-de-katowice-place-a-lappropriation-des-conclusions-des-travaux-2\/\" aria-label=\"En savoir plus sur COP24 de Katowice: Place \u00e0 l&rsquo;appropriation des conclusions des travaux\">Lire la suite<\/a><\/p>\n","protected":false},"author":2,"featured_media":3778,"comment_status":"open","ping_status":"open","sticky":false,"template":"","format":"chat","meta":{"footnotes":""},"categories":[35,29,25,34],"tags":[],"class_list":["post-14662","post","type-post","status-publish","format-chat","has-post-thumbnail","hentry","category-flash","category-societe","category-togo","category-une","post_format-post-format-chat"],"yoast_head":"<!-- This site is optimized with the Yoast SEO plugin v26.4 - https:\/\/yoast.com\/wordpress\/plugins\/seo\/ -->\n<title>COP24 de Katowice: Place \u00e0 l&#039;appropriation des conclusions des travaux - 228 News<\/title>\n<meta name=\"robots\" content=\"index, follow, max-snippet:-1, max-image-preview:large, max-video-preview:-1\" \/>\n<link rel=\"canonical\" href=\"https:\/\/228news.tg\/index.php\/2019\/02\/01\/cop24-de-katowice-place-a-lappropriation-des-conclusions-des-travaux-2\/\" \/>\n<meta property=\"og:locale\" content=\"fr_FR\" \/>\n<meta property=\"og:type\" content=\"article\" \/>\n<meta property=\"og:title\" content=\"COP24 de Katowice: Place \u00e0 l&#039;appropriation des conclusions des travaux - 228 News\" \/>\n<meta property=\"og:description\" content=\"(228NEWS\/ Lom\u00e9, le 1er f\u00e9vrier 2019)-\u00a0Le Minist\u00e8re de l\u2019Environnement du D\u00e9veloppement Durable et de la Protection de la Nature a tenu ce jeudi 31 janvier 2019, un atelier d&rsquo;\u00e9changes et de partages sur les conclusions et r\u00e9sultats des travaux de la 24\u00e8me Conf\u00e9rence des Parties (COP24) tenue du 02 au 15 d\u00e9cembre derniers \u00e0 Katowice ... Lire la suite\" \/>\n<meta property=\"og:url\" content=\"https:\/\/228news.tg\/index.php\/2019\/02\/01\/cop24-de-katowice-place-a-lappropriation-des-conclusions-des-travaux-2\/\" \/>\n<meta property=\"og:site_name\" content=\"228 News\" \/>\n<meta property=\"article:published_time\" content=\"2019-02-01T11:52:21+00:00\" \/>\n<meta property=\"og:image\" content=\"http:\/\/localhost\/site\/228news\/wp-content\/uploads\/2019\/02\/IMG_20190131_101126_9-BBB-Copie-640x480-300x225.jpg\" \/>\n<meta name=\"author\" content=\"Bienvenu SAVI\" \/>\n<meta name=\"twitter:card\" content=\"summary_large_image\" \/>\n<meta name=\"twitter:label1\" content=\"\u00c9crit par\" \/>\n\t<meta name=\"twitter:data1\" content=\"Bienvenu SAVI\" \/>\n\t<meta name=\"twitter:label2\" content=\"Dur\u00e9e de lecture estim\u00e9e\" \/>\n\t<meta name=\"twitter:data2\" content=\"2 minutes\" \/>\n<script type=\"application\/ld+json\" class=\"yoast-schema-graph\">{\"@context\":\"https:\/\/schema.org\",\"@graph\":[{\"@type\":\"Article\",\"@id\":\"https:\/\/228news.tg\/index.php\/2019\/02\/01\/cop24-de-katowice-place-a-lappropriation-des-conclusions-des-travaux-2\/#article\",\"isPartOf\":{\"@id\":\"https:\/\/228news.tg\/index.php\/2019\/02\/01\/cop24-de-katowice-place-a-lappropriation-des-conclusions-des-travaux-2\/\"},\"author\":{\"name\":\"Bienvenu SAVI\",\"@id\":\"https:\/\/228news.tg\/#\/schema\/person\/68d5a6cc0230290e61235c8379523f52\"},\"headline\":\"COP24 de Katowice: Place \u00e0 l&rsquo;appropriation des conclusions des travaux\",\"datePublished\":\"2019-02-01T11:52:21+00:00\",\"mainEntityOfPage\":{\"@id\":\"https:\/\/228news.tg\/index.php\/2019\/02\/01\/cop24-de-katowice-place-a-lappropriation-des-conclusions-des-travaux-2\/\"},\"wordCount\":345,\"commentCount\":0,\"publisher\":{\"@id\":\"https:\/\/228news.tg\/#organization\"},\"image\":{\"@id\":\"https:\/\/228news.tg\/index.php\/2019\/02\/01\/cop24-de-katowice-place-a-lappropriation-des-conclusions-des-travaux-2\/#primaryimage\"},\"thumbnailUrl\":\"\",\"articleSection\":[\"Flash\",\"SOCIETE\",\"TOGO\",\"Une\"],\"inLanguage\":\"fr-FR\",\"potentialAction\":[{\"@type\":\"CommentAction\",\"name\":\"Comment\",\"target\":[\"https:\/\/228news.tg\/index.php\/2019\/02\/01\/cop24-de-katowice-place-a-lappropriation-des-conclusions-des-travaux-2\/#respond\"]}]},{\"@type\":\"WebPage\",\"@id\":\"https:\/\/228news.tg\/index.php\/2019\/02\/01\/cop24-de-katowice-place-a-lappropriation-des-conclusions-des-travaux-2\/\",\"url\":\"https:\/\/228news.tg\/index.php\/2019\/02\/01\/cop24-de-katowice-place-a-lappropriation-des-conclusions-des-travaux-2\/\",\"name\":\"COP24 de Katowice: Place \u00e0 l'appropriation des conclusions des travaux - 228 News\",\"isPartOf\":{\"@id\":\"https:\/\/228news.tg\/#website\"},\"primaryImageOfPage\":{\"@id\":\"https:\/\/228news.tg\/index.php\/2019\/02\/01\/cop24-de-katowice-place-a-lappropriation-des-conclusions-des-travaux-2\/#primaryimage\"},\"image\":{\"@id\":\"https:\/\/228news.tg\/index.php\/2019\/02\/01\/cop24-de-katowice-place-a-lappropriation-des-conclusions-des-travaux-2\/#primaryimage\"},\"thumbnailUrl\":\"\",\"datePublished\":\"2019-02-01T11:52:21+00:00\",\"breadcrumb\":{\"@id\":\"https:\/\/228news.tg\/index.php\/2019\/02\/01\/cop24-de-katowice-place-a-lappropriation-des-conclusions-des-travaux-2\/#breadcrumb\"},\"inLanguage\":\"fr-FR\",\"potentialAction\":[{\"@type\":\"ReadAction\",\"target\":[\"https:\/\/228news.tg\/index.php\/2019\/02\/01\/cop24-de-katowice-place-a-lappropriation-des-conclusions-des-travaux-2\/\"]}]},{\"@type\":\"ImageObject\",\"inLanguage\":\"fr-FR\",\"@id\":\"https:\/\/228news.tg\/index.php\/2019\/02\/01\/cop24-de-katowice-place-a-lappropriation-des-conclusions-des-travaux-2\/#primaryimage\",\"url\":\"\",\"contentUrl\":\"\"},{\"@type\":\"BreadcrumbList\",\"@id\":\"https:\/\/228news.tg\/index.php\/2019\/02\/01\/cop24-de-katowice-place-a-lappropriation-des-conclusions-des-travaux-2\/#breadcrumb\",\"itemListElement\":[{\"@type\":\"ListItem\",\"position\":1,\"name\":\"Home\",\"item\":\"https:\/\/228news.tg\/\"},{\"@type\":\"ListItem\",\"position\":2,\"name\":\"COP24 de Katowice: Place \u00e0 l&rsquo;appropriation des conclusions des travaux\"}]},{\"@type\":\"WebSite\",\"@id\":\"https:\/\/228news.tg\/#website\",\"url\":\"https:\/\/228news.tg\/\",\"name\":\"228 News\",\"description\":\"Soci\u00e9t\u00e9 de m\u00e9dias et d\u2019actualit\u00e9s\",\"publisher\":{\"@id\":\"https:\/\/228news.tg\/#organization\"},\"potentialAction\":[{\"@type\":\"SearchAction\",\"target\":{\"@type\":\"EntryPoint\",\"urlTemplate\":\"https:\/\/228news.tg\/?s={search_term_string}\"},\"query-input\":{\"@type\":\"PropertyValueSpecification\",\"valueRequired\":true,\"valueName\":\"search_term_string\"}}],\"inLanguage\":\"fr-FR\"},{\"@type\":\"Organization\",\"@id\":\"https:\/\/228news.tg\/#organization\",\"name\":\"228 News\",\"url\":\"https:\/\/228news.tg\/\",\"logo\":{\"@type\":\"ImageObject\",\"inLanguage\":\"fr-FR\",\"@id\":\"https:\/\/228news.tg\/#\/schema\/logo\/image\/\",\"url\":\"https:\/\/228news.tg\/wp-content\/uploads\/2024\/09\/logonew.png\",\"contentUrl\":\"https:\/\/228news.tg\/wp-content\/uploads\/2024\/09\/logonew.png\",\"width\":1640,\"height\":364,\"caption\":\"228 News\"},\"image\":{\"@id\":\"https:\/\/228news.tg\/#\/schema\/logo\/image\/\"}},{\"@type\":\"Person\",\"@id\":\"https:\/\/228news.tg\/#\/schema\/person\/68d5a6cc0230290e61235c8379523f52\",\"name\":\"Bienvenu SAVI\",\"image\":{\"@type\":\"ImageObject\",\"inLanguage\":\"fr-FR\",\"@id\":\"https:\/\/228news.tg\/#\/schema\/person\/image\/\",\"url\":\"https:\/\/secure.gravatar.com\/avatar\/9db91895c559e510509c33a3e9683998458e9b828fac36d5d1aa23f0f2fd369b?s=96&d=mm&r=g\",\"contentUrl\":\"https:\/\/secure.gravatar.com\/avatar\/9db91895c559e510509c33a3e9683998458e9b828fac36d5d1aa23f0f2fd369b?s=96&d=mm&r=g\",\"caption\":\"Bienvenu SAVI\"},\"url\":\"https:\/\/228news.tg\/index.php\/author\/bienvenu\/\"}]}<\/script>\n<!-- \/ Yoast SEO plugin. -->","yoast_head_json":{"title":"COP24 de Katowice: Place \u00e0 l'appropriation des conclusions des travaux - 228 News","robots":{"index":"index","follow":"follow","max-snippet":"max-snippet:-1","max-image-preview":"max-image-preview:large","max-video-preview":"max-video-preview:-1"},"canonical":"https:\/\/228news.tg\/index.php\/2019\/02\/01\/cop24-de-katowice-place-a-lappropriation-des-conclusions-des-travaux-2\/","og_locale":"fr_FR","og_type":"article","og_title":"COP24 de Katowice: Place \u00e0 l'appropriation des conclusions des travaux - 228 News","og_description":"(228NEWS\/ Lom\u00e9, le 1er f\u00e9vrier 2019)-\u00a0Le Minist\u00e8re de l\u2019Environnement du D\u00e9veloppement Durable et de la Protection de la Nature a tenu ce jeudi 31 janvier 2019, un atelier d&rsquo;\u00e9changes et de partages sur les conclusions et r\u00e9sultats des travaux de la 24\u00e8me Conf\u00e9rence des Parties (COP24) tenue du 02 au 15 d\u00e9cembre derniers \u00e0 Katowice ... Lire la suite","og_url":"https:\/\/228news.tg\/index.php\/2019\/02\/01\/cop24-de-katowice-place-a-lappropriation-des-conclusions-des-travaux-2\/","og_site_name":"228 News","article_published_time":"2019-02-01T11:52:21+00:00","og_image":[{"url":"http:\/\/localhost\/site\/228news\/wp-content\/uploads\/2019\/02\/IMG_20190131_101126_9-BBB-Copie-640x480-300x225.jpg","type":"","width":"","height":""}],"author":"Bienvenu SAVI","twitter_card":"summary_large_image","twitter_misc":{"\u00c9crit par":"Bienvenu SAVI","Dur\u00e9e de lecture estim\u00e9e":"2 minutes"},"schema":{"@context":"https:\/\/schema.org","@graph":[{"@type":"Article","@id":"https:\/\/228news.tg\/index.php\/2019\/02\/01\/cop24-de-katowice-place-a-lappropriation-des-conclusions-des-travaux-2\/#article","isPartOf":{"@id":"https:\/\/228news.tg\/index.php\/2019\/02\/01\/cop24-de-katowice-place-a-lappropriation-des-conclusions-des-travaux-2\/"},"author":{"name":"Bienvenu SAVI","@id":"https:\/\/228news.tg\/#\/schema\/person\/68d5a6cc0230290e61235c8379523f52"},"headline":"COP24 de Katowice: Place \u00e0 l&rsquo;appropriation des conclusions des travaux","datePublished":"2019-02-01T11:52:21+00:00","mainEntityOfPage":{"@id":"https:\/\/228news.tg\/index.php\/2019\/02\/01\/cop24-de-katowice-place-a-lappropriation-des-conclusions-des-travaux-2\/"},"wordCount":345,"commentCount":0,"publisher":{"@id":"https:\/\/228news.tg\/#organization"},"image":{"@id":"https:\/\/228news.tg\/index.php\/2019\/02\/01\/cop24-de-katowice-place-a-lappropriation-des-conclusions-des-travaux-2\/#primaryimage"},"thumbnailUrl":"","articleSection":["Flash","SOCIETE","TOGO","Une"],"inLanguage":"fr-FR","potentialAction":[{"@type":"CommentAction","name":"Comment","target":["https:\/\/228news.tg\/index.php\/2019\/02\/01\/cop24-de-katowice-place-a-lappropriation-des-conclusions-des-travaux-2\/#respond"]}]},{"@type":"WebPage","@id":"https:\/\/228news.tg\/index.php\/2019\/02\/01\/cop24-de-katowice-place-a-lappropriation-des-conclusions-des-travaux-2\/","url":"https:\/\/228news.tg\/index.php\/2019\/02\/01\/cop24-de-katowice-place-a-lappropriation-des-conclusions-des-travaux-2\/","name":"COP24 de Katowice: Place \u00e0 l'appropriation des conclusions des travaux - 228 News","isPartOf":{"@id":"https:\/\/228news.tg\/#website"},"primaryImageOfPage":{"@id":"https:\/\/228news.tg\/index.php\/2019\/02\/01\/cop24-de-katowice-place-a-lappropriation-des-conclusions-des-travaux-2\/#primaryimage"},"image":{"@id":"https:\/\/228news.tg\/index.php\/2019\/02\/01\/cop24-de-katowice-place-a-lappropriation-des-conclusions-des-travaux-2\/#primaryimage"},"thumbnailUrl":"","datePublished":"2019-02-01T11:52:21+00:00","breadcrumb":{"@id":"https:\/\/228news.tg\/index.php\/2019\/02\/01\/cop24-de-katowice-place-a-lappropriation-des-conclusions-des-travaux-2\/#breadcrumb"},"inLanguage":"fr-FR","potentialAction":[{"@type":"ReadAction","target":["https:\/\/228news.tg\/index.php\/2019\/02\/01\/cop24-de-katowice-place-a-lappropriation-des-conclusions-des-travaux-2\/"]}]},{"@type":"ImageObject","inLanguage":"fr-FR","@id":"https:\/\/228news.tg\/index.php\/2019\/02\/01\/cop24-de-katowice-place-a-lappropriation-des-conclusions-des-travaux-2\/#primaryimage","url":"","contentUrl":""},{"@type":"BreadcrumbList","@id":"https:\/\/228news.tg\/index.php\/2019\/02\/01\/cop24-de-katowice-place-a-lappropriation-des-conclusions-des-travaux-2\/#breadcrumb","itemListElement":[{"@type":"ListItem","position":1,"name":"Home","item":"https:\/\/228news.tg\/"},{"@type":"ListItem","position":2,"name":"COP24 de Katowice: Place \u00e0 l&rsquo;appropriation des conclusions des travaux"}]},{"@type":"WebSite","@id":"https:\/\/228news.tg\/#website","url":"https:\/\/228news.tg\/","name":"228 News","description":"Soci\u00e9t\u00e9 de m\u00e9dias et d\u2019actualit\u00e9s","publisher":{"@id":"https:\/\/228news.tg\/#organization"},"potentialAction":[{"@type":"SearchAction","target":{"@type":"EntryPoint","urlTemplate":"https:\/\/228news.tg\/?s={search_term_string}"},"query-input":{"@type":"PropertyValueSpecification","valueRequired":true,"valueName":"search_term_string"}}],"inLanguage":"fr-FR"},{"@type":"Organization","@id":"https:\/\/228news.tg\/#organization","name":"228 News","url":"https:\/\/228news.tg\/","logo":{"@type":"ImageObject","inLanguage":"fr-FR","@id":"https:\/\/228news.tg\/#\/schema\/logo\/image\/","url":"https:\/\/228news.tg\/wp-content\/uploads\/2024\/09\/logonew.png","contentUrl":"https:\/\/228news.tg\/wp-content\/uploads\/2024\/09\/logonew.png","width":1640,"height":364,"caption":"228 News"},"image":{"@id":"https:\/\/228news.tg\/#\/schema\/logo\/image\/"}},{"@type":"Person","@id":"https:\/\/228news.tg\/#\/schema\/person\/68d5a6cc0230290e61235c8379523f52","name":"Bienvenu SAVI","image":{"@type":"ImageObject","inLanguage":"fr-FR","@id":"https:\/\/228news.tg\/#\/schema\/person\/image\/","url":"https:\/\/secure.gravatar.com\/avatar\/9db91895c559e510509c33a3e9683998458e9b828fac36d5d1aa23f0f2fd369b?s=96&d=mm&r=g","contentUrl":"https:\/\/secure.gravatar.com\/avatar\/9db91895c559e510509c33a3e9683998458e9b828fac36d5d1aa23f0f2fd369b?s=96&d=mm&r=g","caption":"Bienvenu SAVI"},"url":"https:\/\/228news.tg\/index.php\/author\/bienvenu\/"}]}},"jetpack_featured_media_url":"","_links":{"self":[{"href":"https:\/\/228news.tg\/index.php\/wp-json\/wp\/v2\/posts\/14662","targetHints":{"allow":["GET"]}}],"collection":[{"href":"https:\/\/228news.tg\/index.php\/wp-json\/wp\/v2\/posts"}],"about":[{"href":"https:\/\/228news.tg\/index.php\/wp-json\/wp\/v2\/types\/post"}],"author":[{"embeddable":true,"href":"https:\/\/228news.tg\/index.php\/wp-json\/wp\/v2\/users\/2"}],"replies":[{"embeddable":true,"href":"https:\/\/228news.tg\/index.php\/wp-json\/wp\/v2\/comments?post=14662"}],"version-history":[{"count":0,"href":"https:\/\/228news.tg\/index.php\/wp-json\/wp\/v2\/posts\/14662\/revisions"}],"wp:featuredmedia":[{"embeddable":true,"href":"https:\/\/228news.tg\/index.php\/wp-json\/wp\/v2\/posts\/3778"}],"wp:attachment":[{"href":"https:\/\/228news.tg\/index.php\/wp-json\/wp\/v2\/media?parent=14662"}],"wp:term":[{"taxonomy":"category","embeddable":true,"href":"https:\/\/228news.tg\/index.php\/wp-json\/wp\/v2\/categories?post=14662"},{"taxonomy":"post_tag","embeddable":true,"href":"https:\/\/228news.tg\/index.php\/wp-json\/wp\/v2\/tags?post=14662"}],"curies":[{"name":"wp","href":"https:\/\/api.w.org\/{rel}","templated":true}]}}