{"id":14661,"date":"2019-02-01T11:08:05","date_gmt":"2019-02-01T11:08:05","guid":{"rendered":"http:\/\/localhost\/site\/228news\/?p=3774"},"modified":"2019-02-01T11:08:05","modified_gmt":"2019-02-01T11:08:05","slug":"ires-rdec-quand-la-reconnaissance-du-cames-ouvre-la-voie-a-de-nouvelles-formations-2","status":"publish","type":"post","link":"https:\/\/228news.tg\/index.php\/2019\/02\/01\/ires-rdec-quand-la-reconnaissance-du-cames-ouvre-la-voie-a-de-nouvelles-formations-2\/","title":{"rendered":"IRES-RDEC: Quand la reconnaissance du CAMES ouvre la voie \u00e0 de nouvelles formations"},"content":{"rendered":"<p>(228NEWS\/ Lom\u00e9, le 1er f\u00e9vrier 2019)- L&rsquo;Institut r\u00e9gional d\u2019enseignement Sup\u00e9rieur et de recherche en d\u00e9veloppement culturel (IRES-RDEC) ouvre la voie \u00e0 de nouvelles formations professionnelles et sp\u00e9cialis\u00e9es, \u00e0 l&rsquo;intention des professionnels, chercheurs et \u00e9tudiants.<\/p>\n<p>La pr\u00e9sentation de ces nouvelles offres a \u00e9t\u00e9 faite ce jeudi 31 janvier 2019\u00a0 au si\u00e8ge de l&rsquo;institution par \u00a0le Prof Kodjona Kadanga, Directeur G\u00e9n\u00e9ral de l&rsquo;IRES-RDEC, au cours d&rsquo;une conf\u00e9rence de presse et fait suite \u00e0 la reconnaissance en novembre 2018 de l&rsquo;institution par le Conseil Africain et malgache de l&rsquo;Enseignement Sup\u00e9rieur (CAMES).<\/p>\n<p>Pour le Directeur G\u00e9n\u00e9ral de l&rsquo;IRES-RDEC, l&rsquo;exigence acad\u00e9mique oblige les \u00e9coles des pays membres \u00e0 se conformer aux standards \u00e9ducatifs internationaux. Cette reconnaissance du CAMES constitue donc un bond majeur dans cette qu\u00eate de l&rsquo;efficience et de l&rsquo;excellence dans la formation.<\/p>\n<p>Ceci contribuera \u00e0 terme, \u00e0 la formation des acteurs professionnels et performants sur le terrain, qui auront don un meilleur r\u00e9sultat sur le contient et ailleurs.<\/p>\n<p>Deux offres principales sont d\u00e9sormais formul\u00e9es par l&rsquo;IRES-RDEC \u00e0 c\u00f4t\u00e9 de ses offres classiques. Il s&rsquo;agit entre autres du master professionnel et du doctorat. A c\u00f4t\u00e9 de cela, il y\u2019a bien \u00e9videmment le BT, le BTS et la Licence.<\/p>\n<p>Conseil inter-\u00e9tat compos\u00e9 de 16 \u00c9tats d\u2019Afrique francophone, le CAMES a pour principale mission, la reconnaissance des dipl\u00f4mes de l\u2019enseignement sup\u00e9rieur.<\/p>\n<p>Il est compos\u00e9 du B\u00e9nin, du Burkina Faso, du Burundi, du Cameroun, de la Centrafrique, du Congo, de la C\u00f4te d\u2019Ivoire, du Gabon, de Guin\u00e9e, de la Guin\u00e9e Bissau, du Madagascar, du Mali, du Niger, du Rwanda, du S\u00e9n\u00e9gal, du Tchad et du Togo.<\/p>\n<p><strong>Lesaint<\/strong><\/p>\n<p><strong>(00228) 98 60 7 68<\/strong><\/p>\n<p><strong>democrate 2010@yahoo.fr<\/strong><\/p>\n","protected":false},"excerpt":{"rendered":"<p>(228NEWS\/ Lom\u00e9, le 1er f\u00e9vrier 2019)- L&rsquo;Institut r\u00e9gional d\u2019enseignement Sup\u00e9rieur et de recherche en d\u00e9veloppement culturel (IRES-RDEC) ouvre la voie \u00e0 de nouvelles formations professionnelles et sp\u00e9cialis\u00e9es, \u00e0 l&rsquo;intention des professionnels, chercheurs et \u00e9tudiants. La pr\u00e9sentation de ces nouvelles offres a \u00e9t\u00e9 faite ce jeudi 31 janvier 2019\u00a0 au si\u00e8ge de l&rsquo;institution par \u00a0le Prof &#8230; <a title=\"IRES-RDEC: Quand la reconnaissance du CAMES ouvre la voie \u00e0 de nouvelles formations\" class=\"read-more\" href=\"https:\/\/228news.tg\/index.php\/2019\/02\/01\/ires-rdec-quand-la-reconnaissance-du-cames-ouvre-la-voie-a-de-nouvelles-formations-2\/\" aria-label=\"En savoir plus sur IRES-RDEC: Quand la reconnaissance du CAMES ouvre la voie \u00e0 de nouvelles formations\">Lire la suite<\/a><\/p>\n","protected":false},"author":2,"featured_media":3775,"comment_status":"open","ping_status":"open","sticky":false,"template":"","format":"chat","meta":{"footnotes":""},"categories":[28,35,25,34],"tags":[],"class_list":["post-14661","post","type-post","status-publish","format-chat","has-post-thumbnail","hentry","category-education","category-flash","category-togo","category-une","post_format-post-format-chat"],"yoast_head":"<!-- This site is optimized with the Yoast SEO plugin v26.4 - https:\/\/yoast.com\/wordpress\/plugins\/seo\/ -->\n<title>IRES-RDEC: Quand la reconnaissance du CAMES ouvre la voie \u00e0 de nouvelles formations - 228 News<\/title>\n<meta name=\"robots\" content=\"index, follow, max-snippet:-1, max-image-preview:large, max-video-preview:-1\" \/>\n<link rel=\"canonical\" href=\"https:\/\/228news.tg\/index.php\/2019\/02\/01\/ires-rdec-quand-la-reconnaissance-du-cames-ouvre-la-voie-a-de-nouvelles-formations-2\/\" \/>\n<meta property=\"og:locale\" content=\"fr_FR\" \/>\n<meta property=\"og:type\" content=\"article\" \/>\n<meta property=\"og:title\" content=\"IRES-RDEC: Quand la reconnaissance du CAMES ouvre la voie \u00e0 de nouvelles formations - 228 News\" \/>\n<meta property=\"og:description\" content=\"(228NEWS\/ Lom\u00e9, le 1er f\u00e9vrier 2019)- L&rsquo;Institut r\u00e9gional d\u2019enseignement Sup\u00e9rieur et de recherche en d\u00e9veloppement culturel (IRES-RDEC) ouvre la voie \u00e0 de nouvelles formations professionnelles et sp\u00e9cialis\u00e9es, \u00e0 l&rsquo;intention des professionnels, chercheurs et \u00e9tudiants. La pr\u00e9sentation de ces nouvelles offres a \u00e9t\u00e9 faite ce jeudi 31 janvier 2019\u00a0 au si\u00e8ge de l&rsquo;institution par \u00a0le Prof ... Lire la suite\" \/>\n<meta property=\"og:url\" content=\"https:\/\/228news.tg\/index.php\/2019\/02\/01\/ires-rdec-quand-la-reconnaissance-du-cames-ouvre-la-voie-a-de-nouvelles-formations-2\/\" \/>\n<meta property=\"og:site_name\" content=\"228 News\" \/>\n<meta property=\"article:published_time\" content=\"2019-02-01T11:08:05+00:00\" \/>\n<meta name=\"author\" content=\"Bienvenu SAVI\" \/>\n<meta name=\"twitter:card\" content=\"summary_large_image\" \/>\n<meta name=\"twitter:label1\" content=\"\u00c9crit par\" \/>\n\t<meta name=\"twitter:data1\" content=\"Bienvenu SAVI\" \/>\n\t<meta name=\"twitter:label2\" content=\"Dur\u00e9e de lecture estim\u00e9e\" \/>\n\t<meta name=\"twitter:data2\" content=\"1 minute\" \/>\n<script type=\"application\/ld+json\" class=\"yoast-schema-graph\">{\"@context\":\"https:\/\/schema.org\",\"@graph\":[{\"@type\":\"Article\",\"@id\":\"https:\/\/228news.tg\/index.php\/2019\/02\/01\/ires-rdec-quand-la-reconnaissance-du-cames-ouvre-la-voie-a-de-nouvelles-formations-2\/#article\",\"isPartOf\":{\"@id\":\"https:\/\/228news.tg\/index.php\/2019\/02\/01\/ires-rdec-quand-la-reconnaissance-du-cames-ouvre-la-voie-a-de-nouvelles-formations-2\/\"},\"author\":{\"name\":\"Bienvenu SAVI\",\"@id\":\"https:\/\/228news.tg\/#\/schema\/person\/68d5a6cc0230290e61235c8379523f52\"},\"headline\":\"IRES-RDEC: Quand la reconnaissance du CAMES ouvre la voie \u00e0 de nouvelles formations\",\"datePublished\":\"2019-02-01T11:08:05+00:00\",\"mainEntityOfPage\":{\"@id\":\"https:\/\/228news.tg\/index.php\/2019\/02\/01\/ires-rdec-quand-la-reconnaissance-du-cames-ouvre-la-voie-a-de-nouvelles-formations-2\/\"},\"wordCount\":312,\"commentCount\":0,\"publisher\":{\"@id\":\"https:\/\/228news.tg\/#organization\"},\"image\":{\"@id\":\"https:\/\/228news.tg\/index.php\/2019\/02\/01\/ires-rdec-quand-la-reconnaissance-du-cames-ouvre-la-voie-a-de-nouvelles-formations-2\/#primaryimage\"},\"thumbnailUrl\":\"https:\/\/228news.tg\/wp-content\/uploads\/2024\/09\/IMG-20210605-WA0049.jpg\",\"articleSection\":[\"EDUCATION\",\"Flash\",\"TOGO\",\"Une\"],\"inLanguage\":\"fr-FR\",\"potentialAction\":[{\"@type\":\"CommentAction\",\"name\":\"Comment\",\"target\":[\"https:\/\/228news.tg\/index.php\/2019\/02\/01\/ires-rdec-quand-la-reconnaissance-du-cames-ouvre-la-voie-a-de-nouvelles-formations-2\/#respond\"]}]},{\"@type\":\"WebPage\",\"@id\":\"https:\/\/228news.tg\/index.php\/2019\/02\/01\/ires-rdec-quand-la-reconnaissance-du-cames-ouvre-la-voie-a-de-nouvelles-formations-2\/\",\"url\":\"https:\/\/228news.tg\/index.php\/2019\/02\/01\/ires-rdec-quand-la-reconnaissance-du-cames-ouvre-la-voie-a-de-nouvelles-formations-2\/\",\"name\":\"IRES-RDEC: Quand la reconnaissance du CAMES ouvre la voie \u00e0 de nouvelles formations - 228 News\",\"isPartOf\":{\"@id\":\"https:\/\/228news.tg\/#website\"},\"primaryImageOfPage\":{\"@id\":\"https:\/\/228news.tg\/index.php\/2019\/02\/01\/ires-rdec-quand-la-reconnaissance-du-cames-ouvre-la-voie-a-de-nouvelles-formations-2\/#primaryimage\"},\"image\":{\"@id\":\"https:\/\/228news.tg\/index.php\/2019\/02\/01\/ires-rdec-quand-la-reconnaissance-du-cames-ouvre-la-voie-a-de-nouvelles-formations-2\/#primaryimage\"},\"thumbnailUrl\":\"https:\/\/228news.tg\/wp-content\/uploads\/2024\/09\/IMG-20210605-WA0049.jpg\",\"datePublished\":\"2019-02-01T11:08:05+00:00\",\"breadcrumb\":{\"@id\":\"https:\/\/228news.tg\/index.php\/2019\/02\/01\/ires-rdec-quand-la-reconnaissance-du-cames-ouvre-la-voie-a-de-nouvelles-formations-2\/#breadcrumb\"},\"inLanguage\":\"fr-FR\",\"potentialAction\":[{\"@type\":\"ReadAction\",\"target\":[\"https:\/\/228news.tg\/index.php\/2019\/02\/01\/ires-rdec-quand-la-reconnaissance-du-cames-ouvre-la-voie-a-de-nouvelles-formations-2\/\"]}]},{\"@type\":\"ImageObject\",\"inLanguage\":\"fr-FR\",\"@id\":\"https:\/\/228news.tg\/index.php\/2019\/02\/01\/ires-rdec-quand-la-reconnaissance-du-cames-ouvre-la-voie-a-de-nouvelles-formations-2\/#primaryimage\",\"url\":\"https:\/\/228news.tg\/wp-content\/uploads\/2024\/09\/IMG-20210605-WA0049.jpg\",\"contentUrl\":\"https:\/\/228news.tg\/wp-content\/uploads\/2024\/09\/IMG-20210605-WA0049.jpg\",\"width\":600,\"height\":401},{\"@type\":\"BreadcrumbList\",\"@id\":\"https:\/\/228news.tg\/index.php\/2019\/02\/01\/ires-rdec-quand-la-reconnaissance-du-cames-ouvre-la-voie-a-de-nouvelles-formations-2\/#breadcrumb\",\"itemListElement\":[{\"@type\":\"ListItem\",\"position\":1,\"name\":\"Home\",\"item\":\"https:\/\/228news.tg\/\"},{\"@type\":\"ListItem\",\"position\":2,\"name\":\"IRES-RDEC: Quand la reconnaissance du CAMES ouvre la voie \u00e0 de nouvelles formations\"}]},{\"@type\":\"WebSite\",\"@id\":\"https:\/\/228news.tg\/#website\",\"url\":\"https:\/\/228news.tg\/\",\"name\":\"228 News\",\"description\":\"Soci\u00e9t\u00e9 de m\u00e9dias et d\u2019actualit\u00e9s\",\"publisher\":{\"@id\":\"https:\/\/228news.tg\/#organization\"},\"potentialAction\":[{\"@type\":\"SearchAction\",\"target\":{\"@type\":\"EntryPoint\",\"urlTemplate\":\"https:\/\/228news.tg\/?s={search_term_string}\"},\"query-input\":{\"@type\":\"PropertyValueSpecification\",\"valueRequired\":true,\"valueName\":\"search_term_string\"}}],\"inLanguage\":\"fr-FR\"},{\"@type\":\"Organization\",\"@id\":\"https:\/\/228news.tg\/#organization\",\"name\":\"228 News\",\"url\":\"https:\/\/228news.tg\/\",\"logo\":{\"@type\":\"ImageObject\",\"inLanguage\":\"fr-FR\",\"@id\":\"https:\/\/228news.tg\/#\/schema\/logo\/image\/\",\"url\":\"https:\/\/228news.tg\/wp-content\/uploads\/2024\/09\/logonew.png\",\"contentUrl\":\"https:\/\/228news.tg\/wp-content\/uploads\/2024\/09\/logonew.png\",\"width\":1640,\"height\":364,\"caption\":\"228 News\"},\"image\":{\"@id\":\"https:\/\/228news.tg\/#\/schema\/logo\/image\/\"}},{\"@type\":\"Person\",\"@id\":\"https:\/\/228news.tg\/#\/schema\/person\/68d5a6cc0230290e61235c8379523f52\",\"name\":\"Bienvenu SAVI\",\"image\":{\"@type\":\"ImageObject\",\"inLanguage\":\"fr-FR\",\"@id\":\"https:\/\/228news.tg\/#\/schema\/person\/image\/\",\"url\":\"https:\/\/secure.gravatar.com\/avatar\/9db91895c559e510509c33a3e9683998458e9b828fac36d5d1aa23f0f2fd369b?s=96&d=mm&r=g\",\"contentUrl\":\"https:\/\/secure.gravatar.com\/avatar\/9db91895c559e510509c33a3e9683998458e9b828fac36d5d1aa23f0f2fd369b?s=96&d=mm&r=g\",\"caption\":\"Bienvenu SAVI\"},\"url\":\"https:\/\/228news.tg\/index.php\/author\/bienvenu\/\"}]}<\/script>\n<!-- \/ Yoast SEO plugin. -->","yoast_head_json":{"title":"IRES-RDEC: Quand la reconnaissance du CAMES ouvre la voie \u00e0 de nouvelles formations - 228 News","robots":{"index":"index","follow":"follow","max-snippet":"max-snippet:-1","max-image-preview":"max-image-preview:large","max-video-preview":"max-video-preview:-1"},"canonical":"https:\/\/228news.tg\/index.php\/2019\/02\/01\/ires-rdec-quand-la-reconnaissance-du-cames-ouvre-la-voie-a-de-nouvelles-formations-2\/","og_locale":"fr_FR","og_type":"article","og_title":"IRES-RDEC: Quand la reconnaissance du CAMES ouvre la voie \u00e0 de nouvelles formations - 228 News","og_description":"(228NEWS\/ Lom\u00e9, le 1er f\u00e9vrier 2019)- L&rsquo;Institut r\u00e9gional d\u2019enseignement Sup\u00e9rieur et de recherche en d\u00e9veloppement culturel (IRES-RDEC) ouvre la voie \u00e0 de nouvelles formations professionnelles et sp\u00e9cialis\u00e9es, \u00e0 l&rsquo;intention des professionnels, chercheurs et \u00e9tudiants. La pr\u00e9sentation de ces nouvelles offres a \u00e9t\u00e9 faite ce jeudi 31 janvier 2019\u00a0 au si\u00e8ge de l&rsquo;institution par \u00a0le Prof ... Lire la suite","og_url":"https:\/\/228news.tg\/index.php\/2019\/02\/01\/ires-rdec-quand-la-reconnaissance-du-cames-ouvre-la-voie-a-de-nouvelles-formations-2\/","og_site_name":"228 News","article_published_time":"2019-02-01T11:08:05+00:00","author":"Bienvenu SAVI","twitter_card":"summary_large_image","twitter_misc":{"\u00c9crit par":"Bienvenu SAVI","Dur\u00e9e de lecture estim\u00e9e":"1 minute"},"schema":{"@context":"https:\/\/schema.org","@graph":[{"@type":"Article","@id":"https:\/\/228news.tg\/index.php\/2019\/02\/01\/ires-rdec-quand-la-reconnaissance-du-cames-ouvre-la-voie-a-de-nouvelles-formations-2\/#article","isPartOf":{"@id":"https:\/\/228news.tg\/index.php\/2019\/02\/01\/ires-rdec-quand-la-reconnaissance-du-cames-ouvre-la-voie-a-de-nouvelles-formations-2\/"},"author":{"name":"Bienvenu SAVI","@id":"https:\/\/228news.tg\/#\/schema\/person\/68d5a6cc0230290e61235c8379523f52"},"headline":"IRES-RDEC: Quand la reconnaissance du CAMES ouvre la voie \u00e0 de nouvelles formations","datePublished":"2019-02-01T11:08:05+00:00","mainEntityOfPage":{"@id":"https:\/\/228news.tg\/index.php\/2019\/02\/01\/ires-rdec-quand-la-reconnaissance-du-cames-ouvre-la-voie-a-de-nouvelles-formations-2\/"},"wordCount":312,"commentCount":0,"publisher":{"@id":"https:\/\/228news.tg\/#organization"},"image":{"@id":"https:\/\/228news.tg\/index.php\/2019\/02\/01\/ires-rdec-quand-la-reconnaissance-du-cames-ouvre-la-voie-a-de-nouvelles-formations-2\/#primaryimage"},"thumbnailUrl":"https:\/\/228news.tg\/wp-content\/uploads\/2024\/09\/IMG-20210605-WA0049.jpg","articleSection":["EDUCATION","Flash","TOGO","Une"],"inLanguage":"fr-FR","potentialAction":[{"@type":"CommentAction","name":"Comment","target":["https:\/\/228news.tg\/index.php\/2019\/02\/01\/ires-rdec-quand-la-reconnaissance-du-cames-ouvre-la-voie-a-de-nouvelles-formations-2\/#respond"]}]},{"@type":"WebPage","@id":"https:\/\/228news.tg\/index.php\/2019\/02\/01\/ires-rdec-quand-la-reconnaissance-du-cames-ouvre-la-voie-a-de-nouvelles-formations-2\/","url":"https:\/\/228news.tg\/index.php\/2019\/02\/01\/ires-rdec-quand-la-reconnaissance-du-cames-ouvre-la-voie-a-de-nouvelles-formations-2\/","name":"IRES-RDEC: Quand la reconnaissance du CAMES ouvre la voie \u00e0 de nouvelles formations - 228 News","isPartOf":{"@id":"https:\/\/228news.tg\/#website"},"primaryImageOfPage":{"@id":"https:\/\/228news.tg\/index.php\/2019\/02\/01\/ires-rdec-quand-la-reconnaissance-du-cames-ouvre-la-voie-a-de-nouvelles-formations-2\/#primaryimage"},"image":{"@id":"https:\/\/228news.tg\/index.php\/2019\/02\/01\/ires-rdec-quand-la-reconnaissance-du-cames-ouvre-la-voie-a-de-nouvelles-formations-2\/#primaryimage"},"thumbnailUrl":"https:\/\/228news.tg\/wp-content\/uploads\/2024\/09\/IMG-20210605-WA0049.jpg","datePublished":"2019-02-01T11:08:05+00:00","breadcrumb":{"@id":"https:\/\/228news.tg\/index.php\/2019\/02\/01\/ires-rdec-quand-la-reconnaissance-du-cames-ouvre-la-voie-a-de-nouvelles-formations-2\/#breadcrumb"},"inLanguage":"fr-FR","potentialAction":[{"@type":"ReadAction","target":["https:\/\/228news.tg\/index.php\/2019\/02\/01\/ires-rdec-quand-la-reconnaissance-du-cames-ouvre-la-voie-a-de-nouvelles-formations-2\/"]}]},{"@type":"ImageObject","inLanguage":"fr-FR","@id":"https:\/\/228news.tg\/index.php\/2019\/02\/01\/ires-rdec-quand-la-reconnaissance-du-cames-ouvre-la-voie-a-de-nouvelles-formations-2\/#primaryimage","url":"https:\/\/228news.tg\/wp-content\/uploads\/2024\/09\/IMG-20210605-WA0049.jpg","contentUrl":"https:\/\/228news.tg\/wp-content\/uploads\/2024\/09\/IMG-20210605-WA0049.jpg","width":600,"height":401},{"@type":"BreadcrumbList","@id":"https:\/\/228news.tg\/index.php\/2019\/02\/01\/ires-rdec-quand-la-reconnaissance-du-cames-ouvre-la-voie-a-de-nouvelles-formations-2\/#breadcrumb","itemListElement":[{"@type":"ListItem","position":1,"name":"Home","item":"https:\/\/228news.tg\/"},{"@type":"ListItem","position":2,"name":"IRES-RDEC: Quand la reconnaissance du CAMES ouvre la voie \u00e0 de nouvelles formations"}]},{"@type":"WebSite","@id":"https:\/\/228news.tg\/#website","url":"https:\/\/228news.tg\/","name":"228 News","description":"Soci\u00e9t\u00e9 de m\u00e9dias et d\u2019actualit\u00e9s","publisher":{"@id":"https:\/\/228news.tg\/#organization"},"potentialAction":[{"@type":"SearchAction","target":{"@type":"EntryPoint","urlTemplate":"https:\/\/228news.tg\/?s={search_term_string}"},"query-input":{"@type":"PropertyValueSpecification","valueRequired":true,"valueName":"search_term_string"}}],"inLanguage":"fr-FR"},{"@type":"Organization","@id":"https:\/\/228news.tg\/#organization","name":"228 News","url":"https:\/\/228news.tg\/","logo":{"@type":"ImageObject","inLanguage":"fr-FR","@id":"https:\/\/228news.tg\/#\/schema\/logo\/image\/","url":"https:\/\/228news.tg\/wp-content\/uploads\/2024\/09\/logonew.png","contentUrl":"https:\/\/228news.tg\/wp-content\/uploads\/2024\/09\/logonew.png","width":1640,"height":364,"caption":"228 News"},"image":{"@id":"https:\/\/228news.tg\/#\/schema\/logo\/image\/"}},{"@type":"Person","@id":"https:\/\/228news.tg\/#\/schema\/person\/68d5a6cc0230290e61235c8379523f52","name":"Bienvenu SAVI","image":{"@type":"ImageObject","inLanguage":"fr-FR","@id":"https:\/\/228news.tg\/#\/schema\/person\/image\/","url":"https:\/\/secure.gravatar.com\/avatar\/9db91895c559e510509c33a3e9683998458e9b828fac36d5d1aa23f0f2fd369b?s=96&d=mm&r=g","contentUrl":"https:\/\/secure.gravatar.com\/avatar\/9db91895c559e510509c33a3e9683998458e9b828fac36d5d1aa23f0f2fd369b?s=96&d=mm&r=g","caption":"Bienvenu SAVI"},"url":"https:\/\/228news.tg\/index.php\/author\/bienvenu\/"}]}},"jetpack_featured_media_url":"https:\/\/228news.tg\/wp-content\/uploads\/2024\/09\/IMG-20210605-WA0049.jpg","_links":{"self":[{"href":"https:\/\/228news.tg\/index.php\/wp-json\/wp\/v2\/posts\/14661","targetHints":{"allow":["GET"]}}],"collection":[{"href":"https:\/\/228news.tg\/index.php\/wp-json\/wp\/v2\/posts"}],"about":[{"href":"https:\/\/228news.tg\/index.php\/wp-json\/wp\/v2\/types\/post"}],"author":[{"embeddable":true,"href":"https:\/\/228news.tg\/index.php\/wp-json\/wp\/v2\/users\/2"}],"replies":[{"embeddable":true,"href":"https:\/\/228news.tg\/index.php\/wp-json\/wp\/v2\/comments?post=14661"}],"version-history":[{"count":0,"href":"https:\/\/228news.tg\/index.php\/wp-json\/wp\/v2\/posts\/14661\/revisions"}],"wp:featuredmedia":[{"embeddable":true,"href":"https:\/\/228news.tg\/index.php\/wp-json\/wp\/v2\/media\/3775"}],"wp:attachment":[{"href":"https:\/\/228news.tg\/index.php\/wp-json\/wp\/v2\/media?parent=14661"}],"wp:term":[{"taxonomy":"category","embeddable":true,"href":"https:\/\/228news.tg\/index.php\/wp-json\/wp\/v2\/categories?post=14661"},{"taxonomy":"post_tag","embeddable":true,"href":"https:\/\/228news.tg\/index.php\/wp-json\/wp\/v2\/tags?post=14661"}],"curies":[{"name":"wp","href":"https:\/\/api.w.org\/{rel}","templated":true}]}}