{"id":14652,"date":"2019-01-04T11:42:22","date_gmt":"2019-01-04T11:42:22","guid":{"rendered":"http:\/\/localhost\/site\/228news\/?p=3732"},"modified":"2019-01-04T11:42:22","modified_gmt":"2019-01-04T11:42:22","slug":"nuit-du-rugby-une-premiere-edition-aux-couleurs-feminines-2","status":"publish","type":"post","link":"https:\/\/228news.tg\/index.php\/2019\/01\/04\/nuit-du-rugby-une-premiere-edition-aux-couleurs-feminines-2\/","title":{"rendered":"Nuit du Rugby\u00a0: Une premi\u00e8re \u00e9dition aux couleurs f\u00e9minines"},"content":{"rendered":"<p>(228NEWS\/ Lom\u00e9, le 04 janvier 2018)- L\u2019Institut Fran\u00e7ais de Lom\u00e9 (IFL) a servi de cadre \u00e0 la premi\u00e8re \u00e9dition de la nuit du rugby le mercredi 02 janvier 2019. Accordant une place de choix \u00e0 la gente f\u00e9minine pour une premi\u00e8re, cet \u00e9v\u00e9nement est \u00e0 mettre \u00e0 l\u2019actif de l\u2019association Togo en M\u00eal\u00e9es, contact national de l\u2019association fran\u00e7aise Terres en m\u00eal\u00e9es (TEM).<\/p>\n<p>Il a pour principal objectif de faire d\u00e9couvrir \u00e0 l\u2019ensemble des acteurs nationaux et internationaux \u00e9voluant au Togo, \u00e0 la jeunesse, les diff\u00e9rents avantages li\u00e9s \u00e0 la pratique de ce sport, les diff\u00e9rentes opportunit\u00e9s d\u2019investissement qui s\u2019y pr\u00e9sente, et le cadre s\u00fbr et s\u00e9curis\u00e9 qu\u2019il puisse constituer pour la jeune fille togolaise.<img fetchpriority=\"high\" decoding=\"async\" class=\"alignnone size-medium wp-image-3734 alignright\" src=\"http:\/\/localhost\/site\/228news\/wp-content\/uploads\/2019\/01\/photo_2019-01-04_09-51-16-300x225.jpg\" alt=\"\" width=\"300\" height=\"225\" \/><\/p>\n<p>Pour OURO-KOUMONI Mahawiya, \u00e9ducateur formateur Terres en M\u00eal\u00e9es, Pr\u00e9sident de l\u2019association Terres en M\u00eal\u00e9es Togo et Directeur Technique National Adjoint \u00e0 F\u00e9d\u00e9ration Togolaise de Rugby, l\u2019association vise prioritairement \u00e0 augmenter le nombre de fille dans les \u00e9coles de rugby ce qui passe par la formation d\u2019\u00e9ducatrice pr\u00eate \u00e0 int\u00e9grer le staff technique, voire l\u2019\u00e9quipe dirigeante, cr\u00e9er la premi\u00e8re TEM Academy togolaise, un centre socio-\u00e9ducatif par le rugby, sur le mod\u00e8le des acad\u00e9mies cr\u00e9es par TEM \u00e0 Madagascar et au Maroc \u00e0 partir duquel elle pourra approfondir le travail \u00e9ducatif avec les joueurs et joueuses les plus m\u00e9ritants.<\/p>\n<p>Terre en m\u00eal\u00e9es Togo veut \u00e9galement d\u00e9velopper un programme d\u2019initiation au rugby \u00e9ducatif dans les \u00e9coles togolaises et accompagner des professeurs d\u2019EPS \u00e0 encadrer cette pratique et organiser le premier \u00e9v\u00e9nement r\u00e9gional f\u00e9minin, avec les voisins de Terres en M\u00eal\u00e9es Burkina Faso et la f\u00e9d\u00e9ration ivoirienne de rugby.<\/p>\n<p>Aussi la qu\u00eate des soutiens de tous ordres est devenue une imp\u00e9rieuse n\u00e9cessit\u00e9 pour les acteurs de Togo en m\u00eal\u00e9es.<\/p>\n<p><img decoding=\"async\" class=\"alignnone size-medium wp-image-3735 alignleft\" src=\"http:\/\/localhost\/site\/228news\/wp-content\/uploads\/2019\/01\/photo_2019-01-04_11-18-29-225x300.jpg\" alt=\"\" width=\"225\" height=\"300\" \/>\u00ab\u00a0Que ce soit b\u00e9n\u00e9volement ou op\u00e9rationnellement, financi\u00e8rement, vous pouvez nous rejoindre et participer \u00e0 cette grande aventure qui ne fait que commencer. Le sport a toujours \u00e9t\u00e9 un secteur d\u2019investissement, par lequel on apporte joie, frisson, \u00e9motion et rencontre. D\u00eetes-vous qu\u2019avec Terres en M\u00eal\u00e9es, en plus d\u2019investir dans le sport, vous investissez dans l\u2019avenir, dans la jeunesse, dans le d\u00e9veloppement durable. Vous int\u00e9grerez un r\u00e9seau international de volontaires, d\u2019entreprise et d\u2019institution au carrefour entre l\u2019industrie du sport, la coop\u00e9ration internationale et l\u2019\u00e9ducation au d\u00e9veloppement\u00a0\u00bb, a-t-il d\u00e9clar\u00e9 \u00e0 la parterre de personnalit\u00e9s pr\u00e9sentes \u00e0 la soir\u00e9e, en l\u2019occurrence des repr\u00e9sentants de grandes entreprises internationales et nationales, le SCAC de l\u2019ambassade de France les plus hautes autorit\u00e9s de la f\u00e9d\u00e9ration togolaise de rugby, de la C\u00f4te d\u2019Ivoire,\u2026<\/p>\n<p>Projection de film sur l\u2019histoire d\u2019amour entre une jeune Malgache, Marc\u00e9lia, et le rugby, sur la C\u00f4te Saphyr, pr\u00e9sentation compl\u00e8te de Terre en m\u00eal\u00e9es et ses missions, le chemin parcouru, les diff\u00e9rentes perspectives ont fini de convaincre l\u2019auditoire durant cette soir\u00e9e qui a par ailleurs \u00e9t\u00e9 marqu\u00e9e par de fructueux \u00e9changes avec deux internationales fran\u00e7aises du rugby, Laurelin Fourcade et Ana\u00efs Lagougine \u00a0sur le d\u00e9veloppement du rugby au Togo et ce qu\u2019il emporte comme avantage, espoir et r\u00eave pour une grande partie des jeunes au Togo actuellement, qu\u2019ils soient filles ou gar\u00e7ons.<\/p>\n<p>Laureline a une fois de plus lou\u00e9 l\u2019impressionnant jeu d\u2019\u00e9vitement encr\u00e9 d\u00e8s le bas \u00e2ge aux jeunes rugbymen togolais, le potentiel physique ainsi que l\u2019esprit d\u2019engagement dont ils font tous preuve. Pour sa part, Ana\u00efs a c\u00e9l\u00e9br\u00e9 le travail fait en amont par les \u00e9ducateurs et formateurs de Terres en m\u00eal\u00e9es Togo et encourag\u00e9 \u00e0 la poursuite de ce chantier quelques soient les difficult\u00e9s.<\/p>\n<p>Nous y reviendrons.<\/p>\n<p><strong>D\u00e9mocrate <\/strong><\/p>\n<p><strong>(00228) 91 85 40 14<\/strong><\/p>\n<p><strong>98 60 67 68<\/strong><\/p>\n<p><strong><a href=\"mailto:democrate2010@gmail.com\">democrate2010@gmail.com<\/a><\/strong><\/p>\n","protected":false},"excerpt":{"rendered":"<p>(228NEWS\/ Lom\u00e9, le 04 janvier 2018)- L\u2019Institut Fran\u00e7ais de Lom\u00e9 (IFL) a servi de cadre \u00e0 la premi\u00e8re \u00e9dition de la nuit du rugby le mercredi 02 janvier 2019. Accordant une place de choix \u00e0 la gente f\u00e9minine pour une premi\u00e8re, cet \u00e9v\u00e9nement est \u00e0 mettre \u00e0 l\u2019actif de l\u2019association Togo en M\u00eal\u00e9es, contact national &#8230; <a title=\"Nuit du Rugby\u00a0: Une premi\u00e8re \u00e9dition aux couleurs f\u00e9minines\" class=\"read-more\" href=\"https:\/\/228news.tg\/index.php\/2019\/01\/04\/nuit-du-rugby-une-premiere-edition-aux-couleurs-feminines-2\/\" aria-label=\"En savoir plus sur Nuit du Rugby\u00a0: Une premi\u00e8re \u00e9dition aux couleurs f\u00e9minines\">Lire la suite<\/a><\/p>\n","protected":false},"author":2,"featured_media":3733,"comment_status":"open","ping_status":"open","sticky":false,"template":"","format":"chat","meta":{"footnotes":""},"categories":[35,24,25,34],"tags":[],"class_list":["post-14652","post","type-post","status-publish","format-chat","has-post-thumbnail","hentry","category-flash","category-sports","category-togo","category-une","post_format-post-format-chat"],"yoast_head":"<!-- This site is optimized with the Yoast SEO plugin v26.4 - https:\/\/yoast.com\/wordpress\/plugins\/seo\/ -->\n<title>Nuit du Rugby\u00a0: Une premi\u00e8re \u00e9dition aux couleurs f\u00e9minines - 228 News<\/title>\n<meta name=\"robots\" content=\"index, follow, max-snippet:-1, max-image-preview:large, max-video-preview:-1\" \/>\n<link rel=\"canonical\" href=\"https:\/\/228news.tg\/index.php\/2019\/01\/04\/nuit-du-rugby-une-premiere-edition-aux-couleurs-feminines-2\/\" \/>\n<meta property=\"og:locale\" content=\"fr_FR\" \/>\n<meta property=\"og:type\" content=\"article\" \/>\n<meta property=\"og:title\" content=\"Nuit du Rugby\u00a0: Une premi\u00e8re \u00e9dition aux couleurs f\u00e9minines - 228 News\" \/>\n<meta property=\"og:description\" content=\"(228NEWS\/ Lom\u00e9, le 04 janvier 2018)- L\u2019Institut Fran\u00e7ais de Lom\u00e9 (IFL) a servi de cadre \u00e0 la premi\u00e8re \u00e9dition de la nuit du rugby le mercredi 02 janvier 2019. Accordant une place de choix \u00e0 la gente f\u00e9minine pour une premi\u00e8re, cet \u00e9v\u00e9nement est \u00e0 mettre \u00e0 l\u2019actif de l\u2019association Togo en M\u00eal\u00e9es, contact national ... Lire la suite\" \/>\n<meta property=\"og:url\" content=\"https:\/\/228news.tg\/index.php\/2019\/01\/04\/nuit-du-rugby-une-premiere-edition-aux-couleurs-feminines-2\/\" \/>\n<meta property=\"og:site_name\" content=\"228 News\" \/>\n<meta property=\"article:published_time\" content=\"2019-01-04T11:42:22+00:00\" \/>\n<meta property=\"og:image\" content=\"http:\/\/localhost\/site\/228news\/wp-content\/uploads\/2019\/01\/photo_2019-01-04_09-51-16-300x225.jpg\" \/>\n<meta name=\"author\" content=\"Bienvenu SAVI\" \/>\n<meta name=\"twitter:card\" content=\"summary_large_image\" \/>\n<meta name=\"twitter:label1\" content=\"\u00c9crit par\" \/>\n\t<meta name=\"twitter:data1\" content=\"Bienvenu SAVI\" \/>\n\t<meta name=\"twitter:label2\" content=\"Dur\u00e9e de lecture estim\u00e9e\" \/>\n\t<meta name=\"twitter:data2\" content=\"3 minutes\" \/>\n<script type=\"application\/ld+json\" class=\"yoast-schema-graph\">{\"@context\":\"https:\/\/schema.org\",\"@graph\":[{\"@type\":\"Article\",\"@id\":\"https:\/\/228news.tg\/index.php\/2019\/01\/04\/nuit-du-rugby-une-premiere-edition-aux-couleurs-feminines-2\/#article\",\"isPartOf\":{\"@id\":\"https:\/\/228news.tg\/index.php\/2019\/01\/04\/nuit-du-rugby-une-premiere-edition-aux-couleurs-feminines-2\/\"},\"author\":{\"name\":\"Bienvenu SAVI\",\"@id\":\"https:\/\/228news.tg\/#\/schema\/person\/68d5a6cc0230290e61235c8379523f52\"},\"headline\":\"Nuit du Rugby\u00a0: Une premi\u00e8re \u00e9dition aux couleurs f\u00e9minines\",\"datePublished\":\"2019-01-04T11:42:22+00:00\",\"mainEntityOfPage\":{\"@id\":\"https:\/\/228news.tg\/index.php\/2019\/01\/04\/nuit-du-rugby-une-premiere-edition-aux-couleurs-feminines-2\/\"},\"wordCount\":684,\"commentCount\":0,\"publisher\":{\"@id\":\"https:\/\/228news.tg\/#organization\"},\"image\":{\"@id\":\"https:\/\/228news.tg\/index.php\/2019\/01\/04\/nuit-du-rugby-une-premiere-edition-aux-couleurs-feminines-2\/#primaryimage\"},\"thumbnailUrl\":\"\",\"articleSection\":[\"Flash\",\"SPORTS\",\"TOGO\",\"Une\"],\"inLanguage\":\"fr-FR\",\"potentialAction\":[{\"@type\":\"CommentAction\",\"name\":\"Comment\",\"target\":[\"https:\/\/228news.tg\/index.php\/2019\/01\/04\/nuit-du-rugby-une-premiere-edition-aux-couleurs-feminines-2\/#respond\"]}]},{\"@type\":\"WebPage\",\"@id\":\"https:\/\/228news.tg\/index.php\/2019\/01\/04\/nuit-du-rugby-une-premiere-edition-aux-couleurs-feminines-2\/\",\"url\":\"https:\/\/228news.tg\/index.php\/2019\/01\/04\/nuit-du-rugby-une-premiere-edition-aux-couleurs-feminines-2\/\",\"name\":\"Nuit du Rugby\u00a0: Une premi\u00e8re \u00e9dition aux couleurs f\u00e9minines - 228 News\",\"isPartOf\":{\"@id\":\"https:\/\/228news.tg\/#website\"},\"primaryImageOfPage\":{\"@id\":\"https:\/\/228news.tg\/index.php\/2019\/01\/04\/nuit-du-rugby-une-premiere-edition-aux-couleurs-feminines-2\/#primaryimage\"},\"image\":{\"@id\":\"https:\/\/228news.tg\/index.php\/2019\/01\/04\/nuit-du-rugby-une-premiere-edition-aux-couleurs-feminines-2\/#primaryimage\"},\"thumbnailUrl\":\"\",\"datePublished\":\"2019-01-04T11:42:22+00:00\",\"breadcrumb\":{\"@id\":\"https:\/\/228news.tg\/index.php\/2019\/01\/04\/nuit-du-rugby-une-premiere-edition-aux-couleurs-feminines-2\/#breadcrumb\"},\"inLanguage\":\"fr-FR\",\"potentialAction\":[{\"@type\":\"ReadAction\",\"target\":[\"https:\/\/228news.tg\/index.php\/2019\/01\/04\/nuit-du-rugby-une-premiere-edition-aux-couleurs-feminines-2\/\"]}]},{\"@type\":\"ImageObject\",\"inLanguage\":\"fr-FR\",\"@id\":\"https:\/\/228news.tg\/index.php\/2019\/01\/04\/nuit-du-rugby-une-premiere-edition-aux-couleurs-feminines-2\/#primaryimage\",\"url\":\"\",\"contentUrl\":\"\"},{\"@type\":\"BreadcrumbList\",\"@id\":\"https:\/\/228news.tg\/index.php\/2019\/01\/04\/nuit-du-rugby-une-premiere-edition-aux-couleurs-feminines-2\/#breadcrumb\",\"itemListElement\":[{\"@type\":\"ListItem\",\"position\":1,\"name\":\"Home\",\"item\":\"https:\/\/228news.tg\/\"},{\"@type\":\"ListItem\",\"position\":2,\"name\":\"Nuit du Rugby\u00a0: Une premi\u00e8re \u00e9dition aux couleurs f\u00e9minines\"}]},{\"@type\":\"WebSite\",\"@id\":\"https:\/\/228news.tg\/#website\",\"url\":\"https:\/\/228news.tg\/\",\"name\":\"228 News\",\"description\":\"Soci\u00e9t\u00e9 de m\u00e9dias et d\u2019actualit\u00e9s\",\"publisher\":{\"@id\":\"https:\/\/228news.tg\/#organization\"},\"potentialAction\":[{\"@type\":\"SearchAction\",\"target\":{\"@type\":\"EntryPoint\",\"urlTemplate\":\"https:\/\/228news.tg\/?s={search_term_string}\"},\"query-input\":{\"@type\":\"PropertyValueSpecification\",\"valueRequired\":true,\"valueName\":\"search_term_string\"}}],\"inLanguage\":\"fr-FR\"},{\"@type\":\"Organization\",\"@id\":\"https:\/\/228news.tg\/#organization\",\"name\":\"228 News\",\"url\":\"https:\/\/228news.tg\/\",\"logo\":{\"@type\":\"ImageObject\",\"inLanguage\":\"fr-FR\",\"@id\":\"https:\/\/228news.tg\/#\/schema\/logo\/image\/\",\"url\":\"https:\/\/228news.tg\/wp-content\/uploads\/2024\/09\/logonew.png\",\"contentUrl\":\"https:\/\/228news.tg\/wp-content\/uploads\/2024\/09\/logonew.png\",\"width\":1640,\"height\":364,\"caption\":\"228 News\"},\"image\":{\"@id\":\"https:\/\/228news.tg\/#\/schema\/logo\/image\/\"}},{\"@type\":\"Person\",\"@id\":\"https:\/\/228news.tg\/#\/schema\/person\/68d5a6cc0230290e61235c8379523f52\",\"name\":\"Bienvenu SAVI\",\"image\":{\"@type\":\"ImageObject\",\"inLanguage\":\"fr-FR\",\"@id\":\"https:\/\/228news.tg\/#\/schema\/person\/image\/\",\"url\":\"https:\/\/secure.gravatar.com\/avatar\/9db91895c559e510509c33a3e9683998458e9b828fac36d5d1aa23f0f2fd369b?s=96&d=mm&r=g\",\"contentUrl\":\"https:\/\/secure.gravatar.com\/avatar\/9db91895c559e510509c33a3e9683998458e9b828fac36d5d1aa23f0f2fd369b?s=96&d=mm&r=g\",\"caption\":\"Bienvenu SAVI\"},\"url\":\"https:\/\/228news.tg\/index.php\/author\/bienvenu\/\"}]}<\/script>\n<!-- \/ Yoast SEO plugin. -->","yoast_head_json":{"title":"Nuit du Rugby\u00a0: Une premi\u00e8re \u00e9dition aux couleurs f\u00e9minines - 228 News","robots":{"index":"index","follow":"follow","max-snippet":"max-snippet:-1","max-image-preview":"max-image-preview:large","max-video-preview":"max-video-preview:-1"},"canonical":"https:\/\/228news.tg\/index.php\/2019\/01\/04\/nuit-du-rugby-une-premiere-edition-aux-couleurs-feminines-2\/","og_locale":"fr_FR","og_type":"article","og_title":"Nuit du Rugby\u00a0: Une premi\u00e8re \u00e9dition aux couleurs f\u00e9minines - 228 News","og_description":"(228NEWS\/ Lom\u00e9, le 04 janvier 2018)- L\u2019Institut Fran\u00e7ais de Lom\u00e9 (IFL) a servi de cadre \u00e0 la premi\u00e8re \u00e9dition de la nuit du rugby le mercredi 02 janvier 2019. Accordant une place de choix \u00e0 la gente f\u00e9minine pour une premi\u00e8re, cet \u00e9v\u00e9nement est \u00e0 mettre \u00e0 l\u2019actif de l\u2019association Togo en M\u00eal\u00e9es, contact national ... Lire la suite","og_url":"https:\/\/228news.tg\/index.php\/2019\/01\/04\/nuit-du-rugby-une-premiere-edition-aux-couleurs-feminines-2\/","og_site_name":"228 News","article_published_time":"2019-01-04T11:42:22+00:00","og_image":[{"url":"http:\/\/localhost\/site\/228news\/wp-content\/uploads\/2019\/01\/photo_2019-01-04_09-51-16-300x225.jpg","type":"","width":"","height":""}],"author":"Bienvenu SAVI","twitter_card":"summary_large_image","twitter_misc":{"\u00c9crit par":"Bienvenu SAVI","Dur\u00e9e de lecture estim\u00e9e":"3 minutes"},"schema":{"@context":"https:\/\/schema.org","@graph":[{"@type":"Article","@id":"https:\/\/228news.tg\/index.php\/2019\/01\/04\/nuit-du-rugby-une-premiere-edition-aux-couleurs-feminines-2\/#article","isPartOf":{"@id":"https:\/\/228news.tg\/index.php\/2019\/01\/04\/nuit-du-rugby-une-premiere-edition-aux-couleurs-feminines-2\/"},"author":{"name":"Bienvenu SAVI","@id":"https:\/\/228news.tg\/#\/schema\/person\/68d5a6cc0230290e61235c8379523f52"},"headline":"Nuit du Rugby\u00a0: Une premi\u00e8re \u00e9dition aux couleurs f\u00e9minines","datePublished":"2019-01-04T11:42:22+00:00","mainEntityOfPage":{"@id":"https:\/\/228news.tg\/index.php\/2019\/01\/04\/nuit-du-rugby-une-premiere-edition-aux-couleurs-feminines-2\/"},"wordCount":684,"commentCount":0,"publisher":{"@id":"https:\/\/228news.tg\/#organization"},"image":{"@id":"https:\/\/228news.tg\/index.php\/2019\/01\/04\/nuit-du-rugby-une-premiere-edition-aux-couleurs-feminines-2\/#primaryimage"},"thumbnailUrl":"","articleSection":["Flash","SPORTS","TOGO","Une"],"inLanguage":"fr-FR","potentialAction":[{"@type":"CommentAction","name":"Comment","target":["https:\/\/228news.tg\/index.php\/2019\/01\/04\/nuit-du-rugby-une-premiere-edition-aux-couleurs-feminines-2\/#respond"]}]},{"@type":"WebPage","@id":"https:\/\/228news.tg\/index.php\/2019\/01\/04\/nuit-du-rugby-une-premiere-edition-aux-couleurs-feminines-2\/","url":"https:\/\/228news.tg\/index.php\/2019\/01\/04\/nuit-du-rugby-une-premiere-edition-aux-couleurs-feminines-2\/","name":"Nuit du Rugby\u00a0: Une premi\u00e8re \u00e9dition aux couleurs f\u00e9minines - 228 News","isPartOf":{"@id":"https:\/\/228news.tg\/#website"},"primaryImageOfPage":{"@id":"https:\/\/228news.tg\/index.php\/2019\/01\/04\/nuit-du-rugby-une-premiere-edition-aux-couleurs-feminines-2\/#primaryimage"},"image":{"@id":"https:\/\/228news.tg\/index.php\/2019\/01\/04\/nuit-du-rugby-une-premiere-edition-aux-couleurs-feminines-2\/#primaryimage"},"thumbnailUrl":"","datePublished":"2019-01-04T11:42:22+00:00","breadcrumb":{"@id":"https:\/\/228news.tg\/index.php\/2019\/01\/04\/nuit-du-rugby-une-premiere-edition-aux-couleurs-feminines-2\/#breadcrumb"},"inLanguage":"fr-FR","potentialAction":[{"@type":"ReadAction","target":["https:\/\/228news.tg\/index.php\/2019\/01\/04\/nuit-du-rugby-une-premiere-edition-aux-couleurs-feminines-2\/"]}]},{"@type":"ImageObject","inLanguage":"fr-FR","@id":"https:\/\/228news.tg\/index.php\/2019\/01\/04\/nuit-du-rugby-une-premiere-edition-aux-couleurs-feminines-2\/#primaryimage","url":"","contentUrl":""},{"@type":"BreadcrumbList","@id":"https:\/\/228news.tg\/index.php\/2019\/01\/04\/nuit-du-rugby-une-premiere-edition-aux-couleurs-feminines-2\/#breadcrumb","itemListElement":[{"@type":"ListItem","position":1,"name":"Home","item":"https:\/\/228news.tg\/"},{"@type":"ListItem","position":2,"name":"Nuit du Rugby\u00a0: Une premi\u00e8re \u00e9dition aux couleurs f\u00e9minines"}]},{"@type":"WebSite","@id":"https:\/\/228news.tg\/#website","url":"https:\/\/228news.tg\/","name":"228 News","description":"Soci\u00e9t\u00e9 de m\u00e9dias et d\u2019actualit\u00e9s","publisher":{"@id":"https:\/\/228news.tg\/#organization"},"potentialAction":[{"@type":"SearchAction","target":{"@type":"EntryPoint","urlTemplate":"https:\/\/228news.tg\/?s={search_term_string}"},"query-input":{"@type":"PropertyValueSpecification","valueRequired":true,"valueName":"search_term_string"}}],"inLanguage":"fr-FR"},{"@type":"Organization","@id":"https:\/\/228news.tg\/#organization","name":"228 News","url":"https:\/\/228news.tg\/","logo":{"@type":"ImageObject","inLanguage":"fr-FR","@id":"https:\/\/228news.tg\/#\/schema\/logo\/image\/","url":"https:\/\/228news.tg\/wp-content\/uploads\/2024\/09\/logonew.png","contentUrl":"https:\/\/228news.tg\/wp-content\/uploads\/2024\/09\/logonew.png","width":1640,"height":364,"caption":"228 News"},"image":{"@id":"https:\/\/228news.tg\/#\/schema\/logo\/image\/"}},{"@type":"Person","@id":"https:\/\/228news.tg\/#\/schema\/person\/68d5a6cc0230290e61235c8379523f52","name":"Bienvenu SAVI","image":{"@type":"ImageObject","inLanguage":"fr-FR","@id":"https:\/\/228news.tg\/#\/schema\/person\/image\/","url":"https:\/\/secure.gravatar.com\/avatar\/9db91895c559e510509c33a3e9683998458e9b828fac36d5d1aa23f0f2fd369b?s=96&d=mm&r=g","contentUrl":"https:\/\/secure.gravatar.com\/avatar\/9db91895c559e510509c33a3e9683998458e9b828fac36d5d1aa23f0f2fd369b?s=96&d=mm&r=g","caption":"Bienvenu SAVI"},"url":"https:\/\/228news.tg\/index.php\/author\/bienvenu\/"}]}},"jetpack_featured_media_url":"","_links":{"self":[{"href":"https:\/\/228news.tg\/index.php\/wp-json\/wp\/v2\/posts\/14652","targetHints":{"allow":["GET"]}}],"collection":[{"href":"https:\/\/228news.tg\/index.php\/wp-json\/wp\/v2\/posts"}],"about":[{"href":"https:\/\/228news.tg\/index.php\/wp-json\/wp\/v2\/types\/post"}],"author":[{"embeddable":true,"href":"https:\/\/228news.tg\/index.php\/wp-json\/wp\/v2\/users\/2"}],"replies":[{"embeddable":true,"href":"https:\/\/228news.tg\/index.php\/wp-json\/wp\/v2\/comments?post=14652"}],"version-history":[{"count":0,"href":"https:\/\/228news.tg\/index.php\/wp-json\/wp\/v2\/posts\/14652\/revisions"}],"wp:featuredmedia":[{"embeddable":true,"href":"https:\/\/228news.tg\/index.php\/wp-json\/wp\/v2\/posts\/3733"}],"wp:attachment":[{"href":"https:\/\/228news.tg\/index.php\/wp-json\/wp\/v2\/media?parent=14652"}],"wp:term":[{"taxonomy":"category","embeddable":true,"href":"https:\/\/228news.tg\/index.php\/wp-json\/wp\/v2\/categories?post=14652"},{"taxonomy":"post_tag","embeddable":true,"href":"https:\/\/228news.tg\/index.php\/wp-json\/wp\/v2\/tags?post=14652"}],"curies":[{"name":"wp","href":"https:\/\/api.w.org\/{rel}","templated":true}]}}