{"id":14649,"date":"2018-12-31T07:04:00","date_gmt":"2018-12-31T07:04:00","guid":{"rendered":"http:\/\/localhost\/site\/228news\/?p=3716"},"modified":"2018-12-31T07:04:00","modified_gmt":"2018-12-31T07:04:00","slug":"st-eloi-une-histoire-damour-voit-le-jour-entre-la-vallee-des-metiers-de-beaute-et-larmee-de-lair-togolaise-2","status":"publish","type":"post","link":"https:\/\/228news.tg\/index.php\/2018\/12\/31\/st-eloi-une-histoire-damour-voit-le-jour-entre-la-vallee-des-metiers-de-beaute-et-larmee-de-lair-togolaise-2\/","title":{"rendered":"St Eloi\u00a0: Une histoire d\u2019amour voit le jour entre la Vall\u00e9e des M\u00e9tiers de beaut\u00e9 et l\u2019arm\u00e9e de l\u2019air togolaise"},"content":{"rendered":"<p>(228NEWS\/ Lom\u00e9, le 31 d\u00e9cembre 2018)- La c\u00e9l\u00e9bration de la f\u00eate de la saint Eloi, \u00e0 l\u2019\u00e9tat-major de l\u2019arm\u00e9e de l\u2019air ce samedi 29 d\u00e9cembre 2018 a accouch\u00e9 d\u2019une union entre la Vall\u00e9e des M\u00e9tiers de beaut\u00e9 (VMB) et les hommes des casernes.<\/p>\n<p>Cela s\u2019est mat\u00e9rialis\u00e9 par la remises des prix d\u2019excellence aux meilleurs pilotes et m\u00e9caniciens de l&rsquo;air, compos\u00e9s de bons de soins visage, de dos et de pieds, ainsi que de la promesse d\u2019une formation de 12 mois \u00e0 l&rsquo;arm\u00e9e de l&rsquo;air sous le patronage du chef d&rsquo;Etat-major.\u00a0<img fetchpriority=\"high\" decoding=\"async\" class=\"alignnone size-medium wp-image-3718 alignright\" src=\"http:\/\/localhost\/site\/228news\/wp-content\/uploads\/2018\/12\/photo_2018-12-30_08-57-44-300x225.jpg\" alt=\"\" width=\"300\" height=\"225\" \/><\/p>\n<p>Pour Eric Am\u00e9tsip\u00e9, Pr\u00e9sident de la VMB, la Vall\u00e9e dans sa mission de valorisation des m\u00e9tiers de beaut\u00e9 \u00e0 travers l\u2019industrie locale et naturelle, certifi\u00e9e partout dans le monde a d\u00e9cid\u00e9 de se faire connaitre des corps habill\u00e9s par le canal de la Saint Eloi, afin de se vendre ainsi que de faire la visibilit\u00e9 des acteurs de l\u2019association.<\/p>\n<p>\u00ab\u00a0Il s\u2019agit pour nous de nous faire connaitre davantage et de voir \u00e0 la longue dans quelle mesure collaborer avec les acteurs du secteurs a\u00e9riens afin de nous faire accepter par les compagnies a\u00e9riennes. Cela nous procurera une notori\u00e9t\u00e9 et nous poussera plus en avant dans notre qu\u00eate d\u2019un v\u00e9ritable made in Togo et made in Africa.\u00a0\u00bb, a-t-il d\u00e9clar\u00e9.<\/p>\n<p>Savons naturels pour l\u2019entretien du corps, pommade \u00e0 base de cacao, pulpe de baobab pour recharger les batteries, produits naturels de sant\u00e9 interne et externe, bains de bouche, produits pour les soins des cheveux, chaussures,\u2026 sont autant de produits expos\u00e9s par les acteurs de la VMB.<\/p>\n<p><img decoding=\"async\" class=\"alignnone size-medium wp-image-3720 alignleft\" src=\"http:\/\/localhost\/site\/228news\/wp-content\/uploads\/2018\/12\/photo_2018-12-30_09-24-59-300x225.jpg\" alt=\"\" width=\"300\" height=\"225\" \/>\u00a0\u00ab\u00a0La beaut\u00e9 est partout et ce n\u2019est pas parce qu\u2019ils sont des militaires qu\u2019ils ne doivent pas se soigner. C\u2019est sur cette base que la VMB a d\u00e9cid\u00e9 de rentrer dans les casernes afin de pr\u00e9senter nos produits \u00e0 nos chers militaires. N\u2019ayant pas souvent l\u2019habitude de sortir, nous nous sommes invit\u00e9s \u00e0 leur f\u00eate pour leur pr\u00e9senter ce que nous faisons et en quoi cela peut les aider.\u00a0\u00bb, a fait savoir Mme Nal\u00e9on Charity, promotrice des produits de beaut\u00e9 naturels \u00ab\u00a0K\u2019Ris\u00a0\u00bb.<\/p>\n<p>Ces produits ont suscit\u00e9 curiosit\u00e9 et admiration de les part des corps habill\u00e9s, le Chef d\u2019\u00e9tat-major de l\u2019arm\u00e9e, Bararmna-Boukpessi Djoguigou, en premier.<\/p>\n<p>\u00ab\u00a0Le soldat par nature n\u2019est pas propre et cela semble \u00eatre li\u00e9 \u00e0 la profession, n\u00e9anmoins l\u2019arm\u00e9e de l\u2019air est reconnaissante face \u00e0 cette attention de la VMB et est ouverte \u00e0 \u0153uvrer de concert avec cette association pour la beaut\u00e9 et l\u2019\u00e9panouissement de nos corps habill\u00e9s et de leurs familles. Par cela, nous encourageons \u00e0 notre niveau le d\u00e9veloppement local.\u00a0\u00bb, a confi\u00e9 le commandant en chef de l\u2019arm\u00e9e de l\u2019air.<\/p>\n<p><img decoding=\"async\" class=\"size-medium wp-image-3719 alignright\" src=\"http:\/\/localhost\/site\/228news\/wp-content\/uploads\/2018\/12\/photo_2018-12-30_09-25-42-300x225.jpg\" alt=\"\" width=\"300\" height=\"225\" \/>\u00a0Les festivit\u00e9s qui ont \u00e9t\u00e9 marqu\u00e9es par la pr\u00e9sence des repr\u00e9sentants des compagnies a\u00e9riennes qui desservent Lom\u00e9, ont \u00e9t\u00e9 l\u2019occasion pour l\u2019arm\u00e9e de l\u2019air de poser la premi\u00e8re pierre de son tout nouveau centre de sant\u00e9 des arm\u00e9e \u00ab\u00a0Bethel\u00a0\u00bb , ainsi que l\u2019inauguration d\u2019un monument d\u00e9di\u00e9 au P\u00e8re Eloi, saint patron des m\u00e9caniciens et m\u00e9tallurgistes.<\/p>\n<p>Elles ont \u00e9galement \u00e9t\u00e9 l\u2019opportunit\u00e9 de c\u00e9l\u00e9bration des 10\u00a0000 heures de vol du Fokker pr\u00e9sidentiel 5V-TAI et d\u2019exposition des diff\u00e9rentes \u00e9tapes qui ont marqu\u00e9 la vie de l\u2019arm\u00e9e de l\u2019air depuis sa prise en main par le Togo\u00a0 en 1975.<\/p>\n<p>Rites traditionnels, dans folkloriques, le tout dans une ambiance festive o\u00f9 les mets togolaises, africaines et d\u2019autres parties du monde, de m\u00eame que la boisson ont caract\u00e9ris\u00e9 cette journ\u00e9e.<\/p>\n<p><strong>D\u00e9mocrate<\/strong><\/p>\n<p><em><strong>(00228) 91 85 40 14<\/strong><\/em><\/p>\n<p><em><strong>98 60 67 68<\/strong><\/em><\/p>\n<p><em><strong>democrate2010@gmail.com<\/strong><\/em><\/p>\n<p>&nbsp;<\/p>\n<p>&nbsp;<\/p>\n","protected":false},"excerpt":{"rendered":"<p>(228NEWS\/ Lom\u00e9, le 31 d\u00e9cembre 2018)- La c\u00e9l\u00e9bration de la f\u00eate de la saint Eloi, \u00e0 l\u2019\u00e9tat-major de l\u2019arm\u00e9e de l\u2019air ce samedi 29 d\u00e9cembre 2018 a accouch\u00e9 d\u2019une union entre la Vall\u00e9e des M\u00e9tiers de beaut\u00e9 (VMB) et les hommes des casernes. Cela s\u2019est mat\u00e9rialis\u00e9 par la remises des prix d\u2019excellence aux meilleurs pilotes &#8230; <a title=\"St Eloi\u00a0: Une histoire d\u2019amour voit le jour entre la Vall\u00e9e des M\u00e9tiers de beaut\u00e9 et l\u2019arm\u00e9e de l\u2019air togolaise\" class=\"read-more\" href=\"https:\/\/228news.tg\/index.php\/2018\/12\/31\/st-eloi-une-histoire-damour-voit-le-jour-entre-la-vallee-des-metiers-de-beaute-et-larmee-de-lair-togolaise-2\/\" aria-label=\"En savoir plus sur St Eloi\u00a0: Une histoire d\u2019amour voit le jour entre la Vall\u00e9e des M\u00e9tiers de beaut\u00e9 et l\u2019arm\u00e9e de l\u2019air togolaise\">Lire la suite<\/a><\/p>\n","protected":false},"author":2,"featured_media":3717,"comment_status":"open","ping_status":"open","sticky":false,"template":"","format":"chat","meta":{"footnotes":""},"categories":[35,29,25,34],"tags":[],"class_list":["post-14649","post","type-post","status-publish","format-chat","has-post-thumbnail","hentry","category-flash","category-societe","category-togo","category-une","post_format-post-format-chat"],"yoast_head":"<!-- This site is optimized with the Yoast SEO plugin v26.4 - https:\/\/yoast.com\/wordpress\/plugins\/seo\/ -->\n<title>St Eloi\u00a0: Une histoire d\u2019amour voit le jour entre la Vall\u00e9e des M\u00e9tiers de beaut\u00e9 et l\u2019arm\u00e9e de l\u2019air togolaise - 228 News<\/title>\n<meta name=\"robots\" content=\"index, follow, max-snippet:-1, max-image-preview:large, max-video-preview:-1\" \/>\n<link rel=\"canonical\" href=\"https:\/\/228news.tg\/index.php\/2018\/12\/31\/st-eloi-une-histoire-damour-voit-le-jour-entre-la-vallee-des-metiers-de-beaute-et-larmee-de-lair-togolaise-2\/\" \/>\n<meta property=\"og:locale\" content=\"fr_FR\" \/>\n<meta property=\"og:type\" content=\"article\" \/>\n<meta property=\"og:title\" content=\"St Eloi\u00a0: Une histoire d\u2019amour voit le jour entre la Vall\u00e9e des M\u00e9tiers de beaut\u00e9 et l\u2019arm\u00e9e de l\u2019air togolaise - 228 News\" \/>\n<meta property=\"og:description\" content=\"(228NEWS\/ Lom\u00e9, le 31 d\u00e9cembre 2018)- La c\u00e9l\u00e9bration de la f\u00eate de la saint Eloi, \u00e0 l\u2019\u00e9tat-major de l\u2019arm\u00e9e de l\u2019air ce samedi 29 d\u00e9cembre 2018 a accouch\u00e9 d\u2019une union entre la Vall\u00e9e des M\u00e9tiers de beaut\u00e9 (VMB) et les hommes des casernes. Cela s\u2019est mat\u00e9rialis\u00e9 par la remises des prix d\u2019excellence aux meilleurs pilotes ... Lire la suite\" \/>\n<meta property=\"og:url\" content=\"https:\/\/228news.tg\/index.php\/2018\/12\/31\/st-eloi-une-histoire-damour-voit-le-jour-entre-la-vallee-des-metiers-de-beaute-et-larmee-de-lair-togolaise-2\/\" \/>\n<meta property=\"og:site_name\" content=\"228 News\" \/>\n<meta property=\"article:published_time\" content=\"2018-12-31T07:04:00+00:00\" \/>\n<meta property=\"og:image\" content=\"http:\/\/localhost\/site\/228news\/wp-content\/uploads\/2018\/12\/photo_2018-12-30_08-57-44-300x225.jpg\" \/>\n<meta name=\"author\" content=\"Bienvenu SAVI\" \/>\n<meta name=\"twitter:card\" content=\"summary_large_image\" \/>\n<meta name=\"twitter:label1\" content=\"\u00c9crit par\" \/>\n\t<meta name=\"twitter:data1\" content=\"Bienvenu SAVI\" \/>\n\t<meta name=\"twitter:label2\" content=\"Dur\u00e9e de lecture estim\u00e9e\" \/>\n\t<meta name=\"twitter:data2\" content=\"3 minutes\" \/>\n<script type=\"application\/ld+json\" class=\"yoast-schema-graph\">{\"@context\":\"https:\/\/schema.org\",\"@graph\":[{\"@type\":\"Article\",\"@id\":\"https:\/\/228news.tg\/index.php\/2018\/12\/31\/st-eloi-une-histoire-damour-voit-le-jour-entre-la-vallee-des-metiers-de-beaute-et-larmee-de-lair-togolaise-2\/#article\",\"isPartOf\":{\"@id\":\"https:\/\/228news.tg\/index.php\/2018\/12\/31\/st-eloi-une-histoire-damour-voit-le-jour-entre-la-vallee-des-metiers-de-beaute-et-larmee-de-lair-togolaise-2\/\"},\"author\":{\"name\":\"Bienvenu SAVI\",\"@id\":\"https:\/\/228news.tg\/#\/schema\/person\/68d5a6cc0230290e61235c8379523f52\"},\"headline\":\"St Eloi\u00a0: Une histoire d\u2019amour voit le jour entre la Vall\u00e9e des M\u00e9tiers de beaut\u00e9 et l\u2019arm\u00e9e de l\u2019air togolaise\",\"datePublished\":\"2018-12-31T07:04:00+00:00\",\"mainEntityOfPage\":{\"@id\":\"https:\/\/228news.tg\/index.php\/2018\/12\/31\/st-eloi-une-histoire-damour-voit-le-jour-entre-la-vallee-des-metiers-de-beaute-et-larmee-de-lair-togolaise-2\/\"},\"wordCount\":668,\"commentCount\":0,\"publisher\":{\"@id\":\"https:\/\/228news.tg\/#organization\"},\"image\":{\"@id\":\"https:\/\/228news.tg\/index.php\/2018\/12\/31\/st-eloi-une-histoire-damour-voit-le-jour-entre-la-vallee-des-metiers-de-beaute-et-larmee-de-lair-togolaise-2\/#primaryimage\"},\"thumbnailUrl\":\"\",\"articleSection\":[\"Flash\",\"SOCIETE\",\"TOGO\",\"Une\"],\"inLanguage\":\"fr-FR\",\"potentialAction\":[{\"@type\":\"CommentAction\",\"name\":\"Comment\",\"target\":[\"https:\/\/228news.tg\/index.php\/2018\/12\/31\/st-eloi-une-histoire-damour-voit-le-jour-entre-la-vallee-des-metiers-de-beaute-et-larmee-de-lair-togolaise-2\/#respond\"]}]},{\"@type\":\"WebPage\",\"@id\":\"https:\/\/228news.tg\/index.php\/2018\/12\/31\/st-eloi-une-histoire-damour-voit-le-jour-entre-la-vallee-des-metiers-de-beaute-et-larmee-de-lair-togolaise-2\/\",\"url\":\"https:\/\/228news.tg\/index.php\/2018\/12\/31\/st-eloi-une-histoire-damour-voit-le-jour-entre-la-vallee-des-metiers-de-beaute-et-larmee-de-lair-togolaise-2\/\",\"name\":\"St Eloi\u00a0: Une histoire d\u2019amour voit le jour entre la Vall\u00e9e des M\u00e9tiers de beaut\u00e9 et l\u2019arm\u00e9e de l\u2019air togolaise - 228 News\",\"isPartOf\":{\"@id\":\"https:\/\/228news.tg\/#website\"},\"primaryImageOfPage\":{\"@id\":\"https:\/\/228news.tg\/index.php\/2018\/12\/31\/st-eloi-une-histoire-damour-voit-le-jour-entre-la-vallee-des-metiers-de-beaute-et-larmee-de-lair-togolaise-2\/#primaryimage\"},\"image\":{\"@id\":\"https:\/\/228news.tg\/index.php\/2018\/12\/31\/st-eloi-une-histoire-damour-voit-le-jour-entre-la-vallee-des-metiers-de-beaute-et-larmee-de-lair-togolaise-2\/#primaryimage\"},\"thumbnailUrl\":\"\",\"datePublished\":\"2018-12-31T07:04:00+00:00\",\"breadcrumb\":{\"@id\":\"https:\/\/228news.tg\/index.php\/2018\/12\/31\/st-eloi-une-histoire-damour-voit-le-jour-entre-la-vallee-des-metiers-de-beaute-et-larmee-de-lair-togolaise-2\/#breadcrumb\"},\"inLanguage\":\"fr-FR\",\"potentialAction\":[{\"@type\":\"ReadAction\",\"target\":[\"https:\/\/228news.tg\/index.php\/2018\/12\/31\/st-eloi-une-histoire-damour-voit-le-jour-entre-la-vallee-des-metiers-de-beaute-et-larmee-de-lair-togolaise-2\/\"]}]},{\"@type\":\"ImageObject\",\"inLanguage\":\"fr-FR\",\"@id\":\"https:\/\/228news.tg\/index.php\/2018\/12\/31\/st-eloi-une-histoire-damour-voit-le-jour-entre-la-vallee-des-metiers-de-beaute-et-larmee-de-lair-togolaise-2\/#primaryimage\",\"url\":\"\",\"contentUrl\":\"\"},{\"@type\":\"BreadcrumbList\",\"@id\":\"https:\/\/228news.tg\/index.php\/2018\/12\/31\/st-eloi-une-histoire-damour-voit-le-jour-entre-la-vallee-des-metiers-de-beaute-et-larmee-de-lair-togolaise-2\/#breadcrumb\",\"itemListElement\":[{\"@type\":\"ListItem\",\"position\":1,\"name\":\"Home\",\"item\":\"https:\/\/228news.tg\/\"},{\"@type\":\"ListItem\",\"position\":2,\"name\":\"St Eloi\u00a0: Une histoire d\u2019amour voit le jour entre la Vall\u00e9e des M\u00e9tiers de beaut\u00e9 et l\u2019arm\u00e9e de l\u2019air togolaise\"}]},{\"@type\":\"WebSite\",\"@id\":\"https:\/\/228news.tg\/#website\",\"url\":\"https:\/\/228news.tg\/\",\"name\":\"228 News\",\"description\":\"Soci\u00e9t\u00e9 de m\u00e9dias et d\u2019actualit\u00e9s\",\"publisher\":{\"@id\":\"https:\/\/228news.tg\/#organization\"},\"potentialAction\":[{\"@type\":\"SearchAction\",\"target\":{\"@type\":\"EntryPoint\",\"urlTemplate\":\"https:\/\/228news.tg\/?s={search_term_string}\"},\"query-input\":{\"@type\":\"PropertyValueSpecification\",\"valueRequired\":true,\"valueName\":\"search_term_string\"}}],\"inLanguage\":\"fr-FR\"},{\"@type\":\"Organization\",\"@id\":\"https:\/\/228news.tg\/#organization\",\"name\":\"228 News\",\"url\":\"https:\/\/228news.tg\/\",\"logo\":{\"@type\":\"ImageObject\",\"inLanguage\":\"fr-FR\",\"@id\":\"https:\/\/228news.tg\/#\/schema\/logo\/image\/\",\"url\":\"https:\/\/228news.tg\/wp-content\/uploads\/2024\/09\/logonew.png\",\"contentUrl\":\"https:\/\/228news.tg\/wp-content\/uploads\/2024\/09\/logonew.png\",\"width\":1640,\"height\":364,\"caption\":\"228 News\"},\"image\":{\"@id\":\"https:\/\/228news.tg\/#\/schema\/logo\/image\/\"}},{\"@type\":\"Person\",\"@id\":\"https:\/\/228news.tg\/#\/schema\/person\/68d5a6cc0230290e61235c8379523f52\",\"name\":\"Bienvenu SAVI\",\"image\":{\"@type\":\"ImageObject\",\"inLanguage\":\"fr-FR\",\"@id\":\"https:\/\/228news.tg\/#\/schema\/person\/image\/\",\"url\":\"https:\/\/secure.gravatar.com\/avatar\/9db91895c559e510509c33a3e9683998458e9b828fac36d5d1aa23f0f2fd369b?s=96&d=mm&r=g\",\"contentUrl\":\"https:\/\/secure.gravatar.com\/avatar\/9db91895c559e510509c33a3e9683998458e9b828fac36d5d1aa23f0f2fd369b?s=96&d=mm&r=g\",\"caption\":\"Bienvenu SAVI\"},\"url\":\"https:\/\/228news.tg\/index.php\/author\/bienvenu\/\"}]}<\/script>\n<!-- \/ Yoast SEO plugin. -->","yoast_head_json":{"title":"St Eloi\u00a0: Une histoire d\u2019amour voit le jour entre la Vall\u00e9e des M\u00e9tiers de beaut\u00e9 et l\u2019arm\u00e9e de l\u2019air togolaise - 228 News","robots":{"index":"index","follow":"follow","max-snippet":"max-snippet:-1","max-image-preview":"max-image-preview:large","max-video-preview":"max-video-preview:-1"},"canonical":"https:\/\/228news.tg\/index.php\/2018\/12\/31\/st-eloi-une-histoire-damour-voit-le-jour-entre-la-vallee-des-metiers-de-beaute-et-larmee-de-lair-togolaise-2\/","og_locale":"fr_FR","og_type":"article","og_title":"St Eloi\u00a0: Une histoire d\u2019amour voit le jour entre la Vall\u00e9e des M\u00e9tiers de beaut\u00e9 et l\u2019arm\u00e9e de l\u2019air togolaise - 228 News","og_description":"(228NEWS\/ Lom\u00e9, le 31 d\u00e9cembre 2018)- La c\u00e9l\u00e9bration de la f\u00eate de la saint Eloi, \u00e0 l\u2019\u00e9tat-major de l\u2019arm\u00e9e de l\u2019air ce samedi 29 d\u00e9cembre 2018 a accouch\u00e9 d\u2019une union entre la Vall\u00e9e des M\u00e9tiers de beaut\u00e9 (VMB) et les hommes des casernes. Cela s\u2019est mat\u00e9rialis\u00e9 par la remises des prix d\u2019excellence aux meilleurs pilotes ... Lire la suite","og_url":"https:\/\/228news.tg\/index.php\/2018\/12\/31\/st-eloi-une-histoire-damour-voit-le-jour-entre-la-vallee-des-metiers-de-beaute-et-larmee-de-lair-togolaise-2\/","og_site_name":"228 News","article_published_time":"2018-12-31T07:04:00+00:00","og_image":[{"url":"http:\/\/localhost\/site\/228news\/wp-content\/uploads\/2018\/12\/photo_2018-12-30_08-57-44-300x225.jpg","type":"","width":"","height":""}],"author":"Bienvenu SAVI","twitter_card":"summary_large_image","twitter_misc":{"\u00c9crit par":"Bienvenu SAVI","Dur\u00e9e de lecture estim\u00e9e":"3 minutes"},"schema":{"@context":"https:\/\/schema.org","@graph":[{"@type":"Article","@id":"https:\/\/228news.tg\/index.php\/2018\/12\/31\/st-eloi-une-histoire-damour-voit-le-jour-entre-la-vallee-des-metiers-de-beaute-et-larmee-de-lair-togolaise-2\/#article","isPartOf":{"@id":"https:\/\/228news.tg\/index.php\/2018\/12\/31\/st-eloi-une-histoire-damour-voit-le-jour-entre-la-vallee-des-metiers-de-beaute-et-larmee-de-lair-togolaise-2\/"},"author":{"name":"Bienvenu SAVI","@id":"https:\/\/228news.tg\/#\/schema\/person\/68d5a6cc0230290e61235c8379523f52"},"headline":"St Eloi\u00a0: Une histoire d\u2019amour voit le jour entre la Vall\u00e9e des M\u00e9tiers de beaut\u00e9 et l\u2019arm\u00e9e de l\u2019air togolaise","datePublished":"2018-12-31T07:04:00+00:00","mainEntityOfPage":{"@id":"https:\/\/228news.tg\/index.php\/2018\/12\/31\/st-eloi-une-histoire-damour-voit-le-jour-entre-la-vallee-des-metiers-de-beaute-et-larmee-de-lair-togolaise-2\/"},"wordCount":668,"commentCount":0,"publisher":{"@id":"https:\/\/228news.tg\/#organization"},"image":{"@id":"https:\/\/228news.tg\/index.php\/2018\/12\/31\/st-eloi-une-histoire-damour-voit-le-jour-entre-la-vallee-des-metiers-de-beaute-et-larmee-de-lair-togolaise-2\/#primaryimage"},"thumbnailUrl":"","articleSection":["Flash","SOCIETE","TOGO","Une"],"inLanguage":"fr-FR","potentialAction":[{"@type":"CommentAction","name":"Comment","target":["https:\/\/228news.tg\/index.php\/2018\/12\/31\/st-eloi-une-histoire-damour-voit-le-jour-entre-la-vallee-des-metiers-de-beaute-et-larmee-de-lair-togolaise-2\/#respond"]}]},{"@type":"WebPage","@id":"https:\/\/228news.tg\/index.php\/2018\/12\/31\/st-eloi-une-histoire-damour-voit-le-jour-entre-la-vallee-des-metiers-de-beaute-et-larmee-de-lair-togolaise-2\/","url":"https:\/\/228news.tg\/index.php\/2018\/12\/31\/st-eloi-une-histoire-damour-voit-le-jour-entre-la-vallee-des-metiers-de-beaute-et-larmee-de-lair-togolaise-2\/","name":"St Eloi\u00a0: Une histoire d\u2019amour voit le jour entre la Vall\u00e9e des M\u00e9tiers de beaut\u00e9 et l\u2019arm\u00e9e de l\u2019air togolaise - 228 News","isPartOf":{"@id":"https:\/\/228news.tg\/#website"},"primaryImageOfPage":{"@id":"https:\/\/228news.tg\/index.php\/2018\/12\/31\/st-eloi-une-histoire-damour-voit-le-jour-entre-la-vallee-des-metiers-de-beaute-et-larmee-de-lair-togolaise-2\/#primaryimage"},"image":{"@id":"https:\/\/228news.tg\/index.php\/2018\/12\/31\/st-eloi-une-histoire-damour-voit-le-jour-entre-la-vallee-des-metiers-de-beaute-et-larmee-de-lair-togolaise-2\/#primaryimage"},"thumbnailUrl":"","datePublished":"2018-12-31T07:04:00+00:00","breadcrumb":{"@id":"https:\/\/228news.tg\/index.php\/2018\/12\/31\/st-eloi-une-histoire-damour-voit-le-jour-entre-la-vallee-des-metiers-de-beaute-et-larmee-de-lair-togolaise-2\/#breadcrumb"},"inLanguage":"fr-FR","potentialAction":[{"@type":"ReadAction","target":["https:\/\/228news.tg\/index.php\/2018\/12\/31\/st-eloi-une-histoire-damour-voit-le-jour-entre-la-vallee-des-metiers-de-beaute-et-larmee-de-lair-togolaise-2\/"]}]},{"@type":"ImageObject","inLanguage":"fr-FR","@id":"https:\/\/228news.tg\/index.php\/2018\/12\/31\/st-eloi-une-histoire-damour-voit-le-jour-entre-la-vallee-des-metiers-de-beaute-et-larmee-de-lair-togolaise-2\/#primaryimage","url":"","contentUrl":""},{"@type":"BreadcrumbList","@id":"https:\/\/228news.tg\/index.php\/2018\/12\/31\/st-eloi-une-histoire-damour-voit-le-jour-entre-la-vallee-des-metiers-de-beaute-et-larmee-de-lair-togolaise-2\/#breadcrumb","itemListElement":[{"@type":"ListItem","position":1,"name":"Home","item":"https:\/\/228news.tg\/"},{"@type":"ListItem","position":2,"name":"St Eloi\u00a0: Une histoire d\u2019amour voit le jour entre la Vall\u00e9e des M\u00e9tiers de beaut\u00e9 et l\u2019arm\u00e9e de l\u2019air togolaise"}]},{"@type":"WebSite","@id":"https:\/\/228news.tg\/#website","url":"https:\/\/228news.tg\/","name":"228 News","description":"Soci\u00e9t\u00e9 de m\u00e9dias et d\u2019actualit\u00e9s","publisher":{"@id":"https:\/\/228news.tg\/#organization"},"potentialAction":[{"@type":"SearchAction","target":{"@type":"EntryPoint","urlTemplate":"https:\/\/228news.tg\/?s={search_term_string}"},"query-input":{"@type":"PropertyValueSpecification","valueRequired":true,"valueName":"search_term_string"}}],"inLanguage":"fr-FR"},{"@type":"Organization","@id":"https:\/\/228news.tg\/#organization","name":"228 News","url":"https:\/\/228news.tg\/","logo":{"@type":"ImageObject","inLanguage":"fr-FR","@id":"https:\/\/228news.tg\/#\/schema\/logo\/image\/","url":"https:\/\/228news.tg\/wp-content\/uploads\/2024\/09\/logonew.png","contentUrl":"https:\/\/228news.tg\/wp-content\/uploads\/2024\/09\/logonew.png","width":1640,"height":364,"caption":"228 News"},"image":{"@id":"https:\/\/228news.tg\/#\/schema\/logo\/image\/"}},{"@type":"Person","@id":"https:\/\/228news.tg\/#\/schema\/person\/68d5a6cc0230290e61235c8379523f52","name":"Bienvenu SAVI","image":{"@type":"ImageObject","inLanguage":"fr-FR","@id":"https:\/\/228news.tg\/#\/schema\/person\/image\/","url":"https:\/\/secure.gravatar.com\/avatar\/9db91895c559e510509c33a3e9683998458e9b828fac36d5d1aa23f0f2fd369b?s=96&d=mm&r=g","contentUrl":"https:\/\/secure.gravatar.com\/avatar\/9db91895c559e510509c33a3e9683998458e9b828fac36d5d1aa23f0f2fd369b?s=96&d=mm&r=g","caption":"Bienvenu SAVI"},"url":"https:\/\/228news.tg\/index.php\/author\/bienvenu\/"}]}},"jetpack_featured_media_url":"","_links":{"self":[{"href":"https:\/\/228news.tg\/index.php\/wp-json\/wp\/v2\/posts\/14649","targetHints":{"allow":["GET"]}}],"collection":[{"href":"https:\/\/228news.tg\/index.php\/wp-json\/wp\/v2\/posts"}],"about":[{"href":"https:\/\/228news.tg\/index.php\/wp-json\/wp\/v2\/types\/post"}],"author":[{"embeddable":true,"href":"https:\/\/228news.tg\/index.php\/wp-json\/wp\/v2\/users\/2"}],"replies":[{"embeddable":true,"href":"https:\/\/228news.tg\/index.php\/wp-json\/wp\/v2\/comments?post=14649"}],"version-history":[{"count":0,"href":"https:\/\/228news.tg\/index.php\/wp-json\/wp\/v2\/posts\/14649\/revisions"}],"wp:featuredmedia":[{"embeddable":true,"href":"https:\/\/228news.tg\/index.php\/wp-json\/wp\/v2\/posts\/3717"}],"wp:attachment":[{"href":"https:\/\/228news.tg\/index.php\/wp-json\/wp\/v2\/media?parent=14649"}],"wp:term":[{"taxonomy":"category","embeddable":true,"href":"https:\/\/228news.tg\/index.php\/wp-json\/wp\/v2\/categories?post=14649"},{"taxonomy":"post_tag","embeddable":true,"href":"https:\/\/228news.tg\/index.php\/wp-json\/wp\/v2\/tags?post=14649"}],"curies":[{"name":"wp","href":"https:\/\/api.w.org\/{rel}","templated":true}]}}