{"id":14641,"date":"2018-12-16T07:10:08","date_gmt":"2018-12-16T07:10:08","guid":{"rendered":"http:\/\/localhost\/site\/228news\/?p=3673"},"modified":"2018-12-16T07:10:08","modified_gmt":"2018-12-16T07:10:08","slug":"vendredi-de-la-fiscalite-les-reamenagements-du-calendrier-fiscal-pour-la-nouvelle-annee-au-coeur-des-travaux-2","status":"publish","type":"post","link":"https:\/\/228news.tg\/index.php\/2018\/12\/16\/vendredi-de-la-fiscalite-les-reamenagements-du-calendrier-fiscal-pour-la-nouvelle-annee-au-coeur-des-travaux-2\/","title":{"rendered":"Vendredi de la fiscalit\u00e9: Les r\u00e9am\u00e9nagements du calendrier fiscal pour la nouvelle ann\u00e9e au c\u0153ur des travaux"},"content":{"rendered":"<p>(228NEWS\/ Lom\u00e9, le 16 d\u00e9cembre 2018)- Le vendredi de la fiscalit\u00e9 s&rsquo;est poursuivi ce 14 d\u00e9cembre 2018 \u00e0 la Chambre du Commerce et de l\u2019Industrie du Togo entre les journalistes de l&rsquo;association Journalistes en Mission pour le D\u00e9veloppement (JMD) les experts du Cabinet d&rsquo;Expertise et de Conseil Fiscal (CAECO-FISC).<\/p>\n<p>Au menu ,\u00a0le calendrier fiscal\u00a0 dans sa nouvelle version et qui prendra effet \u00e0 compter du 1<sup>er<\/sup> janvier 2019, au regard des modifications intervenues dans la loi de finances vot\u00e9e \u00e0 l&rsquo;assembl\u00e9e nationale le 07 novembre dernier.<\/p>\n<p>Dans sa communication,\u00a0 le doyen Tiadji\u00e9ri Zimbiri, expert fiscaliste a impr\u00e9gn\u00e9 les hommes de m\u00e9dias sur les nouvelles modifications intervenues dans la loi des finances pour l\u2019exercice 2019 en mati\u00e8re de fiscalit\u00e9. Adopt\u00e9e \u00e0 l\u2019Assembl\u00e9e nationale togolaise le 07 novembre 2018, cette loi qui entre en vigueur le 1<sup>er<\/sup> janvier 2019 a consacr\u00e9 de profondes mutations fiscales.\u00a0<img fetchpriority=\"high\" decoding=\"async\" class=\"alignnone size-medium wp-image-3675 alignright\" src=\"http:\/\/localhost\/site\/228news\/wp-content\/uploads\/2018\/12\/photo_2018-12-14_17-53-43-285x300.jpg\" alt=\"\" width=\"285\" height=\"300\" \/><\/p>\n<p>Il s\u2019agit entre autres\u00a0 de la suppression de certains imp\u00f4ts et taxes, la fusion d\u2019autres, la r\u00e9duction de certains taux d\u2019imposition,\u2026 De ce fait, la taxe sur les v\u00e9hicules de soci\u00e9t\u00e9, la taxe sur salaire, la taxe compl\u00e9mentaire sur salaire, la taxe compl\u00e9mentaire sur \u00e0 l\u2019imp\u00f4t sur le revenu, la taxe sp\u00e9ciale sur la fabrication et le commerce des boissons, la surtaxe fonci\u00e8re sur les propri\u00e9t\u00e9s insuffisamment b\u00e2ties seront supprim\u00e9es.<\/p>\n<p>Sur le contribuable, ces mesures auront une majeure incidence sur leur quotidien ainsi que dans le monde des affaires, en ce qu\u2019elles constituent des mesures d\u2019incitation \u00e0 l\u2019emploi, d\u2019\u00e9quit\u00e9 sociale dans la mesure o\u00f9 les faibles revenus ne seront plus tax\u00e9s \u00e0 un certain niveau, a relev\u00e9 le doyen Tiadji\u00e9ri. Certes l\u2019Etat va perdre sur le recouvrement de certaines recettes, mais cela sera \u00e0 coup s\u00fbr r\u00e9percut\u00e9 sur la consommation qui va augmenter, les emplois qui seront cr\u00e9\u00e9s limitant ainsi les fl\u00e9aux sociaux tels la prostitution, les braquages,\u2026<\/p>\n<p>Pour sa part, Adnalap\u00e9 Lolonyo, Directeur G\u00e9n\u00e9ral du CAECO-FISC a relev\u00e9 que le taux de l\u2019imp\u00f4t sur les soci\u00e9t\u00e9s (IS) qui \u00e9tait de 28% revient \u00e0 27 % tandis qu\u2019un m\u00e9canisme de remboursement du cr\u00e9dit de la taxe sur la valeur ajout\u00e9e (TVA) sera mis en \u0153uvre.\u00a0 Pour finir, une fiscalit\u00e9 synth\u00e9tique plus ouverte au profit des petites et moyennes entreprises et les personnes \u00e0 faible revenu sera introduite dans le syst\u00e8me fiscal togolais en 2019.<\/p>\n<p><img decoding=\"async\" class=\"alignnone size-medium wp-image-3676 alignleft\" src=\"http:\/\/localhost\/site\/228news\/wp-content\/uploads\/2018\/12\/photo_2018-12-14_17-54-08-300x181.jpg\" alt=\"\" width=\"300\" height=\"181\" \/>Les obligations de d\u00e9clarations comme celles de paiement ont \u00e9galement subi des modifications profondes. Mati\u00e8re plus ou moins complexe, le doyen a donc recommand\u00e9 aux op\u00e9rateurs \u00e9conomiques de s\u2019approcher de l\u2019Office Togolais des recettes (OTR) ou d\u2019un cabinet de conseil fiscal afin de mieux se rendre compte des changements intervenus dans cette loi fiscale pour se faire une id\u00e9e de la dynamique \u00e0 adopter dans leurs entreprises.<\/p>\n<p>Le dernier acte de l\u2019ann\u00e9e du vendredi de la fiscalit\u00e9 est fix\u00e9 au 28 d\u00e9cembre prochain, s\u00e9ance qui sera exclusivement consacr\u00e9e \u00e0 un bilan annuel des activit\u00e9s du vendredi de la fiscalit\u00e9.<\/p>\n<p><strong><em>D\u00e9mocrate<\/em><\/strong><\/p>\n<p><strong><em>(00228) 91 85 40 14<\/em><\/strong><\/p>\n<p><strong><em>98 60 67 687<\/em><\/strong><\/p>\n<p><strong><em>democrate2010@gmail.com<\/em><\/strong><\/p>\n","protected":false},"excerpt":{"rendered":"<p>(228NEWS\/ Lom\u00e9, le 16 d\u00e9cembre 2018)- Le vendredi de la fiscalit\u00e9 s&rsquo;est poursuivi ce 14 d\u00e9cembre 2018 \u00e0 la Chambre du Commerce et de l\u2019Industrie du Togo entre les journalistes de l&rsquo;association Journalistes en Mission pour le D\u00e9veloppement (JMD) les experts du Cabinet d&rsquo;Expertise et de Conseil Fiscal (CAECO-FISC). Au menu ,\u00a0le calendrier fiscal\u00a0 dans &#8230; <a title=\"Vendredi de la fiscalit\u00e9: Les r\u00e9am\u00e9nagements du calendrier fiscal pour la nouvelle ann\u00e9e au c\u0153ur des travaux\" class=\"read-more\" href=\"https:\/\/228news.tg\/index.php\/2018\/12\/16\/vendredi-de-la-fiscalite-les-reamenagements-du-calendrier-fiscal-pour-la-nouvelle-annee-au-coeur-des-travaux-2\/\" aria-label=\"En savoir plus sur Vendredi de la fiscalit\u00e9: Les r\u00e9am\u00e9nagements du calendrier fiscal pour la nouvelle ann\u00e9e au c\u0153ur des travaux\">Lire la suite<\/a><\/p>\n","protected":false},"author":2,"featured_media":3680,"comment_status":"open","ping_status":"open","sticky":false,"template":"","format":"chat","meta":{"footnotes":""},"categories":[28,35,25,34],"tags":[],"class_list":["post-14641","post","type-post","status-publish","format-chat","has-post-thumbnail","hentry","category-education","category-flash","category-togo","category-une","post_format-post-format-chat"],"yoast_head":"<!-- This site is optimized with the Yoast SEO plugin v26.4 - https:\/\/yoast.com\/wordpress\/plugins\/seo\/ -->\n<title>Vendredi de la fiscalit\u00e9: Les r\u00e9am\u00e9nagements du calendrier fiscal pour la nouvelle ann\u00e9e au c\u0153ur des travaux - 228 News<\/title>\n<meta name=\"robots\" content=\"index, follow, max-snippet:-1, max-image-preview:large, max-video-preview:-1\" \/>\n<link rel=\"canonical\" href=\"https:\/\/228news.tg\/index.php\/2018\/12\/16\/vendredi-de-la-fiscalite-les-reamenagements-du-calendrier-fiscal-pour-la-nouvelle-annee-au-coeur-des-travaux-2\/\" \/>\n<meta property=\"og:locale\" content=\"fr_FR\" \/>\n<meta property=\"og:type\" content=\"article\" \/>\n<meta property=\"og:title\" content=\"Vendredi de la fiscalit\u00e9: Les r\u00e9am\u00e9nagements du calendrier fiscal pour la nouvelle ann\u00e9e au c\u0153ur des travaux - 228 News\" \/>\n<meta property=\"og:description\" content=\"(228NEWS\/ Lom\u00e9, le 16 d\u00e9cembre 2018)- Le vendredi de la fiscalit\u00e9 s&rsquo;est poursuivi ce 14 d\u00e9cembre 2018 \u00e0 la Chambre du Commerce et de l\u2019Industrie du Togo entre les journalistes de l&rsquo;association Journalistes en Mission pour le D\u00e9veloppement (JMD) les experts du Cabinet d&rsquo;Expertise et de Conseil Fiscal (CAECO-FISC). Au menu ,\u00a0le calendrier fiscal\u00a0 dans ... Lire la suite\" \/>\n<meta property=\"og:url\" content=\"https:\/\/228news.tg\/index.php\/2018\/12\/16\/vendredi-de-la-fiscalite-les-reamenagements-du-calendrier-fiscal-pour-la-nouvelle-annee-au-coeur-des-travaux-2\/\" \/>\n<meta property=\"og:site_name\" content=\"228 News\" \/>\n<meta property=\"article:published_time\" content=\"2018-12-16T07:10:08+00:00\" \/>\n<meta property=\"og:image\" content=\"http:\/\/localhost\/site\/228news\/wp-content\/uploads\/2018\/12\/photo_2018-12-14_17-53-43-285x300.jpg\" \/>\n<meta name=\"author\" content=\"Bienvenu SAVI\" \/>\n<meta name=\"twitter:card\" content=\"summary_large_image\" \/>\n<meta name=\"twitter:label1\" content=\"\u00c9crit par\" \/>\n\t<meta name=\"twitter:data1\" content=\"Bienvenu SAVI\" \/>\n\t<meta name=\"twitter:label2\" content=\"Dur\u00e9e de lecture estim\u00e9e\" \/>\n\t<meta name=\"twitter:data2\" content=\"3 minutes\" \/>\n<script type=\"application\/ld+json\" class=\"yoast-schema-graph\">{\"@context\":\"https:\/\/schema.org\",\"@graph\":[{\"@type\":\"Article\",\"@id\":\"https:\/\/228news.tg\/index.php\/2018\/12\/16\/vendredi-de-la-fiscalite-les-reamenagements-du-calendrier-fiscal-pour-la-nouvelle-annee-au-coeur-des-travaux-2\/#article\",\"isPartOf\":{\"@id\":\"https:\/\/228news.tg\/index.php\/2018\/12\/16\/vendredi-de-la-fiscalite-les-reamenagements-du-calendrier-fiscal-pour-la-nouvelle-annee-au-coeur-des-travaux-2\/\"},\"author\":{\"name\":\"Bienvenu SAVI\",\"@id\":\"https:\/\/228news.tg\/#\/schema\/person\/68d5a6cc0230290e61235c8379523f52\"},\"headline\":\"Vendredi de la fiscalit\u00e9: Les r\u00e9am\u00e9nagements du calendrier fiscal pour la nouvelle ann\u00e9e au c\u0153ur des travaux\",\"datePublished\":\"2018-12-16T07:10:08+00:00\",\"mainEntityOfPage\":{\"@id\":\"https:\/\/228news.tg\/index.php\/2018\/12\/16\/vendredi-de-la-fiscalite-les-reamenagements-du-calendrier-fiscal-pour-la-nouvelle-annee-au-coeur-des-travaux-2\/\"},\"wordCount\":547,\"commentCount\":0,\"publisher\":{\"@id\":\"https:\/\/228news.tg\/#organization\"},\"image\":{\"@id\":\"https:\/\/228news.tg\/index.php\/2018\/12\/16\/vendredi-de-la-fiscalite-les-reamenagements-du-calendrier-fiscal-pour-la-nouvelle-annee-au-coeur-des-travaux-2\/#primaryimage\"},\"thumbnailUrl\":\"\",\"articleSection\":[\"EDUCATION\",\"Flash\",\"TOGO\",\"Une\"],\"inLanguage\":\"fr-FR\",\"potentialAction\":[{\"@type\":\"CommentAction\",\"name\":\"Comment\",\"target\":[\"https:\/\/228news.tg\/index.php\/2018\/12\/16\/vendredi-de-la-fiscalite-les-reamenagements-du-calendrier-fiscal-pour-la-nouvelle-annee-au-coeur-des-travaux-2\/#respond\"]}]},{\"@type\":\"WebPage\",\"@id\":\"https:\/\/228news.tg\/index.php\/2018\/12\/16\/vendredi-de-la-fiscalite-les-reamenagements-du-calendrier-fiscal-pour-la-nouvelle-annee-au-coeur-des-travaux-2\/\",\"url\":\"https:\/\/228news.tg\/index.php\/2018\/12\/16\/vendredi-de-la-fiscalite-les-reamenagements-du-calendrier-fiscal-pour-la-nouvelle-annee-au-coeur-des-travaux-2\/\",\"name\":\"Vendredi de la fiscalit\u00e9: Les r\u00e9am\u00e9nagements du calendrier fiscal pour la nouvelle ann\u00e9e au c\u0153ur des travaux - 228 News\",\"isPartOf\":{\"@id\":\"https:\/\/228news.tg\/#website\"},\"primaryImageOfPage\":{\"@id\":\"https:\/\/228news.tg\/index.php\/2018\/12\/16\/vendredi-de-la-fiscalite-les-reamenagements-du-calendrier-fiscal-pour-la-nouvelle-annee-au-coeur-des-travaux-2\/#primaryimage\"},\"image\":{\"@id\":\"https:\/\/228news.tg\/index.php\/2018\/12\/16\/vendredi-de-la-fiscalite-les-reamenagements-du-calendrier-fiscal-pour-la-nouvelle-annee-au-coeur-des-travaux-2\/#primaryimage\"},\"thumbnailUrl\":\"\",\"datePublished\":\"2018-12-16T07:10:08+00:00\",\"breadcrumb\":{\"@id\":\"https:\/\/228news.tg\/index.php\/2018\/12\/16\/vendredi-de-la-fiscalite-les-reamenagements-du-calendrier-fiscal-pour-la-nouvelle-annee-au-coeur-des-travaux-2\/#breadcrumb\"},\"inLanguage\":\"fr-FR\",\"potentialAction\":[{\"@type\":\"ReadAction\",\"target\":[\"https:\/\/228news.tg\/index.php\/2018\/12\/16\/vendredi-de-la-fiscalite-les-reamenagements-du-calendrier-fiscal-pour-la-nouvelle-annee-au-coeur-des-travaux-2\/\"]}]},{\"@type\":\"ImageObject\",\"inLanguage\":\"fr-FR\",\"@id\":\"https:\/\/228news.tg\/index.php\/2018\/12\/16\/vendredi-de-la-fiscalite-les-reamenagements-du-calendrier-fiscal-pour-la-nouvelle-annee-au-coeur-des-travaux-2\/#primaryimage\",\"url\":\"\",\"contentUrl\":\"\"},{\"@type\":\"BreadcrumbList\",\"@id\":\"https:\/\/228news.tg\/index.php\/2018\/12\/16\/vendredi-de-la-fiscalite-les-reamenagements-du-calendrier-fiscal-pour-la-nouvelle-annee-au-coeur-des-travaux-2\/#breadcrumb\",\"itemListElement\":[{\"@type\":\"ListItem\",\"position\":1,\"name\":\"Home\",\"item\":\"https:\/\/228news.tg\/\"},{\"@type\":\"ListItem\",\"position\":2,\"name\":\"Vendredi de la fiscalit\u00e9: Les r\u00e9am\u00e9nagements du calendrier fiscal pour la nouvelle ann\u00e9e au c\u0153ur des travaux\"}]},{\"@type\":\"WebSite\",\"@id\":\"https:\/\/228news.tg\/#website\",\"url\":\"https:\/\/228news.tg\/\",\"name\":\"228 News\",\"description\":\"Soci\u00e9t\u00e9 de m\u00e9dias et d\u2019actualit\u00e9s\",\"publisher\":{\"@id\":\"https:\/\/228news.tg\/#organization\"},\"potentialAction\":[{\"@type\":\"SearchAction\",\"target\":{\"@type\":\"EntryPoint\",\"urlTemplate\":\"https:\/\/228news.tg\/?s={search_term_string}\"},\"query-input\":{\"@type\":\"PropertyValueSpecification\",\"valueRequired\":true,\"valueName\":\"search_term_string\"}}],\"inLanguage\":\"fr-FR\"},{\"@type\":\"Organization\",\"@id\":\"https:\/\/228news.tg\/#organization\",\"name\":\"228 News\",\"url\":\"https:\/\/228news.tg\/\",\"logo\":{\"@type\":\"ImageObject\",\"inLanguage\":\"fr-FR\",\"@id\":\"https:\/\/228news.tg\/#\/schema\/logo\/image\/\",\"url\":\"https:\/\/228news.tg\/wp-content\/uploads\/2024\/09\/logonew.png\",\"contentUrl\":\"https:\/\/228news.tg\/wp-content\/uploads\/2024\/09\/logonew.png\",\"width\":1640,\"height\":364,\"caption\":\"228 News\"},\"image\":{\"@id\":\"https:\/\/228news.tg\/#\/schema\/logo\/image\/\"}},{\"@type\":\"Person\",\"@id\":\"https:\/\/228news.tg\/#\/schema\/person\/68d5a6cc0230290e61235c8379523f52\",\"name\":\"Bienvenu SAVI\",\"image\":{\"@type\":\"ImageObject\",\"inLanguage\":\"fr-FR\",\"@id\":\"https:\/\/228news.tg\/#\/schema\/person\/image\/\",\"url\":\"https:\/\/secure.gravatar.com\/avatar\/9db91895c559e510509c33a3e9683998458e9b828fac36d5d1aa23f0f2fd369b?s=96&d=mm&r=g\",\"contentUrl\":\"https:\/\/secure.gravatar.com\/avatar\/9db91895c559e510509c33a3e9683998458e9b828fac36d5d1aa23f0f2fd369b?s=96&d=mm&r=g\",\"caption\":\"Bienvenu SAVI\"},\"url\":\"https:\/\/228news.tg\/index.php\/author\/bienvenu\/\"}]}<\/script>\n<!-- \/ Yoast SEO plugin. -->","yoast_head_json":{"title":"Vendredi de la fiscalit\u00e9: Les r\u00e9am\u00e9nagements du calendrier fiscal pour la nouvelle ann\u00e9e au c\u0153ur des travaux - 228 News","robots":{"index":"index","follow":"follow","max-snippet":"max-snippet:-1","max-image-preview":"max-image-preview:large","max-video-preview":"max-video-preview:-1"},"canonical":"https:\/\/228news.tg\/index.php\/2018\/12\/16\/vendredi-de-la-fiscalite-les-reamenagements-du-calendrier-fiscal-pour-la-nouvelle-annee-au-coeur-des-travaux-2\/","og_locale":"fr_FR","og_type":"article","og_title":"Vendredi de la fiscalit\u00e9: Les r\u00e9am\u00e9nagements du calendrier fiscal pour la nouvelle ann\u00e9e au c\u0153ur des travaux - 228 News","og_description":"(228NEWS\/ Lom\u00e9, le 16 d\u00e9cembre 2018)- Le vendredi de la fiscalit\u00e9 s&rsquo;est poursuivi ce 14 d\u00e9cembre 2018 \u00e0 la Chambre du Commerce et de l\u2019Industrie du Togo entre les journalistes de l&rsquo;association Journalistes en Mission pour le D\u00e9veloppement (JMD) les experts du Cabinet d&rsquo;Expertise et de Conseil Fiscal (CAECO-FISC). Au menu ,\u00a0le calendrier fiscal\u00a0 dans ... Lire la suite","og_url":"https:\/\/228news.tg\/index.php\/2018\/12\/16\/vendredi-de-la-fiscalite-les-reamenagements-du-calendrier-fiscal-pour-la-nouvelle-annee-au-coeur-des-travaux-2\/","og_site_name":"228 News","article_published_time":"2018-12-16T07:10:08+00:00","og_image":[{"url":"http:\/\/localhost\/site\/228news\/wp-content\/uploads\/2018\/12\/photo_2018-12-14_17-53-43-285x300.jpg","type":"","width":"","height":""}],"author":"Bienvenu SAVI","twitter_card":"summary_large_image","twitter_misc":{"\u00c9crit par":"Bienvenu SAVI","Dur\u00e9e de lecture estim\u00e9e":"3 minutes"},"schema":{"@context":"https:\/\/schema.org","@graph":[{"@type":"Article","@id":"https:\/\/228news.tg\/index.php\/2018\/12\/16\/vendredi-de-la-fiscalite-les-reamenagements-du-calendrier-fiscal-pour-la-nouvelle-annee-au-coeur-des-travaux-2\/#article","isPartOf":{"@id":"https:\/\/228news.tg\/index.php\/2018\/12\/16\/vendredi-de-la-fiscalite-les-reamenagements-du-calendrier-fiscal-pour-la-nouvelle-annee-au-coeur-des-travaux-2\/"},"author":{"name":"Bienvenu SAVI","@id":"https:\/\/228news.tg\/#\/schema\/person\/68d5a6cc0230290e61235c8379523f52"},"headline":"Vendredi de la fiscalit\u00e9: Les r\u00e9am\u00e9nagements du calendrier fiscal pour la nouvelle ann\u00e9e au c\u0153ur des travaux","datePublished":"2018-12-16T07:10:08+00:00","mainEntityOfPage":{"@id":"https:\/\/228news.tg\/index.php\/2018\/12\/16\/vendredi-de-la-fiscalite-les-reamenagements-du-calendrier-fiscal-pour-la-nouvelle-annee-au-coeur-des-travaux-2\/"},"wordCount":547,"commentCount":0,"publisher":{"@id":"https:\/\/228news.tg\/#organization"},"image":{"@id":"https:\/\/228news.tg\/index.php\/2018\/12\/16\/vendredi-de-la-fiscalite-les-reamenagements-du-calendrier-fiscal-pour-la-nouvelle-annee-au-coeur-des-travaux-2\/#primaryimage"},"thumbnailUrl":"","articleSection":["EDUCATION","Flash","TOGO","Une"],"inLanguage":"fr-FR","potentialAction":[{"@type":"CommentAction","name":"Comment","target":["https:\/\/228news.tg\/index.php\/2018\/12\/16\/vendredi-de-la-fiscalite-les-reamenagements-du-calendrier-fiscal-pour-la-nouvelle-annee-au-coeur-des-travaux-2\/#respond"]}]},{"@type":"WebPage","@id":"https:\/\/228news.tg\/index.php\/2018\/12\/16\/vendredi-de-la-fiscalite-les-reamenagements-du-calendrier-fiscal-pour-la-nouvelle-annee-au-coeur-des-travaux-2\/","url":"https:\/\/228news.tg\/index.php\/2018\/12\/16\/vendredi-de-la-fiscalite-les-reamenagements-du-calendrier-fiscal-pour-la-nouvelle-annee-au-coeur-des-travaux-2\/","name":"Vendredi de la fiscalit\u00e9: Les r\u00e9am\u00e9nagements du calendrier fiscal pour la nouvelle ann\u00e9e au c\u0153ur des travaux - 228 News","isPartOf":{"@id":"https:\/\/228news.tg\/#website"},"primaryImageOfPage":{"@id":"https:\/\/228news.tg\/index.php\/2018\/12\/16\/vendredi-de-la-fiscalite-les-reamenagements-du-calendrier-fiscal-pour-la-nouvelle-annee-au-coeur-des-travaux-2\/#primaryimage"},"image":{"@id":"https:\/\/228news.tg\/index.php\/2018\/12\/16\/vendredi-de-la-fiscalite-les-reamenagements-du-calendrier-fiscal-pour-la-nouvelle-annee-au-coeur-des-travaux-2\/#primaryimage"},"thumbnailUrl":"","datePublished":"2018-12-16T07:10:08+00:00","breadcrumb":{"@id":"https:\/\/228news.tg\/index.php\/2018\/12\/16\/vendredi-de-la-fiscalite-les-reamenagements-du-calendrier-fiscal-pour-la-nouvelle-annee-au-coeur-des-travaux-2\/#breadcrumb"},"inLanguage":"fr-FR","potentialAction":[{"@type":"ReadAction","target":["https:\/\/228news.tg\/index.php\/2018\/12\/16\/vendredi-de-la-fiscalite-les-reamenagements-du-calendrier-fiscal-pour-la-nouvelle-annee-au-coeur-des-travaux-2\/"]}]},{"@type":"ImageObject","inLanguage":"fr-FR","@id":"https:\/\/228news.tg\/index.php\/2018\/12\/16\/vendredi-de-la-fiscalite-les-reamenagements-du-calendrier-fiscal-pour-la-nouvelle-annee-au-coeur-des-travaux-2\/#primaryimage","url":"","contentUrl":""},{"@type":"BreadcrumbList","@id":"https:\/\/228news.tg\/index.php\/2018\/12\/16\/vendredi-de-la-fiscalite-les-reamenagements-du-calendrier-fiscal-pour-la-nouvelle-annee-au-coeur-des-travaux-2\/#breadcrumb","itemListElement":[{"@type":"ListItem","position":1,"name":"Home","item":"https:\/\/228news.tg\/"},{"@type":"ListItem","position":2,"name":"Vendredi de la fiscalit\u00e9: Les r\u00e9am\u00e9nagements du calendrier fiscal pour la nouvelle ann\u00e9e au c\u0153ur des travaux"}]},{"@type":"WebSite","@id":"https:\/\/228news.tg\/#website","url":"https:\/\/228news.tg\/","name":"228 News","description":"Soci\u00e9t\u00e9 de m\u00e9dias et d\u2019actualit\u00e9s","publisher":{"@id":"https:\/\/228news.tg\/#organization"},"potentialAction":[{"@type":"SearchAction","target":{"@type":"EntryPoint","urlTemplate":"https:\/\/228news.tg\/?s={search_term_string}"},"query-input":{"@type":"PropertyValueSpecification","valueRequired":true,"valueName":"search_term_string"}}],"inLanguage":"fr-FR"},{"@type":"Organization","@id":"https:\/\/228news.tg\/#organization","name":"228 News","url":"https:\/\/228news.tg\/","logo":{"@type":"ImageObject","inLanguage":"fr-FR","@id":"https:\/\/228news.tg\/#\/schema\/logo\/image\/","url":"https:\/\/228news.tg\/wp-content\/uploads\/2024\/09\/logonew.png","contentUrl":"https:\/\/228news.tg\/wp-content\/uploads\/2024\/09\/logonew.png","width":1640,"height":364,"caption":"228 News"},"image":{"@id":"https:\/\/228news.tg\/#\/schema\/logo\/image\/"}},{"@type":"Person","@id":"https:\/\/228news.tg\/#\/schema\/person\/68d5a6cc0230290e61235c8379523f52","name":"Bienvenu SAVI","image":{"@type":"ImageObject","inLanguage":"fr-FR","@id":"https:\/\/228news.tg\/#\/schema\/person\/image\/","url":"https:\/\/secure.gravatar.com\/avatar\/9db91895c559e510509c33a3e9683998458e9b828fac36d5d1aa23f0f2fd369b?s=96&d=mm&r=g","contentUrl":"https:\/\/secure.gravatar.com\/avatar\/9db91895c559e510509c33a3e9683998458e9b828fac36d5d1aa23f0f2fd369b?s=96&d=mm&r=g","caption":"Bienvenu SAVI"},"url":"https:\/\/228news.tg\/index.php\/author\/bienvenu\/"}]}},"jetpack_featured_media_url":"","_links":{"self":[{"href":"https:\/\/228news.tg\/index.php\/wp-json\/wp\/v2\/posts\/14641","targetHints":{"allow":["GET"]}}],"collection":[{"href":"https:\/\/228news.tg\/index.php\/wp-json\/wp\/v2\/posts"}],"about":[{"href":"https:\/\/228news.tg\/index.php\/wp-json\/wp\/v2\/types\/post"}],"author":[{"embeddable":true,"href":"https:\/\/228news.tg\/index.php\/wp-json\/wp\/v2\/users\/2"}],"replies":[{"embeddable":true,"href":"https:\/\/228news.tg\/index.php\/wp-json\/wp\/v2\/comments?post=14641"}],"version-history":[{"count":0,"href":"https:\/\/228news.tg\/index.php\/wp-json\/wp\/v2\/posts\/14641\/revisions"}],"wp:featuredmedia":[{"embeddable":true,"href":"https:\/\/228news.tg\/index.php\/wp-json\/wp\/v2\/posts\/3680"}],"wp:attachment":[{"href":"https:\/\/228news.tg\/index.php\/wp-json\/wp\/v2\/media?parent=14641"}],"wp:term":[{"taxonomy":"category","embeddable":true,"href":"https:\/\/228news.tg\/index.php\/wp-json\/wp\/v2\/categories?post=14641"},{"taxonomy":"post_tag","embeddable":true,"href":"https:\/\/228news.tg\/index.php\/wp-json\/wp\/v2\/tags?post=14641"}],"curies":[{"name":"wp","href":"https:\/\/api.w.org\/{rel}","templated":true}]}}