{"id":14636,"date":"2018-12-11T09:24:36","date_gmt":"2018-12-11T09:24:36","guid":{"rendered":"http:\/\/localhost\/site\/228news\/?p=3645"},"modified":"2018-12-11T09:24:36","modified_gmt":"2018-12-11T09:24:36","slug":"dtrf-la-formalisation-de-limmatriculation-expresse-des-vehicules-avec-diligence-une-consecration-du-principe-dequite-dans-le-service-public-2","status":"publish","type":"post","link":"https:\/\/228news.tg\/index.php\/2018\/12\/11\/dtrf-la-formalisation-de-limmatriculation-expresse-des-vehicules-avec-diligence-une-consecration-du-principe-dequite-dans-le-service-public-2\/","title":{"rendered":"DTRF\u00a0: La formalisation de l\u2019immatriculation expresse des v\u00e9hicules avec diligence, une cons\u00e9cration du principe d\u2019\u00e9quit\u00e9 dans le service public"},"content":{"rendered":"<p>(228NEWS\/ Lom\u00e9, le 11 d\u00e9cembre 2018)-\u00a0\u00ab\u00a0La Direction des Transports Routiers et Ferroviaires porte \u00e0 la connaissance des usagers que toute demande d\u2019immatriculation qui n\u00e9cessite d\u2019\u00eatre trait\u00e9e diligemment, doit d\u00e9sormais \u00eatre accompagn\u00e9e d\u2019une quittance de vingt et cinq mille (25.000) FCFA payable \u00e0 la r\u00e9gie de la DTRF. Le Directeur vous remercie pour votre bonne compr\u00e9hension.\u00a0\u00bb, telle est le contenu d\u2019une note en date du 30 novembre dernier, sortie \u00e0 la DTRF.<\/p>\n<p>Mal comprise et travestie par une partie des acteurs de la chaine de valeurs de l\u2019immatriculation, cette noble et salutaire d\u00e9cision va pourtant subir un lynchage m\u00e9diatique.<\/p>\n<p>Quand d\u2019aucuns le qualifient d\u2019une d\u00e9cision prise selon des humeurs d\u2019un tout puissant Directeur, d\u2019autres en complet d\u00e9phasage avec la r\u00e9alit\u00e9 de la mise en \u0153uvre de cette note affirment que les sous de la quittance vont directement dans la poche de ce dernier, devenu une cible d\u2019attaques tout aussi obscurs que de d\u00e9tracteurs de l\u2019ombre.<\/p>\n<p>Delato Kokou Agbokp\u00e9, Directeur des transports routiers et ferroviaires, puisque c\u2019est de lui qu\u2019il s\u2019agit n\u2019a eu d\u2019autres choix que de faire une mise au point ce lundi 10 d\u00e9cembre \u00e0 Lom\u00e9.<\/p>\n<p>Tout en appelant la presse togolaise \u00e0 plus de professionnalisme, l\u2019homme bless\u00e9 dans son amour-propre a amen\u00e9 ces derniers, une fois de plus \u00e0 l\u2019\u00e9cole de l\u2019\u00e9quilibre et de la v\u00e9rification dans le traitement et la production de l\u2019information.<\/p>\n<p>Quant \u00e0 la note cible et pol\u00e9mique, il n\u2019est rien de plus qu\u2019une r\u00e9fl\u00e9chie et scientifique d\u00e9cision visant trois objectifs majeurs\u00a0: satisfaire avec c\u00e9l\u00e9rit\u00e9 quelque soit la circonstance l\u2019usager de ce service public payant, \u00e9viter \u00e0 tout prix la corruption dans ce service complexe o\u00f9 s\u00e9vices beaucoup de rapaces et enfin \u00e9viter la frustration des usagers.<\/p>\n<p>De mani\u00e8re pratique l\u2019on doit simplement retenir ceci\u00a0: La DTRF est une composante de l&rsquo;administration qui rend un service public payant. Elle accomplie un service en temps r\u00e9el.<\/p>\n<p>Depuis quelques ann\u00e9es, avec l\u2019arriv\u00e9e de Agbokp\u00e8, cette Direction a ramen\u00e9 tous les services ext\u00e9rieurs du garage central et du CETEF au quartier g\u00e9n\u00e9ral de la SOTOPLA, afin d\u2019assurer une meilleure gestion du service.<\/p>\n<p>Suite aux r\u00e9formes d\u2019informatisation et d\u2019automatisation, une marche de s\u00e9curit\u00e9 de 72 heures pour l&rsquo;immatriculation des v\u00e9hicules peut d\u00e9sormais \u00eatre assur\u00e9e par la DTRF.<\/p>\n<p>N\u00e9anmoins, cette direction n\u2019agit pas seule dans la proc\u00e9dure et interagit avec plusieurs administrations \u00e9tatiques qui jouent \u00e9galement un r\u00f4le dans la cha\u00eene de l\u2019immatriculation.<\/p>\n<p>Aussi la dur\u00e9e normale de l\u2019immatriculation serait en moyenne de dix (10) jours \u00e0 compter du r\u00e8glement de la quittance.<\/p>\n<p>Cependant, il y a des usagers qui pour diverses raisons, font pression \u00e0 divers degr\u00e9, afin que cette dur\u00e9e normale soit rallong\u00e9e, ceci aux d\u00e9triments d\u2019autres dont les informations sont d\u00e9j\u00e0 dans la base de donn\u00e9es.<\/p>\n<p>Frustrations, actes de corruption, avec le retro commissions pour le lot de d\u00e9marcheurs autour de la chaine, composent donc la salade qui entache pour beaucoup les op\u00e9rations d\u2019immatriculation. La d\u00e9livrance du permis de conduire d\u00e9finitif et la r\u00e9servation de plaque ne sont pas en reste.<\/p>\n<p>Mettre fin \u00e0 tout cela, assurer un service de qualit\u00e9 \u00e0 tous les usagers, assurer en toute transparence, l\u00e9galit\u00e9 et l\u00e9gitim\u00e9 ces privil\u00e8ges suppl\u00e9mentaires dans le service public et surtout les tentatives de corruption des agents sont donc les raisons majeures qui ont pouss\u00e9 la direction, apr\u00e8s moult r\u00e9flexions \u00e0 sortir cette note.<\/p>\n<p>D\u00e9sormais, toute personne d\u00e9sireuse d&rsquo;avoir une immatriculation en express doit payer une quittance de 25 000 CFA \u00e0 la r\u00e9gie des transports routiers et ferroviaires tenue par une comptabilit\u00e9.<\/p>\n<p>La r\u00e9servation de num\u00e9ro de plaque d\u2019immatriculation officialis\u00e9e, est \u00e0 50\u00a0000 CFA, accompagn\u00e9e d&rsquo;une demande \u00e0 la DTRF.<\/p>\n<p>La production expresse du permis de conduire est de 5\u00a0000 FCFA.<\/p>\n<p>\u00ab\u00a0On ne travaille pas ici avec les humeurs. Les scientifiques ne travaillent pas avec les humeurs.\u00a0\u00bb, conclura tout simplement le Directeur des transports routiers et ferroviaires.<\/p>\n<p>Le principe d\u2019\u00e9galit\u00e9 et d\u2019\u00e9quit\u00e9 n\u2019aura jamais \u00e9t\u00e9 aussi respect\u00e9 dans le service public.<\/p>\n<p>La direction s\u2019est m\u00eame \u00e9quip\u00e9e de cam\u00e9ras afin de dissuader les canards boiteux. Elle a aussi con\u00e7u un application Play store, le \u00ab\u00a0DTRF Mobile\u00a0\u00bb, permettant \u00e0 tout usager de suivre en temps r\u00e9el l&rsquo;avanc\u00e9e et le traitement de son dossier une fois entr\u00e9 dans la base de donn\u00e9es, tout juste en inscrivant son num\u00e9ro de ch\u00e2ssis dans la base de donn\u00e9es de l\u2019application mobile.<\/p>\n<p>Autant d\u2019efforts et d\u2019actions qui forc\u00e9ment mettent \u00e0 mal la roublardise des personnes qui au quotidien, font de comment contourner le syst\u00e8me pour se faire de l\u2019argent, leur m\u00e9tier.<\/p>\n<p><em><strong>D\u00e9mocrate<\/strong><\/em><\/p>\n<p><em><strong>(00228) 91 85 40 14<\/strong><\/em><\/p>\n<p><em><strong>98 60 67 68<\/strong><\/em><\/p>\n<p><em><strong>democrate2010@gmail.com<\/strong><\/em><\/p>\n","protected":false},"excerpt":{"rendered":"<p>(228NEWS\/ Lom\u00e9, le 11 d\u00e9cembre 2018)-\u00a0\u00ab\u00a0La Direction des Transports Routiers et Ferroviaires porte \u00e0 la connaissance des usagers que toute demande d\u2019immatriculation qui n\u00e9cessite d\u2019\u00eatre trait\u00e9e diligemment, doit d\u00e9sormais \u00eatre accompagn\u00e9e d\u2019une quittance de vingt et cinq mille (25.000) FCFA payable \u00e0 la r\u00e9gie de la DTRF. Le Directeur vous remercie pour votre bonne compr\u00e9hension.\u00a0\u00bb, &#8230; <a title=\"DTRF\u00a0: La formalisation de l\u2019immatriculation expresse des v\u00e9hicules avec diligence, une cons\u00e9cration du principe d\u2019\u00e9quit\u00e9 dans le service public\" class=\"read-more\" href=\"https:\/\/228news.tg\/index.php\/2018\/12\/11\/dtrf-la-formalisation-de-limmatriculation-expresse-des-vehicules-avec-diligence-une-consecration-du-principe-dequite-dans-le-service-public-2\/\" aria-label=\"En savoir plus sur DTRF\u00a0: La formalisation de l\u2019immatriculation expresse des v\u00e9hicules avec diligence, une cons\u00e9cration du principe d\u2019\u00e9quit\u00e9 dans le service public\">Lire la suite<\/a><\/p>\n","protected":false},"author":2,"featured_media":3646,"comment_status":"open","ping_status":"open","sticky":false,"template":"","format":"chat","meta":{"footnotes":""},"categories":[35,29,25,34],"tags":[],"class_list":["post-14636","post","type-post","status-publish","format-chat","has-post-thumbnail","hentry","category-flash","category-societe","category-togo","category-une","post_format-post-format-chat"],"yoast_head":"<!-- This site is optimized with the Yoast SEO plugin v26.4 - https:\/\/yoast.com\/wordpress\/plugins\/seo\/ -->\n<title>DTRF\u00a0: La formalisation de l\u2019immatriculation expresse des v\u00e9hicules avec diligence, une cons\u00e9cration du principe d\u2019\u00e9quit\u00e9 dans le service public - 228 News<\/title>\n<meta name=\"robots\" content=\"index, follow, max-snippet:-1, max-image-preview:large, max-video-preview:-1\" \/>\n<link rel=\"canonical\" href=\"https:\/\/228news.tg\/index.php\/2018\/12\/11\/dtrf-la-formalisation-de-limmatriculation-expresse-des-vehicules-avec-diligence-une-consecration-du-principe-dequite-dans-le-service-public-2\/\" \/>\n<meta property=\"og:locale\" content=\"fr_FR\" \/>\n<meta property=\"og:type\" content=\"article\" \/>\n<meta property=\"og:title\" content=\"DTRF\u00a0: La formalisation de l\u2019immatriculation expresse des v\u00e9hicules avec diligence, une cons\u00e9cration du principe d\u2019\u00e9quit\u00e9 dans le service public - 228 News\" \/>\n<meta property=\"og:description\" content=\"(228NEWS\/ Lom\u00e9, le 11 d\u00e9cembre 2018)-\u00a0\u00ab\u00a0La Direction des Transports Routiers et Ferroviaires porte \u00e0 la connaissance des usagers que toute demande d\u2019immatriculation qui n\u00e9cessite d\u2019\u00eatre trait\u00e9e diligemment, doit d\u00e9sormais \u00eatre accompagn\u00e9e d\u2019une quittance de vingt et cinq mille (25.000) FCFA payable \u00e0 la r\u00e9gie de la DTRF. Le Directeur vous remercie pour votre bonne compr\u00e9hension.\u00a0\u00bb, ... Lire la suite\" \/>\n<meta property=\"og:url\" content=\"https:\/\/228news.tg\/index.php\/2018\/12\/11\/dtrf-la-formalisation-de-limmatriculation-expresse-des-vehicules-avec-diligence-une-consecration-du-principe-dequite-dans-le-service-public-2\/\" \/>\n<meta property=\"og:site_name\" content=\"228 News\" \/>\n<meta property=\"article:published_time\" content=\"2018-12-11T09:24:36+00:00\" \/>\n<meta name=\"author\" content=\"Bienvenu SAVI\" \/>\n<meta name=\"twitter:card\" content=\"summary_large_image\" \/>\n<meta name=\"twitter:label1\" content=\"\u00c9crit par\" \/>\n\t<meta name=\"twitter:data1\" content=\"Bienvenu SAVI\" \/>\n\t<meta name=\"twitter:label2\" content=\"Dur\u00e9e de lecture estim\u00e9e\" \/>\n\t<meta name=\"twitter:data2\" content=\"4 minutes\" \/>\n<script type=\"application\/ld+json\" class=\"yoast-schema-graph\">{\"@context\":\"https:\/\/schema.org\",\"@graph\":[{\"@type\":\"Article\",\"@id\":\"https:\/\/228news.tg\/index.php\/2018\/12\/11\/dtrf-la-formalisation-de-limmatriculation-expresse-des-vehicules-avec-diligence-une-consecration-du-principe-dequite-dans-le-service-public-2\/#article\",\"isPartOf\":{\"@id\":\"https:\/\/228news.tg\/index.php\/2018\/12\/11\/dtrf-la-formalisation-de-limmatriculation-expresse-des-vehicules-avec-diligence-une-consecration-du-principe-dequite-dans-le-service-public-2\/\"},\"author\":{\"name\":\"Bienvenu SAVI\",\"@id\":\"https:\/\/228news.tg\/#\/schema\/person\/68d5a6cc0230290e61235c8379523f52\"},\"headline\":\"DTRF\u00a0: La formalisation de l\u2019immatriculation expresse des v\u00e9hicules avec diligence, une cons\u00e9cration du principe d\u2019\u00e9quit\u00e9 dans le service public\",\"datePublished\":\"2018-12-11T09:24:36+00:00\",\"mainEntityOfPage\":{\"@id\":\"https:\/\/228news.tg\/index.php\/2018\/12\/11\/dtrf-la-formalisation-de-limmatriculation-expresse-des-vehicules-avec-diligence-une-consecration-du-principe-dequite-dans-le-service-public-2\/\"},\"wordCount\":861,\"commentCount\":0,\"publisher\":{\"@id\":\"https:\/\/228news.tg\/#organization\"},\"image\":{\"@id\":\"https:\/\/228news.tg\/index.php\/2018\/12\/11\/dtrf-la-formalisation-de-limmatriculation-expresse-des-vehicules-avec-diligence-une-consecration-du-principe-dequite-dans-le-service-public-2\/#primaryimage\"},\"thumbnailUrl\":\"https:\/\/228news.tg\/wp-content\/uploads\/2024\/09\/22893532449_status_c5cf6df7af0d41a9b8daa5c66a56a122.jpg\",\"articleSection\":[\"Flash\",\"SOCIETE\",\"TOGO\",\"Une\"],\"inLanguage\":\"fr-FR\",\"potentialAction\":[{\"@type\":\"CommentAction\",\"name\":\"Comment\",\"target\":[\"https:\/\/228news.tg\/index.php\/2018\/12\/11\/dtrf-la-formalisation-de-limmatriculation-expresse-des-vehicules-avec-diligence-une-consecration-du-principe-dequite-dans-le-service-public-2\/#respond\"]}]},{\"@type\":\"WebPage\",\"@id\":\"https:\/\/228news.tg\/index.php\/2018\/12\/11\/dtrf-la-formalisation-de-limmatriculation-expresse-des-vehicules-avec-diligence-une-consecration-du-principe-dequite-dans-le-service-public-2\/\",\"url\":\"https:\/\/228news.tg\/index.php\/2018\/12\/11\/dtrf-la-formalisation-de-limmatriculation-expresse-des-vehicules-avec-diligence-une-consecration-du-principe-dequite-dans-le-service-public-2\/\",\"name\":\"DTRF\u00a0: La formalisation de l\u2019immatriculation expresse des v\u00e9hicules avec diligence, une cons\u00e9cration du principe d\u2019\u00e9quit\u00e9 dans le service public - 228 News\",\"isPartOf\":{\"@id\":\"https:\/\/228news.tg\/#website\"},\"primaryImageOfPage\":{\"@id\":\"https:\/\/228news.tg\/index.php\/2018\/12\/11\/dtrf-la-formalisation-de-limmatriculation-expresse-des-vehicules-avec-diligence-une-consecration-du-principe-dequite-dans-le-service-public-2\/#primaryimage\"},\"image\":{\"@id\":\"https:\/\/228news.tg\/index.php\/2018\/12\/11\/dtrf-la-formalisation-de-limmatriculation-expresse-des-vehicules-avec-diligence-une-consecration-du-principe-dequite-dans-le-service-public-2\/#primaryimage\"},\"thumbnailUrl\":\"https:\/\/228news.tg\/wp-content\/uploads\/2024\/09\/22893532449_status_c5cf6df7af0d41a9b8daa5c66a56a122.jpg\",\"datePublished\":\"2018-12-11T09:24:36+00:00\",\"breadcrumb\":{\"@id\":\"https:\/\/228news.tg\/index.php\/2018\/12\/11\/dtrf-la-formalisation-de-limmatriculation-expresse-des-vehicules-avec-diligence-une-consecration-du-principe-dequite-dans-le-service-public-2\/#breadcrumb\"},\"inLanguage\":\"fr-FR\",\"potentialAction\":[{\"@type\":\"ReadAction\",\"target\":[\"https:\/\/228news.tg\/index.php\/2018\/12\/11\/dtrf-la-formalisation-de-limmatriculation-expresse-des-vehicules-avec-diligence-une-consecration-du-principe-dequite-dans-le-service-public-2\/\"]}]},{\"@type\":\"ImageObject\",\"inLanguage\":\"fr-FR\",\"@id\":\"https:\/\/228news.tg\/index.php\/2018\/12\/11\/dtrf-la-formalisation-de-limmatriculation-expresse-des-vehicules-avec-diligence-une-consecration-du-principe-dequite-dans-le-service-public-2\/#primaryimage\",\"url\":\"https:\/\/228news.tg\/wp-content\/uploads\/2024\/09\/22893532449_status_c5cf6df7af0d41a9b8daa5c66a56a122.jpg\",\"contentUrl\":\"https:\/\/228news.tg\/wp-content\/uploads\/2024\/09\/22893532449_status_c5cf6df7af0d41a9b8daa5c66a56a122.jpg\",\"width\":2048,\"height\":1364},{\"@type\":\"BreadcrumbList\",\"@id\":\"https:\/\/228news.tg\/index.php\/2018\/12\/11\/dtrf-la-formalisation-de-limmatriculation-expresse-des-vehicules-avec-diligence-une-consecration-du-principe-dequite-dans-le-service-public-2\/#breadcrumb\",\"itemListElement\":[{\"@type\":\"ListItem\",\"position\":1,\"name\":\"Home\",\"item\":\"https:\/\/228news.tg\/\"},{\"@type\":\"ListItem\",\"position\":2,\"name\":\"DTRF\u00a0: La formalisation de l\u2019immatriculation expresse des v\u00e9hicules avec diligence, une cons\u00e9cration du principe d\u2019\u00e9quit\u00e9 dans le service public\"}]},{\"@type\":\"WebSite\",\"@id\":\"https:\/\/228news.tg\/#website\",\"url\":\"https:\/\/228news.tg\/\",\"name\":\"228 News\",\"description\":\"Soci\u00e9t\u00e9 de m\u00e9dias et d\u2019actualit\u00e9s\",\"publisher\":{\"@id\":\"https:\/\/228news.tg\/#organization\"},\"potentialAction\":[{\"@type\":\"SearchAction\",\"target\":{\"@type\":\"EntryPoint\",\"urlTemplate\":\"https:\/\/228news.tg\/?s={search_term_string}\"},\"query-input\":{\"@type\":\"PropertyValueSpecification\",\"valueRequired\":true,\"valueName\":\"search_term_string\"}}],\"inLanguage\":\"fr-FR\"},{\"@type\":\"Organization\",\"@id\":\"https:\/\/228news.tg\/#organization\",\"name\":\"228 News\",\"url\":\"https:\/\/228news.tg\/\",\"logo\":{\"@type\":\"ImageObject\",\"inLanguage\":\"fr-FR\",\"@id\":\"https:\/\/228news.tg\/#\/schema\/logo\/image\/\",\"url\":\"https:\/\/228news.tg\/wp-content\/uploads\/2024\/09\/logonew.png\",\"contentUrl\":\"https:\/\/228news.tg\/wp-content\/uploads\/2024\/09\/logonew.png\",\"width\":1640,\"height\":364,\"caption\":\"228 News\"},\"image\":{\"@id\":\"https:\/\/228news.tg\/#\/schema\/logo\/image\/\"}},{\"@type\":\"Person\",\"@id\":\"https:\/\/228news.tg\/#\/schema\/person\/68d5a6cc0230290e61235c8379523f52\",\"name\":\"Bienvenu SAVI\",\"image\":{\"@type\":\"ImageObject\",\"inLanguage\":\"fr-FR\",\"@id\":\"https:\/\/228news.tg\/#\/schema\/person\/image\/\",\"url\":\"https:\/\/secure.gravatar.com\/avatar\/9db91895c559e510509c33a3e9683998458e9b828fac36d5d1aa23f0f2fd369b?s=96&d=mm&r=g\",\"contentUrl\":\"https:\/\/secure.gravatar.com\/avatar\/9db91895c559e510509c33a3e9683998458e9b828fac36d5d1aa23f0f2fd369b?s=96&d=mm&r=g\",\"caption\":\"Bienvenu SAVI\"},\"url\":\"https:\/\/228news.tg\/index.php\/author\/bienvenu\/\"}]}<\/script>\n<!-- \/ Yoast SEO plugin. -->","yoast_head_json":{"title":"DTRF\u00a0: La formalisation de l\u2019immatriculation expresse des v\u00e9hicules avec diligence, une cons\u00e9cration du principe d\u2019\u00e9quit\u00e9 dans le service public - 228 News","robots":{"index":"index","follow":"follow","max-snippet":"max-snippet:-1","max-image-preview":"max-image-preview:large","max-video-preview":"max-video-preview:-1"},"canonical":"https:\/\/228news.tg\/index.php\/2018\/12\/11\/dtrf-la-formalisation-de-limmatriculation-expresse-des-vehicules-avec-diligence-une-consecration-du-principe-dequite-dans-le-service-public-2\/","og_locale":"fr_FR","og_type":"article","og_title":"DTRF\u00a0: La formalisation de l\u2019immatriculation expresse des v\u00e9hicules avec diligence, une cons\u00e9cration du principe d\u2019\u00e9quit\u00e9 dans le service public - 228 News","og_description":"(228NEWS\/ Lom\u00e9, le 11 d\u00e9cembre 2018)-\u00a0\u00ab\u00a0La Direction des Transports Routiers et Ferroviaires porte \u00e0 la connaissance des usagers que toute demande d\u2019immatriculation qui n\u00e9cessite d\u2019\u00eatre trait\u00e9e diligemment, doit d\u00e9sormais \u00eatre accompagn\u00e9e d\u2019une quittance de vingt et cinq mille (25.000) FCFA payable \u00e0 la r\u00e9gie de la DTRF. Le Directeur vous remercie pour votre bonne compr\u00e9hension.\u00a0\u00bb, ... Lire la suite","og_url":"https:\/\/228news.tg\/index.php\/2018\/12\/11\/dtrf-la-formalisation-de-limmatriculation-expresse-des-vehicules-avec-diligence-une-consecration-du-principe-dequite-dans-le-service-public-2\/","og_site_name":"228 News","article_published_time":"2018-12-11T09:24:36+00:00","author":"Bienvenu SAVI","twitter_card":"summary_large_image","twitter_misc":{"\u00c9crit par":"Bienvenu SAVI","Dur\u00e9e de lecture estim\u00e9e":"4 minutes"},"schema":{"@context":"https:\/\/schema.org","@graph":[{"@type":"Article","@id":"https:\/\/228news.tg\/index.php\/2018\/12\/11\/dtrf-la-formalisation-de-limmatriculation-expresse-des-vehicules-avec-diligence-une-consecration-du-principe-dequite-dans-le-service-public-2\/#article","isPartOf":{"@id":"https:\/\/228news.tg\/index.php\/2018\/12\/11\/dtrf-la-formalisation-de-limmatriculation-expresse-des-vehicules-avec-diligence-une-consecration-du-principe-dequite-dans-le-service-public-2\/"},"author":{"name":"Bienvenu SAVI","@id":"https:\/\/228news.tg\/#\/schema\/person\/68d5a6cc0230290e61235c8379523f52"},"headline":"DTRF\u00a0: La formalisation de l\u2019immatriculation expresse des v\u00e9hicules avec diligence, une cons\u00e9cration du principe d\u2019\u00e9quit\u00e9 dans le service public","datePublished":"2018-12-11T09:24:36+00:00","mainEntityOfPage":{"@id":"https:\/\/228news.tg\/index.php\/2018\/12\/11\/dtrf-la-formalisation-de-limmatriculation-expresse-des-vehicules-avec-diligence-une-consecration-du-principe-dequite-dans-le-service-public-2\/"},"wordCount":861,"commentCount":0,"publisher":{"@id":"https:\/\/228news.tg\/#organization"},"image":{"@id":"https:\/\/228news.tg\/index.php\/2018\/12\/11\/dtrf-la-formalisation-de-limmatriculation-expresse-des-vehicules-avec-diligence-une-consecration-du-principe-dequite-dans-le-service-public-2\/#primaryimage"},"thumbnailUrl":"https:\/\/228news.tg\/wp-content\/uploads\/2024\/09\/22893532449_status_c5cf6df7af0d41a9b8daa5c66a56a122.jpg","articleSection":["Flash","SOCIETE","TOGO","Une"],"inLanguage":"fr-FR","potentialAction":[{"@type":"CommentAction","name":"Comment","target":["https:\/\/228news.tg\/index.php\/2018\/12\/11\/dtrf-la-formalisation-de-limmatriculation-expresse-des-vehicules-avec-diligence-une-consecration-du-principe-dequite-dans-le-service-public-2\/#respond"]}]},{"@type":"WebPage","@id":"https:\/\/228news.tg\/index.php\/2018\/12\/11\/dtrf-la-formalisation-de-limmatriculation-expresse-des-vehicules-avec-diligence-une-consecration-du-principe-dequite-dans-le-service-public-2\/","url":"https:\/\/228news.tg\/index.php\/2018\/12\/11\/dtrf-la-formalisation-de-limmatriculation-expresse-des-vehicules-avec-diligence-une-consecration-du-principe-dequite-dans-le-service-public-2\/","name":"DTRF\u00a0: La formalisation de l\u2019immatriculation expresse des v\u00e9hicules avec diligence, une cons\u00e9cration du principe d\u2019\u00e9quit\u00e9 dans le service public - 228 News","isPartOf":{"@id":"https:\/\/228news.tg\/#website"},"primaryImageOfPage":{"@id":"https:\/\/228news.tg\/index.php\/2018\/12\/11\/dtrf-la-formalisation-de-limmatriculation-expresse-des-vehicules-avec-diligence-une-consecration-du-principe-dequite-dans-le-service-public-2\/#primaryimage"},"image":{"@id":"https:\/\/228news.tg\/index.php\/2018\/12\/11\/dtrf-la-formalisation-de-limmatriculation-expresse-des-vehicules-avec-diligence-une-consecration-du-principe-dequite-dans-le-service-public-2\/#primaryimage"},"thumbnailUrl":"https:\/\/228news.tg\/wp-content\/uploads\/2024\/09\/22893532449_status_c5cf6df7af0d41a9b8daa5c66a56a122.jpg","datePublished":"2018-12-11T09:24:36+00:00","breadcrumb":{"@id":"https:\/\/228news.tg\/index.php\/2018\/12\/11\/dtrf-la-formalisation-de-limmatriculation-expresse-des-vehicules-avec-diligence-une-consecration-du-principe-dequite-dans-le-service-public-2\/#breadcrumb"},"inLanguage":"fr-FR","potentialAction":[{"@type":"ReadAction","target":["https:\/\/228news.tg\/index.php\/2018\/12\/11\/dtrf-la-formalisation-de-limmatriculation-expresse-des-vehicules-avec-diligence-une-consecration-du-principe-dequite-dans-le-service-public-2\/"]}]},{"@type":"ImageObject","inLanguage":"fr-FR","@id":"https:\/\/228news.tg\/index.php\/2018\/12\/11\/dtrf-la-formalisation-de-limmatriculation-expresse-des-vehicules-avec-diligence-une-consecration-du-principe-dequite-dans-le-service-public-2\/#primaryimage","url":"https:\/\/228news.tg\/wp-content\/uploads\/2024\/09\/22893532449_status_c5cf6df7af0d41a9b8daa5c66a56a122.jpg","contentUrl":"https:\/\/228news.tg\/wp-content\/uploads\/2024\/09\/22893532449_status_c5cf6df7af0d41a9b8daa5c66a56a122.jpg","width":2048,"height":1364},{"@type":"BreadcrumbList","@id":"https:\/\/228news.tg\/index.php\/2018\/12\/11\/dtrf-la-formalisation-de-limmatriculation-expresse-des-vehicules-avec-diligence-une-consecration-du-principe-dequite-dans-le-service-public-2\/#breadcrumb","itemListElement":[{"@type":"ListItem","position":1,"name":"Home","item":"https:\/\/228news.tg\/"},{"@type":"ListItem","position":2,"name":"DTRF\u00a0: La formalisation de l\u2019immatriculation expresse des v\u00e9hicules avec diligence, une cons\u00e9cration du principe d\u2019\u00e9quit\u00e9 dans le service public"}]},{"@type":"WebSite","@id":"https:\/\/228news.tg\/#website","url":"https:\/\/228news.tg\/","name":"228 News","description":"Soci\u00e9t\u00e9 de m\u00e9dias et d\u2019actualit\u00e9s","publisher":{"@id":"https:\/\/228news.tg\/#organization"},"potentialAction":[{"@type":"SearchAction","target":{"@type":"EntryPoint","urlTemplate":"https:\/\/228news.tg\/?s={search_term_string}"},"query-input":{"@type":"PropertyValueSpecification","valueRequired":true,"valueName":"search_term_string"}}],"inLanguage":"fr-FR"},{"@type":"Organization","@id":"https:\/\/228news.tg\/#organization","name":"228 News","url":"https:\/\/228news.tg\/","logo":{"@type":"ImageObject","inLanguage":"fr-FR","@id":"https:\/\/228news.tg\/#\/schema\/logo\/image\/","url":"https:\/\/228news.tg\/wp-content\/uploads\/2024\/09\/logonew.png","contentUrl":"https:\/\/228news.tg\/wp-content\/uploads\/2024\/09\/logonew.png","width":1640,"height":364,"caption":"228 News"},"image":{"@id":"https:\/\/228news.tg\/#\/schema\/logo\/image\/"}},{"@type":"Person","@id":"https:\/\/228news.tg\/#\/schema\/person\/68d5a6cc0230290e61235c8379523f52","name":"Bienvenu SAVI","image":{"@type":"ImageObject","inLanguage":"fr-FR","@id":"https:\/\/228news.tg\/#\/schema\/person\/image\/","url":"https:\/\/secure.gravatar.com\/avatar\/9db91895c559e510509c33a3e9683998458e9b828fac36d5d1aa23f0f2fd369b?s=96&d=mm&r=g","contentUrl":"https:\/\/secure.gravatar.com\/avatar\/9db91895c559e510509c33a3e9683998458e9b828fac36d5d1aa23f0f2fd369b?s=96&d=mm&r=g","caption":"Bienvenu SAVI"},"url":"https:\/\/228news.tg\/index.php\/author\/bienvenu\/"}]}},"jetpack_featured_media_url":"https:\/\/228news.tg\/wp-content\/uploads\/2024\/09\/22893532449_status_c5cf6df7af0d41a9b8daa5c66a56a122.jpg","_links":{"self":[{"href":"https:\/\/228news.tg\/index.php\/wp-json\/wp\/v2\/posts\/14636","targetHints":{"allow":["GET"]}}],"collection":[{"href":"https:\/\/228news.tg\/index.php\/wp-json\/wp\/v2\/posts"}],"about":[{"href":"https:\/\/228news.tg\/index.php\/wp-json\/wp\/v2\/types\/post"}],"author":[{"embeddable":true,"href":"https:\/\/228news.tg\/index.php\/wp-json\/wp\/v2\/users\/2"}],"replies":[{"embeddable":true,"href":"https:\/\/228news.tg\/index.php\/wp-json\/wp\/v2\/comments?post=14636"}],"version-history":[{"count":0,"href":"https:\/\/228news.tg\/index.php\/wp-json\/wp\/v2\/posts\/14636\/revisions"}],"wp:featuredmedia":[{"embeddable":true,"href":"https:\/\/228news.tg\/index.php\/wp-json\/wp\/v2\/media\/3646"}],"wp:attachment":[{"href":"https:\/\/228news.tg\/index.php\/wp-json\/wp\/v2\/media?parent=14636"}],"wp:term":[{"taxonomy":"category","embeddable":true,"href":"https:\/\/228news.tg\/index.php\/wp-json\/wp\/v2\/categories?post=14636"},{"taxonomy":"post_tag","embeddable":true,"href":"https:\/\/228news.tg\/index.php\/wp-json\/wp\/v2\/tags?post=14636"}],"curies":[{"name":"wp","href":"https:\/\/api.w.org\/{rel}","templated":true}]}}