{"id":14635,"date":"2018-12-10T18:38:59","date_gmt":"2018-12-10T18:38:59","guid":{"rendered":"http:\/\/localhost\/site\/228news\/?p=3640"},"modified":"2018-12-10T18:38:59","modified_gmt":"2018-12-10T18:38:59","slug":"18eme-journee-internationale-du-volontariat-des-prix-dexcellence-pour-les-meilleurs-volontaires-de-lannee-a-atakpame-2","status":"publish","type":"post","link":"https:\/\/228news.tg\/index.php\/2018\/12\/10\/18eme-journee-internationale-du-volontariat-des-prix-dexcellence-pour-les-meilleurs-volontaires-de-lannee-a-atakpame-2\/","title":{"rendered":"18\u00e8me journ\u00e9e internationale du volontariat: Des prix d&rsquo;excellence pour les meilleurs volontaires de l&rsquo;ann\u00e9e \u00e0 Atakpam\u00e9"},"content":{"rendered":"<p>(228NEWS\/ Lom\u00e9, le 10 d\u00e9cembre 2018)-La 18\u00e8me journ\u00e9e internationale du volontariat (VIJ) a \u00e9t\u00e9 c\u00e9l\u00e9br\u00e9e avec faste a Atakpam\u00e9 ( localit\u00e9 situ\u00e9e a 160 km au nord de Lom\u00e9), le mercredi 05 d\u00e9cembre dernier.<\/p>\n<p>Pr\u00e9sid\u00e9es par Mme Victoire Tomegah-Dogb\u00e9, ministre du d\u00e9veloppement \u00e0 la base, de l&rsquo;artisanat, de la jeunesse et de l&#8217;emploi des jeunes, les festivit\u00e9s de cette journ\u00e9e ont tourn\u00e9 autour du th\u00e8me \u00ab\u00a0Les volontaires pour b\u00e2tir des communaut\u00e9s r\u00e9silientes\u00a0\u00bb.<\/p>\n<p>Plusieurs personnalit\u00e9s en l&rsquo;occurrence la Cheffe de la D\u00e9l\u00e9gation de l\u2019Union europ\u00e9enne au Togo, Cristina Martins-Barreira , des repr\u00e9sentants des diff\u00e9rents corps de volontariat , des repr\u00e9sentants des organisations de la soci\u00e9t\u00e9 civile, des autorit\u00e9s locales et chefs traditionnels, les partenaires techniques et financiers,&#8230; ont \u00e9galement aureol\u00e9 de leur pr\u00e9sence l&rsquo;eclat de cette f\u00eate du volontariat au Togo.<\/p>\n<p><img fetchpriority=\"high\" decoding=\"async\" class=\"alignnone size-medium wp-image-2928 td-animation-stack-type0-1\" src=\"http:\/\/impartialactu.com\/wp-content\/uploads\/2018\/12\/IMG-20181207-WA0002-1280x853-300x200.jpg\" sizes=\"(max-width: 300px) 100vw, 300px\" srcset=\"http:\/\/impartialactu.com\/wp-content\/uploads\/2018\/12\/IMG-20181207-WA0002-1280x853-300x200.jpg 300w, http:\/\/impartialactu.com\/wp-content\/uploads\/2018\/12\/IMG-20181207-WA0002-1280x853-768x512.jpg 768w, http:\/\/impartialactu.com\/wp-content\/uploads\/2018\/12\/IMG-20181207-WA0002-1280x853-1024x682.jpg 1024w, http:\/\/impartialactu.com\/wp-content\/uploads\/2018\/12\/IMG-20181207-WA0002-1280x853-696x464.jpg 696w, http:\/\/impartialactu.com\/wp-content\/uploads\/2018\/12\/IMG-20181207-WA0002-1280x853-1068x712.jpg 1068w, http:\/\/impartialactu.com\/wp-content\/uploads\/2018\/12\/IMG-20181207-WA0002-1280x853-630x420.jpg 630w, http:\/\/impartialactu.com\/wp-content\/uploads\/2018\/12\/IMG-20181207-WA0002-1280x853.jpg 1280w\" alt=\"\" width=\"300\" height=\"200\" \/><\/p>\n<p>Pour la Cheffe de la diplomatie europ\u00e9enne au Togo, les volontaires sont des acteurs cl\u00e9s dans le renforcement de l\u2019implication locale et r\u00e9silience de la communaut\u00e9 face aux catastrophes naturelles, aux tensions \u00e9conomiques et aux chocs politiques. Leurs efforts doivent de ce fait \u00eatre constamment reconnus et encourag\u00e9s, a-t-elle confi\u00e9.<\/p>\n<p><img decoding=\"async\" class=\"alignnone size-medium wp-image-2930 td-animation-stack-type0-1\" src=\"http:\/\/impartialactu.com\/wp-content\/uploads\/2018\/12\/IMG-20181207-WA0003-1024x683-300x200.jpg\" sizes=\"(max-width: 300px) 100vw, 300px\" srcset=\"http:\/\/impartialactu.com\/wp-content\/uploads\/2018\/12\/IMG-20181207-WA0003-1024x683-300x200.jpg 300w, http:\/\/impartialactu.com\/wp-content\/uploads\/2018\/12\/IMG-20181207-WA0003-1024x683-768x512.jpg 768w, http:\/\/impartialactu.com\/wp-content\/uploads\/2018\/12\/IMG-20181207-WA0003-1024x683.jpg 1024w, http:\/\/impartialactu.com\/wp-content\/uploads\/2018\/12\/IMG-20181207-WA0003-1024x683-696x464.jpg 696w, http:\/\/impartialactu.com\/wp-content\/uploads\/2018\/12\/IMG-20181207-WA0003-1024x683-630x420.jpg 630w\" alt=\"\" width=\"300\" height=\"200\" \/><\/p>\n<p>La ministre Dogb\u00e9 pour sa part a relev\u00e9 le consid\u00e9rable r\u00f4le que jouent ces derniers dans ces p\u00e9riodes\u00a0difficiles que traversent les nations ou dans la mise en \u0153uvre de programmes de d\u00e9veloppement durable en redonnant l\u2019espoir \u00e0 l\u2019humanit\u00e9.<\/p>\n<p>Pour la ministre en charge du d\u00e9veloppement \u00e0 la base, \u00a0\u00bb les volontaires\u00a0contribuent \u00e0 la fourniture des services de base afin de lutter contre la pauvret\u00e9, la faim et l\u2019exclusion sociale, \u00e0 la pr\u00e9vention des risques et catastrophes, \u00e0 l\u2019am\u00e9lioration de l\u2019acc\u00e8s \u00e0 une \u00e9ducation de qualit\u00e9 et s\u2019assurent que les retomb\u00e9es du d\u00e9veloppement durable profitent \u00e0 tous. Voil\u00e0 en quoi les volontaires contribuent \u00e0 faire de nos communaut\u00e9s, des soci\u00e9t\u00e9s humaines viables et capables de supporter le choc des changements sociaux&#8230;\u00a0\u00bb<\/p>\n<p><img decoding=\"async\" class=\"alignnone size-medium wp-image-2929 td-animation-stack-type0-1\" src=\"http:\/\/impartialactu.com\/wp-content\/uploads\/2018\/12\/IMG-20181207-WA0004-800x533-300x200.jpg\" sizes=\"(max-width: 300px) 100vw, 300px\" srcset=\"http:\/\/impartialactu.com\/wp-content\/uploads\/2018\/12\/IMG-20181207-WA0004-800x533-300x200.jpg 300w, http:\/\/impartialactu.com\/wp-content\/uploads\/2018\/12\/IMG-20181207-WA0004-800x533-768x512.jpg 768w, http:\/\/impartialactu.com\/wp-content\/uploads\/2018\/12\/IMG-20181207-WA0004-800x533-696x464.jpg 696w, http:\/\/impartialactu.com\/wp-content\/uploads\/2018\/12\/IMG-20181207-WA0004-800x533-630x420.jpg 630w, http:\/\/impartialactu.com\/wp-content\/uploads\/2018\/12\/IMG-20181207-WA0004-800x533.jpg 800w\" alt=\"\" width=\"300\" height=\"200\" \/><\/p>\n<p>Les festivit\u00e9s ont \u00e9t\u00e9 par ailleirs marqu\u00e9es par la remise desdprix aux meilleurs volontaires de l&rsquo;ann\u00e9e.<\/p>\n<p>Plusieus jeunes volontaires ont ainsi vu leurs efforts quotidien couronn\u00e9s et reconnus par le \u00ab Prix du meilleur volontaire 2018 \u00bb.<\/p>\n<p>Notons pour finir qu&rsquo;ils sont environ 2,0 227 volontaires nationaux mobilis\u00e9s depuis 2011 au Togo par l&rsquo;Agence Nationale du Volontariat au Togo et pr\u00e8s de 1000 volontaires internationaux \u00e0 oeuvrer dans le cadre de leurs missions d&rsquo;appui\u00a0 et de soutien pour le d\u00e9veloppement de nos communaut\u00e9s de base.<\/p>\n<p><em><strong>D\u00e9mocrate\u00a0<\/strong><\/em><\/p>\n<p><em><strong>(00228) 91 85 40 14<\/strong><\/em><\/p>\n<p><em><strong>98 60 67 68<\/strong><\/em><\/p>\n<p><em><strong>democrate2010@gmail.com<\/strong><\/em><\/p>\n","protected":false},"excerpt":{"rendered":"<p>(228NEWS\/ Lom\u00e9, le 10 d\u00e9cembre 2018)-La 18\u00e8me journ\u00e9e internationale du volontariat (VIJ) a \u00e9t\u00e9 c\u00e9l\u00e9br\u00e9e avec faste a Atakpam\u00e9 ( localit\u00e9 situ\u00e9e a 160 km au nord de Lom\u00e9), le mercredi 05 d\u00e9cembre dernier. Pr\u00e9sid\u00e9es par Mme Victoire Tomegah-Dogb\u00e9, ministre du d\u00e9veloppement \u00e0 la base, de l&rsquo;artisanat, de la jeunesse et de l&#8217;emploi des jeunes, &#8230; <a title=\"18\u00e8me journ\u00e9e internationale du volontariat: Des prix d&rsquo;excellence pour les meilleurs volontaires de l&rsquo;ann\u00e9e \u00e0 Atakpam\u00e9\" class=\"read-more\" href=\"https:\/\/228news.tg\/index.php\/2018\/12\/10\/18eme-journee-internationale-du-volontariat-des-prix-dexcellence-pour-les-meilleurs-volontaires-de-lannee-a-atakpame-2\/\" aria-label=\"En savoir plus sur 18\u00e8me journ\u00e9e internationale du volontariat: Des prix d&rsquo;excellence pour les meilleurs volontaires de l&rsquo;ann\u00e9e \u00e0 Atakpam\u00e9\">Lire la suite<\/a><\/p>\n","protected":false},"author":2,"featured_media":3644,"comment_status":"open","ping_status":"open","sticky":false,"template":"","format":"chat","meta":{"footnotes":""},"categories":[31,35,25,34],"tags":[],"class_list":["post-14635","post","type-post","status-publish","format-chat","has-post-thumbnail","hentry","category-developpement","category-flash","category-togo","category-une","post_format-post-format-chat"],"yoast_head":"<!-- This site is optimized with the Yoast SEO plugin v26.4 - https:\/\/yoast.com\/wordpress\/plugins\/seo\/ -->\n<title>18\u00e8me journ\u00e9e internationale du volontariat: Des prix d&#039;excellence pour les meilleurs volontaires de l&#039;ann\u00e9e \u00e0 Atakpam\u00e9 - 228 News<\/title>\n<meta name=\"robots\" content=\"index, follow, max-snippet:-1, max-image-preview:large, max-video-preview:-1\" \/>\n<link rel=\"canonical\" href=\"https:\/\/228news.tg\/index.php\/2018\/12\/10\/18eme-journee-internationale-du-volontariat-des-prix-dexcellence-pour-les-meilleurs-volontaires-de-lannee-a-atakpame-2\/\" \/>\n<meta property=\"og:locale\" content=\"fr_FR\" \/>\n<meta property=\"og:type\" content=\"article\" \/>\n<meta property=\"og:title\" content=\"18\u00e8me journ\u00e9e internationale du volontariat: Des prix d&#039;excellence pour les meilleurs volontaires de l&#039;ann\u00e9e \u00e0 Atakpam\u00e9 - 228 News\" \/>\n<meta property=\"og:description\" content=\"(228NEWS\/ Lom\u00e9, le 10 d\u00e9cembre 2018)-La 18\u00e8me journ\u00e9e internationale du volontariat (VIJ) a \u00e9t\u00e9 c\u00e9l\u00e9br\u00e9e avec faste a Atakpam\u00e9 ( localit\u00e9 situ\u00e9e a 160 km au nord de Lom\u00e9), le mercredi 05 d\u00e9cembre dernier. Pr\u00e9sid\u00e9es par Mme Victoire Tomegah-Dogb\u00e9, ministre du d\u00e9veloppement \u00e0 la base, de l&rsquo;artisanat, de la jeunesse et de l&#8217;emploi des jeunes, ... Lire la suite\" \/>\n<meta property=\"og:url\" content=\"https:\/\/228news.tg\/index.php\/2018\/12\/10\/18eme-journee-internationale-du-volontariat-des-prix-dexcellence-pour-les-meilleurs-volontaires-de-lannee-a-atakpame-2\/\" \/>\n<meta property=\"og:site_name\" content=\"228 News\" \/>\n<meta property=\"article:published_time\" content=\"2018-12-10T18:38:59+00:00\" \/>\n<meta property=\"og:image\" content=\"http:\/\/impartialactu.com\/wp-content\/uploads\/2018\/12\/IMG-20181207-WA0002-1280x853-300x200.jpg\" \/>\n<meta name=\"author\" content=\"Bienvenu SAVI\" \/>\n<meta name=\"twitter:card\" content=\"summary_large_image\" \/>\n<meta name=\"twitter:label1\" content=\"\u00c9crit par\" \/>\n\t<meta name=\"twitter:data1\" content=\"Bienvenu SAVI\" \/>\n\t<meta name=\"twitter:label2\" content=\"Dur\u00e9e de lecture estim\u00e9e\" \/>\n\t<meta name=\"twitter:data2\" content=\"2 minutes\" \/>\n<script type=\"application\/ld+json\" class=\"yoast-schema-graph\">{\"@context\":\"https:\/\/schema.org\",\"@graph\":[{\"@type\":\"Article\",\"@id\":\"https:\/\/228news.tg\/index.php\/2018\/12\/10\/18eme-journee-internationale-du-volontariat-des-prix-dexcellence-pour-les-meilleurs-volontaires-de-lannee-a-atakpame-2\/#article\",\"isPartOf\":{\"@id\":\"https:\/\/228news.tg\/index.php\/2018\/12\/10\/18eme-journee-internationale-du-volontariat-des-prix-dexcellence-pour-les-meilleurs-volontaires-de-lannee-a-atakpame-2\/\"},\"author\":{\"name\":\"Bienvenu SAVI\",\"@id\":\"https:\/\/228news.tg\/#\/schema\/person\/68d5a6cc0230290e61235c8379523f52\"},\"headline\":\"18\u00e8me journ\u00e9e internationale du volontariat: Des prix d&rsquo;excellence pour les meilleurs volontaires de l&rsquo;ann\u00e9e \u00e0 Atakpam\u00e9\",\"datePublished\":\"2018-12-10T18:38:59+00:00\",\"mainEntityOfPage\":{\"@id\":\"https:\/\/228news.tg\/index.php\/2018\/12\/10\/18eme-journee-internationale-du-volontariat-des-prix-dexcellence-pour-les-meilleurs-volontaires-de-lannee-a-atakpame-2\/\"},\"wordCount\":455,\"commentCount\":0,\"publisher\":{\"@id\":\"https:\/\/228news.tg\/#organization\"},\"image\":{\"@id\":\"https:\/\/228news.tg\/index.php\/2018\/12\/10\/18eme-journee-internationale-du-volontariat-des-prix-dexcellence-pour-les-meilleurs-volontaires-de-lannee-a-atakpame-2\/#primaryimage\"},\"thumbnailUrl\":\"https:\/\/228news.tg\/wp-content\/uploads\/2024\/09\/IMG-20210521-WA0075.jpg\",\"articleSection\":[\"DEVELOPPEMENT\",\"Flash\",\"TOGO\",\"Une\"],\"inLanguage\":\"fr-FR\",\"potentialAction\":[{\"@type\":\"CommentAction\",\"name\":\"Comment\",\"target\":[\"https:\/\/228news.tg\/index.php\/2018\/12\/10\/18eme-journee-internationale-du-volontariat-des-prix-dexcellence-pour-les-meilleurs-volontaires-de-lannee-a-atakpame-2\/#respond\"]}]},{\"@type\":\"WebPage\",\"@id\":\"https:\/\/228news.tg\/index.php\/2018\/12\/10\/18eme-journee-internationale-du-volontariat-des-prix-dexcellence-pour-les-meilleurs-volontaires-de-lannee-a-atakpame-2\/\",\"url\":\"https:\/\/228news.tg\/index.php\/2018\/12\/10\/18eme-journee-internationale-du-volontariat-des-prix-dexcellence-pour-les-meilleurs-volontaires-de-lannee-a-atakpame-2\/\",\"name\":\"18\u00e8me journ\u00e9e internationale du volontariat: Des prix d'excellence pour les meilleurs volontaires de l'ann\u00e9e \u00e0 Atakpam\u00e9 - 228 News\",\"isPartOf\":{\"@id\":\"https:\/\/228news.tg\/#website\"},\"primaryImageOfPage\":{\"@id\":\"https:\/\/228news.tg\/index.php\/2018\/12\/10\/18eme-journee-internationale-du-volontariat-des-prix-dexcellence-pour-les-meilleurs-volontaires-de-lannee-a-atakpame-2\/#primaryimage\"},\"image\":{\"@id\":\"https:\/\/228news.tg\/index.php\/2018\/12\/10\/18eme-journee-internationale-du-volontariat-des-prix-dexcellence-pour-les-meilleurs-volontaires-de-lannee-a-atakpame-2\/#primaryimage\"},\"thumbnailUrl\":\"https:\/\/228news.tg\/wp-content\/uploads\/2024\/09\/IMG-20210521-WA0075.jpg\",\"datePublished\":\"2018-12-10T18:38:59+00:00\",\"breadcrumb\":{\"@id\":\"https:\/\/228news.tg\/index.php\/2018\/12\/10\/18eme-journee-internationale-du-volontariat-des-prix-dexcellence-pour-les-meilleurs-volontaires-de-lannee-a-atakpame-2\/#breadcrumb\"},\"inLanguage\":\"fr-FR\",\"potentialAction\":[{\"@type\":\"ReadAction\",\"target\":[\"https:\/\/228news.tg\/index.php\/2018\/12\/10\/18eme-journee-internationale-du-volontariat-des-prix-dexcellence-pour-les-meilleurs-volontaires-de-lannee-a-atakpame-2\/\"]}]},{\"@type\":\"ImageObject\",\"inLanguage\":\"fr-FR\",\"@id\":\"https:\/\/228news.tg\/index.php\/2018\/12\/10\/18eme-journee-internationale-du-volontariat-des-prix-dexcellence-pour-les-meilleurs-volontaires-de-lannee-a-atakpame-2\/#primaryimage\",\"url\":\"https:\/\/228news.tg\/wp-content\/uploads\/2024\/09\/IMG-20210521-WA0075.jpg\",\"contentUrl\":\"https:\/\/228news.tg\/wp-content\/uploads\/2024\/09\/IMG-20210521-WA0075.jpg\",\"width\":744,\"height\":992},{\"@type\":\"BreadcrumbList\",\"@id\":\"https:\/\/228news.tg\/index.php\/2018\/12\/10\/18eme-journee-internationale-du-volontariat-des-prix-dexcellence-pour-les-meilleurs-volontaires-de-lannee-a-atakpame-2\/#breadcrumb\",\"itemListElement\":[{\"@type\":\"ListItem\",\"position\":1,\"name\":\"Home\",\"item\":\"https:\/\/228news.tg\/\"},{\"@type\":\"ListItem\",\"position\":2,\"name\":\"18\u00e8me journ\u00e9e internationale du volontariat: Des prix d&rsquo;excellence pour les meilleurs volontaires de l&rsquo;ann\u00e9e \u00e0 Atakpam\u00e9\"}]},{\"@type\":\"WebSite\",\"@id\":\"https:\/\/228news.tg\/#website\",\"url\":\"https:\/\/228news.tg\/\",\"name\":\"228 News\",\"description\":\"Soci\u00e9t\u00e9 de m\u00e9dias et d\u2019actualit\u00e9s\",\"publisher\":{\"@id\":\"https:\/\/228news.tg\/#organization\"},\"potentialAction\":[{\"@type\":\"SearchAction\",\"target\":{\"@type\":\"EntryPoint\",\"urlTemplate\":\"https:\/\/228news.tg\/?s={search_term_string}\"},\"query-input\":{\"@type\":\"PropertyValueSpecification\",\"valueRequired\":true,\"valueName\":\"search_term_string\"}}],\"inLanguage\":\"fr-FR\"},{\"@type\":\"Organization\",\"@id\":\"https:\/\/228news.tg\/#organization\",\"name\":\"228 News\",\"url\":\"https:\/\/228news.tg\/\",\"logo\":{\"@type\":\"ImageObject\",\"inLanguage\":\"fr-FR\",\"@id\":\"https:\/\/228news.tg\/#\/schema\/logo\/image\/\",\"url\":\"https:\/\/228news.tg\/wp-content\/uploads\/2024\/09\/logonew.png\",\"contentUrl\":\"https:\/\/228news.tg\/wp-content\/uploads\/2024\/09\/logonew.png\",\"width\":1640,\"height\":364,\"caption\":\"228 News\"},\"image\":{\"@id\":\"https:\/\/228news.tg\/#\/schema\/logo\/image\/\"}},{\"@type\":\"Person\",\"@id\":\"https:\/\/228news.tg\/#\/schema\/person\/68d5a6cc0230290e61235c8379523f52\",\"name\":\"Bienvenu SAVI\",\"image\":{\"@type\":\"ImageObject\",\"inLanguage\":\"fr-FR\",\"@id\":\"https:\/\/228news.tg\/#\/schema\/person\/image\/\",\"url\":\"https:\/\/secure.gravatar.com\/avatar\/9db91895c559e510509c33a3e9683998458e9b828fac36d5d1aa23f0f2fd369b?s=96&d=mm&r=g\",\"contentUrl\":\"https:\/\/secure.gravatar.com\/avatar\/9db91895c559e510509c33a3e9683998458e9b828fac36d5d1aa23f0f2fd369b?s=96&d=mm&r=g\",\"caption\":\"Bienvenu SAVI\"},\"url\":\"https:\/\/228news.tg\/index.php\/author\/bienvenu\/\"}]}<\/script>\n<!-- \/ Yoast SEO plugin. -->","yoast_head_json":{"title":"18\u00e8me journ\u00e9e internationale du volontariat: Des prix d'excellence pour les meilleurs volontaires de l'ann\u00e9e \u00e0 Atakpam\u00e9 - 228 News","robots":{"index":"index","follow":"follow","max-snippet":"max-snippet:-1","max-image-preview":"max-image-preview:large","max-video-preview":"max-video-preview:-1"},"canonical":"https:\/\/228news.tg\/index.php\/2018\/12\/10\/18eme-journee-internationale-du-volontariat-des-prix-dexcellence-pour-les-meilleurs-volontaires-de-lannee-a-atakpame-2\/","og_locale":"fr_FR","og_type":"article","og_title":"18\u00e8me journ\u00e9e internationale du volontariat: Des prix d'excellence pour les meilleurs volontaires de l'ann\u00e9e \u00e0 Atakpam\u00e9 - 228 News","og_description":"(228NEWS\/ Lom\u00e9, le 10 d\u00e9cembre 2018)-La 18\u00e8me journ\u00e9e internationale du volontariat (VIJ) a \u00e9t\u00e9 c\u00e9l\u00e9br\u00e9e avec faste a Atakpam\u00e9 ( localit\u00e9 situ\u00e9e a 160 km au nord de Lom\u00e9), le mercredi 05 d\u00e9cembre dernier. Pr\u00e9sid\u00e9es par Mme Victoire Tomegah-Dogb\u00e9, ministre du d\u00e9veloppement \u00e0 la base, de l&rsquo;artisanat, de la jeunesse et de l&#8217;emploi des jeunes, ... Lire la suite","og_url":"https:\/\/228news.tg\/index.php\/2018\/12\/10\/18eme-journee-internationale-du-volontariat-des-prix-dexcellence-pour-les-meilleurs-volontaires-de-lannee-a-atakpame-2\/","og_site_name":"228 News","article_published_time":"2018-12-10T18:38:59+00:00","og_image":[{"url":"http:\/\/impartialactu.com\/wp-content\/uploads\/2018\/12\/IMG-20181207-WA0002-1280x853-300x200.jpg","type":"","width":"","height":""}],"author":"Bienvenu SAVI","twitter_card":"summary_large_image","twitter_misc":{"\u00c9crit par":"Bienvenu SAVI","Dur\u00e9e de lecture estim\u00e9e":"2 minutes"},"schema":{"@context":"https:\/\/schema.org","@graph":[{"@type":"Article","@id":"https:\/\/228news.tg\/index.php\/2018\/12\/10\/18eme-journee-internationale-du-volontariat-des-prix-dexcellence-pour-les-meilleurs-volontaires-de-lannee-a-atakpame-2\/#article","isPartOf":{"@id":"https:\/\/228news.tg\/index.php\/2018\/12\/10\/18eme-journee-internationale-du-volontariat-des-prix-dexcellence-pour-les-meilleurs-volontaires-de-lannee-a-atakpame-2\/"},"author":{"name":"Bienvenu SAVI","@id":"https:\/\/228news.tg\/#\/schema\/person\/68d5a6cc0230290e61235c8379523f52"},"headline":"18\u00e8me journ\u00e9e internationale du volontariat: Des prix d&rsquo;excellence pour les meilleurs volontaires de l&rsquo;ann\u00e9e \u00e0 Atakpam\u00e9","datePublished":"2018-12-10T18:38:59+00:00","mainEntityOfPage":{"@id":"https:\/\/228news.tg\/index.php\/2018\/12\/10\/18eme-journee-internationale-du-volontariat-des-prix-dexcellence-pour-les-meilleurs-volontaires-de-lannee-a-atakpame-2\/"},"wordCount":455,"commentCount":0,"publisher":{"@id":"https:\/\/228news.tg\/#organization"},"image":{"@id":"https:\/\/228news.tg\/index.php\/2018\/12\/10\/18eme-journee-internationale-du-volontariat-des-prix-dexcellence-pour-les-meilleurs-volontaires-de-lannee-a-atakpame-2\/#primaryimage"},"thumbnailUrl":"https:\/\/228news.tg\/wp-content\/uploads\/2024\/09\/IMG-20210521-WA0075.jpg","articleSection":["DEVELOPPEMENT","Flash","TOGO","Une"],"inLanguage":"fr-FR","potentialAction":[{"@type":"CommentAction","name":"Comment","target":["https:\/\/228news.tg\/index.php\/2018\/12\/10\/18eme-journee-internationale-du-volontariat-des-prix-dexcellence-pour-les-meilleurs-volontaires-de-lannee-a-atakpame-2\/#respond"]}]},{"@type":"WebPage","@id":"https:\/\/228news.tg\/index.php\/2018\/12\/10\/18eme-journee-internationale-du-volontariat-des-prix-dexcellence-pour-les-meilleurs-volontaires-de-lannee-a-atakpame-2\/","url":"https:\/\/228news.tg\/index.php\/2018\/12\/10\/18eme-journee-internationale-du-volontariat-des-prix-dexcellence-pour-les-meilleurs-volontaires-de-lannee-a-atakpame-2\/","name":"18\u00e8me journ\u00e9e internationale du volontariat: Des prix d'excellence pour les meilleurs volontaires de l'ann\u00e9e \u00e0 Atakpam\u00e9 - 228 News","isPartOf":{"@id":"https:\/\/228news.tg\/#website"},"primaryImageOfPage":{"@id":"https:\/\/228news.tg\/index.php\/2018\/12\/10\/18eme-journee-internationale-du-volontariat-des-prix-dexcellence-pour-les-meilleurs-volontaires-de-lannee-a-atakpame-2\/#primaryimage"},"image":{"@id":"https:\/\/228news.tg\/index.php\/2018\/12\/10\/18eme-journee-internationale-du-volontariat-des-prix-dexcellence-pour-les-meilleurs-volontaires-de-lannee-a-atakpame-2\/#primaryimage"},"thumbnailUrl":"https:\/\/228news.tg\/wp-content\/uploads\/2024\/09\/IMG-20210521-WA0075.jpg","datePublished":"2018-12-10T18:38:59+00:00","breadcrumb":{"@id":"https:\/\/228news.tg\/index.php\/2018\/12\/10\/18eme-journee-internationale-du-volontariat-des-prix-dexcellence-pour-les-meilleurs-volontaires-de-lannee-a-atakpame-2\/#breadcrumb"},"inLanguage":"fr-FR","potentialAction":[{"@type":"ReadAction","target":["https:\/\/228news.tg\/index.php\/2018\/12\/10\/18eme-journee-internationale-du-volontariat-des-prix-dexcellence-pour-les-meilleurs-volontaires-de-lannee-a-atakpame-2\/"]}]},{"@type":"ImageObject","inLanguage":"fr-FR","@id":"https:\/\/228news.tg\/index.php\/2018\/12\/10\/18eme-journee-internationale-du-volontariat-des-prix-dexcellence-pour-les-meilleurs-volontaires-de-lannee-a-atakpame-2\/#primaryimage","url":"https:\/\/228news.tg\/wp-content\/uploads\/2024\/09\/IMG-20210521-WA0075.jpg","contentUrl":"https:\/\/228news.tg\/wp-content\/uploads\/2024\/09\/IMG-20210521-WA0075.jpg","width":744,"height":992},{"@type":"BreadcrumbList","@id":"https:\/\/228news.tg\/index.php\/2018\/12\/10\/18eme-journee-internationale-du-volontariat-des-prix-dexcellence-pour-les-meilleurs-volontaires-de-lannee-a-atakpame-2\/#breadcrumb","itemListElement":[{"@type":"ListItem","position":1,"name":"Home","item":"https:\/\/228news.tg\/"},{"@type":"ListItem","position":2,"name":"18\u00e8me journ\u00e9e internationale du volontariat: Des prix d&rsquo;excellence pour les meilleurs volontaires de l&rsquo;ann\u00e9e \u00e0 Atakpam\u00e9"}]},{"@type":"WebSite","@id":"https:\/\/228news.tg\/#website","url":"https:\/\/228news.tg\/","name":"228 News","description":"Soci\u00e9t\u00e9 de m\u00e9dias et d\u2019actualit\u00e9s","publisher":{"@id":"https:\/\/228news.tg\/#organization"},"potentialAction":[{"@type":"SearchAction","target":{"@type":"EntryPoint","urlTemplate":"https:\/\/228news.tg\/?s={search_term_string}"},"query-input":{"@type":"PropertyValueSpecification","valueRequired":true,"valueName":"search_term_string"}}],"inLanguage":"fr-FR"},{"@type":"Organization","@id":"https:\/\/228news.tg\/#organization","name":"228 News","url":"https:\/\/228news.tg\/","logo":{"@type":"ImageObject","inLanguage":"fr-FR","@id":"https:\/\/228news.tg\/#\/schema\/logo\/image\/","url":"https:\/\/228news.tg\/wp-content\/uploads\/2024\/09\/logonew.png","contentUrl":"https:\/\/228news.tg\/wp-content\/uploads\/2024\/09\/logonew.png","width":1640,"height":364,"caption":"228 News"},"image":{"@id":"https:\/\/228news.tg\/#\/schema\/logo\/image\/"}},{"@type":"Person","@id":"https:\/\/228news.tg\/#\/schema\/person\/68d5a6cc0230290e61235c8379523f52","name":"Bienvenu SAVI","image":{"@type":"ImageObject","inLanguage":"fr-FR","@id":"https:\/\/228news.tg\/#\/schema\/person\/image\/","url":"https:\/\/secure.gravatar.com\/avatar\/9db91895c559e510509c33a3e9683998458e9b828fac36d5d1aa23f0f2fd369b?s=96&d=mm&r=g","contentUrl":"https:\/\/secure.gravatar.com\/avatar\/9db91895c559e510509c33a3e9683998458e9b828fac36d5d1aa23f0f2fd369b?s=96&d=mm&r=g","caption":"Bienvenu SAVI"},"url":"https:\/\/228news.tg\/index.php\/author\/bienvenu\/"}]}},"jetpack_featured_media_url":"https:\/\/228news.tg\/wp-content\/uploads\/2024\/09\/IMG-20210521-WA0075.jpg","_links":{"self":[{"href":"https:\/\/228news.tg\/index.php\/wp-json\/wp\/v2\/posts\/14635","targetHints":{"allow":["GET"]}}],"collection":[{"href":"https:\/\/228news.tg\/index.php\/wp-json\/wp\/v2\/posts"}],"about":[{"href":"https:\/\/228news.tg\/index.php\/wp-json\/wp\/v2\/types\/post"}],"author":[{"embeddable":true,"href":"https:\/\/228news.tg\/index.php\/wp-json\/wp\/v2\/users\/2"}],"replies":[{"embeddable":true,"href":"https:\/\/228news.tg\/index.php\/wp-json\/wp\/v2\/comments?post=14635"}],"version-history":[{"count":0,"href":"https:\/\/228news.tg\/index.php\/wp-json\/wp\/v2\/posts\/14635\/revisions"}],"wp:featuredmedia":[{"embeddable":true,"href":"https:\/\/228news.tg\/index.php\/wp-json\/wp\/v2\/media\/3644"}],"wp:attachment":[{"href":"https:\/\/228news.tg\/index.php\/wp-json\/wp\/v2\/media?parent=14635"}],"wp:term":[{"taxonomy":"category","embeddable":true,"href":"https:\/\/228news.tg\/index.php\/wp-json\/wp\/v2\/categories?post=14635"},{"taxonomy":"post_tag","embeddable":true,"href":"https:\/\/228news.tg\/index.php\/wp-json\/wp\/v2\/tags?post=14635"}],"curies":[{"name":"wp","href":"https:\/\/api.w.org\/{rel}","templated":true}]}}