{"id":14623,"date":"2018-11-28T08:34:55","date_gmt":"2018-11-28T08:34:55","guid":{"rendered":"http:\/\/localhost\/site\/228news\/?p=3575"},"modified":"2018-11-28T08:34:55","modified_gmt":"2018-11-28T08:34:55","slug":"reconciliation-et-unite-nationale-le-hcrrun-a-entame-hier-la-2eme-etape-du-volet-indemnisation-du-programme-des-reparations-des-victimes-a-caractere-politiques-au-togo-2","status":"publish","type":"post","link":"https:\/\/228news.tg\/index.php\/2018\/11\/28\/reconciliation-et-unite-nationale-le-hcrrun-a-entame-hier-la-2eme-etape-du-volet-indemnisation-du-programme-des-reparations-des-victimes-a-caractere-politiques-au-togo-2\/","title":{"rendered":"R\u00e9conciliation et unit\u00e9 nationale: Le HCRRUN a entam\u00e9 hier la 2eme \u00e9tape du volet indemnisation du programme des r\u00e9parations des victimes \u00e0 caract\u00e8re politiques au Togo"},"content":{"rendered":"<p>(228NEWS\/ Lom\u00e9, le 28 novembre 2018)- Le Haut Commissariat \u00e0 la R\u00e9conciliation et au Renforcement de l&rsquo;Unit\u00e9 Nationale (HCRRUN) a entam\u00e9 ce mardi 27 novembre le volet indemnisation de la seconde \u00e9tape du programme de r\u00e9paration des victimes vuln\u00e9rables.<\/p>\n<p>Ces op\u00e9rations qui ont \u00e9t\u00e9 lanc\u00e9es par Mme Awa Nana\u00a0 Daboya, Pr\u00e9sidente du HCRRUN hier au si\u00e8ge de l&rsquo;institution constituent un nouveau pas vers la grande esp\u00e9rance du peuple togolais que son la r\u00e9conciliation et le renforcement de l&rsquo;unit\u00e9 nationale.<\/p>\n<p>Elles vont toucher 444 victimes vuln\u00e9rables des violences \u00e0 caract\u00e8re politique\u00a0 au Togo dont 123 de la p\u00e9riode de 1958-1989, 268 de 1990-2004 et le reste uniquement de l&rsquo;ann\u00e9e 2005.<\/p>\n<p>Pour la Pr\u00e9sidente du HCRRUN, les victimes b\u00e9n\u00e9ficieront non seulement d&rsquo;une prise en charge m\u00e9dicale et psychologique dont les frais seront enti\u00e8rement assur\u00e9s par le HCRRUN, mais \u00e9galement d&rsquo;une indemnit\u00e9 conform\u00e9ment au quantum fix\u00e9 par la CVJR.<\/p>\n<p>Elle a \u00e9galement rendu \u00e0 ces derni\u00e8res aux ressources limit\u00e9es un vibrant hommage et salu\u00e9 leur patience. Pour finir, elle a appel\u00e9 tous les Togolais a une v\u00e9ritable r\u00e9conciliation et unit\u00e9 nationale apr\u00e8s avoir remerci\u00e9 l&rsquo;Etat togolais de la mise \u00e0 disposition de l&rsquo;institution des moyens financiers afin de mener a bien la construction de d&rsquo;cet \u00e9difice de paix.<\/p>\n<p>Pour rappel, le HCRRUN d\u00e9marrait le 6 d\u00e9cembre 2017 la premi\u00e8re \u00e9tape de ce volet\u00a0 gr\u00e2ce \u00e0 la mise a disposition de 2 milliards FCFA du fonds sp\u00e9cial d&rsquo;indemnisation par le comit\u00e9 de gestion. Une partie de ce fonds a permis de toucher plus de 2510 victimes,ce dont l&rsquo;institution se r\u00e9jouit.<\/p>\n<p>Au titre de cette ann\u00e9e,5\u00a0 milliards suppl\u00e9mentaires ont \u00e9t\u00e9 inscrits sur le budget comme allocation substantielle dans le cadre de cette seconde \u00e9tape et dont 50% ont d\u00e9j\u00e0 \u00e9t\u00e9 debours\u00e9s, ouvrant la voie au d\u00e9marrage de la nouvelle \u00e9tape.<\/p>\n<p><strong>Democrate <\/strong><\/p>\n<p><em><strong>(00228) 91 85 40 14<\/strong><\/em><\/p>\n<p><em><strong>98 60 67 68<\/strong><\/em><\/p>\n<p><em><strong>democrate2010@gmail.com<\/strong><\/em><\/p>\n","protected":false},"excerpt":{"rendered":"<p>(228NEWS\/ Lom\u00e9, le 28 novembre 2018)- Le Haut Commissariat \u00e0 la R\u00e9conciliation et au Renforcement de l&rsquo;Unit\u00e9 Nationale (HCRRUN) a entam\u00e9 ce mardi 27 novembre le volet indemnisation de la seconde \u00e9tape du programme de r\u00e9paration des victimes vuln\u00e9rables. Ces op\u00e9rations qui ont \u00e9t\u00e9 lanc\u00e9es par Mme Awa Nana\u00a0 Daboya, Pr\u00e9sidente du HCRRUN hier au &#8230; <a title=\"R\u00e9conciliation et unit\u00e9 nationale: Le HCRRUN a entam\u00e9 hier la 2eme \u00e9tape du volet indemnisation du programme des r\u00e9parations des victimes \u00e0 caract\u00e8re politiques au Togo\" class=\"read-more\" href=\"https:\/\/228news.tg\/index.php\/2018\/11\/28\/reconciliation-et-unite-nationale-le-hcrrun-a-entame-hier-la-2eme-etape-du-volet-indemnisation-du-programme-des-reparations-des-victimes-a-caractere-politiques-au-togo-2\/\" aria-label=\"En savoir plus sur R\u00e9conciliation et unit\u00e9 nationale: Le HCRRUN a entam\u00e9 hier la 2eme \u00e9tape du volet indemnisation du programme des r\u00e9parations des victimes \u00e0 caract\u00e8re politiques au Togo\">Lire la suite<\/a><\/p>\n","protected":false},"author":2,"featured_media":3576,"comment_status":"open","ping_status":"open","sticky":false,"template":"","format":"chat","meta":{"footnotes":""},"categories":[35,29,25,34],"tags":[],"class_list":["post-14623","post","type-post","status-publish","format-chat","has-post-thumbnail","hentry","category-flash","category-societe","category-togo","category-une","post_format-post-format-chat"],"yoast_head":"<!-- This site is optimized with the Yoast SEO plugin v26.4 - https:\/\/yoast.com\/wordpress\/plugins\/seo\/ -->\n<title>R\u00e9conciliation et unit\u00e9 nationale: Le HCRRUN a entam\u00e9 hier la 2eme \u00e9tape du volet indemnisation du programme des r\u00e9parations des victimes \u00e0 caract\u00e8re politiques au Togo - 228 News<\/title>\n<meta name=\"robots\" content=\"index, follow, max-snippet:-1, max-image-preview:large, max-video-preview:-1\" \/>\n<link rel=\"canonical\" href=\"https:\/\/228news.tg\/index.php\/2018\/11\/28\/reconciliation-et-unite-nationale-le-hcrrun-a-entame-hier-la-2eme-etape-du-volet-indemnisation-du-programme-des-reparations-des-victimes-a-caractere-politiques-au-togo-2\/\" \/>\n<meta property=\"og:locale\" content=\"fr_FR\" \/>\n<meta property=\"og:type\" content=\"article\" \/>\n<meta property=\"og:title\" content=\"R\u00e9conciliation et unit\u00e9 nationale: Le HCRRUN a entam\u00e9 hier la 2eme \u00e9tape du volet indemnisation du programme des r\u00e9parations des victimes \u00e0 caract\u00e8re politiques au Togo - 228 News\" \/>\n<meta property=\"og:description\" content=\"(228NEWS\/ Lom\u00e9, le 28 novembre 2018)- Le Haut Commissariat \u00e0 la R\u00e9conciliation et au Renforcement de l&rsquo;Unit\u00e9 Nationale (HCRRUN) a entam\u00e9 ce mardi 27 novembre le volet indemnisation de la seconde \u00e9tape du programme de r\u00e9paration des victimes vuln\u00e9rables. Ces op\u00e9rations qui ont \u00e9t\u00e9 lanc\u00e9es par Mme Awa Nana\u00a0 Daboya, Pr\u00e9sidente du HCRRUN hier au ... Lire la suite\" \/>\n<meta property=\"og:url\" content=\"https:\/\/228news.tg\/index.php\/2018\/11\/28\/reconciliation-et-unite-nationale-le-hcrrun-a-entame-hier-la-2eme-etape-du-volet-indemnisation-du-programme-des-reparations-des-victimes-a-caractere-politiques-au-togo-2\/\" \/>\n<meta property=\"og:site_name\" content=\"228 News\" \/>\n<meta property=\"article:published_time\" content=\"2018-11-28T08:34:55+00:00\" \/>\n<meta name=\"author\" content=\"Bienvenu SAVI\" \/>\n<meta name=\"twitter:card\" content=\"summary_large_image\" \/>\n<meta name=\"twitter:label1\" content=\"\u00c9crit par\" \/>\n\t<meta name=\"twitter:data1\" content=\"Bienvenu SAVI\" \/>\n\t<meta name=\"twitter:label2\" content=\"Dur\u00e9e de lecture estim\u00e9e\" \/>\n\t<meta name=\"twitter:data2\" content=\"2 minutes\" \/>\n<script type=\"application\/ld+json\" class=\"yoast-schema-graph\">{\"@context\":\"https:\/\/schema.org\",\"@graph\":[{\"@type\":\"Article\",\"@id\":\"https:\/\/228news.tg\/index.php\/2018\/11\/28\/reconciliation-et-unite-nationale-le-hcrrun-a-entame-hier-la-2eme-etape-du-volet-indemnisation-du-programme-des-reparations-des-victimes-a-caractere-politiques-au-togo-2\/#article\",\"isPartOf\":{\"@id\":\"https:\/\/228news.tg\/index.php\/2018\/11\/28\/reconciliation-et-unite-nationale-le-hcrrun-a-entame-hier-la-2eme-etape-du-volet-indemnisation-du-programme-des-reparations-des-victimes-a-caractere-politiques-au-togo-2\/\"},\"author\":{\"name\":\"Bienvenu SAVI\",\"@id\":\"https:\/\/228news.tg\/#\/schema\/person\/68d5a6cc0230290e61235c8379523f52\"},\"headline\":\"R\u00e9conciliation et unit\u00e9 nationale: Le HCRRUN a entam\u00e9 hier la 2eme \u00e9tape du volet indemnisation du programme des r\u00e9parations des victimes \u00e0 caract\u00e8re politiques au Togo\",\"datePublished\":\"2018-11-28T08:34:55+00:00\",\"mainEntityOfPage\":{\"@id\":\"https:\/\/228news.tg\/index.php\/2018\/11\/28\/reconciliation-et-unite-nationale-le-hcrrun-a-entame-hier-la-2eme-etape-du-volet-indemnisation-du-programme-des-reparations-des-victimes-a-caractere-politiques-au-togo-2\/\"},\"wordCount\":359,\"commentCount\":0,\"publisher\":{\"@id\":\"https:\/\/228news.tg\/#organization\"},\"image\":{\"@id\":\"https:\/\/228news.tg\/index.php\/2018\/11\/28\/reconciliation-et-unite-nationale-le-hcrrun-a-entame-hier-la-2eme-etape-du-volet-indemnisation-du-programme-des-reparations-des-victimes-a-caractere-politiques-au-togo-2\/#primaryimage\"},\"thumbnailUrl\":\"https:\/\/228news.tg\/wp-content\/uploads\/2024\/09\/kodjo-adedze-1.jpg\",\"articleSection\":[\"Flash\",\"SOCIETE\",\"TOGO\",\"Une\"],\"inLanguage\":\"fr-FR\",\"potentialAction\":[{\"@type\":\"CommentAction\",\"name\":\"Comment\",\"target\":[\"https:\/\/228news.tg\/index.php\/2018\/11\/28\/reconciliation-et-unite-nationale-le-hcrrun-a-entame-hier-la-2eme-etape-du-volet-indemnisation-du-programme-des-reparations-des-victimes-a-caractere-politiques-au-togo-2\/#respond\"]}]},{\"@type\":\"WebPage\",\"@id\":\"https:\/\/228news.tg\/index.php\/2018\/11\/28\/reconciliation-et-unite-nationale-le-hcrrun-a-entame-hier-la-2eme-etape-du-volet-indemnisation-du-programme-des-reparations-des-victimes-a-caractere-politiques-au-togo-2\/\",\"url\":\"https:\/\/228news.tg\/index.php\/2018\/11\/28\/reconciliation-et-unite-nationale-le-hcrrun-a-entame-hier-la-2eme-etape-du-volet-indemnisation-du-programme-des-reparations-des-victimes-a-caractere-politiques-au-togo-2\/\",\"name\":\"R\u00e9conciliation et unit\u00e9 nationale: Le HCRRUN a entam\u00e9 hier la 2eme \u00e9tape du volet indemnisation du programme des r\u00e9parations des victimes \u00e0 caract\u00e8re politiques au Togo - 228 News\",\"isPartOf\":{\"@id\":\"https:\/\/228news.tg\/#website\"},\"primaryImageOfPage\":{\"@id\":\"https:\/\/228news.tg\/index.php\/2018\/11\/28\/reconciliation-et-unite-nationale-le-hcrrun-a-entame-hier-la-2eme-etape-du-volet-indemnisation-du-programme-des-reparations-des-victimes-a-caractere-politiques-au-togo-2\/#primaryimage\"},\"image\":{\"@id\":\"https:\/\/228news.tg\/index.php\/2018\/11\/28\/reconciliation-et-unite-nationale-le-hcrrun-a-entame-hier-la-2eme-etape-du-volet-indemnisation-du-programme-des-reparations-des-victimes-a-caractere-politiques-au-togo-2\/#primaryimage\"},\"thumbnailUrl\":\"https:\/\/228news.tg\/wp-content\/uploads\/2024\/09\/kodjo-adedze-1.jpg\",\"datePublished\":\"2018-11-28T08:34:55+00:00\",\"breadcrumb\":{\"@id\":\"https:\/\/228news.tg\/index.php\/2018\/11\/28\/reconciliation-et-unite-nationale-le-hcrrun-a-entame-hier-la-2eme-etape-du-volet-indemnisation-du-programme-des-reparations-des-victimes-a-caractere-politiques-au-togo-2\/#breadcrumb\"},\"inLanguage\":\"fr-FR\",\"potentialAction\":[{\"@type\":\"ReadAction\",\"target\":[\"https:\/\/228news.tg\/index.php\/2018\/11\/28\/reconciliation-et-unite-nationale-le-hcrrun-a-entame-hier-la-2eme-etape-du-volet-indemnisation-du-programme-des-reparations-des-victimes-a-caractere-politiques-au-togo-2\/\"]}]},{\"@type\":\"ImageObject\",\"inLanguage\":\"fr-FR\",\"@id\":\"https:\/\/228news.tg\/index.php\/2018\/11\/28\/reconciliation-et-unite-nationale-le-hcrrun-a-entame-hier-la-2eme-etape-du-volet-indemnisation-du-programme-des-reparations-des-victimes-a-caractere-politiques-au-togo-2\/#primaryimage\",\"url\":\"https:\/\/228news.tg\/wp-content\/uploads\/2024\/09\/kodjo-adedze-1.jpg\",\"contentUrl\":\"https:\/\/228news.tg\/wp-content\/uploads\/2024\/09\/kodjo-adedze-1.jpg\",\"width\":640,\"height\":427},{\"@type\":\"BreadcrumbList\",\"@id\":\"https:\/\/228news.tg\/index.php\/2018\/11\/28\/reconciliation-et-unite-nationale-le-hcrrun-a-entame-hier-la-2eme-etape-du-volet-indemnisation-du-programme-des-reparations-des-victimes-a-caractere-politiques-au-togo-2\/#breadcrumb\",\"itemListElement\":[{\"@type\":\"ListItem\",\"position\":1,\"name\":\"Home\",\"item\":\"https:\/\/228news.tg\/\"},{\"@type\":\"ListItem\",\"position\":2,\"name\":\"R\u00e9conciliation et unit\u00e9 nationale: Le HCRRUN a entam\u00e9 hier la 2eme \u00e9tape du volet indemnisation du programme des r\u00e9parations des victimes \u00e0 caract\u00e8re politiques au Togo\"}]},{\"@type\":\"WebSite\",\"@id\":\"https:\/\/228news.tg\/#website\",\"url\":\"https:\/\/228news.tg\/\",\"name\":\"228 News\",\"description\":\"Soci\u00e9t\u00e9 de m\u00e9dias et d\u2019actualit\u00e9s\",\"publisher\":{\"@id\":\"https:\/\/228news.tg\/#organization\"},\"potentialAction\":[{\"@type\":\"SearchAction\",\"target\":{\"@type\":\"EntryPoint\",\"urlTemplate\":\"https:\/\/228news.tg\/?s={search_term_string}\"},\"query-input\":{\"@type\":\"PropertyValueSpecification\",\"valueRequired\":true,\"valueName\":\"search_term_string\"}}],\"inLanguage\":\"fr-FR\"},{\"@type\":\"Organization\",\"@id\":\"https:\/\/228news.tg\/#organization\",\"name\":\"228 News\",\"url\":\"https:\/\/228news.tg\/\",\"logo\":{\"@type\":\"ImageObject\",\"inLanguage\":\"fr-FR\",\"@id\":\"https:\/\/228news.tg\/#\/schema\/logo\/image\/\",\"url\":\"https:\/\/228news.tg\/wp-content\/uploads\/2024\/09\/logonew.png\",\"contentUrl\":\"https:\/\/228news.tg\/wp-content\/uploads\/2024\/09\/logonew.png\",\"width\":1640,\"height\":364,\"caption\":\"228 News\"},\"image\":{\"@id\":\"https:\/\/228news.tg\/#\/schema\/logo\/image\/\"}},{\"@type\":\"Person\",\"@id\":\"https:\/\/228news.tg\/#\/schema\/person\/68d5a6cc0230290e61235c8379523f52\",\"name\":\"Bienvenu SAVI\",\"image\":{\"@type\":\"ImageObject\",\"inLanguage\":\"fr-FR\",\"@id\":\"https:\/\/228news.tg\/#\/schema\/person\/image\/\",\"url\":\"https:\/\/secure.gravatar.com\/avatar\/9db91895c559e510509c33a3e9683998458e9b828fac36d5d1aa23f0f2fd369b?s=96&d=mm&r=g\",\"contentUrl\":\"https:\/\/secure.gravatar.com\/avatar\/9db91895c559e510509c33a3e9683998458e9b828fac36d5d1aa23f0f2fd369b?s=96&d=mm&r=g\",\"caption\":\"Bienvenu SAVI\"},\"url\":\"https:\/\/228news.tg\/index.php\/author\/bienvenu\/\"}]}<\/script>\n<!-- \/ Yoast SEO plugin. -->","yoast_head_json":{"title":"R\u00e9conciliation et unit\u00e9 nationale: Le HCRRUN a entam\u00e9 hier la 2eme \u00e9tape du volet indemnisation du programme des r\u00e9parations des victimes \u00e0 caract\u00e8re politiques au Togo - 228 News","robots":{"index":"index","follow":"follow","max-snippet":"max-snippet:-1","max-image-preview":"max-image-preview:large","max-video-preview":"max-video-preview:-1"},"canonical":"https:\/\/228news.tg\/index.php\/2018\/11\/28\/reconciliation-et-unite-nationale-le-hcrrun-a-entame-hier-la-2eme-etape-du-volet-indemnisation-du-programme-des-reparations-des-victimes-a-caractere-politiques-au-togo-2\/","og_locale":"fr_FR","og_type":"article","og_title":"R\u00e9conciliation et unit\u00e9 nationale: Le HCRRUN a entam\u00e9 hier la 2eme \u00e9tape du volet indemnisation du programme des r\u00e9parations des victimes \u00e0 caract\u00e8re politiques au Togo - 228 News","og_description":"(228NEWS\/ Lom\u00e9, le 28 novembre 2018)- Le Haut Commissariat \u00e0 la R\u00e9conciliation et au Renforcement de l&rsquo;Unit\u00e9 Nationale (HCRRUN) a entam\u00e9 ce mardi 27 novembre le volet indemnisation de la seconde \u00e9tape du programme de r\u00e9paration des victimes vuln\u00e9rables. Ces op\u00e9rations qui ont \u00e9t\u00e9 lanc\u00e9es par Mme Awa Nana\u00a0 Daboya, Pr\u00e9sidente du HCRRUN hier au ... Lire la suite","og_url":"https:\/\/228news.tg\/index.php\/2018\/11\/28\/reconciliation-et-unite-nationale-le-hcrrun-a-entame-hier-la-2eme-etape-du-volet-indemnisation-du-programme-des-reparations-des-victimes-a-caractere-politiques-au-togo-2\/","og_site_name":"228 News","article_published_time":"2018-11-28T08:34:55+00:00","author":"Bienvenu SAVI","twitter_card":"summary_large_image","twitter_misc":{"\u00c9crit par":"Bienvenu SAVI","Dur\u00e9e de lecture estim\u00e9e":"2 minutes"},"schema":{"@context":"https:\/\/schema.org","@graph":[{"@type":"Article","@id":"https:\/\/228news.tg\/index.php\/2018\/11\/28\/reconciliation-et-unite-nationale-le-hcrrun-a-entame-hier-la-2eme-etape-du-volet-indemnisation-du-programme-des-reparations-des-victimes-a-caractere-politiques-au-togo-2\/#article","isPartOf":{"@id":"https:\/\/228news.tg\/index.php\/2018\/11\/28\/reconciliation-et-unite-nationale-le-hcrrun-a-entame-hier-la-2eme-etape-du-volet-indemnisation-du-programme-des-reparations-des-victimes-a-caractere-politiques-au-togo-2\/"},"author":{"name":"Bienvenu SAVI","@id":"https:\/\/228news.tg\/#\/schema\/person\/68d5a6cc0230290e61235c8379523f52"},"headline":"R\u00e9conciliation et unit\u00e9 nationale: Le HCRRUN a entam\u00e9 hier la 2eme \u00e9tape du volet indemnisation du programme des r\u00e9parations des victimes \u00e0 caract\u00e8re politiques au Togo","datePublished":"2018-11-28T08:34:55+00:00","mainEntityOfPage":{"@id":"https:\/\/228news.tg\/index.php\/2018\/11\/28\/reconciliation-et-unite-nationale-le-hcrrun-a-entame-hier-la-2eme-etape-du-volet-indemnisation-du-programme-des-reparations-des-victimes-a-caractere-politiques-au-togo-2\/"},"wordCount":359,"commentCount":0,"publisher":{"@id":"https:\/\/228news.tg\/#organization"},"image":{"@id":"https:\/\/228news.tg\/index.php\/2018\/11\/28\/reconciliation-et-unite-nationale-le-hcrrun-a-entame-hier-la-2eme-etape-du-volet-indemnisation-du-programme-des-reparations-des-victimes-a-caractere-politiques-au-togo-2\/#primaryimage"},"thumbnailUrl":"https:\/\/228news.tg\/wp-content\/uploads\/2024\/09\/kodjo-adedze-1.jpg","articleSection":["Flash","SOCIETE","TOGO","Une"],"inLanguage":"fr-FR","potentialAction":[{"@type":"CommentAction","name":"Comment","target":["https:\/\/228news.tg\/index.php\/2018\/11\/28\/reconciliation-et-unite-nationale-le-hcrrun-a-entame-hier-la-2eme-etape-du-volet-indemnisation-du-programme-des-reparations-des-victimes-a-caractere-politiques-au-togo-2\/#respond"]}]},{"@type":"WebPage","@id":"https:\/\/228news.tg\/index.php\/2018\/11\/28\/reconciliation-et-unite-nationale-le-hcrrun-a-entame-hier-la-2eme-etape-du-volet-indemnisation-du-programme-des-reparations-des-victimes-a-caractere-politiques-au-togo-2\/","url":"https:\/\/228news.tg\/index.php\/2018\/11\/28\/reconciliation-et-unite-nationale-le-hcrrun-a-entame-hier-la-2eme-etape-du-volet-indemnisation-du-programme-des-reparations-des-victimes-a-caractere-politiques-au-togo-2\/","name":"R\u00e9conciliation et unit\u00e9 nationale: Le HCRRUN a entam\u00e9 hier la 2eme \u00e9tape du volet indemnisation du programme des r\u00e9parations des victimes \u00e0 caract\u00e8re politiques au Togo - 228 News","isPartOf":{"@id":"https:\/\/228news.tg\/#website"},"primaryImageOfPage":{"@id":"https:\/\/228news.tg\/index.php\/2018\/11\/28\/reconciliation-et-unite-nationale-le-hcrrun-a-entame-hier-la-2eme-etape-du-volet-indemnisation-du-programme-des-reparations-des-victimes-a-caractere-politiques-au-togo-2\/#primaryimage"},"image":{"@id":"https:\/\/228news.tg\/index.php\/2018\/11\/28\/reconciliation-et-unite-nationale-le-hcrrun-a-entame-hier-la-2eme-etape-du-volet-indemnisation-du-programme-des-reparations-des-victimes-a-caractere-politiques-au-togo-2\/#primaryimage"},"thumbnailUrl":"https:\/\/228news.tg\/wp-content\/uploads\/2024\/09\/kodjo-adedze-1.jpg","datePublished":"2018-11-28T08:34:55+00:00","breadcrumb":{"@id":"https:\/\/228news.tg\/index.php\/2018\/11\/28\/reconciliation-et-unite-nationale-le-hcrrun-a-entame-hier-la-2eme-etape-du-volet-indemnisation-du-programme-des-reparations-des-victimes-a-caractere-politiques-au-togo-2\/#breadcrumb"},"inLanguage":"fr-FR","potentialAction":[{"@type":"ReadAction","target":["https:\/\/228news.tg\/index.php\/2018\/11\/28\/reconciliation-et-unite-nationale-le-hcrrun-a-entame-hier-la-2eme-etape-du-volet-indemnisation-du-programme-des-reparations-des-victimes-a-caractere-politiques-au-togo-2\/"]}]},{"@type":"ImageObject","inLanguage":"fr-FR","@id":"https:\/\/228news.tg\/index.php\/2018\/11\/28\/reconciliation-et-unite-nationale-le-hcrrun-a-entame-hier-la-2eme-etape-du-volet-indemnisation-du-programme-des-reparations-des-victimes-a-caractere-politiques-au-togo-2\/#primaryimage","url":"https:\/\/228news.tg\/wp-content\/uploads\/2024\/09\/kodjo-adedze-1.jpg","contentUrl":"https:\/\/228news.tg\/wp-content\/uploads\/2024\/09\/kodjo-adedze-1.jpg","width":640,"height":427},{"@type":"BreadcrumbList","@id":"https:\/\/228news.tg\/index.php\/2018\/11\/28\/reconciliation-et-unite-nationale-le-hcrrun-a-entame-hier-la-2eme-etape-du-volet-indemnisation-du-programme-des-reparations-des-victimes-a-caractere-politiques-au-togo-2\/#breadcrumb","itemListElement":[{"@type":"ListItem","position":1,"name":"Home","item":"https:\/\/228news.tg\/"},{"@type":"ListItem","position":2,"name":"R\u00e9conciliation et unit\u00e9 nationale: Le HCRRUN a entam\u00e9 hier la 2eme \u00e9tape du volet indemnisation du programme des r\u00e9parations des victimes \u00e0 caract\u00e8re politiques au Togo"}]},{"@type":"WebSite","@id":"https:\/\/228news.tg\/#website","url":"https:\/\/228news.tg\/","name":"228 News","description":"Soci\u00e9t\u00e9 de m\u00e9dias et d\u2019actualit\u00e9s","publisher":{"@id":"https:\/\/228news.tg\/#organization"},"potentialAction":[{"@type":"SearchAction","target":{"@type":"EntryPoint","urlTemplate":"https:\/\/228news.tg\/?s={search_term_string}"},"query-input":{"@type":"PropertyValueSpecification","valueRequired":true,"valueName":"search_term_string"}}],"inLanguage":"fr-FR"},{"@type":"Organization","@id":"https:\/\/228news.tg\/#organization","name":"228 News","url":"https:\/\/228news.tg\/","logo":{"@type":"ImageObject","inLanguage":"fr-FR","@id":"https:\/\/228news.tg\/#\/schema\/logo\/image\/","url":"https:\/\/228news.tg\/wp-content\/uploads\/2024\/09\/logonew.png","contentUrl":"https:\/\/228news.tg\/wp-content\/uploads\/2024\/09\/logonew.png","width":1640,"height":364,"caption":"228 News"},"image":{"@id":"https:\/\/228news.tg\/#\/schema\/logo\/image\/"}},{"@type":"Person","@id":"https:\/\/228news.tg\/#\/schema\/person\/68d5a6cc0230290e61235c8379523f52","name":"Bienvenu SAVI","image":{"@type":"ImageObject","inLanguage":"fr-FR","@id":"https:\/\/228news.tg\/#\/schema\/person\/image\/","url":"https:\/\/secure.gravatar.com\/avatar\/9db91895c559e510509c33a3e9683998458e9b828fac36d5d1aa23f0f2fd369b?s=96&d=mm&r=g","contentUrl":"https:\/\/secure.gravatar.com\/avatar\/9db91895c559e510509c33a3e9683998458e9b828fac36d5d1aa23f0f2fd369b?s=96&d=mm&r=g","caption":"Bienvenu SAVI"},"url":"https:\/\/228news.tg\/index.php\/author\/bienvenu\/"}]}},"jetpack_featured_media_url":"https:\/\/228news.tg\/wp-content\/uploads\/2024\/09\/kodjo-adedze-1.jpg","_links":{"self":[{"href":"https:\/\/228news.tg\/index.php\/wp-json\/wp\/v2\/posts\/14623","targetHints":{"allow":["GET"]}}],"collection":[{"href":"https:\/\/228news.tg\/index.php\/wp-json\/wp\/v2\/posts"}],"about":[{"href":"https:\/\/228news.tg\/index.php\/wp-json\/wp\/v2\/types\/post"}],"author":[{"embeddable":true,"href":"https:\/\/228news.tg\/index.php\/wp-json\/wp\/v2\/users\/2"}],"replies":[{"embeddable":true,"href":"https:\/\/228news.tg\/index.php\/wp-json\/wp\/v2\/comments?post=14623"}],"version-history":[{"count":0,"href":"https:\/\/228news.tg\/index.php\/wp-json\/wp\/v2\/posts\/14623\/revisions"}],"wp:featuredmedia":[{"embeddable":true,"href":"https:\/\/228news.tg\/index.php\/wp-json\/wp\/v2\/media\/3576"}],"wp:attachment":[{"href":"https:\/\/228news.tg\/index.php\/wp-json\/wp\/v2\/media?parent=14623"}],"wp:term":[{"taxonomy":"category","embeddable":true,"href":"https:\/\/228news.tg\/index.php\/wp-json\/wp\/v2\/categories?post=14623"},{"taxonomy":"post_tag","embeddable":true,"href":"https:\/\/228news.tg\/index.php\/wp-json\/wp\/v2\/tags?post=14623"}],"curies":[{"name":"wp","href":"https:\/\/api.w.org\/{rel}","templated":true}]}}