{"id":14622,"date":"2018-11-28T08:23:55","date_gmt":"2018-11-28T08:23:55","guid":{"rendered":"http:\/\/localhost\/site\/228news\/?p=3571"},"modified":"2018-11-28T08:23:55","modified_gmt":"2018-11-28T08:23:55","slug":"30eme-journee-mondiale-de-lutte-contre-le-sida-ce-1er-decembre-2018-togolais-connais-ton-statut-2","status":"publish","type":"post","link":"https:\/\/228news.tg\/index.php\/2018\/11\/28\/30eme-journee-mondiale-de-lutte-contre-le-sida-ce-1er-decembre-2018-togolais-connais-ton-statut-2\/","title":{"rendered":"30\u00e8me journ\u00e9e mondiale de lutte contre le SIDA ce 1er d\u00e9cembre 2018: Togolais, \u00ab\u00a0Connais ton statut\u00a0\u00bb!"},"content":{"rendered":"<p>(228NEWS\/ Lom\u00e9, le 28 d\u00e9cembre 2018)- Le\u00a0monde s&rsquo;appr\u00eate \u00e0 comm\u00e9morer la 30<sup>\u00e8me<\/sup> Journ\u00e9e de lutte contre le SIDA le 1er d\u00e9cembre prochain.<\/p>\n<p>Au Togo, l\u2019\u00e9v\u00e9nement sera marqu\u00e9 par une grande campagne \u00e0 Tohoun, dans la pr\u00e9fecture de Haho. L\u2019information a \u00e9t\u00e9 port\u00e9e \u00e0 la connaissance de la presse ce lundi 26 novembre 2018 par le Secr\u00e9tariat Permanent du Conseil National de lutte contre le SIDA (CNLS).<\/p>\n<p>Ax\u00e9e cette ann\u00e9e sur le th\u00e8me \u00ab\u00a0Connais ton statut\u00a0\u00bb, cette 30<sup>\u00e8me<\/sup> journ\u00e9e mondiale de lutte contre le SIDA entend mettre un accent particulier sur le d\u00e9pistage et veut cr\u00e9er une occasion de faire le point de ce qui est fait et de ce qui reste \u00e0 faire.<\/p>\n<p>A en croire le Repr\u00e9sentant r\u00e9sidant de l\u2019ONUSIDA au Togo, le Dr Christian Mouala, il s\u2019agit de trente (30) ann\u00e9es d\u2019activisme, de lutte, de pens\u00e9e pour ceux qui nous ont laiss\u00e9 \u00e0 cause de cette maladie. Il a salu\u00e9 la tendance qui est en train d\u2019\u00eatre invers\u00e9e, surtout au Togo o\u00f9 il y a plus de PVVIH sous traitement que les personnes ignorant leur statut.<\/p>\n<p>\u00ab\u00a0Aujourd\u2019hui on a le traitement de la maladie, il est donc important d\u2019avoir le statut avant de la combattre. N\u00e9gatif, il donne droit \u00e0 une panoplie de conseils qui aideront au quotidien. Positif, le traitement offre une qualit\u00e9 et une esp\u00e9rance de vie comparable, voire plus qu\u2019\u00e0 celles des personnes non atteintes de la maladie.\u00a0\u00bb, a-t-il confi\u00e9.<\/p>\n<p>Pour le Prof Vincent PITCHE, Secr\u00e9taire permanent du CNLS, le 1<sup>er<\/sup> d\u00e9cembre est une journ\u00e9e pieuse o\u00f9 l\u2019OMS demande \u00e0 tous les Etats et acteurs d\u2019avoir une pens\u00e9e envers les PVVIH et leur apporter un soutien permanent. Il a \u00e9galement exhort\u00e9 tous les acteurs impliqu\u00e9s dans la lutte \u00e0 \u0153uvrer de mani\u00e8re coercitive \u00e0 Tohoun afin de toucher davantage les populations de cette partie du Togo et de mobiliser les populations, les autorit\u00e9s administratives, et politiques.<\/p>\n<p>La campagne cette ann\u00e9e, a affirm\u00e9 le Coordonnateur Programme National de Lutte contre le SIDA (PNLS), le Prof Dagnra Anoumou, sera accentu\u00e9e dans la r\u00e9gion Lom\u00e9-commune, la r\u00e9gion maritime et dans les plateaux, zones concentrant plus de 75% des PVVIH du 03 au 07 d\u00e9cembre prochain.<\/p>\n<p>Dans ces zones, soixante et quinze (75) sites fixes seront concern\u00e9s par cette grande campagne et des sites mobiles notamment des caravanes, des cars seront \u00e9galement actifs, avec \u00e0 la cl\u00e9 pr\u00e8s de trente mille (30\u00a0000) personnes attendues pour des conseils-d\u00e9pistages, une distribution gratuite de 300\u00a0000 pr\u00e9servatifs masculins et 30\u00a0000 pr\u00e9servatifs f\u00e9minins.<\/p>\n<p>Le but, a-t-il conclu est d\u2019augmenter le nombre de d\u00e9pistage, d\u2019identifier dans la communaut\u00e9 les PVVIH et les mettre sous traitement. Nous avons pour se faire, mis en place d\u2019un m\u00e9canisme de suivi pour une rapide prise en charge sous ARV, reconnu actuellement comme un moyen sur de pr\u00e9vention et de contagion de la maladie.\u00a0\u00bb<\/p>\n<p>Une campagne num\u00e9rique et digitale sera aussi men\u00e9e avec le www.unaidschat.com. A travers cette plateforme, l&rsquo;ONSIDA aux c\u00f4t\u00e9s du CNLS mettra \u00e0 disposition des internautes des experts pour r\u00e9pondre \u00e0 toutes les questions et pr\u00e9occupations de ces derniers. Il y aura \u00e9galement dans le cadre de cette campagne un blog interactif sur lequel des partages d&rsquo;articles int\u00e9ressants et interactifs sur la probl\u00e9matique seront \u00e9ffectu\u00e9s.<\/p>\n<p>Ils sont au plus de trente et sept (37) millions dans le monde \u00e0 vivre actuellement avec le VIH. Les chiffres actuels mettent en relief pr\u00e8s de 30% de taux d\u2019infection, 40% de d\u00e9c\u00e8s et pr\u00e8s de 21,7 millions sous ARV, soit un taux de couverture de 60%.<\/p>\n<p>Au Togo, ils sont pr\u00e8s de cent cinq (105) mille PVVIH dont environ 24% ignorent leur statut s\u00e9rologique. Avec un taux de pr\u00e9valence de 2,1% en 2018, le CNLS entend informer et sensibiliser davantage sur l\u2019importance d\u2019aller chercher ces personnes, de les d\u00e9pister et de les accompagner avec les ARV \u00e0 l\u2019horizon 2020. Le vrai challenge dans la lutte demeure n\u00e9anmoins la vuln\u00e9rabilit\u00e9 de la femme par rapport aux hommes avec ses cons\u00e9quences.<\/p>\n<p>Pour sa part, la plateforme des OSC par la voix de son Pr\u00e9sident, Eug\u00e8ne kwami Novon, a rassur\u00e9 que la soci\u00e9t\u00e9 civile jouera sa partition dans la mobilisation sociale afin que les populations aient les informations n\u00e9cessaires avant de se d\u00e9placer sur les sites. Elle sera \u00e9galement pr\u00e9sente sur les sites pour le conseil-d\u00e9pistage, l\u2019accompagnement psychosocial, ainsi que le suivi psychosocial post-campagne.<\/p>\n<p><strong>D\u00e9mocrate<\/strong><\/p>\n<p><em>(00228) 91 85 40 14<\/em><\/p>\n<p><em>98 60 67 68<\/em><\/p>\n<p><em>democrate2010@gmail.com<\/em><\/p>\n","protected":false},"excerpt":{"rendered":"<p>(228NEWS\/ Lom\u00e9, le 28 d\u00e9cembre 2018)- Le\u00a0monde s&rsquo;appr\u00eate \u00e0 comm\u00e9morer la 30\u00e8me Journ\u00e9e de lutte contre le SIDA le 1er d\u00e9cembre prochain. Au Togo, l\u2019\u00e9v\u00e9nement sera marqu\u00e9 par une grande campagne \u00e0 Tohoun, dans la pr\u00e9fecture de Haho. L\u2019information a \u00e9t\u00e9 port\u00e9e \u00e0 la connaissance de la presse ce lundi 26 novembre 2018 par le &#8230; <a title=\"30\u00e8me journ\u00e9e mondiale de lutte contre le SIDA ce 1er d\u00e9cembre 2018: Togolais, \u00ab\u00a0Connais ton statut\u00a0\u00bb!\" class=\"read-more\" href=\"https:\/\/228news.tg\/index.php\/2018\/11\/28\/30eme-journee-mondiale-de-lutte-contre-le-sida-ce-1er-decembre-2018-togolais-connais-ton-statut-2\/\" aria-label=\"En savoir plus sur 30\u00e8me journ\u00e9e mondiale de lutte contre le SIDA ce 1er d\u00e9cembre 2018: Togolais, \u00ab\u00a0Connais ton statut\u00a0\u00bb!\">Lire la suite<\/a><\/p>\n","protected":false},"author":2,"featured_media":3572,"comment_status":"open","ping_status":"open","sticky":false,"template":"","format":"chat","meta":{"footnotes":""},"categories":[35,27,25,34],"tags":[],"class_list":["post-14622","post","type-post","status-publish","format-chat","has-post-thumbnail","hentry","category-flash","category-sante","category-togo","category-une","post_format-post-format-chat"],"yoast_head":"<!-- This site is optimized with the Yoast SEO plugin v26.4 - https:\/\/yoast.com\/wordpress\/plugins\/seo\/ -->\n<title>30\u00e8me journ\u00e9e mondiale de lutte contre le SIDA ce 1er d\u00e9cembre 2018: Togolais, &quot;Connais ton statut&quot;! - 228 News<\/title>\n<meta name=\"robots\" content=\"index, follow, max-snippet:-1, max-image-preview:large, max-video-preview:-1\" \/>\n<link rel=\"canonical\" href=\"https:\/\/228news.tg\/index.php\/2018\/11\/28\/30eme-journee-mondiale-de-lutte-contre-le-sida-ce-1er-decembre-2018-togolais-connais-ton-statut-2\/\" \/>\n<meta property=\"og:locale\" content=\"fr_FR\" \/>\n<meta property=\"og:type\" content=\"article\" \/>\n<meta property=\"og:title\" content=\"30\u00e8me journ\u00e9e mondiale de lutte contre le SIDA ce 1er d\u00e9cembre 2018: Togolais, &quot;Connais ton statut&quot;! - 228 News\" \/>\n<meta property=\"og:description\" content=\"(228NEWS\/ Lom\u00e9, le 28 d\u00e9cembre 2018)- Le\u00a0monde s&rsquo;appr\u00eate \u00e0 comm\u00e9morer la 30\u00e8me Journ\u00e9e de lutte contre le SIDA le 1er d\u00e9cembre prochain. Au Togo, l\u2019\u00e9v\u00e9nement sera marqu\u00e9 par une grande campagne \u00e0 Tohoun, dans la pr\u00e9fecture de Haho. L\u2019information a \u00e9t\u00e9 port\u00e9e \u00e0 la connaissance de la presse ce lundi 26 novembre 2018 par le ... Lire la suite\" \/>\n<meta property=\"og:url\" content=\"https:\/\/228news.tg\/index.php\/2018\/11\/28\/30eme-journee-mondiale-de-lutte-contre-le-sida-ce-1er-decembre-2018-togolais-connais-ton-statut-2\/\" \/>\n<meta property=\"og:site_name\" content=\"228 News\" \/>\n<meta property=\"article:published_time\" content=\"2018-11-28T08:23:55+00:00\" \/>\n<meta name=\"author\" content=\"Bienvenu SAVI\" \/>\n<meta name=\"twitter:card\" content=\"summary_large_image\" \/>\n<meta name=\"twitter:label1\" content=\"\u00c9crit par\" \/>\n\t<meta name=\"twitter:data1\" content=\"Bienvenu SAVI\" \/>\n\t<meta name=\"twitter:label2\" content=\"Dur\u00e9e de lecture estim\u00e9e\" \/>\n\t<meta name=\"twitter:data2\" content=\"4 minutes\" \/>\n<script type=\"application\/ld+json\" class=\"yoast-schema-graph\">{\"@context\":\"https:\/\/schema.org\",\"@graph\":[{\"@type\":\"Article\",\"@id\":\"https:\/\/228news.tg\/index.php\/2018\/11\/28\/30eme-journee-mondiale-de-lutte-contre-le-sida-ce-1er-decembre-2018-togolais-connais-ton-statut-2\/#article\",\"isPartOf\":{\"@id\":\"https:\/\/228news.tg\/index.php\/2018\/11\/28\/30eme-journee-mondiale-de-lutte-contre-le-sida-ce-1er-decembre-2018-togolais-connais-ton-statut-2\/\"},\"author\":{\"name\":\"Bienvenu SAVI\",\"@id\":\"https:\/\/228news.tg\/#\/schema\/person\/68d5a6cc0230290e61235c8379523f52\"},\"headline\":\"30\u00e8me journ\u00e9e mondiale de lutte contre le SIDA ce 1er d\u00e9cembre 2018: Togolais, \u00ab\u00a0Connais ton statut\u00a0\u00bb!\",\"datePublished\":\"2018-11-28T08:23:55+00:00\",\"mainEntityOfPage\":{\"@id\":\"https:\/\/228news.tg\/index.php\/2018\/11\/28\/30eme-journee-mondiale-de-lutte-contre-le-sida-ce-1er-decembre-2018-togolais-connais-ton-statut-2\/\"},\"wordCount\":793,\"commentCount\":0,\"publisher\":{\"@id\":\"https:\/\/228news.tg\/#organization\"},\"image\":{\"@id\":\"https:\/\/228news.tg\/index.php\/2018\/11\/28\/30eme-journee-mondiale-de-lutte-contre-le-sida-ce-1er-decembre-2018-togolais-connais-ton-statut-2\/#primaryimage\"},\"thumbnailUrl\":\"https:\/\/228news.tg\/wp-content\/uploads\/2024\/09\/kodjo-adedze.jpg\",\"articleSection\":[\"Flash\",\"Sant\u00e9\",\"TOGO\",\"Une\"],\"inLanguage\":\"fr-FR\",\"potentialAction\":[{\"@type\":\"CommentAction\",\"name\":\"Comment\",\"target\":[\"https:\/\/228news.tg\/index.php\/2018\/11\/28\/30eme-journee-mondiale-de-lutte-contre-le-sida-ce-1er-decembre-2018-togolais-connais-ton-statut-2\/#respond\"]}]},{\"@type\":\"WebPage\",\"@id\":\"https:\/\/228news.tg\/index.php\/2018\/11\/28\/30eme-journee-mondiale-de-lutte-contre-le-sida-ce-1er-decembre-2018-togolais-connais-ton-statut-2\/\",\"url\":\"https:\/\/228news.tg\/index.php\/2018\/11\/28\/30eme-journee-mondiale-de-lutte-contre-le-sida-ce-1er-decembre-2018-togolais-connais-ton-statut-2\/\",\"name\":\"30\u00e8me journ\u00e9e mondiale de lutte contre le SIDA ce 1er d\u00e9cembre 2018: Togolais, \\\"Connais ton statut\\\"! - 228 News\",\"isPartOf\":{\"@id\":\"https:\/\/228news.tg\/#website\"},\"primaryImageOfPage\":{\"@id\":\"https:\/\/228news.tg\/index.php\/2018\/11\/28\/30eme-journee-mondiale-de-lutte-contre-le-sida-ce-1er-decembre-2018-togolais-connais-ton-statut-2\/#primaryimage\"},\"image\":{\"@id\":\"https:\/\/228news.tg\/index.php\/2018\/11\/28\/30eme-journee-mondiale-de-lutte-contre-le-sida-ce-1er-decembre-2018-togolais-connais-ton-statut-2\/#primaryimage\"},\"thumbnailUrl\":\"https:\/\/228news.tg\/wp-content\/uploads\/2024\/09\/kodjo-adedze.jpg\",\"datePublished\":\"2018-11-28T08:23:55+00:00\",\"breadcrumb\":{\"@id\":\"https:\/\/228news.tg\/index.php\/2018\/11\/28\/30eme-journee-mondiale-de-lutte-contre-le-sida-ce-1er-decembre-2018-togolais-connais-ton-statut-2\/#breadcrumb\"},\"inLanguage\":\"fr-FR\",\"potentialAction\":[{\"@type\":\"ReadAction\",\"target\":[\"https:\/\/228news.tg\/index.php\/2018\/11\/28\/30eme-journee-mondiale-de-lutte-contre-le-sida-ce-1er-decembre-2018-togolais-connais-ton-statut-2\/\"]}]},{\"@type\":\"ImageObject\",\"inLanguage\":\"fr-FR\",\"@id\":\"https:\/\/228news.tg\/index.php\/2018\/11\/28\/30eme-journee-mondiale-de-lutte-contre-le-sida-ce-1er-decembre-2018-togolais-connais-ton-statut-2\/#primaryimage\",\"url\":\"https:\/\/228news.tg\/wp-content\/uploads\/2024\/09\/kodjo-adedze.jpg\",\"contentUrl\":\"https:\/\/228news.tg\/wp-content\/uploads\/2024\/09\/kodjo-adedze.jpg\",\"width\":640,\"height\":427},{\"@type\":\"BreadcrumbList\",\"@id\":\"https:\/\/228news.tg\/index.php\/2018\/11\/28\/30eme-journee-mondiale-de-lutte-contre-le-sida-ce-1er-decembre-2018-togolais-connais-ton-statut-2\/#breadcrumb\",\"itemListElement\":[{\"@type\":\"ListItem\",\"position\":1,\"name\":\"Home\",\"item\":\"https:\/\/228news.tg\/\"},{\"@type\":\"ListItem\",\"position\":2,\"name\":\"30\u00e8me journ\u00e9e mondiale de lutte contre le SIDA ce 1er d\u00e9cembre 2018: Togolais, \u00ab\u00a0Connais ton statut\u00a0\u00bb!\"}]},{\"@type\":\"WebSite\",\"@id\":\"https:\/\/228news.tg\/#website\",\"url\":\"https:\/\/228news.tg\/\",\"name\":\"228 News\",\"description\":\"Soci\u00e9t\u00e9 de m\u00e9dias et d\u2019actualit\u00e9s\",\"publisher\":{\"@id\":\"https:\/\/228news.tg\/#organization\"},\"potentialAction\":[{\"@type\":\"SearchAction\",\"target\":{\"@type\":\"EntryPoint\",\"urlTemplate\":\"https:\/\/228news.tg\/?s={search_term_string}\"},\"query-input\":{\"@type\":\"PropertyValueSpecification\",\"valueRequired\":true,\"valueName\":\"search_term_string\"}}],\"inLanguage\":\"fr-FR\"},{\"@type\":\"Organization\",\"@id\":\"https:\/\/228news.tg\/#organization\",\"name\":\"228 News\",\"url\":\"https:\/\/228news.tg\/\",\"logo\":{\"@type\":\"ImageObject\",\"inLanguage\":\"fr-FR\",\"@id\":\"https:\/\/228news.tg\/#\/schema\/logo\/image\/\",\"url\":\"https:\/\/228news.tg\/wp-content\/uploads\/2024\/09\/logonew.png\",\"contentUrl\":\"https:\/\/228news.tg\/wp-content\/uploads\/2024\/09\/logonew.png\",\"width\":1640,\"height\":364,\"caption\":\"228 News\"},\"image\":{\"@id\":\"https:\/\/228news.tg\/#\/schema\/logo\/image\/\"}},{\"@type\":\"Person\",\"@id\":\"https:\/\/228news.tg\/#\/schema\/person\/68d5a6cc0230290e61235c8379523f52\",\"name\":\"Bienvenu SAVI\",\"image\":{\"@type\":\"ImageObject\",\"inLanguage\":\"fr-FR\",\"@id\":\"https:\/\/228news.tg\/#\/schema\/person\/image\/\",\"url\":\"https:\/\/secure.gravatar.com\/avatar\/9db91895c559e510509c33a3e9683998458e9b828fac36d5d1aa23f0f2fd369b?s=96&d=mm&r=g\",\"contentUrl\":\"https:\/\/secure.gravatar.com\/avatar\/9db91895c559e510509c33a3e9683998458e9b828fac36d5d1aa23f0f2fd369b?s=96&d=mm&r=g\",\"caption\":\"Bienvenu SAVI\"},\"url\":\"https:\/\/228news.tg\/index.php\/author\/bienvenu\/\"}]}<\/script>\n<!-- \/ Yoast SEO plugin. -->","yoast_head_json":{"title":"30\u00e8me journ\u00e9e mondiale de lutte contre le SIDA ce 1er d\u00e9cembre 2018: Togolais, \"Connais ton statut\"! - 228 News","robots":{"index":"index","follow":"follow","max-snippet":"max-snippet:-1","max-image-preview":"max-image-preview:large","max-video-preview":"max-video-preview:-1"},"canonical":"https:\/\/228news.tg\/index.php\/2018\/11\/28\/30eme-journee-mondiale-de-lutte-contre-le-sida-ce-1er-decembre-2018-togolais-connais-ton-statut-2\/","og_locale":"fr_FR","og_type":"article","og_title":"30\u00e8me journ\u00e9e mondiale de lutte contre le SIDA ce 1er d\u00e9cembre 2018: Togolais, \"Connais ton statut\"! - 228 News","og_description":"(228NEWS\/ Lom\u00e9, le 28 d\u00e9cembre 2018)- Le\u00a0monde s&rsquo;appr\u00eate \u00e0 comm\u00e9morer la 30\u00e8me Journ\u00e9e de lutte contre le SIDA le 1er d\u00e9cembre prochain. Au Togo, l\u2019\u00e9v\u00e9nement sera marqu\u00e9 par une grande campagne \u00e0 Tohoun, dans la pr\u00e9fecture de Haho. L\u2019information a \u00e9t\u00e9 port\u00e9e \u00e0 la connaissance de la presse ce lundi 26 novembre 2018 par le ... Lire la suite","og_url":"https:\/\/228news.tg\/index.php\/2018\/11\/28\/30eme-journee-mondiale-de-lutte-contre-le-sida-ce-1er-decembre-2018-togolais-connais-ton-statut-2\/","og_site_name":"228 News","article_published_time":"2018-11-28T08:23:55+00:00","author":"Bienvenu SAVI","twitter_card":"summary_large_image","twitter_misc":{"\u00c9crit par":"Bienvenu SAVI","Dur\u00e9e de lecture estim\u00e9e":"4 minutes"},"schema":{"@context":"https:\/\/schema.org","@graph":[{"@type":"Article","@id":"https:\/\/228news.tg\/index.php\/2018\/11\/28\/30eme-journee-mondiale-de-lutte-contre-le-sida-ce-1er-decembre-2018-togolais-connais-ton-statut-2\/#article","isPartOf":{"@id":"https:\/\/228news.tg\/index.php\/2018\/11\/28\/30eme-journee-mondiale-de-lutte-contre-le-sida-ce-1er-decembre-2018-togolais-connais-ton-statut-2\/"},"author":{"name":"Bienvenu SAVI","@id":"https:\/\/228news.tg\/#\/schema\/person\/68d5a6cc0230290e61235c8379523f52"},"headline":"30\u00e8me journ\u00e9e mondiale de lutte contre le SIDA ce 1er d\u00e9cembre 2018: Togolais, \u00ab\u00a0Connais ton statut\u00a0\u00bb!","datePublished":"2018-11-28T08:23:55+00:00","mainEntityOfPage":{"@id":"https:\/\/228news.tg\/index.php\/2018\/11\/28\/30eme-journee-mondiale-de-lutte-contre-le-sida-ce-1er-decembre-2018-togolais-connais-ton-statut-2\/"},"wordCount":793,"commentCount":0,"publisher":{"@id":"https:\/\/228news.tg\/#organization"},"image":{"@id":"https:\/\/228news.tg\/index.php\/2018\/11\/28\/30eme-journee-mondiale-de-lutte-contre-le-sida-ce-1er-decembre-2018-togolais-connais-ton-statut-2\/#primaryimage"},"thumbnailUrl":"https:\/\/228news.tg\/wp-content\/uploads\/2024\/09\/kodjo-adedze.jpg","articleSection":["Flash","Sant\u00e9","TOGO","Une"],"inLanguage":"fr-FR","potentialAction":[{"@type":"CommentAction","name":"Comment","target":["https:\/\/228news.tg\/index.php\/2018\/11\/28\/30eme-journee-mondiale-de-lutte-contre-le-sida-ce-1er-decembre-2018-togolais-connais-ton-statut-2\/#respond"]}]},{"@type":"WebPage","@id":"https:\/\/228news.tg\/index.php\/2018\/11\/28\/30eme-journee-mondiale-de-lutte-contre-le-sida-ce-1er-decembre-2018-togolais-connais-ton-statut-2\/","url":"https:\/\/228news.tg\/index.php\/2018\/11\/28\/30eme-journee-mondiale-de-lutte-contre-le-sida-ce-1er-decembre-2018-togolais-connais-ton-statut-2\/","name":"30\u00e8me journ\u00e9e mondiale de lutte contre le SIDA ce 1er d\u00e9cembre 2018: Togolais, \"Connais ton statut\"! - 228 News","isPartOf":{"@id":"https:\/\/228news.tg\/#website"},"primaryImageOfPage":{"@id":"https:\/\/228news.tg\/index.php\/2018\/11\/28\/30eme-journee-mondiale-de-lutte-contre-le-sida-ce-1er-decembre-2018-togolais-connais-ton-statut-2\/#primaryimage"},"image":{"@id":"https:\/\/228news.tg\/index.php\/2018\/11\/28\/30eme-journee-mondiale-de-lutte-contre-le-sida-ce-1er-decembre-2018-togolais-connais-ton-statut-2\/#primaryimage"},"thumbnailUrl":"https:\/\/228news.tg\/wp-content\/uploads\/2024\/09\/kodjo-adedze.jpg","datePublished":"2018-11-28T08:23:55+00:00","breadcrumb":{"@id":"https:\/\/228news.tg\/index.php\/2018\/11\/28\/30eme-journee-mondiale-de-lutte-contre-le-sida-ce-1er-decembre-2018-togolais-connais-ton-statut-2\/#breadcrumb"},"inLanguage":"fr-FR","potentialAction":[{"@type":"ReadAction","target":["https:\/\/228news.tg\/index.php\/2018\/11\/28\/30eme-journee-mondiale-de-lutte-contre-le-sida-ce-1er-decembre-2018-togolais-connais-ton-statut-2\/"]}]},{"@type":"ImageObject","inLanguage":"fr-FR","@id":"https:\/\/228news.tg\/index.php\/2018\/11\/28\/30eme-journee-mondiale-de-lutte-contre-le-sida-ce-1er-decembre-2018-togolais-connais-ton-statut-2\/#primaryimage","url":"https:\/\/228news.tg\/wp-content\/uploads\/2024\/09\/kodjo-adedze.jpg","contentUrl":"https:\/\/228news.tg\/wp-content\/uploads\/2024\/09\/kodjo-adedze.jpg","width":640,"height":427},{"@type":"BreadcrumbList","@id":"https:\/\/228news.tg\/index.php\/2018\/11\/28\/30eme-journee-mondiale-de-lutte-contre-le-sida-ce-1er-decembre-2018-togolais-connais-ton-statut-2\/#breadcrumb","itemListElement":[{"@type":"ListItem","position":1,"name":"Home","item":"https:\/\/228news.tg\/"},{"@type":"ListItem","position":2,"name":"30\u00e8me journ\u00e9e mondiale de lutte contre le SIDA ce 1er d\u00e9cembre 2018: Togolais, \u00ab\u00a0Connais ton statut\u00a0\u00bb!"}]},{"@type":"WebSite","@id":"https:\/\/228news.tg\/#website","url":"https:\/\/228news.tg\/","name":"228 News","description":"Soci\u00e9t\u00e9 de m\u00e9dias et d\u2019actualit\u00e9s","publisher":{"@id":"https:\/\/228news.tg\/#organization"},"potentialAction":[{"@type":"SearchAction","target":{"@type":"EntryPoint","urlTemplate":"https:\/\/228news.tg\/?s={search_term_string}"},"query-input":{"@type":"PropertyValueSpecification","valueRequired":true,"valueName":"search_term_string"}}],"inLanguage":"fr-FR"},{"@type":"Organization","@id":"https:\/\/228news.tg\/#organization","name":"228 News","url":"https:\/\/228news.tg\/","logo":{"@type":"ImageObject","inLanguage":"fr-FR","@id":"https:\/\/228news.tg\/#\/schema\/logo\/image\/","url":"https:\/\/228news.tg\/wp-content\/uploads\/2024\/09\/logonew.png","contentUrl":"https:\/\/228news.tg\/wp-content\/uploads\/2024\/09\/logonew.png","width":1640,"height":364,"caption":"228 News"},"image":{"@id":"https:\/\/228news.tg\/#\/schema\/logo\/image\/"}},{"@type":"Person","@id":"https:\/\/228news.tg\/#\/schema\/person\/68d5a6cc0230290e61235c8379523f52","name":"Bienvenu SAVI","image":{"@type":"ImageObject","inLanguage":"fr-FR","@id":"https:\/\/228news.tg\/#\/schema\/person\/image\/","url":"https:\/\/secure.gravatar.com\/avatar\/9db91895c559e510509c33a3e9683998458e9b828fac36d5d1aa23f0f2fd369b?s=96&d=mm&r=g","contentUrl":"https:\/\/secure.gravatar.com\/avatar\/9db91895c559e510509c33a3e9683998458e9b828fac36d5d1aa23f0f2fd369b?s=96&d=mm&r=g","caption":"Bienvenu SAVI"},"url":"https:\/\/228news.tg\/index.php\/author\/bienvenu\/"}]}},"jetpack_featured_media_url":"https:\/\/228news.tg\/wp-content\/uploads\/2024\/09\/kodjo-adedze.jpg","_links":{"self":[{"href":"https:\/\/228news.tg\/index.php\/wp-json\/wp\/v2\/posts\/14622","targetHints":{"allow":["GET"]}}],"collection":[{"href":"https:\/\/228news.tg\/index.php\/wp-json\/wp\/v2\/posts"}],"about":[{"href":"https:\/\/228news.tg\/index.php\/wp-json\/wp\/v2\/types\/post"}],"author":[{"embeddable":true,"href":"https:\/\/228news.tg\/index.php\/wp-json\/wp\/v2\/users\/2"}],"replies":[{"embeddable":true,"href":"https:\/\/228news.tg\/index.php\/wp-json\/wp\/v2\/comments?post=14622"}],"version-history":[{"count":0,"href":"https:\/\/228news.tg\/index.php\/wp-json\/wp\/v2\/posts\/14622\/revisions"}],"wp:featuredmedia":[{"embeddable":true,"href":"https:\/\/228news.tg\/index.php\/wp-json\/wp\/v2\/media\/3572"}],"wp:attachment":[{"href":"https:\/\/228news.tg\/index.php\/wp-json\/wp\/v2\/media?parent=14622"}],"wp:term":[{"taxonomy":"category","embeddable":true,"href":"https:\/\/228news.tg\/index.php\/wp-json\/wp\/v2\/categories?post=14622"},{"taxonomy":"post_tag","embeddable":true,"href":"https:\/\/228news.tg\/index.php\/wp-json\/wp\/v2\/tags?post=14622"}],"curies":[{"name":"wp","href":"https:\/\/api.w.org\/{rel}","templated":true}]}}