{"id":14595,"date":"2018-11-06T10:28:39","date_gmt":"2018-11-06T10:28:39","guid":{"rendered":"http:\/\/localhost\/site\/228news\/?p=3449"},"modified":"2018-11-06T10:28:39","modified_gmt":"2018-11-06T10:28:39","slug":"eliminatoires-can-togo-algerie-ces-23-convoques-par-claude-leroy-ouro-akoriko-sadate-retrouve-la-selection-le-paradoxe-adebayor-2","status":"publish","type":"post","link":"https:\/\/228news.tg\/index.php\/2018\/11\/06\/eliminatoires-can-togo-algerie-ces-23-convoques-par-claude-leroy-ouro-akoriko-sadate-retrouve-la-selection-le-paradoxe-adebayor-2\/","title":{"rendered":"Eliminatoires CAN\/ Togo- Alg\u00e9rie ces 23 convoqu\u00e9s par Claude Leroy: Ouro Akoriko Sadate retrouve la s\u00e9lection, le paradoxe Ad\u00e9bayor"},"content":{"rendered":"<p>(228NEWS\/ Lom\u00e9, le 06 novembre 2018)- Le samedi dernier, le s\u00e9lectionneur des Eperviers du Togo, Claude marie Leroy a rendu public la liste de 23 joueurs convoqu\u00e9s pour affronter les Fennecs d\u2019Alg\u00e9rie le 18 novembre prochain \u00e0 Lom\u00e9, dans le cadre de l\u2019avant derni\u00e8re journ\u00e9e des \u00e9liminatoires pour la CAN Cameroun 2019.<\/p>\n<p>L\u2019\u00e9v\u00e9nement majeur de cette liste est le retour en s\u00e9lection nationale de Ouro Akoriko Sadate qui \u00e9volue actuellement \u00e0 Amazulu fc en Afrique du Sud. Le rugueux et exp\u00e9riment\u00e9 d\u00e9fenseur des jaunes, apr\u00e8s sa remise de son souci au genou vient ainsi pallier aux absences de Dj\u00e9n\u00e9 Dakonam et Ouro Sama Hakim. Il sera accompagn\u00e9 en d\u00e9fense par Wilson Akakpo\u00a0 qui officie du c\u00f4t\u00e9 de l\u2019Al Ittihad en Egypte.<\/p>\n<p>L\u2019autre \u00e9v\u00e9nement de cette liste est le paradoxe Ad\u00e9bayor. Apr\u00e8s son refus de disputer les deux derni\u00e8res rencontres de la s\u00e9lection nationale au motif que la pelouse du stade municipal de Lom\u00e9 lui causerait des soucis au genou, l\u2019on ne comprend pas actuellement ce volte-face du capitaine des Eperviers qui vient d\u2019\u00eatre de nouveau convoqu\u00e9 par le sorcier blanc. Un constat est s\u00fbr, depuis quelques ann\u00e9es, le Togo joue mieux sans Sh\u00e9yi qui quand il est l\u00e0, braque tout le monde, accapare tout et va jusqu\u2019\u00e0 tirer les hors-jeu ou effectu\u00e9 des remises en touche.<\/p>\n<p><strong><em>D\u00e9mocrate<\/em><\/strong><\/p>\n<p>Voici la liste compl\u00e8te des 23 joueurs convoqu\u00e9s par Claude Leroy pour cette rencontre<\/p>\n<p><strong><u>Gardiens: <\/u><\/strong><\/p>\n<p>Bassa Djeri Sabirou (Coton Sport-Cameroun),<\/p>\n<p>Barkola Malcolm (OL-France),<\/p>\n<p>Soumanou Fadil (Us Koroki-Togo)<\/p>\n<p><strong><u>D\u00e9fenseurs<\/u><\/strong>:<\/p>\n<p>Atchou Franco (Fremad-Darnemark),<\/p>\n<p>Gbegnon Simon (B\u00e9ziers-France),<\/p>\n<p>Kouloun Maklib\u00e8 (Dyto-Togo),<\/p>\n<p>Lawson Steve (Livingstone-Ecosse),<\/p>\n<p>Ouro-Akoriko Sadate (Amazulu fc-Afrique du Sud),<\/p>\n<p>Wilson Akakpo (Al Ittihad-Egypte),<\/p>\n<p>James Oloufade (union de Douala\/Cameroun)<\/p>\n<p><strong><u>Milieux<\/u><\/strong>:<\/p>\n<p>Akoro Bilal (As OTR),<\/p>\n<p>Atakora Lalaw\u00e9l\u00e9 (FK Qabala-Azerbaidjan),<\/p>\n<p>Ayit\u00e9 Floyd (Fulham-Angleterre),<\/p>\n<p>Boukari Razak (Ch\u00e2teauroux-France),<\/p>\n<p>Ihlas Bebou (Hanovre 96-Allemagne),<\/p>\n<p>Dossevi Mathieu (Toulouse FC-France)<\/p>\n<p><strong><u>Attaquants<\/u><\/strong>:<\/p>\n<p>Adebayor Emmanuel (Basaksehir-Turquie),<\/p>\n<p>Bodzroma Jean (Us Koroki-Togo),<\/p>\n<p>Denkey Kevin (N\u00eemes-France),<\/p>\n<p>Laba Fodo (RS Berkane-Maroc),<\/p>\n<p>Mlapa Peniel (VVV Venlo-Pays Bas),<\/p>\n<p>Sunu Gilles (BB Urzurumspor-Turquie),<\/p>\n<p>Koudagba Kossi (Asck-Togo)<\/p>\n<p>&nbsp;<\/p>\n","protected":false},"excerpt":{"rendered":"<p>(228NEWS\/ Lom\u00e9, le 06 novembre 2018)- Le samedi dernier, le s\u00e9lectionneur des Eperviers du Togo, Claude marie Leroy a rendu public la liste de 23 joueurs convoqu\u00e9s pour affronter les Fennecs d\u2019Alg\u00e9rie le 18 novembre prochain \u00e0 Lom\u00e9, dans le cadre de l\u2019avant derni\u00e8re journ\u00e9e des \u00e9liminatoires pour la CAN Cameroun 2019. L\u2019\u00e9v\u00e9nement majeur de &#8230; <a title=\"Eliminatoires CAN\/ Togo- Alg\u00e9rie ces 23 convoqu\u00e9s par Claude Leroy: Ouro Akoriko Sadate retrouve la s\u00e9lection, le paradoxe Ad\u00e9bayor\" class=\"read-more\" href=\"https:\/\/228news.tg\/index.php\/2018\/11\/06\/eliminatoires-can-togo-algerie-ces-23-convoques-par-claude-leroy-ouro-akoriko-sadate-retrouve-la-selection-le-paradoxe-adebayor-2\/\" aria-label=\"En savoir plus sur Eliminatoires CAN\/ Togo- Alg\u00e9rie ces 23 convoqu\u00e9s par Claude Leroy: Ouro Akoriko Sadate retrouve la s\u00e9lection, le paradoxe Ad\u00e9bayor\">Lire la suite<\/a><\/p>\n","protected":false},"author":2,"featured_media":3450,"comment_status":"open","ping_status":"open","sticky":false,"template":"","format":"chat","meta":{"footnotes":""},"categories":[35,24,25,34],"tags":[],"class_list":["post-14595","post","type-post","status-publish","format-chat","has-post-thumbnail","hentry","category-flash","category-sports","category-togo","category-une","post_format-post-format-chat"],"yoast_head":"<!-- This site is optimized with the Yoast SEO plugin v26.4 - https:\/\/yoast.com\/wordpress\/plugins\/seo\/ -->\n<title>Eliminatoires CAN\/ Togo- Alg\u00e9rie ces 23 convoqu\u00e9s par Claude Leroy: Ouro Akoriko Sadate retrouve la s\u00e9lection, le paradoxe Ad\u00e9bayor - 228 News<\/title>\n<meta name=\"robots\" content=\"index, follow, max-snippet:-1, max-image-preview:large, max-video-preview:-1\" \/>\n<link rel=\"canonical\" href=\"https:\/\/228news.tg\/index.php\/2018\/11\/06\/eliminatoires-can-togo-algerie-ces-23-convoques-par-claude-leroy-ouro-akoriko-sadate-retrouve-la-selection-le-paradoxe-adebayor-2\/\" \/>\n<meta property=\"og:locale\" content=\"fr_FR\" \/>\n<meta property=\"og:type\" content=\"article\" \/>\n<meta property=\"og:title\" content=\"Eliminatoires CAN\/ Togo- Alg\u00e9rie ces 23 convoqu\u00e9s par Claude Leroy: Ouro Akoriko Sadate retrouve la s\u00e9lection, le paradoxe Ad\u00e9bayor - 228 News\" \/>\n<meta property=\"og:description\" content=\"(228NEWS\/ Lom\u00e9, le 06 novembre 2018)- Le samedi dernier, le s\u00e9lectionneur des Eperviers du Togo, Claude marie Leroy a rendu public la liste de 23 joueurs convoqu\u00e9s pour affronter les Fennecs d\u2019Alg\u00e9rie le 18 novembre prochain \u00e0 Lom\u00e9, dans le cadre de l\u2019avant derni\u00e8re journ\u00e9e des \u00e9liminatoires pour la CAN Cameroun 2019. L\u2019\u00e9v\u00e9nement majeur de ... Lire la suite\" \/>\n<meta property=\"og:url\" content=\"https:\/\/228news.tg\/index.php\/2018\/11\/06\/eliminatoires-can-togo-algerie-ces-23-convoques-par-claude-leroy-ouro-akoriko-sadate-retrouve-la-selection-le-paradoxe-adebayor-2\/\" \/>\n<meta property=\"og:site_name\" content=\"228 News\" \/>\n<meta property=\"article:published_time\" content=\"2018-11-06T10:28:39+00:00\" \/>\n<meta name=\"author\" content=\"Bienvenu SAVI\" \/>\n<meta name=\"twitter:card\" content=\"summary_large_image\" \/>\n<meta name=\"twitter:label1\" content=\"\u00c9crit par\" \/>\n\t<meta name=\"twitter:data1\" content=\"Bienvenu SAVI\" \/>\n\t<meta name=\"twitter:label2\" content=\"Dur\u00e9e de lecture estim\u00e9e\" \/>\n\t<meta name=\"twitter:data2\" content=\"2 minutes\" \/>\n<script type=\"application\/ld+json\" class=\"yoast-schema-graph\">{\"@context\":\"https:\/\/schema.org\",\"@graph\":[{\"@type\":\"Article\",\"@id\":\"https:\/\/228news.tg\/index.php\/2018\/11\/06\/eliminatoires-can-togo-algerie-ces-23-convoques-par-claude-leroy-ouro-akoriko-sadate-retrouve-la-selection-le-paradoxe-adebayor-2\/#article\",\"isPartOf\":{\"@id\":\"https:\/\/228news.tg\/index.php\/2018\/11\/06\/eliminatoires-can-togo-algerie-ces-23-convoques-par-claude-leroy-ouro-akoriko-sadate-retrouve-la-selection-le-paradoxe-adebayor-2\/\"},\"author\":{\"name\":\"Bienvenu SAVI\",\"@id\":\"https:\/\/228news.tg\/#\/schema\/person\/68d5a6cc0230290e61235c8379523f52\"},\"headline\":\"Eliminatoires CAN\/ Togo- Alg\u00e9rie ces 23 convoqu\u00e9s par Claude Leroy: Ouro Akoriko Sadate retrouve la s\u00e9lection, le paradoxe Ad\u00e9bayor\",\"datePublished\":\"2018-11-06T10:28:39+00:00\",\"mainEntityOfPage\":{\"@id\":\"https:\/\/228news.tg\/index.php\/2018\/11\/06\/eliminatoires-can-togo-algerie-ces-23-convoques-par-claude-leroy-ouro-akoriko-sadate-retrouve-la-selection-le-paradoxe-adebayor-2\/\"},\"wordCount\":375,\"commentCount\":0,\"publisher\":{\"@id\":\"https:\/\/228news.tg\/#organization\"},\"image\":{\"@id\":\"https:\/\/228news.tg\/index.php\/2018\/11\/06\/eliminatoires-can-togo-algerie-ces-23-convoques-par-claude-leroy-ouro-akoriko-sadate-retrouve-la-selection-le-paradoxe-adebayor-2\/#primaryimage\"},\"thumbnailUrl\":\"\",\"articleSection\":[\"Flash\",\"SPORTS\",\"TOGO\",\"Une\"],\"inLanguage\":\"fr-FR\",\"potentialAction\":[{\"@type\":\"CommentAction\",\"name\":\"Comment\",\"target\":[\"https:\/\/228news.tg\/index.php\/2018\/11\/06\/eliminatoires-can-togo-algerie-ces-23-convoques-par-claude-leroy-ouro-akoriko-sadate-retrouve-la-selection-le-paradoxe-adebayor-2\/#respond\"]}]},{\"@type\":\"WebPage\",\"@id\":\"https:\/\/228news.tg\/index.php\/2018\/11\/06\/eliminatoires-can-togo-algerie-ces-23-convoques-par-claude-leroy-ouro-akoriko-sadate-retrouve-la-selection-le-paradoxe-adebayor-2\/\",\"url\":\"https:\/\/228news.tg\/index.php\/2018\/11\/06\/eliminatoires-can-togo-algerie-ces-23-convoques-par-claude-leroy-ouro-akoriko-sadate-retrouve-la-selection-le-paradoxe-adebayor-2\/\",\"name\":\"Eliminatoires CAN\/ Togo- Alg\u00e9rie ces 23 convoqu\u00e9s par Claude Leroy: Ouro Akoriko Sadate retrouve la s\u00e9lection, le paradoxe Ad\u00e9bayor - 228 News\",\"isPartOf\":{\"@id\":\"https:\/\/228news.tg\/#website\"},\"primaryImageOfPage\":{\"@id\":\"https:\/\/228news.tg\/index.php\/2018\/11\/06\/eliminatoires-can-togo-algerie-ces-23-convoques-par-claude-leroy-ouro-akoriko-sadate-retrouve-la-selection-le-paradoxe-adebayor-2\/#primaryimage\"},\"image\":{\"@id\":\"https:\/\/228news.tg\/index.php\/2018\/11\/06\/eliminatoires-can-togo-algerie-ces-23-convoques-par-claude-leroy-ouro-akoriko-sadate-retrouve-la-selection-le-paradoxe-adebayor-2\/#primaryimage\"},\"thumbnailUrl\":\"\",\"datePublished\":\"2018-11-06T10:28:39+00:00\",\"breadcrumb\":{\"@id\":\"https:\/\/228news.tg\/index.php\/2018\/11\/06\/eliminatoires-can-togo-algerie-ces-23-convoques-par-claude-leroy-ouro-akoriko-sadate-retrouve-la-selection-le-paradoxe-adebayor-2\/#breadcrumb\"},\"inLanguage\":\"fr-FR\",\"potentialAction\":[{\"@type\":\"ReadAction\",\"target\":[\"https:\/\/228news.tg\/index.php\/2018\/11\/06\/eliminatoires-can-togo-algerie-ces-23-convoques-par-claude-leroy-ouro-akoriko-sadate-retrouve-la-selection-le-paradoxe-adebayor-2\/\"]}]},{\"@type\":\"ImageObject\",\"inLanguage\":\"fr-FR\",\"@id\":\"https:\/\/228news.tg\/index.php\/2018\/11\/06\/eliminatoires-can-togo-algerie-ces-23-convoques-par-claude-leroy-ouro-akoriko-sadate-retrouve-la-selection-le-paradoxe-adebayor-2\/#primaryimage\",\"url\":\"\",\"contentUrl\":\"\"},{\"@type\":\"BreadcrumbList\",\"@id\":\"https:\/\/228news.tg\/index.php\/2018\/11\/06\/eliminatoires-can-togo-algerie-ces-23-convoques-par-claude-leroy-ouro-akoriko-sadate-retrouve-la-selection-le-paradoxe-adebayor-2\/#breadcrumb\",\"itemListElement\":[{\"@type\":\"ListItem\",\"position\":1,\"name\":\"Home\",\"item\":\"https:\/\/228news.tg\/\"},{\"@type\":\"ListItem\",\"position\":2,\"name\":\"Eliminatoires CAN\/ Togo- Alg\u00e9rie ces 23 convoqu\u00e9s par Claude Leroy: Ouro Akoriko Sadate retrouve la s\u00e9lection, le paradoxe Ad\u00e9bayor\"}]},{\"@type\":\"WebSite\",\"@id\":\"https:\/\/228news.tg\/#website\",\"url\":\"https:\/\/228news.tg\/\",\"name\":\"228 News\",\"description\":\"Soci\u00e9t\u00e9 de m\u00e9dias et d\u2019actualit\u00e9s\",\"publisher\":{\"@id\":\"https:\/\/228news.tg\/#organization\"},\"potentialAction\":[{\"@type\":\"SearchAction\",\"target\":{\"@type\":\"EntryPoint\",\"urlTemplate\":\"https:\/\/228news.tg\/?s={search_term_string}\"},\"query-input\":{\"@type\":\"PropertyValueSpecification\",\"valueRequired\":true,\"valueName\":\"search_term_string\"}}],\"inLanguage\":\"fr-FR\"},{\"@type\":\"Organization\",\"@id\":\"https:\/\/228news.tg\/#organization\",\"name\":\"228 News\",\"url\":\"https:\/\/228news.tg\/\",\"logo\":{\"@type\":\"ImageObject\",\"inLanguage\":\"fr-FR\",\"@id\":\"https:\/\/228news.tg\/#\/schema\/logo\/image\/\",\"url\":\"https:\/\/228news.tg\/wp-content\/uploads\/2024\/09\/logonew.png\",\"contentUrl\":\"https:\/\/228news.tg\/wp-content\/uploads\/2024\/09\/logonew.png\",\"width\":1640,\"height\":364,\"caption\":\"228 News\"},\"image\":{\"@id\":\"https:\/\/228news.tg\/#\/schema\/logo\/image\/\"}},{\"@type\":\"Person\",\"@id\":\"https:\/\/228news.tg\/#\/schema\/person\/68d5a6cc0230290e61235c8379523f52\",\"name\":\"Bienvenu SAVI\",\"image\":{\"@type\":\"ImageObject\",\"inLanguage\":\"fr-FR\",\"@id\":\"https:\/\/228news.tg\/#\/schema\/person\/image\/\",\"url\":\"https:\/\/secure.gravatar.com\/avatar\/9db91895c559e510509c33a3e9683998458e9b828fac36d5d1aa23f0f2fd369b?s=96&d=mm&r=g\",\"contentUrl\":\"https:\/\/secure.gravatar.com\/avatar\/9db91895c559e510509c33a3e9683998458e9b828fac36d5d1aa23f0f2fd369b?s=96&d=mm&r=g\",\"caption\":\"Bienvenu SAVI\"},\"url\":\"https:\/\/228news.tg\/index.php\/author\/bienvenu\/\"}]}<\/script>\n<!-- \/ Yoast SEO plugin. -->","yoast_head_json":{"title":"Eliminatoires CAN\/ Togo- Alg\u00e9rie ces 23 convoqu\u00e9s par Claude Leroy: Ouro Akoriko Sadate retrouve la s\u00e9lection, le paradoxe Ad\u00e9bayor - 228 News","robots":{"index":"index","follow":"follow","max-snippet":"max-snippet:-1","max-image-preview":"max-image-preview:large","max-video-preview":"max-video-preview:-1"},"canonical":"https:\/\/228news.tg\/index.php\/2018\/11\/06\/eliminatoires-can-togo-algerie-ces-23-convoques-par-claude-leroy-ouro-akoriko-sadate-retrouve-la-selection-le-paradoxe-adebayor-2\/","og_locale":"fr_FR","og_type":"article","og_title":"Eliminatoires CAN\/ Togo- Alg\u00e9rie ces 23 convoqu\u00e9s par Claude Leroy: Ouro Akoriko Sadate retrouve la s\u00e9lection, le paradoxe Ad\u00e9bayor - 228 News","og_description":"(228NEWS\/ Lom\u00e9, le 06 novembre 2018)- Le samedi dernier, le s\u00e9lectionneur des Eperviers du Togo, Claude marie Leroy a rendu public la liste de 23 joueurs convoqu\u00e9s pour affronter les Fennecs d\u2019Alg\u00e9rie le 18 novembre prochain \u00e0 Lom\u00e9, dans le cadre de l\u2019avant derni\u00e8re journ\u00e9e des \u00e9liminatoires pour la CAN Cameroun 2019. L\u2019\u00e9v\u00e9nement majeur de ... Lire la suite","og_url":"https:\/\/228news.tg\/index.php\/2018\/11\/06\/eliminatoires-can-togo-algerie-ces-23-convoques-par-claude-leroy-ouro-akoriko-sadate-retrouve-la-selection-le-paradoxe-adebayor-2\/","og_site_name":"228 News","article_published_time":"2018-11-06T10:28:39+00:00","author":"Bienvenu SAVI","twitter_card":"summary_large_image","twitter_misc":{"\u00c9crit par":"Bienvenu SAVI","Dur\u00e9e de lecture estim\u00e9e":"2 minutes"},"schema":{"@context":"https:\/\/schema.org","@graph":[{"@type":"Article","@id":"https:\/\/228news.tg\/index.php\/2018\/11\/06\/eliminatoires-can-togo-algerie-ces-23-convoques-par-claude-leroy-ouro-akoriko-sadate-retrouve-la-selection-le-paradoxe-adebayor-2\/#article","isPartOf":{"@id":"https:\/\/228news.tg\/index.php\/2018\/11\/06\/eliminatoires-can-togo-algerie-ces-23-convoques-par-claude-leroy-ouro-akoriko-sadate-retrouve-la-selection-le-paradoxe-adebayor-2\/"},"author":{"name":"Bienvenu SAVI","@id":"https:\/\/228news.tg\/#\/schema\/person\/68d5a6cc0230290e61235c8379523f52"},"headline":"Eliminatoires CAN\/ Togo- Alg\u00e9rie ces 23 convoqu\u00e9s par Claude Leroy: Ouro Akoriko Sadate retrouve la s\u00e9lection, le paradoxe Ad\u00e9bayor","datePublished":"2018-11-06T10:28:39+00:00","mainEntityOfPage":{"@id":"https:\/\/228news.tg\/index.php\/2018\/11\/06\/eliminatoires-can-togo-algerie-ces-23-convoques-par-claude-leroy-ouro-akoriko-sadate-retrouve-la-selection-le-paradoxe-adebayor-2\/"},"wordCount":375,"commentCount":0,"publisher":{"@id":"https:\/\/228news.tg\/#organization"},"image":{"@id":"https:\/\/228news.tg\/index.php\/2018\/11\/06\/eliminatoires-can-togo-algerie-ces-23-convoques-par-claude-leroy-ouro-akoriko-sadate-retrouve-la-selection-le-paradoxe-adebayor-2\/#primaryimage"},"thumbnailUrl":"","articleSection":["Flash","SPORTS","TOGO","Une"],"inLanguage":"fr-FR","potentialAction":[{"@type":"CommentAction","name":"Comment","target":["https:\/\/228news.tg\/index.php\/2018\/11\/06\/eliminatoires-can-togo-algerie-ces-23-convoques-par-claude-leroy-ouro-akoriko-sadate-retrouve-la-selection-le-paradoxe-adebayor-2\/#respond"]}]},{"@type":"WebPage","@id":"https:\/\/228news.tg\/index.php\/2018\/11\/06\/eliminatoires-can-togo-algerie-ces-23-convoques-par-claude-leroy-ouro-akoriko-sadate-retrouve-la-selection-le-paradoxe-adebayor-2\/","url":"https:\/\/228news.tg\/index.php\/2018\/11\/06\/eliminatoires-can-togo-algerie-ces-23-convoques-par-claude-leroy-ouro-akoriko-sadate-retrouve-la-selection-le-paradoxe-adebayor-2\/","name":"Eliminatoires CAN\/ Togo- Alg\u00e9rie ces 23 convoqu\u00e9s par Claude Leroy: Ouro Akoriko Sadate retrouve la s\u00e9lection, le paradoxe Ad\u00e9bayor - 228 News","isPartOf":{"@id":"https:\/\/228news.tg\/#website"},"primaryImageOfPage":{"@id":"https:\/\/228news.tg\/index.php\/2018\/11\/06\/eliminatoires-can-togo-algerie-ces-23-convoques-par-claude-leroy-ouro-akoriko-sadate-retrouve-la-selection-le-paradoxe-adebayor-2\/#primaryimage"},"image":{"@id":"https:\/\/228news.tg\/index.php\/2018\/11\/06\/eliminatoires-can-togo-algerie-ces-23-convoques-par-claude-leroy-ouro-akoriko-sadate-retrouve-la-selection-le-paradoxe-adebayor-2\/#primaryimage"},"thumbnailUrl":"","datePublished":"2018-11-06T10:28:39+00:00","breadcrumb":{"@id":"https:\/\/228news.tg\/index.php\/2018\/11\/06\/eliminatoires-can-togo-algerie-ces-23-convoques-par-claude-leroy-ouro-akoriko-sadate-retrouve-la-selection-le-paradoxe-adebayor-2\/#breadcrumb"},"inLanguage":"fr-FR","potentialAction":[{"@type":"ReadAction","target":["https:\/\/228news.tg\/index.php\/2018\/11\/06\/eliminatoires-can-togo-algerie-ces-23-convoques-par-claude-leroy-ouro-akoriko-sadate-retrouve-la-selection-le-paradoxe-adebayor-2\/"]}]},{"@type":"ImageObject","inLanguage":"fr-FR","@id":"https:\/\/228news.tg\/index.php\/2018\/11\/06\/eliminatoires-can-togo-algerie-ces-23-convoques-par-claude-leroy-ouro-akoriko-sadate-retrouve-la-selection-le-paradoxe-adebayor-2\/#primaryimage","url":"","contentUrl":""},{"@type":"BreadcrumbList","@id":"https:\/\/228news.tg\/index.php\/2018\/11\/06\/eliminatoires-can-togo-algerie-ces-23-convoques-par-claude-leroy-ouro-akoriko-sadate-retrouve-la-selection-le-paradoxe-adebayor-2\/#breadcrumb","itemListElement":[{"@type":"ListItem","position":1,"name":"Home","item":"https:\/\/228news.tg\/"},{"@type":"ListItem","position":2,"name":"Eliminatoires CAN\/ Togo- Alg\u00e9rie ces 23 convoqu\u00e9s par Claude Leroy: Ouro Akoriko Sadate retrouve la s\u00e9lection, le paradoxe Ad\u00e9bayor"}]},{"@type":"WebSite","@id":"https:\/\/228news.tg\/#website","url":"https:\/\/228news.tg\/","name":"228 News","description":"Soci\u00e9t\u00e9 de m\u00e9dias et d\u2019actualit\u00e9s","publisher":{"@id":"https:\/\/228news.tg\/#organization"},"potentialAction":[{"@type":"SearchAction","target":{"@type":"EntryPoint","urlTemplate":"https:\/\/228news.tg\/?s={search_term_string}"},"query-input":{"@type":"PropertyValueSpecification","valueRequired":true,"valueName":"search_term_string"}}],"inLanguage":"fr-FR"},{"@type":"Organization","@id":"https:\/\/228news.tg\/#organization","name":"228 News","url":"https:\/\/228news.tg\/","logo":{"@type":"ImageObject","inLanguage":"fr-FR","@id":"https:\/\/228news.tg\/#\/schema\/logo\/image\/","url":"https:\/\/228news.tg\/wp-content\/uploads\/2024\/09\/logonew.png","contentUrl":"https:\/\/228news.tg\/wp-content\/uploads\/2024\/09\/logonew.png","width":1640,"height":364,"caption":"228 News"},"image":{"@id":"https:\/\/228news.tg\/#\/schema\/logo\/image\/"}},{"@type":"Person","@id":"https:\/\/228news.tg\/#\/schema\/person\/68d5a6cc0230290e61235c8379523f52","name":"Bienvenu SAVI","image":{"@type":"ImageObject","inLanguage":"fr-FR","@id":"https:\/\/228news.tg\/#\/schema\/person\/image\/","url":"https:\/\/secure.gravatar.com\/avatar\/9db91895c559e510509c33a3e9683998458e9b828fac36d5d1aa23f0f2fd369b?s=96&d=mm&r=g","contentUrl":"https:\/\/secure.gravatar.com\/avatar\/9db91895c559e510509c33a3e9683998458e9b828fac36d5d1aa23f0f2fd369b?s=96&d=mm&r=g","caption":"Bienvenu SAVI"},"url":"https:\/\/228news.tg\/index.php\/author\/bienvenu\/"}]}},"jetpack_featured_media_url":"","_links":{"self":[{"href":"https:\/\/228news.tg\/index.php\/wp-json\/wp\/v2\/posts\/14595","targetHints":{"allow":["GET"]}}],"collection":[{"href":"https:\/\/228news.tg\/index.php\/wp-json\/wp\/v2\/posts"}],"about":[{"href":"https:\/\/228news.tg\/index.php\/wp-json\/wp\/v2\/types\/post"}],"author":[{"embeddable":true,"href":"https:\/\/228news.tg\/index.php\/wp-json\/wp\/v2\/users\/2"}],"replies":[{"embeddable":true,"href":"https:\/\/228news.tg\/index.php\/wp-json\/wp\/v2\/comments?post=14595"}],"version-history":[{"count":0,"href":"https:\/\/228news.tg\/index.php\/wp-json\/wp\/v2\/posts\/14595\/revisions"}],"wp:featuredmedia":[{"embeddable":true,"href":"https:\/\/228news.tg\/index.php\/wp-json\/wp\/v2\/posts\/3450"}],"wp:attachment":[{"href":"https:\/\/228news.tg\/index.php\/wp-json\/wp\/v2\/media?parent=14595"}],"wp:term":[{"taxonomy":"category","embeddable":true,"href":"https:\/\/228news.tg\/index.php\/wp-json\/wp\/v2\/categories?post=14595"},{"taxonomy":"post_tag","embeddable":true,"href":"https:\/\/228news.tg\/index.php\/wp-json\/wp\/v2\/tags?post=14595"}],"curies":[{"name":"wp","href":"https:\/\/api.w.org\/{rel}","templated":true}]}}