{"id":14594,"date":"2018-11-06T08:16:20","date_gmt":"2018-11-06T08:16:20","guid":{"rendered":"http:\/\/localhost\/site\/228news\/?p=3444"},"modified":"2018-11-06T08:16:20","modified_gmt":"2018-11-06T08:16:20","slug":"long-sante-integree-recrute-un-gestionnaire-et-analyste-des-donnees-2","status":"publish","type":"post","link":"https:\/\/228news.tg\/index.php\/2018\/11\/06\/long-sante-integree-recrute-un-gestionnaire-et-analyste-des-donnees-2\/","title":{"rendered":"L&rsquo;ONG Sant\u00e9 Int\u00e9gr\u00e9e recrute un Gestionnaire et Analyste des Donn\u00e9es"},"content":{"rendered":"<p>(228NEWS\/ Lom\u00e9, le 06 novembre 2018)- L\u2019ONG Sant\u00e9 Int\u00e9gr\u00e9e (SI) sauve des vies dans les communaut\u00e9s les plus n\u00e9glig\u00e9es du monde en int\u00e9grant des agents professionnels des centres de sant\u00e9 publics aux agents de sant\u00e9 communautaires (ASC) form\u00e9s pour am\u00e9liorer l\u2019acc\u00e8s et la qualit\u00e9 des soins aux populations. Cette puissante combinaison transforme les centres de sant\u00e9s du secteur public les moins performantes en centres de sant\u00e9 d&rsquo;excellence qui sauvent des milliers de vies. L\u2019ONG SI dessert actuellement 80 000 personnes dans neuf centres de sant\u00e9 \u00e0 travers le nord du Togo. Les donn\u00e9es pr\u00e9liminaires des sites pilotes de l&rsquo;ONG SI r\u00e9v\u00e8lent une r\u00e9duction de 50% de la mortalit\u00e9 infantile sur trois ans dans les communaut\u00e9s o\u00f9 SI travaille. S&rsquo;appuyant sur ce succ\u00e8s, SI est en expansion pour servir 120 000 personnes de plus, au cours des trois prochaines ann\u00e9es. Ce faisant, l\u2019organisation travaille avec le Minist\u00e8re de la Sant\u00e9 et de la Protection Sociale (MSPS) du Togo pour \u00e9tendre le mod\u00e8le \u00e0 l&rsquo;\u00e9chelle nationale. En fin de compte, l\u2019organisation vise \u00e0 assurer une couverture sanitaire universelle pour huit millions de Togolais tout en faisant progresser les soins de sant\u00e9 primaires en Afrique subsaharienne.<\/p>\n<p>En appui \u00e0 cet objectif, l\u2019ONG SI a con\u00e7u un protocole de recherche-action pour guider son programme d&rsquo;am\u00e9lioration de la qualit\u00e9 des services de sant\u00e9. Ce cadre est fond\u00e9 sur la science de la mise en oeuvre, qui se d\u00e9finit comme l&rsquo;\u00e9tude des m\u00e9thodes pour promouvoir l&rsquo;int\u00e9gration des r\u00e9sultats de recherche et des preuves dans la politique nationale et dans les pratiques de sant\u00e9. La science de la mise en oeuvre est au coeur de nos objectifs, \u00e9tudiant le pourquoi et le comment du fonctionnement des interventions (ou de leur non fonctionnement) dans un environnement r\u00e9el \u00e0 acc\u00e9l\u00e9rer l&rsquo;apprentissage et la diffusion des r\u00e9sultats afin d&rsquo;atteindre tous ceux qui ont besoin de services de sant\u00e9 plus efficaces et de fa\u00e7on plus effective. SI consid\u00e8re la science de la mise en oeuvre comme une approche importante pour \u00e9valuer l&rsquo;impact tout en poursuivant les efforts pour am\u00e9liorer les soins aux patients. S\u2019\u00e9tant assign\u00e9e cette fa\u00e7on de faire, la recherche en cours de SI, la mesure de la performance de routine et les efforts d&rsquo;am\u00e9lioration de la qualit\u00e9 ont trois objectifs principaux:<\/p>\n<p>\u2022 Assurer la prestation de soins de sant\u00e9 de haute qualit\u00e9 pour les communaut\u00e9s desservies,<\/p>\n<p>\u2022 Renseigner les efforts pour am\u00e9liorer la prestation des soins de sant\u00e9 dans l&rsquo;ensemble du Togo, et<\/p>\n<p>\u2022 Contribuer aux connaissances mondiales et aux efforts pour atteindre une couverture sanitaire universelle de haute qualit\u00e9.<\/p>\n<p>&nbsp;<\/p>\n<p>DESCRIPTION D\u2019EMPLOI:<\/p>\n<p>&nbsp;<\/p>\n<p>Avec cette grande augmentation des b\u00e9n\u00e9ficiaires du programme, l\u2019administration de l\u2019ONG SI est en train d\u2019\u00e9largir son \u00e9quipe pour bien appuyer les pr\u00e9fectures b\u00e9n\u00e9ficiaires du programme. C\u2019est pourquoi nous recherchons des personnes humbles, organis\u00e9es, passionn\u00e9es pour le travail et auto-dict\u00e2tes, notamment un Gestionnaire et Analyste des Donn\u00e9es pour renforcer l\u2019intervention au niveau des op\u00e9rations, bas\u00e9 \u00e0 notre si\u00e8ge \u00e0 Lama, Kara.<\/p>\n<p>&nbsp;<\/p>\n<p>La premi\u00e8re t\u00e2che du Gestionnaire et Analyste des Donn\u00e9es sera de g\u00e9rer la base de donn\u00e9es. Cela inclura:<\/p>\n<p>\u2022 Assurer que toutes les donn\u00e9es sont correctement collect\u00e9es et entr\u00e9es dans la base ;<\/p>\n<p>\u2022 V\u00e9rifier la qualit\u00e9 des donn\u00e9es ;<\/p>\n<p>\u2022 D\u00e9l\u00e9guer des t\u00e2ches \u00e0 d&rsquo;autres membres de l&rsquo;\u00e9quipe du suivi et \u00e9valuation (tel que le charg\u00e9 des NTIC) pour am\u00e9liorer la collecte, la qualit\u00e9 et le stockage des donn\u00e9es lorsque cela est n\u00e9cessaire ;<\/p>\n<p>\u2022 Traiter et mettre \u00e0 jour \u00e0 la fois les donn\u00e9es des programmes et les donn\u00e9es de recherche puis les pr\u00e9senter de mani\u00e8re claire et concise \u00e0 l&rsquo;\u00e9quipe de direction.<\/p>\n<p>Le Gestionnaire et Analyste des donn\u00e9es sera \u00e9galement responsable de l&rsquo;ex\u00e9cution de l&rsquo;analyse de base des donn\u00e9es des deux programmes et celles des enqu\u00eates de m\u00e9nages \u00e0 l&rsquo;aide de logiciels statistiques tels que STATA.<\/p>\n<p>Dans le temps, le Gestionnaire et Analyste des Donn\u00e9es devra constituer une base de donn\u00e9es centrale pour le stockage s\u00e9curis\u00e9 de toutes les donn\u00e9es de l\u2019ONG. Ce travail pouvait \u00eatre fait avec l\u2019appui d\u2019un consultant-architecte de donn\u00e9es si n\u00e9cessaire. Cette base de donn\u00e9es stockera des donn\u00e9es programmatiques \u00e0 la fois du programme VIH soutenu par SI et du programme de soins primaires int\u00e9gr\u00e9s, ainsi que des donn\u00e9es d&rsquo;enqu\u00eates des m\u00e9nages et d&rsquo;autres donn\u00e9es de recherche. Le Gestionnaire et Analyste des donn\u00e9es mettra en place une cartographie du flux des donn\u00e9es de l\u2019ONG et cr\u00e9er un syst\u00e8me de stockage permettant la transparence et la facilit\u00e9 d&rsquo;utilisation des donn\u00e9es. En plus des t\u00e2ches de gestion de donn\u00e9es, il cr\u00e9era des flux de travail pour assurer le stockage et l&rsquo;acc\u00e8s aux donn\u00e9es m\u00eame lorsque l&rsquo;acc\u00e8s \u00e0 Internet est limit\u00e9. En plus, le Gestionnaire et Analyste des Donn\u00e9es investiguera et proposera l\u2019utilisation d\u2019un outil de visualisation des donn\u00e9es pour renforcer l\u2019analyse et l\u2019utilisation des donn\u00e9es dans le but d\u2019am\u00e9liorer les programmes et les services fournissent aux patients.<\/p>\n<p>&nbsp;<\/p>\n<p>TITRE DU POSTE : GESTIONNAIRE ET ANALYSTE DES DONN\u00c9ES<\/p>\n<p>&nbsp;<\/p>\n<p>Sup\u00e9rieur hi\u00e9rarchique : Directeur de Suivi, Evaluation, et de l\u2019Am\u00e9lioration de la Qualit\u00e9<\/p>\n<p>&nbsp;<\/p>\n<p>RESPONSABILITES DE L\u2019EMPLOYE :<\/p>\n<p>&nbsp;<\/p>\n<p>\u25cf Gestion de la base de donn\u00e9es:<\/p>\n<p>o Cr\u00e9er des strat\u00e9gies, des proc\u00e9dures et des algorithmes pour le nettoyage des donn\u00e9es, en automatisant le nettoyage des donn\u00e9es lorsque cela est possible pour en assurer une qualit\u00e9 \u00e9lev\u00e9e<\/p>\n<p>o Collaborer avec d&rsquo;autres partenaires (comme l\u2019entreprise Medic Mobile) pour lier les syst\u00e8mes de bases de donn\u00e9es aux plateformes d&rsquo;analyse, fournissant des boucles de feedback en temps r\u00e9el pour am\u00e9liorer les soins de sant\u00e9 pour nos patients<\/p>\n<p>o Mettre en place des syst\u00e8mes pour s&rsquo;assurer que les membres de l&rsquo;\u00e9quipe peuvent acc\u00e9der aux donn\u00e9es dont ils ont besoin pour l&rsquo;analyse et la production de rapports<\/p>\n<p>o Etre m\u00e9ticuleux sur la documentation et l&rsquo;organisation, responsable des codebooks<\/p>\n<p>o Collaborer avec des conseillers de recherche internes et externes, sur l&rsquo;analyse de donn\u00e9es pour des \u00e9valuations<\/p>\n<p>o Collaborer avec les \u00e9quipes de programmes \u00e0 l&rsquo;analyse des donn\u00e9es pour les am\u00e9liorer<\/p>\n<p>\u25cf Conception et cr\u00e9ation d\u2019un syst\u00e8me de base de donn\u00e9es requis pour des services ponctuels :<\/p>\n<p>o L\u2019Analyste de Donn\u00e9es compl\u00e9tera le processus de conception du syst\u00e8me de base de donn\u00e9es en \u00e9troite collaboration avec le reste de l&rsquo;\u00e9quipe SI<\/p>\n<p>o Diriger le processus de cr\u00e9ation et de d\u00e9ploiement du nouveau syst\u00e8me de base de donn\u00e9es de l\u2019ONG SI<\/p>\n<p>o D\u00e9terminer comment les syst\u00e8mes de bases de donn\u00e9es peuvent permettre \u00e0 l&rsquo;\u00e9quipe d&rsquo;utiliser les donn\u00e9es plus efficacement, d&rsquo;am\u00e9liorer l&rsquo;acc\u00e8s aux soins et de sauver plus de vies<\/p>\n<p>o Cr\u00e9er des protocoles et des scripts de nettoyage des donn\u00e9es<\/p>\n<p>o Construire et am\u00e9liorer les requ\u00eates pour soutenir le suivi et l&rsquo;\u00e9valuation du programme et les rapports \u00e0 adresser aux partenaires.<\/p>\n<p>&nbsp;<\/p>\n<p>QUALIFICATIONS ET EXP\u00c9RIENCES REQUISES :<\/p>\n<p>Niveau d&rsquo;\u00e9tudes :<\/p>\n<p>\u2022 Master de pr\u00e9f\u00e9rence, ou<\/p>\n<p>\u2022 Licence en informatique, en statistiques, ou autres domaines pertinents<\/p>\n<p>Domaines de formation requis :<\/p>\n<p>\u2022 Statistiques<\/p>\n<p>\u2022 Informatique<\/p>\n<p>Comp\u00e9tences techniques<\/p>\n<p>\u2022 Minimum 2 ans d&rsquo;exp\u00e9riences professionnelles dans la gestion et l&rsquo;analyse des donn\u00e9es<\/p>\n<p>\u2022 Exp\u00e9riences de la gestion d&rsquo;une base de donn\u00e9es centrale pour une organisation de taille similaire ou sup\u00e9rieure \u00e0 l\u2019ONG SI<\/p>\n<p>\u2022 Ma\u00eetrise parfaite des logiciels tels que SQL et STATA<\/p>\n<p>\u2022 Exp\u00e9riences pr\u00e9c\u00e9dentes avec les outils de stockage et de visualisation des donn\u00e9es souhait\u00e9es<\/p>\n<p>\u2022 Ma\u00eetrise professionnelle du fran\u00e7ais requise, facilit\u00e9s en Anglais de pr\u00e9f\u00e9rence<\/p>\n<p>\u2022 Capable de d\u00e9m\u00e9nager \u00e0 Kara au Togo<\/p>\n<p>Profil de r\u00e9ussite:<\/p>\n<p>Le succ\u00e8s de ce poste se traduirait par la gestion d&rsquo;une base de donn\u00e9es centralis\u00e9e efficiente et efficace qui assurerait la transparence de toutes les donn\u00e9es organisationnelles. Un Gestionnaire et Analyste des Donn\u00e9es performant r\u00e9soudra le goulot d&rsquo;\u00e9tranglement actuel du nettoyage des donn\u00e9es de l\u2019ONG SI, permettra \u00e0 l&rsquo;organisation d&rsquo;avancer sur plusieurs projets de recherche et de r\u00e9organiser les initiatives d&rsquo;am\u00e9lioration de la qualit\u00e9.<\/p>\n<p>Le Directeur du Suivi, de l\u2019Evaluation et de l\u2019Am\u00e9lioration de la Qualit\u00e9 qui supervisera ce poste, s&rsquo;engage \u00e0 \u00e9couter les d\u00e9fis, \u00e0 aider \u00e0 trouver des solutions, \u00e0 fournir de l&rsquo;aide et \u00e0 identifier les sources de soutien pour faciliter le travail du Gestionnaire et Analyste des donn\u00e9es. Un mentorat lui sera offert, ainsi que le soutien et l&rsquo;acc\u00e8s aux possibilit\u00e9s de perfectionnement professionnel dans la mesure du possible.<\/p>\n<p>DUR\u00c9E DU POSTE :<\/p>\n<p>24 mois renouvelables dont une p\u00e9riode probatoire de trois (3) mois.<\/p>\n<p>&nbsp;<\/p>\n<p>APTITUDES ET ATTITUDES PERSONNELLES RECHERCH\u00c9ES<\/p>\n<p>&nbsp;<\/p>\n<p>\u2022 Bonne capacit\u00e9 organisationnelle et de planification<\/p>\n<p>\u2022 Capacit\u00e9 \u00e0 travailler en \u00e9quipe et \u00eatre tr\u00e8s informatif aux diff\u00e9rents acteurs de l\u2019ONG SI;<\/p>\n<p>\u2022 Sens de l\u2019initiative et de l\u2019anticipation de probl\u00e8mes, ainsi que la cr\u00e9ativit\u00e9 dans la recherche des solutions ;<\/p>\n<p>\u2022 Bonne capacit\u00e9 r\u00e9dactionnelle et une bonne communication verbale dans le respect de ses collaborateurs ;<\/p>\n<p>\u2022 Autonomie, professionnalise et passion pour le travail,<\/p>\n<p>\u2022 Etre une personne auto-dict\u00e2t<\/p>\n<p>\u2022 Capacit\u00e9 \u00e0 travailler sous pression et \u00e0 produire des r\u00e9sultats de qualit\u00e9 dans les d\u00e9lais impartis ;<\/p>\n<p>\u2022 Disponibilit\u00e9 de 40 heures par semaine.<\/p>\n<p>PIECES A FOURNIR :<\/p>\n<p>Le dossier de candidature comprend les pi\u00e8ces suivantes :<\/p>\n<p>\u2022 Une lettre de motivation \u00e0 l\u2019attention du Directeur Pays de SI;<\/p>\n<p>\u2022 Un curriculum vitae ;<\/p>\n<p>\u2022 Contact d\u2019une ou plusieurs personnes ressources de r\u00e9f\u00e9rence dans le domaine des approvisionnements ;<\/p>\n<p>\u2022 Une copie d\u2019acte de naissance ;<\/p>\n<p>\u2022 Une copie de certificat de nationalit\u00e9 ;<\/p>\n<p>\u2022 Une copie des attestations de dipl\u00f4mes et de certificats obtenus ;<\/p>\n<p>\u2022 Une copie des attestations ou certificats de travail.<\/p>\n<p>DEPOT DE CANDIDATURE :<\/p>\n<p>Les dossiers de candidature doivent \u00eatre sous plis ferm\u00e9s avec mention \u00ab Avis de vacances de poste pour le recrutement du Gestionnaire et Analyste des Donn\u00e9es \u00bb \u00e0 l\u2019adresse suivante :<\/p>\n<p>400 B.P. 351, Kara, Togo<\/p>\n<p>Angle Rue H\u00f4tel L\u00e9ota et H\u00f4tel de France, Quartier Lama<\/p>\n<p>ou par E-mail : bureau_togo@hthglobal.org<\/p>\n<p>SI se r\u00e9serve le droit de demander les copies l\u00e9galis\u00e9es des dipl\u00f4mes et attestations ou certificats de travail, le casier judiciaire du\/de la candidat(e) retenu(e). Les dossiers de candidature jug\u00e9s incomplets ou non conformes au profil recherch\u00e9 ne seront pas examin\u00e9s. Seul(e)s les candidat(e)s pr\u00e9s\u00e9lectionn\u00e9(e)s seront contact\u00e9(e)s. Ils\/elles seront soumis(es) aux autres \u00e9tapes du processus de recrutement.<\/p>\n<p>L\u2019ONG SI encourage vivement les femmes et les personnes vivant avec le VIH \u00e0 postuler.<\/p>\n<p>Si vous avez des questions au sujet de ces termes ou cahiers de charge, appelez l\u2019Assistant du Directeur Pays de SI 228 26 60 10 55, ou \u00e9crivez \u00e0 l\u2019adresse mail suivant bureau_togo@hthglobal.org<\/p>\n","protected":false},"excerpt":{"rendered":"<p>(228NEWS\/ Lom\u00e9, le 06 novembre 2018)- L\u2019ONG Sant\u00e9 Int\u00e9gr\u00e9e (SI) sauve des vies dans les communaut\u00e9s les plus n\u00e9glig\u00e9es du monde en int\u00e9grant des agents professionnels des centres de sant\u00e9 publics aux agents de sant\u00e9 communautaires (ASC) form\u00e9s pour am\u00e9liorer l\u2019acc\u00e8s et la qualit\u00e9 des soins aux populations. Cette puissante combinaison transforme les centres de &#8230; <a title=\"L&rsquo;ONG Sant\u00e9 Int\u00e9gr\u00e9e recrute un Gestionnaire et Analyste des Donn\u00e9es\" class=\"read-more\" href=\"https:\/\/228news.tg\/index.php\/2018\/11\/06\/long-sante-integree-recrute-un-gestionnaire-et-analyste-des-donnees-2\/\" aria-label=\"En savoir plus sur L&rsquo;ONG Sant\u00e9 Int\u00e9gr\u00e9e recrute un Gestionnaire et Analyste des Donn\u00e9es\">Lire la suite<\/a><\/p>\n","protected":false},"author":2,"featured_media":3445,"comment_status":"open","ping_status":"open","sticky":false,"template":"","format":"chat","meta":{"footnotes":""},"categories":[35,29,4,34],"tags":[],"class_list":["post-14594","post","type-post","status-publish","format-chat","has-post-thumbnail","hentry","category-flash","category-societe","category-travel","category-une","post_format-post-format-chat"],"yoast_head":"<!-- This site is optimized with the Yoast SEO plugin v26.4 - https:\/\/yoast.com\/wordpress\/plugins\/seo\/ -->\n<title>L&#039;ONG Sant\u00e9 Int\u00e9gr\u00e9e recrute un Gestionnaire et Analyste des Donn\u00e9es - 228 News<\/title>\n<meta name=\"robots\" content=\"index, follow, max-snippet:-1, max-image-preview:large, max-video-preview:-1\" \/>\n<link rel=\"canonical\" href=\"https:\/\/228news.tg\/index.php\/2018\/11\/06\/long-sante-integree-recrute-un-gestionnaire-et-analyste-des-donnees-2\/\" \/>\n<meta property=\"og:locale\" content=\"fr_FR\" \/>\n<meta property=\"og:type\" content=\"article\" \/>\n<meta property=\"og:title\" content=\"L&#039;ONG Sant\u00e9 Int\u00e9gr\u00e9e recrute un Gestionnaire et Analyste des Donn\u00e9es - 228 News\" \/>\n<meta property=\"og:description\" content=\"(228NEWS\/ Lom\u00e9, le 06 novembre 2018)- L\u2019ONG Sant\u00e9 Int\u00e9gr\u00e9e (SI) sauve des vies dans les communaut\u00e9s les plus n\u00e9glig\u00e9es du monde en int\u00e9grant des agents professionnels des centres de sant\u00e9 publics aux agents de sant\u00e9 communautaires (ASC) form\u00e9s pour am\u00e9liorer l\u2019acc\u00e8s et la qualit\u00e9 des soins aux populations. Cette puissante combinaison transforme les centres de ... Lire la suite\" \/>\n<meta property=\"og:url\" content=\"https:\/\/228news.tg\/index.php\/2018\/11\/06\/long-sante-integree-recrute-un-gestionnaire-et-analyste-des-donnees-2\/\" \/>\n<meta property=\"og:site_name\" content=\"228 News\" \/>\n<meta property=\"article:published_time\" content=\"2018-11-06T08:16:20+00:00\" \/>\n<meta name=\"author\" content=\"Bienvenu SAVI\" \/>\n<meta name=\"twitter:card\" content=\"summary_large_image\" \/>\n<meta name=\"twitter:label1\" content=\"\u00c9crit par\" \/>\n\t<meta name=\"twitter:data1\" content=\"Bienvenu SAVI\" \/>\n\t<meta name=\"twitter:label2\" content=\"Dur\u00e9e de lecture estim\u00e9e\" \/>\n\t<meta name=\"twitter:data2\" content=\"9 minutes\" \/>\n<script type=\"application\/ld+json\" class=\"yoast-schema-graph\">{\"@context\":\"https:\/\/schema.org\",\"@graph\":[{\"@type\":\"Article\",\"@id\":\"https:\/\/228news.tg\/index.php\/2018\/11\/06\/long-sante-integree-recrute-un-gestionnaire-et-analyste-des-donnees-2\/#article\",\"isPartOf\":{\"@id\":\"https:\/\/228news.tg\/index.php\/2018\/11\/06\/long-sante-integree-recrute-un-gestionnaire-et-analyste-des-donnees-2\/\"},\"author\":{\"name\":\"Bienvenu SAVI\",\"@id\":\"https:\/\/228news.tg\/#\/schema\/person\/68d5a6cc0230290e61235c8379523f52\"},\"headline\":\"L&rsquo;ONG Sant\u00e9 Int\u00e9gr\u00e9e recrute un Gestionnaire et Analyste des Donn\u00e9es\",\"datePublished\":\"2018-11-06T08:16:20+00:00\",\"mainEntityOfPage\":{\"@id\":\"https:\/\/228news.tg\/index.php\/2018\/11\/06\/long-sante-integree-recrute-un-gestionnaire-et-analyste-des-donnees-2\/\"},\"wordCount\":1927,\"commentCount\":0,\"publisher\":{\"@id\":\"https:\/\/228news.tg\/#organization\"},\"image\":{\"@id\":\"https:\/\/228news.tg\/index.php\/2018\/11\/06\/long-sante-integree-recrute-un-gestionnaire-et-analyste-des-donnees-2\/#primaryimage\"},\"thumbnailUrl\":\"https:\/\/228news.tg\/wp-content\/uploads\/2024\/09\/IMG-20210210-WA0196.jpg\",\"articleSection\":[\"Flash\",\"SOCIETE\",\"Travel\",\"Une\"],\"inLanguage\":\"fr-FR\",\"potentialAction\":[{\"@type\":\"CommentAction\",\"name\":\"Comment\",\"target\":[\"https:\/\/228news.tg\/index.php\/2018\/11\/06\/long-sante-integree-recrute-un-gestionnaire-et-analyste-des-donnees-2\/#respond\"]}]},{\"@type\":\"WebPage\",\"@id\":\"https:\/\/228news.tg\/index.php\/2018\/11\/06\/long-sante-integree-recrute-un-gestionnaire-et-analyste-des-donnees-2\/\",\"url\":\"https:\/\/228news.tg\/index.php\/2018\/11\/06\/long-sante-integree-recrute-un-gestionnaire-et-analyste-des-donnees-2\/\",\"name\":\"L'ONG Sant\u00e9 Int\u00e9gr\u00e9e recrute un Gestionnaire et Analyste des Donn\u00e9es - 228 News\",\"isPartOf\":{\"@id\":\"https:\/\/228news.tg\/#website\"},\"primaryImageOfPage\":{\"@id\":\"https:\/\/228news.tg\/index.php\/2018\/11\/06\/long-sante-integree-recrute-un-gestionnaire-et-analyste-des-donnees-2\/#primaryimage\"},\"image\":{\"@id\":\"https:\/\/228news.tg\/index.php\/2018\/11\/06\/long-sante-integree-recrute-un-gestionnaire-et-analyste-des-donnees-2\/#primaryimage\"},\"thumbnailUrl\":\"https:\/\/228news.tg\/wp-content\/uploads\/2024\/09\/IMG-20210210-WA0196.jpg\",\"datePublished\":\"2018-11-06T08:16:20+00:00\",\"breadcrumb\":{\"@id\":\"https:\/\/228news.tg\/index.php\/2018\/11\/06\/long-sante-integree-recrute-un-gestionnaire-et-analyste-des-donnees-2\/#breadcrumb\"},\"inLanguage\":\"fr-FR\",\"potentialAction\":[{\"@type\":\"ReadAction\",\"target\":[\"https:\/\/228news.tg\/index.php\/2018\/11\/06\/long-sante-integree-recrute-un-gestionnaire-et-analyste-des-donnees-2\/\"]}]},{\"@type\":\"ImageObject\",\"inLanguage\":\"fr-FR\",\"@id\":\"https:\/\/228news.tg\/index.php\/2018\/11\/06\/long-sante-integree-recrute-un-gestionnaire-et-analyste-des-donnees-2\/#primaryimage\",\"url\":\"https:\/\/228news.tg\/wp-content\/uploads\/2024\/09\/IMG-20210210-WA0196.jpg\",\"contentUrl\":\"https:\/\/228news.tg\/wp-content\/uploads\/2024\/09\/IMG-20210210-WA0196.jpg\",\"width\":1014,\"height\":666},{\"@type\":\"BreadcrumbList\",\"@id\":\"https:\/\/228news.tg\/index.php\/2018\/11\/06\/long-sante-integree-recrute-un-gestionnaire-et-analyste-des-donnees-2\/#breadcrumb\",\"itemListElement\":[{\"@type\":\"ListItem\",\"position\":1,\"name\":\"Home\",\"item\":\"https:\/\/228news.tg\/\"},{\"@type\":\"ListItem\",\"position\":2,\"name\":\"L&rsquo;ONG Sant\u00e9 Int\u00e9gr\u00e9e recrute un Gestionnaire et Analyste des Donn\u00e9es\"}]},{\"@type\":\"WebSite\",\"@id\":\"https:\/\/228news.tg\/#website\",\"url\":\"https:\/\/228news.tg\/\",\"name\":\"228 News\",\"description\":\"Soci\u00e9t\u00e9 de m\u00e9dias et d\u2019actualit\u00e9s\",\"publisher\":{\"@id\":\"https:\/\/228news.tg\/#organization\"},\"potentialAction\":[{\"@type\":\"SearchAction\",\"target\":{\"@type\":\"EntryPoint\",\"urlTemplate\":\"https:\/\/228news.tg\/?s={search_term_string}\"},\"query-input\":{\"@type\":\"PropertyValueSpecification\",\"valueRequired\":true,\"valueName\":\"search_term_string\"}}],\"inLanguage\":\"fr-FR\"},{\"@type\":\"Organization\",\"@id\":\"https:\/\/228news.tg\/#organization\",\"name\":\"228 News\",\"url\":\"https:\/\/228news.tg\/\",\"logo\":{\"@type\":\"ImageObject\",\"inLanguage\":\"fr-FR\",\"@id\":\"https:\/\/228news.tg\/#\/schema\/logo\/image\/\",\"url\":\"https:\/\/228news.tg\/wp-content\/uploads\/2024\/09\/logonew.png\",\"contentUrl\":\"https:\/\/228news.tg\/wp-content\/uploads\/2024\/09\/logonew.png\",\"width\":1640,\"height\":364,\"caption\":\"228 News\"},\"image\":{\"@id\":\"https:\/\/228news.tg\/#\/schema\/logo\/image\/\"}},{\"@type\":\"Person\",\"@id\":\"https:\/\/228news.tg\/#\/schema\/person\/68d5a6cc0230290e61235c8379523f52\",\"name\":\"Bienvenu SAVI\",\"image\":{\"@type\":\"ImageObject\",\"inLanguage\":\"fr-FR\",\"@id\":\"https:\/\/228news.tg\/#\/schema\/person\/image\/\",\"url\":\"https:\/\/secure.gravatar.com\/avatar\/9db91895c559e510509c33a3e9683998458e9b828fac36d5d1aa23f0f2fd369b?s=96&d=mm&r=g\",\"contentUrl\":\"https:\/\/secure.gravatar.com\/avatar\/9db91895c559e510509c33a3e9683998458e9b828fac36d5d1aa23f0f2fd369b?s=96&d=mm&r=g\",\"caption\":\"Bienvenu SAVI\"},\"url\":\"https:\/\/228news.tg\/index.php\/author\/bienvenu\/\"}]}<\/script>\n<!-- \/ Yoast SEO plugin. -->","yoast_head_json":{"title":"L'ONG Sant\u00e9 Int\u00e9gr\u00e9e recrute un Gestionnaire et Analyste des Donn\u00e9es - 228 News","robots":{"index":"index","follow":"follow","max-snippet":"max-snippet:-1","max-image-preview":"max-image-preview:large","max-video-preview":"max-video-preview:-1"},"canonical":"https:\/\/228news.tg\/index.php\/2018\/11\/06\/long-sante-integree-recrute-un-gestionnaire-et-analyste-des-donnees-2\/","og_locale":"fr_FR","og_type":"article","og_title":"L'ONG Sant\u00e9 Int\u00e9gr\u00e9e recrute un Gestionnaire et Analyste des Donn\u00e9es - 228 News","og_description":"(228NEWS\/ Lom\u00e9, le 06 novembre 2018)- L\u2019ONG Sant\u00e9 Int\u00e9gr\u00e9e (SI) sauve des vies dans les communaut\u00e9s les plus n\u00e9glig\u00e9es du monde en int\u00e9grant des agents professionnels des centres de sant\u00e9 publics aux agents de sant\u00e9 communautaires (ASC) form\u00e9s pour am\u00e9liorer l\u2019acc\u00e8s et la qualit\u00e9 des soins aux populations. Cette puissante combinaison transforme les centres de ... Lire la suite","og_url":"https:\/\/228news.tg\/index.php\/2018\/11\/06\/long-sante-integree-recrute-un-gestionnaire-et-analyste-des-donnees-2\/","og_site_name":"228 News","article_published_time":"2018-11-06T08:16:20+00:00","author":"Bienvenu SAVI","twitter_card":"summary_large_image","twitter_misc":{"\u00c9crit par":"Bienvenu SAVI","Dur\u00e9e de lecture estim\u00e9e":"9 minutes"},"schema":{"@context":"https:\/\/schema.org","@graph":[{"@type":"Article","@id":"https:\/\/228news.tg\/index.php\/2018\/11\/06\/long-sante-integree-recrute-un-gestionnaire-et-analyste-des-donnees-2\/#article","isPartOf":{"@id":"https:\/\/228news.tg\/index.php\/2018\/11\/06\/long-sante-integree-recrute-un-gestionnaire-et-analyste-des-donnees-2\/"},"author":{"name":"Bienvenu SAVI","@id":"https:\/\/228news.tg\/#\/schema\/person\/68d5a6cc0230290e61235c8379523f52"},"headline":"L&rsquo;ONG Sant\u00e9 Int\u00e9gr\u00e9e recrute un Gestionnaire et Analyste des Donn\u00e9es","datePublished":"2018-11-06T08:16:20+00:00","mainEntityOfPage":{"@id":"https:\/\/228news.tg\/index.php\/2018\/11\/06\/long-sante-integree-recrute-un-gestionnaire-et-analyste-des-donnees-2\/"},"wordCount":1927,"commentCount":0,"publisher":{"@id":"https:\/\/228news.tg\/#organization"},"image":{"@id":"https:\/\/228news.tg\/index.php\/2018\/11\/06\/long-sante-integree-recrute-un-gestionnaire-et-analyste-des-donnees-2\/#primaryimage"},"thumbnailUrl":"https:\/\/228news.tg\/wp-content\/uploads\/2024\/09\/IMG-20210210-WA0196.jpg","articleSection":["Flash","SOCIETE","Travel","Une"],"inLanguage":"fr-FR","potentialAction":[{"@type":"CommentAction","name":"Comment","target":["https:\/\/228news.tg\/index.php\/2018\/11\/06\/long-sante-integree-recrute-un-gestionnaire-et-analyste-des-donnees-2\/#respond"]}]},{"@type":"WebPage","@id":"https:\/\/228news.tg\/index.php\/2018\/11\/06\/long-sante-integree-recrute-un-gestionnaire-et-analyste-des-donnees-2\/","url":"https:\/\/228news.tg\/index.php\/2018\/11\/06\/long-sante-integree-recrute-un-gestionnaire-et-analyste-des-donnees-2\/","name":"L'ONG Sant\u00e9 Int\u00e9gr\u00e9e recrute un Gestionnaire et Analyste des Donn\u00e9es - 228 News","isPartOf":{"@id":"https:\/\/228news.tg\/#website"},"primaryImageOfPage":{"@id":"https:\/\/228news.tg\/index.php\/2018\/11\/06\/long-sante-integree-recrute-un-gestionnaire-et-analyste-des-donnees-2\/#primaryimage"},"image":{"@id":"https:\/\/228news.tg\/index.php\/2018\/11\/06\/long-sante-integree-recrute-un-gestionnaire-et-analyste-des-donnees-2\/#primaryimage"},"thumbnailUrl":"https:\/\/228news.tg\/wp-content\/uploads\/2024\/09\/IMG-20210210-WA0196.jpg","datePublished":"2018-11-06T08:16:20+00:00","breadcrumb":{"@id":"https:\/\/228news.tg\/index.php\/2018\/11\/06\/long-sante-integree-recrute-un-gestionnaire-et-analyste-des-donnees-2\/#breadcrumb"},"inLanguage":"fr-FR","potentialAction":[{"@type":"ReadAction","target":["https:\/\/228news.tg\/index.php\/2018\/11\/06\/long-sante-integree-recrute-un-gestionnaire-et-analyste-des-donnees-2\/"]}]},{"@type":"ImageObject","inLanguage":"fr-FR","@id":"https:\/\/228news.tg\/index.php\/2018\/11\/06\/long-sante-integree-recrute-un-gestionnaire-et-analyste-des-donnees-2\/#primaryimage","url":"https:\/\/228news.tg\/wp-content\/uploads\/2024\/09\/IMG-20210210-WA0196.jpg","contentUrl":"https:\/\/228news.tg\/wp-content\/uploads\/2024\/09\/IMG-20210210-WA0196.jpg","width":1014,"height":666},{"@type":"BreadcrumbList","@id":"https:\/\/228news.tg\/index.php\/2018\/11\/06\/long-sante-integree-recrute-un-gestionnaire-et-analyste-des-donnees-2\/#breadcrumb","itemListElement":[{"@type":"ListItem","position":1,"name":"Home","item":"https:\/\/228news.tg\/"},{"@type":"ListItem","position":2,"name":"L&rsquo;ONG Sant\u00e9 Int\u00e9gr\u00e9e recrute un Gestionnaire et Analyste des Donn\u00e9es"}]},{"@type":"WebSite","@id":"https:\/\/228news.tg\/#website","url":"https:\/\/228news.tg\/","name":"228 News","description":"Soci\u00e9t\u00e9 de m\u00e9dias et d\u2019actualit\u00e9s","publisher":{"@id":"https:\/\/228news.tg\/#organization"},"potentialAction":[{"@type":"SearchAction","target":{"@type":"EntryPoint","urlTemplate":"https:\/\/228news.tg\/?s={search_term_string}"},"query-input":{"@type":"PropertyValueSpecification","valueRequired":true,"valueName":"search_term_string"}}],"inLanguage":"fr-FR"},{"@type":"Organization","@id":"https:\/\/228news.tg\/#organization","name":"228 News","url":"https:\/\/228news.tg\/","logo":{"@type":"ImageObject","inLanguage":"fr-FR","@id":"https:\/\/228news.tg\/#\/schema\/logo\/image\/","url":"https:\/\/228news.tg\/wp-content\/uploads\/2024\/09\/logonew.png","contentUrl":"https:\/\/228news.tg\/wp-content\/uploads\/2024\/09\/logonew.png","width":1640,"height":364,"caption":"228 News"},"image":{"@id":"https:\/\/228news.tg\/#\/schema\/logo\/image\/"}},{"@type":"Person","@id":"https:\/\/228news.tg\/#\/schema\/person\/68d5a6cc0230290e61235c8379523f52","name":"Bienvenu SAVI","image":{"@type":"ImageObject","inLanguage":"fr-FR","@id":"https:\/\/228news.tg\/#\/schema\/person\/image\/","url":"https:\/\/secure.gravatar.com\/avatar\/9db91895c559e510509c33a3e9683998458e9b828fac36d5d1aa23f0f2fd369b?s=96&d=mm&r=g","contentUrl":"https:\/\/secure.gravatar.com\/avatar\/9db91895c559e510509c33a3e9683998458e9b828fac36d5d1aa23f0f2fd369b?s=96&d=mm&r=g","caption":"Bienvenu SAVI"},"url":"https:\/\/228news.tg\/index.php\/author\/bienvenu\/"}]}},"jetpack_featured_media_url":"https:\/\/228news.tg\/wp-content\/uploads\/2024\/09\/IMG-20210210-WA0196.jpg","_links":{"self":[{"href":"https:\/\/228news.tg\/index.php\/wp-json\/wp\/v2\/posts\/14594","targetHints":{"allow":["GET"]}}],"collection":[{"href":"https:\/\/228news.tg\/index.php\/wp-json\/wp\/v2\/posts"}],"about":[{"href":"https:\/\/228news.tg\/index.php\/wp-json\/wp\/v2\/types\/post"}],"author":[{"embeddable":true,"href":"https:\/\/228news.tg\/index.php\/wp-json\/wp\/v2\/users\/2"}],"replies":[{"embeddable":true,"href":"https:\/\/228news.tg\/index.php\/wp-json\/wp\/v2\/comments?post=14594"}],"version-history":[{"count":0,"href":"https:\/\/228news.tg\/index.php\/wp-json\/wp\/v2\/posts\/14594\/revisions"}],"wp:featuredmedia":[{"embeddable":true,"href":"https:\/\/228news.tg\/index.php\/wp-json\/wp\/v2\/media\/3445"}],"wp:attachment":[{"href":"https:\/\/228news.tg\/index.php\/wp-json\/wp\/v2\/media?parent=14594"}],"wp:term":[{"taxonomy":"category","embeddable":true,"href":"https:\/\/228news.tg\/index.php\/wp-json\/wp\/v2\/categories?post=14594"},{"taxonomy":"post_tag","embeddable":true,"href":"https:\/\/228news.tg\/index.php\/wp-json\/wp\/v2\/tags?post=14594"}],"curies":[{"name":"wp","href":"https:\/\/api.w.org\/{rel}","templated":true}]}}