{"id":14581,"date":"2018-10-18T18:32:09","date_gmt":"2018-10-18T18:32:09","guid":{"rendered":"http:\/\/localhost\/site\/228news\/?p=3380"},"modified":"2018-10-18T18:32:09","modified_gmt":"2018-10-18T18:32:09","slug":"strategie-redd-les-options-de-la-version-i-du-document-a-la-loupe-de-levaluation-environnementale-sociale-et-strategique-2","status":"publish","type":"post","link":"https:\/\/228news.tg\/index.php\/2018\/10\/18\/strategie-redd-les-options-de-la-version-i-du-document-a-la-loupe-de-levaluation-environnementale-sociale-et-strategique-2\/","title":{"rendered":"Strat\u00e9gie REDD+: Les options de la version I du document \u00e0 la loupe de l\u2019\u00c9valuation Environnementale, Sociale et Strat\u00e9gique"},"content":{"rendered":"<p>(228NEWS\/ Lom\u00e9, le 18 octobre 2018)- Les options strat\u00e9giques d\u00e9finies dans la premi\u00e8re version du document de pr\u00e9paration du Togo \u00e0 la strat\u00e9gie REDD+ font l&rsquo;objet d&rsquo;une \u00e9valuation environnementale, sociale et strat\u00e9gique ce jeudi 18 octobre 2018 \u00e0 Lom\u00e9.<\/p>\n<p><img fetchpriority=\"high\" decoding=\"async\" class=\"alignnone size-medium wp-image-3382 alignleft\" src=\"http:\/\/localhost\/site\/228news\/wp-content\/uploads\/2018\/10\/photo_2018-10-18_19-31-58-300x225.jpg\" alt=\"\" width=\"300\" height=\"225\" \/>\u00a0Ceci \u00e0 l&rsquo;occasion d&rsquo;un atelier ouvert par Sama Boundjouw, Secr\u00e9taire G\u00e9n\u00e9ral du minist\u00e8re de l&rsquo;environnement et des ressources foresti\u00e8res et pour qui il est capital d&rsquo;\u00e9valuer\u00a0 encore une fois ce qui a \u00e9t\u00e9 propos\u00e9, voir s&rsquo;il y a des impacts n\u00e9gatifs et positifs des options strat\u00e9giques de la version une de la REDD+.<\/p>\n<p>\u00ab\u00a0Ces options n\u00e9cessitent d&rsquo;\u00eatre\u00a0affin\u00e9es ou am\u00e9lior\u00e9es\u00a0\u00bb, a t-il confi\u00e9.<\/p>\n<p style=\"text-align: left;\">\u00a0La quatre-vingt-dizaine d&rsquo;acteurs venus de l&rsquo;administration publique, du secteur priv\u00e9, de la soci\u00e9t\u00e9 civile et des communaut\u00e9 de base ont durant toute la journ\u00e9e,\u00a0\u00e9valu\u00e9 les impacts positifs et n\u00e9gatifs des options strat\u00e9giques REDD+ de la version 1 sur l\u2019environnement biophysique et humain, recueilli les appr\u00e9ciations des parties prenantes par rapport aux impacts n\u00e9gatifs, positifs, risques, dol\u00e9ances,pr\u00e9occupations en lien avec chaque option strat\u00e9gique et fait des propositions afin d&rsquo;affiner ces options strat\u00e9giques en fonction des enjeux\u00a0 environnementaux et sociaux associ\u00e9s aux tendances actuelles d&rsquo;utilisation des terres et de la gestion foresti\u00e8re.\u00a0<img decoding=\"async\" class=\"size-medium wp-image-3383 alignright\" src=\"http:\/\/localhost\/site\/228news\/wp-content\/uploads\/2018\/10\/photo_2018-10-18_19-31-51-300x225.jpg\" alt=\"\" width=\"300\" height=\"225\" \/><\/p>\n<p>Pour H\u00e9mou Assih, Coordonnateur nationale de la REDD+, ces\u00a0options strat\u00e9giques qui sont propos\u00e9es dans la strat\u00e9gie nationale REDD+ sont des fruits des r\u00e9sultats des \u00e9tudes analytiques compl\u00e9t\u00e9es par des diff\u00e9rents documents de politiques sectorielles et du PND et il est\u00a0important pour ces divers acteurs de savoir si les options retenues sont les meilleures.<\/p>\n<p>Les travaux ont \u00e9t\u00e9 conduits par Christian Couette, Directeur de projet au Cabinet d\u2019\u00e9tude WSP. Il a sp\u00e9cifi\u00e9 le bien fond\u00e9 de la d\u00e9marche qui consista en la\u00a0recherche des pr\u00e9occupations des participants pour une \u00e9valuation plus approfondie de la strat\u00e9gie et une efficiente d\u00e9finition de la strat\u00e9gie dans l&rsquo;option du d\u00e9veloppement d&rsquo;un Togo vert o\u00f9 les communaut\u00e9s sont \u00e9panouies.<\/p>\n<p>Les\u00a0enjeux environnementaux li\u00e9s \u00e0 la d\u00e9forestation, l&rsquo;utilisation du bois pour l&rsquo;\u00e9nergie ont meubl\u00e9 cette rencontre o\u00f9 le changement des comportements de la population, des pratiques pour des effets sociaux autres, ont \u00e9t\u00e9 sugg\u00e9r\u00e9s.<\/p>\n<p>Cette rencontre, faut-il le rappeler, intervient apr\u00e8s une s\u00e9rie d&rsquo;autres tenues dans certaines grandes villes du Togo comme Ts\u00e9vi\u00e9, Kp\u00e9l\u00e9, Atakpam\u00e9, Sokod\u00e9, Kara et Dapaong.<\/p>\n<p><strong><em>D\u00e9mocrate<\/em><\/strong><\/p>\n<p><strong><em>(00228) 91 85 40 14<\/em><\/strong><\/p>\n<p><strong><em>98 60 67 68<\/em><\/strong><\/p>\n<p><strong><em>democrate2010@gmail.com<\/em><\/strong><\/p>\n<p>&nbsp;<\/p>\n","protected":false},"excerpt":{"rendered":"<p>(228NEWS\/ Lom\u00e9, le 18 octobre 2018)- Les options strat\u00e9giques d\u00e9finies dans la premi\u00e8re version du document de pr\u00e9paration du Togo \u00e0 la strat\u00e9gie REDD+ font l&rsquo;objet d&rsquo;une \u00e9valuation environnementale, sociale et strat\u00e9gique ce jeudi 18 octobre 2018 \u00e0 Lom\u00e9. \u00a0Ceci \u00e0 l&rsquo;occasion d&rsquo;un atelier ouvert par Sama Boundjouw, Secr\u00e9taire G\u00e9n\u00e9ral du minist\u00e8re de l&rsquo;environnement et &#8230; <a title=\"Strat\u00e9gie REDD+: Les options de la version I du document \u00e0 la loupe de l\u2019\u00c9valuation Environnementale, Sociale et Strat\u00e9gique\" class=\"read-more\" href=\"https:\/\/228news.tg\/index.php\/2018\/10\/18\/strategie-redd-les-options-de-la-version-i-du-document-a-la-loupe-de-levaluation-environnementale-sociale-et-strategique-2\/\" aria-label=\"En savoir plus sur Strat\u00e9gie REDD+: Les options de la version I du document \u00e0 la loupe de l\u2019\u00c9valuation Environnementale, Sociale et Strat\u00e9gique\">Lire la suite<\/a><\/p>\n","protected":false},"author":2,"featured_media":3381,"comment_status":"open","ping_status":"open","sticky":false,"template":"","format":"chat","meta":{"footnotes":""},"categories":[31,35,25,34],"tags":[],"class_list":["post-14581","post","type-post","status-publish","format-chat","has-post-thumbnail","hentry","category-developpement","category-flash","category-togo","category-une","post_format-post-format-chat"],"yoast_head":"<!-- This site is optimized with the Yoast SEO plugin v26.4 - https:\/\/yoast.com\/wordpress\/plugins\/seo\/ -->\n<title>Strat\u00e9gie REDD+: Les options de la version I du document \u00e0 la loupe de l\u2019\u00c9valuation Environnementale, Sociale et Strat\u00e9gique - 228 News<\/title>\n<meta name=\"robots\" content=\"index, follow, max-snippet:-1, max-image-preview:large, max-video-preview:-1\" \/>\n<link rel=\"canonical\" href=\"https:\/\/228news.tg\/index.php\/2018\/10\/18\/strategie-redd-les-options-de-la-version-i-du-document-a-la-loupe-de-levaluation-environnementale-sociale-et-strategique-2\/\" \/>\n<meta property=\"og:locale\" content=\"fr_FR\" \/>\n<meta property=\"og:type\" content=\"article\" \/>\n<meta property=\"og:title\" content=\"Strat\u00e9gie REDD+: Les options de la version I du document \u00e0 la loupe de l\u2019\u00c9valuation Environnementale, Sociale et Strat\u00e9gique - 228 News\" \/>\n<meta property=\"og:description\" content=\"(228NEWS\/ Lom\u00e9, le 18 octobre 2018)- Les options strat\u00e9giques d\u00e9finies dans la premi\u00e8re version du document de pr\u00e9paration du Togo \u00e0 la strat\u00e9gie REDD+ font l&rsquo;objet d&rsquo;une \u00e9valuation environnementale, sociale et strat\u00e9gique ce jeudi 18 octobre 2018 \u00e0 Lom\u00e9. \u00a0Ceci \u00e0 l&rsquo;occasion d&rsquo;un atelier ouvert par Sama Boundjouw, Secr\u00e9taire G\u00e9n\u00e9ral du minist\u00e8re de l&rsquo;environnement et ... Lire la suite\" \/>\n<meta property=\"og:url\" content=\"https:\/\/228news.tg\/index.php\/2018\/10\/18\/strategie-redd-les-options-de-la-version-i-du-document-a-la-loupe-de-levaluation-environnementale-sociale-et-strategique-2\/\" \/>\n<meta property=\"og:site_name\" content=\"228 News\" \/>\n<meta property=\"article:published_time\" content=\"2018-10-18T18:32:09+00:00\" \/>\n<meta property=\"og:image\" content=\"http:\/\/localhost\/site\/228news\/wp-content\/uploads\/2018\/10\/photo_2018-10-18_19-31-58-300x225.jpg\" \/>\n<meta name=\"author\" content=\"Bienvenu SAVI\" \/>\n<meta name=\"twitter:card\" content=\"summary_large_image\" \/>\n<meta name=\"twitter:label1\" content=\"\u00c9crit par\" \/>\n\t<meta name=\"twitter:data1\" content=\"Bienvenu SAVI\" \/>\n\t<meta name=\"twitter:label2\" content=\"Dur\u00e9e de lecture estim\u00e9e\" \/>\n\t<meta name=\"twitter:data2\" content=\"2 minutes\" \/>\n<script type=\"application\/ld+json\" class=\"yoast-schema-graph\">{\"@context\":\"https:\/\/schema.org\",\"@graph\":[{\"@type\":\"Article\",\"@id\":\"https:\/\/228news.tg\/index.php\/2018\/10\/18\/strategie-redd-les-options-de-la-version-i-du-document-a-la-loupe-de-levaluation-environnementale-sociale-et-strategique-2\/#article\",\"isPartOf\":{\"@id\":\"https:\/\/228news.tg\/index.php\/2018\/10\/18\/strategie-redd-les-options-de-la-version-i-du-document-a-la-loupe-de-levaluation-environnementale-sociale-et-strategique-2\/\"},\"author\":{\"name\":\"Bienvenu SAVI\",\"@id\":\"https:\/\/228news.tg\/#\/schema\/person\/68d5a6cc0230290e61235c8379523f52\"},\"headline\":\"Strat\u00e9gie REDD+: Les options de la version I du document \u00e0 la loupe de l\u2019\u00c9valuation Environnementale, Sociale et Strat\u00e9gique\",\"datePublished\":\"2018-10-18T18:32:09+00:00\",\"mainEntityOfPage\":{\"@id\":\"https:\/\/228news.tg\/index.php\/2018\/10\/18\/strategie-redd-les-options-de-la-version-i-du-document-a-la-loupe-de-levaluation-environnementale-sociale-et-strategique-2\/\"},\"wordCount\":459,\"commentCount\":0,\"publisher\":{\"@id\":\"https:\/\/228news.tg\/#organization\"},\"image\":{\"@id\":\"https:\/\/228news.tg\/index.php\/2018\/10\/18\/strategie-redd-les-options-de-la-version-i-du-document-a-la-loupe-de-levaluation-environnementale-sociale-et-strategique-2\/#primaryimage\"},\"thumbnailUrl\":\"\",\"articleSection\":[\"DEVELOPPEMENT\",\"Flash\",\"TOGO\",\"Une\"],\"inLanguage\":\"fr-FR\",\"potentialAction\":[{\"@type\":\"CommentAction\",\"name\":\"Comment\",\"target\":[\"https:\/\/228news.tg\/index.php\/2018\/10\/18\/strategie-redd-les-options-de-la-version-i-du-document-a-la-loupe-de-levaluation-environnementale-sociale-et-strategique-2\/#respond\"]}]},{\"@type\":\"WebPage\",\"@id\":\"https:\/\/228news.tg\/index.php\/2018\/10\/18\/strategie-redd-les-options-de-la-version-i-du-document-a-la-loupe-de-levaluation-environnementale-sociale-et-strategique-2\/\",\"url\":\"https:\/\/228news.tg\/index.php\/2018\/10\/18\/strategie-redd-les-options-de-la-version-i-du-document-a-la-loupe-de-levaluation-environnementale-sociale-et-strategique-2\/\",\"name\":\"Strat\u00e9gie REDD+: Les options de la version I du document \u00e0 la loupe de l\u2019\u00c9valuation Environnementale, Sociale et Strat\u00e9gique - 228 News\",\"isPartOf\":{\"@id\":\"https:\/\/228news.tg\/#website\"},\"primaryImageOfPage\":{\"@id\":\"https:\/\/228news.tg\/index.php\/2018\/10\/18\/strategie-redd-les-options-de-la-version-i-du-document-a-la-loupe-de-levaluation-environnementale-sociale-et-strategique-2\/#primaryimage\"},\"image\":{\"@id\":\"https:\/\/228news.tg\/index.php\/2018\/10\/18\/strategie-redd-les-options-de-la-version-i-du-document-a-la-loupe-de-levaluation-environnementale-sociale-et-strategique-2\/#primaryimage\"},\"thumbnailUrl\":\"\",\"datePublished\":\"2018-10-18T18:32:09+00:00\",\"breadcrumb\":{\"@id\":\"https:\/\/228news.tg\/index.php\/2018\/10\/18\/strategie-redd-les-options-de-la-version-i-du-document-a-la-loupe-de-levaluation-environnementale-sociale-et-strategique-2\/#breadcrumb\"},\"inLanguage\":\"fr-FR\",\"potentialAction\":[{\"@type\":\"ReadAction\",\"target\":[\"https:\/\/228news.tg\/index.php\/2018\/10\/18\/strategie-redd-les-options-de-la-version-i-du-document-a-la-loupe-de-levaluation-environnementale-sociale-et-strategique-2\/\"]}]},{\"@type\":\"ImageObject\",\"inLanguage\":\"fr-FR\",\"@id\":\"https:\/\/228news.tg\/index.php\/2018\/10\/18\/strategie-redd-les-options-de-la-version-i-du-document-a-la-loupe-de-levaluation-environnementale-sociale-et-strategique-2\/#primaryimage\",\"url\":\"\",\"contentUrl\":\"\"},{\"@type\":\"BreadcrumbList\",\"@id\":\"https:\/\/228news.tg\/index.php\/2018\/10\/18\/strategie-redd-les-options-de-la-version-i-du-document-a-la-loupe-de-levaluation-environnementale-sociale-et-strategique-2\/#breadcrumb\",\"itemListElement\":[{\"@type\":\"ListItem\",\"position\":1,\"name\":\"Home\",\"item\":\"https:\/\/228news.tg\/\"},{\"@type\":\"ListItem\",\"position\":2,\"name\":\"Strat\u00e9gie REDD+: Les options de la version I du document \u00e0 la loupe de l\u2019\u00c9valuation Environnementale, Sociale et Strat\u00e9gique\"}]},{\"@type\":\"WebSite\",\"@id\":\"https:\/\/228news.tg\/#website\",\"url\":\"https:\/\/228news.tg\/\",\"name\":\"228 News\",\"description\":\"Soci\u00e9t\u00e9 de m\u00e9dias et d\u2019actualit\u00e9s\",\"publisher\":{\"@id\":\"https:\/\/228news.tg\/#organization\"},\"potentialAction\":[{\"@type\":\"SearchAction\",\"target\":{\"@type\":\"EntryPoint\",\"urlTemplate\":\"https:\/\/228news.tg\/?s={search_term_string}\"},\"query-input\":{\"@type\":\"PropertyValueSpecification\",\"valueRequired\":true,\"valueName\":\"search_term_string\"}}],\"inLanguage\":\"fr-FR\"},{\"@type\":\"Organization\",\"@id\":\"https:\/\/228news.tg\/#organization\",\"name\":\"228 News\",\"url\":\"https:\/\/228news.tg\/\",\"logo\":{\"@type\":\"ImageObject\",\"inLanguage\":\"fr-FR\",\"@id\":\"https:\/\/228news.tg\/#\/schema\/logo\/image\/\",\"url\":\"https:\/\/228news.tg\/wp-content\/uploads\/2024\/09\/logonew.png\",\"contentUrl\":\"https:\/\/228news.tg\/wp-content\/uploads\/2024\/09\/logonew.png\",\"width\":1640,\"height\":364,\"caption\":\"228 News\"},\"image\":{\"@id\":\"https:\/\/228news.tg\/#\/schema\/logo\/image\/\"}},{\"@type\":\"Person\",\"@id\":\"https:\/\/228news.tg\/#\/schema\/person\/68d5a6cc0230290e61235c8379523f52\",\"name\":\"Bienvenu SAVI\",\"image\":{\"@type\":\"ImageObject\",\"inLanguage\":\"fr-FR\",\"@id\":\"https:\/\/228news.tg\/#\/schema\/person\/image\/\",\"url\":\"https:\/\/secure.gravatar.com\/avatar\/9db91895c559e510509c33a3e9683998458e9b828fac36d5d1aa23f0f2fd369b?s=96&d=mm&r=g\",\"contentUrl\":\"https:\/\/secure.gravatar.com\/avatar\/9db91895c559e510509c33a3e9683998458e9b828fac36d5d1aa23f0f2fd369b?s=96&d=mm&r=g\",\"caption\":\"Bienvenu SAVI\"},\"url\":\"https:\/\/228news.tg\/index.php\/author\/bienvenu\/\"}]}<\/script>\n<!-- \/ Yoast SEO plugin. -->","yoast_head_json":{"title":"Strat\u00e9gie REDD+: Les options de la version I du document \u00e0 la loupe de l\u2019\u00c9valuation Environnementale, Sociale et Strat\u00e9gique - 228 News","robots":{"index":"index","follow":"follow","max-snippet":"max-snippet:-1","max-image-preview":"max-image-preview:large","max-video-preview":"max-video-preview:-1"},"canonical":"https:\/\/228news.tg\/index.php\/2018\/10\/18\/strategie-redd-les-options-de-la-version-i-du-document-a-la-loupe-de-levaluation-environnementale-sociale-et-strategique-2\/","og_locale":"fr_FR","og_type":"article","og_title":"Strat\u00e9gie REDD+: Les options de la version I du document \u00e0 la loupe de l\u2019\u00c9valuation Environnementale, Sociale et Strat\u00e9gique - 228 News","og_description":"(228NEWS\/ Lom\u00e9, le 18 octobre 2018)- Les options strat\u00e9giques d\u00e9finies dans la premi\u00e8re version du document de pr\u00e9paration du Togo \u00e0 la strat\u00e9gie REDD+ font l&rsquo;objet d&rsquo;une \u00e9valuation environnementale, sociale et strat\u00e9gique ce jeudi 18 octobre 2018 \u00e0 Lom\u00e9. \u00a0Ceci \u00e0 l&rsquo;occasion d&rsquo;un atelier ouvert par Sama Boundjouw, Secr\u00e9taire G\u00e9n\u00e9ral du minist\u00e8re de l&rsquo;environnement et ... Lire la suite","og_url":"https:\/\/228news.tg\/index.php\/2018\/10\/18\/strategie-redd-les-options-de-la-version-i-du-document-a-la-loupe-de-levaluation-environnementale-sociale-et-strategique-2\/","og_site_name":"228 News","article_published_time":"2018-10-18T18:32:09+00:00","og_image":[{"url":"http:\/\/localhost\/site\/228news\/wp-content\/uploads\/2018\/10\/photo_2018-10-18_19-31-58-300x225.jpg","type":"","width":"","height":""}],"author":"Bienvenu SAVI","twitter_card":"summary_large_image","twitter_misc":{"\u00c9crit par":"Bienvenu SAVI","Dur\u00e9e de lecture estim\u00e9e":"2 minutes"},"schema":{"@context":"https:\/\/schema.org","@graph":[{"@type":"Article","@id":"https:\/\/228news.tg\/index.php\/2018\/10\/18\/strategie-redd-les-options-de-la-version-i-du-document-a-la-loupe-de-levaluation-environnementale-sociale-et-strategique-2\/#article","isPartOf":{"@id":"https:\/\/228news.tg\/index.php\/2018\/10\/18\/strategie-redd-les-options-de-la-version-i-du-document-a-la-loupe-de-levaluation-environnementale-sociale-et-strategique-2\/"},"author":{"name":"Bienvenu SAVI","@id":"https:\/\/228news.tg\/#\/schema\/person\/68d5a6cc0230290e61235c8379523f52"},"headline":"Strat\u00e9gie REDD+: Les options de la version I du document \u00e0 la loupe de l\u2019\u00c9valuation Environnementale, Sociale et Strat\u00e9gique","datePublished":"2018-10-18T18:32:09+00:00","mainEntityOfPage":{"@id":"https:\/\/228news.tg\/index.php\/2018\/10\/18\/strategie-redd-les-options-de-la-version-i-du-document-a-la-loupe-de-levaluation-environnementale-sociale-et-strategique-2\/"},"wordCount":459,"commentCount":0,"publisher":{"@id":"https:\/\/228news.tg\/#organization"},"image":{"@id":"https:\/\/228news.tg\/index.php\/2018\/10\/18\/strategie-redd-les-options-de-la-version-i-du-document-a-la-loupe-de-levaluation-environnementale-sociale-et-strategique-2\/#primaryimage"},"thumbnailUrl":"","articleSection":["DEVELOPPEMENT","Flash","TOGO","Une"],"inLanguage":"fr-FR","potentialAction":[{"@type":"CommentAction","name":"Comment","target":["https:\/\/228news.tg\/index.php\/2018\/10\/18\/strategie-redd-les-options-de-la-version-i-du-document-a-la-loupe-de-levaluation-environnementale-sociale-et-strategique-2\/#respond"]}]},{"@type":"WebPage","@id":"https:\/\/228news.tg\/index.php\/2018\/10\/18\/strategie-redd-les-options-de-la-version-i-du-document-a-la-loupe-de-levaluation-environnementale-sociale-et-strategique-2\/","url":"https:\/\/228news.tg\/index.php\/2018\/10\/18\/strategie-redd-les-options-de-la-version-i-du-document-a-la-loupe-de-levaluation-environnementale-sociale-et-strategique-2\/","name":"Strat\u00e9gie REDD+: Les options de la version I du document \u00e0 la loupe de l\u2019\u00c9valuation Environnementale, Sociale et Strat\u00e9gique - 228 News","isPartOf":{"@id":"https:\/\/228news.tg\/#website"},"primaryImageOfPage":{"@id":"https:\/\/228news.tg\/index.php\/2018\/10\/18\/strategie-redd-les-options-de-la-version-i-du-document-a-la-loupe-de-levaluation-environnementale-sociale-et-strategique-2\/#primaryimage"},"image":{"@id":"https:\/\/228news.tg\/index.php\/2018\/10\/18\/strategie-redd-les-options-de-la-version-i-du-document-a-la-loupe-de-levaluation-environnementale-sociale-et-strategique-2\/#primaryimage"},"thumbnailUrl":"","datePublished":"2018-10-18T18:32:09+00:00","breadcrumb":{"@id":"https:\/\/228news.tg\/index.php\/2018\/10\/18\/strategie-redd-les-options-de-la-version-i-du-document-a-la-loupe-de-levaluation-environnementale-sociale-et-strategique-2\/#breadcrumb"},"inLanguage":"fr-FR","potentialAction":[{"@type":"ReadAction","target":["https:\/\/228news.tg\/index.php\/2018\/10\/18\/strategie-redd-les-options-de-la-version-i-du-document-a-la-loupe-de-levaluation-environnementale-sociale-et-strategique-2\/"]}]},{"@type":"ImageObject","inLanguage":"fr-FR","@id":"https:\/\/228news.tg\/index.php\/2018\/10\/18\/strategie-redd-les-options-de-la-version-i-du-document-a-la-loupe-de-levaluation-environnementale-sociale-et-strategique-2\/#primaryimage","url":"","contentUrl":""},{"@type":"BreadcrumbList","@id":"https:\/\/228news.tg\/index.php\/2018\/10\/18\/strategie-redd-les-options-de-la-version-i-du-document-a-la-loupe-de-levaluation-environnementale-sociale-et-strategique-2\/#breadcrumb","itemListElement":[{"@type":"ListItem","position":1,"name":"Home","item":"https:\/\/228news.tg\/"},{"@type":"ListItem","position":2,"name":"Strat\u00e9gie REDD+: Les options de la version I du document \u00e0 la loupe de l\u2019\u00c9valuation Environnementale, Sociale et Strat\u00e9gique"}]},{"@type":"WebSite","@id":"https:\/\/228news.tg\/#website","url":"https:\/\/228news.tg\/","name":"228 News","description":"Soci\u00e9t\u00e9 de m\u00e9dias et d\u2019actualit\u00e9s","publisher":{"@id":"https:\/\/228news.tg\/#organization"},"potentialAction":[{"@type":"SearchAction","target":{"@type":"EntryPoint","urlTemplate":"https:\/\/228news.tg\/?s={search_term_string}"},"query-input":{"@type":"PropertyValueSpecification","valueRequired":true,"valueName":"search_term_string"}}],"inLanguage":"fr-FR"},{"@type":"Organization","@id":"https:\/\/228news.tg\/#organization","name":"228 News","url":"https:\/\/228news.tg\/","logo":{"@type":"ImageObject","inLanguage":"fr-FR","@id":"https:\/\/228news.tg\/#\/schema\/logo\/image\/","url":"https:\/\/228news.tg\/wp-content\/uploads\/2024\/09\/logonew.png","contentUrl":"https:\/\/228news.tg\/wp-content\/uploads\/2024\/09\/logonew.png","width":1640,"height":364,"caption":"228 News"},"image":{"@id":"https:\/\/228news.tg\/#\/schema\/logo\/image\/"}},{"@type":"Person","@id":"https:\/\/228news.tg\/#\/schema\/person\/68d5a6cc0230290e61235c8379523f52","name":"Bienvenu SAVI","image":{"@type":"ImageObject","inLanguage":"fr-FR","@id":"https:\/\/228news.tg\/#\/schema\/person\/image\/","url":"https:\/\/secure.gravatar.com\/avatar\/9db91895c559e510509c33a3e9683998458e9b828fac36d5d1aa23f0f2fd369b?s=96&d=mm&r=g","contentUrl":"https:\/\/secure.gravatar.com\/avatar\/9db91895c559e510509c33a3e9683998458e9b828fac36d5d1aa23f0f2fd369b?s=96&d=mm&r=g","caption":"Bienvenu SAVI"},"url":"https:\/\/228news.tg\/index.php\/author\/bienvenu\/"}]}},"jetpack_featured_media_url":"","_links":{"self":[{"href":"https:\/\/228news.tg\/index.php\/wp-json\/wp\/v2\/posts\/14581","targetHints":{"allow":["GET"]}}],"collection":[{"href":"https:\/\/228news.tg\/index.php\/wp-json\/wp\/v2\/posts"}],"about":[{"href":"https:\/\/228news.tg\/index.php\/wp-json\/wp\/v2\/types\/post"}],"author":[{"embeddable":true,"href":"https:\/\/228news.tg\/index.php\/wp-json\/wp\/v2\/users\/2"}],"replies":[{"embeddable":true,"href":"https:\/\/228news.tg\/index.php\/wp-json\/wp\/v2\/comments?post=14581"}],"version-history":[{"count":0,"href":"https:\/\/228news.tg\/index.php\/wp-json\/wp\/v2\/posts\/14581\/revisions"}],"wp:featuredmedia":[{"embeddable":true,"href":"https:\/\/228news.tg\/index.php\/wp-json\/wp\/v2\/posts\/3381"}],"wp:attachment":[{"href":"https:\/\/228news.tg\/index.php\/wp-json\/wp\/v2\/media?parent=14581"}],"wp:term":[{"taxonomy":"category","embeddable":true,"href":"https:\/\/228news.tg\/index.php\/wp-json\/wp\/v2\/categories?post=14581"},{"taxonomy":"post_tag","embeddable":true,"href":"https:\/\/228news.tg\/index.php\/wp-json\/wp\/v2\/tags?post=14581"}],"curies":[{"name":"wp","href":"https:\/\/api.w.org\/{rel}","templated":true}]}}