{"id":14580,"date":"2018-10-18T17:55:45","date_gmt":"2018-10-18T17:55:45","guid":{"rendered":"http:\/\/localhost\/site\/228news\/?p=3377"},"modified":"2018-10-18T17:55:45","modified_gmt":"2018-10-18T17:55:45","slug":"reseaux-sociaux-avec-la-cnje-et-le-hacame-la-jeunesse-de-kara-sait-desormais-quoi-en-faire-2","status":"publish","type":"post","link":"https:\/\/228news.tg\/index.php\/2018\/10\/18\/reseaux-sociaux-avec-la-cnje-et-le-hacame-la-jeunesse-de-kara-sait-desormais-quoi-en-faire-2\/","title":{"rendered":"R\u00e9seaux sociaux: Avec la CNJE et le HaCAME, la jeunesse de Kara sait d\u00e9sormais quoi en faire!"},"content":{"rendered":"<p>(228NEWS\/ Lom\u00e9, le 18 octobre 2018)- Annonc\u00e9 tambours battant depuis quelques jours d\u00e9j\u00e0, le colloque sur l&rsquo;utilisation d\u00e9fectueuse des r\u00e9seaux sociaux et leurs impacts sur la paix sociale au Togo a tenu toutes ses promesses dans la ville de Kara, localit\u00e9 situ\u00e9e \u00e0 plus de 400 kilom\u00e8tres au nord de la ville de Lom\u00e9, ce jeudi 18 octobre 2018.<\/p>\n<p>Ouvert par le Secr\u00e9taire G\u00e9n\u00e9ral de l&rsquo;Universit\u00e9 de cette ville, M.\u00a0PIDABI Pawoubadi, repr\u00e9sentant le Pr\u00e9sident de l&rsquo;institution, ce grand rendez-vous avec les jeunes et \u00e9tudiants de la Kozah est une conjointe\u00a0 initiative de la Coordination Nationale de la Jeunesse Estudiantine (CNJE) et du Haut Conseil des Associations et Mouvements Estudiantins (HaCAME).<\/p>\n<p>Ce colloque a r\u00e9uni pr\u00e8s de 500 jeunes, le personnel administratif et p\u00e9dagogique de l&rsquo;Universit\u00e9 de kara autour de douze (12) th\u00e9matiques r\u00e9parties en trois (3) panels de quatre (4) th\u00e8mes dont les plus marquantes comme la responsabilit\u00e9 des r\u00e9seaux sociaux et des m\u00e9dias dans la r\u00e9solution de la crise au Togo pr\u00e9sent\u00e9e par le chroniqueur politique Firmin Teko Agbo, les m\u00e9dias dans la crise au Togo par Germain POULI, Directeur de publication de l&rsquo;Hebdomadaire \u00ab\u00a0Togo R\u00e9veil\u00a0\u00bb.<\/p>\n<p>Pour le Directeur de publication, l&rsquo;information, quatri\u00e8me pouvoir joue un r\u00f4le sensible dans la coh\u00e9sion d&rsquo;une communaut\u00e9. A ce titre, il est important de savoir en faire usage afin d&rsquo;\u00e9viter des situation dramatiques comme le g\u00e9nocide rwandais,&#8230;<\/p>\n<p>Il a \u00e9galement appel\u00e9 \u00e0 une conscience collective de la jeunesse qui doit plut\u00f4t utiliser le pouvoir des m\u00e9dias en g\u00e9n\u00e9ral, et celui des r\u00e9seaux sociaux en particulier, \u00e0 d&rsquo;autres fins utiles, telles les recherches, les petits business,&#8230;.<\/p>\n<p>Pour Bodi Da\u00efmou, Coordonnateur de la CNJE, l&rsquo;intiative apr\u00e8s son succ\u00e8s \u00e0 l&rsquo;UL s&rsquo;inscrit dans une vision de multiplication en vue d&rsquo;une coh\u00e9sion sociale pour un d\u00e9veloppement au Togo.<\/p>\n<p>Tch\u00e9dr\u00e9 Piou, Pr\u00e9sident du HaCAME pour sa part appel\u00e9 ses camarades \u00e9tudiants \u00e0 une utilisation efficiente des r\u00e9seaux sociaux pour une coh\u00e9sion sociale au Togo.<\/p>\n<p>Plusieurs jeunes \u00e9tudiants \u00e0 l&rsquo;issue du colloque ont fait part de leur satisfaction quant \u00e0 la qualit\u00e9 des pr\u00e9sentations et ont affirm\u00e9 avoir une meilleure id\u00e9e de quoi faire de leur connexion internet.<\/p>\n<p>D\u00e9mocrate<\/p>\n<p>(00228) 91 85 40 14<\/p>\n<p>98 60 67 68<\/p>\n<p>democrate2010@gmail.com<\/p>\n<p>&nbsp;<\/p>\n","protected":false},"excerpt":{"rendered":"<p>(228NEWS\/ Lom\u00e9, le 18 octobre 2018)- Annonc\u00e9 tambours battant depuis quelques jours d\u00e9j\u00e0, le colloque sur l&rsquo;utilisation d\u00e9fectueuse des r\u00e9seaux sociaux et leurs impacts sur la paix sociale au Togo a tenu toutes ses promesses dans la ville de Kara, localit\u00e9 situ\u00e9e \u00e0 plus de 400 kilom\u00e8tres au nord de la ville de Lom\u00e9, ce &#8230; <a title=\"R\u00e9seaux sociaux: Avec la CNJE et le HaCAME, la jeunesse de Kara sait d\u00e9sormais quoi en faire!\" class=\"read-more\" href=\"https:\/\/228news.tg\/index.php\/2018\/10\/18\/reseaux-sociaux-avec-la-cnje-et-le-hacame-la-jeunesse-de-kara-sait-desormais-quoi-en-faire-2\/\" aria-label=\"En savoir plus sur R\u00e9seaux sociaux: Avec la CNJE et le HaCAME, la jeunesse de Kara sait d\u00e9sormais quoi en faire!\">Lire la suite<\/a><\/p>\n","protected":false},"author":2,"featured_media":3378,"comment_status":"open","ping_status":"open","sticky":false,"template":"","format":"chat","meta":{"footnotes":""},"categories":[28,35,25,34],"tags":[],"class_list":["post-14580","post","type-post","status-publish","format-chat","has-post-thumbnail","hentry","category-education","category-flash","category-togo","category-une","post_format-post-format-chat"],"yoast_head":"<!-- This site is optimized with the Yoast SEO plugin v26.4 - https:\/\/yoast.com\/wordpress\/plugins\/seo\/ -->\n<title>R\u00e9seaux sociaux: Avec la CNJE et le HaCAME, la jeunesse de Kara sait d\u00e9sormais quoi en faire! - 228 News<\/title>\n<meta name=\"robots\" content=\"index, follow, max-snippet:-1, max-image-preview:large, max-video-preview:-1\" \/>\n<link rel=\"canonical\" href=\"https:\/\/228news.tg\/index.php\/2018\/10\/18\/reseaux-sociaux-avec-la-cnje-et-le-hacame-la-jeunesse-de-kara-sait-desormais-quoi-en-faire-2\/\" \/>\n<meta property=\"og:locale\" content=\"fr_FR\" \/>\n<meta property=\"og:type\" content=\"article\" \/>\n<meta property=\"og:title\" content=\"R\u00e9seaux sociaux: Avec la CNJE et le HaCAME, la jeunesse de Kara sait d\u00e9sormais quoi en faire! - 228 News\" \/>\n<meta property=\"og:description\" content=\"(228NEWS\/ Lom\u00e9, le 18 octobre 2018)- Annonc\u00e9 tambours battant depuis quelques jours d\u00e9j\u00e0, le colloque sur l&rsquo;utilisation d\u00e9fectueuse des r\u00e9seaux sociaux et leurs impacts sur la paix sociale au Togo a tenu toutes ses promesses dans la ville de Kara, localit\u00e9 situ\u00e9e \u00e0 plus de 400 kilom\u00e8tres au nord de la ville de Lom\u00e9, ce ... Lire la suite\" \/>\n<meta property=\"og:url\" content=\"https:\/\/228news.tg\/index.php\/2018\/10\/18\/reseaux-sociaux-avec-la-cnje-et-le-hacame-la-jeunesse-de-kara-sait-desormais-quoi-en-faire-2\/\" \/>\n<meta property=\"og:site_name\" content=\"228 News\" \/>\n<meta property=\"article:published_time\" content=\"2018-10-18T17:55:45+00:00\" \/>\n<meta name=\"author\" content=\"Bienvenu SAVI\" \/>\n<meta name=\"twitter:card\" content=\"summary_large_image\" \/>\n<meta name=\"twitter:label1\" content=\"\u00c9crit par\" \/>\n\t<meta name=\"twitter:data1\" content=\"Bienvenu SAVI\" \/>\n\t<meta name=\"twitter:label2\" content=\"Dur\u00e9e de lecture estim\u00e9e\" \/>\n\t<meta name=\"twitter:data2\" content=\"2 minutes\" \/>\n<script type=\"application\/ld+json\" class=\"yoast-schema-graph\">{\"@context\":\"https:\/\/schema.org\",\"@graph\":[{\"@type\":\"Article\",\"@id\":\"https:\/\/228news.tg\/index.php\/2018\/10\/18\/reseaux-sociaux-avec-la-cnje-et-le-hacame-la-jeunesse-de-kara-sait-desormais-quoi-en-faire-2\/#article\",\"isPartOf\":{\"@id\":\"https:\/\/228news.tg\/index.php\/2018\/10\/18\/reseaux-sociaux-avec-la-cnje-et-le-hacame-la-jeunesse-de-kara-sait-desormais-quoi-en-faire-2\/\"},\"author\":{\"name\":\"Bienvenu SAVI\",\"@id\":\"https:\/\/228news.tg\/#\/schema\/person\/68d5a6cc0230290e61235c8379523f52\"},\"headline\":\"R\u00e9seaux sociaux: Avec la CNJE et le HaCAME, la jeunesse de Kara sait d\u00e9sormais quoi en faire!\",\"datePublished\":\"2018-10-18T17:55:45+00:00\",\"mainEntityOfPage\":{\"@id\":\"https:\/\/228news.tg\/index.php\/2018\/10\/18\/reseaux-sociaux-avec-la-cnje-et-le-hacame-la-jeunesse-de-kara-sait-desormais-quoi-en-faire-2\/\"},\"wordCount\":417,\"commentCount\":0,\"publisher\":{\"@id\":\"https:\/\/228news.tg\/#organization\"},\"image\":{\"@id\":\"https:\/\/228news.tg\/index.php\/2018\/10\/18\/reseaux-sociaux-avec-la-cnje-et-le-hacame-la-jeunesse-de-kara-sait-desormais-quoi-en-faire-2\/#primaryimage\"},\"thumbnailUrl\":\"\",\"articleSection\":[\"EDUCATION\",\"Flash\",\"TOGO\",\"Une\"],\"inLanguage\":\"fr-FR\",\"potentialAction\":[{\"@type\":\"CommentAction\",\"name\":\"Comment\",\"target\":[\"https:\/\/228news.tg\/index.php\/2018\/10\/18\/reseaux-sociaux-avec-la-cnje-et-le-hacame-la-jeunesse-de-kara-sait-desormais-quoi-en-faire-2\/#respond\"]}]},{\"@type\":\"WebPage\",\"@id\":\"https:\/\/228news.tg\/index.php\/2018\/10\/18\/reseaux-sociaux-avec-la-cnje-et-le-hacame-la-jeunesse-de-kara-sait-desormais-quoi-en-faire-2\/\",\"url\":\"https:\/\/228news.tg\/index.php\/2018\/10\/18\/reseaux-sociaux-avec-la-cnje-et-le-hacame-la-jeunesse-de-kara-sait-desormais-quoi-en-faire-2\/\",\"name\":\"R\u00e9seaux sociaux: Avec la CNJE et le HaCAME, la jeunesse de Kara sait d\u00e9sormais quoi en faire! - 228 News\",\"isPartOf\":{\"@id\":\"https:\/\/228news.tg\/#website\"},\"primaryImageOfPage\":{\"@id\":\"https:\/\/228news.tg\/index.php\/2018\/10\/18\/reseaux-sociaux-avec-la-cnje-et-le-hacame-la-jeunesse-de-kara-sait-desormais-quoi-en-faire-2\/#primaryimage\"},\"image\":{\"@id\":\"https:\/\/228news.tg\/index.php\/2018\/10\/18\/reseaux-sociaux-avec-la-cnje-et-le-hacame-la-jeunesse-de-kara-sait-desormais-quoi-en-faire-2\/#primaryimage\"},\"thumbnailUrl\":\"\",\"datePublished\":\"2018-10-18T17:55:45+00:00\",\"breadcrumb\":{\"@id\":\"https:\/\/228news.tg\/index.php\/2018\/10\/18\/reseaux-sociaux-avec-la-cnje-et-le-hacame-la-jeunesse-de-kara-sait-desormais-quoi-en-faire-2\/#breadcrumb\"},\"inLanguage\":\"fr-FR\",\"potentialAction\":[{\"@type\":\"ReadAction\",\"target\":[\"https:\/\/228news.tg\/index.php\/2018\/10\/18\/reseaux-sociaux-avec-la-cnje-et-le-hacame-la-jeunesse-de-kara-sait-desormais-quoi-en-faire-2\/\"]}]},{\"@type\":\"ImageObject\",\"inLanguage\":\"fr-FR\",\"@id\":\"https:\/\/228news.tg\/index.php\/2018\/10\/18\/reseaux-sociaux-avec-la-cnje-et-le-hacame-la-jeunesse-de-kara-sait-desormais-quoi-en-faire-2\/#primaryimage\",\"url\":\"\",\"contentUrl\":\"\"},{\"@type\":\"BreadcrumbList\",\"@id\":\"https:\/\/228news.tg\/index.php\/2018\/10\/18\/reseaux-sociaux-avec-la-cnje-et-le-hacame-la-jeunesse-de-kara-sait-desormais-quoi-en-faire-2\/#breadcrumb\",\"itemListElement\":[{\"@type\":\"ListItem\",\"position\":1,\"name\":\"Home\",\"item\":\"https:\/\/228news.tg\/\"},{\"@type\":\"ListItem\",\"position\":2,\"name\":\"R\u00e9seaux sociaux: Avec la CNJE et le HaCAME, la jeunesse de Kara sait d\u00e9sormais quoi en faire!\"}]},{\"@type\":\"WebSite\",\"@id\":\"https:\/\/228news.tg\/#website\",\"url\":\"https:\/\/228news.tg\/\",\"name\":\"228 News\",\"description\":\"Soci\u00e9t\u00e9 de m\u00e9dias et d\u2019actualit\u00e9s\",\"publisher\":{\"@id\":\"https:\/\/228news.tg\/#organization\"},\"potentialAction\":[{\"@type\":\"SearchAction\",\"target\":{\"@type\":\"EntryPoint\",\"urlTemplate\":\"https:\/\/228news.tg\/?s={search_term_string}\"},\"query-input\":{\"@type\":\"PropertyValueSpecification\",\"valueRequired\":true,\"valueName\":\"search_term_string\"}}],\"inLanguage\":\"fr-FR\"},{\"@type\":\"Organization\",\"@id\":\"https:\/\/228news.tg\/#organization\",\"name\":\"228 News\",\"url\":\"https:\/\/228news.tg\/\",\"logo\":{\"@type\":\"ImageObject\",\"inLanguage\":\"fr-FR\",\"@id\":\"https:\/\/228news.tg\/#\/schema\/logo\/image\/\",\"url\":\"https:\/\/228news.tg\/wp-content\/uploads\/2024\/09\/logonew.png\",\"contentUrl\":\"https:\/\/228news.tg\/wp-content\/uploads\/2024\/09\/logonew.png\",\"width\":1640,\"height\":364,\"caption\":\"228 News\"},\"image\":{\"@id\":\"https:\/\/228news.tg\/#\/schema\/logo\/image\/\"}},{\"@type\":\"Person\",\"@id\":\"https:\/\/228news.tg\/#\/schema\/person\/68d5a6cc0230290e61235c8379523f52\",\"name\":\"Bienvenu SAVI\",\"image\":{\"@type\":\"ImageObject\",\"inLanguage\":\"fr-FR\",\"@id\":\"https:\/\/228news.tg\/#\/schema\/person\/image\/\",\"url\":\"https:\/\/secure.gravatar.com\/avatar\/9db91895c559e510509c33a3e9683998458e9b828fac36d5d1aa23f0f2fd369b?s=96&d=mm&r=g\",\"contentUrl\":\"https:\/\/secure.gravatar.com\/avatar\/9db91895c559e510509c33a3e9683998458e9b828fac36d5d1aa23f0f2fd369b?s=96&d=mm&r=g\",\"caption\":\"Bienvenu SAVI\"},\"url\":\"https:\/\/228news.tg\/index.php\/author\/bienvenu\/\"}]}<\/script>\n<!-- \/ Yoast SEO plugin. -->","yoast_head_json":{"title":"R\u00e9seaux sociaux: Avec la CNJE et le HaCAME, la jeunesse de Kara sait d\u00e9sormais quoi en faire! - 228 News","robots":{"index":"index","follow":"follow","max-snippet":"max-snippet:-1","max-image-preview":"max-image-preview:large","max-video-preview":"max-video-preview:-1"},"canonical":"https:\/\/228news.tg\/index.php\/2018\/10\/18\/reseaux-sociaux-avec-la-cnje-et-le-hacame-la-jeunesse-de-kara-sait-desormais-quoi-en-faire-2\/","og_locale":"fr_FR","og_type":"article","og_title":"R\u00e9seaux sociaux: Avec la CNJE et le HaCAME, la jeunesse de Kara sait d\u00e9sormais quoi en faire! - 228 News","og_description":"(228NEWS\/ Lom\u00e9, le 18 octobre 2018)- Annonc\u00e9 tambours battant depuis quelques jours d\u00e9j\u00e0, le colloque sur l&rsquo;utilisation d\u00e9fectueuse des r\u00e9seaux sociaux et leurs impacts sur la paix sociale au Togo a tenu toutes ses promesses dans la ville de Kara, localit\u00e9 situ\u00e9e \u00e0 plus de 400 kilom\u00e8tres au nord de la ville de Lom\u00e9, ce ... Lire la suite","og_url":"https:\/\/228news.tg\/index.php\/2018\/10\/18\/reseaux-sociaux-avec-la-cnje-et-le-hacame-la-jeunesse-de-kara-sait-desormais-quoi-en-faire-2\/","og_site_name":"228 News","article_published_time":"2018-10-18T17:55:45+00:00","author":"Bienvenu SAVI","twitter_card":"summary_large_image","twitter_misc":{"\u00c9crit par":"Bienvenu SAVI","Dur\u00e9e de lecture estim\u00e9e":"2 minutes"},"schema":{"@context":"https:\/\/schema.org","@graph":[{"@type":"Article","@id":"https:\/\/228news.tg\/index.php\/2018\/10\/18\/reseaux-sociaux-avec-la-cnje-et-le-hacame-la-jeunesse-de-kara-sait-desormais-quoi-en-faire-2\/#article","isPartOf":{"@id":"https:\/\/228news.tg\/index.php\/2018\/10\/18\/reseaux-sociaux-avec-la-cnje-et-le-hacame-la-jeunesse-de-kara-sait-desormais-quoi-en-faire-2\/"},"author":{"name":"Bienvenu SAVI","@id":"https:\/\/228news.tg\/#\/schema\/person\/68d5a6cc0230290e61235c8379523f52"},"headline":"R\u00e9seaux sociaux: Avec la CNJE et le HaCAME, la jeunesse de Kara sait d\u00e9sormais quoi en faire!","datePublished":"2018-10-18T17:55:45+00:00","mainEntityOfPage":{"@id":"https:\/\/228news.tg\/index.php\/2018\/10\/18\/reseaux-sociaux-avec-la-cnje-et-le-hacame-la-jeunesse-de-kara-sait-desormais-quoi-en-faire-2\/"},"wordCount":417,"commentCount":0,"publisher":{"@id":"https:\/\/228news.tg\/#organization"},"image":{"@id":"https:\/\/228news.tg\/index.php\/2018\/10\/18\/reseaux-sociaux-avec-la-cnje-et-le-hacame-la-jeunesse-de-kara-sait-desormais-quoi-en-faire-2\/#primaryimage"},"thumbnailUrl":"","articleSection":["EDUCATION","Flash","TOGO","Une"],"inLanguage":"fr-FR","potentialAction":[{"@type":"CommentAction","name":"Comment","target":["https:\/\/228news.tg\/index.php\/2018\/10\/18\/reseaux-sociaux-avec-la-cnje-et-le-hacame-la-jeunesse-de-kara-sait-desormais-quoi-en-faire-2\/#respond"]}]},{"@type":"WebPage","@id":"https:\/\/228news.tg\/index.php\/2018\/10\/18\/reseaux-sociaux-avec-la-cnje-et-le-hacame-la-jeunesse-de-kara-sait-desormais-quoi-en-faire-2\/","url":"https:\/\/228news.tg\/index.php\/2018\/10\/18\/reseaux-sociaux-avec-la-cnje-et-le-hacame-la-jeunesse-de-kara-sait-desormais-quoi-en-faire-2\/","name":"R\u00e9seaux sociaux: Avec la CNJE et le HaCAME, la jeunesse de Kara sait d\u00e9sormais quoi en faire! - 228 News","isPartOf":{"@id":"https:\/\/228news.tg\/#website"},"primaryImageOfPage":{"@id":"https:\/\/228news.tg\/index.php\/2018\/10\/18\/reseaux-sociaux-avec-la-cnje-et-le-hacame-la-jeunesse-de-kara-sait-desormais-quoi-en-faire-2\/#primaryimage"},"image":{"@id":"https:\/\/228news.tg\/index.php\/2018\/10\/18\/reseaux-sociaux-avec-la-cnje-et-le-hacame-la-jeunesse-de-kara-sait-desormais-quoi-en-faire-2\/#primaryimage"},"thumbnailUrl":"","datePublished":"2018-10-18T17:55:45+00:00","breadcrumb":{"@id":"https:\/\/228news.tg\/index.php\/2018\/10\/18\/reseaux-sociaux-avec-la-cnje-et-le-hacame-la-jeunesse-de-kara-sait-desormais-quoi-en-faire-2\/#breadcrumb"},"inLanguage":"fr-FR","potentialAction":[{"@type":"ReadAction","target":["https:\/\/228news.tg\/index.php\/2018\/10\/18\/reseaux-sociaux-avec-la-cnje-et-le-hacame-la-jeunesse-de-kara-sait-desormais-quoi-en-faire-2\/"]}]},{"@type":"ImageObject","inLanguage":"fr-FR","@id":"https:\/\/228news.tg\/index.php\/2018\/10\/18\/reseaux-sociaux-avec-la-cnje-et-le-hacame-la-jeunesse-de-kara-sait-desormais-quoi-en-faire-2\/#primaryimage","url":"","contentUrl":""},{"@type":"BreadcrumbList","@id":"https:\/\/228news.tg\/index.php\/2018\/10\/18\/reseaux-sociaux-avec-la-cnje-et-le-hacame-la-jeunesse-de-kara-sait-desormais-quoi-en-faire-2\/#breadcrumb","itemListElement":[{"@type":"ListItem","position":1,"name":"Home","item":"https:\/\/228news.tg\/"},{"@type":"ListItem","position":2,"name":"R\u00e9seaux sociaux: Avec la CNJE et le HaCAME, la jeunesse de Kara sait d\u00e9sormais quoi en faire!"}]},{"@type":"WebSite","@id":"https:\/\/228news.tg\/#website","url":"https:\/\/228news.tg\/","name":"228 News","description":"Soci\u00e9t\u00e9 de m\u00e9dias et d\u2019actualit\u00e9s","publisher":{"@id":"https:\/\/228news.tg\/#organization"},"potentialAction":[{"@type":"SearchAction","target":{"@type":"EntryPoint","urlTemplate":"https:\/\/228news.tg\/?s={search_term_string}"},"query-input":{"@type":"PropertyValueSpecification","valueRequired":true,"valueName":"search_term_string"}}],"inLanguage":"fr-FR"},{"@type":"Organization","@id":"https:\/\/228news.tg\/#organization","name":"228 News","url":"https:\/\/228news.tg\/","logo":{"@type":"ImageObject","inLanguage":"fr-FR","@id":"https:\/\/228news.tg\/#\/schema\/logo\/image\/","url":"https:\/\/228news.tg\/wp-content\/uploads\/2024\/09\/logonew.png","contentUrl":"https:\/\/228news.tg\/wp-content\/uploads\/2024\/09\/logonew.png","width":1640,"height":364,"caption":"228 News"},"image":{"@id":"https:\/\/228news.tg\/#\/schema\/logo\/image\/"}},{"@type":"Person","@id":"https:\/\/228news.tg\/#\/schema\/person\/68d5a6cc0230290e61235c8379523f52","name":"Bienvenu SAVI","image":{"@type":"ImageObject","inLanguage":"fr-FR","@id":"https:\/\/228news.tg\/#\/schema\/person\/image\/","url":"https:\/\/secure.gravatar.com\/avatar\/9db91895c559e510509c33a3e9683998458e9b828fac36d5d1aa23f0f2fd369b?s=96&d=mm&r=g","contentUrl":"https:\/\/secure.gravatar.com\/avatar\/9db91895c559e510509c33a3e9683998458e9b828fac36d5d1aa23f0f2fd369b?s=96&d=mm&r=g","caption":"Bienvenu SAVI"},"url":"https:\/\/228news.tg\/index.php\/author\/bienvenu\/"}]}},"jetpack_featured_media_url":"","_links":{"self":[{"href":"https:\/\/228news.tg\/index.php\/wp-json\/wp\/v2\/posts\/14580","targetHints":{"allow":["GET"]}}],"collection":[{"href":"https:\/\/228news.tg\/index.php\/wp-json\/wp\/v2\/posts"}],"about":[{"href":"https:\/\/228news.tg\/index.php\/wp-json\/wp\/v2\/types\/post"}],"author":[{"embeddable":true,"href":"https:\/\/228news.tg\/index.php\/wp-json\/wp\/v2\/users\/2"}],"replies":[{"embeddable":true,"href":"https:\/\/228news.tg\/index.php\/wp-json\/wp\/v2\/comments?post=14580"}],"version-history":[{"count":0,"href":"https:\/\/228news.tg\/index.php\/wp-json\/wp\/v2\/posts\/14580\/revisions"}],"wp:featuredmedia":[{"embeddable":true,"href":"https:\/\/228news.tg\/index.php\/wp-json\/wp\/v2\/posts\/3378"}],"wp:attachment":[{"href":"https:\/\/228news.tg\/index.php\/wp-json\/wp\/v2\/media?parent=14580"}],"wp:term":[{"taxonomy":"category","embeddable":true,"href":"https:\/\/228news.tg\/index.php\/wp-json\/wp\/v2\/categories?post=14580"},{"taxonomy":"post_tag","embeddable":true,"href":"https:\/\/228news.tg\/index.php\/wp-json\/wp\/v2\/tags?post=14580"}],"curies":[{"name":"wp","href":"https:\/\/api.w.org\/{rel}","templated":true}]}}