{"id":14576,"date":"2018-10-15T15:30:06","date_gmt":"2018-10-15T15:30:06","guid":{"rendered":"http:\/\/localhost\/site\/228news\/?p=3359"},"modified":"2018-10-15T15:30:06","modified_gmt":"2018-10-15T15:30:06","slug":"inam-la-deuxieme-edition-des-universites-du-3e-age-aura-lieu-les-17-et-18-octobre-prochains-2","status":"publish","type":"post","link":"https:\/\/228news.tg\/index.php\/2018\/10\/15\/inam-la-deuxieme-edition-des-universites-du-3e-age-aura-lieu-les-17-et-18-octobre-prochains-2\/","title":{"rendered":"INAM: La deuxi\u00e8me \u00e9dition des universit\u00e9s du 3e \u00e2ge aura lieu les 17 et 18 octobre prochains"},"content":{"rendered":"<p>(228NEWS\/ Lom\u00e9, le 15 octobre 2018)- Les personnes du troisi\u00e8me \u00e2ge encore appel\u00e9es \u00ab\u00a0seniors\u00a0\u00bbseront \u00e0 l&rsquo;honneur les 17 et 18 octobre prochains \u00e0 l&rsquo;Institut National de l&rsquo;Assurance Maladie (INAM).<\/p>\n<p>L&rsquo;information a \u00e9t\u00e9 port\u00e9e aux hommes de m\u00e9dias ce lundi 15 octobre par les premiers responsables de l&rsquo;INAM.<\/p>\n<p>Sous le th\u00e8me \u00ab\u00a0Personnes \u00e2g\u00e9es, richesse de la nation\u00a0\u00bbcette seconde \u00e9dition \u00e0 en croire Mme Myriam Dossou, Directrice G\u00e9n\u00e9rale de l&rsquo;INAM entend permettre \u00e0 ces seniors et aux professionnels du secteur des seniors d\u2019aborder et de relever les d\u00e9fis qui se pr\u00e9sentent \u00e0 cette frange particuli\u00e8re de la population, \u00e0 travers des \u00e9changes, partages structur\u00e9s et conviviaux.\u00a0<img fetchpriority=\"high\" decoding=\"async\" class=\"alignnone size-medium wp-image-3365 alignright\" src=\"http:\/\/localhost\/site\/228news\/wp-content\/uploads\/2018\/10\/photo_2018-10-15_21-14-28-300x225.jpg\" alt=\"\" width=\"300\" height=\"225\" \/><\/p>\n<p>La mortalit\u00e9 li\u00e9 au diab\u00e8te, aux maladies vasculaires c\u00e9r\u00e9brales, les loisirs et d\u00e9tentes comme moyen de les combattre cristalliseront les attentions \u00e0 cette seconde \u00e9dition des universit\u00e9s du 3eme \u00e2ge.<\/p>\n<p>Elles offrent un cadre de\u00a0mobilisation, d&rsquo;activation et de relation entre les clients seniors et l\u2019INAM, et permettent d&rsquo;optimiser les outils et les pratiques de l\u2019assurance maladie d\u00e9di\u00e9e \u00e0 ces personnes \u00e2g\u00e9es.<\/p>\n<p>Espace d&rsquo;\u00e9coute et de conseil, les universit\u00e9s du troisi\u00e8me \u00e2ge se r\u00e9v\u00e8lent aujourd&rsquo;hui comme un outil incontournable dans l&rsquo;arsenal de l&rsquo;INAM afin de mieux servir cette frange qui repr\u00e9sente un peu plus de 5%de la population togolaise, d&rsquo;apr\u00e8s le dernier recensement g\u00e9n\u00e9ral de la population et de l&rsquo;habitat effectu\u00e9 en 2010.<\/p>\n<p>Side Events, des expositions et foire du 3\u00e8me \u00e2ge par les seniors\u00a0 causeries- d\u00e9bats avec d\u2019imminents pan\u00e9listes, ateliers de formation sont autant d&rsquo;activit\u00e9s inscrites au programme de ces universit\u00e9s.<\/p>\n<p><em><strong>D\u00e9mocrate<\/strong><\/em><\/p>\n<p><em><strong>(00228) 91 85 40 14<\/strong><\/em><\/p>\n<p><em><strong>98 60 67 68<\/strong><\/em><\/p>\n<p><em><strong>democrate2010@gmail.com<\/strong><\/em><\/p>\n<p>&nbsp;<\/p>\n","protected":false},"excerpt":{"rendered":"<p>(228NEWS\/ Lom\u00e9, le 15 octobre 2018)- Les personnes du troisi\u00e8me \u00e2ge encore appel\u00e9es \u00ab\u00a0seniors\u00a0\u00bbseront \u00e0 l&rsquo;honneur les 17 et 18 octobre prochains \u00e0 l&rsquo;Institut National de l&rsquo;Assurance Maladie (INAM). L&rsquo;information a \u00e9t\u00e9 port\u00e9e aux hommes de m\u00e9dias ce lundi 15 octobre par les premiers responsables de l&rsquo;INAM. Sous le th\u00e8me \u00ab\u00a0Personnes \u00e2g\u00e9es, richesse de la &#8230; <a title=\"INAM: La deuxi\u00e8me \u00e9dition des universit\u00e9s du 3e \u00e2ge aura lieu les 17 et 18 octobre prochains\" class=\"read-more\" href=\"https:\/\/228news.tg\/index.php\/2018\/10\/15\/inam-la-deuxieme-edition-des-universites-du-3e-age-aura-lieu-les-17-et-18-octobre-prochains-2\/\" aria-label=\"En savoir plus sur INAM: La deuxi\u00e8me \u00e9dition des universit\u00e9s du 3e \u00e2ge aura lieu les 17 et 18 octobre prochains\">Lire la suite<\/a><\/p>\n","protected":false},"author":2,"featured_media":3360,"comment_status":"open","ping_status":"open","sticky":false,"template":"","format":"chat","meta":{"footnotes":""},"categories":[35,27,25,34],"tags":[],"class_list":["post-14576","post","type-post","status-publish","format-chat","has-post-thumbnail","hentry","category-flash","category-sante","category-togo","category-une","post_format-post-format-chat"],"yoast_head":"<!-- This site is optimized with the Yoast SEO plugin v26.4 - https:\/\/yoast.com\/wordpress\/plugins\/seo\/ -->\n<title>INAM: La deuxi\u00e8me \u00e9dition des universit\u00e9s du 3e \u00e2ge aura lieu les 17 et 18 octobre prochains - 228 News<\/title>\n<meta name=\"robots\" content=\"index, follow, max-snippet:-1, max-image-preview:large, max-video-preview:-1\" \/>\n<link rel=\"canonical\" href=\"https:\/\/228news.tg\/index.php\/2018\/10\/15\/inam-la-deuxieme-edition-des-universites-du-3e-age-aura-lieu-les-17-et-18-octobre-prochains-2\/\" \/>\n<meta property=\"og:locale\" content=\"fr_FR\" \/>\n<meta property=\"og:type\" content=\"article\" \/>\n<meta property=\"og:title\" content=\"INAM: La deuxi\u00e8me \u00e9dition des universit\u00e9s du 3e \u00e2ge aura lieu les 17 et 18 octobre prochains - 228 News\" \/>\n<meta property=\"og:description\" content=\"(228NEWS\/ Lom\u00e9, le 15 octobre 2018)- Les personnes du troisi\u00e8me \u00e2ge encore appel\u00e9es \u00ab\u00a0seniors\u00a0\u00bbseront \u00e0 l&rsquo;honneur les 17 et 18 octobre prochains \u00e0 l&rsquo;Institut National de l&rsquo;Assurance Maladie (INAM). L&rsquo;information a \u00e9t\u00e9 port\u00e9e aux hommes de m\u00e9dias ce lundi 15 octobre par les premiers responsables de l&rsquo;INAM. Sous le th\u00e8me \u00ab\u00a0Personnes \u00e2g\u00e9es, richesse de la ... Lire la suite\" \/>\n<meta property=\"og:url\" content=\"https:\/\/228news.tg\/index.php\/2018\/10\/15\/inam-la-deuxieme-edition-des-universites-du-3e-age-aura-lieu-les-17-et-18-octobre-prochains-2\/\" \/>\n<meta property=\"og:site_name\" content=\"228 News\" \/>\n<meta property=\"article:published_time\" content=\"2018-10-15T15:30:06+00:00\" \/>\n<meta property=\"og:image\" content=\"http:\/\/localhost\/site\/228news\/wp-content\/uploads\/2018\/10\/photo_2018-10-15_21-14-28-300x225.jpg\" \/>\n<meta name=\"author\" content=\"Bienvenu SAVI\" \/>\n<meta name=\"twitter:card\" content=\"summary_large_image\" \/>\n<meta name=\"twitter:label1\" content=\"\u00c9crit par\" \/>\n\t<meta name=\"twitter:data1\" content=\"Bienvenu SAVI\" \/>\n\t<meta name=\"twitter:label2\" content=\"Dur\u00e9e de lecture estim\u00e9e\" \/>\n\t<meta name=\"twitter:data2\" content=\"1 minute\" \/>\n<script type=\"application\/ld+json\" class=\"yoast-schema-graph\">{\"@context\":\"https:\/\/schema.org\",\"@graph\":[{\"@type\":\"Article\",\"@id\":\"https:\/\/228news.tg\/index.php\/2018\/10\/15\/inam-la-deuxieme-edition-des-universites-du-3e-age-aura-lieu-les-17-et-18-octobre-prochains-2\/#article\",\"isPartOf\":{\"@id\":\"https:\/\/228news.tg\/index.php\/2018\/10\/15\/inam-la-deuxieme-edition-des-universites-du-3e-age-aura-lieu-les-17-et-18-octobre-prochains-2\/\"},\"author\":{\"name\":\"Bienvenu SAVI\",\"@id\":\"https:\/\/228news.tg\/#\/schema\/person\/68d5a6cc0230290e61235c8379523f52\"},\"headline\":\"INAM: La deuxi\u00e8me \u00e9dition des universit\u00e9s du 3e \u00e2ge aura lieu les 17 et 18 octobre prochains\",\"datePublished\":\"2018-10-15T15:30:06+00:00\",\"mainEntityOfPage\":{\"@id\":\"https:\/\/228news.tg\/index.php\/2018\/10\/15\/inam-la-deuxieme-edition-des-universites-du-3e-age-aura-lieu-les-17-et-18-octobre-prochains-2\/\"},\"wordCount\":309,\"commentCount\":0,\"publisher\":{\"@id\":\"https:\/\/228news.tg\/#organization\"},\"image\":{\"@id\":\"https:\/\/228news.tg\/index.php\/2018\/10\/15\/inam-la-deuxieme-edition-des-universites-du-3e-age-aura-lieu-les-17-et-18-octobre-prochains-2\/#primaryimage\"},\"thumbnailUrl\":\"https:\/\/228news.tg\/wp-content\/uploads\/2024\/09\/IMG-20210109-WA0020.jpg\",\"articleSection\":[\"Flash\",\"Sant\u00e9\",\"TOGO\",\"Une\"],\"inLanguage\":\"fr-FR\",\"potentialAction\":[{\"@type\":\"CommentAction\",\"name\":\"Comment\",\"target\":[\"https:\/\/228news.tg\/index.php\/2018\/10\/15\/inam-la-deuxieme-edition-des-universites-du-3e-age-aura-lieu-les-17-et-18-octobre-prochains-2\/#respond\"]}]},{\"@type\":\"WebPage\",\"@id\":\"https:\/\/228news.tg\/index.php\/2018\/10\/15\/inam-la-deuxieme-edition-des-universites-du-3e-age-aura-lieu-les-17-et-18-octobre-prochains-2\/\",\"url\":\"https:\/\/228news.tg\/index.php\/2018\/10\/15\/inam-la-deuxieme-edition-des-universites-du-3e-age-aura-lieu-les-17-et-18-octobre-prochains-2\/\",\"name\":\"INAM: La deuxi\u00e8me \u00e9dition des universit\u00e9s du 3e \u00e2ge aura lieu les 17 et 18 octobre prochains - 228 News\",\"isPartOf\":{\"@id\":\"https:\/\/228news.tg\/#website\"},\"primaryImageOfPage\":{\"@id\":\"https:\/\/228news.tg\/index.php\/2018\/10\/15\/inam-la-deuxieme-edition-des-universites-du-3e-age-aura-lieu-les-17-et-18-octobre-prochains-2\/#primaryimage\"},\"image\":{\"@id\":\"https:\/\/228news.tg\/index.php\/2018\/10\/15\/inam-la-deuxieme-edition-des-universites-du-3e-age-aura-lieu-les-17-et-18-octobre-prochains-2\/#primaryimage\"},\"thumbnailUrl\":\"https:\/\/228news.tg\/wp-content\/uploads\/2024\/09\/IMG-20210109-WA0020.jpg\",\"datePublished\":\"2018-10-15T15:30:06+00:00\",\"breadcrumb\":{\"@id\":\"https:\/\/228news.tg\/index.php\/2018\/10\/15\/inam-la-deuxieme-edition-des-universites-du-3e-age-aura-lieu-les-17-et-18-octobre-prochains-2\/#breadcrumb\"},\"inLanguage\":\"fr-FR\",\"potentialAction\":[{\"@type\":\"ReadAction\",\"target\":[\"https:\/\/228news.tg\/index.php\/2018\/10\/15\/inam-la-deuxieme-edition-des-universites-du-3e-age-aura-lieu-les-17-et-18-octobre-prochains-2\/\"]}]},{\"@type\":\"ImageObject\",\"inLanguage\":\"fr-FR\",\"@id\":\"https:\/\/228news.tg\/index.php\/2018\/10\/15\/inam-la-deuxieme-edition-des-universites-du-3e-age-aura-lieu-les-17-et-18-octobre-prochains-2\/#primaryimage\",\"url\":\"https:\/\/228news.tg\/wp-content\/uploads\/2024\/09\/IMG-20210109-WA0020.jpg\",\"contentUrl\":\"https:\/\/228news.tg\/wp-content\/uploads\/2024\/09\/IMG-20210109-WA0020.jpg\",\"width\":719,\"height\":562},{\"@type\":\"BreadcrumbList\",\"@id\":\"https:\/\/228news.tg\/index.php\/2018\/10\/15\/inam-la-deuxieme-edition-des-universites-du-3e-age-aura-lieu-les-17-et-18-octobre-prochains-2\/#breadcrumb\",\"itemListElement\":[{\"@type\":\"ListItem\",\"position\":1,\"name\":\"Home\",\"item\":\"https:\/\/228news.tg\/\"},{\"@type\":\"ListItem\",\"position\":2,\"name\":\"INAM: La deuxi\u00e8me \u00e9dition des universit\u00e9s du 3e \u00e2ge aura lieu les 17 et 18 octobre prochains\"}]},{\"@type\":\"WebSite\",\"@id\":\"https:\/\/228news.tg\/#website\",\"url\":\"https:\/\/228news.tg\/\",\"name\":\"228 News\",\"description\":\"Soci\u00e9t\u00e9 de m\u00e9dias et d\u2019actualit\u00e9s\",\"publisher\":{\"@id\":\"https:\/\/228news.tg\/#organization\"},\"potentialAction\":[{\"@type\":\"SearchAction\",\"target\":{\"@type\":\"EntryPoint\",\"urlTemplate\":\"https:\/\/228news.tg\/?s={search_term_string}\"},\"query-input\":{\"@type\":\"PropertyValueSpecification\",\"valueRequired\":true,\"valueName\":\"search_term_string\"}}],\"inLanguage\":\"fr-FR\"},{\"@type\":\"Organization\",\"@id\":\"https:\/\/228news.tg\/#organization\",\"name\":\"228 News\",\"url\":\"https:\/\/228news.tg\/\",\"logo\":{\"@type\":\"ImageObject\",\"inLanguage\":\"fr-FR\",\"@id\":\"https:\/\/228news.tg\/#\/schema\/logo\/image\/\",\"url\":\"https:\/\/228news.tg\/wp-content\/uploads\/2024\/09\/logonew.png\",\"contentUrl\":\"https:\/\/228news.tg\/wp-content\/uploads\/2024\/09\/logonew.png\",\"width\":1640,\"height\":364,\"caption\":\"228 News\"},\"image\":{\"@id\":\"https:\/\/228news.tg\/#\/schema\/logo\/image\/\"}},{\"@type\":\"Person\",\"@id\":\"https:\/\/228news.tg\/#\/schema\/person\/68d5a6cc0230290e61235c8379523f52\",\"name\":\"Bienvenu SAVI\",\"image\":{\"@type\":\"ImageObject\",\"inLanguage\":\"fr-FR\",\"@id\":\"https:\/\/228news.tg\/#\/schema\/person\/image\/\",\"url\":\"https:\/\/secure.gravatar.com\/avatar\/9db91895c559e510509c33a3e9683998458e9b828fac36d5d1aa23f0f2fd369b?s=96&d=mm&r=g\",\"contentUrl\":\"https:\/\/secure.gravatar.com\/avatar\/9db91895c559e510509c33a3e9683998458e9b828fac36d5d1aa23f0f2fd369b?s=96&d=mm&r=g\",\"caption\":\"Bienvenu SAVI\"},\"url\":\"https:\/\/228news.tg\/index.php\/author\/bienvenu\/\"}]}<\/script>\n<!-- \/ Yoast SEO plugin. -->","yoast_head_json":{"title":"INAM: La deuxi\u00e8me \u00e9dition des universit\u00e9s du 3e \u00e2ge aura lieu les 17 et 18 octobre prochains - 228 News","robots":{"index":"index","follow":"follow","max-snippet":"max-snippet:-1","max-image-preview":"max-image-preview:large","max-video-preview":"max-video-preview:-1"},"canonical":"https:\/\/228news.tg\/index.php\/2018\/10\/15\/inam-la-deuxieme-edition-des-universites-du-3e-age-aura-lieu-les-17-et-18-octobre-prochains-2\/","og_locale":"fr_FR","og_type":"article","og_title":"INAM: La deuxi\u00e8me \u00e9dition des universit\u00e9s du 3e \u00e2ge aura lieu les 17 et 18 octobre prochains - 228 News","og_description":"(228NEWS\/ Lom\u00e9, le 15 octobre 2018)- Les personnes du troisi\u00e8me \u00e2ge encore appel\u00e9es \u00ab\u00a0seniors\u00a0\u00bbseront \u00e0 l&rsquo;honneur les 17 et 18 octobre prochains \u00e0 l&rsquo;Institut National de l&rsquo;Assurance Maladie (INAM). L&rsquo;information a \u00e9t\u00e9 port\u00e9e aux hommes de m\u00e9dias ce lundi 15 octobre par les premiers responsables de l&rsquo;INAM. Sous le th\u00e8me \u00ab\u00a0Personnes \u00e2g\u00e9es, richesse de la ... Lire la suite","og_url":"https:\/\/228news.tg\/index.php\/2018\/10\/15\/inam-la-deuxieme-edition-des-universites-du-3e-age-aura-lieu-les-17-et-18-octobre-prochains-2\/","og_site_name":"228 News","article_published_time":"2018-10-15T15:30:06+00:00","og_image":[{"url":"http:\/\/localhost\/site\/228news\/wp-content\/uploads\/2018\/10\/photo_2018-10-15_21-14-28-300x225.jpg","type":"","width":"","height":""}],"author":"Bienvenu SAVI","twitter_card":"summary_large_image","twitter_misc":{"\u00c9crit par":"Bienvenu SAVI","Dur\u00e9e de lecture estim\u00e9e":"1 minute"},"schema":{"@context":"https:\/\/schema.org","@graph":[{"@type":"Article","@id":"https:\/\/228news.tg\/index.php\/2018\/10\/15\/inam-la-deuxieme-edition-des-universites-du-3e-age-aura-lieu-les-17-et-18-octobre-prochains-2\/#article","isPartOf":{"@id":"https:\/\/228news.tg\/index.php\/2018\/10\/15\/inam-la-deuxieme-edition-des-universites-du-3e-age-aura-lieu-les-17-et-18-octobre-prochains-2\/"},"author":{"name":"Bienvenu SAVI","@id":"https:\/\/228news.tg\/#\/schema\/person\/68d5a6cc0230290e61235c8379523f52"},"headline":"INAM: La deuxi\u00e8me \u00e9dition des universit\u00e9s du 3e \u00e2ge aura lieu les 17 et 18 octobre prochains","datePublished":"2018-10-15T15:30:06+00:00","mainEntityOfPage":{"@id":"https:\/\/228news.tg\/index.php\/2018\/10\/15\/inam-la-deuxieme-edition-des-universites-du-3e-age-aura-lieu-les-17-et-18-octobre-prochains-2\/"},"wordCount":309,"commentCount":0,"publisher":{"@id":"https:\/\/228news.tg\/#organization"},"image":{"@id":"https:\/\/228news.tg\/index.php\/2018\/10\/15\/inam-la-deuxieme-edition-des-universites-du-3e-age-aura-lieu-les-17-et-18-octobre-prochains-2\/#primaryimage"},"thumbnailUrl":"https:\/\/228news.tg\/wp-content\/uploads\/2024\/09\/IMG-20210109-WA0020.jpg","articleSection":["Flash","Sant\u00e9","TOGO","Une"],"inLanguage":"fr-FR","potentialAction":[{"@type":"CommentAction","name":"Comment","target":["https:\/\/228news.tg\/index.php\/2018\/10\/15\/inam-la-deuxieme-edition-des-universites-du-3e-age-aura-lieu-les-17-et-18-octobre-prochains-2\/#respond"]}]},{"@type":"WebPage","@id":"https:\/\/228news.tg\/index.php\/2018\/10\/15\/inam-la-deuxieme-edition-des-universites-du-3e-age-aura-lieu-les-17-et-18-octobre-prochains-2\/","url":"https:\/\/228news.tg\/index.php\/2018\/10\/15\/inam-la-deuxieme-edition-des-universites-du-3e-age-aura-lieu-les-17-et-18-octobre-prochains-2\/","name":"INAM: La deuxi\u00e8me \u00e9dition des universit\u00e9s du 3e \u00e2ge aura lieu les 17 et 18 octobre prochains - 228 News","isPartOf":{"@id":"https:\/\/228news.tg\/#website"},"primaryImageOfPage":{"@id":"https:\/\/228news.tg\/index.php\/2018\/10\/15\/inam-la-deuxieme-edition-des-universites-du-3e-age-aura-lieu-les-17-et-18-octobre-prochains-2\/#primaryimage"},"image":{"@id":"https:\/\/228news.tg\/index.php\/2018\/10\/15\/inam-la-deuxieme-edition-des-universites-du-3e-age-aura-lieu-les-17-et-18-octobre-prochains-2\/#primaryimage"},"thumbnailUrl":"https:\/\/228news.tg\/wp-content\/uploads\/2024\/09\/IMG-20210109-WA0020.jpg","datePublished":"2018-10-15T15:30:06+00:00","breadcrumb":{"@id":"https:\/\/228news.tg\/index.php\/2018\/10\/15\/inam-la-deuxieme-edition-des-universites-du-3e-age-aura-lieu-les-17-et-18-octobre-prochains-2\/#breadcrumb"},"inLanguage":"fr-FR","potentialAction":[{"@type":"ReadAction","target":["https:\/\/228news.tg\/index.php\/2018\/10\/15\/inam-la-deuxieme-edition-des-universites-du-3e-age-aura-lieu-les-17-et-18-octobre-prochains-2\/"]}]},{"@type":"ImageObject","inLanguage":"fr-FR","@id":"https:\/\/228news.tg\/index.php\/2018\/10\/15\/inam-la-deuxieme-edition-des-universites-du-3e-age-aura-lieu-les-17-et-18-octobre-prochains-2\/#primaryimage","url":"https:\/\/228news.tg\/wp-content\/uploads\/2024\/09\/IMG-20210109-WA0020.jpg","contentUrl":"https:\/\/228news.tg\/wp-content\/uploads\/2024\/09\/IMG-20210109-WA0020.jpg","width":719,"height":562},{"@type":"BreadcrumbList","@id":"https:\/\/228news.tg\/index.php\/2018\/10\/15\/inam-la-deuxieme-edition-des-universites-du-3e-age-aura-lieu-les-17-et-18-octobre-prochains-2\/#breadcrumb","itemListElement":[{"@type":"ListItem","position":1,"name":"Home","item":"https:\/\/228news.tg\/"},{"@type":"ListItem","position":2,"name":"INAM: La deuxi\u00e8me \u00e9dition des universit\u00e9s du 3e \u00e2ge aura lieu les 17 et 18 octobre prochains"}]},{"@type":"WebSite","@id":"https:\/\/228news.tg\/#website","url":"https:\/\/228news.tg\/","name":"228 News","description":"Soci\u00e9t\u00e9 de m\u00e9dias et d\u2019actualit\u00e9s","publisher":{"@id":"https:\/\/228news.tg\/#organization"},"potentialAction":[{"@type":"SearchAction","target":{"@type":"EntryPoint","urlTemplate":"https:\/\/228news.tg\/?s={search_term_string}"},"query-input":{"@type":"PropertyValueSpecification","valueRequired":true,"valueName":"search_term_string"}}],"inLanguage":"fr-FR"},{"@type":"Organization","@id":"https:\/\/228news.tg\/#organization","name":"228 News","url":"https:\/\/228news.tg\/","logo":{"@type":"ImageObject","inLanguage":"fr-FR","@id":"https:\/\/228news.tg\/#\/schema\/logo\/image\/","url":"https:\/\/228news.tg\/wp-content\/uploads\/2024\/09\/logonew.png","contentUrl":"https:\/\/228news.tg\/wp-content\/uploads\/2024\/09\/logonew.png","width":1640,"height":364,"caption":"228 News"},"image":{"@id":"https:\/\/228news.tg\/#\/schema\/logo\/image\/"}},{"@type":"Person","@id":"https:\/\/228news.tg\/#\/schema\/person\/68d5a6cc0230290e61235c8379523f52","name":"Bienvenu SAVI","image":{"@type":"ImageObject","inLanguage":"fr-FR","@id":"https:\/\/228news.tg\/#\/schema\/person\/image\/","url":"https:\/\/secure.gravatar.com\/avatar\/9db91895c559e510509c33a3e9683998458e9b828fac36d5d1aa23f0f2fd369b?s=96&d=mm&r=g","contentUrl":"https:\/\/secure.gravatar.com\/avatar\/9db91895c559e510509c33a3e9683998458e9b828fac36d5d1aa23f0f2fd369b?s=96&d=mm&r=g","caption":"Bienvenu SAVI"},"url":"https:\/\/228news.tg\/index.php\/author\/bienvenu\/"}]}},"jetpack_featured_media_url":"https:\/\/228news.tg\/wp-content\/uploads\/2024\/09\/IMG-20210109-WA0020.jpg","_links":{"self":[{"href":"https:\/\/228news.tg\/index.php\/wp-json\/wp\/v2\/posts\/14576","targetHints":{"allow":["GET"]}}],"collection":[{"href":"https:\/\/228news.tg\/index.php\/wp-json\/wp\/v2\/posts"}],"about":[{"href":"https:\/\/228news.tg\/index.php\/wp-json\/wp\/v2\/types\/post"}],"author":[{"embeddable":true,"href":"https:\/\/228news.tg\/index.php\/wp-json\/wp\/v2\/users\/2"}],"replies":[{"embeddable":true,"href":"https:\/\/228news.tg\/index.php\/wp-json\/wp\/v2\/comments?post=14576"}],"version-history":[{"count":0,"href":"https:\/\/228news.tg\/index.php\/wp-json\/wp\/v2\/posts\/14576\/revisions"}],"wp:featuredmedia":[{"embeddable":true,"href":"https:\/\/228news.tg\/index.php\/wp-json\/wp\/v2\/media\/3360"}],"wp:attachment":[{"href":"https:\/\/228news.tg\/index.php\/wp-json\/wp\/v2\/media?parent=14576"}],"wp:term":[{"taxonomy":"category","embeddable":true,"href":"https:\/\/228news.tg\/index.php\/wp-json\/wp\/v2\/categories?post=14576"},{"taxonomy":"post_tag","embeddable":true,"href":"https:\/\/228news.tg\/index.php\/wp-json\/wp\/v2\/tags?post=14576"}],"curies":[{"name":"wp","href":"https:\/\/api.w.org\/{rel}","templated":true}]}}