{"id":14575,"date":"2018-10-13T09:04:51","date_gmt":"2018-10-13T09:04:51","guid":{"rendered":"http:\/\/localhost\/site\/228news\/?p=3353"},"modified":"2018-10-13T09:04:51","modified_gmt":"2018-10-13T09:04:51","slug":"le-regime-de-declaration-fiscale-au-togo-au-coeur-du-premier-vendredi-de-la-fiscalite-de-lannee-2018-2","status":"publish","type":"post","link":"https:\/\/228news.tg\/index.php\/2018\/10\/13\/le-regime-de-declaration-fiscale-au-togo-au-coeur-du-premier-vendredi-de-la-fiscalite-de-lannee-2018-2\/","title":{"rendered":"Le r\u00e9gime de d\u00e9claration fiscale au Togo, au c\u0153ur du premier Vendredi de la fiscalit\u00e9 de l&rsquo;ann\u00e9e 2018!"},"content":{"rendered":"<p>(228NEWS\/ Lom\u00e9, le 13 octobre 2018)- Suspendu depuis l&rsquo;ann\u00e9e derni\u00e8re en raison des troubles sociopolitiques qu&rsquo;a connu le Togo, le Vendredi de la fiscalit\u00e9, un projet conjoint initi\u00e9 par les Journalistes en Mission pour le D\u00e9veloppement (JMD) et le Cabinet d&rsquo;Audit, d&rsquo;Expertise Comptable et Fiscale (CAECO-FISC) a repris ce vendredi 12 octobre 2018 \u00e0 Lom\u00e9.<\/p>\n<p>Au menu de cette reprise, le r\u00e9gime de d\u00e9claration fiscale au Togo. La th\u00e9matique a permis aux formateurs du CAECO-FISC d&rsquo;impr\u00e9gner une vingtaine d&rsquo;hommes de m\u00e9dias sur les diff\u00e9rents r\u00e9gime de d\u00e9claration fiscale au Togo.<\/p>\n<p>Ceux-ci, en effet varient en fonction du chiffre d&rsquo;affaires du contribuable, \u00e0 en croire M. Yakandji, un des formateurs de la s\u00e9ance du jour. Il a \u00e9galement fait \u00e9tat d&rsquo;une pr\u00e9cision majeure, un changement intervenu \u00e0 l&rsquo;issue de la loi de finances 2018 mais que bon nombre de contribuables ignorent encore: Il s&rsquo;agit de la r\u00e9duction du nombre de r\u00e9gimes de d\u00e9clarations fiscales de trois \u00e0 deux, en l&rsquo;occurrence celui selon le syst\u00e8me minimal de tr\u00e9sorerie et le r\u00e9gime du syst\u00e8me normal.\u00a0<img fetchpriority=\"high\" decoding=\"async\" class=\"alignnone size-medium wp-image-3355 alignleft\" src=\"http:\/\/localhost\/site\/228news\/wp-content\/uploads\/2018\/10\/IMG_20181012_165439-300x225.jpg\" alt=\"\" width=\"300\" height=\"225\" \/><\/p>\n<p>Pour le premier r\u00e9gime, il s&rsquo;agit des contribuables dont le chiffre d&rsquo;affaires annuel hors taxe sur la valeur ajout\u00e9e est inf\u00e9rieure ou \u00e9gale \u00e0 60 millions de F CFA, \u00e0 l&rsquo;exclusion des contribuables soumis \u00e0 la taxe sur la valeur ajout\u00e9e de droit ou sur option. Ce r\u00e9gime comporte deux sous r\u00e9gimes dont la Taxe Professionnelle Unique (TPU) et le R\u00e9el sans TVA.<\/p>\n<p>Le r\u00e9gime du syst\u00e8me normal, a rench\u00e9ri le doyen Tiadj\u00e9ri Zimbiri, un autre formateur est applicables aux contribuables, personnes physiques ou morales quelles que soient leurs activit\u00e9s dont le chiffre d&rsquo;affaires hors TVA est sup\u00e9rieure \u00e0 60 millions.<\/p>\n<p>La base d&rsquo;imposition, les modalit\u00e9s et taux d&rsquo;imposition ont \u00e9galement \u00e9t\u00e9 d\u00e9velopp\u00e9s aux journalistes.<\/p>\n<p>Adanlap\u00e9 lonlonyo (<em>photo<\/em>), Expert fiscaliste et Directeur G\u00e9n\u00e9ral du CAECO-FISC s&rsquo;est r\u00e9jouit de la reprise du projet. Il a mis un accent sur la sensibilisation qui doit \u00eatre fait \u00e0 l\u2019endroit des contribuables, surtout en cette p\u00e9riode de fin d\u2019ann\u00e9e qui co\u00efncide avec celle de leurs obligations fiscales.<\/p>\n<p>Pour sa part, Charles Yao Kpowoadan, journaliste \u00e0 la R\u00e9daction \u00ab\u00a0Economie et D\u00e9veloppement\u00a0\u00bb s&rsquo;est dit satisfait de la formation du jour, et a pris l&rsquo;engagement d&rsquo;\u00e9clairer les concitoyens \u00e0 travers son canal m\u00e9diatique.<\/p>\n<p>A travers le Vendredi de la fiscalit\u00e9, le JMD et le CAECO-FISC se sont donn\u00e9s la noble mission d&rsquo;\u00e9clairer les populations, sur les droits et obligations en mati\u00e8re fiscale. Les deux entit\u00e9s sont ouvertes et disponibles \u00e0 accompagner toute personne physique ou morale, d\u00e9sireuse d&rsquo;\u00eatre accompagner et en qu\u00eate de conseil fiscal.<\/p>\n<p><em><strong>D\u00e9mocrate<\/strong><\/em><\/p>\n<p><em><strong>(00228) 91 85 40 14<\/strong><\/em><\/p>\n<p><em><strong>98 60 67 68<\/strong><\/em><\/p>\n<p><em><strong>democrate2010@gmail.com<\/strong><\/em><\/p>\n","protected":false},"excerpt":{"rendered":"<p>(228NEWS\/ Lom\u00e9, le 13 octobre 2018)- Suspendu depuis l&rsquo;ann\u00e9e derni\u00e8re en raison des troubles sociopolitiques qu&rsquo;a connu le Togo, le Vendredi de la fiscalit\u00e9, un projet conjoint initi\u00e9 par les Journalistes en Mission pour le D\u00e9veloppement (JMD) et le Cabinet d&rsquo;Audit, d&rsquo;Expertise Comptable et Fiscale (CAECO-FISC) a repris ce vendredi 12 octobre 2018 \u00e0 Lom\u00e9. &#8230; <a title=\"Le r\u00e9gime de d\u00e9claration fiscale au Togo, au c\u0153ur du premier Vendredi de la fiscalit\u00e9 de l&rsquo;ann\u00e9e 2018!\" class=\"read-more\" href=\"https:\/\/228news.tg\/index.php\/2018\/10\/13\/le-regime-de-declaration-fiscale-au-togo-au-coeur-du-premier-vendredi-de-la-fiscalite-de-lannee-2018-2\/\" aria-label=\"En savoir plus sur Le r\u00e9gime de d\u00e9claration fiscale au Togo, au c\u0153ur du premier Vendredi de la fiscalit\u00e9 de l&rsquo;ann\u00e9e 2018!\">Lire la suite<\/a><\/p>\n","protected":false},"author":2,"featured_media":3354,"comment_status":"open","ping_status":"open","sticky":false,"template":"","format":"chat","meta":{"footnotes":""},"categories":[30,35,25,34],"tags":[],"class_list":["post-14575","post","type-post","status-publish","format-chat","has-post-thumbnail","hentry","category-economie","category-flash","category-togo","category-une","post_format-post-format-chat"],"yoast_head":"<!-- This site is optimized with the Yoast SEO plugin v26.4 - https:\/\/yoast.com\/wordpress\/plugins\/seo\/ -->\n<title>Le r\u00e9gime de d\u00e9claration fiscale au Togo, au c\u0153ur du premier Vendredi de la fiscalit\u00e9 de l&#039;ann\u00e9e 2018! - 228 News<\/title>\n<meta name=\"robots\" content=\"index, follow, max-snippet:-1, max-image-preview:large, max-video-preview:-1\" \/>\n<link rel=\"canonical\" href=\"https:\/\/228news.tg\/index.php\/2018\/10\/13\/le-regime-de-declaration-fiscale-au-togo-au-coeur-du-premier-vendredi-de-la-fiscalite-de-lannee-2018-2\/\" \/>\n<meta property=\"og:locale\" content=\"fr_FR\" \/>\n<meta property=\"og:type\" content=\"article\" \/>\n<meta property=\"og:title\" content=\"Le r\u00e9gime de d\u00e9claration fiscale au Togo, au c\u0153ur du premier Vendredi de la fiscalit\u00e9 de l&#039;ann\u00e9e 2018! - 228 News\" \/>\n<meta property=\"og:description\" content=\"(228NEWS\/ Lom\u00e9, le 13 octobre 2018)- Suspendu depuis l&rsquo;ann\u00e9e derni\u00e8re en raison des troubles sociopolitiques qu&rsquo;a connu le Togo, le Vendredi de la fiscalit\u00e9, un projet conjoint initi\u00e9 par les Journalistes en Mission pour le D\u00e9veloppement (JMD) et le Cabinet d&rsquo;Audit, d&rsquo;Expertise Comptable et Fiscale (CAECO-FISC) a repris ce vendredi 12 octobre 2018 \u00e0 Lom\u00e9. ... Lire la suite\" \/>\n<meta property=\"og:url\" content=\"https:\/\/228news.tg\/index.php\/2018\/10\/13\/le-regime-de-declaration-fiscale-au-togo-au-coeur-du-premier-vendredi-de-la-fiscalite-de-lannee-2018-2\/\" \/>\n<meta property=\"og:site_name\" content=\"228 News\" \/>\n<meta property=\"article:published_time\" content=\"2018-10-13T09:04:51+00:00\" \/>\n<meta property=\"og:image\" content=\"http:\/\/localhost\/site\/228news\/wp-content\/uploads\/2018\/10\/IMG_20181012_165439-300x225.jpg\" \/>\n<meta name=\"author\" content=\"Bienvenu SAVI\" \/>\n<meta name=\"twitter:card\" content=\"summary_large_image\" \/>\n<meta name=\"twitter:label1\" content=\"\u00c9crit par\" \/>\n\t<meta name=\"twitter:data1\" content=\"Bienvenu SAVI\" \/>\n\t<meta name=\"twitter:label2\" content=\"Dur\u00e9e de lecture estim\u00e9e\" \/>\n\t<meta name=\"twitter:data2\" content=\"2 minutes\" \/>\n<script type=\"application\/ld+json\" class=\"yoast-schema-graph\">{\"@context\":\"https:\/\/schema.org\",\"@graph\":[{\"@type\":\"Article\",\"@id\":\"https:\/\/228news.tg\/index.php\/2018\/10\/13\/le-regime-de-declaration-fiscale-au-togo-au-coeur-du-premier-vendredi-de-la-fiscalite-de-lannee-2018-2\/#article\",\"isPartOf\":{\"@id\":\"https:\/\/228news.tg\/index.php\/2018\/10\/13\/le-regime-de-declaration-fiscale-au-togo-au-coeur-du-premier-vendredi-de-la-fiscalite-de-lannee-2018-2\/\"},\"author\":{\"name\":\"Bienvenu SAVI\",\"@id\":\"https:\/\/228news.tg\/#\/schema\/person\/68d5a6cc0230290e61235c8379523f52\"},\"headline\":\"Le r\u00e9gime de d\u00e9claration fiscale au Togo, au c\u0153ur du premier Vendredi de la fiscalit\u00e9 de l&rsquo;ann\u00e9e 2018!\",\"datePublished\":\"2018-10-13T09:04:51+00:00\",\"mainEntityOfPage\":{\"@id\":\"https:\/\/228news.tg\/index.php\/2018\/10\/13\/le-regime-de-declaration-fiscale-au-togo-au-coeur-du-premier-vendredi-de-la-fiscalite-de-lannee-2018-2\/\"},\"wordCount\":504,\"commentCount\":0,\"publisher\":{\"@id\":\"https:\/\/228news.tg\/#organization\"},\"image\":{\"@id\":\"https:\/\/228news.tg\/index.php\/2018\/10\/13\/le-regime-de-declaration-fiscale-au-togo-au-coeur-du-premier-vendredi-de-la-fiscalite-de-lannee-2018-2\/#primaryimage\"},\"thumbnailUrl\":\"\",\"articleSection\":[\"ECONOMIE\",\"Flash\",\"TOGO\",\"Une\"],\"inLanguage\":\"fr-FR\",\"potentialAction\":[{\"@type\":\"CommentAction\",\"name\":\"Comment\",\"target\":[\"https:\/\/228news.tg\/index.php\/2018\/10\/13\/le-regime-de-declaration-fiscale-au-togo-au-coeur-du-premier-vendredi-de-la-fiscalite-de-lannee-2018-2\/#respond\"]}]},{\"@type\":\"WebPage\",\"@id\":\"https:\/\/228news.tg\/index.php\/2018\/10\/13\/le-regime-de-declaration-fiscale-au-togo-au-coeur-du-premier-vendredi-de-la-fiscalite-de-lannee-2018-2\/\",\"url\":\"https:\/\/228news.tg\/index.php\/2018\/10\/13\/le-regime-de-declaration-fiscale-au-togo-au-coeur-du-premier-vendredi-de-la-fiscalite-de-lannee-2018-2\/\",\"name\":\"Le r\u00e9gime de d\u00e9claration fiscale au Togo, au c\u0153ur du premier Vendredi de la fiscalit\u00e9 de l'ann\u00e9e 2018! - 228 News\",\"isPartOf\":{\"@id\":\"https:\/\/228news.tg\/#website\"},\"primaryImageOfPage\":{\"@id\":\"https:\/\/228news.tg\/index.php\/2018\/10\/13\/le-regime-de-declaration-fiscale-au-togo-au-coeur-du-premier-vendredi-de-la-fiscalite-de-lannee-2018-2\/#primaryimage\"},\"image\":{\"@id\":\"https:\/\/228news.tg\/index.php\/2018\/10\/13\/le-regime-de-declaration-fiscale-au-togo-au-coeur-du-premier-vendredi-de-la-fiscalite-de-lannee-2018-2\/#primaryimage\"},\"thumbnailUrl\":\"\",\"datePublished\":\"2018-10-13T09:04:51+00:00\",\"breadcrumb\":{\"@id\":\"https:\/\/228news.tg\/index.php\/2018\/10\/13\/le-regime-de-declaration-fiscale-au-togo-au-coeur-du-premier-vendredi-de-la-fiscalite-de-lannee-2018-2\/#breadcrumb\"},\"inLanguage\":\"fr-FR\",\"potentialAction\":[{\"@type\":\"ReadAction\",\"target\":[\"https:\/\/228news.tg\/index.php\/2018\/10\/13\/le-regime-de-declaration-fiscale-au-togo-au-coeur-du-premier-vendredi-de-la-fiscalite-de-lannee-2018-2\/\"]}]},{\"@type\":\"ImageObject\",\"inLanguage\":\"fr-FR\",\"@id\":\"https:\/\/228news.tg\/index.php\/2018\/10\/13\/le-regime-de-declaration-fiscale-au-togo-au-coeur-du-premier-vendredi-de-la-fiscalite-de-lannee-2018-2\/#primaryimage\",\"url\":\"\",\"contentUrl\":\"\"},{\"@type\":\"BreadcrumbList\",\"@id\":\"https:\/\/228news.tg\/index.php\/2018\/10\/13\/le-regime-de-declaration-fiscale-au-togo-au-coeur-du-premier-vendredi-de-la-fiscalite-de-lannee-2018-2\/#breadcrumb\",\"itemListElement\":[{\"@type\":\"ListItem\",\"position\":1,\"name\":\"Home\",\"item\":\"https:\/\/228news.tg\/\"},{\"@type\":\"ListItem\",\"position\":2,\"name\":\"Le r\u00e9gime de d\u00e9claration fiscale au Togo, au c\u0153ur du premier Vendredi de la fiscalit\u00e9 de l&rsquo;ann\u00e9e 2018!\"}]},{\"@type\":\"WebSite\",\"@id\":\"https:\/\/228news.tg\/#website\",\"url\":\"https:\/\/228news.tg\/\",\"name\":\"228 News\",\"description\":\"Soci\u00e9t\u00e9 de m\u00e9dias et d\u2019actualit\u00e9s\",\"publisher\":{\"@id\":\"https:\/\/228news.tg\/#organization\"},\"potentialAction\":[{\"@type\":\"SearchAction\",\"target\":{\"@type\":\"EntryPoint\",\"urlTemplate\":\"https:\/\/228news.tg\/?s={search_term_string}\"},\"query-input\":{\"@type\":\"PropertyValueSpecification\",\"valueRequired\":true,\"valueName\":\"search_term_string\"}}],\"inLanguage\":\"fr-FR\"},{\"@type\":\"Organization\",\"@id\":\"https:\/\/228news.tg\/#organization\",\"name\":\"228 News\",\"url\":\"https:\/\/228news.tg\/\",\"logo\":{\"@type\":\"ImageObject\",\"inLanguage\":\"fr-FR\",\"@id\":\"https:\/\/228news.tg\/#\/schema\/logo\/image\/\",\"url\":\"https:\/\/228news.tg\/wp-content\/uploads\/2024\/09\/logonew.png\",\"contentUrl\":\"https:\/\/228news.tg\/wp-content\/uploads\/2024\/09\/logonew.png\",\"width\":1640,\"height\":364,\"caption\":\"228 News\"},\"image\":{\"@id\":\"https:\/\/228news.tg\/#\/schema\/logo\/image\/\"}},{\"@type\":\"Person\",\"@id\":\"https:\/\/228news.tg\/#\/schema\/person\/68d5a6cc0230290e61235c8379523f52\",\"name\":\"Bienvenu SAVI\",\"image\":{\"@type\":\"ImageObject\",\"inLanguage\":\"fr-FR\",\"@id\":\"https:\/\/228news.tg\/#\/schema\/person\/image\/\",\"url\":\"https:\/\/secure.gravatar.com\/avatar\/9db91895c559e510509c33a3e9683998458e9b828fac36d5d1aa23f0f2fd369b?s=96&d=mm&r=g\",\"contentUrl\":\"https:\/\/secure.gravatar.com\/avatar\/9db91895c559e510509c33a3e9683998458e9b828fac36d5d1aa23f0f2fd369b?s=96&d=mm&r=g\",\"caption\":\"Bienvenu SAVI\"},\"url\":\"https:\/\/228news.tg\/index.php\/author\/bienvenu\/\"}]}<\/script>\n<!-- \/ Yoast SEO plugin. -->","yoast_head_json":{"title":"Le r\u00e9gime de d\u00e9claration fiscale au Togo, au c\u0153ur du premier Vendredi de la fiscalit\u00e9 de l'ann\u00e9e 2018! - 228 News","robots":{"index":"index","follow":"follow","max-snippet":"max-snippet:-1","max-image-preview":"max-image-preview:large","max-video-preview":"max-video-preview:-1"},"canonical":"https:\/\/228news.tg\/index.php\/2018\/10\/13\/le-regime-de-declaration-fiscale-au-togo-au-coeur-du-premier-vendredi-de-la-fiscalite-de-lannee-2018-2\/","og_locale":"fr_FR","og_type":"article","og_title":"Le r\u00e9gime de d\u00e9claration fiscale au Togo, au c\u0153ur du premier Vendredi de la fiscalit\u00e9 de l'ann\u00e9e 2018! - 228 News","og_description":"(228NEWS\/ Lom\u00e9, le 13 octobre 2018)- Suspendu depuis l&rsquo;ann\u00e9e derni\u00e8re en raison des troubles sociopolitiques qu&rsquo;a connu le Togo, le Vendredi de la fiscalit\u00e9, un projet conjoint initi\u00e9 par les Journalistes en Mission pour le D\u00e9veloppement (JMD) et le Cabinet d&rsquo;Audit, d&rsquo;Expertise Comptable et Fiscale (CAECO-FISC) a repris ce vendredi 12 octobre 2018 \u00e0 Lom\u00e9. ... Lire la suite","og_url":"https:\/\/228news.tg\/index.php\/2018\/10\/13\/le-regime-de-declaration-fiscale-au-togo-au-coeur-du-premier-vendredi-de-la-fiscalite-de-lannee-2018-2\/","og_site_name":"228 News","article_published_time":"2018-10-13T09:04:51+00:00","og_image":[{"url":"http:\/\/localhost\/site\/228news\/wp-content\/uploads\/2018\/10\/IMG_20181012_165439-300x225.jpg","type":"","width":"","height":""}],"author":"Bienvenu SAVI","twitter_card":"summary_large_image","twitter_misc":{"\u00c9crit par":"Bienvenu SAVI","Dur\u00e9e de lecture estim\u00e9e":"2 minutes"},"schema":{"@context":"https:\/\/schema.org","@graph":[{"@type":"Article","@id":"https:\/\/228news.tg\/index.php\/2018\/10\/13\/le-regime-de-declaration-fiscale-au-togo-au-coeur-du-premier-vendredi-de-la-fiscalite-de-lannee-2018-2\/#article","isPartOf":{"@id":"https:\/\/228news.tg\/index.php\/2018\/10\/13\/le-regime-de-declaration-fiscale-au-togo-au-coeur-du-premier-vendredi-de-la-fiscalite-de-lannee-2018-2\/"},"author":{"name":"Bienvenu SAVI","@id":"https:\/\/228news.tg\/#\/schema\/person\/68d5a6cc0230290e61235c8379523f52"},"headline":"Le r\u00e9gime de d\u00e9claration fiscale au Togo, au c\u0153ur du premier Vendredi de la fiscalit\u00e9 de l&rsquo;ann\u00e9e 2018!","datePublished":"2018-10-13T09:04:51+00:00","mainEntityOfPage":{"@id":"https:\/\/228news.tg\/index.php\/2018\/10\/13\/le-regime-de-declaration-fiscale-au-togo-au-coeur-du-premier-vendredi-de-la-fiscalite-de-lannee-2018-2\/"},"wordCount":504,"commentCount":0,"publisher":{"@id":"https:\/\/228news.tg\/#organization"},"image":{"@id":"https:\/\/228news.tg\/index.php\/2018\/10\/13\/le-regime-de-declaration-fiscale-au-togo-au-coeur-du-premier-vendredi-de-la-fiscalite-de-lannee-2018-2\/#primaryimage"},"thumbnailUrl":"","articleSection":["ECONOMIE","Flash","TOGO","Une"],"inLanguage":"fr-FR","potentialAction":[{"@type":"CommentAction","name":"Comment","target":["https:\/\/228news.tg\/index.php\/2018\/10\/13\/le-regime-de-declaration-fiscale-au-togo-au-coeur-du-premier-vendredi-de-la-fiscalite-de-lannee-2018-2\/#respond"]}]},{"@type":"WebPage","@id":"https:\/\/228news.tg\/index.php\/2018\/10\/13\/le-regime-de-declaration-fiscale-au-togo-au-coeur-du-premier-vendredi-de-la-fiscalite-de-lannee-2018-2\/","url":"https:\/\/228news.tg\/index.php\/2018\/10\/13\/le-regime-de-declaration-fiscale-au-togo-au-coeur-du-premier-vendredi-de-la-fiscalite-de-lannee-2018-2\/","name":"Le r\u00e9gime de d\u00e9claration fiscale au Togo, au c\u0153ur du premier Vendredi de la fiscalit\u00e9 de l'ann\u00e9e 2018! - 228 News","isPartOf":{"@id":"https:\/\/228news.tg\/#website"},"primaryImageOfPage":{"@id":"https:\/\/228news.tg\/index.php\/2018\/10\/13\/le-regime-de-declaration-fiscale-au-togo-au-coeur-du-premier-vendredi-de-la-fiscalite-de-lannee-2018-2\/#primaryimage"},"image":{"@id":"https:\/\/228news.tg\/index.php\/2018\/10\/13\/le-regime-de-declaration-fiscale-au-togo-au-coeur-du-premier-vendredi-de-la-fiscalite-de-lannee-2018-2\/#primaryimage"},"thumbnailUrl":"","datePublished":"2018-10-13T09:04:51+00:00","breadcrumb":{"@id":"https:\/\/228news.tg\/index.php\/2018\/10\/13\/le-regime-de-declaration-fiscale-au-togo-au-coeur-du-premier-vendredi-de-la-fiscalite-de-lannee-2018-2\/#breadcrumb"},"inLanguage":"fr-FR","potentialAction":[{"@type":"ReadAction","target":["https:\/\/228news.tg\/index.php\/2018\/10\/13\/le-regime-de-declaration-fiscale-au-togo-au-coeur-du-premier-vendredi-de-la-fiscalite-de-lannee-2018-2\/"]}]},{"@type":"ImageObject","inLanguage":"fr-FR","@id":"https:\/\/228news.tg\/index.php\/2018\/10\/13\/le-regime-de-declaration-fiscale-au-togo-au-coeur-du-premier-vendredi-de-la-fiscalite-de-lannee-2018-2\/#primaryimage","url":"","contentUrl":""},{"@type":"BreadcrumbList","@id":"https:\/\/228news.tg\/index.php\/2018\/10\/13\/le-regime-de-declaration-fiscale-au-togo-au-coeur-du-premier-vendredi-de-la-fiscalite-de-lannee-2018-2\/#breadcrumb","itemListElement":[{"@type":"ListItem","position":1,"name":"Home","item":"https:\/\/228news.tg\/"},{"@type":"ListItem","position":2,"name":"Le r\u00e9gime de d\u00e9claration fiscale au Togo, au c\u0153ur du premier Vendredi de la fiscalit\u00e9 de l&rsquo;ann\u00e9e 2018!"}]},{"@type":"WebSite","@id":"https:\/\/228news.tg\/#website","url":"https:\/\/228news.tg\/","name":"228 News","description":"Soci\u00e9t\u00e9 de m\u00e9dias et d\u2019actualit\u00e9s","publisher":{"@id":"https:\/\/228news.tg\/#organization"},"potentialAction":[{"@type":"SearchAction","target":{"@type":"EntryPoint","urlTemplate":"https:\/\/228news.tg\/?s={search_term_string}"},"query-input":{"@type":"PropertyValueSpecification","valueRequired":true,"valueName":"search_term_string"}}],"inLanguage":"fr-FR"},{"@type":"Organization","@id":"https:\/\/228news.tg\/#organization","name":"228 News","url":"https:\/\/228news.tg\/","logo":{"@type":"ImageObject","inLanguage":"fr-FR","@id":"https:\/\/228news.tg\/#\/schema\/logo\/image\/","url":"https:\/\/228news.tg\/wp-content\/uploads\/2024\/09\/logonew.png","contentUrl":"https:\/\/228news.tg\/wp-content\/uploads\/2024\/09\/logonew.png","width":1640,"height":364,"caption":"228 News"},"image":{"@id":"https:\/\/228news.tg\/#\/schema\/logo\/image\/"}},{"@type":"Person","@id":"https:\/\/228news.tg\/#\/schema\/person\/68d5a6cc0230290e61235c8379523f52","name":"Bienvenu SAVI","image":{"@type":"ImageObject","inLanguage":"fr-FR","@id":"https:\/\/228news.tg\/#\/schema\/person\/image\/","url":"https:\/\/secure.gravatar.com\/avatar\/9db91895c559e510509c33a3e9683998458e9b828fac36d5d1aa23f0f2fd369b?s=96&d=mm&r=g","contentUrl":"https:\/\/secure.gravatar.com\/avatar\/9db91895c559e510509c33a3e9683998458e9b828fac36d5d1aa23f0f2fd369b?s=96&d=mm&r=g","caption":"Bienvenu SAVI"},"url":"https:\/\/228news.tg\/index.php\/author\/bienvenu\/"}]}},"jetpack_featured_media_url":"","_links":{"self":[{"href":"https:\/\/228news.tg\/index.php\/wp-json\/wp\/v2\/posts\/14575","targetHints":{"allow":["GET"]}}],"collection":[{"href":"https:\/\/228news.tg\/index.php\/wp-json\/wp\/v2\/posts"}],"about":[{"href":"https:\/\/228news.tg\/index.php\/wp-json\/wp\/v2\/types\/post"}],"author":[{"embeddable":true,"href":"https:\/\/228news.tg\/index.php\/wp-json\/wp\/v2\/users\/2"}],"replies":[{"embeddable":true,"href":"https:\/\/228news.tg\/index.php\/wp-json\/wp\/v2\/comments?post=14575"}],"version-history":[{"count":0,"href":"https:\/\/228news.tg\/index.php\/wp-json\/wp\/v2\/posts\/14575\/revisions"}],"wp:featuredmedia":[{"embeddable":true,"href":"https:\/\/228news.tg\/index.php\/wp-json\/wp\/v2\/posts\/3354"}],"wp:attachment":[{"href":"https:\/\/228news.tg\/index.php\/wp-json\/wp\/v2\/media?parent=14575"}],"wp:term":[{"taxonomy":"category","embeddable":true,"href":"https:\/\/228news.tg\/index.php\/wp-json\/wp\/v2\/categories?post=14575"},{"taxonomy":"post_tag","embeddable":true,"href":"https:\/\/228news.tg\/index.php\/wp-json\/wp\/v2\/tags?post=14575"}],"curies":[{"name":"wp","href":"https:\/\/api.w.org\/{rel}","templated":true}]}}