{"id":14570,"date":"2018-10-10T19:33:56","date_gmt":"2018-10-10T19:33:56","guid":{"rendered":"http:\/\/localhost\/site\/228news\/?p=3332"},"modified":"2018-10-10T19:33:56","modified_gmt":"2018-10-10T19:33:56","slug":"pasj-volet-corps-de-controle-lue-au-chevet-du-programme-avec-des-materiels-informatiques-et-vehicules-2","status":"publish","type":"post","link":"https:\/\/228news.tg\/index.php\/2018\/10\/10\/pasj-volet-corps-de-controle-lue-au-chevet-du-programme-avec-des-materiels-informatiques-et-vehicules-2\/","title":{"rendered":"PASJ\/ Volet Corps de contr\u00f4le: L&rsquo;UE au chevet du programme avec des mat\u00e9riels informatiques et v\u00e9hicules"},"content":{"rendered":"<p>(228NEWS\/ Lom\u00e9, le 10 octobre 2018)- L&rsquo;Union Europ\u00e9enne (UE) a \u00e9t\u00e9 encore au chevet du Programme d&rsquo;Appui au Secteur de la Justice (PASJ), dans la mise en oeuvre de son volet Corps de Contr\u00f4le, ce mardi 09 octobre 2018.<\/p>\n<p>C&rsquo;est \u00e0 travers une remise de mat\u00e9riel informatique et de v\u00e9hicules, un don visant \u00e0 <span style=\"font-family: Verdana, sans-serif;\">renforcer la promotion de<\/span><span style=\"color: #222222; font-family: Verdana, sans-serif; font-size: 11.5pt;\">\u00a0l\u2019\u00c9tat de droit amorc\u00e9 par le pays dans le cadre de cet ambitieux programme.\u00a0<\/span><\/p>\n<p>Estim\u00e9s \u00e0\u00a0<span style=\"font-size: 11.5pt; font-family: 'Verdana','sans-serif'; color: #222222;\">79 683 517 F CFA, ces \u00e9quipements sont compos\u00e9s des ordinateurs portables, des imprimantes de bureau, des imprimantes portables, des scanners portables, trois v\u00e9hicules Toyota HILUX Double Cabine 4\u00d74 DIESEL.<\/span><\/p>\n<p><span style=\"font-size: 11.5pt; font-family: 'Verdana','sans-serif'; color: #222222;\">M. Bouasvan Bouasy, Attach\u00e9 de Programme Gouvernance Economique \u00e0 la d\u00e9l\u00e9gation de l\u2019Union Europ\u00e9enne a rassur\u00e9 les autorit\u00e9s togolaises de l&rsquo;appui ind\u00e9fectible de son organisation dans la mise en oeuvre de ce programme qui concours au renforcement de l&rsquo;Etat de droit, \u00e0 l&rsquo;enracinement de la d\u00e9mocratie et \u00e0 l&rsquo;amorce du d\u00e9veloppement.<\/span><\/p>\n<p>Pour\u00a0<span style=\"font-size: 11.5pt; font-family: 'Verdana','sans-serif'; color: #222222;\">M. EDJEOU Essohanam, Directeur de cabinet du ministre de la planification et du d\u00e9veloppement, ce don vient \u00e0 point nomm\u00e9 contribuer \u00e0 l&rsquo;am\u00e9lioration des<\/span><span style=\"font-size: 11.5pt; font-family: 'Verdana','sans-serif'; color: #222222;\">\u00a0activit\u00e9s sur le terrain dans la lutte contre la corruption et l\u2019enrichissement illicite au Togo.<\/span><\/p>\n<p>\u00ab\u00a0Ces mat\u00e9riels nous permettront de\u00a0<span style=\"font-size: 11.5pt; font-family: 'Verdana','sans-serif'; color: #222222;\">mener simultan\u00e9ment des missions et d\u2019augmenter le nombre des entit\u00e9s contr\u00f4l\u00e9es. Les \u00e9quipements informatiques compos\u00e9s des appareils portatifs nous donneront plus d\u2019ind\u00e9pendance aux corps de contr\u00f4le vis-\u00e0-vis des structures contr\u00f4l\u00e9es\u00a0\u00bb, a-t&rsquo;il pr\u00e9cis\u00e9.<\/span><\/p>\n<p>A travers son volet Corps de Contr\u00f4le, le PASJ\u00a0<span style=\"font-size: 11.5pt; font-family: 'Verdana','sans-serif'; color: #222222;\">lutte contre la corruption et l\u2019enrichissement illicite en appuyant les organes de contr\u00f4le d\u2019\u00c9tat dans le renforcement de leurs capacit\u00e9s op\u00e9rationnelles.\u00a0<\/span><\/p>\n<p><span style=\"font-size: 11.5pt; font-family: 'Verdana','sans-serif'; color: #222222;\">Il est compos\u00e9, faut-il le rappeler\u00a0 de la Cour des Comptes, de l\u2019Inspection G\u00e9n\u00e9rale des Finances, l\u2019Inspection G\u00e9n\u00e9rale d\u2019Etat et l\u2019Inspection G\u00e9n\u00e9rale du Tr\u00e9sor.<\/span><\/p>\n<p><strong><em>D\u00e9mocrate<\/em><\/strong><\/p>\n<p><strong><em>(00228) 91 85 40 14<\/em><\/strong><\/p>\n<p><strong><em>98 60 67 68<\/em><\/strong><\/p>\n<p><strong><em>democrate2010@gmail.com<\/em><\/strong><\/p>\n<p>&nbsp;<\/p>\n","protected":false},"excerpt":{"rendered":"<p>(228NEWS\/ Lom\u00e9, le 10 octobre 2018)- L&rsquo;Union Europ\u00e9enne (UE) a \u00e9t\u00e9 encore au chevet du Programme d&rsquo;Appui au Secteur de la Justice (PASJ), dans la mise en oeuvre de son volet Corps de Contr\u00f4le, ce mardi 09 octobre 2018. C&rsquo;est \u00e0 travers une remise de mat\u00e9riel informatique et de v\u00e9hicules, un don visant \u00e0 renforcer &#8230; <a title=\"PASJ\/ Volet Corps de contr\u00f4le: L&rsquo;UE au chevet du programme avec des mat\u00e9riels informatiques et v\u00e9hicules\" class=\"read-more\" href=\"https:\/\/228news.tg\/index.php\/2018\/10\/10\/pasj-volet-corps-de-controle-lue-au-chevet-du-programme-avec-des-materiels-informatiques-et-vehicules-2\/\" aria-label=\"En savoir plus sur PASJ\/ Volet Corps de contr\u00f4le: L&rsquo;UE au chevet du programme avec des mat\u00e9riels informatiques et v\u00e9hicules\">Lire la suite<\/a><\/p>\n","protected":false},"author":2,"featured_media":3333,"comment_status":"open","ping_status":"open","sticky":false,"template":"","format":"chat","meta":{"footnotes":""},"categories":[31,35,25,34],"tags":[],"class_list":["post-14570","post","type-post","status-publish","format-chat","has-post-thumbnail","hentry","category-developpement","category-flash","category-togo","category-une","post_format-post-format-chat"],"yoast_head":"<!-- This site is optimized with the Yoast SEO plugin v26.4 - https:\/\/yoast.com\/wordpress\/plugins\/seo\/ -->\n<title>PASJ\/ Volet Corps de contr\u00f4le: L&#039;UE au chevet du programme avec des mat\u00e9riels informatiques et v\u00e9hicules - 228 News<\/title>\n<meta name=\"robots\" content=\"index, follow, max-snippet:-1, max-image-preview:large, max-video-preview:-1\" \/>\n<link rel=\"canonical\" href=\"https:\/\/228news.tg\/index.php\/2018\/10\/10\/pasj-volet-corps-de-controle-lue-au-chevet-du-programme-avec-des-materiels-informatiques-et-vehicules-2\/\" \/>\n<meta property=\"og:locale\" content=\"fr_FR\" \/>\n<meta property=\"og:type\" content=\"article\" \/>\n<meta property=\"og:title\" content=\"PASJ\/ Volet Corps de contr\u00f4le: L&#039;UE au chevet du programme avec des mat\u00e9riels informatiques et v\u00e9hicules - 228 News\" \/>\n<meta property=\"og:description\" content=\"(228NEWS\/ Lom\u00e9, le 10 octobre 2018)- L&rsquo;Union Europ\u00e9enne (UE) a \u00e9t\u00e9 encore au chevet du Programme d&rsquo;Appui au Secteur de la Justice (PASJ), dans la mise en oeuvre de son volet Corps de Contr\u00f4le, ce mardi 09 octobre 2018. C&rsquo;est \u00e0 travers une remise de mat\u00e9riel informatique et de v\u00e9hicules, un don visant \u00e0 renforcer ... Lire la suite\" \/>\n<meta property=\"og:url\" content=\"https:\/\/228news.tg\/index.php\/2018\/10\/10\/pasj-volet-corps-de-controle-lue-au-chevet-du-programme-avec-des-materiels-informatiques-et-vehicules-2\/\" \/>\n<meta property=\"og:site_name\" content=\"228 News\" \/>\n<meta property=\"article:published_time\" content=\"2018-10-10T19:33:56+00:00\" \/>\n<meta name=\"author\" content=\"Bienvenu SAVI\" \/>\n<meta name=\"twitter:card\" content=\"summary_large_image\" \/>\n<meta name=\"twitter:label1\" content=\"\u00c9crit par\" \/>\n\t<meta name=\"twitter:data1\" content=\"Bienvenu SAVI\" \/>\n\t<meta name=\"twitter:label2\" content=\"Dur\u00e9e de lecture estim\u00e9e\" \/>\n\t<meta name=\"twitter:data2\" content=\"2 minutes\" \/>\n<script type=\"application\/ld+json\" class=\"yoast-schema-graph\">{\"@context\":\"https:\/\/schema.org\",\"@graph\":[{\"@type\":\"Article\",\"@id\":\"https:\/\/228news.tg\/index.php\/2018\/10\/10\/pasj-volet-corps-de-controle-lue-au-chevet-du-programme-avec-des-materiels-informatiques-et-vehicules-2\/#article\",\"isPartOf\":{\"@id\":\"https:\/\/228news.tg\/index.php\/2018\/10\/10\/pasj-volet-corps-de-controle-lue-au-chevet-du-programme-avec-des-materiels-informatiques-et-vehicules-2\/\"},\"author\":{\"name\":\"Bienvenu SAVI\",\"@id\":\"https:\/\/228news.tg\/#\/schema\/person\/68d5a6cc0230290e61235c8379523f52\"},\"headline\":\"PASJ\/ Volet Corps de contr\u00f4le: L&rsquo;UE au chevet du programme avec des mat\u00e9riels informatiques et v\u00e9hicules\",\"datePublished\":\"2018-10-10T19:33:56+00:00\",\"mainEntityOfPage\":{\"@id\":\"https:\/\/228news.tg\/index.php\/2018\/10\/10\/pasj-volet-corps-de-controle-lue-au-chevet-du-programme-avec-des-materiels-informatiques-et-vehicules-2\/\"},\"wordCount\":357,\"commentCount\":0,\"publisher\":{\"@id\":\"https:\/\/228news.tg\/#organization\"},\"image\":{\"@id\":\"https:\/\/228news.tg\/index.php\/2018\/10\/10\/pasj-volet-corps-de-controle-lue-au-chevet-du-programme-avec-des-materiels-informatiques-et-vehicules-2\/#primaryimage\"},\"thumbnailUrl\":\"\",\"articleSection\":[\"DEVELOPPEMENT\",\"Flash\",\"TOGO\",\"Une\"],\"inLanguage\":\"fr-FR\",\"potentialAction\":[{\"@type\":\"CommentAction\",\"name\":\"Comment\",\"target\":[\"https:\/\/228news.tg\/index.php\/2018\/10\/10\/pasj-volet-corps-de-controle-lue-au-chevet-du-programme-avec-des-materiels-informatiques-et-vehicules-2\/#respond\"]}]},{\"@type\":\"WebPage\",\"@id\":\"https:\/\/228news.tg\/index.php\/2018\/10\/10\/pasj-volet-corps-de-controle-lue-au-chevet-du-programme-avec-des-materiels-informatiques-et-vehicules-2\/\",\"url\":\"https:\/\/228news.tg\/index.php\/2018\/10\/10\/pasj-volet-corps-de-controle-lue-au-chevet-du-programme-avec-des-materiels-informatiques-et-vehicules-2\/\",\"name\":\"PASJ\/ Volet Corps de contr\u00f4le: L'UE au chevet du programme avec des mat\u00e9riels informatiques et v\u00e9hicules - 228 News\",\"isPartOf\":{\"@id\":\"https:\/\/228news.tg\/#website\"},\"primaryImageOfPage\":{\"@id\":\"https:\/\/228news.tg\/index.php\/2018\/10\/10\/pasj-volet-corps-de-controle-lue-au-chevet-du-programme-avec-des-materiels-informatiques-et-vehicules-2\/#primaryimage\"},\"image\":{\"@id\":\"https:\/\/228news.tg\/index.php\/2018\/10\/10\/pasj-volet-corps-de-controle-lue-au-chevet-du-programme-avec-des-materiels-informatiques-et-vehicules-2\/#primaryimage\"},\"thumbnailUrl\":\"\",\"datePublished\":\"2018-10-10T19:33:56+00:00\",\"breadcrumb\":{\"@id\":\"https:\/\/228news.tg\/index.php\/2018\/10\/10\/pasj-volet-corps-de-controle-lue-au-chevet-du-programme-avec-des-materiels-informatiques-et-vehicules-2\/#breadcrumb\"},\"inLanguage\":\"fr-FR\",\"potentialAction\":[{\"@type\":\"ReadAction\",\"target\":[\"https:\/\/228news.tg\/index.php\/2018\/10\/10\/pasj-volet-corps-de-controle-lue-au-chevet-du-programme-avec-des-materiels-informatiques-et-vehicules-2\/\"]}]},{\"@type\":\"ImageObject\",\"inLanguage\":\"fr-FR\",\"@id\":\"https:\/\/228news.tg\/index.php\/2018\/10\/10\/pasj-volet-corps-de-controle-lue-au-chevet-du-programme-avec-des-materiels-informatiques-et-vehicules-2\/#primaryimage\",\"url\":\"\",\"contentUrl\":\"\"},{\"@type\":\"BreadcrumbList\",\"@id\":\"https:\/\/228news.tg\/index.php\/2018\/10\/10\/pasj-volet-corps-de-controle-lue-au-chevet-du-programme-avec-des-materiels-informatiques-et-vehicules-2\/#breadcrumb\",\"itemListElement\":[{\"@type\":\"ListItem\",\"position\":1,\"name\":\"Home\",\"item\":\"https:\/\/228news.tg\/\"},{\"@type\":\"ListItem\",\"position\":2,\"name\":\"PASJ\/ Volet Corps de contr\u00f4le: L&rsquo;UE au chevet du programme avec des mat\u00e9riels informatiques et v\u00e9hicules\"}]},{\"@type\":\"WebSite\",\"@id\":\"https:\/\/228news.tg\/#website\",\"url\":\"https:\/\/228news.tg\/\",\"name\":\"228 News\",\"description\":\"Soci\u00e9t\u00e9 de m\u00e9dias et d\u2019actualit\u00e9s\",\"publisher\":{\"@id\":\"https:\/\/228news.tg\/#organization\"},\"potentialAction\":[{\"@type\":\"SearchAction\",\"target\":{\"@type\":\"EntryPoint\",\"urlTemplate\":\"https:\/\/228news.tg\/?s={search_term_string}\"},\"query-input\":{\"@type\":\"PropertyValueSpecification\",\"valueRequired\":true,\"valueName\":\"search_term_string\"}}],\"inLanguage\":\"fr-FR\"},{\"@type\":\"Organization\",\"@id\":\"https:\/\/228news.tg\/#organization\",\"name\":\"228 News\",\"url\":\"https:\/\/228news.tg\/\",\"logo\":{\"@type\":\"ImageObject\",\"inLanguage\":\"fr-FR\",\"@id\":\"https:\/\/228news.tg\/#\/schema\/logo\/image\/\",\"url\":\"https:\/\/228news.tg\/wp-content\/uploads\/2024\/09\/logonew.png\",\"contentUrl\":\"https:\/\/228news.tg\/wp-content\/uploads\/2024\/09\/logonew.png\",\"width\":1640,\"height\":364,\"caption\":\"228 News\"},\"image\":{\"@id\":\"https:\/\/228news.tg\/#\/schema\/logo\/image\/\"}},{\"@type\":\"Person\",\"@id\":\"https:\/\/228news.tg\/#\/schema\/person\/68d5a6cc0230290e61235c8379523f52\",\"name\":\"Bienvenu SAVI\",\"image\":{\"@type\":\"ImageObject\",\"inLanguage\":\"fr-FR\",\"@id\":\"https:\/\/228news.tg\/#\/schema\/person\/image\/\",\"url\":\"https:\/\/secure.gravatar.com\/avatar\/9db91895c559e510509c33a3e9683998458e9b828fac36d5d1aa23f0f2fd369b?s=96&d=mm&r=g\",\"contentUrl\":\"https:\/\/secure.gravatar.com\/avatar\/9db91895c559e510509c33a3e9683998458e9b828fac36d5d1aa23f0f2fd369b?s=96&d=mm&r=g\",\"caption\":\"Bienvenu SAVI\"},\"url\":\"https:\/\/228news.tg\/index.php\/author\/bienvenu\/\"}]}<\/script>\n<!-- \/ Yoast SEO plugin. -->","yoast_head_json":{"title":"PASJ\/ Volet Corps de contr\u00f4le: L'UE au chevet du programme avec des mat\u00e9riels informatiques et v\u00e9hicules - 228 News","robots":{"index":"index","follow":"follow","max-snippet":"max-snippet:-1","max-image-preview":"max-image-preview:large","max-video-preview":"max-video-preview:-1"},"canonical":"https:\/\/228news.tg\/index.php\/2018\/10\/10\/pasj-volet-corps-de-controle-lue-au-chevet-du-programme-avec-des-materiels-informatiques-et-vehicules-2\/","og_locale":"fr_FR","og_type":"article","og_title":"PASJ\/ Volet Corps de contr\u00f4le: L'UE au chevet du programme avec des mat\u00e9riels informatiques et v\u00e9hicules - 228 News","og_description":"(228NEWS\/ Lom\u00e9, le 10 octobre 2018)- L&rsquo;Union Europ\u00e9enne (UE) a \u00e9t\u00e9 encore au chevet du Programme d&rsquo;Appui au Secteur de la Justice (PASJ), dans la mise en oeuvre de son volet Corps de Contr\u00f4le, ce mardi 09 octobre 2018. C&rsquo;est \u00e0 travers une remise de mat\u00e9riel informatique et de v\u00e9hicules, un don visant \u00e0 renforcer ... Lire la suite","og_url":"https:\/\/228news.tg\/index.php\/2018\/10\/10\/pasj-volet-corps-de-controle-lue-au-chevet-du-programme-avec-des-materiels-informatiques-et-vehicules-2\/","og_site_name":"228 News","article_published_time":"2018-10-10T19:33:56+00:00","author":"Bienvenu SAVI","twitter_card":"summary_large_image","twitter_misc":{"\u00c9crit par":"Bienvenu SAVI","Dur\u00e9e de lecture estim\u00e9e":"2 minutes"},"schema":{"@context":"https:\/\/schema.org","@graph":[{"@type":"Article","@id":"https:\/\/228news.tg\/index.php\/2018\/10\/10\/pasj-volet-corps-de-controle-lue-au-chevet-du-programme-avec-des-materiels-informatiques-et-vehicules-2\/#article","isPartOf":{"@id":"https:\/\/228news.tg\/index.php\/2018\/10\/10\/pasj-volet-corps-de-controle-lue-au-chevet-du-programme-avec-des-materiels-informatiques-et-vehicules-2\/"},"author":{"name":"Bienvenu SAVI","@id":"https:\/\/228news.tg\/#\/schema\/person\/68d5a6cc0230290e61235c8379523f52"},"headline":"PASJ\/ Volet Corps de contr\u00f4le: L&rsquo;UE au chevet du programme avec des mat\u00e9riels informatiques et v\u00e9hicules","datePublished":"2018-10-10T19:33:56+00:00","mainEntityOfPage":{"@id":"https:\/\/228news.tg\/index.php\/2018\/10\/10\/pasj-volet-corps-de-controle-lue-au-chevet-du-programme-avec-des-materiels-informatiques-et-vehicules-2\/"},"wordCount":357,"commentCount":0,"publisher":{"@id":"https:\/\/228news.tg\/#organization"},"image":{"@id":"https:\/\/228news.tg\/index.php\/2018\/10\/10\/pasj-volet-corps-de-controle-lue-au-chevet-du-programme-avec-des-materiels-informatiques-et-vehicules-2\/#primaryimage"},"thumbnailUrl":"","articleSection":["DEVELOPPEMENT","Flash","TOGO","Une"],"inLanguage":"fr-FR","potentialAction":[{"@type":"CommentAction","name":"Comment","target":["https:\/\/228news.tg\/index.php\/2018\/10\/10\/pasj-volet-corps-de-controle-lue-au-chevet-du-programme-avec-des-materiels-informatiques-et-vehicules-2\/#respond"]}]},{"@type":"WebPage","@id":"https:\/\/228news.tg\/index.php\/2018\/10\/10\/pasj-volet-corps-de-controle-lue-au-chevet-du-programme-avec-des-materiels-informatiques-et-vehicules-2\/","url":"https:\/\/228news.tg\/index.php\/2018\/10\/10\/pasj-volet-corps-de-controle-lue-au-chevet-du-programme-avec-des-materiels-informatiques-et-vehicules-2\/","name":"PASJ\/ Volet Corps de contr\u00f4le: L'UE au chevet du programme avec des mat\u00e9riels informatiques et v\u00e9hicules - 228 News","isPartOf":{"@id":"https:\/\/228news.tg\/#website"},"primaryImageOfPage":{"@id":"https:\/\/228news.tg\/index.php\/2018\/10\/10\/pasj-volet-corps-de-controle-lue-au-chevet-du-programme-avec-des-materiels-informatiques-et-vehicules-2\/#primaryimage"},"image":{"@id":"https:\/\/228news.tg\/index.php\/2018\/10\/10\/pasj-volet-corps-de-controle-lue-au-chevet-du-programme-avec-des-materiels-informatiques-et-vehicules-2\/#primaryimage"},"thumbnailUrl":"","datePublished":"2018-10-10T19:33:56+00:00","breadcrumb":{"@id":"https:\/\/228news.tg\/index.php\/2018\/10\/10\/pasj-volet-corps-de-controle-lue-au-chevet-du-programme-avec-des-materiels-informatiques-et-vehicules-2\/#breadcrumb"},"inLanguage":"fr-FR","potentialAction":[{"@type":"ReadAction","target":["https:\/\/228news.tg\/index.php\/2018\/10\/10\/pasj-volet-corps-de-controle-lue-au-chevet-du-programme-avec-des-materiels-informatiques-et-vehicules-2\/"]}]},{"@type":"ImageObject","inLanguage":"fr-FR","@id":"https:\/\/228news.tg\/index.php\/2018\/10\/10\/pasj-volet-corps-de-controle-lue-au-chevet-du-programme-avec-des-materiels-informatiques-et-vehicules-2\/#primaryimage","url":"","contentUrl":""},{"@type":"BreadcrumbList","@id":"https:\/\/228news.tg\/index.php\/2018\/10\/10\/pasj-volet-corps-de-controle-lue-au-chevet-du-programme-avec-des-materiels-informatiques-et-vehicules-2\/#breadcrumb","itemListElement":[{"@type":"ListItem","position":1,"name":"Home","item":"https:\/\/228news.tg\/"},{"@type":"ListItem","position":2,"name":"PASJ\/ Volet Corps de contr\u00f4le: L&rsquo;UE au chevet du programme avec des mat\u00e9riels informatiques et v\u00e9hicules"}]},{"@type":"WebSite","@id":"https:\/\/228news.tg\/#website","url":"https:\/\/228news.tg\/","name":"228 News","description":"Soci\u00e9t\u00e9 de m\u00e9dias et d\u2019actualit\u00e9s","publisher":{"@id":"https:\/\/228news.tg\/#organization"},"potentialAction":[{"@type":"SearchAction","target":{"@type":"EntryPoint","urlTemplate":"https:\/\/228news.tg\/?s={search_term_string}"},"query-input":{"@type":"PropertyValueSpecification","valueRequired":true,"valueName":"search_term_string"}}],"inLanguage":"fr-FR"},{"@type":"Organization","@id":"https:\/\/228news.tg\/#organization","name":"228 News","url":"https:\/\/228news.tg\/","logo":{"@type":"ImageObject","inLanguage":"fr-FR","@id":"https:\/\/228news.tg\/#\/schema\/logo\/image\/","url":"https:\/\/228news.tg\/wp-content\/uploads\/2024\/09\/logonew.png","contentUrl":"https:\/\/228news.tg\/wp-content\/uploads\/2024\/09\/logonew.png","width":1640,"height":364,"caption":"228 News"},"image":{"@id":"https:\/\/228news.tg\/#\/schema\/logo\/image\/"}},{"@type":"Person","@id":"https:\/\/228news.tg\/#\/schema\/person\/68d5a6cc0230290e61235c8379523f52","name":"Bienvenu SAVI","image":{"@type":"ImageObject","inLanguage":"fr-FR","@id":"https:\/\/228news.tg\/#\/schema\/person\/image\/","url":"https:\/\/secure.gravatar.com\/avatar\/9db91895c559e510509c33a3e9683998458e9b828fac36d5d1aa23f0f2fd369b?s=96&d=mm&r=g","contentUrl":"https:\/\/secure.gravatar.com\/avatar\/9db91895c559e510509c33a3e9683998458e9b828fac36d5d1aa23f0f2fd369b?s=96&d=mm&r=g","caption":"Bienvenu SAVI"},"url":"https:\/\/228news.tg\/index.php\/author\/bienvenu\/"}]}},"jetpack_featured_media_url":"","_links":{"self":[{"href":"https:\/\/228news.tg\/index.php\/wp-json\/wp\/v2\/posts\/14570","targetHints":{"allow":["GET"]}}],"collection":[{"href":"https:\/\/228news.tg\/index.php\/wp-json\/wp\/v2\/posts"}],"about":[{"href":"https:\/\/228news.tg\/index.php\/wp-json\/wp\/v2\/types\/post"}],"author":[{"embeddable":true,"href":"https:\/\/228news.tg\/index.php\/wp-json\/wp\/v2\/users\/2"}],"replies":[{"embeddable":true,"href":"https:\/\/228news.tg\/index.php\/wp-json\/wp\/v2\/comments?post=14570"}],"version-history":[{"count":0,"href":"https:\/\/228news.tg\/index.php\/wp-json\/wp\/v2\/posts\/14570\/revisions"}],"wp:featuredmedia":[{"embeddable":true,"href":"https:\/\/228news.tg\/index.php\/wp-json\/wp\/v2\/posts\/3333"}],"wp:attachment":[{"href":"https:\/\/228news.tg\/index.php\/wp-json\/wp\/v2\/media?parent=14570"}],"wp:term":[{"taxonomy":"category","embeddable":true,"href":"https:\/\/228news.tg\/index.php\/wp-json\/wp\/v2\/categories?post=14570"},{"taxonomy":"post_tag","embeddable":true,"href":"https:\/\/228news.tg\/index.php\/wp-json\/wp\/v2\/tags?post=14570"}],"curies":[{"name":"wp","href":"https:\/\/api.w.org\/{rel}","templated":true}]}}