{"id":14554,"date":"2018-09-20T10:09:31","date_gmt":"2018-09-20T10:09:31","guid":{"rendered":"http:\/\/localhost\/site\/228news\/?p=3256"},"modified":"2018-09-20T10:09:31","modified_gmt":"2018-09-20T10:09:31","slug":"parcee-jedd-togo-une-quete-permanente-du-developpement-durable-2","status":"publish","type":"post","link":"https:\/\/228news.tg\/index.php\/2018\/09\/20\/parcee-jedd-togo-une-quete-permanente-du-developpement-durable-2\/","title":{"rendered":"PARCEE\/JEDD-Togo, une qu\u00eate permanente du d\u00e9veloppement durable"},"content":{"rendered":"<p>(228NEWS\/ Lom\u00e9, le 20 septembre 2018)- Le d\u00e9veloppement durable de notre soci\u00e9t\u00e9 est devenu depuis quelques ann\u00e9es le fer de lance des diff\u00e9rentes politiques \u00e9tatiques et internationales. La probl\u00e9matique est \u00e9galement embrass\u00e9e par divers acteurs non etatiques notamment des ONG et des associations qui au quotidien sur le terrain s&rsquo;approprient les 17 ODD. C&rsquo;est le cas de l&rsquo;association Jeunesse Environnement D\u00e9veloppement Durable-Togo (JEDD TOGO) qui depuis sa cr\u00e9ation s&rsquo;est donn\u00e9e pour mission de contribuer efficacement au d\u00e9veloppement durable \u00e0 travers diverses actions dont un projet far, le Projet d&rsquo;Appui au Renforcement des Capacit\u00e9s des \u00c9l\u00e8ves et \u00c9tudiants (PARCEE) consistant en un soutien scolaire aux \u00e9l\u00e8ves et \u00e9tudiants \u00e0 travers des cours de r\u00e9p\u00e9tition sp\u00e9cialis\u00e9s.<br \/>\nPour DJAGNY K. A. Armstrong, Responsable de la Communication de la Jeunesse Environnement D\u00e9veloppement Durable- Togo, il s&rsquo;agit \u00e0 travers cette action de forger les mentalit\u00e9s des apprenants sur les nouvelles r\u00e9alit\u00e9s mondiales \u00e0 prendre en compte dans leurs diverses formations afin de relever le d\u00e9fi du d\u00e9veloppement durable.<br \/>\n\u00a0\u00bb La JEDD peu de ce fait au d\u00e9veloppement durable des mentalit\u00e9s des jeunes apprenants\u00a0\u00bb ironise t&rsquo;il.<br \/>\nUne \u00e9quipe de Votre R\u00e9daction a fait un tour ce mardi 17 septembre au si\u00e8ge de la JEDD Togo \u00e0 Agbalepedogan afin de s&rsquo;impr\u00e9gner des activit\u00e9s du PARCEE. Trois classes au total avec plus d&rsquo;une centaine de bacheliers et d&rsquo;autres \u00e9tudiants d\u00e9sireux de passer les concours d&rsquo;entr\u00e9e \u00e0 l&rsquo;Ecole Nationale des Auxiliaires M\u00e9dicaux, \u00e0 l&rsquo;Ecole Nationale d&rsquo;Administration et au Centre d&rsquo;Informatique et de Calcul.\u00a0<img fetchpriority=\"high\" decoding=\"async\" class=\"alignnone size-medium wp-image-3258 alignright\" src=\"http:\/\/localhost\/site\/228news\/wp-content\/uploads\/2018\/09\/photo_2018-09-20_12-00-39-300x225.jpg\" alt=\"\" width=\"300\" height=\"225\" \/><br \/>\nLes r\u00e9p\u00e9titions se d\u00e9roulent dans une atmosph\u00e8re bon enfant avec des encadreurs s\u00e9rieux et ma\u00eetrisant divers rouages des diff\u00e9rentes \u00e9preuves pouvant faire l&rsquo;objet d&rsquo;\u00e9valuation aux concours.<br \/>\nLes candidats eux m\u00eames ne tarissent pas d&rsquo;\u00e9loges envers l&rsquo;encadrement et la qualit\u00e9 des mati\u00e8res r\u00e9p\u00e9t\u00e9es. C&rsquo;est le cas de Mlle Evelyne Golou, 1\u00e8re ann\u00e9e de biologie \u00e0 l&rsquo;UL,d\u00e9sireuse de passer le concours d&rsquo;entr\u00e9e \u00e0 l&rsquo;ENAM.<br \/>\n\u00ab\u00a0Je suivais les TD d&rsquo;un des encadreurs de la JEDD l&rsquo;ann\u00e9e derni\u00e8re \u00e0 l&rsquo;UL. C&rsquo;EST de la que j&rsquo;ai connu les activit\u00e9s de l&rsquo;association et voulant changer de cursus et passer au concours d&rsquo;entr\u00e9e \u00e0 l&rsquo;ENAM cette ann\u00e9e, je me suis inscrite pour les r\u00e9p\u00e9titions. J&rsquo;avoue que tout ce j&rsquo;apprends depuis au quotidien me rassure. j&rsquo;estime avoir maximiser mes chances de r\u00e9ussite avec la JEDD\u00a0\u00bb.<br \/>\n\u00a0\u00bb j&rsquo;avais beaucoup de difficult\u00e9s sur certains sujets en math\u00e9matiques quand j&rsquo;ai vu une affiche des cours de l&rsquo;association. Malgr\u00e9 mon scepticisme je suis venue m&rsquo;inscrire et aujourd&rsquo;hui \u00e0 un mois de l&rsquo;examen d&rsquo;entr\u00e9e au CIC, je ne vois pas ce qui peut \u00eatre demand\u00e9 que je n&rsquo;ai pas d\u00e9j\u00e0 d\u00e9couvert, trait\u00e9 et ma\u00eetris\u00e9 ici au cours.\u00a0\u00bb rench\u00e9rit Alexandra Laetitia Gaba, une autre candidate au concours d&rsquo;entr\u00e9e au Centre d&rsquo;Informatique et de Calcul de l&rsquo;UL.<br \/>\nM. SIMLIWA Essohanam David, Coordonnateur du Projet d&rsquo;Appui au Renforcement des Capacit\u00e9s des \u00c9l\u00e8ves et \u00c9tudiants de la JEDD \u00e0 pour sa part soulign\u00e9 le s\u00e9rieux et la r\u00e9ceptivit\u00e9 des enseignements dispens\u00e9s aux diff\u00e9rents candidats.<br \/>\nLa JEDD \u0153uvre \u00e9galement, dans sa qu\u00eate de d\u00e9veloppement durable du Togo, \u00e0 la pr\u00e9servation de l&rsquo;environnement \u00e0 travers des op\u00e9rations de reboisement, d&rsquo;agroforesterie. L&rsquo;association fournit des dons aux d\u00e9munis, intervient dans le domaine de la sante, offre de l&rsquo;assistance aux \u00e9l\u00e8ves et \u00e9tudiants en manque de moyens, initie \u00e0 l&rsquo;informatique, \u00e0 l&rsquo;auto \u00e9cole, le tout sur des moyens propres et quelques soutiens externes. Nous y reviendrons.<\/p>\n<p><em><strong>D\u00e9mocrate<\/strong><\/em><\/p>\n<p><em><strong>(00228) 91 85 40 14<\/strong><\/em><\/p>\n<p><em><strong>98 60 67 68<\/strong><\/em><\/p>\n<p><em><strong>democrate2010@gmail.com<\/strong><\/em><\/p>\n","protected":false},"excerpt":{"rendered":"<p>(228NEWS\/ Lom\u00e9, le 20 septembre 2018)- Le d\u00e9veloppement durable de notre soci\u00e9t\u00e9 est devenu depuis quelques ann\u00e9es le fer de lance des diff\u00e9rentes politiques \u00e9tatiques et internationales. La probl\u00e9matique est \u00e9galement embrass\u00e9e par divers acteurs non etatiques notamment des ONG et des associations qui au quotidien sur le terrain s&rsquo;approprient les 17 ODD. C&rsquo;est le &#8230; <a title=\"PARCEE\/JEDD-Togo, une qu\u00eate permanente du d\u00e9veloppement durable\" class=\"read-more\" href=\"https:\/\/228news.tg\/index.php\/2018\/09\/20\/parcee-jedd-togo-une-quete-permanente-du-developpement-durable-2\/\" aria-label=\"En savoir plus sur PARCEE\/JEDD-Togo, une qu\u00eate permanente du d\u00e9veloppement durable\">Lire la suite<\/a><\/p>\n","protected":false},"author":2,"featured_media":3257,"comment_status":"open","ping_status":"open","sticky":false,"template":"","format":"chat","meta":{"footnotes":""},"categories":[28,35,25,34],"tags":[],"class_list":["post-14554","post","type-post","status-publish","format-chat","has-post-thumbnail","hentry","category-education","category-flash","category-togo","category-une","post_format-post-format-chat"],"yoast_head":"<!-- This site is optimized with the Yoast SEO plugin v26.4 - https:\/\/yoast.com\/wordpress\/plugins\/seo\/ -->\n<title>PARCEE\/JEDD-Togo, une qu\u00eate permanente du d\u00e9veloppement durable - 228 News<\/title>\n<meta name=\"robots\" content=\"index, follow, max-snippet:-1, max-image-preview:large, max-video-preview:-1\" \/>\n<link rel=\"canonical\" href=\"https:\/\/228news.tg\/index.php\/2018\/09\/20\/parcee-jedd-togo-une-quete-permanente-du-developpement-durable-2\/\" \/>\n<meta property=\"og:locale\" content=\"fr_FR\" \/>\n<meta property=\"og:type\" content=\"article\" \/>\n<meta property=\"og:title\" content=\"PARCEE\/JEDD-Togo, une qu\u00eate permanente du d\u00e9veloppement durable - 228 News\" \/>\n<meta property=\"og:description\" content=\"(228NEWS\/ Lom\u00e9, le 20 septembre 2018)- Le d\u00e9veloppement durable de notre soci\u00e9t\u00e9 est devenu depuis quelques ann\u00e9es le fer de lance des diff\u00e9rentes politiques \u00e9tatiques et internationales. La probl\u00e9matique est \u00e9galement embrass\u00e9e par divers acteurs non etatiques notamment des ONG et des associations qui au quotidien sur le terrain s&rsquo;approprient les 17 ODD. C&rsquo;est le ... Lire la suite\" \/>\n<meta property=\"og:url\" content=\"https:\/\/228news.tg\/index.php\/2018\/09\/20\/parcee-jedd-togo-une-quete-permanente-du-developpement-durable-2\/\" \/>\n<meta property=\"og:site_name\" content=\"228 News\" \/>\n<meta property=\"article:published_time\" content=\"2018-09-20T10:09:31+00:00\" \/>\n<meta property=\"og:image\" content=\"http:\/\/localhost\/site\/228news\/wp-content\/uploads\/2018\/09\/photo_2018-09-20_12-00-39-300x225.jpg\" \/>\n<meta name=\"author\" content=\"Bienvenu SAVI\" \/>\n<meta name=\"twitter:card\" content=\"summary_large_image\" \/>\n<meta name=\"twitter:label1\" content=\"\u00c9crit par\" \/>\n\t<meta name=\"twitter:data1\" content=\"Bienvenu SAVI\" \/>\n\t<meta name=\"twitter:label2\" content=\"Dur\u00e9e de lecture estim\u00e9e\" \/>\n\t<meta name=\"twitter:data2\" content=\"3 minutes\" \/>\n<script type=\"application\/ld+json\" class=\"yoast-schema-graph\">{\"@context\":\"https:\/\/schema.org\",\"@graph\":[{\"@type\":\"Article\",\"@id\":\"https:\/\/228news.tg\/index.php\/2018\/09\/20\/parcee-jedd-togo-une-quete-permanente-du-developpement-durable-2\/#article\",\"isPartOf\":{\"@id\":\"https:\/\/228news.tg\/index.php\/2018\/09\/20\/parcee-jedd-togo-une-quete-permanente-du-developpement-durable-2\/\"},\"author\":{\"name\":\"Bienvenu SAVI\",\"@id\":\"https:\/\/228news.tg\/#\/schema\/person\/68d5a6cc0230290e61235c8379523f52\"},\"headline\":\"PARCEE\/JEDD-Togo, une qu\u00eate permanente du d\u00e9veloppement durable\",\"datePublished\":\"2018-09-20T10:09:31+00:00\",\"mainEntityOfPage\":{\"@id\":\"https:\/\/228news.tg\/index.php\/2018\/09\/20\/parcee-jedd-togo-une-quete-permanente-du-developpement-durable-2\/\"},\"wordCount\":669,\"commentCount\":0,\"publisher\":{\"@id\":\"https:\/\/228news.tg\/#organization\"},\"image\":{\"@id\":\"https:\/\/228news.tg\/index.php\/2018\/09\/20\/parcee-jedd-togo-une-quete-permanente-du-developpement-durable-2\/#primaryimage\"},\"thumbnailUrl\":\"\",\"articleSection\":[\"EDUCATION\",\"Flash\",\"TOGO\",\"Une\"],\"inLanguage\":\"fr-FR\",\"potentialAction\":[{\"@type\":\"CommentAction\",\"name\":\"Comment\",\"target\":[\"https:\/\/228news.tg\/index.php\/2018\/09\/20\/parcee-jedd-togo-une-quete-permanente-du-developpement-durable-2\/#respond\"]}]},{\"@type\":\"WebPage\",\"@id\":\"https:\/\/228news.tg\/index.php\/2018\/09\/20\/parcee-jedd-togo-une-quete-permanente-du-developpement-durable-2\/\",\"url\":\"https:\/\/228news.tg\/index.php\/2018\/09\/20\/parcee-jedd-togo-une-quete-permanente-du-developpement-durable-2\/\",\"name\":\"PARCEE\/JEDD-Togo, une qu\u00eate permanente du d\u00e9veloppement durable - 228 News\",\"isPartOf\":{\"@id\":\"https:\/\/228news.tg\/#website\"},\"primaryImageOfPage\":{\"@id\":\"https:\/\/228news.tg\/index.php\/2018\/09\/20\/parcee-jedd-togo-une-quete-permanente-du-developpement-durable-2\/#primaryimage\"},\"image\":{\"@id\":\"https:\/\/228news.tg\/index.php\/2018\/09\/20\/parcee-jedd-togo-une-quete-permanente-du-developpement-durable-2\/#primaryimage\"},\"thumbnailUrl\":\"\",\"datePublished\":\"2018-09-20T10:09:31+00:00\",\"breadcrumb\":{\"@id\":\"https:\/\/228news.tg\/index.php\/2018\/09\/20\/parcee-jedd-togo-une-quete-permanente-du-developpement-durable-2\/#breadcrumb\"},\"inLanguage\":\"fr-FR\",\"potentialAction\":[{\"@type\":\"ReadAction\",\"target\":[\"https:\/\/228news.tg\/index.php\/2018\/09\/20\/parcee-jedd-togo-une-quete-permanente-du-developpement-durable-2\/\"]}]},{\"@type\":\"ImageObject\",\"inLanguage\":\"fr-FR\",\"@id\":\"https:\/\/228news.tg\/index.php\/2018\/09\/20\/parcee-jedd-togo-une-quete-permanente-du-developpement-durable-2\/#primaryimage\",\"url\":\"\",\"contentUrl\":\"\"},{\"@type\":\"BreadcrumbList\",\"@id\":\"https:\/\/228news.tg\/index.php\/2018\/09\/20\/parcee-jedd-togo-une-quete-permanente-du-developpement-durable-2\/#breadcrumb\",\"itemListElement\":[{\"@type\":\"ListItem\",\"position\":1,\"name\":\"Home\",\"item\":\"https:\/\/228news.tg\/\"},{\"@type\":\"ListItem\",\"position\":2,\"name\":\"PARCEE\/JEDD-Togo, une qu\u00eate permanente du d\u00e9veloppement durable\"}]},{\"@type\":\"WebSite\",\"@id\":\"https:\/\/228news.tg\/#website\",\"url\":\"https:\/\/228news.tg\/\",\"name\":\"228 News\",\"description\":\"Soci\u00e9t\u00e9 de m\u00e9dias et d\u2019actualit\u00e9s\",\"publisher\":{\"@id\":\"https:\/\/228news.tg\/#organization\"},\"potentialAction\":[{\"@type\":\"SearchAction\",\"target\":{\"@type\":\"EntryPoint\",\"urlTemplate\":\"https:\/\/228news.tg\/?s={search_term_string}\"},\"query-input\":{\"@type\":\"PropertyValueSpecification\",\"valueRequired\":true,\"valueName\":\"search_term_string\"}}],\"inLanguage\":\"fr-FR\"},{\"@type\":\"Organization\",\"@id\":\"https:\/\/228news.tg\/#organization\",\"name\":\"228 News\",\"url\":\"https:\/\/228news.tg\/\",\"logo\":{\"@type\":\"ImageObject\",\"inLanguage\":\"fr-FR\",\"@id\":\"https:\/\/228news.tg\/#\/schema\/logo\/image\/\",\"url\":\"https:\/\/228news.tg\/wp-content\/uploads\/2024\/09\/logonew.png\",\"contentUrl\":\"https:\/\/228news.tg\/wp-content\/uploads\/2024\/09\/logonew.png\",\"width\":1640,\"height\":364,\"caption\":\"228 News\"},\"image\":{\"@id\":\"https:\/\/228news.tg\/#\/schema\/logo\/image\/\"}},{\"@type\":\"Person\",\"@id\":\"https:\/\/228news.tg\/#\/schema\/person\/68d5a6cc0230290e61235c8379523f52\",\"name\":\"Bienvenu SAVI\",\"image\":{\"@type\":\"ImageObject\",\"inLanguage\":\"fr-FR\",\"@id\":\"https:\/\/228news.tg\/#\/schema\/person\/image\/\",\"url\":\"https:\/\/secure.gravatar.com\/avatar\/9db91895c559e510509c33a3e9683998458e9b828fac36d5d1aa23f0f2fd369b?s=96&d=mm&r=g\",\"contentUrl\":\"https:\/\/secure.gravatar.com\/avatar\/9db91895c559e510509c33a3e9683998458e9b828fac36d5d1aa23f0f2fd369b?s=96&d=mm&r=g\",\"caption\":\"Bienvenu SAVI\"},\"url\":\"https:\/\/228news.tg\/index.php\/author\/bienvenu\/\"}]}<\/script>\n<!-- \/ Yoast SEO plugin. -->","yoast_head_json":{"title":"PARCEE\/JEDD-Togo, une qu\u00eate permanente du d\u00e9veloppement durable - 228 News","robots":{"index":"index","follow":"follow","max-snippet":"max-snippet:-1","max-image-preview":"max-image-preview:large","max-video-preview":"max-video-preview:-1"},"canonical":"https:\/\/228news.tg\/index.php\/2018\/09\/20\/parcee-jedd-togo-une-quete-permanente-du-developpement-durable-2\/","og_locale":"fr_FR","og_type":"article","og_title":"PARCEE\/JEDD-Togo, une qu\u00eate permanente du d\u00e9veloppement durable - 228 News","og_description":"(228NEWS\/ Lom\u00e9, le 20 septembre 2018)- Le d\u00e9veloppement durable de notre soci\u00e9t\u00e9 est devenu depuis quelques ann\u00e9es le fer de lance des diff\u00e9rentes politiques \u00e9tatiques et internationales. La probl\u00e9matique est \u00e9galement embrass\u00e9e par divers acteurs non etatiques notamment des ONG et des associations qui au quotidien sur le terrain s&rsquo;approprient les 17 ODD. C&rsquo;est le ... Lire la suite","og_url":"https:\/\/228news.tg\/index.php\/2018\/09\/20\/parcee-jedd-togo-une-quete-permanente-du-developpement-durable-2\/","og_site_name":"228 News","article_published_time":"2018-09-20T10:09:31+00:00","og_image":[{"url":"http:\/\/localhost\/site\/228news\/wp-content\/uploads\/2018\/09\/photo_2018-09-20_12-00-39-300x225.jpg","type":"","width":"","height":""}],"author":"Bienvenu SAVI","twitter_card":"summary_large_image","twitter_misc":{"\u00c9crit par":"Bienvenu SAVI","Dur\u00e9e de lecture estim\u00e9e":"3 minutes"},"schema":{"@context":"https:\/\/schema.org","@graph":[{"@type":"Article","@id":"https:\/\/228news.tg\/index.php\/2018\/09\/20\/parcee-jedd-togo-une-quete-permanente-du-developpement-durable-2\/#article","isPartOf":{"@id":"https:\/\/228news.tg\/index.php\/2018\/09\/20\/parcee-jedd-togo-une-quete-permanente-du-developpement-durable-2\/"},"author":{"name":"Bienvenu SAVI","@id":"https:\/\/228news.tg\/#\/schema\/person\/68d5a6cc0230290e61235c8379523f52"},"headline":"PARCEE\/JEDD-Togo, une qu\u00eate permanente du d\u00e9veloppement durable","datePublished":"2018-09-20T10:09:31+00:00","mainEntityOfPage":{"@id":"https:\/\/228news.tg\/index.php\/2018\/09\/20\/parcee-jedd-togo-une-quete-permanente-du-developpement-durable-2\/"},"wordCount":669,"commentCount":0,"publisher":{"@id":"https:\/\/228news.tg\/#organization"},"image":{"@id":"https:\/\/228news.tg\/index.php\/2018\/09\/20\/parcee-jedd-togo-une-quete-permanente-du-developpement-durable-2\/#primaryimage"},"thumbnailUrl":"","articleSection":["EDUCATION","Flash","TOGO","Une"],"inLanguage":"fr-FR","potentialAction":[{"@type":"CommentAction","name":"Comment","target":["https:\/\/228news.tg\/index.php\/2018\/09\/20\/parcee-jedd-togo-une-quete-permanente-du-developpement-durable-2\/#respond"]}]},{"@type":"WebPage","@id":"https:\/\/228news.tg\/index.php\/2018\/09\/20\/parcee-jedd-togo-une-quete-permanente-du-developpement-durable-2\/","url":"https:\/\/228news.tg\/index.php\/2018\/09\/20\/parcee-jedd-togo-une-quete-permanente-du-developpement-durable-2\/","name":"PARCEE\/JEDD-Togo, une qu\u00eate permanente du d\u00e9veloppement durable - 228 News","isPartOf":{"@id":"https:\/\/228news.tg\/#website"},"primaryImageOfPage":{"@id":"https:\/\/228news.tg\/index.php\/2018\/09\/20\/parcee-jedd-togo-une-quete-permanente-du-developpement-durable-2\/#primaryimage"},"image":{"@id":"https:\/\/228news.tg\/index.php\/2018\/09\/20\/parcee-jedd-togo-une-quete-permanente-du-developpement-durable-2\/#primaryimage"},"thumbnailUrl":"","datePublished":"2018-09-20T10:09:31+00:00","breadcrumb":{"@id":"https:\/\/228news.tg\/index.php\/2018\/09\/20\/parcee-jedd-togo-une-quete-permanente-du-developpement-durable-2\/#breadcrumb"},"inLanguage":"fr-FR","potentialAction":[{"@type":"ReadAction","target":["https:\/\/228news.tg\/index.php\/2018\/09\/20\/parcee-jedd-togo-une-quete-permanente-du-developpement-durable-2\/"]}]},{"@type":"ImageObject","inLanguage":"fr-FR","@id":"https:\/\/228news.tg\/index.php\/2018\/09\/20\/parcee-jedd-togo-une-quete-permanente-du-developpement-durable-2\/#primaryimage","url":"","contentUrl":""},{"@type":"BreadcrumbList","@id":"https:\/\/228news.tg\/index.php\/2018\/09\/20\/parcee-jedd-togo-une-quete-permanente-du-developpement-durable-2\/#breadcrumb","itemListElement":[{"@type":"ListItem","position":1,"name":"Home","item":"https:\/\/228news.tg\/"},{"@type":"ListItem","position":2,"name":"PARCEE\/JEDD-Togo, une qu\u00eate permanente du d\u00e9veloppement durable"}]},{"@type":"WebSite","@id":"https:\/\/228news.tg\/#website","url":"https:\/\/228news.tg\/","name":"228 News","description":"Soci\u00e9t\u00e9 de m\u00e9dias et d\u2019actualit\u00e9s","publisher":{"@id":"https:\/\/228news.tg\/#organization"},"potentialAction":[{"@type":"SearchAction","target":{"@type":"EntryPoint","urlTemplate":"https:\/\/228news.tg\/?s={search_term_string}"},"query-input":{"@type":"PropertyValueSpecification","valueRequired":true,"valueName":"search_term_string"}}],"inLanguage":"fr-FR"},{"@type":"Organization","@id":"https:\/\/228news.tg\/#organization","name":"228 News","url":"https:\/\/228news.tg\/","logo":{"@type":"ImageObject","inLanguage":"fr-FR","@id":"https:\/\/228news.tg\/#\/schema\/logo\/image\/","url":"https:\/\/228news.tg\/wp-content\/uploads\/2024\/09\/logonew.png","contentUrl":"https:\/\/228news.tg\/wp-content\/uploads\/2024\/09\/logonew.png","width":1640,"height":364,"caption":"228 News"},"image":{"@id":"https:\/\/228news.tg\/#\/schema\/logo\/image\/"}},{"@type":"Person","@id":"https:\/\/228news.tg\/#\/schema\/person\/68d5a6cc0230290e61235c8379523f52","name":"Bienvenu SAVI","image":{"@type":"ImageObject","inLanguage":"fr-FR","@id":"https:\/\/228news.tg\/#\/schema\/person\/image\/","url":"https:\/\/secure.gravatar.com\/avatar\/9db91895c559e510509c33a3e9683998458e9b828fac36d5d1aa23f0f2fd369b?s=96&d=mm&r=g","contentUrl":"https:\/\/secure.gravatar.com\/avatar\/9db91895c559e510509c33a3e9683998458e9b828fac36d5d1aa23f0f2fd369b?s=96&d=mm&r=g","caption":"Bienvenu SAVI"},"url":"https:\/\/228news.tg\/index.php\/author\/bienvenu\/"}]}},"jetpack_featured_media_url":"","_links":{"self":[{"href":"https:\/\/228news.tg\/index.php\/wp-json\/wp\/v2\/posts\/14554","targetHints":{"allow":["GET"]}}],"collection":[{"href":"https:\/\/228news.tg\/index.php\/wp-json\/wp\/v2\/posts"}],"about":[{"href":"https:\/\/228news.tg\/index.php\/wp-json\/wp\/v2\/types\/post"}],"author":[{"embeddable":true,"href":"https:\/\/228news.tg\/index.php\/wp-json\/wp\/v2\/users\/2"}],"replies":[{"embeddable":true,"href":"https:\/\/228news.tg\/index.php\/wp-json\/wp\/v2\/comments?post=14554"}],"version-history":[{"count":0,"href":"https:\/\/228news.tg\/index.php\/wp-json\/wp\/v2\/posts\/14554\/revisions"}],"wp:featuredmedia":[{"embeddable":true,"href":"https:\/\/228news.tg\/index.php\/wp-json\/wp\/v2\/posts\/3257"}],"wp:attachment":[{"href":"https:\/\/228news.tg\/index.php\/wp-json\/wp\/v2\/media?parent=14554"}],"wp:term":[{"taxonomy":"category","embeddable":true,"href":"https:\/\/228news.tg\/index.php\/wp-json\/wp\/v2\/categories?post=14554"},{"taxonomy":"post_tag","embeddable":true,"href":"https:\/\/228news.tg\/index.php\/wp-json\/wp\/v2\/tags?post=14554"}],"curies":[{"name":"wp","href":"https:\/\/api.w.org\/{rel}","templated":true}]}}