{"id":14548,"date":"2018-09-12T18:27:48","date_gmt":"2018-09-12T18:27:48","guid":{"rendered":"http:\/\/localhost\/site\/228news\/?p=3217"},"modified":"2018-09-12T18:27:48","modified_gmt":"2018-09-12T18:27:48","slug":"strategie-nationale-redd-la-prise-en-compte-des-personnes-vulnerables-preoccupe-lonateph-2","status":"publish","type":"post","link":"https:\/\/228news.tg\/index.php\/2018\/09\/12\/strategie-nationale-redd-la-prise-en-compte-des-personnes-vulnerables-preoccupe-lonateph-2\/","title":{"rendered":"Strat\u00e9gie nationale REDD+: La prise en compte des personnes vuln\u00e9rables pr\u00e9occupe l&rsquo;ONATEPH"},"content":{"rendered":"<p>(228news\/Lom\u00e9, le 12 septembre 2018)-\u00a0La prise en compte des besoins des personnes handicap\u00e9es dans la d\u00e9finition et la mise en \u0153uvre de la strat\u00e9gie nationale REDD+ a \u00e9t\u00e9 au c\u0153ur d&rsquo;un atelier ouvert le mardi 04 septembre dernier \u00e0 Lom\u00e9 par M. KOUDAMA, repr\u00e9sentant le ministre de l&rsquo;environnement et des ressources foresti\u00e8res.<\/p>\n<p>A l&rsquo;initiative de l&rsquo;Organisation Nationale pour l&rsquo;<wbr \/>Accessibilit\u00e9, le Travail et l&rsquo;Emploi des Personnes Handicap\u00e9es du Togo (ONATEPH), une organisation \u0153uvrant dans la promotion et la valorisation des personnes handicap\u00e9es ou pr\u00e9sentant une condition de vuln\u00e9rabilit\u00e9, cet atelier de renforcement des capacit\u00e9s des parties prenantes de l&rsquo;\u00e9laboration de la strat\u00e9gie de REDD+ du Togo pour la prise en compte des besoins sp\u00e9cifiques des personnes handicap\u00e9es et ceux des autres groupes vuln\u00e9rables,\u00a0qui a pris fin ce mercredi 12 septembre, est financ\u00e9 par la coordination nationale de la REDD+ Togo font le coordonnateur national Hemou Assih a salu\u00e9 l&rsquo;initiative.<\/p>\n<p>Pour lui, les personnes handicap\u00e9es sont les plus vuln\u00e9rables face aux effets n\u00e9fastes du r\u00e9chauffement de la plan\u00e8te. Aussi importe t&rsquo;il de les privil\u00e9gier dans la d\u00e9finition des strat\u00e9gies et politiques de mise en \u0153uvre de la REDD+.<\/p>\n<p>La coordinatrice de l&rsquo;ONATEPH pour sa part, a plaid\u00e9 pour la prise en compte des besoins de ces personnes, et remerci\u00e9 la REDD+ pour l&rsquo;inclusion dont elle fait preuve le long du processus.<\/p>\n<p>Au cours des travaux, les diff\u00e9rents risques, cons\u00e9quences et besoins des personnes vuln\u00e9rables ou en situation de handicap ont \u00e9t\u00e9 identifi\u00e9s par les diff\u00e9rents acteurs r\u00e9unions. Ils ont \u00e9galement d\u00e9fini des approches de solution et des strat\u00e9gies \u00e0 prendre en compte par le REDD+ pour la suite du processus.<\/p>\n<p><em><strong>D\u00e9mocrate <\/strong><\/em><br \/>\n<em><strong>(00228) 91 85 40 14<\/strong><\/em><br \/>\n<em><strong>98 60 67 68<\/strong><\/em><br \/>\n<em><strong>democrate2010@gmail.com<\/strong><\/em><\/p>\n","protected":false},"excerpt":{"rendered":"<p>(228news\/Lom\u00e9, le 12 septembre 2018)-\u00a0La prise en compte des besoins des personnes handicap\u00e9es dans la d\u00e9finition et la mise en \u0153uvre de la strat\u00e9gie nationale REDD+ a \u00e9t\u00e9 au c\u0153ur d&rsquo;un atelier ouvert le mardi 04 septembre dernier \u00e0 Lom\u00e9 par M. KOUDAMA, repr\u00e9sentant le ministre de l&rsquo;environnement et des ressources foresti\u00e8res. A l&rsquo;initiative de &#8230; <a title=\"Strat\u00e9gie nationale REDD+: La prise en compte des personnes vuln\u00e9rables pr\u00e9occupe l&rsquo;ONATEPH\" class=\"read-more\" href=\"https:\/\/228news.tg\/index.php\/2018\/09\/12\/strategie-nationale-redd-la-prise-en-compte-des-personnes-vulnerables-preoccupe-lonateph-2\/\" aria-label=\"En savoir plus sur Strat\u00e9gie nationale REDD+: La prise en compte des personnes vuln\u00e9rables pr\u00e9occupe l&rsquo;ONATEPH\">Lire la suite<\/a><\/p>\n","protected":false},"author":2,"featured_media":3226,"comment_status":"open","ping_status":"open","sticky":false,"template":"","format":"chat","meta":{"footnotes":""},"categories":[35,29,25,34],"tags":[],"class_list":["post-14548","post","type-post","status-publish","format-chat","has-post-thumbnail","hentry","category-flash","category-societe","category-togo","category-une","post_format-post-format-chat"],"yoast_head":"<!-- This site is optimized with the Yoast SEO plugin v26.4 - https:\/\/yoast.com\/wordpress\/plugins\/seo\/ -->\n<title>Strat\u00e9gie nationale REDD+: La prise en compte des personnes vuln\u00e9rables pr\u00e9occupe l&#039;ONATEPH - 228 News<\/title>\n<meta name=\"robots\" content=\"index, follow, max-snippet:-1, max-image-preview:large, max-video-preview:-1\" \/>\n<link rel=\"canonical\" href=\"https:\/\/228news.tg\/index.php\/2018\/09\/12\/strategie-nationale-redd-la-prise-en-compte-des-personnes-vulnerables-preoccupe-lonateph-2\/\" \/>\n<meta property=\"og:locale\" content=\"fr_FR\" \/>\n<meta property=\"og:type\" content=\"article\" \/>\n<meta property=\"og:title\" content=\"Strat\u00e9gie nationale REDD+: La prise en compte des personnes vuln\u00e9rables pr\u00e9occupe l&#039;ONATEPH - 228 News\" \/>\n<meta property=\"og:description\" content=\"(228news\/Lom\u00e9, le 12 septembre 2018)-\u00a0La prise en compte des besoins des personnes handicap\u00e9es dans la d\u00e9finition et la mise en \u0153uvre de la strat\u00e9gie nationale REDD+ a \u00e9t\u00e9 au c\u0153ur d&rsquo;un atelier ouvert le mardi 04 septembre dernier \u00e0 Lom\u00e9 par M. KOUDAMA, repr\u00e9sentant le ministre de l&rsquo;environnement et des ressources foresti\u00e8res. A l&rsquo;initiative de ... Lire la suite\" \/>\n<meta property=\"og:url\" content=\"https:\/\/228news.tg\/index.php\/2018\/09\/12\/strategie-nationale-redd-la-prise-en-compte-des-personnes-vulnerables-preoccupe-lonateph-2\/\" \/>\n<meta property=\"og:site_name\" content=\"228 News\" \/>\n<meta property=\"article:published_time\" content=\"2018-09-12T18:27:48+00:00\" \/>\n<meta name=\"author\" content=\"Bienvenu SAVI\" \/>\n<meta name=\"twitter:card\" content=\"summary_large_image\" \/>\n<meta name=\"twitter:label1\" content=\"\u00c9crit par\" \/>\n\t<meta name=\"twitter:data1\" content=\"Bienvenu SAVI\" \/>\n\t<meta name=\"twitter:label2\" content=\"Dur\u00e9e de lecture estim\u00e9e\" \/>\n\t<meta name=\"twitter:data2\" content=\"2 minutes\" \/>\n<script type=\"application\/ld+json\" class=\"yoast-schema-graph\">{\"@context\":\"https:\/\/schema.org\",\"@graph\":[{\"@type\":\"Article\",\"@id\":\"https:\/\/228news.tg\/index.php\/2018\/09\/12\/strategie-nationale-redd-la-prise-en-compte-des-personnes-vulnerables-preoccupe-lonateph-2\/#article\",\"isPartOf\":{\"@id\":\"https:\/\/228news.tg\/index.php\/2018\/09\/12\/strategie-nationale-redd-la-prise-en-compte-des-personnes-vulnerables-preoccupe-lonateph-2\/\"},\"author\":{\"name\":\"Bienvenu SAVI\",\"@id\":\"https:\/\/228news.tg\/#\/schema\/person\/68d5a6cc0230290e61235c8379523f52\"},\"headline\":\"Strat\u00e9gie nationale REDD+: La prise en compte des personnes vuln\u00e9rables pr\u00e9occupe l&rsquo;ONATEPH\",\"datePublished\":\"2018-09-12T18:27:48+00:00\",\"mainEntityOfPage\":{\"@id\":\"https:\/\/228news.tg\/index.php\/2018\/09\/12\/strategie-nationale-redd-la-prise-en-compte-des-personnes-vulnerables-preoccupe-lonateph-2\/\"},\"wordCount\":329,\"commentCount\":0,\"publisher\":{\"@id\":\"https:\/\/228news.tg\/#organization\"},\"image\":{\"@id\":\"https:\/\/228news.tg\/index.php\/2018\/09\/12\/strategie-nationale-redd-la-prise-en-compte-des-personnes-vulnerables-preoccupe-lonateph-2\/#primaryimage\"},\"thumbnailUrl\":\"\",\"articleSection\":[\"Flash\",\"SOCIETE\",\"TOGO\",\"Une\"],\"inLanguage\":\"fr-FR\",\"potentialAction\":[{\"@type\":\"CommentAction\",\"name\":\"Comment\",\"target\":[\"https:\/\/228news.tg\/index.php\/2018\/09\/12\/strategie-nationale-redd-la-prise-en-compte-des-personnes-vulnerables-preoccupe-lonateph-2\/#respond\"]}]},{\"@type\":\"WebPage\",\"@id\":\"https:\/\/228news.tg\/index.php\/2018\/09\/12\/strategie-nationale-redd-la-prise-en-compte-des-personnes-vulnerables-preoccupe-lonateph-2\/\",\"url\":\"https:\/\/228news.tg\/index.php\/2018\/09\/12\/strategie-nationale-redd-la-prise-en-compte-des-personnes-vulnerables-preoccupe-lonateph-2\/\",\"name\":\"Strat\u00e9gie nationale REDD+: La prise en compte des personnes vuln\u00e9rables pr\u00e9occupe l'ONATEPH - 228 News\",\"isPartOf\":{\"@id\":\"https:\/\/228news.tg\/#website\"},\"primaryImageOfPage\":{\"@id\":\"https:\/\/228news.tg\/index.php\/2018\/09\/12\/strategie-nationale-redd-la-prise-en-compte-des-personnes-vulnerables-preoccupe-lonateph-2\/#primaryimage\"},\"image\":{\"@id\":\"https:\/\/228news.tg\/index.php\/2018\/09\/12\/strategie-nationale-redd-la-prise-en-compte-des-personnes-vulnerables-preoccupe-lonateph-2\/#primaryimage\"},\"thumbnailUrl\":\"\",\"datePublished\":\"2018-09-12T18:27:48+00:00\",\"breadcrumb\":{\"@id\":\"https:\/\/228news.tg\/index.php\/2018\/09\/12\/strategie-nationale-redd-la-prise-en-compte-des-personnes-vulnerables-preoccupe-lonateph-2\/#breadcrumb\"},\"inLanguage\":\"fr-FR\",\"potentialAction\":[{\"@type\":\"ReadAction\",\"target\":[\"https:\/\/228news.tg\/index.php\/2018\/09\/12\/strategie-nationale-redd-la-prise-en-compte-des-personnes-vulnerables-preoccupe-lonateph-2\/\"]}]},{\"@type\":\"ImageObject\",\"inLanguage\":\"fr-FR\",\"@id\":\"https:\/\/228news.tg\/index.php\/2018\/09\/12\/strategie-nationale-redd-la-prise-en-compte-des-personnes-vulnerables-preoccupe-lonateph-2\/#primaryimage\",\"url\":\"\",\"contentUrl\":\"\"},{\"@type\":\"BreadcrumbList\",\"@id\":\"https:\/\/228news.tg\/index.php\/2018\/09\/12\/strategie-nationale-redd-la-prise-en-compte-des-personnes-vulnerables-preoccupe-lonateph-2\/#breadcrumb\",\"itemListElement\":[{\"@type\":\"ListItem\",\"position\":1,\"name\":\"Home\",\"item\":\"https:\/\/228news.tg\/\"},{\"@type\":\"ListItem\",\"position\":2,\"name\":\"Strat\u00e9gie nationale REDD+: La prise en compte des personnes vuln\u00e9rables pr\u00e9occupe l&rsquo;ONATEPH\"}]},{\"@type\":\"WebSite\",\"@id\":\"https:\/\/228news.tg\/#website\",\"url\":\"https:\/\/228news.tg\/\",\"name\":\"228 News\",\"description\":\"Soci\u00e9t\u00e9 de m\u00e9dias et d\u2019actualit\u00e9s\",\"publisher\":{\"@id\":\"https:\/\/228news.tg\/#organization\"},\"potentialAction\":[{\"@type\":\"SearchAction\",\"target\":{\"@type\":\"EntryPoint\",\"urlTemplate\":\"https:\/\/228news.tg\/?s={search_term_string}\"},\"query-input\":{\"@type\":\"PropertyValueSpecification\",\"valueRequired\":true,\"valueName\":\"search_term_string\"}}],\"inLanguage\":\"fr-FR\"},{\"@type\":\"Organization\",\"@id\":\"https:\/\/228news.tg\/#organization\",\"name\":\"228 News\",\"url\":\"https:\/\/228news.tg\/\",\"logo\":{\"@type\":\"ImageObject\",\"inLanguage\":\"fr-FR\",\"@id\":\"https:\/\/228news.tg\/#\/schema\/logo\/image\/\",\"url\":\"https:\/\/228news.tg\/wp-content\/uploads\/2024\/09\/logonew.png\",\"contentUrl\":\"https:\/\/228news.tg\/wp-content\/uploads\/2024\/09\/logonew.png\",\"width\":1640,\"height\":364,\"caption\":\"228 News\"},\"image\":{\"@id\":\"https:\/\/228news.tg\/#\/schema\/logo\/image\/\"}},{\"@type\":\"Person\",\"@id\":\"https:\/\/228news.tg\/#\/schema\/person\/68d5a6cc0230290e61235c8379523f52\",\"name\":\"Bienvenu SAVI\",\"image\":{\"@type\":\"ImageObject\",\"inLanguage\":\"fr-FR\",\"@id\":\"https:\/\/228news.tg\/#\/schema\/person\/image\/\",\"url\":\"https:\/\/secure.gravatar.com\/avatar\/9db91895c559e510509c33a3e9683998458e9b828fac36d5d1aa23f0f2fd369b?s=96&d=mm&r=g\",\"contentUrl\":\"https:\/\/secure.gravatar.com\/avatar\/9db91895c559e510509c33a3e9683998458e9b828fac36d5d1aa23f0f2fd369b?s=96&d=mm&r=g\",\"caption\":\"Bienvenu SAVI\"},\"url\":\"https:\/\/228news.tg\/index.php\/author\/bienvenu\/\"}]}<\/script>\n<!-- \/ Yoast SEO plugin. -->","yoast_head_json":{"title":"Strat\u00e9gie nationale REDD+: La prise en compte des personnes vuln\u00e9rables pr\u00e9occupe l'ONATEPH - 228 News","robots":{"index":"index","follow":"follow","max-snippet":"max-snippet:-1","max-image-preview":"max-image-preview:large","max-video-preview":"max-video-preview:-1"},"canonical":"https:\/\/228news.tg\/index.php\/2018\/09\/12\/strategie-nationale-redd-la-prise-en-compte-des-personnes-vulnerables-preoccupe-lonateph-2\/","og_locale":"fr_FR","og_type":"article","og_title":"Strat\u00e9gie nationale REDD+: La prise en compte des personnes vuln\u00e9rables pr\u00e9occupe l'ONATEPH - 228 News","og_description":"(228news\/Lom\u00e9, le 12 septembre 2018)-\u00a0La prise en compte des besoins des personnes handicap\u00e9es dans la d\u00e9finition et la mise en \u0153uvre de la strat\u00e9gie nationale REDD+ a \u00e9t\u00e9 au c\u0153ur d&rsquo;un atelier ouvert le mardi 04 septembre dernier \u00e0 Lom\u00e9 par M. KOUDAMA, repr\u00e9sentant le ministre de l&rsquo;environnement et des ressources foresti\u00e8res. A l&rsquo;initiative de ... Lire la suite","og_url":"https:\/\/228news.tg\/index.php\/2018\/09\/12\/strategie-nationale-redd-la-prise-en-compte-des-personnes-vulnerables-preoccupe-lonateph-2\/","og_site_name":"228 News","article_published_time":"2018-09-12T18:27:48+00:00","author":"Bienvenu SAVI","twitter_card":"summary_large_image","twitter_misc":{"\u00c9crit par":"Bienvenu SAVI","Dur\u00e9e de lecture estim\u00e9e":"2 minutes"},"schema":{"@context":"https:\/\/schema.org","@graph":[{"@type":"Article","@id":"https:\/\/228news.tg\/index.php\/2018\/09\/12\/strategie-nationale-redd-la-prise-en-compte-des-personnes-vulnerables-preoccupe-lonateph-2\/#article","isPartOf":{"@id":"https:\/\/228news.tg\/index.php\/2018\/09\/12\/strategie-nationale-redd-la-prise-en-compte-des-personnes-vulnerables-preoccupe-lonateph-2\/"},"author":{"name":"Bienvenu SAVI","@id":"https:\/\/228news.tg\/#\/schema\/person\/68d5a6cc0230290e61235c8379523f52"},"headline":"Strat\u00e9gie nationale REDD+: La prise en compte des personnes vuln\u00e9rables pr\u00e9occupe l&rsquo;ONATEPH","datePublished":"2018-09-12T18:27:48+00:00","mainEntityOfPage":{"@id":"https:\/\/228news.tg\/index.php\/2018\/09\/12\/strategie-nationale-redd-la-prise-en-compte-des-personnes-vulnerables-preoccupe-lonateph-2\/"},"wordCount":329,"commentCount":0,"publisher":{"@id":"https:\/\/228news.tg\/#organization"},"image":{"@id":"https:\/\/228news.tg\/index.php\/2018\/09\/12\/strategie-nationale-redd-la-prise-en-compte-des-personnes-vulnerables-preoccupe-lonateph-2\/#primaryimage"},"thumbnailUrl":"","articleSection":["Flash","SOCIETE","TOGO","Une"],"inLanguage":"fr-FR","potentialAction":[{"@type":"CommentAction","name":"Comment","target":["https:\/\/228news.tg\/index.php\/2018\/09\/12\/strategie-nationale-redd-la-prise-en-compte-des-personnes-vulnerables-preoccupe-lonateph-2\/#respond"]}]},{"@type":"WebPage","@id":"https:\/\/228news.tg\/index.php\/2018\/09\/12\/strategie-nationale-redd-la-prise-en-compte-des-personnes-vulnerables-preoccupe-lonateph-2\/","url":"https:\/\/228news.tg\/index.php\/2018\/09\/12\/strategie-nationale-redd-la-prise-en-compte-des-personnes-vulnerables-preoccupe-lonateph-2\/","name":"Strat\u00e9gie nationale REDD+: La prise en compte des personnes vuln\u00e9rables pr\u00e9occupe l'ONATEPH - 228 News","isPartOf":{"@id":"https:\/\/228news.tg\/#website"},"primaryImageOfPage":{"@id":"https:\/\/228news.tg\/index.php\/2018\/09\/12\/strategie-nationale-redd-la-prise-en-compte-des-personnes-vulnerables-preoccupe-lonateph-2\/#primaryimage"},"image":{"@id":"https:\/\/228news.tg\/index.php\/2018\/09\/12\/strategie-nationale-redd-la-prise-en-compte-des-personnes-vulnerables-preoccupe-lonateph-2\/#primaryimage"},"thumbnailUrl":"","datePublished":"2018-09-12T18:27:48+00:00","breadcrumb":{"@id":"https:\/\/228news.tg\/index.php\/2018\/09\/12\/strategie-nationale-redd-la-prise-en-compte-des-personnes-vulnerables-preoccupe-lonateph-2\/#breadcrumb"},"inLanguage":"fr-FR","potentialAction":[{"@type":"ReadAction","target":["https:\/\/228news.tg\/index.php\/2018\/09\/12\/strategie-nationale-redd-la-prise-en-compte-des-personnes-vulnerables-preoccupe-lonateph-2\/"]}]},{"@type":"ImageObject","inLanguage":"fr-FR","@id":"https:\/\/228news.tg\/index.php\/2018\/09\/12\/strategie-nationale-redd-la-prise-en-compte-des-personnes-vulnerables-preoccupe-lonateph-2\/#primaryimage","url":"","contentUrl":""},{"@type":"BreadcrumbList","@id":"https:\/\/228news.tg\/index.php\/2018\/09\/12\/strategie-nationale-redd-la-prise-en-compte-des-personnes-vulnerables-preoccupe-lonateph-2\/#breadcrumb","itemListElement":[{"@type":"ListItem","position":1,"name":"Home","item":"https:\/\/228news.tg\/"},{"@type":"ListItem","position":2,"name":"Strat\u00e9gie nationale REDD+: La prise en compte des personnes vuln\u00e9rables pr\u00e9occupe l&rsquo;ONATEPH"}]},{"@type":"WebSite","@id":"https:\/\/228news.tg\/#website","url":"https:\/\/228news.tg\/","name":"228 News","description":"Soci\u00e9t\u00e9 de m\u00e9dias et d\u2019actualit\u00e9s","publisher":{"@id":"https:\/\/228news.tg\/#organization"},"potentialAction":[{"@type":"SearchAction","target":{"@type":"EntryPoint","urlTemplate":"https:\/\/228news.tg\/?s={search_term_string}"},"query-input":{"@type":"PropertyValueSpecification","valueRequired":true,"valueName":"search_term_string"}}],"inLanguage":"fr-FR"},{"@type":"Organization","@id":"https:\/\/228news.tg\/#organization","name":"228 News","url":"https:\/\/228news.tg\/","logo":{"@type":"ImageObject","inLanguage":"fr-FR","@id":"https:\/\/228news.tg\/#\/schema\/logo\/image\/","url":"https:\/\/228news.tg\/wp-content\/uploads\/2024\/09\/logonew.png","contentUrl":"https:\/\/228news.tg\/wp-content\/uploads\/2024\/09\/logonew.png","width":1640,"height":364,"caption":"228 News"},"image":{"@id":"https:\/\/228news.tg\/#\/schema\/logo\/image\/"}},{"@type":"Person","@id":"https:\/\/228news.tg\/#\/schema\/person\/68d5a6cc0230290e61235c8379523f52","name":"Bienvenu SAVI","image":{"@type":"ImageObject","inLanguage":"fr-FR","@id":"https:\/\/228news.tg\/#\/schema\/person\/image\/","url":"https:\/\/secure.gravatar.com\/avatar\/9db91895c559e510509c33a3e9683998458e9b828fac36d5d1aa23f0f2fd369b?s=96&d=mm&r=g","contentUrl":"https:\/\/secure.gravatar.com\/avatar\/9db91895c559e510509c33a3e9683998458e9b828fac36d5d1aa23f0f2fd369b?s=96&d=mm&r=g","caption":"Bienvenu SAVI"},"url":"https:\/\/228news.tg\/index.php\/author\/bienvenu\/"}]}},"jetpack_featured_media_url":"","_links":{"self":[{"href":"https:\/\/228news.tg\/index.php\/wp-json\/wp\/v2\/posts\/14548","targetHints":{"allow":["GET"]}}],"collection":[{"href":"https:\/\/228news.tg\/index.php\/wp-json\/wp\/v2\/posts"}],"about":[{"href":"https:\/\/228news.tg\/index.php\/wp-json\/wp\/v2\/types\/post"}],"author":[{"embeddable":true,"href":"https:\/\/228news.tg\/index.php\/wp-json\/wp\/v2\/users\/2"}],"replies":[{"embeddable":true,"href":"https:\/\/228news.tg\/index.php\/wp-json\/wp\/v2\/comments?post=14548"}],"version-history":[{"count":0,"href":"https:\/\/228news.tg\/index.php\/wp-json\/wp\/v2\/posts\/14548\/revisions"}],"wp:featuredmedia":[{"embeddable":true,"href":"https:\/\/228news.tg\/index.php\/wp-json\/wp\/v2\/posts\/3226"}],"wp:attachment":[{"href":"https:\/\/228news.tg\/index.php\/wp-json\/wp\/v2\/media?parent=14548"}],"wp:term":[{"taxonomy":"category","embeddable":true,"href":"https:\/\/228news.tg\/index.php\/wp-json\/wp\/v2\/categories?post=14548"},{"taxonomy":"post_tag","embeddable":true,"href":"https:\/\/228news.tg\/index.php\/wp-json\/wp\/v2\/tags?post=14548"}],"curies":[{"name":"wp","href":"https:\/\/api.w.org\/{rel}","templated":true}]}}