{"id":14547,"date":"2018-09-12T18:10:10","date_gmt":"2018-09-12T18:10:10","guid":{"rendered":"http:\/\/localhost\/site\/228news\/?p=3221"},"modified":"2018-09-12T18:10:10","modified_gmt":"2018-09-12T18:10:10","slug":"can-cameroun-2019-la-qualification-seloigne-de-plus-en-plus-pour-les-eperviers-2","status":"publish","type":"post","link":"https:\/\/228news.tg\/index.php\/2018\/09\/12\/can-cameroun-2019-la-qualification-seloigne-de-plus-en-plus-pour-les-eperviers-2\/","title":{"rendered":"CAN Cameroun 2019: La qualification s&rsquo;\u00e9loigne de plus en plus pour les \u00c9perviers"},"content":{"rendered":"<p>(228news\/ Lom\u00e9, le 12 septembre 2018)- Les \u00c9perviers du Togo ont du se contenter du match nul et vierge le 09 septembre dernier au stade municipal de Lom\u00e9, face aux \u00c9cureuils du B\u00e9nin.<\/p>\n<p>Match comptant pour la deuxi\u00e8me journ\u00e9e des \u00e9liminatoires pour la CAN 2019 qui se disputera en terre camerounaise, ce score nul n&rsquo;arrange pas les affaires des poulains de Claude Leroy.<\/p>\n<p>Le Togo tra\u00eene en effet \u00e0 la derni\u00e8re place de son groupe depuis le d\u00e9but de la comp\u00e9tition et \u00e0 l&rsquo;issue de cette journ\u00e9e demeure \u00e0 cette place avec 1 point derri\u00e8re la Gambie qui totalise le m\u00eame nombre de point apr\u00e8s son nul \u00e0 domicile face \u00e0 l&rsquo;Algerie.<\/p>\n<p>Le B\u00e9nin reste dauphin des Fennecks, les deux totalisant 4 points.<\/p>\n<p>Si rien n&rsquo;est encore dit dans ce groupe, il est clair que la qualification s&rsquo;\u00e9loigne de plus en plus.<\/p>\n<p><em><strong>LA REDACTION<\/strong><\/em><\/p>\n","protected":false},"excerpt":{"rendered":"<p>(228news\/ Lom\u00e9, le 12 septembre 2018)- Les \u00c9perviers du Togo ont du se contenter du match nul et vierge le 09 septembre dernier au stade municipal de Lom\u00e9, face aux \u00c9cureuils du B\u00e9nin. Match comptant pour la deuxi\u00e8me journ\u00e9e des \u00e9liminatoires pour la CAN 2019 qui se disputera en terre camerounaise, ce score nul n&rsquo;arrange &#8230; <a title=\"CAN Cameroun 2019: La qualification s&rsquo;\u00e9loigne de plus en plus pour les \u00c9perviers\" class=\"read-more\" href=\"https:\/\/228news.tg\/index.php\/2018\/09\/12\/can-cameroun-2019-la-qualification-seloigne-de-plus-en-plus-pour-les-eperviers-2\/\" aria-label=\"En savoir plus sur CAN Cameroun 2019: La qualification s&rsquo;\u00e9loigne de plus en plus pour les \u00c9perviers\">Lire la suite<\/a><\/p>\n","protected":false},"author":2,"featured_media":3224,"comment_status":"open","ping_status":"open","sticky":false,"template":"","format":"chat","meta":{"footnotes":""},"categories":[35,24,25,34],"tags":[],"class_list":["post-14547","post","type-post","status-publish","format-chat","has-post-thumbnail","hentry","category-flash","category-sports","category-togo","category-une","post_format-post-format-chat"],"yoast_head":"<!-- This site is optimized with the Yoast SEO plugin v26.4 - https:\/\/yoast.com\/wordpress\/plugins\/seo\/ -->\n<title>CAN Cameroun 2019: La qualification s&#039;\u00e9loigne de plus en plus pour les \u00c9perviers - 228 News<\/title>\n<meta name=\"robots\" content=\"index, follow, max-snippet:-1, max-image-preview:large, max-video-preview:-1\" \/>\n<link rel=\"canonical\" href=\"https:\/\/228news.tg\/index.php\/2018\/09\/12\/can-cameroun-2019-la-qualification-seloigne-de-plus-en-plus-pour-les-eperviers-2\/\" \/>\n<meta property=\"og:locale\" content=\"fr_FR\" \/>\n<meta property=\"og:type\" content=\"article\" \/>\n<meta property=\"og:title\" content=\"CAN Cameroun 2019: La qualification s&#039;\u00e9loigne de plus en plus pour les \u00c9perviers - 228 News\" \/>\n<meta property=\"og:description\" content=\"(228news\/ Lom\u00e9, le 12 septembre 2018)- Les \u00c9perviers du Togo ont du se contenter du match nul et vierge le 09 septembre dernier au stade municipal de Lom\u00e9, face aux \u00c9cureuils du B\u00e9nin. Match comptant pour la deuxi\u00e8me journ\u00e9e des \u00e9liminatoires pour la CAN 2019 qui se disputera en terre camerounaise, ce score nul n&rsquo;arrange ... Lire la suite\" \/>\n<meta property=\"og:url\" content=\"https:\/\/228news.tg\/index.php\/2018\/09\/12\/can-cameroun-2019-la-qualification-seloigne-de-plus-en-plus-pour-les-eperviers-2\/\" \/>\n<meta property=\"og:site_name\" content=\"228 News\" \/>\n<meta property=\"article:published_time\" content=\"2018-09-12T18:10:10+00:00\" \/>\n<meta name=\"author\" content=\"Bienvenu SAVI\" \/>\n<meta name=\"twitter:card\" content=\"summary_large_image\" \/>\n<meta name=\"twitter:label1\" content=\"\u00c9crit par\" \/>\n\t<meta name=\"twitter:data1\" content=\"Bienvenu SAVI\" \/>\n\t<meta name=\"twitter:label2\" content=\"Dur\u00e9e de lecture estim\u00e9e\" \/>\n\t<meta name=\"twitter:data2\" content=\"1 minute\" \/>\n<script type=\"application\/ld+json\" class=\"yoast-schema-graph\">{\"@context\":\"https:\/\/schema.org\",\"@graph\":[{\"@type\":\"Article\",\"@id\":\"https:\/\/228news.tg\/index.php\/2018\/09\/12\/can-cameroun-2019-la-qualification-seloigne-de-plus-en-plus-pour-les-eperviers-2\/#article\",\"isPartOf\":{\"@id\":\"https:\/\/228news.tg\/index.php\/2018\/09\/12\/can-cameroun-2019-la-qualification-seloigne-de-plus-en-plus-pour-les-eperviers-2\/\"},\"author\":{\"name\":\"Bienvenu SAVI\",\"@id\":\"https:\/\/228news.tg\/#\/schema\/person\/68d5a6cc0230290e61235c8379523f52\"},\"headline\":\"CAN Cameroun 2019: La qualification s&rsquo;\u00e9loigne de plus en plus pour les \u00c9perviers\",\"datePublished\":\"2018-09-12T18:10:10+00:00\",\"mainEntityOfPage\":{\"@id\":\"https:\/\/228news.tg\/index.php\/2018\/09\/12\/can-cameroun-2019-la-qualification-seloigne-de-plus-en-plus-pour-les-eperviers-2\/\"},\"wordCount\":164,\"commentCount\":0,\"publisher\":{\"@id\":\"https:\/\/228news.tg\/#organization\"},\"image\":{\"@id\":\"https:\/\/228news.tg\/index.php\/2018\/09\/12\/can-cameroun-2019-la-qualification-seloigne-de-plus-en-plus-pour-les-eperviers-2\/#primaryimage\"},\"thumbnailUrl\":\"\",\"articleSection\":[\"Flash\",\"SPORTS\",\"TOGO\",\"Une\"],\"inLanguage\":\"fr-FR\",\"potentialAction\":[{\"@type\":\"CommentAction\",\"name\":\"Comment\",\"target\":[\"https:\/\/228news.tg\/index.php\/2018\/09\/12\/can-cameroun-2019-la-qualification-seloigne-de-plus-en-plus-pour-les-eperviers-2\/#respond\"]}]},{\"@type\":\"WebPage\",\"@id\":\"https:\/\/228news.tg\/index.php\/2018\/09\/12\/can-cameroun-2019-la-qualification-seloigne-de-plus-en-plus-pour-les-eperviers-2\/\",\"url\":\"https:\/\/228news.tg\/index.php\/2018\/09\/12\/can-cameroun-2019-la-qualification-seloigne-de-plus-en-plus-pour-les-eperviers-2\/\",\"name\":\"CAN Cameroun 2019: La qualification s'\u00e9loigne de plus en plus pour les \u00c9perviers - 228 News\",\"isPartOf\":{\"@id\":\"https:\/\/228news.tg\/#website\"},\"primaryImageOfPage\":{\"@id\":\"https:\/\/228news.tg\/index.php\/2018\/09\/12\/can-cameroun-2019-la-qualification-seloigne-de-plus-en-plus-pour-les-eperviers-2\/#primaryimage\"},\"image\":{\"@id\":\"https:\/\/228news.tg\/index.php\/2018\/09\/12\/can-cameroun-2019-la-qualification-seloigne-de-plus-en-plus-pour-les-eperviers-2\/#primaryimage\"},\"thumbnailUrl\":\"\",\"datePublished\":\"2018-09-12T18:10:10+00:00\",\"breadcrumb\":{\"@id\":\"https:\/\/228news.tg\/index.php\/2018\/09\/12\/can-cameroun-2019-la-qualification-seloigne-de-plus-en-plus-pour-les-eperviers-2\/#breadcrumb\"},\"inLanguage\":\"fr-FR\",\"potentialAction\":[{\"@type\":\"ReadAction\",\"target\":[\"https:\/\/228news.tg\/index.php\/2018\/09\/12\/can-cameroun-2019-la-qualification-seloigne-de-plus-en-plus-pour-les-eperviers-2\/\"]}]},{\"@type\":\"ImageObject\",\"inLanguage\":\"fr-FR\",\"@id\":\"https:\/\/228news.tg\/index.php\/2018\/09\/12\/can-cameroun-2019-la-qualification-seloigne-de-plus-en-plus-pour-les-eperviers-2\/#primaryimage\",\"url\":\"\",\"contentUrl\":\"\"},{\"@type\":\"BreadcrumbList\",\"@id\":\"https:\/\/228news.tg\/index.php\/2018\/09\/12\/can-cameroun-2019-la-qualification-seloigne-de-plus-en-plus-pour-les-eperviers-2\/#breadcrumb\",\"itemListElement\":[{\"@type\":\"ListItem\",\"position\":1,\"name\":\"Home\",\"item\":\"https:\/\/228news.tg\/\"},{\"@type\":\"ListItem\",\"position\":2,\"name\":\"CAN Cameroun 2019: La qualification s&rsquo;\u00e9loigne de plus en plus pour les \u00c9perviers\"}]},{\"@type\":\"WebSite\",\"@id\":\"https:\/\/228news.tg\/#website\",\"url\":\"https:\/\/228news.tg\/\",\"name\":\"228 News\",\"description\":\"Soci\u00e9t\u00e9 de m\u00e9dias et d\u2019actualit\u00e9s\",\"publisher\":{\"@id\":\"https:\/\/228news.tg\/#organization\"},\"potentialAction\":[{\"@type\":\"SearchAction\",\"target\":{\"@type\":\"EntryPoint\",\"urlTemplate\":\"https:\/\/228news.tg\/?s={search_term_string}\"},\"query-input\":{\"@type\":\"PropertyValueSpecification\",\"valueRequired\":true,\"valueName\":\"search_term_string\"}}],\"inLanguage\":\"fr-FR\"},{\"@type\":\"Organization\",\"@id\":\"https:\/\/228news.tg\/#organization\",\"name\":\"228 News\",\"url\":\"https:\/\/228news.tg\/\",\"logo\":{\"@type\":\"ImageObject\",\"inLanguage\":\"fr-FR\",\"@id\":\"https:\/\/228news.tg\/#\/schema\/logo\/image\/\",\"url\":\"https:\/\/228news.tg\/wp-content\/uploads\/2024\/09\/logonew.png\",\"contentUrl\":\"https:\/\/228news.tg\/wp-content\/uploads\/2024\/09\/logonew.png\",\"width\":1640,\"height\":364,\"caption\":\"228 News\"},\"image\":{\"@id\":\"https:\/\/228news.tg\/#\/schema\/logo\/image\/\"}},{\"@type\":\"Person\",\"@id\":\"https:\/\/228news.tg\/#\/schema\/person\/68d5a6cc0230290e61235c8379523f52\",\"name\":\"Bienvenu SAVI\",\"image\":{\"@type\":\"ImageObject\",\"inLanguage\":\"fr-FR\",\"@id\":\"https:\/\/228news.tg\/#\/schema\/person\/image\/\",\"url\":\"https:\/\/secure.gravatar.com\/avatar\/9db91895c559e510509c33a3e9683998458e9b828fac36d5d1aa23f0f2fd369b?s=96&d=mm&r=g\",\"contentUrl\":\"https:\/\/secure.gravatar.com\/avatar\/9db91895c559e510509c33a3e9683998458e9b828fac36d5d1aa23f0f2fd369b?s=96&d=mm&r=g\",\"caption\":\"Bienvenu SAVI\"},\"url\":\"https:\/\/228news.tg\/index.php\/author\/bienvenu\/\"}]}<\/script>\n<!-- \/ Yoast SEO plugin. -->","yoast_head_json":{"title":"CAN Cameroun 2019: La qualification s'\u00e9loigne de plus en plus pour les \u00c9perviers - 228 News","robots":{"index":"index","follow":"follow","max-snippet":"max-snippet:-1","max-image-preview":"max-image-preview:large","max-video-preview":"max-video-preview:-1"},"canonical":"https:\/\/228news.tg\/index.php\/2018\/09\/12\/can-cameroun-2019-la-qualification-seloigne-de-plus-en-plus-pour-les-eperviers-2\/","og_locale":"fr_FR","og_type":"article","og_title":"CAN Cameroun 2019: La qualification s'\u00e9loigne de plus en plus pour les \u00c9perviers - 228 News","og_description":"(228news\/ Lom\u00e9, le 12 septembre 2018)- Les \u00c9perviers du Togo ont du se contenter du match nul et vierge le 09 septembre dernier au stade municipal de Lom\u00e9, face aux \u00c9cureuils du B\u00e9nin. Match comptant pour la deuxi\u00e8me journ\u00e9e des \u00e9liminatoires pour la CAN 2019 qui se disputera en terre camerounaise, ce score nul n&rsquo;arrange ... Lire la suite","og_url":"https:\/\/228news.tg\/index.php\/2018\/09\/12\/can-cameroun-2019-la-qualification-seloigne-de-plus-en-plus-pour-les-eperviers-2\/","og_site_name":"228 News","article_published_time":"2018-09-12T18:10:10+00:00","author":"Bienvenu SAVI","twitter_card":"summary_large_image","twitter_misc":{"\u00c9crit par":"Bienvenu SAVI","Dur\u00e9e de lecture estim\u00e9e":"1 minute"},"schema":{"@context":"https:\/\/schema.org","@graph":[{"@type":"Article","@id":"https:\/\/228news.tg\/index.php\/2018\/09\/12\/can-cameroun-2019-la-qualification-seloigne-de-plus-en-plus-pour-les-eperviers-2\/#article","isPartOf":{"@id":"https:\/\/228news.tg\/index.php\/2018\/09\/12\/can-cameroun-2019-la-qualification-seloigne-de-plus-en-plus-pour-les-eperviers-2\/"},"author":{"name":"Bienvenu SAVI","@id":"https:\/\/228news.tg\/#\/schema\/person\/68d5a6cc0230290e61235c8379523f52"},"headline":"CAN Cameroun 2019: La qualification s&rsquo;\u00e9loigne de plus en plus pour les \u00c9perviers","datePublished":"2018-09-12T18:10:10+00:00","mainEntityOfPage":{"@id":"https:\/\/228news.tg\/index.php\/2018\/09\/12\/can-cameroun-2019-la-qualification-seloigne-de-plus-en-plus-pour-les-eperviers-2\/"},"wordCount":164,"commentCount":0,"publisher":{"@id":"https:\/\/228news.tg\/#organization"},"image":{"@id":"https:\/\/228news.tg\/index.php\/2018\/09\/12\/can-cameroun-2019-la-qualification-seloigne-de-plus-en-plus-pour-les-eperviers-2\/#primaryimage"},"thumbnailUrl":"","articleSection":["Flash","SPORTS","TOGO","Une"],"inLanguage":"fr-FR","potentialAction":[{"@type":"CommentAction","name":"Comment","target":["https:\/\/228news.tg\/index.php\/2018\/09\/12\/can-cameroun-2019-la-qualification-seloigne-de-plus-en-plus-pour-les-eperviers-2\/#respond"]}]},{"@type":"WebPage","@id":"https:\/\/228news.tg\/index.php\/2018\/09\/12\/can-cameroun-2019-la-qualification-seloigne-de-plus-en-plus-pour-les-eperviers-2\/","url":"https:\/\/228news.tg\/index.php\/2018\/09\/12\/can-cameroun-2019-la-qualification-seloigne-de-plus-en-plus-pour-les-eperviers-2\/","name":"CAN Cameroun 2019: La qualification s'\u00e9loigne de plus en plus pour les \u00c9perviers - 228 News","isPartOf":{"@id":"https:\/\/228news.tg\/#website"},"primaryImageOfPage":{"@id":"https:\/\/228news.tg\/index.php\/2018\/09\/12\/can-cameroun-2019-la-qualification-seloigne-de-plus-en-plus-pour-les-eperviers-2\/#primaryimage"},"image":{"@id":"https:\/\/228news.tg\/index.php\/2018\/09\/12\/can-cameroun-2019-la-qualification-seloigne-de-plus-en-plus-pour-les-eperviers-2\/#primaryimage"},"thumbnailUrl":"","datePublished":"2018-09-12T18:10:10+00:00","breadcrumb":{"@id":"https:\/\/228news.tg\/index.php\/2018\/09\/12\/can-cameroun-2019-la-qualification-seloigne-de-plus-en-plus-pour-les-eperviers-2\/#breadcrumb"},"inLanguage":"fr-FR","potentialAction":[{"@type":"ReadAction","target":["https:\/\/228news.tg\/index.php\/2018\/09\/12\/can-cameroun-2019-la-qualification-seloigne-de-plus-en-plus-pour-les-eperviers-2\/"]}]},{"@type":"ImageObject","inLanguage":"fr-FR","@id":"https:\/\/228news.tg\/index.php\/2018\/09\/12\/can-cameroun-2019-la-qualification-seloigne-de-plus-en-plus-pour-les-eperviers-2\/#primaryimage","url":"","contentUrl":""},{"@type":"BreadcrumbList","@id":"https:\/\/228news.tg\/index.php\/2018\/09\/12\/can-cameroun-2019-la-qualification-seloigne-de-plus-en-plus-pour-les-eperviers-2\/#breadcrumb","itemListElement":[{"@type":"ListItem","position":1,"name":"Home","item":"https:\/\/228news.tg\/"},{"@type":"ListItem","position":2,"name":"CAN Cameroun 2019: La qualification s&rsquo;\u00e9loigne de plus en plus pour les \u00c9perviers"}]},{"@type":"WebSite","@id":"https:\/\/228news.tg\/#website","url":"https:\/\/228news.tg\/","name":"228 News","description":"Soci\u00e9t\u00e9 de m\u00e9dias et d\u2019actualit\u00e9s","publisher":{"@id":"https:\/\/228news.tg\/#organization"},"potentialAction":[{"@type":"SearchAction","target":{"@type":"EntryPoint","urlTemplate":"https:\/\/228news.tg\/?s={search_term_string}"},"query-input":{"@type":"PropertyValueSpecification","valueRequired":true,"valueName":"search_term_string"}}],"inLanguage":"fr-FR"},{"@type":"Organization","@id":"https:\/\/228news.tg\/#organization","name":"228 News","url":"https:\/\/228news.tg\/","logo":{"@type":"ImageObject","inLanguage":"fr-FR","@id":"https:\/\/228news.tg\/#\/schema\/logo\/image\/","url":"https:\/\/228news.tg\/wp-content\/uploads\/2024\/09\/logonew.png","contentUrl":"https:\/\/228news.tg\/wp-content\/uploads\/2024\/09\/logonew.png","width":1640,"height":364,"caption":"228 News"},"image":{"@id":"https:\/\/228news.tg\/#\/schema\/logo\/image\/"}},{"@type":"Person","@id":"https:\/\/228news.tg\/#\/schema\/person\/68d5a6cc0230290e61235c8379523f52","name":"Bienvenu SAVI","image":{"@type":"ImageObject","inLanguage":"fr-FR","@id":"https:\/\/228news.tg\/#\/schema\/person\/image\/","url":"https:\/\/secure.gravatar.com\/avatar\/9db91895c559e510509c33a3e9683998458e9b828fac36d5d1aa23f0f2fd369b?s=96&d=mm&r=g","contentUrl":"https:\/\/secure.gravatar.com\/avatar\/9db91895c559e510509c33a3e9683998458e9b828fac36d5d1aa23f0f2fd369b?s=96&d=mm&r=g","caption":"Bienvenu SAVI"},"url":"https:\/\/228news.tg\/index.php\/author\/bienvenu\/"}]}},"jetpack_featured_media_url":"","_links":{"self":[{"href":"https:\/\/228news.tg\/index.php\/wp-json\/wp\/v2\/posts\/14547","targetHints":{"allow":["GET"]}}],"collection":[{"href":"https:\/\/228news.tg\/index.php\/wp-json\/wp\/v2\/posts"}],"about":[{"href":"https:\/\/228news.tg\/index.php\/wp-json\/wp\/v2\/types\/post"}],"author":[{"embeddable":true,"href":"https:\/\/228news.tg\/index.php\/wp-json\/wp\/v2\/users\/2"}],"replies":[{"embeddable":true,"href":"https:\/\/228news.tg\/index.php\/wp-json\/wp\/v2\/comments?post=14547"}],"version-history":[{"count":0,"href":"https:\/\/228news.tg\/index.php\/wp-json\/wp\/v2\/posts\/14547\/revisions"}],"wp:featuredmedia":[{"embeddable":true,"href":"https:\/\/228news.tg\/index.php\/wp-json\/wp\/v2\/posts\/3224"}],"wp:attachment":[{"href":"https:\/\/228news.tg\/index.php\/wp-json\/wp\/v2\/media?parent=14547"}],"wp:term":[{"taxonomy":"category","embeddable":true,"href":"https:\/\/228news.tg\/index.php\/wp-json\/wp\/v2\/categories?post=14547"},{"taxonomy":"post_tag","embeddable":true,"href":"https:\/\/228news.tg\/index.php\/wp-json\/wp\/v2\/tags?post=14547"}],"curies":[{"name":"wp","href":"https:\/\/api.w.org\/{rel}","templated":true}]}}