{"id":14540,"date":"2018-08-12T22:48:40","date_gmt":"2018-08-12T22:48:40","guid":{"rendered":"http:\/\/localhost\/site\/228news\/?p=3165"},"modified":"2018-08-12T22:48:40","modified_gmt":"2018-08-12T22:48:40","slug":"chu-so-un-sit-in-des-agents-durant-toute-la-semaine-a-compter-de-ce-lundi-2","status":"publish","type":"post","link":"https:\/\/228news.tg\/index.php\/2018\/08\/12\/chu-so-un-sit-in-des-agents-durant-toute-la-semaine-a-compter-de-ce-lundi-2\/","title":{"rendered":"CHU-SO: Un sit-in des agents durant toute la semaine \u00e0 compter de ce lundi"},"content":{"rendered":"<p>\u0398228news (Lom\u00e9, le 12 ao\u00fbt 2018)-\u00a0Les agents de sant\u00e9 du bureau local du Syndicat National des Praticiens Hospitaliers du Togo (SYNPHOT) \u00e9taient en sit-in le vendredi 10 ao\u00fbt dernier devant la Direction g\u00e9n\u00e9rale du CHU-SO pour r\u00e9clamer les trois (3) mois de salaires comme primes de garde impay\u00e9s, le payement d\u2019arri\u00e9r\u00e9s d\u2019avancement depuis 2012 et la suppression des pr\u00e9comptes en cours.<\/p>\n<p>\u00c0 d\u00e9faut d&rsquo;obtenir satisfaction, ils observeront un sit-in durant toute la semaine \u00e0 compter de ce lundi 13 ao\u00fbt 2018.<\/p>\n<p>Ces agents de sant\u00e9 r\u00e9clament des primes de garde des trois (3) mois (avril, mai et juin), l\u2019apurement pur et simple de leurs arri\u00e9r\u00e9s d\u2019avancement depuis 2012, et la suppression des pr\u00e9comptes en cours.<\/p>\n<p>M. Ali Banna Abdou, Secr\u00e9taire G\u00e9n\u00e9ral du bureau local du SYNPHOT CHU-SO pr\u00e9sente ainsi les faits qui ont motiv\u00e9 la tenue de leur sit-in le vendredi dernier devant la Direction du CHU.<\/p>\n<p>\u00ab C\u2019est avec regret qu\u2019on s\u2019est retrouv\u00e9 dans ce mouvement de sit-in. Faut-il rappeler, on a eu \u00e0 faire des mouvements de cessation de travail, que nous assumons et c\u2019\u00e9tait pour r\u00e9clamer l\u2019\u00e9quipement de nos centres, le recrutement du personnel pour une meilleure prise en charge des patients. Nous l\u2019assumons qu\u2019il y avait eu des mouvements. Par apr\u00e8s, les discussions ont \u00e9t\u00e9 ouvertes et nous avons accept\u00e9 d\u2019aller \u00e0 ces discussions tout en ayant mettre un peu de l\u2019eau dans notre vin. A notre grande surprise, notre employeur refuse de mettre de l\u2019eau dans son vin et continue par nous faire des pr\u00e9comptes. Malgr\u00e9 qu\u2019il nous doit des arri\u00e9r\u00e9s d\u2019avancement depuis 2012 qui ne sont pas encore pay\u00e9s, actuellement 3 mois de garde sont impay\u00e9s et il se permet de nous faire des pr\u00e9comptes sur nos salaires\u00a0\u00bb, \u00e0 t&rsquo;il confi\u00e9 avant d&rsquo;ajouter que \u00ab maintenant ce que les agents veulent, c\u2019est qu\u2019il nous paye notre droit, notre d\u00fb qu\u2019ils nous doivent depuis 2012, nos arri\u00e9r\u00e9s d\u2019avancement, nos primes de garde aussi car, les agents laissent leurs familles et viennent passer des nuits pour rendre des services et \u00e7a fait d\u00e9j\u00e0 trois (3) mois de nuit non pay\u00e9s. Les camarades sont d\u00e9termin\u00e9s, ils sont pr\u00eats \u00e0 r\u00e9clamer leur droit. C\u2019est \u00e0 l\u2019autorit\u00e9 de prendre ses responsabilit\u00e9s. Comme il nous dit avoir le droit de nous pr\u00e9lever, la m\u00eame loi lui oblige \u00e0 payer les travailleurs \u00bb.<\/p>\n<p>Par ailleurs, ces agents demandent au directeur de respecter la loi qui dit qu\u2019il faut payer les fonctionnaires et les employ\u00e9s faute de quoi, ils durciront le ton en observant un sit-in durant toute une journ\u00e9e ou toute une semaine.<\/p>\n<p>Il faut rappeler que ces agents ne r\u00e9clament que le payement imm\u00e9diat des trois (3) mois de garde, l\u2019apurement pure et simple de leurs arri\u00e9r\u00e9s d\u2019avancement depuis 2012 ainsi que la suppression des pr\u00e9comptes en cours.<\/p>\n<p>Il est \u00e0 noter que cette m\u00eame histoire s\u2019est \u00e9galement pass\u00e9e au CHU-Campus o\u00f9 les agents ont menac\u00e9 d\u2019aller en gr\u00e8ve avant que le directeur n\u2019entre en discussion avec des syndicats et apr\u00e8s des r\u00e9unions sur r\u00e9unions, ils ont trouv\u00e9 des gains de cause. Aux derni\u00e8res nouvelles, leurs pr\u00e9comptes ont \u00e9t\u00e9 finalement revers\u00e9s \u00e0 ces agents du CHU-Campus \u00e0 la billetterie.<\/p>\n<p>Au-del\u00e0 de ces revendications, ils r\u00e9it\u00e8rent l\u2019\u00e9quipement des diff\u00e9rents centres de sant\u00e9 du pays pour une meilleure prise en charge des patients.<\/p>\n<p><em><strong>Raoul<\/strong><\/em><\/p>\n","protected":false},"excerpt":{"rendered":"<p>\u0398228news (Lom\u00e9, le 12 ao\u00fbt 2018)-\u00a0Les agents de sant\u00e9 du bureau local du Syndicat National des Praticiens Hospitaliers du Togo (SYNPHOT) \u00e9taient en sit-in le vendredi 10 ao\u00fbt dernier devant la Direction g\u00e9n\u00e9rale du CHU-SO pour r\u00e9clamer les trois (3) mois de salaires comme primes de garde impay\u00e9s, le payement d\u2019arri\u00e9r\u00e9s d\u2019avancement depuis 2012 et &#8230; <a title=\"CHU-SO: Un sit-in des agents durant toute la semaine \u00e0 compter de ce lundi\" class=\"read-more\" href=\"https:\/\/228news.tg\/index.php\/2018\/08\/12\/chu-so-un-sit-in-des-agents-durant-toute-la-semaine-a-compter-de-ce-lundi-2\/\" aria-label=\"En savoir plus sur CHU-SO: Un sit-in des agents durant toute la semaine \u00e0 compter de ce lundi\">Lire la suite<\/a><\/p>\n","protected":false},"author":2,"featured_media":3166,"comment_status":"open","ping_status":"open","sticky":false,"template":"","format":"chat","meta":{"footnotes":""},"categories":[35,27,25,34],"tags":[],"class_list":["post-14540","post","type-post","status-publish","format-chat","has-post-thumbnail","hentry","category-flash","category-sante","category-togo","category-une","post_format-post-format-chat"],"yoast_head":"<!-- This site is optimized with the Yoast SEO plugin v26.4 - https:\/\/yoast.com\/wordpress\/plugins\/seo\/ -->\n<title>CHU-SO: Un sit-in des agents durant toute la semaine \u00e0 compter de ce lundi - 228 News<\/title>\n<meta name=\"robots\" content=\"index, follow, max-snippet:-1, max-image-preview:large, max-video-preview:-1\" \/>\n<link rel=\"canonical\" href=\"https:\/\/228news.tg\/index.php\/2018\/08\/12\/chu-so-un-sit-in-des-agents-durant-toute-la-semaine-a-compter-de-ce-lundi-2\/\" \/>\n<meta property=\"og:locale\" content=\"fr_FR\" \/>\n<meta property=\"og:type\" content=\"article\" \/>\n<meta property=\"og:title\" content=\"CHU-SO: Un sit-in des agents durant toute la semaine \u00e0 compter de ce lundi - 228 News\" \/>\n<meta property=\"og:description\" content=\"\u0398228news (Lom\u00e9, le 12 ao\u00fbt 2018)-\u00a0Les agents de sant\u00e9 du bureau local du Syndicat National des Praticiens Hospitaliers du Togo (SYNPHOT) \u00e9taient en sit-in le vendredi 10 ao\u00fbt dernier devant la Direction g\u00e9n\u00e9rale du CHU-SO pour r\u00e9clamer les trois (3) mois de salaires comme primes de garde impay\u00e9s, le payement d\u2019arri\u00e9r\u00e9s d\u2019avancement depuis 2012 et ... Lire la suite\" \/>\n<meta property=\"og:url\" content=\"https:\/\/228news.tg\/index.php\/2018\/08\/12\/chu-so-un-sit-in-des-agents-durant-toute-la-semaine-a-compter-de-ce-lundi-2\/\" \/>\n<meta property=\"og:site_name\" content=\"228 News\" \/>\n<meta property=\"article:published_time\" content=\"2018-08-12T22:48:40+00:00\" \/>\n<meta name=\"author\" content=\"Bienvenu SAVI\" \/>\n<meta name=\"twitter:card\" content=\"summary_large_image\" \/>\n<meta name=\"twitter:label1\" content=\"\u00c9crit par\" \/>\n\t<meta name=\"twitter:data1\" content=\"Bienvenu SAVI\" \/>\n\t<meta name=\"twitter:label2\" content=\"Dur\u00e9e de lecture estim\u00e9e\" \/>\n\t<meta name=\"twitter:data2\" content=\"3 minutes\" \/>\n<script type=\"application\/ld+json\" class=\"yoast-schema-graph\">{\"@context\":\"https:\/\/schema.org\",\"@graph\":[{\"@type\":\"Article\",\"@id\":\"https:\/\/228news.tg\/index.php\/2018\/08\/12\/chu-so-un-sit-in-des-agents-durant-toute-la-semaine-a-compter-de-ce-lundi-2\/#article\",\"isPartOf\":{\"@id\":\"https:\/\/228news.tg\/index.php\/2018\/08\/12\/chu-so-un-sit-in-des-agents-durant-toute-la-semaine-a-compter-de-ce-lundi-2\/\"},\"author\":{\"name\":\"Bienvenu SAVI\",\"@id\":\"https:\/\/228news.tg\/#\/schema\/person\/68d5a6cc0230290e61235c8379523f52\"},\"headline\":\"CHU-SO: Un sit-in des agents durant toute la semaine \u00e0 compter de ce lundi\",\"datePublished\":\"2018-08-12T22:48:40+00:00\",\"mainEntityOfPage\":{\"@id\":\"https:\/\/228news.tg\/index.php\/2018\/08\/12\/chu-so-un-sit-in-des-agents-durant-toute-la-semaine-a-compter-de-ce-lundi-2\/\"},\"wordCount\":617,\"commentCount\":0,\"publisher\":{\"@id\":\"https:\/\/228news.tg\/#organization\"},\"image\":{\"@id\":\"https:\/\/228news.tg\/index.php\/2018\/08\/12\/chu-so-un-sit-in-des-agents-durant-toute-la-semaine-a-compter-de-ce-lundi-2\/#primaryimage\"},\"thumbnailUrl\":\"https:\/\/228news.tg\/wp-content\/uploads\/2024\/09\/IMG-20200802-WA0046.jpg\",\"articleSection\":[\"Flash\",\"Sant\u00e9\",\"TOGO\",\"Une\"],\"inLanguage\":\"fr-FR\",\"potentialAction\":[{\"@type\":\"CommentAction\",\"name\":\"Comment\",\"target\":[\"https:\/\/228news.tg\/index.php\/2018\/08\/12\/chu-so-un-sit-in-des-agents-durant-toute-la-semaine-a-compter-de-ce-lundi-2\/#respond\"]}]},{\"@type\":\"WebPage\",\"@id\":\"https:\/\/228news.tg\/index.php\/2018\/08\/12\/chu-so-un-sit-in-des-agents-durant-toute-la-semaine-a-compter-de-ce-lundi-2\/\",\"url\":\"https:\/\/228news.tg\/index.php\/2018\/08\/12\/chu-so-un-sit-in-des-agents-durant-toute-la-semaine-a-compter-de-ce-lundi-2\/\",\"name\":\"CHU-SO: Un sit-in des agents durant toute la semaine \u00e0 compter de ce lundi - 228 News\",\"isPartOf\":{\"@id\":\"https:\/\/228news.tg\/#website\"},\"primaryImageOfPage\":{\"@id\":\"https:\/\/228news.tg\/index.php\/2018\/08\/12\/chu-so-un-sit-in-des-agents-durant-toute-la-semaine-a-compter-de-ce-lundi-2\/#primaryimage\"},\"image\":{\"@id\":\"https:\/\/228news.tg\/index.php\/2018\/08\/12\/chu-so-un-sit-in-des-agents-durant-toute-la-semaine-a-compter-de-ce-lundi-2\/#primaryimage\"},\"thumbnailUrl\":\"https:\/\/228news.tg\/wp-content\/uploads\/2024\/09\/IMG-20200802-WA0046.jpg\",\"datePublished\":\"2018-08-12T22:48:40+00:00\",\"breadcrumb\":{\"@id\":\"https:\/\/228news.tg\/index.php\/2018\/08\/12\/chu-so-un-sit-in-des-agents-durant-toute-la-semaine-a-compter-de-ce-lundi-2\/#breadcrumb\"},\"inLanguage\":\"fr-FR\",\"potentialAction\":[{\"@type\":\"ReadAction\",\"target\":[\"https:\/\/228news.tg\/index.php\/2018\/08\/12\/chu-so-un-sit-in-des-agents-durant-toute-la-semaine-a-compter-de-ce-lundi-2\/\"]}]},{\"@type\":\"ImageObject\",\"inLanguage\":\"fr-FR\",\"@id\":\"https:\/\/228news.tg\/index.php\/2018\/08\/12\/chu-so-un-sit-in-des-agents-durant-toute-la-semaine-a-compter-de-ce-lundi-2\/#primaryimage\",\"url\":\"https:\/\/228news.tg\/wp-content\/uploads\/2024\/09\/IMG-20200802-WA0046.jpg\",\"contentUrl\":\"https:\/\/228news.tg\/wp-content\/uploads\/2024\/09\/IMG-20200802-WA0046.jpg\",\"width\":530,\"height\":370},{\"@type\":\"BreadcrumbList\",\"@id\":\"https:\/\/228news.tg\/index.php\/2018\/08\/12\/chu-so-un-sit-in-des-agents-durant-toute-la-semaine-a-compter-de-ce-lundi-2\/#breadcrumb\",\"itemListElement\":[{\"@type\":\"ListItem\",\"position\":1,\"name\":\"Home\",\"item\":\"https:\/\/228news.tg\/\"},{\"@type\":\"ListItem\",\"position\":2,\"name\":\"CHU-SO: Un sit-in des agents durant toute la semaine \u00e0 compter de ce lundi\"}]},{\"@type\":\"WebSite\",\"@id\":\"https:\/\/228news.tg\/#website\",\"url\":\"https:\/\/228news.tg\/\",\"name\":\"228 News\",\"description\":\"Soci\u00e9t\u00e9 de m\u00e9dias et d\u2019actualit\u00e9s\",\"publisher\":{\"@id\":\"https:\/\/228news.tg\/#organization\"},\"potentialAction\":[{\"@type\":\"SearchAction\",\"target\":{\"@type\":\"EntryPoint\",\"urlTemplate\":\"https:\/\/228news.tg\/?s={search_term_string}\"},\"query-input\":{\"@type\":\"PropertyValueSpecification\",\"valueRequired\":true,\"valueName\":\"search_term_string\"}}],\"inLanguage\":\"fr-FR\"},{\"@type\":\"Organization\",\"@id\":\"https:\/\/228news.tg\/#organization\",\"name\":\"228 News\",\"url\":\"https:\/\/228news.tg\/\",\"logo\":{\"@type\":\"ImageObject\",\"inLanguage\":\"fr-FR\",\"@id\":\"https:\/\/228news.tg\/#\/schema\/logo\/image\/\",\"url\":\"https:\/\/228news.tg\/wp-content\/uploads\/2024\/09\/logonew.png\",\"contentUrl\":\"https:\/\/228news.tg\/wp-content\/uploads\/2024\/09\/logonew.png\",\"width\":1640,\"height\":364,\"caption\":\"228 News\"},\"image\":{\"@id\":\"https:\/\/228news.tg\/#\/schema\/logo\/image\/\"}},{\"@type\":\"Person\",\"@id\":\"https:\/\/228news.tg\/#\/schema\/person\/68d5a6cc0230290e61235c8379523f52\",\"name\":\"Bienvenu SAVI\",\"image\":{\"@type\":\"ImageObject\",\"inLanguage\":\"fr-FR\",\"@id\":\"https:\/\/228news.tg\/#\/schema\/person\/image\/\",\"url\":\"https:\/\/secure.gravatar.com\/avatar\/9db91895c559e510509c33a3e9683998458e9b828fac36d5d1aa23f0f2fd369b?s=96&d=mm&r=g\",\"contentUrl\":\"https:\/\/secure.gravatar.com\/avatar\/9db91895c559e510509c33a3e9683998458e9b828fac36d5d1aa23f0f2fd369b?s=96&d=mm&r=g\",\"caption\":\"Bienvenu SAVI\"},\"url\":\"https:\/\/228news.tg\/index.php\/author\/bienvenu\/\"}]}<\/script>\n<!-- \/ Yoast SEO plugin. -->","yoast_head_json":{"title":"CHU-SO: Un sit-in des agents durant toute la semaine \u00e0 compter de ce lundi - 228 News","robots":{"index":"index","follow":"follow","max-snippet":"max-snippet:-1","max-image-preview":"max-image-preview:large","max-video-preview":"max-video-preview:-1"},"canonical":"https:\/\/228news.tg\/index.php\/2018\/08\/12\/chu-so-un-sit-in-des-agents-durant-toute-la-semaine-a-compter-de-ce-lundi-2\/","og_locale":"fr_FR","og_type":"article","og_title":"CHU-SO: Un sit-in des agents durant toute la semaine \u00e0 compter de ce lundi - 228 News","og_description":"\u0398228news (Lom\u00e9, le 12 ao\u00fbt 2018)-\u00a0Les agents de sant\u00e9 du bureau local du Syndicat National des Praticiens Hospitaliers du Togo (SYNPHOT) \u00e9taient en sit-in le vendredi 10 ao\u00fbt dernier devant la Direction g\u00e9n\u00e9rale du CHU-SO pour r\u00e9clamer les trois (3) mois de salaires comme primes de garde impay\u00e9s, le payement d\u2019arri\u00e9r\u00e9s d\u2019avancement depuis 2012 et ... Lire la suite","og_url":"https:\/\/228news.tg\/index.php\/2018\/08\/12\/chu-so-un-sit-in-des-agents-durant-toute-la-semaine-a-compter-de-ce-lundi-2\/","og_site_name":"228 News","article_published_time":"2018-08-12T22:48:40+00:00","author":"Bienvenu SAVI","twitter_card":"summary_large_image","twitter_misc":{"\u00c9crit par":"Bienvenu SAVI","Dur\u00e9e de lecture estim\u00e9e":"3 minutes"},"schema":{"@context":"https:\/\/schema.org","@graph":[{"@type":"Article","@id":"https:\/\/228news.tg\/index.php\/2018\/08\/12\/chu-so-un-sit-in-des-agents-durant-toute-la-semaine-a-compter-de-ce-lundi-2\/#article","isPartOf":{"@id":"https:\/\/228news.tg\/index.php\/2018\/08\/12\/chu-so-un-sit-in-des-agents-durant-toute-la-semaine-a-compter-de-ce-lundi-2\/"},"author":{"name":"Bienvenu SAVI","@id":"https:\/\/228news.tg\/#\/schema\/person\/68d5a6cc0230290e61235c8379523f52"},"headline":"CHU-SO: Un sit-in des agents durant toute la semaine \u00e0 compter de ce lundi","datePublished":"2018-08-12T22:48:40+00:00","mainEntityOfPage":{"@id":"https:\/\/228news.tg\/index.php\/2018\/08\/12\/chu-so-un-sit-in-des-agents-durant-toute-la-semaine-a-compter-de-ce-lundi-2\/"},"wordCount":617,"commentCount":0,"publisher":{"@id":"https:\/\/228news.tg\/#organization"},"image":{"@id":"https:\/\/228news.tg\/index.php\/2018\/08\/12\/chu-so-un-sit-in-des-agents-durant-toute-la-semaine-a-compter-de-ce-lundi-2\/#primaryimage"},"thumbnailUrl":"https:\/\/228news.tg\/wp-content\/uploads\/2024\/09\/IMG-20200802-WA0046.jpg","articleSection":["Flash","Sant\u00e9","TOGO","Une"],"inLanguage":"fr-FR","potentialAction":[{"@type":"CommentAction","name":"Comment","target":["https:\/\/228news.tg\/index.php\/2018\/08\/12\/chu-so-un-sit-in-des-agents-durant-toute-la-semaine-a-compter-de-ce-lundi-2\/#respond"]}]},{"@type":"WebPage","@id":"https:\/\/228news.tg\/index.php\/2018\/08\/12\/chu-so-un-sit-in-des-agents-durant-toute-la-semaine-a-compter-de-ce-lundi-2\/","url":"https:\/\/228news.tg\/index.php\/2018\/08\/12\/chu-so-un-sit-in-des-agents-durant-toute-la-semaine-a-compter-de-ce-lundi-2\/","name":"CHU-SO: Un sit-in des agents durant toute la semaine \u00e0 compter de ce lundi - 228 News","isPartOf":{"@id":"https:\/\/228news.tg\/#website"},"primaryImageOfPage":{"@id":"https:\/\/228news.tg\/index.php\/2018\/08\/12\/chu-so-un-sit-in-des-agents-durant-toute-la-semaine-a-compter-de-ce-lundi-2\/#primaryimage"},"image":{"@id":"https:\/\/228news.tg\/index.php\/2018\/08\/12\/chu-so-un-sit-in-des-agents-durant-toute-la-semaine-a-compter-de-ce-lundi-2\/#primaryimage"},"thumbnailUrl":"https:\/\/228news.tg\/wp-content\/uploads\/2024\/09\/IMG-20200802-WA0046.jpg","datePublished":"2018-08-12T22:48:40+00:00","breadcrumb":{"@id":"https:\/\/228news.tg\/index.php\/2018\/08\/12\/chu-so-un-sit-in-des-agents-durant-toute-la-semaine-a-compter-de-ce-lundi-2\/#breadcrumb"},"inLanguage":"fr-FR","potentialAction":[{"@type":"ReadAction","target":["https:\/\/228news.tg\/index.php\/2018\/08\/12\/chu-so-un-sit-in-des-agents-durant-toute-la-semaine-a-compter-de-ce-lundi-2\/"]}]},{"@type":"ImageObject","inLanguage":"fr-FR","@id":"https:\/\/228news.tg\/index.php\/2018\/08\/12\/chu-so-un-sit-in-des-agents-durant-toute-la-semaine-a-compter-de-ce-lundi-2\/#primaryimage","url":"https:\/\/228news.tg\/wp-content\/uploads\/2024\/09\/IMG-20200802-WA0046.jpg","contentUrl":"https:\/\/228news.tg\/wp-content\/uploads\/2024\/09\/IMG-20200802-WA0046.jpg","width":530,"height":370},{"@type":"BreadcrumbList","@id":"https:\/\/228news.tg\/index.php\/2018\/08\/12\/chu-so-un-sit-in-des-agents-durant-toute-la-semaine-a-compter-de-ce-lundi-2\/#breadcrumb","itemListElement":[{"@type":"ListItem","position":1,"name":"Home","item":"https:\/\/228news.tg\/"},{"@type":"ListItem","position":2,"name":"CHU-SO: Un sit-in des agents durant toute la semaine \u00e0 compter de ce lundi"}]},{"@type":"WebSite","@id":"https:\/\/228news.tg\/#website","url":"https:\/\/228news.tg\/","name":"228 News","description":"Soci\u00e9t\u00e9 de m\u00e9dias et d\u2019actualit\u00e9s","publisher":{"@id":"https:\/\/228news.tg\/#organization"},"potentialAction":[{"@type":"SearchAction","target":{"@type":"EntryPoint","urlTemplate":"https:\/\/228news.tg\/?s={search_term_string}"},"query-input":{"@type":"PropertyValueSpecification","valueRequired":true,"valueName":"search_term_string"}}],"inLanguage":"fr-FR"},{"@type":"Organization","@id":"https:\/\/228news.tg\/#organization","name":"228 News","url":"https:\/\/228news.tg\/","logo":{"@type":"ImageObject","inLanguage":"fr-FR","@id":"https:\/\/228news.tg\/#\/schema\/logo\/image\/","url":"https:\/\/228news.tg\/wp-content\/uploads\/2024\/09\/logonew.png","contentUrl":"https:\/\/228news.tg\/wp-content\/uploads\/2024\/09\/logonew.png","width":1640,"height":364,"caption":"228 News"},"image":{"@id":"https:\/\/228news.tg\/#\/schema\/logo\/image\/"}},{"@type":"Person","@id":"https:\/\/228news.tg\/#\/schema\/person\/68d5a6cc0230290e61235c8379523f52","name":"Bienvenu SAVI","image":{"@type":"ImageObject","inLanguage":"fr-FR","@id":"https:\/\/228news.tg\/#\/schema\/person\/image\/","url":"https:\/\/secure.gravatar.com\/avatar\/9db91895c559e510509c33a3e9683998458e9b828fac36d5d1aa23f0f2fd369b?s=96&d=mm&r=g","contentUrl":"https:\/\/secure.gravatar.com\/avatar\/9db91895c559e510509c33a3e9683998458e9b828fac36d5d1aa23f0f2fd369b?s=96&d=mm&r=g","caption":"Bienvenu SAVI"},"url":"https:\/\/228news.tg\/index.php\/author\/bienvenu\/"}]}},"jetpack_featured_media_url":"https:\/\/228news.tg\/wp-content\/uploads\/2024\/09\/IMG-20200802-WA0046.jpg","_links":{"self":[{"href":"https:\/\/228news.tg\/index.php\/wp-json\/wp\/v2\/posts\/14540","targetHints":{"allow":["GET"]}}],"collection":[{"href":"https:\/\/228news.tg\/index.php\/wp-json\/wp\/v2\/posts"}],"about":[{"href":"https:\/\/228news.tg\/index.php\/wp-json\/wp\/v2\/types\/post"}],"author":[{"embeddable":true,"href":"https:\/\/228news.tg\/index.php\/wp-json\/wp\/v2\/users\/2"}],"replies":[{"embeddable":true,"href":"https:\/\/228news.tg\/index.php\/wp-json\/wp\/v2\/comments?post=14540"}],"version-history":[{"count":0,"href":"https:\/\/228news.tg\/index.php\/wp-json\/wp\/v2\/posts\/14540\/revisions"}],"wp:featuredmedia":[{"embeddable":true,"href":"https:\/\/228news.tg\/index.php\/wp-json\/wp\/v2\/media\/3166"}],"wp:attachment":[{"href":"https:\/\/228news.tg\/index.php\/wp-json\/wp\/v2\/media?parent=14540"}],"wp:term":[{"taxonomy":"category","embeddable":true,"href":"https:\/\/228news.tg\/index.php\/wp-json\/wp\/v2\/categories?post=14540"},{"taxonomy":"post_tag","embeddable":true,"href":"https:\/\/228news.tg\/index.php\/wp-json\/wp\/v2\/tags?post=14540"}],"curies":[{"name":"wp","href":"https:\/\/api.w.org\/{rel}","templated":true}]}}