{"id":14537,"date":"2018-08-11T15:40:52","date_gmt":"2018-08-11T15:40:52","guid":{"rendered":"http:\/\/localhost\/site\/228news\/?p=3151"},"modified":"2018-08-11T15:40:52","modified_gmt":"2018-08-11T15:40:52","slug":"la-chambre-du-commerce-et-de-lindustrie-du-togo-communique-2","status":"publish","type":"post","link":"https:\/\/228news.tg\/index.php\/2018\/08\/11\/la-chambre-du-commerce-et-de-lindustrie-du-togo-communique-2\/","title":{"rendered":"La Chambre du Commerce et de l&rsquo;Industrie du Togo communique"},"content":{"rendered":"<p>\u0398228news (Lom\u00e9, le 11 ao\u00fbt 2018)- La Chambre de Commerce et d\u2019Industrie du Togo toujours dans le souci de d\u00e9concentrer l\u2019activit\u00e9 \u00e9conomique et commerciale et de favoriser la promotion des entreprises des zones p\u00e9ri-urbaines, organise la 1\u00e8re\u00a0\u00e9dition de la Quinzaine Commerciale des Vacances du 5 au 20 septembre 2018 sur la place du monument de Baguida.<\/p>\n<div>Elle invite les op\u00e9rateurs \u00e9conomiques des environs \u00e0 prendre massivement part \u00e0 cette manifestation commerciale afin de faire la promotion de leurs produits et services, tout ceci dans l\u2019ambiance des vacances et de l\u2019annonce de la rentr\u00e9e scolaire.<\/div>\n<div>Les inscriptions ont commenc\u00e9 se poursuivent \u00e0 la Chambre de Commerce et d\u2019Industrie du Togo.<\/div>\n<div>Pour tout renseignement contactez le 22 23 29 00 postes 169.<\/div>\n<div>La CCIT, au service des Entreprises et du D\u00e9veloppement !<\/div>\n<div><\/div>\n<div><strong><em>La Redaction<\/em><\/strong><\/div>\n","protected":false},"excerpt":{"rendered":"<p>\u0398228news (Lom\u00e9, le 11 ao\u00fbt 2018)- La Chambre de Commerce et d\u2019Industrie du Togo toujours dans le souci de d\u00e9concentrer l\u2019activit\u00e9 \u00e9conomique et commerciale et de favoriser la promotion des entreprises des zones p\u00e9ri-urbaines, organise la 1\u00e8re\u00a0\u00e9dition de la Quinzaine Commerciale des Vacances du 5 au 20 septembre 2018 sur la place du monument de &#8230; <a title=\"La Chambre du Commerce et de l&rsquo;Industrie du Togo communique\" class=\"read-more\" href=\"https:\/\/228news.tg\/index.php\/2018\/08\/11\/la-chambre-du-commerce-et-de-lindustrie-du-togo-communique-2\/\" aria-label=\"En savoir plus sur La Chambre du Commerce et de l&rsquo;Industrie du Togo communique\">Lire la suite<\/a><\/p>\n","protected":false},"author":2,"featured_media":2666,"comment_status":"open","ping_status":"open","sticky":false,"template":"","format":"chat","meta":{"footnotes":""},"categories":[30,35,25,34],"tags":[],"class_list":["post-14537","post","type-post","status-publish","format-chat","has-post-thumbnail","hentry","category-economie","category-flash","category-togo","category-une","post_format-post-format-chat"],"yoast_head":"<!-- This site is optimized with the Yoast SEO plugin v26.4 - https:\/\/yoast.com\/wordpress\/plugins\/seo\/ -->\n<title>La Chambre du Commerce et de l&#039;Industrie du Togo communique - 228 News<\/title>\n<meta name=\"robots\" content=\"index, follow, max-snippet:-1, max-image-preview:large, max-video-preview:-1\" \/>\n<link rel=\"canonical\" href=\"https:\/\/228news.tg\/index.php\/2018\/08\/11\/la-chambre-du-commerce-et-de-lindustrie-du-togo-communique-2\/\" \/>\n<meta property=\"og:locale\" content=\"fr_FR\" \/>\n<meta property=\"og:type\" content=\"article\" \/>\n<meta property=\"og:title\" content=\"La Chambre du Commerce et de l&#039;Industrie du Togo communique - 228 News\" \/>\n<meta property=\"og:description\" content=\"\u0398228news (Lom\u00e9, le 11 ao\u00fbt 2018)- La Chambre de Commerce et d\u2019Industrie du Togo toujours dans le souci de d\u00e9concentrer l\u2019activit\u00e9 \u00e9conomique et commerciale et de favoriser la promotion des entreprises des zones p\u00e9ri-urbaines, organise la 1\u00e8re\u00a0\u00e9dition de la Quinzaine Commerciale des Vacances du 5 au 20 septembre 2018 sur la place du monument de ... Lire la suite\" \/>\n<meta property=\"og:url\" content=\"https:\/\/228news.tg\/index.php\/2018\/08\/11\/la-chambre-du-commerce-et-de-lindustrie-du-togo-communique-2\/\" \/>\n<meta property=\"og:site_name\" content=\"228 News\" \/>\n<meta property=\"article:published_time\" content=\"2018-08-11T15:40:52+00:00\" \/>\n<meta name=\"author\" content=\"Bienvenu SAVI\" \/>\n<meta name=\"twitter:card\" content=\"summary_large_image\" \/>\n<meta name=\"twitter:label1\" content=\"\u00c9crit par\" \/>\n\t<meta name=\"twitter:data1\" content=\"Bienvenu SAVI\" \/>\n\t<meta name=\"twitter:label2\" content=\"Dur\u00e9e de lecture estim\u00e9e\" \/>\n\t<meta name=\"twitter:data2\" content=\"1 minute\" \/>\n<script type=\"application\/ld+json\" class=\"yoast-schema-graph\">{\"@context\":\"https:\/\/schema.org\",\"@graph\":[{\"@type\":\"Article\",\"@id\":\"https:\/\/228news.tg\/index.php\/2018\/08\/11\/la-chambre-du-commerce-et-de-lindustrie-du-togo-communique-2\/#article\",\"isPartOf\":{\"@id\":\"https:\/\/228news.tg\/index.php\/2018\/08\/11\/la-chambre-du-commerce-et-de-lindustrie-du-togo-communique-2\/\"},\"author\":{\"name\":\"Bienvenu SAVI\",\"@id\":\"https:\/\/228news.tg\/#\/schema\/person\/68d5a6cc0230290e61235c8379523f52\"},\"headline\":\"La Chambre du Commerce et de l&rsquo;Industrie du Togo communique\",\"datePublished\":\"2018-08-11T15:40:52+00:00\",\"mainEntityOfPage\":{\"@id\":\"https:\/\/228news.tg\/index.php\/2018\/08\/11\/la-chambre-du-commerce-et-de-lindustrie-du-togo-communique-2\/\"},\"wordCount\":142,\"commentCount\":0,\"publisher\":{\"@id\":\"https:\/\/228news.tg\/#organization\"},\"image\":{\"@id\":\"https:\/\/228news.tg\/index.php\/2018\/08\/11\/la-chambre-du-commerce-et-de-lindustrie-du-togo-communique-2\/#primaryimage\"},\"thumbnailUrl\":\"https:\/\/228news.tg\/wp-content\/uploads\/2024\/09\/agbeyom.jpg\",\"articleSection\":[\"ECONOMIE\",\"Flash\",\"TOGO\",\"Une\"],\"inLanguage\":\"fr-FR\",\"potentialAction\":[{\"@type\":\"CommentAction\",\"name\":\"Comment\",\"target\":[\"https:\/\/228news.tg\/index.php\/2018\/08\/11\/la-chambre-du-commerce-et-de-lindustrie-du-togo-communique-2\/#respond\"]}]},{\"@type\":\"WebPage\",\"@id\":\"https:\/\/228news.tg\/index.php\/2018\/08\/11\/la-chambre-du-commerce-et-de-lindustrie-du-togo-communique-2\/\",\"url\":\"https:\/\/228news.tg\/index.php\/2018\/08\/11\/la-chambre-du-commerce-et-de-lindustrie-du-togo-communique-2\/\",\"name\":\"La Chambre du Commerce et de l'Industrie du Togo communique - 228 News\",\"isPartOf\":{\"@id\":\"https:\/\/228news.tg\/#website\"},\"primaryImageOfPage\":{\"@id\":\"https:\/\/228news.tg\/index.php\/2018\/08\/11\/la-chambre-du-commerce-et-de-lindustrie-du-togo-communique-2\/#primaryimage\"},\"image\":{\"@id\":\"https:\/\/228news.tg\/index.php\/2018\/08\/11\/la-chambre-du-commerce-et-de-lindustrie-du-togo-communique-2\/#primaryimage\"},\"thumbnailUrl\":\"https:\/\/228news.tg\/wp-content\/uploads\/2024\/09\/agbeyom.jpg\",\"datePublished\":\"2018-08-11T15:40:52+00:00\",\"breadcrumb\":{\"@id\":\"https:\/\/228news.tg\/index.php\/2018\/08\/11\/la-chambre-du-commerce-et-de-lindustrie-du-togo-communique-2\/#breadcrumb\"},\"inLanguage\":\"fr-FR\",\"potentialAction\":[{\"@type\":\"ReadAction\",\"target\":[\"https:\/\/228news.tg\/index.php\/2018\/08\/11\/la-chambre-du-commerce-et-de-lindustrie-du-togo-communique-2\/\"]}]},{\"@type\":\"ImageObject\",\"inLanguage\":\"fr-FR\",\"@id\":\"https:\/\/228news.tg\/index.php\/2018\/08\/11\/la-chambre-du-commerce-et-de-lindustrie-du-togo-communique-2\/#primaryimage\",\"url\":\"https:\/\/228news.tg\/wp-content\/uploads\/2024\/09\/agbeyom.jpg\",\"contentUrl\":\"https:\/\/228news.tg\/wp-content\/uploads\/2024\/09\/agbeyom.jpg\",\"width\":241,\"height\":209},{\"@type\":\"BreadcrumbList\",\"@id\":\"https:\/\/228news.tg\/index.php\/2018\/08\/11\/la-chambre-du-commerce-et-de-lindustrie-du-togo-communique-2\/#breadcrumb\",\"itemListElement\":[{\"@type\":\"ListItem\",\"position\":1,\"name\":\"Home\",\"item\":\"https:\/\/228news.tg\/\"},{\"@type\":\"ListItem\",\"position\":2,\"name\":\"La Chambre du Commerce et de l&rsquo;Industrie du Togo communique\"}]},{\"@type\":\"WebSite\",\"@id\":\"https:\/\/228news.tg\/#website\",\"url\":\"https:\/\/228news.tg\/\",\"name\":\"228 News\",\"description\":\"Soci\u00e9t\u00e9 de m\u00e9dias et d\u2019actualit\u00e9s\",\"publisher\":{\"@id\":\"https:\/\/228news.tg\/#organization\"},\"potentialAction\":[{\"@type\":\"SearchAction\",\"target\":{\"@type\":\"EntryPoint\",\"urlTemplate\":\"https:\/\/228news.tg\/?s={search_term_string}\"},\"query-input\":{\"@type\":\"PropertyValueSpecification\",\"valueRequired\":true,\"valueName\":\"search_term_string\"}}],\"inLanguage\":\"fr-FR\"},{\"@type\":\"Organization\",\"@id\":\"https:\/\/228news.tg\/#organization\",\"name\":\"228 News\",\"url\":\"https:\/\/228news.tg\/\",\"logo\":{\"@type\":\"ImageObject\",\"inLanguage\":\"fr-FR\",\"@id\":\"https:\/\/228news.tg\/#\/schema\/logo\/image\/\",\"url\":\"https:\/\/228news.tg\/wp-content\/uploads\/2024\/09\/logonew.png\",\"contentUrl\":\"https:\/\/228news.tg\/wp-content\/uploads\/2024\/09\/logonew.png\",\"width\":1640,\"height\":364,\"caption\":\"228 News\"},\"image\":{\"@id\":\"https:\/\/228news.tg\/#\/schema\/logo\/image\/\"}},{\"@type\":\"Person\",\"@id\":\"https:\/\/228news.tg\/#\/schema\/person\/68d5a6cc0230290e61235c8379523f52\",\"name\":\"Bienvenu SAVI\",\"image\":{\"@type\":\"ImageObject\",\"inLanguage\":\"fr-FR\",\"@id\":\"https:\/\/228news.tg\/#\/schema\/person\/image\/\",\"url\":\"https:\/\/secure.gravatar.com\/avatar\/9db91895c559e510509c33a3e9683998458e9b828fac36d5d1aa23f0f2fd369b?s=96&d=mm&r=g\",\"contentUrl\":\"https:\/\/secure.gravatar.com\/avatar\/9db91895c559e510509c33a3e9683998458e9b828fac36d5d1aa23f0f2fd369b?s=96&d=mm&r=g\",\"caption\":\"Bienvenu SAVI\"},\"url\":\"https:\/\/228news.tg\/index.php\/author\/bienvenu\/\"}]}<\/script>\n<!-- \/ Yoast SEO plugin. -->","yoast_head_json":{"title":"La Chambre du Commerce et de l'Industrie du Togo communique - 228 News","robots":{"index":"index","follow":"follow","max-snippet":"max-snippet:-1","max-image-preview":"max-image-preview:large","max-video-preview":"max-video-preview:-1"},"canonical":"https:\/\/228news.tg\/index.php\/2018\/08\/11\/la-chambre-du-commerce-et-de-lindustrie-du-togo-communique-2\/","og_locale":"fr_FR","og_type":"article","og_title":"La Chambre du Commerce et de l'Industrie du Togo communique - 228 News","og_description":"\u0398228news (Lom\u00e9, le 11 ao\u00fbt 2018)- La Chambre de Commerce et d\u2019Industrie du Togo toujours dans le souci de d\u00e9concentrer l\u2019activit\u00e9 \u00e9conomique et commerciale et de favoriser la promotion des entreprises des zones p\u00e9ri-urbaines, organise la 1\u00e8re\u00a0\u00e9dition de la Quinzaine Commerciale des Vacances du 5 au 20 septembre 2018 sur la place du monument de ... Lire la suite","og_url":"https:\/\/228news.tg\/index.php\/2018\/08\/11\/la-chambre-du-commerce-et-de-lindustrie-du-togo-communique-2\/","og_site_name":"228 News","article_published_time":"2018-08-11T15:40:52+00:00","author":"Bienvenu SAVI","twitter_card":"summary_large_image","twitter_misc":{"\u00c9crit par":"Bienvenu SAVI","Dur\u00e9e de lecture estim\u00e9e":"1 minute"},"schema":{"@context":"https:\/\/schema.org","@graph":[{"@type":"Article","@id":"https:\/\/228news.tg\/index.php\/2018\/08\/11\/la-chambre-du-commerce-et-de-lindustrie-du-togo-communique-2\/#article","isPartOf":{"@id":"https:\/\/228news.tg\/index.php\/2018\/08\/11\/la-chambre-du-commerce-et-de-lindustrie-du-togo-communique-2\/"},"author":{"name":"Bienvenu SAVI","@id":"https:\/\/228news.tg\/#\/schema\/person\/68d5a6cc0230290e61235c8379523f52"},"headline":"La Chambre du Commerce et de l&rsquo;Industrie du Togo communique","datePublished":"2018-08-11T15:40:52+00:00","mainEntityOfPage":{"@id":"https:\/\/228news.tg\/index.php\/2018\/08\/11\/la-chambre-du-commerce-et-de-lindustrie-du-togo-communique-2\/"},"wordCount":142,"commentCount":0,"publisher":{"@id":"https:\/\/228news.tg\/#organization"},"image":{"@id":"https:\/\/228news.tg\/index.php\/2018\/08\/11\/la-chambre-du-commerce-et-de-lindustrie-du-togo-communique-2\/#primaryimage"},"thumbnailUrl":"https:\/\/228news.tg\/wp-content\/uploads\/2024\/09\/agbeyom.jpg","articleSection":["ECONOMIE","Flash","TOGO","Une"],"inLanguage":"fr-FR","potentialAction":[{"@type":"CommentAction","name":"Comment","target":["https:\/\/228news.tg\/index.php\/2018\/08\/11\/la-chambre-du-commerce-et-de-lindustrie-du-togo-communique-2\/#respond"]}]},{"@type":"WebPage","@id":"https:\/\/228news.tg\/index.php\/2018\/08\/11\/la-chambre-du-commerce-et-de-lindustrie-du-togo-communique-2\/","url":"https:\/\/228news.tg\/index.php\/2018\/08\/11\/la-chambre-du-commerce-et-de-lindustrie-du-togo-communique-2\/","name":"La Chambre du Commerce et de l'Industrie du Togo communique - 228 News","isPartOf":{"@id":"https:\/\/228news.tg\/#website"},"primaryImageOfPage":{"@id":"https:\/\/228news.tg\/index.php\/2018\/08\/11\/la-chambre-du-commerce-et-de-lindustrie-du-togo-communique-2\/#primaryimage"},"image":{"@id":"https:\/\/228news.tg\/index.php\/2018\/08\/11\/la-chambre-du-commerce-et-de-lindustrie-du-togo-communique-2\/#primaryimage"},"thumbnailUrl":"https:\/\/228news.tg\/wp-content\/uploads\/2024\/09\/agbeyom.jpg","datePublished":"2018-08-11T15:40:52+00:00","breadcrumb":{"@id":"https:\/\/228news.tg\/index.php\/2018\/08\/11\/la-chambre-du-commerce-et-de-lindustrie-du-togo-communique-2\/#breadcrumb"},"inLanguage":"fr-FR","potentialAction":[{"@type":"ReadAction","target":["https:\/\/228news.tg\/index.php\/2018\/08\/11\/la-chambre-du-commerce-et-de-lindustrie-du-togo-communique-2\/"]}]},{"@type":"ImageObject","inLanguage":"fr-FR","@id":"https:\/\/228news.tg\/index.php\/2018\/08\/11\/la-chambre-du-commerce-et-de-lindustrie-du-togo-communique-2\/#primaryimage","url":"https:\/\/228news.tg\/wp-content\/uploads\/2024\/09\/agbeyom.jpg","contentUrl":"https:\/\/228news.tg\/wp-content\/uploads\/2024\/09\/agbeyom.jpg","width":241,"height":209},{"@type":"BreadcrumbList","@id":"https:\/\/228news.tg\/index.php\/2018\/08\/11\/la-chambre-du-commerce-et-de-lindustrie-du-togo-communique-2\/#breadcrumb","itemListElement":[{"@type":"ListItem","position":1,"name":"Home","item":"https:\/\/228news.tg\/"},{"@type":"ListItem","position":2,"name":"La Chambre du Commerce et de l&rsquo;Industrie du Togo communique"}]},{"@type":"WebSite","@id":"https:\/\/228news.tg\/#website","url":"https:\/\/228news.tg\/","name":"228 News","description":"Soci\u00e9t\u00e9 de m\u00e9dias et d\u2019actualit\u00e9s","publisher":{"@id":"https:\/\/228news.tg\/#organization"},"potentialAction":[{"@type":"SearchAction","target":{"@type":"EntryPoint","urlTemplate":"https:\/\/228news.tg\/?s={search_term_string}"},"query-input":{"@type":"PropertyValueSpecification","valueRequired":true,"valueName":"search_term_string"}}],"inLanguage":"fr-FR"},{"@type":"Organization","@id":"https:\/\/228news.tg\/#organization","name":"228 News","url":"https:\/\/228news.tg\/","logo":{"@type":"ImageObject","inLanguage":"fr-FR","@id":"https:\/\/228news.tg\/#\/schema\/logo\/image\/","url":"https:\/\/228news.tg\/wp-content\/uploads\/2024\/09\/logonew.png","contentUrl":"https:\/\/228news.tg\/wp-content\/uploads\/2024\/09\/logonew.png","width":1640,"height":364,"caption":"228 News"},"image":{"@id":"https:\/\/228news.tg\/#\/schema\/logo\/image\/"}},{"@type":"Person","@id":"https:\/\/228news.tg\/#\/schema\/person\/68d5a6cc0230290e61235c8379523f52","name":"Bienvenu SAVI","image":{"@type":"ImageObject","inLanguage":"fr-FR","@id":"https:\/\/228news.tg\/#\/schema\/person\/image\/","url":"https:\/\/secure.gravatar.com\/avatar\/9db91895c559e510509c33a3e9683998458e9b828fac36d5d1aa23f0f2fd369b?s=96&d=mm&r=g","contentUrl":"https:\/\/secure.gravatar.com\/avatar\/9db91895c559e510509c33a3e9683998458e9b828fac36d5d1aa23f0f2fd369b?s=96&d=mm&r=g","caption":"Bienvenu SAVI"},"url":"https:\/\/228news.tg\/index.php\/author\/bienvenu\/"}]}},"jetpack_featured_media_url":"https:\/\/228news.tg\/wp-content\/uploads\/2024\/09\/agbeyom.jpg","_links":{"self":[{"href":"https:\/\/228news.tg\/index.php\/wp-json\/wp\/v2\/posts\/14537","targetHints":{"allow":["GET"]}}],"collection":[{"href":"https:\/\/228news.tg\/index.php\/wp-json\/wp\/v2\/posts"}],"about":[{"href":"https:\/\/228news.tg\/index.php\/wp-json\/wp\/v2\/types\/post"}],"author":[{"embeddable":true,"href":"https:\/\/228news.tg\/index.php\/wp-json\/wp\/v2\/users\/2"}],"replies":[{"embeddable":true,"href":"https:\/\/228news.tg\/index.php\/wp-json\/wp\/v2\/comments?post=14537"}],"version-history":[{"count":0,"href":"https:\/\/228news.tg\/index.php\/wp-json\/wp\/v2\/posts\/14537\/revisions"}],"wp:featuredmedia":[{"embeddable":true,"href":"https:\/\/228news.tg\/index.php\/wp-json\/wp\/v2\/media\/2666"}],"wp:attachment":[{"href":"https:\/\/228news.tg\/index.php\/wp-json\/wp\/v2\/media?parent=14537"}],"wp:term":[{"taxonomy":"category","embeddable":true,"href":"https:\/\/228news.tg\/index.php\/wp-json\/wp\/v2\/categories?post=14537"},{"taxonomy":"post_tag","embeddable":true,"href":"https:\/\/228news.tg\/index.php\/wp-json\/wp\/v2\/tags?post=14537"}],"curies":[{"name":"wp","href":"https:\/\/api.w.org\/{rel}","templated":true}]}}