{"id":14522,"date":"2018-07-24T15:11:11","date_gmt":"2018-07-24T15:11:11","guid":{"rendered":"http:\/\/localhost\/site\/228news\/?p=3063"},"modified":"2018-07-24T15:11:11","modified_gmt":"2018-07-24T15:11:11","slug":"pnrcme-dd-vers-une-harmonisation-dans-la-redaction-des-textes-legislatifs-et-reglementaires-2","status":"publish","type":"post","link":"https:\/\/228news.tg\/index.php\/2018\/07\/24\/pnrcme-dd-vers-une-harmonisation-dans-la-redaction-des-textes-legislatifs-et-reglementaires-2\/","title":{"rendered":"PNRCME-DD: Vers une harmonisation dans la r\u00e9daction des textes l\u00e9gislatifs et r\u00e9gl\u00e9mentaires"},"content":{"rendered":"<p>\u0398228news (Lom\u00e9, le 24 juillet 2018)- Ils sont au total 90 charg\u00e9s d&rsquo;affaires juridiques des minist\u00e8res et institutions de la R\u00e9publique prennent \u00e0 part \u00e0 une session de formation en technique de r\u00e9daction des textes l\u00e9gislatifs et r\u00e9glementaires, depuis ce mardi 24 juillet \u00e0 Lom\u00e9.<\/p>\n<p>Initi\u00e9e\u00a0 par le Secr\u00e9tariat G\u00e9n\u00e9ral du gouvernement avec l&rsquo;appui du Programme des Nations Unies pour le D\u00e9veloppement (PNUD), cette formation s&rsquo;inscrit dans le cadre du Programme National de Renforcement des Capacit\u00e9s et de Modernisation de l&rsquo;Etat pour le D\u00e9veloppement Durable ( PNRCME-DD).<\/p>\n<p>Ouvert par le Secr\u00e9taire G\u00e9n\u00e9ral du gouvernement, Florent Maganaw\u00e9,cette session vise trois objectifs essentiels. Il s&rsquo;agit de favoriser l&rsquo;appropriation d&rsquo;un langage commun en mati\u00e8re de r\u00e9daction des textes l\u00e9gislatifs et r\u00e9glementaires, de permettre aux charg\u00e9s d&rsquo;affaires juridiques de s&rsquo;approprier la d\u00e9marche du choix et de l&rsquo;\u00e9laboration des normes l\u00e9gislatives et r\u00e9glementaires et enfin d&rsquo;harmoniser et f\u00e9d\u00e8re les normes et pratiques administratives en mati\u00e8re de travail gouvernemental.<\/p>\n<p>\u00a0\u00bb Cet atelier est un cadre d&rsquo;\u00e9changes, de partage et d&rsquo;apprentissage de la conduite du travail gouvernemental. Ces divers charg\u00e9s d&rsquo;affaires juridiques proviennent de diff\u00e9rentes \u00e9coles avec de diff\u00e9rentes m\u00e9thodologies de travail. \u00c0 travers cette rencontre, le Secr\u00e9tariat g\u00e9n\u00e9ral du gouvernement veut am\u00e9liorer substantiellement la qualit\u00e9 des textes \u00e0 soumettre \u00e0 l&rsquo;examen du conseil des ministres et \u00e0 assurer la c\u00e9l\u00e9rit\u00e9 dans le traitement des dossiers \u00e0 lui transmis pour \u00e9tude.\u00a0\u00bb \u00e0 d\u00e9clar\u00e9 le ministre Maganaw\u00e9.<\/p>\n<p>Le Repr\u00e9sentant du PNUD, M. Mactar Fall, \u00e9galement pr\u00e9sent va plus loin dans les objectifs \u00e0 atteindre. Pour lui, il s&rsquo;agira aussi d&rsquo;approfondir chez les participants, la compr\u00e9hension du processus de suivi des textes, de l&rsquo;\u00e9laboration jusqu&rsquo;\u00e0 leur adoption par le conseil des ministres ou l&rsquo;Assemblee Nationale, de renforcer leur qualit\u00e9 substantielle et r\u00e9dactionnelle des textes juridiques et d&rsquo;accompagner la mise en place des cellules juridiques op\u00e9rationnelles au sein des diff\u00e9rents minist\u00e8res.<\/p>\n<p>Le PNUD, faut il le rappeler appuie le gouvernement togolais depuis 2006, dans ses efforts pour une meilleure coordination de l&rsquo;action gouvernementale et une efficacit\u00e9 accrue de l&rsquo;administration publique au service des citoyens.<\/p>\n<p>La formation prend fin le 27 juillet prochain.<\/p>\n<p><strong><em>D\u00e9mocrate <\/em><\/strong><br \/>\n<strong><em>(00228) 91 85 40 14<\/em><\/strong><br \/>\n<strong><em>98 60 67 68<\/em><\/strong><br \/>\n<strong><em>democrate2010@gmail.com<\/em><\/strong><\/p>\n","protected":false},"excerpt":{"rendered":"<p>\u0398228news (Lom\u00e9, le 24 juillet 2018)- Ils sont au total 90 charg\u00e9s d&rsquo;affaires juridiques des minist\u00e8res et institutions de la R\u00e9publique prennent \u00e0 part \u00e0 une session de formation en technique de r\u00e9daction des textes l\u00e9gislatifs et r\u00e9glementaires, depuis ce mardi 24 juillet \u00e0 Lom\u00e9. Initi\u00e9e\u00a0 par le Secr\u00e9tariat G\u00e9n\u00e9ral du gouvernement avec l&rsquo;appui du &#8230; <a title=\"PNRCME-DD: Vers une harmonisation dans la r\u00e9daction des textes l\u00e9gislatifs et r\u00e9gl\u00e9mentaires\" class=\"read-more\" href=\"https:\/\/228news.tg\/index.php\/2018\/07\/24\/pnrcme-dd-vers-une-harmonisation-dans-la-redaction-des-textes-legislatifs-et-reglementaires-2\/\" aria-label=\"En savoir plus sur PNRCME-DD: Vers une harmonisation dans la r\u00e9daction des textes l\u00e9gislatifs et r\u00e9gl\u00e9mentaires\">Lire la suite<\/a><\/p>\n","protected":false},"author":2,"featured_media":3064,"comment_status":"open","ping_status":"open","sticky":false,"template":"","format":"chat","meta":{"footnotes":""},"categories":[31,35,25,34],"tags":[],"class_list":["post-14522","post","type-post","status-publish","format-chat","has-post-thumbnail","hentry","category-developpement","category-flash","category-togo","category-une","post_format-post-format-chat"],"yoast_head":"<!-- This site is optimized with the Yoast SEO plugin v26.4 - https:\/\/yoast.com\/wordpress\/plugins\/seo\/ -->\n<title>PNRCME-DD: Vers une harmonisation dans la r\u00e9daction des textes l\u00e9gislatifs et r\u00e9gl\u00e9mentaires - 228 News<\/title>\n<meta name=\"robots\" content=\"index, follow, max-snippet:-1, max-image-preview:large, max-video-preview:-1\" \/>\n<link rel=\"canonical\" href=\"https:\/\/228news.tg\/index.php\/2018\/07\/24\/pnrcme-dd-vers-une-harmonisation-dans-la-redaction-des-textes-legislatifs-et-reglementaires-2\/\" \/>\n<meta property=\"og:locale\" content=\"fr_FR\" \/>\n<meta property=\"og:type\" content=\"article\" \/>\n<meta property=\"og:title\" content=\"PNRCME-DD: Vers une harmonisation dans la r\u00e9daction des textes l\u00e9gislatifs et r\u00e9gl\u00e9mentaires - 228 News\" \/>\n<meta property=\"og:description\" content=\"\u0398228news (Lom\u00e9, le 24 juillet 2018)- Ils sont au total 90 charg\u00e9s d&rsquo;affaires juridiques des minist\u00e8res et institutions de la R\u00e9publique prennent \u00e0 part \u00e0 une session de formation en technique de r\u00e9daction des textes l\u00e9gislatifs et r\u00e9glementaires, depuis ce mardi 24 juillet \u00e0 Lom\u00e9. Initi\u00e9e\u00a0 par le Secr\u00e9tariat G\u00e9n\u00e9ral du gouvernement avec l&rsquo;appui du ... Lire la suite\" \/>\n<meta property=\"og:url\" content=\"https:\/\/228news.tg\/index.php\/2018\/07\/24\/pnrcme-dd-vers-une-harmonisation-dans-la-redaction-des-textes-legislatifs-et-reglementaires-2\/\" \/>\n<meta property=\"og:site_name\" content=\"228 News\" \/>\n<meta property=\"article:published_time\" content=\"2018-07-24T15:11:11+00:00\" \/>\n<meta name=\"author\" content=\"Bienvenu SAVI\" \/>\n<meta name=\"twitter:card\" content=\"summary_large_image\" \/>\n<meta name=\"twitter:label1\" content=\"\u00c9crit par\" \/>\n\t<meta name=\"twitter:data1\" content=\"Bienvenu SAVI\" \/>\n\t<meta name=\"twitter:label2\" content=\"Dur\u00e9e de lecture estim\u00e9e\" \/>\n\t<meta name=\"twitter:data2\" content=\"2 minutes\" \/>\n<script type=\"application\/ld+json\" class=\"yoast-schema-graph\">{\"@context\":\"https:\/\/schema.org\",\"@graph\":[{\"@type\":\"Article\",\"@id\":\"https:\/\/228news.tg\/index.php\/2018\/07\/24\/pnrcme-dd-vers-une-harmonisation-dans-la-redaction-des-textes-legislatifs-et-reglementaires-2\/#article\",\"isPartOf\":{\"@id\":\"https:\/\/228news.tg\/index.php\/2018\/07\/24\/pnrcme-dd-vers-une-harmonisation-dans-la-redaction-des-textes-legislatifs-et-reglementaires-2\/\"},\"author\":{\"name\":\"Bienvenu SAVI\",\"@id\":\"https:\/\/228news.tg\/#\/schema\/person\/68d5a6cc0230290e61235c8379523f52\"},\"headline\":\"PNRCME-DD: Vers une harmonisation dans la r\u00e9daction des textes l\u00e9gislatifs et r\u00e9gl\u00e9mentaires\",\"datePublished\":\"2018-07-24T15:11:11+00:00\",\"mainEntityOfPage\":{\"@id\":\"https:\/\/228news.tg\/index.php\/2018\/07\/24\/pnrcme-dd-vers-une-harmonisation-dans-la-redaction-des-textes-legislatifs-et-reglementaires-2\/\"},\"wordCount\":414,\"commentCount\":0,\"publisher\":{\"@id\":\"https:\/\/228news.tg\/#organization\"},\"image\":{\"@id\":\"https:\/\/228news.tg\/index.php\/2018\/07\/24\/pnrcme-dd-vers-une-harmonisation-dans-la-redaction-des-textes-legislatifs-et-reglementaires-2\/#primaryimage\"},\"thumbnailUrl\":\"https:\/\/228news.tg\/wp-content\/uploads\/2024\/09\/Ihlas-2.png\",\"articleSection\":[\"DEVELOPPEMENT\",\"Flash\",\"TOGO\",\"Une\"],\"inLanguage\":\"fr-FR\",\"potentialAction\":[{\"@type\":\"CommentAction\",\"name\":\"Comment\",\"target\":[\"https:\/\/228news.tg\/index.php\/2018\/07\/24\/pnrcme-dd-vers-une-harmonisation-dans-la-redaction-des-textes-legislatifs-et-reglementaires-2\/#respond\"]}]},{\"@type\":\"WebPage\",\"@id\":\"https:\/\/228news.tg\/index.php\/2018\/07\/24\/pnrcme-dd-vers-une-harmonisation-dans-la-redaction-des-textes-legislatifs-et-reglementaires-2\/\",\"url\":\"https:\/\/228news.tg\/index.php\/2018\/07\/24\/pnrcme-dd-vers-une-harmonisation-dans-la-redaction-des-textes-legislatifs-et-reglementaires-2\/\",\"name\":\"PNRCME-DD: Vers une harmonisation dans la r\u00e9daction des textes l\u00e9gislatifs et r\u00e9gl\u00e9mentaires - 228 News\",\"isPartOf\":{\"@id\":\"https:\/\/228news.tg\/#website\"},\"primaryImageOfPage\":{\"@id\":\"https:\/\/228news.tg\/index.php\/2018\/07\/24\/pnrcme-dd-vers-une-harmonisation-dans-la-redaction-des-textes-legislatifs-et-reglementaires-2\/#primaryimage\"},\"image\":{\"@id\":\"https:\/\/228news.tg\/index.php\/2018\/07\/24\/pnrcme-dd-vers-une-harmonisation-dans-la-redaction-des-textes-legislatifs-et-reglementaires-2\/#primaryimage\"},\"thumbnailUrl\":\"https:\/\/228news.tg\/wp-content\/uploads\/2024\/09\/Ihlas-2.png\",\"datePublished\":\"2018-07-24T15:11:11+00:00\",\"breadcrumb\":{\"@id\":\"https:\/\/228news.tg\/index.php\/2018\/07\/24\/pnrcme-dd-vers-une-harmonisation-dans-la-redaction-des-textes-legislatifs-et-reglementaires-2\/#breadcrumb\"},\"inLanguage\":\"fr-FR\",\"potentialAction\":[{\"@type\":\"ReadAction\",\"target\":[\"https:\/\/228news.tg\/index.php\/2018\/07\/24\/pnrcme-dd-vers-une-harmonisation-dans-la-redaction-des-textes-legislatifs-et-reglementaires-2\/\"]}]},{\"@type\":\"ImageObject\",\"inLanguage\":\"fr-FR\",\"@id\":\"https:\/\/228news.tg\/index.php\/2018\/07\/24\/pnrcme-dd-vers-une-harmonisation-dans-la-redaction-des-textes-legislatifs-et-reglementaires-2\/#primaryimage\",\"url\":\"https:\/\/228news.tg\/wp-content\/uploads\/2024\/09\/Ihlas-2.png\",\"contentUrl\":\"https:\/\/228news.tg\/wp-content\/uploads\/2024\/09\/Ihlas-2.png\",\"width\":262,\"height\":544},{\"@type\":\"BreadcrumbList\",\"@id\":\"https:\/\/228news.tg\/index.php\/2018\/07\/24\/pnrcme-dd-vers-une-harmonisation-dans-la-redaction-des-textes-legislatifs-et-reglementaires-2\/#breadcrumb\",\"itemListElement\":[{\"@type\":\"ListItem\",\"position\":1,\"name\":\"Home\",\"item\":\"https:\/\/228news.tg\/\"},{\"@type\":\"ListItem\",\"position\":2,\"name\":\"PNRCME-DD: Vers une harmonisation dans la r\u00e9daction des textes l\u00e9gislatifs et r\u00e9gl\u00e9mentaires\"}]},{\"@type\":\"WebSite\",\"@id\":\"https:\/\/228news.tg\/#website\",\"url\":\"https:\/\/228news.tg\/\",\"name\":\"228 News\",\"description\":\"Soci\u00e9t\u00e9 de m\u00e9dias et d\u2019actualit\u00e9s\",\"publisher\":{\"@id\":\"https:\/\/228news.tg\/#organization\"},\"potentialAction\":[{\"@type\":\"SearchAction\",\"target\":{\"@type\":\"EntryPoint\",\"urlTemplate\":\"https:\/\/228news.tg\/?s={search_term_string}\"},\"query-input\":{\"@type\":\"PropertyValueSpecification\",\"valueRequired\":true,\"valueName\":\"search_term_string\"}}],\"inLanguage\":\"fr-FR\"},{\"@type\":\"Organization\",\"@id\":\"https:\/\/228news.tg\/#organization\",\"name\":\"228 News\",\"url\":\"https:\/\/228news.tg\/\",\"logo\":{\"@type\":\"ImageObject\",\"inLanguage\":\"fr-FR\",\"@id\":\"https:\/\/228news.tg\/#\/schema\/logo\/image\/\",\"url\":\"https:\/\/228news.tg\/wp-content\/uploads\/2024\/09\/logonew.png\",\"contentUrl\":\"https:\/\/228news.tg\/wp-content\/uploads\/2024\/09\/logonew.png\",\"width\":1640,\"height\":364,\"caption\":\"228 News\"},\"image\":{\"@id\":\"https:\/\/228news.tg\/#\/schema\/logo\/image\/\"}},{\"@type\":\"Person\",\"@id\":\"https:\/\/228news.tg\/#\/schema\/person\/68d5a6cc0230290e61235c8379523f52\",\"name\":\"Bienvenu SAVI\",\"image\":{\"@type\":\"ImageObject\",\"inLanguage\":\"fr-FR\",\"@id\":\"https:\/\/228news.tg\/#\/schema\/person\/image\/\",\"url\":\"https:\/\/secure.gravatar.com\/avatar\/9db91895c559e510509c33a3e9683998458e9b828fac36d5d1aa23f0f2fd369b?s=96&d=mm&r=g\",\"contentUrl\":\"https:\/\/secure.gravatar.com\/avatar\/9db91895c559e510509c33a3e9683998458e9b828fac36d5d1aa23f0f2fd369b?s=96&d=mm&r=g\",\"caption\":\"Bienvenu SAVI\"},\"url\":\"https:\/\/228news.tg\/index.php\/author\/bienvenu\/\"}]}<\/script>\n<!-- \/ Yoast SEO plugin. -->","yoast_head_json":{"title":"PNRCME-DD: Vers une harmonisation dans la r\u00e9daction des textes l\u00e9gislatifs et r\u00e9gl\u00e9mentaires - 228 News","robots":{"index":"index","follow":"follow","max-snippet":"max-snippet:-1","max-image-preview":"max-image-preview:large","max-video-preview":"max-video-preview:-1"},"canonical":"https:\/\/228news.tg\/index.php\/2018\/07\/24\/pnrcme-dd-vers-une-harmonisation-dans-la-redaction-des-textes-legislatifs-et-reglementaires-2\/","og_locale":"fr_FR","og_type":"article","og_title":"PNRCME-DD: Vers une harmonisation dans la r\u00e9daction des textes l\u00e9gislatifs et r\u00e9gl\u00e9mentaires - 228 News","og_description":"\u0398228news (Lom\u00e9, le 24 juillet 2018)- Ils sont au total 90 charg\u00e9s d&rsquo;affaires juridiques des minist\u00e8res et institutions de la R\u00e9publique prennent \u00e0 part \u00e0 une session de formation en technique de r\u00e9daction des textes l\u00e9gislatifs et r\u00e9glementaires, depuis ce mardi 24 juillet \u00e0 Lom\u00e9. Initi\u00e9e\u00a0 par le Secr\u00e9tariat G\u00e9n\u00e9ral du gouvernement avec l&rsquo;appui du ... Lire la suite","og_url":"https:\/\/228news.tg\/index.php\/2018\/07\/24\/pnrcme-dd-vers-une-harmonisation-dans-la-redaction-des-textes-legislatifs-et-reglementaires-2\/","og_site_name":"228 News","article_published_time":"2018-07-24T15:11:11+00:00","author":"Bienvenu SAVI","twitter_card":"summary_large_image","twitter_misc":{"\u00c9crit par":"Bienvenu SAVI","Dur\u00e9e de lecture estim\u00e9e":"2 minutes"},"schema":{"@context":"https:\/\/schema.org","@graph":[{"@type":"Article","@id":"https:\/\/228news.tg\/index.php\/2018\/07\/24\/pnrcme-dd-vers-une-harmonisation-dans-la-redaction-des-textes-legislatifs-et-reglementaires-2\/#article","isPartOf":{"@id":"https:\/\/228news.tg\/index.php\/2018\/07\/24\/pnrcme-dd-vers-une-harmonisation-dans-la-redaction-des-textes-legislatifs-et-reglementaires-2\/"},"author":{"name":"Bienvenu SAVI","@id":"https:\/\/228news.tg\/#\/schema\/person\/68d5a6cc0230290e61235c8379523f52"},"headline":"PNRCME-DD: Vers une harmonisation dans la r\u00e9daction des textes l\u00e9gislatifs et r\u00e9gl\u00e9mentaires","datePublished":"2018-07-24T15:11:11+00:00","mainEntityOfPage":{"@id":"https:\/\/228news.tg\/index.php\/2018\/07\/24\/pnrcme-dd-vers-une-harmonisation-dans-la-redaction-des-textes-legislatifs-et-reglementaires-2\/"},"wordCount":414,"commentCount":0,"publisher":{"@id":"https:\/\/228news.tg\/#organization"},"image":{"@id":"https:\/\/228news.tg\/index.php\/2018\/07\/24\/pnrcme-dd-vers-une-harmonisation-dans-la-redaction-des-textes-legislatifs-et-reglementaires-2\/#primaryimage"},"thumbnailUrl":"https:\/\/228news.tg\/wp-content\/uploads\/2024\/09\/Ihlas-2.png","articleSection":["DEVELOPPEMENT","Flash","TOGO","Une"],"inLanguage":"fr-FR","potentialAction":[{"@type":"CommentAction","name":"Comment","target":["https:\/\/228news.tg\/index.php\/2018\/07\/24\/pnrcme-dd-vers-une-harmonisation-dans-la-redaction-des-textes-legislatifs-et-reglementaires-2\/#respond"]}]},{"@type":"WebPage","@id":"https:\/\/228news.tg\/index.php\/2018\/07\/24\/pnrcme-dd-vers-une-harmonisation-dans-la-redaction-des-textes-legislatifs-et-reglementaires-2\/","url":"https:\/\/228news.tg\/index.php\/2018\/07\/24\/pnrcme-dd-vers-une-harmonisation-dans-la-redaction-des-textes-legislatifs-et-reglementaires-2\/","name":"PNRCME-DD: Vers une harmonisation dans la r\u00e9daction des textes l\u00e9gislatifs et r\u00e9gl\u00e9mentaires - 228 News","isPartOf":{"@id":"https:\/\/228news.tg\/#website"},"primaryImageOfPage":{"@id":"https:\/\/228news.tg\/index.php\/2018\/07\/24\/pnrcme-dd-vers-une-harmonisation-dans-la-redaction-des-textes-legislatifs-et-reglementaires-2\/#primaryimage"},"image":{"@id":"https:\/\/228news.tg\/index.php\/2018\/07\/24\/pnrcme-dd-vers-une-harmonisation-dans-la-redaction-des-textes-legislatifs-et-reglementaires-2\/#primaryimage"},"thumbnailUrl":"https:\/\/228news.tg\/wp-content\/uploads\/2024\/09\/Ihlas-2.png","datePublished":"2018-07-24T15:11:11+00:00","breadcrumb":{"@id":"https:\/\/228news.tg\/index.php\/2018\/07\/24\/pnrcme-dd-vers-une-harmonisation-dans-la-redaction-des-textes-legislatifs-et-reglementaires-2\/#breadcrumb"},"inLanguage":"fr-FR","potentialAction":[{"@type":"ReadAction","target":["https:\/\/228news.tg\/index.php\/2018\/07\/24\/pnrcme-dd-vers-une-harmonisation-dans-la-redaction-des-textes-legislatifs-et-reglementaires-2\/"]}]},{"@type":"ImageObject","inLanguage":"fr-FR","@id":"https:\/\/228news.tg\/index.php\/2018\/07\/24\/pnrcme-dd-vers-une-harmonisation-dans-la-redaction-des-textes-legislatifs-et-reglementaires-2\/#primaryimage","url":"https:\/\/228news.tg\/wp-content\/uploads\/2024\/09\/Ihlas-2.png","contentUrl":"https:\/\/228news.tg\/wp-content\/uploads\/2024\/09\/Ihlas-2.png","width":262,"height":544},{"@type":"BreadcrumbList","@id":"https:\/\/228news.tg\/index.php\/2018\/07\/24\/pnrcme-dd-vers-une-harmonisation-dans-la-redaction-des-textes-legislatifs-et-reglementaires-2\/#breadcrumb","itemListElement":[{"@type":"ListItem","position":1,"name":"Home","item":"https:\/\/228news.tg\/"},{"@type":"ListItem","position":2,"name":"PNRCME-DD: Vers une harmonisation dans la r\u00e9daction des textes l\u00e9gislatifs et r\u00e9gl\u00e9mentaires"}]},{"@type":"WebSite","@id":"https:\/\/228news.tg\/#website","url":"https:\/\/228news.tg\/","name":"228 News","description":"Soci\u00e9t\u00e9 de m\u00e9dias et d\u2019actualit\u00e9s","publisher":{"@id":"https:\/\/228news.tg\/#organization"},"potentialAction":[{"@type":"SearchAction","target":{"@type":"EntryPoint","urlTemplate":"https:\/\/228news.tg\/?s={search_term_string}"},"query-input":{"@type":"PropertyValueSpecification","valueRequired":true,"valueName":"search_term_string"}}],"inLanguage":"fr-FR"},{"@type":"Organization","@id":"https:\/\/228news.tg\/#organization","name":"228 News","url":"https:\/\/228news.tg\/","logo":{"@type":"ImageObject","inLanguage":"fr-FR","@id":"https:\/\/228news.tg\/#\/schema\/logo\/image\/","url":"https:\/\/228news.tg\/wp-content\/uploads\/2024\/09\/logonew.png","contentUrl":"https:\/\/228news.tg\/wp-content\/uploads\/2024\/09\/logonew.png","width":1640,"height":364,"caption":"228 News"},"image":{"@id":"https:\/\/228news.tg\/#\/schema\/logo\/image\/"}},{"@type":"Person","@id":"https:\/\/228news.tg\/#\/schema\/person\/68d5a6cc0230290e61235c8379523f52","name":"Bienvenu SAVI","image":{"@type":"ImageObject","inLanguage":"fr-FR","@id":"https:\/\/228news.tg\/#\/schema\/person\/image\/","url":"https:\/\/secure.gravatar.com\/avatar\/9db91895c559e510509c33a3e9683998458e9b828fac36d5d1aa23f0f2fd369b?s=96&d=mm&r=g","contentUrl":"https:\/\/secure.gravatar.com\/avatar\/9db91895c559e510509c33a3e9683998458e9b828fac36d5d1aa23f0f2fd369b?s=96&d=mm&r=g","caption":"Bienvenu SAVI"},"url":"https:\/\/228news.tg\/index.php\/author\/bienvenu\/"}]}},"jetpack_featured_media_url":"https:\/\/228news.tg\/wp-content\/uploads\/2024\/09\/Ihlas-2.png","_links":{"self":[{"href":"https:\/\/228news.tg\/index.php\/wp-json\/wp\/v2\/posts\/14522","targetHints":{"allow":["GET"]}}],"collection":[{"href":"https:\/\/228news.tg\/index.php\/wp-json\/wp\/v2\/posts"}],"about":[{"href":"https:\/\/228news.tg\/index.php\/wp-json\/wp\/v2\/types\/post"}],"author":[{"embeddable":true,"href":"https:\/\/228news.tg\/index.php\/wp-json\/wp\/v2\/users\/2"}],"replies":[{"embeddable":true,"href":"https:\/\/228news.tg\/index.php\/wp-json\/wp\/v2\/comments?post=14522"}],"version-history":[{"count":0,"href":"https:\/\/228news.tg\/index.php\/wp-json\/wp\/v2\/posts\/14522\/revisions"}],"wp:featuredmedia":[{"embeddable":true,"href":"https:\/\/228news.tg\/index.php\/wp-json\/wp\/v2\/media\/3064"}],"wp:attachment":[{"href":"https:\/\/228news.tg\/index.php\/wp-json\/wp\/v2\/media?parent=14522"}],"wp:term":[{"taxonomy":"category","embeddable":true,"href":"https:\/\/228news.tg\/index.php\/wp-json\/wp\/v2\/categories?post=14522"},{"taxonomy":"post_tag","embeddable":true,"href":"https:\/\/228news.tg\/index.php\/wp-json\/wp\/v2\/tags?post=14522"}],"curies":[{"name":"wp","href":"https:\/\/api.w.org\/{rel}","templated":true}]}}