{"id":14517,"date":"2018-07-20T12:51:55","date_gmt":"2018-07-20T12:51:55","guid":{"rendered":"http:\/\/localhost\/site\/228news\/?p=3033"},"modified":"2018-07-20T12:51:55","modified_gmt":"2018-07-20T12:51:55","slug":"pudc-un-levier-de-developpement-du-togo-2","status":"publish","type":"post","link":"https:\/\/228news.tg\/index.php\/2018\/07\/20\/pudc-un-levier-de-developpement-du-togo-2\/","title":{"rendered":"PUDC: Un levier de d\u00e9veloppement du Togo"},"content":{"rendered":"<div class=\"main-wrap content-main-wrap\">\n<nav class=\"bf-breadcrumb clearfix bc-top-style\">\n<div class=\"container bf-breadcrumb-container\">\n<p>\u0398228news (Lom\u00e9, le 20 juillet 2018)- Le Programme d\u2019urgence de d\u00e9veloppement communautaire (PUDC) acc\u00e9l\u00e8re l\u2019acc\u00e8s des populations pauvres aux infrastructures, \u00e9quipements et services. Initi\u00e9 par le gouvernement togolais en f\u00e9vrier 2016 avec l\u2019appui du PNUD, le PUDC entend, sur trois ans, r\u00e9duire les in\u00e9galit\u00e9s sociales en impliquant les populations dans leur propre d\u00e9veloppement \u00e9conomique et social.<\/p>\n<\/div>\n<\/nav>\n<div class=\"content-wrap\">\n<div class=\"container layout-2-col layout-2-col-1 layout-right-sidebar layout-bc-before post-template-10\">\n<div class=\"row main-section\">\n<div class=\"col-sm-8 content-column\">\n<div class=\"single-container\">\n<article id=\"post-6765\" class=\"post-6765 post type-post status-publish format-standard has-post-thumbnail category-developpement single-post-content\">\n<div class=\"entry-content clearfix single-post-content\">\n<div class=\"continue-reading-content\">\n<div class=\"section-inner sectionLayout--insetColumn\">\n<figure id=\"attachment_6767\" class=\"wp-caption alignright\"><a href=\"http:\/\/24heureinfo.com\/wp-content\/uploads\/2018\/07\/PUDC-1.jpeg\"><img fetchpriority=\"high\" decoding=\"async\" class=\"wp-image-6767 size-medium b-loaded\" src=\"http:\/\/24heureinfo.com\/wp-content\/uploads\/2018\/07\/PUDC-1-300x199.jpeg\" sizes=\"(max-width: 300px) 100vw, 300px\" srcset=\"http:\/\/24heureinfo.com\/wp-content\/uploads\/2018\/07\/PUDC-1-300x199.jpeg 300w, http:\/\/24heureinfo.com\/wp-content\/uploads\/2018\/07\/PUDC-1.jpeg 600w\" alt=\"\" width=\"300\" height=\"199\" \/><\/a><figcaption class=\"wp-caption-text\">L\u2019Ex patronne du PNUD<\/figcaption><\/figure>\n<p id=\"1992\" class=\"graf graf--p graf-after--p\">Bas\u00e9 sur\u00a0<a class=\"markup--anchor markup--p-anchor\" href=\"http:\/\/www.sn.undp.org\/content\/senegal\/fr\/home\/operations\/projects\/poverty_reduction\/programme-d-urgence-de-developpement-communautaire.html\" target=\"_blank\" rel=\"nofollow noopener noreferrer\" data-href=\"http:\/\/www.sn.undp.org\/content\/senegal\/fr\/home\/operations\/projects\/poverty_reduction\/programme-d-urgence-de-developpement-communautaire.html\">le mod\u00e8le du PUDC au S\u00e9n\u00e9gal<\/a>, le programme fait la part belle \u00e0 la r\u00e9alisation des Objectifs de d\u00e9veloppement durable (ODD), notamment par le d\u00e9senclavement rural (<a class=\"markup--anchor markup--p-anchor\" href=\"http:\/\/www.undp.org\/content\/undp\/fr\/home\/sustainable-development-goals\/goal-1-no-poverty.html\" target=\"_blank\" rel=\"nofollow noopener noreferrer\" data-href=\"http:\/\/www.undp.org\/content\/undp\/fr\/home\/sustainable-development-goals\/goal-1-no-poverty.html\">ODD 1<\/a>,\u00a0<a class=\"markup--anchor markup--p-anchor\" href=\"http:\/\/www.undp.org\/content\/dam\/undp\/sdg\/tiles\/xsdg-fr-02.png.pagespeed.ic.6YvbklNyxH.png\" target=\"_blank\" rel=\"nofollow noopener noreferrer\" data-href=\"http:\/\/www.undp.org\/content\/dam\/undp\/sdg\/tiles\/xsdg-fr-02.png.pagespeed.ic.6YvbklNyxH.png\">2<\/a>\u00a0et 8) et un meilleur acc\u00e8s aux services de sant\u00e9 (<a class=\"markup--anchor markup--p-anchor\" href=\"http:\/\/www.undp.org\/content\/undp\/fr\/home\/sustainable-development-goals\/goal-3-good-health-and-well-being.html\" target=\"_blank\" rel=\"nofollow noopener noreferrer\" data-href=\"http:\/\/www.undp.org\/content\/undp\/fr\/home\/sustainable-development-goals\/goal-3-good-health-and-well-being.html\">ODD 3<\/a>), d\u2019\u00e9ducation (<a class=\"markup--anchor markup--p-anchor\" href=\"http:\/\/www.undp.org\/content\/undp\/fr\/home\/sustainable-development-goals\/goal-4-quality-education.html\" target=\"_blank\" rel=\"nofollow noopener noreferrer\" data-href=\"http:\/\/www.undp.org\/content\/undp\/fr\/home\/sustainable-development-goals\/goal-4-quality-education.html\">ODD 4<\/a>) et d\u2019assainissement (<a class=\"markup--anchor markup--p-anchor\" href=\"http:\/\/www.undp.org\/content\/undp\/fr\/home\/sustainable-development-goals\/goal-6-clean-water-and-sanitation.html\" target=\"_blank\" rel=\"nofollow noopener noreferrer\" data-href=\"http:\/\/www.undp.org\/content\/undp\/fr\/home\/sustainable-development-goals\/goal-6-clean-water-and-sanitation.html\">ODD 6<\/a>).<\/p>\n<p class=\"graf graf--p graf-after--p\"><strong>Pistes rurales<\/strong><\/p>\n<\/div>\n<div class=\"section-inner sectionLayout--insetColumn\">\n<p id=\"0753\" class=\"graf graf--p graf-after--h3\"><a href=\"http:\/\/24heureinfo.com\/wp-content\/uploads\/2018\/07\/PUDc-piste.jpeg\"><img decoding=\"async\" class=\"alignleft size-medium wp-image-6768 b-loaded\" src=\"http:\/\/24heureinfo.com\/wp-content\/uploads\/2018\/07\/PUDc-piste-300x200.jpeg\" sizes=\"(max-width: 300px) 100vw, 300px\" srcset=\"http:\/\/24heureinfo.com\/wp-content\/uploads\/2018\/07\/PUDc-piste-300x200.jpeg 300w, http:\/\/24heureinfo.com\/wp-content\/uploads\/2018\/07\/PUDc-piste.jpeg 600w\" alt=\"\" width=\"300\" height=\"200\" \/><\/a>La premi\u00e8re phase du programme a d\u00e9marr\u00e9 en novembre 2016 avec la construction et la r\u00e9habilitation de 406 kilom\u00e8tres de pistes rurales. Le premier coup de pioche a \u00e9t\u00e9 donn\u00e9 dans la pr\u00e9fecture de Dankpen, une r\u00e9gion isol\u00e9e \u00e0 l\u2019extr\u00eame nord du pays.<\/p>\n<p class=\"graf graf--p graf-after--h3\">Au terme du projet, plus de 100 agglom\u00e9rations seront reli\u00e9es par environ 2 500km de pistes dans les 5 r\u00e9gions du pays.<\/p>\n<p class=\"graf graf--p graf-after--h3\">\u00ab\u00a0Les pistes rurales, c\u2019est la renaissance de l\u2019\u00e9conomie locale\u00a0\u00bb<em class=\"markup--em markup--blockquote-em\">\u00a0s\u2019est r\u00e9joui le Pr\u00e9fet de Dankpen lors du lancement des travaux.<\/em>\u00a0\u00ab\u00a0Les paysans acheminent plus facilement leurs produits vers les march\u00e9s, les enfants vont plus souvent \u00e0 l\u2019\u00e9cole, les femmes aux centres de sant\u00e9 et enfin, nous ne sommes plus prisonniers.\u00a0\u00bb<\/p>\n<\/div>\n<div class=\"section-inner sectionLayout--insetColumn\">\n<div class=\"section-inner sectionLayout--insetColumn\">\n<h3 id=\"8e86\" class=\"graf graf--h3 graf-after--figure\">Education et\u00a0sant\u00e9<\/h3>\n<p id=\"e555\" class=\"graf graf--p graf-after--figure\"><a href=\"http:\/\/24heureinfo.com\/wp-content\/uploads\/2018\/07\/PUDc-educ.jpeg\"><img decoding=\"async\" class=\"size-medium wp-image-6770 alignleft b-loaded\" src=\"http:\/\/24heureinfo.com\/wp-content\/uploads\/2018\/07\/PUDc-educ-300x197.jpeg\" sizes=\"(max-width: 300px) 100vw, 300px\" srcset=\"http:\/\/24heureinfo.com\/wp-content\/uploads\/2018\/07\/PUDc-educ-300x197.jpeg 300w, http:\/\/24heureinfo.com\/wp-content\/uploads\/2018\/07\/PUDc-educ.jpeg 600w\" alt=\"\" width=\"300\" height=\"197\" \/><\/a>Un deuxi\u00e8me volet vise la construction et la r\u00e9habilitation des \u00e9coles et des centre de sant\u00e9. En quelques mois, 226 salles de classes, 22 blocs administratifs, 22 laboratoires et 100 blocs latrines dans 15 pr\u00e9fectures seront construits, ainsi que 3 h\u00f4pitaux et 2 unit\u00e9s de soins p\u00e9riph\u00e9riques r\u00e9habilit\u00e9s.<a href=\"http:\/\/24heureinfo.com\/wp-content\/uploads\/2018\/07\/PUDc-educa1.jpeg\"><img loading=\"lazy\" decoding=\"async\" class=\"alignright size-medium wp-image-6771 b-loaded\" src=\"http:\/\/24heureinfo.com\/wp-content\/uploads\/2018\/07\/PUDc-educa1-300x200.jpeg\" sizes=\"(max-width: 300px) 100vw, 300px\" srcset=\"http:\/\/24heureinfo.com\/wp-content\/uploads\/2018\/07\/PUDc-educa1-300x200.jpeg 300w, http:\/\/24heureinfo.com\/wp-content\/uploads\/2018\/07\/PUDc-educa1.jpeg 600w\" alt=\"\" width=\"300\" height=\"200\" \/><\/a><\/p>\n<p id=\"c1c8\" class=\"graf graf--p graf-after--p\">Le projet innove avec le lancement de 10 cliniques mobiles qui rapprocheront les soins de sant\u00e9 des populations rurales.<\/p>\n<p class=\"graf graf--p graf-after--p\">\u00ab\u00a0Avec le mauvais \u00e9tat des pistes et le manque de transport, il est difficile pour les malades d\u2019aller \u00e0 h\u00f4pital. De plus, une bonne partie de la population s\u2019approvisionne sur place en faux m\u00e9dicaments ce qui cause de graves probl\u00e8mes de sant\u00e9\u00a0\u00bb\u200a\u2014\u200a<em class=\"markup--em markup--blockquote-em\">Chef de canton de Kovi\u00e9.<\/em><\/p>\n<div class=\"section-inner sectionLayout--insetColumn\">\n<div id=\"gallery-1\" class=\"gallery galleryid-6765 gallery-columns-3 gallery-size-thumbnail\">\n<figure class=\"gallery-item\">\n<div class=\"gallery-icon landscape\"><a href=\"http:\/\/24heureinfo.com\/pudc-un-levier-de-developpement-au-togo-images\/pudc-sanbte\/\"><img loading=\"lazy\" decoding=\"async\" class=\"attachment-thumbnail size-thumbnail\" src=\"http:\/\/24heureinfo.com\/wp-content\/uploads\/2018\/07\/PUDc-sanbte-150x150.jpeg\" alt=\"\" width=\"150\" height=\"150\" \/><\/a><\/div>\n<\/figure>\n<figure class=\"gallery-item\">\n<div class=\"gallery-icon landscape\"><a href=\"http:\/\/24heureinfo.com\/pudc-un-levier-de-developpement-au-togo-images\/pudc-sante\/\"><img loading=\"lazy\" decoding=\"async\" class=\"attachment-thumbnail size-thumbnail\" src=\"http:\/\/24heureinfo.com\/wp-content\/uploads\/2018\/07\/PUDc-sant%C3%A9-150x150.jpeg\" alt=\"\" width=\"150\" height=\"150\" \/><\/a><\/div>\n<\/figure>\n<figure class=\"gallery-item\">\n<div class=\"gallery-icon landscape\"><a href=\"http:\/\/24heureinfo.com\/pudc-un-levier-de-developpement-au-togo-images\/pudc-2017\/\"><img loading=\"lazy\" decoding=\"async\" class=\"attachment-thumbnail size-thumbnail\" src=\"http:\/\/24heureinfo.com\/wp-content\/uploads\/2018\/07\/PUDc-2017-150x150.jpeg\" alt=\"\" width=\"150\" height=\"150\" \/><\/a><\/div>\n<\/figure>\n<\/div>\n<p><strong class=\"markup--strong markup--h3-strong\">Une approche innovante<\/strong><\/p>\n<\/div>\n<div>\n<div class=\"section-inner sectionLayout--insetColumn\">\n<p id=\"3742\" class=\"graf graf--p graf-after--h3\">Le PUDC d\u00e9veloppe une approche participative qui d\u00e8s le d\u00e9part, implique les populations dans l\u2019identification, la mise en \u0153uvre et le suivi des projets. L\u2019offre de services sociaux et \u00e9conomiques int\u00e9gr\u00e9s permet d\u2019amener \u00e0 la fois l\u2019\u00e9cole, la sant\u00e9, l\u2019eau, les communications et l\u2019\u00e9nergie dans une m\u00eame localit\u00e9.<\/p>\n<p id=\"bd93\" class=\"graf graf--p graf-after--figure\">Le renforcement des capacit\u00e9s institutionnelles des acteurs nationaux et locaux, le d\u00e9veloppement de l\u2019entrepreneuriat rural et la cr\u00e9ation d\u2019un syst\u00e8me de g\u00e9o- localisation des infrastructures font aussi partie int\u00e9grante du programme.<\/p>\n<p class=\"graf graf--p graf-after--figure\">Au d\u00e9marrage comme pendant l\u2019ex\u00e9cution, les entreprises doivent associer les populations locales. Nous attendons que ce programme g\u00e9n\u00e8re des emplois et que les entreprises recrutent localement.\u00a0\u00bb\u200a\u2014\u200aKhardiata Lo Ndiaye, Repr\u00e9sentante r\u00e9sidente du PNUD au Togo.<\/p>\n<\/div>\n<\/div>\n<\/div>\n<\/div>\n<div class=\"section-inner sectionLayout--insetColumn\">\n<p id=\"576c\" class=\"graf graf--p graf-after--blockquote\">En 2017, le programme focalise ses actions sur l\u2019agriculture durable, l\u2019acc\u00e8s \u00e0 l\u2019eau potable, \u00e0 l\u2019\u00e9lectricit\u00e9, et \u00e0 l\u2019assainissement.<\/p>\n<p class=\"graf graf--p graf-after--blockquote\"><em class=\"markup--em markup--p-em\"><strong>Par\u00a0 Emile Kenkou &amp; Laurence Lessire \/ PNUD<\/strong><\/em><\/p>\n<\/div>\n<\/div>\n<\/div>\n<\/article>\n<\/div>\n<\/div>\n<\/div>\n<\/div>\n<\/div>\n<\/div>\n","protected":false},"excerpt":{"rendered":"<p>\u0398228news (Lom\u00e9, le 20 juillet 2018)- Le Programme d\u2019urgence de d\u00e9veloppement communautaire (PUDC) acc\u00e9l\u00e8re l\u2019acc\u00e8s des populations pauvres aux infrastructures, \u00e9quipements et services. Initi\u00e9 par le gouvernement togolais en f\u00e9vrier 2016 avec l\u2019appui du PNUD, le PUDC entend, sur trois ans, r\u00e9duire les in\u00e9galit\u00e9s sociales en impliquant les populations dans leur propre d\u00e9veloppement \u00e9conomique et &#8230; <a title=\"PUDC: Un levier de d\u00e9veloppement du Togo\" class=\"read-more\" href=\"https:\/\/228news.tg\/index.php\/2018\/07\/20\/pudc-un-levier-de-developpement-du-togo-2\/\" aria-label=\"En savoir plus sur PUDC: Un levier de d\u00e9veloppement du Togo\">Lire la suite<\/a><\/p>\n","protected":false},"author":2,"featured_media":3035,"comment_status":"open","ping_status":"open","sticky":false,"template":"","format":"chat","meta":{"footnotes":""},"categories":[31,35,25,34],"tags":[],"class_list":["post-14517","post","type-post","status-publish","format-chat","has-post-thumbnail","hentry","category-developpement","category-flash","category-togo","category-une","post_format-post-format-chat"],"yoast_head":"<!-- This site is optimized with the Yoast SEO plugin v26.4 - https:\/\/yoast.com\/wordpress\/plugins\/seo\/ -->\n<title>PUDC: Un levier de d\u00e9veloppement du Togo - 228 News<\/title>\n<meta name=\"robots\" content=\"index, follow, max-snippet:-1, max-image-preview:large, max-video-preview:-1\" \/>\n<link rel=\"canonical\" href=\"https:\/\/228news.tg\/index.php\/2018\/07\/20\/pudc-un-levier-de-developpement-du-togo-2\/\" \/>\n<meta property=\"og:locale\" content=\"fr_FR\" \/>\n<meta property=\"og:type\" content=\"article\" \/>\n<meta property=\"og:title\" content=\"PUDC: Un levier de d\u00e9veloppement du Togo - 228 News\" \/>\n<meta property=\"og:description\" content=\"\u0398228news (Lom\u00e9, le 20 juillet 2018)- Le Programme d\u2019urgence de d\u00e9veloppement communautaire (PUDC) acc\u00e9l\u00e8re l\u2019acc\u00e8s des populations pauvres aux infrastructures, \u00e9quipements et services. Initi\u00e9 par le gouvernement togolais en f\u00e9vrier 2016 avec l\u2019appui du PNUD, le PUDC entend, sur trois ans, r\u00e9duire les in\u00e9galit\u00e9s sociales en impliquant les populations dans leur propre d\u00e9veloppement \u00e9conomique et ... Lire la suite\" \/>\n<meta property=\"og:url\" content=\"https:\/\/228news.tg\/index.php\/2018\/07\/20\/pudc-un-levier-de-developpement-du-togo-2\/\" \/>\n<meta property=\"og:site_name\" content=\"228 News\" \/>\n<meta property=\"article:published_time\" content=\"2018-07-20T12:51:55+00:00\" \/>\n<meta property=\"og:image\" content=\"http:\/\/24heureinfo.com\/wp-content\/uploads\/2018\/07\/PUDC-1-300x199.jpeg\" \/>\n<meta name=\"author\" content=\"Bienvenu SAVI\" \/>\n<meta name=\"twitter:card\" content=\"summary_large_image\" \/>\n<meta name=\"twitter:label1\" content=\"\u00c9crit par\" \/>\n\t<meta name=\"twitter:data1\" content=\"Bienvenu SAVI\" \/>\n\t<meta name=\"twitter:label2\" content=\"Dur\u00e9e de lecture estim\u00e9e\" \/>\n\t<meta name=\"twitter:data2\" content=\"3 minutes\" \/>\n<script type=\"application\/ld+json\" class=\"yoast-schema-graph\">{\"@context\":\"https:\/\/schema.org\",\"@graph\":[{\"@type\":\"Article\",\"@id\":\"https:\/\/228news.tg\/index.php\/2018\/07\/20\/pudc-un-levier-de-developpement-du-togo-2\/#article\",\"isPartOf\":{\"@id\":\"https:\/\/228news.tg\/index.php\/2018\/07\/20\/pudc-un-levier-de-developpement-du-togo-2\/\"},\"author\":{\"name\":\"Bienvenu SAVI\",\"@id\":\"https:\/\/228news.tg\/#\/schema\/person\/68d5a6cc0230290e61235c8379523f52\"},\"headline\":\"PUDC: Un levier de d\u00e9veloppement du Togo\",\"datePublished\":\"2018-07-20T12:51:55+00:00\",\"mainEntityOfPage\":{\"@id\":\"https:\/\/228news.tg\/index.php\/2018\/07\/20\/pudc-un-levier-de-developpement-du-togo-2\/\"},\"wordCount\":553,\"commentCount\":0,\"publisher\":{\"@id\":\"https:\/\/228news.tg\/#organization\"},\"image\":{\"@id\":\"https:\/\/228news.tg\/index.php\/2018\/07\/20\/pudc-un-levier-de-developpement-du-togo-2\/#primaryimage\"},\"thumbnailUrl\":\"\",\"articleSection\":[\"DEVELOPPEMENT\",\"Flash\",\"TOGO\",\"Une\"],\"inLanguage\":\"fr-FR\",\"potentialAction\":[{\"@type\":\"CommentAction\",\"name\":\"Comment\",\"target\":[\"https:\/\/228news.tg\/index.php\/2018\/07\/20\/pudc-un-levier-de-developpement-du-togo-2\/#respond\"]}]},{\"@type\":\"WebPage\",\"@id\":\"https:\/\/228news.tg\/index.php\/2018\/07\/20\/pudc-un-levier-de-developpement-du-togo-2\/\",\"url\":\"https:\/\/228news.tg\/index.php\/2018\/07\/20\/pudc-un-levier-de-developpement-du-togo-2\/\",\"name\":\"PUDC: Un levier de d\u00e9veloppement du Togo - 228 News\",\"isPartOf\":{\"@id\":\"https:\/\/228news.tg\/#website\"},\"primaryImageOfPage\":{\"@id\":\"https:\/\/228news.tg\/index.php\/2018\/07\/20\/pudc-un-levier-de-developpement-du-togo-2\/#primaryimage\"},\"image\":{\"@id\":\"https:\/\/228news.tg\/index.php\/2018\/07\/20\/pudc-un-levier-de-developpement-du-togo-2\/#primaryimage\"},\"thumbnailUrl\":\"\",\"datePublished\":\"2018-07-20T12:51:55+00:00\",\"breadcrumb\":{\"@id\":\"https:\/\/228news.tg\/index.php\/2018\/07\/20\/pudc-un-levier-de-developpement-du-togo-2\/#breadcrumb\"},\"inLanguage\":\"fr-FR\",\"potentialAction\":[{\"@type\":\"ReadAction\",\"target\":[\"https:\/\/228news.tg\/index.php\/2018\/07\/20\/pudc-un-levier-de-developpement-du-togo-2\/\"]}]},{\"@type\":\"ImageObject\",\"inLanguage\":\"fr-FR\",\"@id\":\"https:\/\/228news.tg\/index.php\/2018\/07\/20\/pudc-un-levier-de-developpement-du-togo-2\/#primaryimage\",\"url\":\"\",\"contentUrl\":\"\"},{\"@type\":\"BreadcrumbList\",\"@id\":\"https:\/\/228news.tg\/index.php\/2018\/07\/20\/pudc-un-levier-de-developpement-du-togo-2\/#breadcrumb\",\"itemListElement\":[{\"@type\":\"ListItem\",\"position\":1,\"name\":\"Home\",\"item\":\"https:\/\/228news.tg\/\"},{\"@type\":\"ListItem\",\"position\":2,\"name\":\"PUDC: Un levier de d\u00e9veloppement du Togo\"}]},{\"@type\":\"WebSite\",\"@id\":\"https:\/\/228news.tg\/#website\",\"url\":\"https:\/\/228news.tg\/\",\"name\":\"228 News\",\"description\":\"Soci\u00e9t\u00e9 de m\u00e9dias et d\u2019actualit\u00e9s\",\"publisher\":{\"@id\":\"https:\/\/228news.tg\/#organization\"},\"potentialAction\":[{\"@type\":\"SearchAction\",\"target\":{\"@type\":\"EntryPoint\",\"urlTemplate\":\"https:\/\/228news.tg\/?s={search_term_string}\"},\"query-input\":{\"@type\":\"PropertyValueSpecification\",\"valueRequired\":true,\"valueName\":\"search_term_string\"}}],\"inLanguage\":\"fr-FR\"},{\"@type\":\"Organization\",\"@id\":\"https:\/\/228news.tg\/#organization\",\"name\":\"228 News\",\"url\":\"https:\/\/228news.tg\/\",\"logo\":{\"@type\":\"ImageObject\",\"inLanguage\":\"fr-FR\",\"@id\":\"https:\/\/228news.tg\/#\/schema\/logo\/image\/\",\"url\":\"https:\/\/228news.tg\/wp-content\/uploads\/2024\/09\/logonew.png\",\"contentUrl\":\"https:\/\/228news.tg\/wp-content\/uploads\/2024\/09\/logonew.png\",\"width\":1640,\"height\":364,\"caption\":\"228 News\"},\"image\":{\"@id\":\"https:\/\/228news.tg\/#\/schema\/logo\/image\/\"}},{\"@type\":\"Person\",\"@id\":\"https:\/\/228news.tg\/#\/schema\/person\/68d5a6cc0230290e61235c8379523f52\",\"name\":\"Bienvenu SAVI\",\"image\":{\"@type\":\"ImageObject\",\"inLanguage\":\"fr-FR\",\"@id\":\"https:\/\/228news.tg\/#\/schema\/person\/image\/\",\"url\":\"https:\/\/secure.gravatar.com\/avatar\/9db91895c559e510509c33a3e9683998458e9b828fac36d5d1aa23f0f2fd369b?s=96&d=mm&r=g\",\"contentUrl\":\"https:\/\/secure.gravatar.com\/avatar\/9db91895c559e510509c33a3e9683998458e9b828fac36d5d1aa23f0f2fd369b?s=96&d=mm&r=g\",\"caption\":\"Bienvenu SAVI\"},\"url\":\"https:\/\/228news.tg\/index.php\/author\/bienvenu\/\"}]}<\/script>\n<!-- \/ Yoast SEO plugin. -->","yoast_head_json":{"title":"PUDC: Un levier de d\u00e9veloppement du Togo - 228 News","robots":{"index":"index","follow":"follow","max-snippet":"max-snippet:-1","max-image-preview":"max-image-preview:large","max-video-preview":"max-video-preview:-1"},"canonical":"https:\/\/228news.tg\/index.php\/2018\/07\/20\/pudc-un-levier-de-developpement-du-togo-2\/","og_locale":"fr_FR","og_type":"article","og_title":"PUDC: Un levier de d\u00e9veloppement du Togo - 228 News","og_description":"\u0398228news (Lom\u00e9, le 20 juillet 2018)- Le Programme d\u2019urgence de d\u00e9veloppement communautaire (PUDC) acc\u00e9l\u00e8re l\u2019acc\u00e8s des populations pauvres aux infrastructures, \u00e9quipements et services. Initi\u00e9 par le gouvernement togolais en f\u00e9vrier 2016 avec l\u2019appui du PNUD, le PUDC entend, sur trois ans, r\u00e9duire les in\u00e9galit\u00e9s sociales en impliquant les populations dans leur propre d\u00e9veloppement \u00e9conomique et ... Lire la suite","og_url":"https:\/\/228news.tg\/index.php\/2018\/07\/20\/pudc-un-levier-de-developpement-du-togo-2\/","og_site_name":"228 News","article_published_time":"2018-07-20T12:51:55+00:00","og_image":[{"url":"http:\/\/24heureinfo.com\/wp-content\/uploads\/2018\/07\/PUDC-1-300x199.jpeg","type":"","width":"","height":""}],"author":"Bienvenu SAVI","twitter_card":"summary_large_image","twitter_misc":{"\u00c9crit par":"Bienvenu SAVI","Dur\u00e9e de lecture estim\u00e9e":"3 minutes"},"schema":{"@context":"https:\/\/schema.org","@graph":[{"@type":"Article","@id":"https:\/\/228news.tg\/index.php\/2018\/07\/20\/pudc-un-levier-de-developpement-du-togo-2\/#article","isPartOf":{"@id":"https:\/\/228news.tg\/index.php\/2018\/07\/20\/pudc-un-levier-de-developpement-du-togo-2\/"},"author":{"name":"Bienvenu SAVI","@id":"https:\/\/228news.tg\/#\/schema\/person\/68d5a6cc0230290e61235c8379523f52"},"headline":"PUDC: Un levier de d\u00e9veloppement du Togo","datePublished":"2018-07-20T12:51:55+00:00","mainEntityOfPage":{"@id":"https:\/\/228news.tg\/index.php\/2018\/07\/20\/pudc-un-levier-de-developpement-du-togo-2\/"},"wordCount":553,"commentCount":0,"publisher":{"@id":"https:\/\/228news.tg\/#organization"},"image":{"@id":"https:\/\/228news.tg\/index.php\/2018\/07\/20\/pudc-un-levier-de-developpement-du-togo-2\/#primaryimage"},"thumbnailUrl":"","articleSection":["DEVELOPPEMENT","Flash","TOGO","Une"],"inLanguage":"fr-FR","potentialAction":[{"@type":"CommentAction","name":"Comment","target":["https:\/\/228news.tg\/index.php\/2018\/07\/20\/pudc-un-levier-de-developpement-du-togo-2\/#respond"]}]},{"@type":"WebPage","@id":"https:\/\/228news.tg\/index.php\/2018\/07\/20\/pudc-un-levier-de-developpement-du-togo-2\/","url":"https:\/\/228news.tg\/index.php\/2018\/07\/20\/pudc-un-levier-de-developpement-du-togo-2\/","name":"PUDC: Un levier de d\u00e9veloppement du Togo - 228 News","isPartOf":{"@id":"https:\/\/228news.tg\/#website"},"primaryImageOfPage":{"@id":"https:\/\/228news.tg\/index.php\/2018\/07\/20\/pudc-un-levier-de-developpement-du-togo-2\/#primaryimage"},"image":{"@id":"https:\/\/228news.tg\/index.php\/2018\/07\/20\/pudc-un-levier-de-developpement-du-togo-2\/#primaryimage"},"thumbnailUrl":"","datePublished":"2018-07-20T12:51:55+00:00","breadcrumb":{"@id":"https:\/\/228news.tg\/index.php\/2018\/07\/20\/pudc-un-levier-de-developpement-du-togo-2\/#breadcrumb"},"inLanguage":"fr-FR","potentialAction":[{"@type":"ReadAction","target":["https:\/\/228news.tg\/index.php\/2018\/07\/20\/pudc-un-levier-de-developpement-du-togo-2\/"]}]},{"@type":"ImageObject","inLanguage":"fr-FR","@id":"https:\/\/228news.tg\/index.php\/2018\/07\/20\/pudc-un-levier-de-developpement-du-togo-2\/#primaryimage","url":"","contentUrl":""},{"@type":"BreadcrumbList","@id":"https:\/\/228news.tg\/index.php\/2018\/07\/20\/pudc-un-levier-de-developpement-du-togo-2\/#breadcrumb","itemListElement":[{"@type":"ListItem","position":1,"name":"Home","item":"https:\/\/228news.tg\/"},{"@type":"ListItem","position":2,"name":"PUDC: Un levier de d\u00e9veloppement du Togo"}]},{"@type":"WebSite","@id":"https:\/\/228news.tg\/#website","url":"https:\/\/228news.tg\/","name":"228 News","description":"Soci\u00e9t\u00e9 de m\u00e9dias et d\u2019actualit\u00e9s","publisher":{"@id":"https:\/\/228news.tg\/#organization"},"potentialAction":[{"@type":"SearchAction","target":{"@type":"EntryPoint","urlTemplate":"https:\/\/228news.tg\/?s={search_term_string}"},"query-input":{"@type":"PropertyValueSpecification","valueRequired":true,"valueName":"search_term_string"}}],"inLanguage":"fr-FR"},{"@type":"Organization","@id":"https:\/\/228news.tg\/#organization","name":"228 News","url":"https:\/\/228news.tg\/","logo":{"@type":"ImageObject","inLanguage":"fr-FR","@id":"https:\/\/228news.tg\/#\/schema\/logo\/image\/","url":"https:\/\/228news.tg\/wp-content\/uploads\/2024\/09\/logonew.png","contentUrl":"https:\/\/228news.tg\/wp-content\/uploads\/2024\/09\/logonew.png","width":1640,"height":364,"caption":"228 News"},"image":{"@id":"https:\/\/228news.tg\/#\/schema\/logo\/image\/"}},{"@type":"Person","@id":"https:\/\/228news.tg\/#\/schema\/person\/68d5a6cc0230290e61235c8379523f52","name":"Bienvenu SAVI","image":{"@type":"ImageObject","inLanguage":"fr-FR","@id":"https:\/\/228news.tg\/#\/schema\/person\/image\/","url":"https:\/\/secure.gravatar.com\/avatar\/9db91895c559e510509c33a3e9683998458e9b828fac36d5d1aa23f0f2fd369b?s=96&d=mm&r=g","contentUrl":"https:\/\/secure.gravatar.com\/avatar\/9db91895c559e510509c33a3e9683998458e9b828fac36d5d1aa23f0f2fd369b?s=96&d=mm&r=g","caption":"Bienvenu SAVI"},"url":"https:\/\/228news.tg\/index.php\/author\/bienvenu\/"}]}},"jetpack_featured_media_url":"","_links":{"self":[{"href":"https:\/\/228news.tg\/index.php\/wp-json\/wp\/v2\/posts\/14517","targetHints":{"allow":["GET"]}}],"collection":[{"href":"https:\/\/228news.tg\/index.php\/wp-json\/wp\/v2\/posts"}],"about":[{"href":"https:\/\/228news.tg\/index.php\/wp-json\/wp\/v2\/types\/post"}],"author":[{"embeddable":true,"href":"https:\/\/228news.tg\/index.php\/wp-json\/wp\/v2\/users\/2"}],"replies":[{"embeddable":true,"href":"https:\/\/228news.tg\/index.php\/wp-json\/wp\/v2\/comments?post=14517"}],"version-history":[{"count":0,"href":"https:\/\/228news.tg\/index.php\/wp-json\/wp\/v2\/posts\/14517\/revisions"}],"wp:featuredmedia":[{"embeddable":true,"href":"https:\/\/228news.tg\/index.php\/wp-json\/wp\/v2\/posts\/3035"}],"wp:attachment":[{"href":"https:\/\/228news.tg\/index.php\/wp-json\/wp\/v2\/media?parent=14517"}],"wp:term":[{"taxonomy":"category","embeddable":true,"href":"https:\/\/228news.tg\/index.php\/wp-json\/wp\/v2\/categories?post=14517"},{"taxonomy":"post_tag","embeddable":true,"href":"https:\/\/228news.tg\/index.php\/wp-json\/wp\/v2\/tags?post=14517"}],"curies":[{"name":"wp","href":"https:\/\/api.w.org\/{rel}","templated":true}]}}