{"id":14513,"date":"2018-07-18T16:26:04","date_gmt":"2018-07-18T16:26:04","guid":{"rendered":"http:\/\/localhost\/site\/228news\/?p=3010"},"modified":"2018-07-18T16:26:04","modified_gmt":"2018-07-18T16:26:04","slug":"declaration-des-nations-unies-pour-la-protection-des-defenseurs-des-droits-de-lhomme20-ans-apres-la-ctddh-tire-la-sonnette-dalarme-2","status":"publish","type":"post","link":"https:\/\/228news.tg\/index.php\/2018\/07\/18\/declaration-des-nations-unies-pour-la-protection-des-defenseurs-des-droits-de-lhomme20-ans-apres-la-ctddh-tire-la-sonnette-dalarme-2\/","title":{"rendered":"D\u00e9claration des Nations Unies pour la protection des d\u00e9fenseurs des droits de l&rsquo;homme,20 ans apr\u00e8s! La CTDDH tire la sonnette d&rsquo;alarme"},"content":{"rendered":"<p>\u0398228news (Lom\u00e9, le 18 juillet 2018)-\u00a0En d\u00e9cembre1998, les Nations Unies ont adopt\u00e9 une d\u00e9claration en faveur de la protection des d\u00e9fenseurs des droits de l&rsquo;homme. Intitul\u00e9e D\u00e9claration sir le droit et la responsabilit\u00e9 des individus, groupes et organes de la soci\u00e9t\u00e9 de promouvoir et prot\u00e9ger les droits de l&rsquo;homme et les libert\u00e9s fondamentales universellement reconnus, cette d\u00e9claration qui interpelle tous les acteurs, qu&rsquo;ils soient \u00e9tatiques ou non, f\u00eate cette ann\u00e9e ses vingt ans.<br \/>\nAfin. de comm\u00e9morer l&rsquo;\u00e9v\u00e9nement et d&rsquo;attirer davantage l&rsquo;attention de tous sur l&rsquo;int\u00e9r\u00eat qui doit \u00eatre port\u00e9 sur cette protection due aux d\u00e9fenseurs des droits humains, la Coalition Togolaise des D\u00e9fenseurs des Droits Humains ( CTDDH) a lanc\u00e9 ce mercredi 18 juillet a Lom\u00e9 une grande campagne de sensibilisation et de vulgarisation de cette d\u00e9claration.<br \/>\nAvec pour th\u00e8me \u00a0\u00bb Quelle protection pour les d\u00e9fenseurs des droits de l&rsquo;homme\u00a0\u00bb, cette campagne des 20 ans de la d\u00e9claration. sur les d\u00e9fenseurs des droits de l&rsquo;homme vis\u00e9 \u00e0 attirer l&rsquo;attention de tous les acteurs sur la n\u00e9cessit\u00e9 de cr\u00e9er un cadre ad\u00e9quat pour l&rsquo;exercice de la d\u00e9fense des droits de l&rsquo;homme au Togo.<br \/>\nSouvent pris \u00e0 parti par une partir ou une autre, en l&rsquo;occurrence par les politiques, les d\u00e9fenseurs des droits de l&rsquo;homme sont \u00e0 tort assimil\u00e9s \u00e0 des acteurs imbus d&rsquo;int\u00e9r\u00eats cach\u00e9s et \u00e9go\u00efstes et embastill\u00e9s, brim\u00e9s et victimes d&rsquo;autres pr\u00e9jug\u00e9s.<br \/>\n\u00a0\u00bb Il s&rsquo;agit pour nous donc de changer les mentalit\u00e9s de nos gouvernants, acteurs et populations sur les pr\u00e9jug\u00e9s qui entourent l&rsquo;exercice de la d\u00e9fense des droits humains. Tout le monde \u00e0 un moment donn\u00e9 est appel\u00e9 \u00e0 d\u00e9fendre son. prochain sur un sujet donn\u00e9 si les droits de ce dernier sont bafou\u00e9s. Il convient de d\u00e9finir un cadre propice et s\u00fbr pour que cela se fasse. \u00c0 travers cette campagne, nous esp\u00e9rons amener tout \u00e0 chacun \u00e0 prendre conscience de notre situation afin que les responsabilit\u00e9s n\u00e9cessaires soient prises.\u00a0\u00bb a confi\u00e9 M. N&rsquo;Cou\u00e9 Bonaventure Mawuvi, Pr\u00e9sident de la CTDDH, lors de la conf\u00e9rence de presse de lancement de la campagne.<br \/>\nDurant les \u00e9missions d\u00e9bats sur les cha\u00eenes m\u00e9diatiques, les campagnes de sensibilisation sur en l&rsquo;endroit de des populations et de certaines cibles, la CTDDH compte tout plaider pour la protection, la promotion et l&rsquo;efficacit\u00e9 de la lutte pour les le respect des droits de l&rsquo;homme, cr\u00e9er un cadre propice d&rsquo;exercice de ces droits, plaider pour que le gouvernement examin\u00e9 les cas de ces d\u00e9fenseurs des droits de l&rsquo;homme actuellement d\u00e9tenus en prison, dans le cadre de leur exercice,&#8230;<\/p>\n<p>Pour les besoins de la campagne, la CTDDH \u00e0 confectionn\u00e9 un petit document\u00a0 sous forme de passepeport afin que toout le monde puisse se l&rsquo;approprier, contenant la d\u00e9claration qu&rsquo;elle compte vulgariser partout.<br \/>\n<em><strong>D\u00e9mocrate <\/strong><\/em><br \/>\n<em><strong>(00228) 91 85 40 14<\/strong><\/em><br \/>\n<em><strong>98 60 67 68<\/strong><\/em><br \/>\n<em><strong>democrate2010@gmail.com<\/strong><\/em><\/p>\n","protected":false},"excerpt":{"rendered":"<p>\u0398228news (Lom\u00e9, le 18 juillet 2018)-\u00a0En d\u00e9cembre1998, les Nations Unies ont adopt\u00e9 une d\u00e9claration en faveur de la protection des d\u00e9fenseurs des droits de l&rsquo;homme. Intitul\u00e9e D\u00e9claration sir le droit et la responsabilit\u00e9 des individus, groupes et organes de la soci\u00e9t\u00e9 de promouvoir et prot\u00e9ger les droits de l&rsquo;homme et les libert\u00e9s fondamentales universellement reconnus, &#8230; <a title=\"D\u00e9claration des Nations Unies pour la protection des d\u00e9fenseurs des droits de l&rsquo;homme,20 ans apr\u00e8s! La CTDDH tire la sonnette d&rsquo;alarme\" class=\"read-more\" href=\"https:\/\/228news.tg\/index.php\/2018\/07\/18\/declaration-des-nations-unies-pour-la-protection-des-defenseurs-des-droits-de-lhomme20-ans-apres-la-ctddh-tire-la-sonnette-dalarme-2\/\" aria-label=\"En savoir plus sur D\u00e9claration des Nations Unies pour la protection des d\u00e9fenseurs des droits de l&rsquo;homme,20 ans apr\u00e8s! La CTDDH tire la sonnette d&rsquo;alarme\">Lire la suite<\/a><\/p>\n","protected":false},"author":2,"featured_media":3011,"comment_status":"open","ping_status":"open","sticky":false,"template":"","format":"chat","meta":{"footnotes":""},"categories":[35,29,25,34],"tags":[],"class_list":["post-14513","post","type-post","status-publish","format-chat","has-post-thumbnail","hentry","category-flash","category-societe","category-togo","category-une","post_format-post-format-chat"],"yoast_head":"<!-- This site is optimized with the Yoast SEO plugin v26.4 - https:\/\/yoast.com\/wordpress\/plugins\/seo\/ -->\n<title>D\u00e9claration des Nations Unies pour la protection des d\u00e9fenseurs des droits de l&#039;homme,20 ans apr\u00e8s! La CTDDH tire la sonnette d&#039;alarme - 228 News<\/title>\n<meta name=\"robots\" content=\"index, follow, max-snippet:-1, max-image-preview:large, max-video-preview:-1\" \/>\n<link rel=\"canonical\" href=\"https:\/\/228news.tg\/index.php\/2018\/07\/18\/declaration-des-nations-unies-pour-la-protection-des-defenseurs-des-droits-de-lhomme20-ans-apres-la-ctddh-tire-la-sonnette-dalarme-2\/\" \/>\n<meta property=\"og:locale\" content=\"fr_FR\" \/>\n<meta property=\"og:type\" content=\"article\" \/>\n<meta property=\"og:title\" content=\"D\u00e9claration des Nations Unies pour la protection des d\u00e9fenseurs des droits de l&#039;homme,20 ans apr\u00e8s! La CTDDH tire la sonnette d&#039;alarme - 228 News\" \/>\n<meta property=\"og:description\" content=\"\u0398228news (Lom\u00e9, le 18 juillet 2018)-\u00a0En d\u00e9cembre1998, les Nations Unies ont adopt\u00e9 une d\u00e9claration en faveur de la protection des d\u00e9fenseurs des droits de l&rsquo;homme. Intitul\u00e9e D\u00e9claration sir le droit et la responsabilit\u00e9 des individus, groupes et organes de la soci\u00e9t\u00e9 de promouvoir et prot\u00e9ger les droits de l&rsquo;homme et les libert\u00e9s fondamentales universellement reconnus, ... Lire la suite\" \/>\n<meta property=\"og:url\" content=\"https:\/\/228news.tg\/index.php\/2018\/07\/18\/declaration-des-nations-unies-pour-la-protection-des-defenseurs-des-droits-de-lhomme20-ans-apres-la-ctddh-tire-la-sonnette-dalarme-2\/\" \/>\n<meta property=\"og:site_name\" content=\"228 News\" \/>\n<meta property=\"article:published_time\" content=\"2018-07-18T16:26:04+00:00\" \/>\n<meta name=\"author\" content=\"Bienvenu SAVI\" \/>\n<meta name=\"twitter:card\" content=\"summary_large_image\" \/>\n<meta name=\"twitter:label1\" content=\"\u00c9crit par\" \/>\n\t<meta name=\"twitter:data1\" content=\"Bienvenu SAVI\" \/>\n\t<meta name=\"twitter:label2\" content=\"Dur\u00e9e de lecture estim\u00e9e\" \/>\n\t<meta name=\"twitter:data2\" content=\"2 minutes\" \/>\n<script type=\"application\/ld+json\" class=\"yoast-schema-graph\">{\"@context\":\"https:\/\/schema.org\",\"@graph\":[{\"@type\":\"Article\",\"@id\":\"https:\/\/228news.tg\/index.php\/2018\/07\/18\/declaration-des-nations-unies-pour-la-protection-des-defenseurs-des-droits-de-lhomme20-ans-apres-la-ctddh-tire-la-sonnette-dalarme-2\/#article\",\"isPartOf\":{\"@id\":\"https:\/\/228news.tg\/index.php\/2018\/07\/18\/declaration-des-nations-unies-pour-la-protection-des-defenseurs-des-droits-de-lhomme20-ans-apres-la-ctddh-tire-la-sonnette-dalarme-2\/\"},\"author\":{\"name\":\"Bienvenu SAVI\",\"@id\":\"https:\/\/228news.tg\/#\/schema\/person\/68d5a6cc0230290e61235c8379523f52\"},\"headline\":\"D\u00e9claration des Nations Unies pour la protection des d\u00e9fenseurs des droits de l&rsquo;homme,20 ans apr\u00e8s! La CTDDH tire la sonnette d&rsquo;alarme\",\"datePublished\":\"2018-07-18T16:26:04+00:00\",\"mainEntityOfPage\":{\"@id\":\"https:\/\/228news.tg\/index.php\/2018\/07\/18\/declaration-des-nations-unies-pour-la-protection-des-defenseurs-des-droits-de-lhomme20-ans-apres-la-ctddh-tire-la-sonnette-dalarme-2\/\"},\"wordCount\":541,\"commentCount\":0,\"publisher\":{\"@id\":\"https:\/\/228news.tg\/#organization\"},\"image\":{\"@id\":\"https:\/\/228news.tg\/index.php\/2018\/07\/18\/declaration-des-nations-unies-pour-la-protection-des-defenseurs-des-droits-de-lhomme20-ans-apres-la-ctddh-tire-la-sonnette-dalarme-2\/#primaryimage\"},\"thumbnailUrl\":\"\",\"articleSection\":[\"Flash\",\"SOCIETE\",\"TOGO\",\"Une\"],\"inLanguage\":\"fr-FR\",\"potentialAction\":[{\"@type\":\"CommentAction\",\"name\":\"Comment\",\"target\":[\"https:\/\/228news.tg\/index.php\/2018\/07\/18\/declaration-des-nations-unies-pour-la-protection-des-defenseurs-des-droits-de-lhomme20-ans-apres-la-ctddh-tire-la-sonnette-dalarme-2\/#respond\"]}]},{\"@type\":\"WebPage\",\"@id\":\"https:\/\/228news.tg\/index.php\/2018\/07\/18\/declaration-des-nations-unies-pour-la-protection-des-defenseurs-des-droits-de-lhomme20-ans-apres-la-ctddh-tire-la-sonnette-dalarme-2\/\",\"url\":\"https:\/\/228news.tg\/index.php\/2018\/07\/18\/declaration-des-nations-unies-pour-la-protection-des-defenseurs-des-droits-de-lhomme20-ans-apres-la-ctddh-tire-la-sonnette-dalarme-2\/\",\"name\":\"D\u00e9claration des Nations Unies pour la protection des d\u00e9fenseurs des droits de l'homme,20 ans apr\u00e8s! La CTDDH tire la sonnette d'alarme - 228 News\",\"isPartOf\":{\"@id\":\"https:\/\/228news.tg\/#website\"},\"primaryImageOfPage\":{\"@id\":\"https:\/\/228news.tg\/index.php\/2018\/07\/18\/declaration-des-nations-unies-pour-la-protection-des-defenseurs-des-droits-de-lhomme20-ans-apres-la-ctddh-tire-la-sonnette-dalarme-2\/#primaryimage\"},\"image\":{\"@id\":\"https:\/\/228news.tg\/index.php\/2018\/07\/18\/declaration-des-nations-unies-pour-la-protection-des-defenseurs-des-droits-de-lhomme20-ans-apres-la-ctddh-tire-la-sonnette-dalarme-2\/#primaryimage\"},\"thumbnailUrl\":\"\",\"datePublished\":\"2018-07-18T16:26:04+00:00\",\"breadcrumb\":{\"@id\":\"https:\/\/228news.tg\/index.php\/2018\/07\/18\/declaration-des-nations-unies-pour-la-protection-des-defenseurs-des-droits-de-lhomme20-ans-apres-la-ctddh-tire-la-sonnette-dalarme-2\/#breadcrumb\"},\"inLanguage\":\"fr-FR\",\"potentialAction\":[{\"@type\":\"ReadAction\",\"target\":[\"https:\/\/228news.tg\/index.php\/2018\/07\/18\/declaration-des-nations-unies-pour-la-protection-des-defenseurs-des-droits-de-lhomme20-ans-apres-la-ctddh-tire-la-sonnette-dalarme-2\/\"]}]},{\"@type\":\"ImageObject\",\"inLanguage\":\"fr-FR\",\"@id\":\"https:\/\/228news.tg\/index.php\/2018\/07\/18\/declaration-des-nations-unies-pour-la-protection-des-defenseurs-des-droits-de-lhomme20-ans-apres-la-ctddh-tire-la-sonnette-dalarme-2\/#primaryimage\",\"url\":\"\",\"contentUrl\":\"\"},{\"@type\":\"BreadcrumbList\",\"@id\":\"https:\/\/228news.tg\/index.php\/2018\/07\/18\/declaration-des-nations-unies-pour-la-protection-des-defenseurs-des-droits-de-lhomme20-ans-apres-la-ctddh-tire-la-sonnette-dalarme-2\/#breadcrumb\",\"itemListElement\":[{\"@type\":\"ListItem\",\"position\":1,\"name\":\"Home\",\"item\":\"https:\/\/228news.tg\/\"},{\"@type\":\"ListItem\",\"position\":2,\"name\":\"D\u00e9claration des Nations Unies pour la protection des d\u00e9fenseurs des droits de l&rsquo;homme,20 ans apr\u00e8s! La CTDDH tire la sonnette d&rsquo;alarme\"}]},{\"@type\":\"WebSite\",\"@id\":\"https:\/\/228news.tg\/#website\",\"url\":\"https:\/\/228news.tg\/\",\"name\":\"228 News\",\"description\":\"Soci\u00e9t\u00e9 de m\u00e9dias et d\u2019actualit\u00e9s\",\"publisher\":{\"@id\":\"https:\/\/228news.tg\/#organization\"},\"potentialAction\":[{\"@type\":\"SearchAction\",\"target\":{\"@type\":\"EntryPoint\",\"urlTemplate\":\"https:\/\/228news.tg\/?s={search_term_string}\"},\"query-input\":{\"@type\":\"PropertyValueSpecification\",\"valueRequired\":true,\"valueName\":\"search_term_string\"}}],\"inLanguage\":\"fr-FR\"},{\"@type\":\"Organization\",\"@id\":\"https:\/\/228news.tg\/#organization\",\"name\":\"228 News\",\"url\":\"https:\/\/228news.tg\/\",\"logo\":{\"@type\":\"ImageObject\",\"inLanguage\":\"fr-FR\",\"@id\":\"https:\/\/228news.tg\/#\/schema\/logo\/image\/\",\"url\":\"https:\/\/228news.tg\/wp-content\/uploads\/2024\/09\/logonew.png\",\"contentUrl\":\"https:\/\/228news.tg\/wp-content\/uploads\/2024\/09\/logonew.png\",\"width\":1640,\"height\":364,\"caption\":\"228 News\"},\"image\":{\"@id\":\"https:\/\/228news.tg\/#\/schema\/logo\/image\/\"}},{\"@type\":\"Person\",\"@id\":\"https:\/\/228news.tg\/#\/schema\/person\/68d5a6cc0230290e61235c8379523f52\",\"name\":\"Bienvenu SAVI\",\"image\":{\"@type\":\"ImageObject\",\"inLanguage\":\"fr-FR\",\"@id\":\"https:\/\/228news.tg\/#\/schema\/person\/image\/\",\"url\":\"https:\/\/secure.gravatar.com\/avatar\/9db91895c559e510509c33a3e9683998458e9b828fac36d5d1aa23f0f2fd369b?s=96&d=mm&r=g\",\"contentUrl\":\"https:\/\/secure.gravatar.com\/avatar\/9db91895c559e510509c33a3e9683998458e9b828fac36d5d1aa23f0f2fd369b?s=96&d=mm&r=g\",\"caption\":\"Bienvenu SAVI\"},\"url\":\"https:\/\/228news.tg\/index.php\/author\/bienvenu\/\"}]}<\/script>\n<!-- \/ Yoast SEO plugin. -->","yoast_head_json":{"title":"D\u00e9claration des Nations Unies pour la protection des d\u00e9fenseurs des droits de l'homme,20 ans apr\u00e8s! La CTDDH tire la sonnette d'alarme - 228 News","robots":{"index":"index","follow":"follow","max-snippet":"max-snippet:-1","max-image-preview":"max-image-preview:large","max-video-preview":"max-video-preview:-1"},"canonical":"https:\/\/228news.tg\/index.php\/2018\/07\/18\/declaration-des-nations-unies-pour-la-protection-des-defenseurs-des-droits-de-lhomme20-ans-apres-la-ctddh-tire-la-sonnette-dalarme-2\/","og_locale":"fr_FR","og_type":"article","og_title":"D\u00e9claration des Nations Unies pour la protection des d\u00e9fenseurs des droits de l'homme,20 ans apr\u00e8s! La CTDDH tire la sonnette d'alarme - 228 News","og_description":"\u0398228news (Lom\u00e9, le 18 juillet 2018)-\u00a0En d\u00e9cembre1998, les Nations Unies ont adopt\u00e9 une d\u00e9claration en faveur de la protection des d\u00e9fenseurs des droits de l&rsquo;homme. Intitul\u00e9e D\u00e9claration sir le droit et la responsabilit\u00e9 des individus, groupes et organes de la soci\u00e9t\u00e9 de promouvoir et prot\u00e9ger les droits de l&rsquo;homme et les libert\u00e9s fondamentales universellement reconnus, ... Lire la suite","og_url":"https:\/\/228news.tg\/index.php\/2018\/07\/18\/declaration-des-nations-unies-pour-la-protection-des-defenseurs-des-droits-de-lhomme20-ans-apres-la-ctddh-tire-la-sonnette-dalarme-2\/","og_site_name":"228 News","article_published_time":"2018-07-18T16:26:04+00:00","author":"Bienvenu SAVI","twitter_card":"summary_large_image","twitter_misc":{"\u00c9crit par":"Bienvenu SAVI","Dur\u00e9e de lecture estim\u00e9e":"2 minutes"},"schema":{"@context":"https:\/\/schema.org","@graph":[{"@type":"Article","@id":"https:\/\/228news.tg\/index.php\/2018\/07\/18\/declaration-des-nations-unies-pour-la-protection-des-defenseurs-des-droits-de-lhomme20-ans-apres-la-ctddh-tire-la-sonnette-dalarme-2\/#article","isPartOf":{"@id":"https:\/\/228news.tg\/index.php\/2018\/07\/18\/declaration-des-nations-unies-pour-la-protection-des-defenseurs-des-droits-de-lhomme20-ans-apres-la-ctddh-tire-la-sonnette-dalarme-2\/"},"author":{"name":"Bienvenu SAVI","@id":"https:\/\/228news.tg\/#\/schema\/person\/68d5a6cc0230290e61235c8379523f52"},"headline":"D\u00e9claration des Nations Unies pour la protection des d\u00e9fenseurs des droits de l&rsquo;homme,20 ans apr\u00e8s! La CTDDH tire la sonnette d&rsquo;alarme","datePublished":"2018-07-18T16:26:04+00:00","mainEntityOfPage":{"@id":"https:\/\/228news.tg\/index.php\/2018\/07\/18\/declaration-des-nations-unies-pour-la-protection-des-defenseurs-des-droits-de-lhomme20-ans-apres-la-ctddh-tire-la-sonnette-dalarme-2\/"},"wordCount":541,"commentCount":0,"publisher":{"@id":"https:\/\/228news.tg\/#organization"},"image":{"@id":"https:\/\/228news.tg\/index.php\/2018\/07\/18\/declaration-des-nations-unies-pour-la-protection-des-defenseurs-des-droits-de-lhomme20-ans-apres-la-ctddh-tire-la-sonnette-dalarme-2\/#primaryimage"},"thumbnailUrl":"","articleSection":["Flash","SOCIETE","TOGO","Une"],"inLanguage":"fr-FR","potentialAction":[{"@type":"CommentAction","name":"Comment","target":["https:\/\/228news.tg\/index.php\/2018\/07\/18\/declaration-des-nations-unies-pour-la-protection-des-defenseurs-des-droits-de-lhomme20-ans-apres-la-ctddh-tire-la-sonnette-dalarme-2\/#respond"]}]},{"@type":"WebPage","@id":"https:\/\/228news.tg\/index.php\/2018\/07\/18\/declaration-des-nations-unies-pour-la-protection-des-defenseurs-des-droits-de-lhomme20-ans-apres-la-ctddh-tire-la-sonnette-dalarme-2\/","url":"https:\/\/228news.tg\/index.php\/2018\/07\/18\/declaration-des-nations-unies-pour-la-protection-des-defenseurs-des-droits-de-lhomme20-ans-apres-la-ctddh-tire-la-sonnette-dalarme-2\/","name":"D\u00e9claration des Nations Unies pour la protection des d\u00e9fenseurs des droits de l'homme,20 ans apr\u00e8s! La CTDDH tire la sonnette d'alarme - 228 News","isPartOf":{"@id":"https:\/\/228news.tg\/#website"},"primaryImageOfPage":{"@id":"https:\/\/228news.tg\/index.php\/2018\/07\/18\/declaration-des-nations-unies-pour-la-protection-des-defenseurs-des-droits-de-lhomme20-ans-apres-la-ctddh-tire-la-sonnette-dalarme-2\/#primaryimage"},"image":{"@id":"https:\/\/228news.tg\/index.php\/2018\/07\/18\/declaration-des-nations-unies-pour-la-protection-des-defenseurs-des-droits-de-lhomme20-ans-apres-la-ctddh-tire-la-sonnette-dalarme-2\/#primaryimage"},"thumbnailUrl":"","datePublished":"2018-07-18T16:26:04+00:00","breadcrumb":{"@id":"https:\/\/228news.tg\/index.php\/2018\/07\/18\/declaration-des-nations-unies-pour-la-protection-des-defenseurs-des-droits-de-lhomme20-ans-apres-la-ctddh-tire-la-sonnette-dalarme-2\/#breadcrumb"},"inLanguage":"fr-FR","potentialAction":[{"@type":"ReadAction","target":["https:\/\/228news.tg\/index.php\/2018\/07\/18\/declaration-des-nations-unies-pour-la-protection-des-defenseurs-des-droits-de-lhomme20-ans-apres-la-ctddh-tire-la-sonnette-dalarme-2\/"]}]},{"@type":"ImageObject","inLanguage":"fr-FR","@id":"https:\/\/228news.tg\/index.php\/2018\/07\/18\/declaration-des-nations-unies-pour-la-protection-des-defenseurs-des-droits-de-lhomme20-ans-apres-la-ctddh-tire-la-sonnette-dalarme-2\/#primaryimage","url":"","contentUrl":""},{"@type":"BreadcrumbList","@id":"https:\/\/228news.tg\/index.php\/2018\/07\/18\/declaration-des-nations-unies-pour-la-protection-des-defenseurs-des-droits-de-lhomme20-ans-apres-la-ctddh-tire-la-sonnette-dalarme-2\/#breadcrumb","itemListElement":[{"@type":"ListItem","position":1,"name":"Home","item":"https:\/\/228news.tg\/"},{"@type":"ListItem","position":2,"name":"D\u00e9claration des Nations Unies pour la protection des d\u00e9fenseurs des droits de l&rsquo;homme,20 ans apr\u00e8s! La CTDDH tire la sonnette d&rsquo;alarme"}]},{"@type":"WebSite","@id":"https:\/\/228news.tg\/#website","url":"https:\/\/228news.tg\/","name":"228 News","description":"Soci\u00e9t\u00e9 de m\u00e9dias et d\u2019actualit\u00e9s","publisher":{"@id":"https:\/\/228news.tg\/#organization"},"potentialAction":[{"@type":"SearchAction","target":{"@type":"EntryPoint","urlTemplate":"https:\/\/228news.tg\/?s={search_term_string}"},"query-input":{"@type":"PropertyValueSpecification","valueRequired":true,"valueName":"search_term_string"}}],"inLanguage":"fr-FR"},{"@type":"Organization","@id":"https:\/\/228news.tg\/#organization","name":"228 News","url":"https:\/\/228news.tg\/","logo":{"@type":"ImageObject","inLanguage":"fr-FR","@id":"https:\/\/228news.tg\/#\/schema\/logo\/image\/","url":"https:\/\/228news.tg\/wp-content\/uploads\/2024\/09\/logonew.png","contentUrl":"https:\/\/228news.tg\/wp-content\/uploads\/2024\/09\/logonew.png","width":1640,"height":364,"caption":"228 News"},"image":{"@id":"https:\/\/228news.tg\/#\/schema\/logo\/image\/"}},{"@type":"Person","@id":"https:\/\/228news.tg\/#\/schema\/person\/68d5a6cc0230290e61235c8379523f52","name":"Bienvenu SAVI","image":{"@type":"ImageObject","inLanguage":"fr-FR","@id":"https:\/\/228news.tg\/#\/schema\/person\/image\/","url":"https:\/\/secure.gravatar.com\/avatar\/9db91895c559e510509c33a3e9683998458e9b828fac36d5d1aa23f0f2fd369b?s=96&d=mm&r=g","contentUrl":"https:\/\/secure.gravatar.com\/avatar\/9db91895c559e510509c33a3e9683998458e9b828fac36d5d1aa23f0f2fd369b?s=96&d=mm&r=g","caption":"Bienvenu SAVI"},"url":"https:\/\/228news.tg\/index.php\/author\/bienvenu\/"}]}},"jetpack_featured_media_url":"","_links":{"self":[{"href":"https:\/\/228news.tg\/index.php\/wp-json\/wp\/v2\/posts\/14513","targetHints":{"allow":["GET"]}}],"collection":[{"href":"https:\/\/228news.tg\/index.php\/wp-json\/wp\/v2\/posts"}],"about":[{"href":"https:\/\/228news.tg\/index.php\/wp-json\/wp\/v2\/types\/post"}],"author":[{"embeddable":true,"href":"https:\/\/228news.tg\/index.php\/wp-json\/wp\/v2\/users\/2"}],"replies":[{"embeddable":true,"href":"https:\/\/228news.tg\/index.php\/wp-json\/wp\/v2\/comments?post=14513"}],"version-history":[{"count":0,"href":"https:\/\/228news.tg\/index.php\/wp-json\/wp\/v2\/posts\/14513\/revisions"}],"wp:featuredmedia":[{"embeddable":true,"href":"https:\/\/228news.tg\/index.php\/wp-json\/wp\/v2\/posts\/3011"}],"wp:attachment":[{"href":"https:\/\/228news.tg\/index.php\/wp-json\/wp\/v2\/media?parent=14513"}],"wp:term":[{"taxonomy":"category","embeddable":true,"href":"https:\/\/228news.tg\/index.php\/wp-json\/wp\/v2\/categories?post=14513"},{"taxonomy":"post_tag","embeddable":true,"href":"https:\/\/228news.tg\/index.php\/wp-json\/wp\/v2\/tags?post=14513"}],"curies":[{"name":"wp","href":"https:\/\/api.w.org\/{rel}","templated":true}]}}