{"id":14512,"date":"2018-07-06T10:47:07","date_gmt":"2018-07-06T10:47:07","guid":{"rendered":"http:\/\/localhost\/site\/228news\/?p=3002"},"modified":"2018-07-06T10:47:07","modified_gmt":"2018-07-06T10:47:07","slug":"redd-la-version-1-de-la-strategie-nationale-validee-ce-vendredi-2","status":"publish","type":"post","link":"https:\/\/228news.tg\/index.php\/2018\/07\/06\/redd-la-version-1-de-la-strategie-nationale-validee-ce-vendredi-2\/","title":{"rendered":"Redd+: La version 1 de la strat\u00e9gie nationale valid\u00e9e ce vendredi"},"content":{"rendered":"<p>\u0398228news (Lom\u00e9, le 06 juillet 2018)- La version 1 de la strat\u00e9gie Redd+ du Togo devrait \u00eatre valid\u00e9e ce vendredi 06 juillet 2018 au terme de l&rsquo;atelier national de validation ouvert par le ministre de l&rsquo;environnement et des ressources foresti\u00e8res, Andr\u00e9 Johnson qui a salu\u00e9 un processus d&rsquo;\u00e9laboration innovant et participatif, impliquant toutes les cat\u00e9gories d&rsquo;acteurs dans le diagnostic de la situation de r\u00e9f\u00e9rence et le choix des options strat\u00e9giques, ainsi que les m\u00e9canismes de mise en \u0153uvre des actions programm\u00e9es.<\/p>\n<p>\u00ab\u00a0La strat\u00e9gie nationale constitue une opportunit\u00e9 de proposer des mesures \u00e0 court, moyen et long termes permettant de faire face \u00e0 tous les d\u00e9fis li\u00e9s \u00e0 la d\u00e9forestation et \u00e0 la d\u00e9gradation des for\u00eats, en assurant une gestion durable des for\u00eats, l&rsquo;augmentation des stocks de carbone et la pr\u00e9servation de la biodiversit\u00e9\u00a0\u00bb, a confi\u00e9 le ministre.<br \/>\nM. Assih Hemou, Coordonnateur national de la Redd+ \u00e0 pour sa part rappel\u00e9 les objectifs principaux de l&rsquo;atelier de m\u00eame que les r\u00e9sultats attendus dans la suite de la validation de ce draft.<img fetchpriority=\"high\" decoding=\"async\" class=\"size-medium wp-image-3004 alignright\" src=\"http:\/\/localhost\/site\/228news\/wp-content\/uploads\/2018\/07\/IMG_20180705_094029-300x225.jpg\" alt=\"\" width=\"300\" height=\"225\" \/><br \/>\nPour lui, il sera question d\u2019analyser, d\u2019am\u00e9liorer et de valider la version 1 de la strat\u00e9gie REDD+ du Togo dans une approche participative, de partager avec les acteurs l\u2019ensemble des mesures programmatiques et politiques retenues pour r\u00e9duire le d\u00e9boisement et\/ou la d\u00e9gradation des for\u00eats, et de pr\u00e9server et renforcer les stocks de carbone au Togo\u00a0; il sera \u00e9galement question de \u00ab\u00a0faire une analyse critique avec les parties prenantes des options strat\u00e9giques REDD+ retenues, ainsi que les m\u00e9canismes op\u00e9rationnels de mise en \u0153uvre des actions programm\u00e9es, d&rsquo;\u00e9changer, am\u00e9liorer le contenu du document, formuler des recommandations et des orientations visant \u00e0 corriger les lacunes juridiques, r\u00e9glementaires et institutionnelles et le manque de capacit\u00e9s qui font obstacle \u00e0 l\u2019efficacit\u00e9 des actions engag\u00e9es pour venir \u00e0 bout des causes du d\u00e9boisement et de la d\u00e9gradation des for\u00eats au Togo tout en tenant compte des consid\u00e9rations environnementales et sociales prioritaires.\u00a0\u00bb<br \/>\nIl a pour finir, fait part de son esp\u00e9rance quant \u00e0 l&rsquo;inversion de la tendance \u00e0 la d\u00e9gradation et \u00e0 la d\u00e9forestation. Ceci devrait passer par des choix strat\u00e9giques issus de ce document, d&rsquo;une observation g\u00e9n\u00e9rale des r\u00e9sultats de la mise en \u0153uvre de choix avant l&rsquo;\u00e9laboration d&rsquo;une version 2 de la strat\u00e9gie.<br \/>\nEn rappel, pour relever son image apr\u00e8s qu\u2019il soit class\u00e9 en 2010 comme un pays \u00e0 fort taux de d\u00e9forestation (5,1%) et de faible couverture foresti\u00e8re, le Gouvernement togolais, par l\u2019entremise du Minist\u00e8re de l\u2019environnement et des ressources foresti\u00e8res (MERF), a \u00e9labor\u00e9 sa proposition de mesures pour l\u2019\u00e9tat de pr\u00e9paration (R-PP) \u00e0 la REDD+ et a obtenu un appui financier du Fonds de partenariat pour le carbone forestier (FCPF), par l\u2019interm\u00e9diaire de la Banque mondiale, pour la mise en \u0153uvre du projet de soutien \u00e0 la pr\u00e9paration \u00e0 la REDD+ (P-REDD+).<br \/>\nDans le cadre de la validation de la version 1 de la strat\u00e9gie nationale Redd+ , la coordination nationale de la pr\u00e9paration \u00e0 la Redd+ a organis\u00e9 des ateliers r\u00e9gionaux \u00e0 Dapaong, Kara, Sokod\u00e9, Atakpam\u00e9 et Tsevi\u00e9 du 20 au 28 juin derniers.<br \/>\n<em><strong>D\u00e9mocrate <\/strong><\/em><br \/>\n<em><strong>(00228) 91 85 40 14<\/strong><\/em><br \/>\n<em><strong>98 60 67 68<\/strong><\/em><br \/>\n<em><strong>democrate2010@gmail.com<\/strong><\/em><\/p>\n","protected":false},"excerpt":{"rendered":"<p>\u0398228news (Lom\u00e9, le 06 juillet 2018)- La version 1 de la strat\u00e9gie Redd+ du Togo devrait \u00eatre valid\u00e9e ce vendredi 06 juillet 2018 au terme de l&rsquo;atelier national de validation ouvert par le ministre de l&rsquo;environnement et des ressources foresti\u00e8res, Andr\u00e9 Johnson qui a salu\u00e9 un processus d&rsquo;\u00e9laboration innovant et participatif, impliquant toutes les cat\u00e9gories &#8230; <a title=\"Redd+: La version 1 de la strat\u00e9gie nationale valid\u00e9e ce vendredi\" class=\"read-more\" href=\"https:\/\/228news.tg\/index.php\/2018\/07\/06\/redd-la-version-1-de-la-strategie-nationale-validee-ce-vendredi-2\/\" aria-label=\"En savoir plus sur Redd+: La version 1 de la strat\u00e9gie nationale valid\u00e9e ce vendredi\">Lire la suite<\/a><\/p>\n","protected":false},"author":2,"featured_media":3003,"comment_status":"open","ping_status":"open","sticky":false,"template":"","format":"chat","meta":{"footnotes":""},"categories":[31,35,25,34],"tags":[],"class_list":["post-14512","post","type-post","status-publish","format-chat","has-post-thumbnail","hentry","category-developpement","category-flash","category-togo","category-une","post_format-post-format-chat"],"yoast_head":"<!-- This site is optimized with the Yoast SEO plugin v26.4 - https:\/\/yoast.com\/wordpress\/plugins\/seo\/ -->\n<title>Redd+: La version 1 de la strat\u00e9gie nationale valid\u00e9e ce vendredi - 228 News<\/title>\n<meta name=\"robots\" content=\"index, follow, max-snippet:-1, max-image-preview:large, max-video-preview:-1\" \/>\n<link rel=\"canonical\" href=\"https:\/\/228news.tg\/index.php\/2018\/07\/06\/redd-la-version-1-de-la-strategie-nationale-validee-ce-vendredi-2\/\" \/>\n<meta property=\"og:locale\" content=\"fr_FR\" \/>\n<meta property=\"og:type\" content=\"article\" \/>\n<meta property=\"og:title\" content=\"Redd+: La version 1 de la strat\u00e9gie nationale valid\u00e9e ce vendredi - 228 News\" \/>\n<meta property=\"og:description\" content=\"\u0398228news (Lom\u00e9, le 06 juillet 2018)- La version 1 de la strat\u00e9gie Redd+ du Togo devrait \u00eatre valid\u00e9e ce vendredi 06 juillet 2018 au terme de l&rsquo;atelier national de validation ouvert par le ministre de l&rsquo;environnement et des ressources foresti\u00e8res, Andr\u00e9 Johnson qui a salu\u00e9 un processus d&rsquo;\u00e9laboration innovant et participatif, impliquant toutes les cat\u00e9gories ... Lire la suite\" \/>\n<meta property=\"og:url\" content=\"https:\/\/228news.tg\/index.php\/2018\/07\/06\/redd-la-version-1-de-la-strategie-nationale-validee-ce-vendredi-2\/\" \/>\n<meta property=\"og:site_name\" content=\"228 News\" \/>\n<meta property=\"article:published_time\" content=\"2018-07-06T10:47:07+00:00\" \/>\n<meta property=\"og:image\" content=\"http:\/\/localhost\/site\/228news\/wp-content\/uploads\/2018\/07\/IMG_20180705_094029-300x225.jpg\" \/>\n<meta name=\"author\" content=\"Bienvenu SAVI\" \/>\n<meta name=\"twitter:card\" content=\"summary_large_image\" \/>\n<meta name=\"twitter:label1\" content=\"\u00c9crit par\" \/>\n\t<meta name=\"twitter:data1\" content=\"Bienvenu SAVI\" \/>\n\t<meta name=\"twitter:label2\" content=\"Dur\u00e9e de lecture estim\u00e9e\" \/>\n\t<meta name=\"twitter:data2\" content=\"3 minutes\" \/>\n<script type=\"application\/ld+json\" class=\"yoast-schema-graph\">{\"@context\":\"https:\/\/schema.org\",\"@graph\":[{\"@type\":\"Article\",\"@id\":\"https:\/\/228news.tg\/index.php\/2018\/07\/06\/redd-la-version-1-de-la-strategie-nationale-validee-ce-vendredi-2\/#article\",\"isPartOf\":{\"@id\":\"https:\/\/228news.tg\/index.php\/2018\/07\/06\/redd-la-version-1-de-la-strategie-nationale-validee-ce-vendredi-2\/\"},\"author\":{\"name\":\"Bienvenu SAVI\",\"@id\":\"https:\/\/228news.tg\/#\/schema\/person\/68d5a6cc0230290e61235c8379523f52\"},\"headline\":\"Redd+: La version 1 de la strat\u00e9gie nationale valid\u00e9e ce vendredi\",\"datePublished\":\"2018-07-06T10:47:07+00:00\",\"mainEntityOfPage\":{\"@id\":\"https:\/\/228news.tg\/index.php\/2018\/07\/06\/redd-la-version-1-de-la-strategie-nationale-validee-ce-vendredi-2\/\"},\"wordCount\":568,\"commentCount\":0,\"publisher\":{\"@id\":\"https:\/\/228news.tg\/#organization\"},\"image\":{\"@id\":\"https:\/\/228news.tg\/index.php\/2018\/07\/06\/redd-la-version-1-de-la-strategie-nationale-validee-ce-vendredi-2\/#primaryimage\"},\"thumbnailUrl\":\"\",\"articleSection\":[\"DEVELOPPEMENT\",\"Flash\",\"TOGO\",\"Une\"],\"inLanguage\":\"fr-FR\",\"potentialAction\":[{\"@type\":\"CommentAction\",\"name\":\"Comment\",\"target\":[\"https:\/\/228news.tg\/index.php\/2018\/07\/06\/redd-la-version-1-de-la-strategie-nationale-validee-ce-vendredi-2\/#respond\"]}]},{\"@type\":\"WebPage\",\"@id\":\"https:\/\/228news.tg\/index.php\/2018\/07\/06\/redd-la-version-1-de-la-strategie-nationale-validee-ce-vendredi-2\/\",\"url\":\"https:\/\/228news.tg\/index.php\/2018\/07\/06\/redd-la-version-1-de-la-strategie-nationale-validee-ce-vendredi-2\/\",\"name\":\"Redd+: La version 1 de la strat\u00e9gie nationale valid\u00e9e ce vendredi - 228 News\",\"isPartOf\":{\"@id\":\"https:\/\/228news.tg\/#website\"},\"primaryImageOfPage\":{\"@id\":\"https:\/\/228news.tg\/index.php\/2018\/07\/06\/redd-la-version-1-de-la-strategie-nationale-validee-ce-vendredi-2\/#primaryimage\"},\"image\":{\"@id\":\"https:\/\/228news.tg\/index.php\/2018\/07\/06\/redd-la-version-1-de-la-strategie-nationale-validee-ce-vendredi-2\/#primaryimage\"},\"thumbnailUrl\":\"\",\"datePublished\":\"2018-07-06T10:47:07+00:00\",\"breadcrumb\":{\"@id\":\"https:\/\/228news.tg\/index.php\/2018\/07\/06\/redd-la-version-1-de-la-strategie-nationale-validee-ce-vendredi-2\/#breadcrumb\"},\"inLanguage\":\"fr-FR\",\"potentialAction\":[{\"@type\":\"ReadAction\",\"target\":[\"https:\/\/228news.tg\/index.php\/2018\/07\/06\/redd-la-version-1-de-la-strategie-nationale-validee-ce-vendredi-2\/\"]}]},{\"@type\":\"ImageObject\",\"inLanguage\":\"fr-FR\",\"@id\":\"https:\/\/228news.tg\/index.php\/2018\/07\/06\/redd-la-version-1-de-la-strategie-nationale-validee-ce-vendredi-2\/#primaryimage\",\"url\":\"\",\"contentUrl\":\"\"},{\"@type\":\"BreadcrumbList\",\"@id\":\"https:\/\/228news.tg\/index.php\/2018\/07\/06\/redd-la-version-1-de-la-strategie-nationale-validee-ce-vendredi-2\/#breadcrumb\",\"itemListElement\":[{\"@type\":\"ListItem\",\"position\":1,\"name\":\"Home\",\"item\":\"https:\/\/228news.tg\/\"},{\"@type\":\"ListItem\",\"position\":2,\"name\":\"Redd+: La version 1 de la strat\u00e9gie nationale valid\u00e9e ce vendredi\"}]},{\"@type\":\"WebSite\",\"@id\":\"https:\/\/228news.tg\/#website\",\"url\":\"https:\/\/228news.tg\/\",\"name\":\"228 News\",\"description\":\"Soci\u00e9t\u00e9 de m\u00e9dias et d\u2019actualit\u00e9s\",\"publisher\":{\"@id\":\"https:\/\/228news.tg\/#organization\"},\"potentialAction\":[{\"@type\":\"SearchAction\",\"target\":{\"@type\":\"EntryPoint\",\"urlTemplate\":\"https:\/\/228news.tg\/?s={search_term_string}\"},\"query-input\":{\"@type\":\"PropertyValueSpecification\",\"valueRequired\":true,\"valueName\":\"search_term_string\"}}],\"inLanguage\":\"fr-FR\"},{\"@type\":\"Organization\",\"@id\":\"https:\/\/228news.tg\/#organization\",\"name\":\"228 News\",\"url\":\"https:\/\/228news.tg\/\",\"logo\":{\"@type\":\"ImageObject\",\"inLanguage\":\"fr-FR\",\"@id\":\"https:\/\/228news.tg\/#\/schema\/logo\/image\/\",\"url\":\"https:\/\/228news.tg\/wp-content\/uploads\/2024\/09\/logonew.png\",\"contentUrl\":\"https:\/\/228news.tg\/wp-content\/uploads\/2024\/09\/logonew.png\",\"width\":1640,\"height\":364,\"caption\":\"228 News\"},\"image\":{\"@id\":\"https:\/\/228news.tg\/#\/schema\/logo\/image\/\"}},{\"@type\":\"Person\",\"@id\":\"https:\/\/228news.tg\/#\/schema\/person\/68d5a6cc0230290e61235c8379523f52\",\"name\":\"Bienvenu SAVI\",\"image\":{\"@type\":\"ImageObject\",\"inLanguage\":\"fr-FR\",\"@id\":\"https:\/\/228news.tg\/#\/schema\/person\/image\/\",\"url\":\"https:\/\/secure.gravatar.com\/avatar\/9db91895c559e510509c33a3e9683998458e9b828fac36d5d1aa23f0f2fd369b?s=96&d=mm&r=g\",\"contentUrl\":\"https:\/\/secure.gravatar.com\/avatar\/9db91895c559e510509c33a3e9683998458e9b828fac36d5d1aa23f0f2fd369b?s=96&d=mm&r=g\",\"caption\":\"Bienvenu SAVI\"},\"url\":\"https:\/\/228news.tg\/index.php\/author\/bienvenu\/\"}]}<\/script>\n<!-- \/ Yoast SEO plugin. -->","yoast_head_json":{"title":"Redd+: La version 1 de la strat\u00e9gie nationale valid\u00e9e ce vendredi - 228 News","robots":{"index":"index","follow":"follow","max-snippet":"max-snippet:-1","max-image-preview":"max-image-preview:large","max-video-preview":"max-video-preview:-1"},"canonical":"https:\/\/228news.tg\/index.php\/2018\/07\/06\/redd-la-version-1-de-la-strategie-nationale-validee-ce-vendredi-2\/","og_locale":"fr_FR","og_type":"article","og_title":"Redd+: La version 1 de la strat\u00e9gie nationale valid\u00e9e ce vendredi - 228 News","og_description":"\u0398228news (Lom\u00e9, le 06 juillet 2018)- La version 1 de la strat\u00e9gie Redd+ du Togo devrait \u00eatre valid\u00e9e ce vendredi 06 juillet 2018 au terme de l&rsquo;atelier national de validation ouvert par le ministre de l&rsquo;environnement et des ressources foresti\u00e8res, Andr\u00e9 Johnson qui a salu\u00e9 un processus d&rsquo;\u00e9laboration innovant et participatif, impliquant toutes les cat\u00e9gories ... Lire la suite","og_url":"https:\/\/228news.tg\/index.php\/2018\/07\/06\/redd-la-version-1-de-la-strategie-nationale-validee-ce-vendredi-2\/","og_site_name":"228 News","article_published_time":"2018-07-06T10:47:07+00:00","og_image":[{"url":"http:\/\/localhost\/site\/228news\/wp-content\/uploads\/2018\/07\/IMG_20180705_094029-300x225.jpg","type":"","width":"","height":""}],"author":"Bienvenu SAVI","twitter_card":"summary_large_image","twitter_misc":{"\u00c9crit par":"Bienvenu SAVI","Dur\u00e9e de lecture estim\u00e9e":"3 minutes"},"schema":{"@context":"https:\/\/schema.org","@graph":[{"@type":"Article","@id":"https:\/\/228news.tg\/index.php\/2018\/07\/06\/redd-la-version-1-de-la-strategie-nationale-validee-ce-vendredi-2\/#article","isPartOf":{"@id":"https:\/\/228news.tg\/index.php\/2018\/07\/06\/redd-la-version-1-de-la-strategie-nationale-validee-ce-vendredi-2\/"},"author":{"name":"Bienvenu SAVI","@id":"https:\/\/228news.tg\/#\/schema\/person\/68d5a6cc0230290e61235c8379523f52"},"headline":"Redd+: La version 1 de la strat\u00e9gie nationale valid\u00e9e ce vendredi","datePublished":"2018-07-06T10:47:07+00:00","mainEntityOfPage":{"@id":"https:\/\/228news.tg\/index.php\/2018\/07\/06\/redd-la-version-1-de-la-strategie-nationale-validee-ce-vendredi-2\/"},"wordCount":568,"commentCount":0,"publisher":{"@id":"https:\/\/228news.tg\/#organization"},"image":{"@id":"https:\/\/228news.tg\/index.php\/2018\/07\/06\/redd-la-version-1-de-la-strategie-nationale-validee-ce-vendredi-2\/#primaryimage"},"thumbnailUrl":"","articleSection":["DEVELOPPEMENT","Flash","TOGO","Une"],"inLanguage":"fr-FR","potentialAction":[{"@type":"CommentAction","name":"Comment","target":["https:\/\/228news.tg\/index.php\/2018\/07\/06\/redd-la-version-1-de-la-strategie-nationale-validee-ce-vendredi-2\/#respond"]}]},{"@type":"WebPage","@id":"https:\/\/228news.tg\/index.php\/2018\/07\/06\/redd-la-version-1-de-la-strategie-nationale-validee-ce-vendredi-2\/","url":"https:\/\/228news.tg\/index.php\/2018\/07\/06\/redd-la-version-1-de-la-strategie-nationale-validee-ce-vendredi-2\/","name":"Redd+: La version 1 de la strat\u00e9gie nationale valid\u00e9e ce vendredi - 228 News","isPartOf":{"@id":"https:\/\/228news.tg\/#website"},"primaryImageOfPage":{"@id":"https:\/\/228news.tg\/index.php\/2018\/07\/06\/redd-la-version-1-de-la-strategie-nationale-validee-ce-vendredi-2\/#primaryimage"},"image":{"@id":"https:\/\/228news.tg\/index.php\/2018\/07\/06\/redd-la-version-1-de-la-strategie-nationale-validee-ce-vendredi-2\/#primaryimage"},"thumbnailUrl":"","datePublished":"2018-07-06T10:47:07+00:00","breadcrumb":{"@id":"https:\/\/228news.tg\/index.php\/2018\/07\/06\/redd-la-version-1-de-la-strategie-nationale-validee-ce-vendredi-2\/#breadcrumb"},"inLanguage":"fr-FR","potentialAction":[{"@type":"ReadAction","target":["https:\/\/228news.tg\/index.php\/2018\/07\/06\/redd-la-version-1-de-la-strategie-nationale-validee-ce-vendredi-2\/"]}]},{"@type":"ImageObject","inLanguage":"fr-FR","@id":"https:\/\/228news.tg\/index.php\/2018\/07\/06\/redd-la-version-1-de-la-strategie-nationale-validee-ce-vendredi-2\/#primaryimage","url":"","contentUrl":""},{"@type":"BreadcrumbList","@id":"https:\/\/228news.tg\/index.php\/2018\/07\/06\/redd-la-version-1-de-la-strategie-nationale-validee-ce-vendredi-2\/#breadcrumb","itemListElement":[{"@type":"ListItem","position":1,"name":"Home","item":"https:\/\/228news.tg\/"},{"@type":"ListItem","position":2,"name":"Redd+: La version 1 de la strat\u00e9gie nationale valid\u00e9e ce vendredi"}]},{"@type":"WebSite","@id":"https:\/\/228news.tg\/#website","url":"https:\/\/228news.tg\/","name":"228 News","description":"Soci\u00e9t\u00e9 de m\u00e9dias et d\u2019actualit\u00e9s","publisher":{"@id":"https:\/\/228news.tg\/#organization"},"potentialAction":[{"@type":"SearchAction","target":{"@type":"EntryPoint","urlTemplate":"https:\/\/228news.tg\/?s={search_term_string}"},"query-input":{"@type":"PropertyValueSpecification","valueRequired":true,"valueName":"search_term_string"}}],"inLanguage":"fr-FR"},{"@type":"Organization","@id":"https:\/\/228news.tg\/#organization","name":"228 News","url":"https:\/\/228news.tg\/","logo":{"@type":"ImageObject","inLanguage":"fr-FR","@id":"https:\/\/228news.tg\/#\/schema\/logo\/image\/","url":"https:\/\/228news.tg\/wp-content\/uploads\/2024\/09\/logonew.png","contentUrl":"https:\/\/228news.tg\/wp-content\/uploads\/2024\/09\/logonew.png","width":1640,"height":364,"caption":"228 News"},"image":{"@id":"https:\/\/228news.tg\/#\/schema\/logo\/image\/"}},{"@type":"Person","@id":"https:\/\/228news.tg\/#\/schema\/person\/68d5a6cc0230290e61235c8379523f52","name":"Bienvenu SAVI","image":{"@type":"ImageObject","inLanguage":"fr-FR","@id":"https:\/\/228news.tg\/#\/schema\/person\/image\/","url":"https:\/\/secure.gravatar.com\/avatar\/9db91895c559e510509c33a3e9683998458e9b828fac36d5d1aa23f0f2fd369b?s=96&d=mm&r=g","contentUrl":"https:\/\/secure.gravatar.com\/avatar\/9db91895c559e510509c33a3e9683998458e9b828fac36d5d1aa23f0f2fd369b?s=96&d=mm&r=g","caption":"Bienvenu SAVI"},"url":"https:\/\/228news.tg\/index.php\/author\/bienvenu\/"}]}},"jetpack_featured_media_url":"","_links":{"self":[{"href":"https:\/\/228news.tg\/index.php\/wp-json\/wp\/v2\/posts\/14512","targetHints":{"allow":["GET"]}}],"collection":[{"href":"https:\/\/228news.tg\/index.php\/wp-json\/wp\/v2\/posts"}],"about":[{"href":"https:\/\/228news.tg\/index.php\/wp-json\/wp\/v2\/types\/post"}],"author":[{"embeddable":true,"href":"https:\/\/228news.tg\/index.php\/wp-json\/wp\/v2\/users\/2"}],"replies":[{"embeddable":true,"href":"https:\/\/228news.tg\/index.php\/wp-json\/wp\/v2\/comments?post=14512"}],"version-history":[{"count":0,"href":"https:\/\/228news.tg\/index.php\/wp-json\/wp\/v2\/posts\/14512\/revisions"}],"wp:featuredmedia":[{"embeddable":true,"href":"https:\/\/228news.tg\/index.php\/wp-json\/wp\/v2\/posts\/3003"}],"wp:attachment":[{"href":"https:\/\/228news.tg\/index.php\/wp-json\/wp\/v2\/media?parent=14512"}],"wp:term":[{"taxonomy":"category","embeddable":true,"href":"https:\/\/228news.tg\/index.php\/wp-json\/wp\/v2\/categories?post=14512"},{"taxonomy":"post_tag","embeddable":true,"href":"https:\/\/228news.tg\/index.php\/wp-json\/wp\/v2\/tags?post=14512"}],"curies":[{"name":"wp","href":"https:\/\/api.w.org\/{rel}","templated":true}]}}